{"id":1070,"date":"2019-09-24T19:52:42","date_gmt":"2019-09-24T17:52:42","guid":{"rendered":"https:\/\/contrib.city\/?p=1070"},"modified":"2020-04-03T18:25:59","modified_gmt":"2020-04-03T16:25:59","slug":"rejouissance-ironie-et-developpement-durable","status":"publish","type":"post","link":"https:\/\/contrib.city\/index.php\/2019\/09\/24\/rejouissance-ironie-et-developpement-durable\/","title":{"rendered":"BBC et la classe Affaires : r\u00e9jouissance et ironie du d\u00e9veloppement durable"},"content":{"rendered":"<p style=\"text-align: justify;\"><img loading=\"lazy\" decoding=\"async\" class=\"wp-image-111 alignleft\" src=\"http:\/\/bdefoucauld.fr\/wp-content\/uploads\/2019\/06\/bertrand-4.jpg\" alt=\"\" width=\"97\" height=\"126\" srcset=\"https:\/\/contrib.city\/wp-content\/uploads\/2019\/06\/bertrand-4.jpg 253w, https:\/\/contrib.city\/wp-content\/uploads\/2019\/06\/bertrand-4-231x300.jpg 231w\" sizes=\"auto, (max-width: 97px) 100vw, 97px\" \/>La vie r\u00e9v\u00e8le quelque fois des ironies savoureuses et offre ainsi des moments de v\u00e9ritable r\u00e9jouissance. Ainsi, aujourd&#8217;hui, j&#8217;\u00e9coutais un podcast g\u00e9o-\u00e9conomique, via ma radio-Internet, sur la BBC. Le th\u00e8me portait sur &#8211; devinez quoi? &#8211; le d\u00e9veloppement durable, avec un journaliste qui, \u00e0 partir de donn\u00e9es qu&#8217;il avait grappill\u00e9es \u00e7\u00e0 et l\u00e0, pr\u00e9disait l&#8217;apocalypse, ou m\u00eame l&#8217;enfer (le mot fut plusieurs fois utilis\u00e9 dans sa forme latine, <em>inferno<\/em>) pour nos petit-enfants, vers 2100. Bref, nous \u00e9mettions trop de dioxyde de carbone et trop de particules, nous d\u00e9truisions trop vite les r\u00e9cifs coralliens, nous mangions trop de viande et il \u00e9tait grand temps de nous mettre au r\u00e9gime \u00e9cologique, sous peine de nous retrouver dans les flammes de la G\u00e9henne, au sens propre du <em>terme<\/em> (je pourrai m\u00eame, comme nous parlons de chaleur, rajouter un <em>h<\/em>, ce qui donnerait le mot <em>therme<\/em> issu du grec <em>thermos<\/em>, c&#8217;est-\u00e0-dire <em>chaud<\/em>). Et puisque nous parlons de bain public, le journaliste nous pr\u00e9voyait \u00e9galement, d&#8217;ici la fin du si\u00e8cle, une mont\u00e9e des eaux de cinquante m\u00e8tres! Cela me fait fr\u00e9mir, surtout quand je pense que les \u00e9coles primaires ne donnent plus de cours de natation&#8230;<\/p>\n<p style=\"text-align: justify;\">Bien alarm\u00e9 par ces pr\u00e9visions apocalyptiques, je d\u00e9cidai d&#8217;\u00e9couter la publicit\u00e9 que la BBC met, depuis plusieurs semaines, en d\u00e9but de ses \u00e9missions sous format de podcasts adapt\u00e9 au radios wifi : gr\u00e2ce \u00e0 cette excellente station radiophonique, la BBC, je v\u00e9cus un v\u00e9ritable bonheur ironique : la publicit\u00e9, destin\u00e9e \u00e0 une audience fran\u00e7aise, promouvait la classe affaires d&#8217;une grosse compagnie a\u00e9rienne franco-n\u00e9erlandaise. Quoi, pendant une demi-heure, on nous annonce le feu du ciel : le r\u00e9chauffement climatique! La BBC nous programme, pour aujourd&#8217;hui, une conf\u00e9rence d&#8217;une prof de psycho sp\u00e9cialis\u00e9e dans le d\u00e9veloppement durable, et demain celle d&#8217;une prof de morale (si, si, vous avez bien lu)! Et tout cela juste apr\u00e8s nous avoir encourag\u00e9 \u00e0 prendre l&#8217;avion en classe <em>business<\/em>?!<\/p>\n<p style=\"text-align: justify;\">Je remercie encore une fois la BBC de m&#8217;avoir permis de litt\u00e9ralement d\u00e9guster ce moment de rare contradiction, d&#8217;antinomie aussi \u00e9vidente ou, en d&#8217;autre mots, de paradoxe aussi \u00e9clatant, tel un feu d&#8217;artifice, dans nos cieux de plus en plus enflamm\u00e9s.<\/p>\n<p style=\"text-align: justify;\">Alors, bien s\u00fbr, ne me fa\u00eetes pas dire ce que je n&#8217;ai pas dit! Oui, nous assistons \u00e0 un changement climatique, et probablement acc\u00e9l\u00e9r\u00e9. Oui, sur un p\u00e9riode de plusieurs d\u00e9cennies, les courbes moyennes de temp\u00e9rature de Marseille sont devenues celles de Lyon. Oui, Nancy b\u00e9n\u00e9ficiais de plusieurs semaines d&#8217;enneigement dans les ann\u00e9es 1950 alors qu&#8217;aujourd&#8217;hui, c&#8217;est bien le bout du monde s&#8217;il neige, en cumul\u00e9, une semaine par an. Oui, la Mer de Glace risque bien de se transformer en <em>mer<\/em> tout court. En m\u00eame temps, \u00e0 l&#8217;\u00e9poque des dinosaures, le taux de CO<span tabindex=\"0\" lang=\"en\">\u00b2<\/span> dans l&#8217;air \u00e9tait trois fois plus \u00e9lev\u00e9 qu&#8217;aujourd&#8217;hui et le territoire de l&#8217;Ile-de-France vivait sous un climat tropical.&nbsp; Lors de la derni\u00e8re glaciation, qui s&#8217;est termin\u00e9e vers -20.000 av J.C., les glaciers alpins allaient jusqu&#8217;\u00e0 Lyon. Or \u00e0 cette \u00e9poque l&#8217;industrie \u00e9tait encore peu d\u00e9velopp\u00e9e. Plus r\u00e9cemment, je rappelle que Gro\u00ebnland signifie <em>Terre Verte<\/em> et non pas <em>Terre Glac\u00e9e<\/em>. Enfin, il serait int\u00e9ressant combien de tonnes de CO<span tabindex=\"0\" lang=\"en\">\u00b2<\/span> auront \u00e9t\u00e9 \u00e9mis pour organiser ce sommet des Nations Unies.<\/p>\n<p style=\"text-align: justify;\">Des pistes de solution r\u00e9sident dans les nouvelles technologies \u00e9nerg\u00e9tiques, telles que la fusion nucl\u00e9aire, l&#8217;hydrog\u00e8ne via l&#8217;\u00e9olien et le solaire (dans le respect de l&#8217;am\u00e9nagement du territoire terrestre et maritime) et, peut-\u00eatre, dans la fa\u00e7on de montrer sa r\u00e9ussite sociale. Tant que nos chefs d\u2019\u00c9tat ou nos PDG utiliseront, pour leur besoins personnels, des jumbo-jets, ou, pour les plus <em>modestes<\/em>, des avions d&#8217;affaires, \u00e0 partir des a\u00e9roports d&#8217;Orly, du Bourget ou de V\u00e9lizy-Villacoublay, la dynamique donn\u00e9e par nos \u00e9lites sera celle de la corr\u00e9lation entre l&#8217;\u00e9mission de gaz \u00e0 effet de serre et celle de l\u2019ascension sociale<span class=\"footnote_referrer\"><a role=\"button\" tabindex=\"0\" onclick=\"footnote_moveToReference_1070_1('footnote_plugin_reference_1070_1_1');\" onkeypress=\"footnote_moveToReference_1070_1('footnote_plugin_reference_1070_1_1');\" ><sup id=\"footnote_plugin_tooltip_1070_1_1\" class=\"footnote_plugin_tooltip_text\">[1]<\/sup><\/a><span id=\"footnote_plugin_tooltip_text_1070_1_1\" class=\"footnote_tooltip\">\u00e0 nuancer toutefois : les \u00e9missions de CO<span tabindex=\"0\" lang=\"en\">\u00b2<\/span> par le trafic a\u00e9rien mondial sont de l&#8217;ordre de 3% des GES totaux en 2014 mais ce pourcentage pourrait augment\u00e9 avec le tr\u00e8s fort d\u00e9veloppement de la flotte a\u00e9rienne commerciale dans le monde<\/span><\/span><script type=\"text\/javascript\"> jQuery('#footnote_plugin_tooltip_1070_1_1').tooltip({ tip: '#footnote_plugin_tooltip_text_1070_1_1', tipClass: 'footnote_tooltip', effect: 'fade', predelay: 0, fadeInSpeed: 200, delay: 400, fadeOutSpeed: 200, position: 'top right', relative: true, offset: [10, 10], });<\/script>.<\/p>\n<p style=\"text-align: justify;\">Peut-\u00eatre pourrions-nous r\u00eaver que la g\u00e9n\u00e9ration suivante axe plus son bonheur sur l&#8217;\u00eatre que sur l&#8217;avoir, plus sur <em>\u00eatre heureux<\/em> qu&#8217;<em>avoir du plaisir<\/em>, qu&#8217;<em>\u00eatre en relation<\/em> avec ses proches qu&#8217;avoir des <em>likes<\/em> sur les r\u00e9seaux sociaux<span class=\"footnote_referrer\"><a role=\"button\" tabindex=\"0\" onclick=\"footnote_moveToReference_1070_1('footnote_plugin_reference_1070_1_2');\" onkeypress=\"footnote_moveToReference_1070_1('footnote_plugin_reference_1070_1_2');\" ><sup id=\"footnote_plugin_tooltip_1070_1_2\" class=\"footnote_plugin_tooltip_text\">[2]<\/sup><\/a><span id=\"footnote_plugin_tooltip_text_1070_1_2\" class=\"footnote_tooltip\">qui peuvent \u00eatre bien utiles par ailleurs<\/span><\/span><script type=\"text\/javascript\"> jQuery('#footnote_plugin_tooltip_1070_1_2').tooltip({ tip: '#footnote_plugin_tooltip_text_1070_1_2', tipClass: 'footnote_tooltip', effect: 'fade', predelay: 0, fadeInSpeed: 200, delay: 400, fadeOutSpeed: 200, position: 'top right', relative: true, offset: [10, 10], });<\/script><span class=\"footnote_referrer\"><a role=\"button\" tabindex=\"0\" onclick=\"footnote_moveToReference_1070_1('footnote_plugin_reference_1070_1_3');\" onkeypress=\"footnote_moveToReference_1070_1('footnote_plugin_reference_1070_1_3');\" ><sup id=\"footnote_plugin_tooltip_1070_1_3\" class=\"footnote_plugin_tooltip_text\">[3]<\/sup><\/a><span id=\"footnote_plugin_tooltip_text_1070_1_3\" class=\"footnote_tooltip\">DELUZARCHE C\u00e9line, &#8220;Transport et CO<span tabindex=\"0\" lang=\"en\">\u00b2<\/span> : quelle part des \u00e9missions?&#8221;, <em>Futura Plan\u00e8te<\/em>, [2018?], [vu le 24\/09\/2019]. Disponible sur : <a href=\"https:\/\/www.futura-sciences.com\/planete\/questions-reponses\/pollution-transport-co2-part-emissions-1017\/\"><span class=\"footnote_url_wrap\">https:\/\/www.futura-sciences.com\/planete\/questions-reponses\/pollution-transport-co2-part-emissions-1017\/<\/span><\/a><\/span><\/span><script type=\"text\/javascript\"> jQuery('#footnote_plugin_tooltip_1070_1_3').tooltip({ tip: '#footnote_plugin_tooltip_text_1070_1_3', tipClass: 'footnote_tooltip', effect: 'fade', predelay: 0, fadeInSpeed: 200, delay: 400, fadeOutSpeed: 200, position: 'top right', relative: true, offset: [10, 10], });<\/script><span class=\"footnote_referrer\"><a role=\"button\" tabindex=\"0\" onclick=\"footnote_moveToReference_1070_1('footnote_plugin_reference_1070_1_4');\" onkeypress=\"footnote_moveToReference_1070_1('footnote_plugin_reference_1070_1_4');\" ><sup id=\"footnote_plugin_tooltip_1070_1_4\" class=\"footnote_plugin_tooltip_text\">[4]<\/sup><\/a><span id=\"footnote_plugin_tooltip_text_1070_1_4\" class=\"footnote_tooltip\">GRACIA Mathilde, &#8220;Quelles sont les v\u00e9ritables \u00e9missions de CO<span tabindex=\"0\" lang=\"en\">\u00b2<\/span> du trafic a\u00e9rien ?&#8221;, <em>Le Monde<\/em>, le 18 juin 2015. [vu le 24\/09\/2019]. Disponible sur : <a href=\"https:\/\/www.lemonde.fr\/climat\/article\/2015\/06\/18\/l-aviation-civile-en-roue-libre-sur-les-emissions-de-gaz-a-effet-de-serre_4657266_1652612.html\"><span class=\"footnote_url_wrap\">https:\/\/www.lemonde.fr\/climat\/article\/2015\/06\/18\/l-aviation-civile-en-roue-libre-sur-les-emissions-de-gaz-a-effet-de-serre_4657266_1652612.html<\/span><\/a><\/span><\/span><script type=\"text\/javascript\"> jQuery('#footnote_plugin_tooltip_1070_1_4').tooltip({ tip: '#footnote_plugin_tooltip_text_1070_1_4', tipClass: 'footnote_tooltip', effect: 'fade', predelay: 0, fadeInSpeed: 200, delay: 400, fadeOutSpeed: 200, position: 'top right', relative: true, offset: [10, 10], });<\/script>.<\/p>\n<p style=\"text-align: justify;\">(photos de couverture : for\u00eat de Versailles, au nord de Jouy-en-Josas, et autoroute A86, entre Jouy-en-Josas et V\u00e9lizy-Villacoublay, Ile-de-France. BdF, le 24 septembre 2019).<\/p>\n<p>[mapsmarker marker=&#8221;29&#8243;]<\/p>\n<h1 class=\"article__title\">&nbsp;<\/h1>\n<div class=\"speaker-mute footnotes_reference_container\"> <div class=\"footnote_container_prepare\"><p><span role=\"button\" tabindex=\"0\" class=\"footnote_reference_container_label pointer\" onclick=\"footnote_expand_collapse_reference_container_1070_1();\">R\u00e9f\u00e9rences<\/span><span role=\"button\" tabindex=\"0\" class=\"footnote_reference_container_collapse_button\" style=\"\" onclick=\"footnote_expand_collapse_reference_container_1070_1();\">[<a id=\"footnote_reference_container_collapse_button_1070_1\">+<\/a>]<\/span><\/p><\/div> <div id=\"footnote_references_container_1070_1\" style=\"display: none;\"><table class=\"footnotes_table footnote-reference-container\"><caption class=\"accessibility\">R\u00e9f\u00e9rences<\/caption> <tbody> \r\n\r\n<tr class=\"footnotes_plugin_reference_row\"> <th scope=\"row\" class=\"footnote_plugin_index_combi pointer\"  onclick=\"footnote_moveToAnchor_1070_1('footnote_plugin_tooltip_1070_1_1');\"><a id=\"footnote_plugin_reference_1070_1_1\" class=\"footnote_backlink\"><span class=\"footnote_index_arrow\">&#8593;<\/span>1<\/a><\/th> <td class=\"footnote_plugin_text\">\u00e0 nuancer toutefois : les \u00e9missions de CO<span tabindex=\"0\" lang=\"en\">\u00b2<\/span> par le trafic a\u00e9rien mondial sont de l&#8217;ordre de 3% des GES totaux en 2014 mais ce pourcentage pourrait augment\u00e9 avec le tr\u00e8s fort d\u00e9veloppement de la flotte a\u00e9rienne commerciale dans le monde<\/td><\/tr>\r\n\r\n<tr class=\"footnotes_plugin_reference_row\"> <th scope=\"row\" class=\"footnote_plugin_index_combi pointer\"  onclick=\"footnote_moveToAnchor_1070_1('footnote_plugin_tooltip_1070_1_2');\"><a id=\"footnote_plugin_reference_1070_1_2\" class=\"footnote_backlink\"><span class=\"footnote_index_arrow\">&#8593;<\/span>2<\/a><\/th> <td class=\"footnote_plugin_text\">qui peuvent \u00eatre bien utiles par ailleurs<\/td><\/tr>\r\n\r\n<tr class=\"footnotes_plugin_reference_row\"> <th scope=\"row\" class=\"footnote_plugin_index_combi pointer\"  onclick=\"footnote_moveToAnchor_1070_1('footnote_plugin_tooltip_1070_1_3');\"><a id=\"footnote_plugin_reference_1070_1_3\" class=\"footnote_backlink\"><span class=\"footnote_index_arrow\">&#8593;<\/span>3<\/a><\/th> <td class=\"footnote_plugin_text\">DELUZARCHE C\u00e9line, &#8220;Transport et CO<span tabindex=\"0\" lang=\"en\">\u00b2<\/span> : quelle part des \u00e9missions?&#8221;, <em>Futura Plan\u00e8te<\/em>, [2018?], [vu le 24\/09\/2019]. Disponible sur : <a href=\"https:\/\/www.futura-sciences.com\/planete\/questions-reponses\/pollution-transport-co2-part-emissions-1017\/\"><span class=\"footnote_url_wrap\">https:\/\/www.futura-sciences.com\/planete\/questions-reponses\/pollution-transport-co2-part-emissions-1017\/<\/span><\/a><\/td><\/tr>\r\n\r\n<tr class=\"footnotes_plugin_reference_row\"> <th scope=\"row\" class=\"footnote_plugin_index_combi pointer\"  onclick=\"footnote_moveToAnchor_1070_1('footnote_plugin_tooltip_1070_1_4');\"><a id=\"footnote_plugin_reference_1070_1_4\" class=\"footnote_backlink\"><span class=\"footnote_index_arrow\">&#8593;<\/span>4<\/a><\/th> <td class=\"footnote_plugin_text\">GRACIA Mathilde, &#8220;Quelles sont les v\u00e9ritables \u00e9missions de CO<span tabindex=\"0\" lang=\"en\">\u00b2<\/span> du trafic a\u00e9rien ?&#8221;, <em>Le Monde<\/em>, le 18 juin 2015. [vu le 24\/09\/2019]. Disponible sur : <a href=\"https:\/\/www.lemonde.fr\/climat\/article\/2015\/06\/18\/l-aviation-civile-en-roue-libre-sur-les-emissions-de-gaz-a-effet-de-serre_4657266_1652612.html\"><span class=\"footnote_url_wrap\">https:\/\/www.lemonde.fr\/climat\/article\/2015\/06\/18\/l-aviation-civile-en-roue-libre-sur-les-emissions-de-gaz-a-effet-de-serre_4657266_1652612.html<\/span><\/a><\/td><\/tr>\r\n\r\n <\/tbody> <\/table> <\/div><\/div><script type=\"text\/javascript\"> function footnote_expand_reference_container_1070_1() { jQuery('#footnote_references_container_1070_1').show(); jQuery('#footnote_reference_container_collapse_button_1070_1').text('\u2212'); } function footnote_collapse_reference_container_1070_1() { jQuery('#footnote_references_container_1070_1').hide(); jQuery('#footnote_reference_container_collapse_button_1070_1').text('+'); } function footnote_expand_collapse_reference_container_1070_1() { if (jQuery('#footnote_references_container_1070_1').is(':hidden')) { footnote_expand_reference_container_1070_1(); } else { footnote_collapse_reference_container_1070_1(); } } function footnote_moveToReference_1070_1(p_str_TargetID) { footnote_expand_reference_container_1070_1(); var l_obj_Target = jQuery('#' + p_str_TargetID); if (l_obj_Target.length) { jQuery( 'html, body' ).delay( 0 ); jQuery('html, body').animate({ scrollTop: l_obj_Target.offset().top - window.innerHeight * 0.2 }, 380); } } function footnote_moveToAnchor_1070_1(p_str_TargetID) { footnote_expand_reference_container_1070_1(); var l_obj_Target = jQuery('#' + p_str_TargetID); if (l_obj_Target.length) { jQuery( 'html, body' ).delay( 0 ); jQuery('html, body').animate({ scrollTop: l_obj_Target.offset().top - window.innerHeight * 0.2 }, 380); } }<\/script>","protected":false},"excerpt":{"rendered":"<p>La vie r\u00e9v\u00e8le quelque fois des ironies savoureuses et offre ainsi des moments de v\u00e9ritable r\u00e9jouissance. Ainsi, aujourd&#8217;hui, j&#8217;\u00e9coutais un<\/p>\n","protected":false},"author":1,"featured_media":1085,"comment_status":"open","ping_status":"closed","sticky":false,"template":"","format":"standard","meta":{"_acf_changed":false,"inline_featured_image":false,"_exactmetrics_skip_tracking":false,"_exactmetrics_sitenote_active":false,"_exactmetrics_sitenote_note":"","_exactmetrics_sitenote_category":0,"ngg_post_thumbnail":0,"_jetpack_memberships_contains_paid_content":false,"footnotes":""},"categories":[4,5],"tags":[],"class_list":["post-1070","post","type-post","status-publish","format-standard","has-post-thumbnail","hentry","category-environnement_fr","category-urbanisme_fr"],"acf":[],"yoast_head":"<!-- This site is optimized with the Yoast SEO plugin v27.2 - https:\/\/yoast.com\/product\/yoast-seo-wordpress\/ -->\n<title>BBC et la classe Affaires : r\u00e9jouissance et ironie du d\u00e9veloppement durable - ContribCity<\/title>\n<meta name=\"robots\" content=\"index, follow, max-snippet:-1, max-image-preview:large, max-video-preview:-1\" \/>\n<link rel=\"canonical\" href=\"https:\/\/contrib.city\/index.php\/2019\/09\/24\/rejouissance-ironie-et-developpement-durable\/\" \/>\n<meta property=\"og:locale\" content=\"fr_FR\" \/>\n<meta property=\"og:type\" content=\"article\" \/>\n<meta property=\"og:title\" content=\"BBC et la classe Affaires : r\u00e9jouissance et ironie du d\u00e9veloppement durable - ContribCity\" \/>\n<meta property=\"og:description\" content=\"La vie r\u00e9v\u00e8le quelque fois des ironies savoureuses et offre ainsi des moments de v\u00e9ritable r\u00e9jouissance. Ainsi, aujourd&#8217;hui, j&#8217;\u00e9coutais un\" \/>\n<meta property=\"og:url\" content=\"https:\/\/contrib.city\/index.php\/2019\/09\/24\/rejouissance-ironie-et-developpement-durable\/\" \/>\n<meta property=\"og:site_name\" content=\"ContribCity\" \/>\n<meta property=\"article:published_time\" content=\"2019-09-24T17:52:42+00:00\" \/>\n<meta property=\"article:modified_time\" content=\"2020-04-03T16:25:59+00:00\" \/>\n<meta property=\"og:image\" content=\"https:\/\/contrib.city\/wp-content\/uploads\/2019\/09\/Photo-de-couverture-4.jpg\" \/>\n\t<meta property=\"og:image:width\" content=\"3109\" \/>\n\t<meta property=\"og:image:height\" content=\"1725\" \/>\n\t<meta property=\"og:image:type\" content=\"image\/jpeg\" \/>\n<meta name=\"author\" content=\"Bertrand de Foucauld\" \/>\n<meta name=\"twitter:card\" content=\"summary_large_image\" \/>\n<meta name=\"twitter:label1\" content=\"\u00c9crit par\" \/>\n\t<meta name=\"twitter:data1\" content=\"Bertrand de Foucauld\" \/>\n\t<meta name=\"twitter:label2\" content=\"Dur\u00e9e de lecture estim\u00e9e\" \/>\n\t<meta name=\"twitter:data2\" content=\"4 minutes\" \/>\n<script type=\"application\/ld+json\" class=\"yoast-schema-graph\">{\"@context\":\"https:\/\/schema.org\",\"@graph\":[{\"@type\":\"Article\",\"@id\":\"https:\/\/contrib.city\/index.php\/2019\/09\/24\/rejouissance-ironie-et-developpement-durable\/#article\",\"isPartOf\":{\"@id\":\"https:\/\/contrib.city\/index.php\/2019\/09\/24\/rejouissance-ironie-et-developpement-durable\/\"},\"author\":{\"name\":\"Bertrand de Foucauld\",\"@id\":\"https:\/\/contrib.city\/#\/schema\/person\/ec389c5a78a37ccaee4e8ce098099db5\"},\"headline\":\"BBC et la classe Affaires : r\u00e9jouissance et ironie du d\u00e9veloppement durable\",\"datePublished\":\"2019-09-24T17:52:42+00:00\",\"dateModified\":\"2020-04-03T16:25:59+00:00\",\"mainEntityOfPage\":{\"@id\":\"https:\/\/contrib.city\/index.php\/2019\/09\/24\/rejouissance-ironie-et-developpement-durable\/\"},\"wordCount\":912,\"commentCount\":0,\"publisher\":{\"@id\":\"https:\/\/contrib.city\/#organization\"},\"image\":{\"@id\":\"https:\/\/contrib.city\/index.php\/2019\/09\/24\/rejouissance-ironie-et-developpement-durable\/#primaryimage\"},\"thumbnailUrl\":\"https:\/\/contrib.city\/wp-content\/uploads\/2019\/09\/Photo-de-couverture-4.jpg\",\"articleSection\":[\"Environnement\",\"Urbanisme\"],\"inLanguage\":\"fr-FR\",\"potentialAction\":[{\"@type\":\"CommentAction\",\"name\":\"Comment\",\"target\":[\"https:\/\/contrib.city\/index.php\/2019\/09\/24\/rejouissance-ironie-et-developpement-durable\/#respond\"]}]},{\"@type\":\"WebPage\",\"@id\":\"https:\/\/contrib.city\/index.php\/2019\/09\/24\/rejouissance-ironie-et-developpement-durable\/\",\"url\":\"https:\/\/contrib.city\/index.php\/2019\/09\/24\/rejouissance-ironie-et-developpement-durable\/\",\"name\":\"BBC et la classe Affaires : r\u00e9jouissance et ironie du d\u00e9veloppement durable - ContribCity\",\"isPartOf\":{\"@id\":\"https:\/\/contrib.city\/#website\"},\"primaryImageOfPage\":{\"@id\":\"https:\/\/contrib.city\/index.php\/2019\/09\/24\/rejouissance-ironie-et-developpement-durable\/#primaryimage\"},\"image\":{\"@id\":\"https:\/\/contrib.city\/index.php\/2019\/09\/24\/rejouissance-ironie-et-developpement-durable\/#primaryimage\"},\"thumbnailUrl\":\"https:\/\/contrib.city\/wp-content\/uploads\/2019\/09\/Photo-de-couverture-4.jpg\",\"datePublished\":\"2019-09-24T17:52:42+00:00\",\"dateModified\":\"2020-04-03T16:25:59+00:00\",\"breadcrumb\":{\"@id\":\"https:\/\/contrib.city\/index.php\/2019\/09\/24\/rejouissance-ironie-et-developpement-durable\/#breadcrumb\"},\"inLanguage\":\"fr-FR\",\"potentialAction\":[{\"@type\":\"ReadAction\",\"target\":[\"https:\/\/contrib.city\/index.php\/2019\/09\/24\/rejouissance-ironie-et-developpement-durable\/\"]}]},{\"@type\":\"ImageObject\",\"inLanguage\":\"fr-FR\",\"@id\":\"https:\/\/contrib.city\/index.php\/2019\/09\/24\/rejouissance-ironie-et-developpement-durable\/#primaryimage\",\"url\":\"https:\/\/contrib.city\/wp-content\/uploads\/2019\/09\/Photo-de-couverture-4.jpg\",\"contentUrl\":\"https:\/\/contrib.city\/wp-content\/uploads\/2019\/09\/Photo-de-couverture-4.jpg\",\"width\":3109,\"height\":1725},{\"@type\":\"BreadcrumbList\",\"@id\":\"https:\/\/contrib.city\/index.php\/2019\/09\/24\/rejouissance-ironie-et-developpement-durable\/#breadcrumb\",\"itemListElement\":[{\"@type\":\"ListItem\",\"position\":1,\"name\":\"Home\",\"item\":\"https:\/\/contrib.city\/\"},{\"@type\":\"ListItem\",\"position\":2,\"name\":\"BBC et la classe Affaires : r\u00e9jouissance et ironie du d\u00e9veloppement durable\"}]},{\"@type\":\"WebSite\",\"@id\":\"https:\/\/contrib.city\/#website\",\"url\":\"https:\/\/contrib.city\/\",\"name\":\"ContribCity\",\"description\":\"Parlons de nos lieux de vie\",\"publisher\":{\"@id\":\"https:\/\/contrib.city\/#organization\"},\"potentialAction\":[{\"@type\":\"SearchAction\",\"target\":{\"@type\":\"EntryPoint\",\"urlTemplate\":\"https:\/\/contrib.city\/?s={search_term_string}\"},\"query-input\":{\"@type\":\"PropertyValueSpecification\",\"valueRequired\":true,\"valueName\":\"search_term_string\"}}],\"inLanguage\":\"fr-FR\"},{\"@type\":\"Organization\",\"@id\":\"https:\/\/contrib.city\/#organization\",\"name\":\"ContribCity\",\"url\":\"https:\/\/contrib.city\/\",\"logo\":{\"@type\":\"ImageObject\",\"inLanguage\":\"fr-FR\",\"@id\":\"https:\/\/contrib.city\/#\/schema\/logo\/image\/\",\"url\":\"https:\/\/contrib.city\/wp-content\/uploads\/2020\/01\/cropped-Parlons-de-nos-lieux-de-vie-2.jpg\",\"contentUrl\":\"https:\/\/contrib.city\/wp-content\/uploads\/2020\/01\/cropped-Parlons-de-nos-lieux-de-vie-2.jpg\",\"width\":1133,\"height\":218,\"caption\":\"ContribCity\"},\"image\":{\"@id\":\"https:\/\/contrib.city\/#\/schema\/logo\/image\/\"}},{\"@type\":\"Person\",\"@id\":\"https:\/\/contrib.city\/#\/schema\/person\/ec389c5a78a37ccaee4e8ce098099db5\",\"name\":\"Bertrand de Foucauld\",\"image\":{\"@type\":\"ImageObject\",\"inLanguage\":\"fr-FR\",\"@id\":\"https:\/\/secure.gravatar.com\/avatar\/c49e25550e4609092f7a00fb677a980813788778df987b36cad9b0fc85a8bf73?s=96&d=mm&r=g\",\"url\":\"https:\/\/secure.gravatar.com\/avatar\/c49e25550e4609092f7a00fb677a980813788778df987b36cad9b0fc85a8bf73?s=96&d=mm&r=g\",\"contentUrl\":\"https:\/\/secure.gravatar.com\/avatar\/c49e25550e4609092f7a00fb677a980813788778df987b36cad9b0fc85a8bf73?s=96&d=mm&r=g\",\"caption\":\"Bertrand de Foucauld\"},\"url\":\"https:\/\/contrib.city\/index.php\/author\/bertrand\/\"}]}<\/script>\n<!-- \/ Yoast SEO plugin. -->","yoast_head_json":{"title":"BBC et la classe Affaires : r\u00e9jouissance et ironie du d\u00e9veloppement durable - ContribCity","robots":{"index":"index","follow":"follow","max-snippet":"max-snippet:-1","max-image-preview":"max-image-preview:large","max-video-preview":"max-video-preview:-1"},"canonical":"https:\/\/contrib.city\/index.php\/2019\/09\/24\/rejouissance-ironie-et-developpement-durable\/","og_locale":"fr_FR","og_type":"article","og_title":"BBC et la classe Affaires : r\u00e9jouissance et ironie du d\u00e9veloppement durable - ContribCity","og_description":"La vie r\u00e9v\u00e8le quelque fois des ironies savoureuses et offre ainsi des moments de v\u00e9ritable r\u00e9jouissance. Ainsi, aujourd&#8217;hui, j&#8217;\u00e9coutais un","og_url":"https:\/\/contrib.city\/index.php\/2019\/09\/24\/rejouissance-ironie-et-developpement-durable\/","og_site_name":"ContribCity","article_published_time":"2019-09-24T17:52:42+00:00","article_modified_time":"2020-04-03T16:25:59+00:00","og_image":[{"width":3109,"height":1725,"url":"https:\/\/contrib.city\/wp-content\/uploads\/2019\/09\/Photo-de-couverture-4.jpg","type":"image\/jpeg"}],"author":"Bertrand de Foucauld","twitter_card":"summary_large_image","twitter_misc":{"\u00c9crit par":"Bertrand de Foucauld","Dur\u00e9e de lecture estim\u00e9e":"4 minutes"},"schema":{"@context":"https:\/\/schema.org","@graph":[{"@type":"Article","@id":"https:\/\/contrib.city\/index.php\/2019\/09\/24\/rejouissance-ironie-et-developpement-durable\/#article","isPartOf":{"@id":"https:\/\/contrib.city\/index.php\/2019\/09\/24\/rejouissance-ironie-et-developpement-durable\/"},"author":{"name":"Bertrand de Foucauld","@id":"https:\/\/contrib.city\/#\/schema\/person\/ec389c5a78a37ccaee4e8ce098099db5"},"headline":"BBC et la classe Affaires : r\u00e9jouissance et ironie du d\u00e9veloppement durable","datePublished":"2019-09-24T17:52:42+00:00","dateModified":"2020-04-03T16:25:59+00:00","mainEntityOfPage":{"@id":"https:\/\/contrib.city\/index.php\/2019\/09\/24\/rejouissance-ironie-et-developpement-durable\/"},"wordCount":912,"commentCount":0,"publisher":{"@id":"https:\/\/contrib.city\/#organization"},"image":{"@id":"https:\/\/contrib.city\/index.php\/2019\/09\/24\/rejouissance-ironie-et-developpement-durable\/#primaryimage"},"thumbnailUrl":"https:\/\/contrib.city\/wp-content\/uploads\/2019\/09\/Photo-de-couverture-4.jpg","articleSection":["Environnement","Urbanisme"],"inLanguage":"fr-FR","potentialAction":[{"@type":"CommentAction","name":"Comment","target":["https:\/\/contrib.city\/index.php\/2019\/09\/24\/rejouissance-ironie-et-developpement-durable\/#respond"]}]},{"@type":"WebPage","@id":"https:\/\/contrib.city\/index.php\/2019\/09\/24\/rejouissance-ironie-et-developpement-durable\/","url":"https:\/\/contrib.city\/index.php\/2019\/09\/24\/rejouissance-ironie-et-developpement-durable\/","name":"BBC et la classe Affaires : r\u00e9jouissance et ironie du d\u00e9veloppement durable - ContribCity","isPartOf":{"@id":"https:\/\/contrib.city\/#website"},"primaryImageOfPage":{"@id":"https:\/\/contrib.city\/index.php\/2019\/09\/24\/rejouissance-ironie-et-developpement-durable\/#primaryimage"},"image":{"@id":"https:\/\/contrib.city\/index.php\/2019\/09\/24\/rejouissance-ironie-et-developpement-durable\/#primaryimage"},"thumbnailUrl":"https:\/\/contrib.city\/wp-content\/uploads\/2019\/09\/Photo-de-couverture-4.jpg","datePublished":"2019-09-24T17:52:42+00:00","dateModified":"2020-04-03T16:25:59+00:00","breadcrumb":{"@id":"https:\/\/contrib.city\/index.php\/2019\/09\/24\/rejouissance-ironie-et-developpement-durable\/#breadcrumb"},"inLanguage":"fr-FR","potentialAction":[{"@type":"ReadAction","target":["https:\/\/contrib.city\/index.php\/2019\/09\/24\/rejouissance-ironie-et-developpement-durable\/"]}]},{"@type":"ImageObject","inLanguage":"fr-FR","@id":"https:\/\/contrib.city\/index.php\/2019\/09\/24\/rejouissance-ironie-et-developpement-durable\/#primaryimage","url":"https:\/\/contrib.city\/wp-content\/uploads\/2019\/09\/Photo-de-couverture-4.jpg","contentUrl":"https:\/\/contrib.city\/wp-content\/uploads\/2019\/09\/Photo-de-couverture-4.jpg","width":3109,"height":1725},{"@type":"BreadcrumbList","@id":"https:\/\/contrib.city\/index.php\/2019\/09\/24\/rejouissance-ironie-et-developpement-durable\/#breadcrumb","itemListElement":[{"@type":"ListItem","position":1,"name":"Home","item":"https:\/\/contrib.city\/"},{"@type":"ListItem","position":2,"name":"BBC et la classe Affaires : r\u00e9jouissance et ironie du d\u00e9veloppement durable"}]},{"@type":"WebSite","@id":"https:\/\/contrib.city\/#website","url":"https:\/\/contrib.city\/","name":"ContribCity","description":"Parlons de nos lieux de vie","publisher":{"@id":"https:\/\/contrib.city\/#organization"},"potentialAction":[{"@type":"SearchAction","target":{"@type":"EntryPoint","urlTemplate":"https:\/\/contrib.city\/?s={search_term_string}"},"query-input":{"@type":"PropertyValueSpecification","valueRequired":true,"valueName":"search_term_string"}}],"inLanguage":"fr-FR"},{"@type":"Organization","@id":"https:\/\/contrib.city\/#organization","name":"ContribCity","url":"https:\/\/contrib.city\/","logo":{"@type":"ImageObject","inLanguage":"fr-FR","@id":"https:\/\/contrib.city\/#\/schema\/logo\/image\/","url":"https:\/\/contrib.city\/wp-content\/uploads\/2020\/01\/cropped-Parlons-de-nos-lieux-de-vie-2.jpg","contentUrl":"https:\/\/contrib.city\/wp-content\/uploads\/2020\/01\/cropped-Parlons-de-nos-lieux-de-vie-2.jpg","width":1133,"height":218,"caption":"ContribCity"},"image":{"@id":"https:\/\/contrib.city\/#\/schema\/logo\/image\/"}},{"@type":"Person","@id":"https:\/\/contrib.city\/#\/schema\/person\/ec389c5a78a37ccaee4e8ce098099db5","name":"Bertrand de Foucauld","image":{"@type":"ImageObject","inLanguage":"fr-FR","@id":"https:\/\/secure.gravatar.com\/avatar\/c49e25550e4609092f7a00fb677a980813788778df987b36cad9b0fc85a8bf73?s=96&d=mm&r=g","url":"https:\/\/secure.gravatar.com\/avatar\/c49e25550e4609092f7a00fb677a980813788778df987b36cad9b0fc85a8bf73?s=96&d=mm&r=g","contentUrl":"https:\/\/secure.gravatar.com\/avatar\/c49e25550e4609092f7a00fb677a980813788778df987b36cad9b0fc85a8bf73?s=96&d=mm&r=g","caption":"Bertrand de Foucauld"},"url":"https:\/\/contrib.city\/index.php\/author\/bertrand\/"}]}},"jetpack_featured_media_url":"https:\/\/contrib.city\/wp-content\/uploads\/2019\/09\/Photo-de-couverture-4.jpg","jetpack_sharing_enabled":true,"post_mailing_queue_ids":[],"_links":{"self":[{"href":"https:\/\/contrib.city\/index.php\/wp-json\/wp\/v2\/posts\/1070","targetHints":{"allow":["GET"]}}],"collection":[{"href":"https:\/\/contrib.city\/index.php\/wp-json\/wp\/v2\/posts"}],"about":[{"href":"https:\/\/contrib.city\/index.php\/wp-json\/wp\/v2\/types\/post"}],"author":[{"embeddable":true,"href":"https:\/\/contrib.city\/index.php\/wp-json\/wp\/v2\/users\/1"}],"replies":[{"embeddable":true,"href":"https:\/\/contrib.city\/index.php\/wp-json\/wp\/v2\/comments?post=1070"}],"version-history":[{"count":18,"href":"https:\/\/contrib.city\/index.php\/wp-json\/wp\/v2\/posts\/1070\/revisions"}],"predecessor-version":[{"id":2915,"href":"https:\/\/contrib.city\/index.php\/wp-json\/wp\/v2\/posts\/1070\/revisions\/2915"}],"wp:featuredmedia":[{"embeddable":true,"href":"https:\/\/contrib.city\/index.php\/wp-json\/wp\/v2\/media\/1085"}],"wp:attachment":[{"href":"https:\/\/contrib.city\/index.php\/wp-json\/wp\/v2\/media?parent=1070"}],"wp:term":[{"taxonomy":"category","embeddable":true,"href":"https:\/\/contrib.city\/index.php\/wp-json\/wp\/v2\/categories?post=1070"},{"taxonomy":"post_tag","embeddable":true,"href":"https:\/\/contrib.city\/index.php\/wp-json\/wp\/v2\/tags?post=1070"}],"curies":[{"name":"wp","href":"https:\/\/api.w.org\/{rel}","templated":true}]}}