{"id":1416,"date":"2020-01-03T15:25:48","date_gmt":"2020-01-03T14:25:48","guid":{"rendered":"https:\/\/contrib.city\/?p=1416"},"modified":"2020-04-01T22:31:00","modified_gmt":"2020-04-01T20:31:00","slug":"reverie-by-the-garonne-river","status":"publish","type":"post","link":"https:\/\/contrib.city\/index.php\/en\/2020\/01\/03\/reverie-by-the-garonne-river\/","title":{"rendered":"Reverie by the Garonne River"},"content":{"rendered":"<p>To J. &amp; L.<\/p>\n<p style=\"text-align: justify;\">Little by little, I am beginning to enter into the beauty of the world, at the same time so obvious and so tenderly hidden, at the bottom of the landscapes, in the heart of the cities, in the depths of our souls. A living beauty that emanates from our bodies, our minds, from ourselves, and that shines up to the sky.<\/p>\n<p style=\"text-align: justify;\">A happiness, source of delight, an inner happiness, which springs from our forests, our fields, our rivers, our shores, our streets, our buildings, our movements and our exchanges. A sweetness, a deep peace that sweats from Creation and from our constructions, from our plannings, from our works, from our co-creation. A majestic and human beauty at the same time. The vertical magnificence of the St Andr\u00e9&#8217;s cathedral which spreads horizontally over the centuries<span class=\"footnote_referrer\"><a role=\"button\" tabindex=\"0\" onclick=\"footnote_moveToReference_1416_1('footnote_plugin_reference_1416_1_1');\" onkeypress=\"footnote_moveToReference_1416_1('footnote_plugin_reference_1416_1_1');\" ><sup id=\"footnote_plugin_tooltip_1416_1_1\" class=\"footnote_plugin_tooltip_text\">[1]<\/sup><\/a><span id=\"footnote_plugin_tooltip_text_1416_1_1\" class=\"footnote_tooltip\">The construction of the St Andr\u00e9&#8217;s cathedral spans a period which goes from the 12th to the 16th century.<\/span><\/span><script type=\"text\/javascript\"> jQuery('#footnote_plugin_tooltip_1416_1_1').tooltip({ tip: '#footnote_plugin_tooltip_text_1416_1_1', tipClass: 'footnote_tooltip', effect: 'fade', predelay: 0, fadeInSpeed: 200, delay: 400, fadeOutSpeed: 200, position: 'top right', relative: true, offset: [10, 10], });<\/script> and which gives birth to the Bordeaux old streets which are surrounded by the lovely XVIIIth Century classic architecture mansions, most of them restored in the last thirty years.<\/p>\n<p style=\"text-align: justify;\">And the Garonne river cuddles gently and at length the city, bathes it in light with its beautiful aquatic mirror which reflects the facades of the Place de la Bourse.<\/p>\n<p style=\"text-align: justify;\">Bordeaux! A three-dimensional, majestic and intimate city, resplendent with its cream-colored stones, framed in its old patios, not always renovated but all the time favourable to lovers&#8217; kisses and poets&#8217; dreams.<\/p>\n<p><img loading=\"lazy\" decoding=\"async\" class=\"wp-image-1385 size-large aligncenter\" src=\"https:\/\/contrib.city\/wp-content\/uploads\/2020\/01\/DSC01245-1024x768.jpg\" alt=\"\" width=\"800\" height=\"600\" srcset=\"https:\/\/contrib.city\/wp-content\/uploads\/2020\/01\/DSC01245-1024x768.jpg 1024w, https:\/\/contrib.city\/wp-content\/uploads\/2020\/01\/DSC01245-300x225.jpg 300w, https:\/\/contrib.city\/wp-content\/uploads\/2020\/01\/DSC01245-768x576.jpg 768w\" sizes=\"auto, (max-width: 800px) 100vw, 800px\" \/><\/p>\n<p><img loading=\"lazy\" decoding=\"async\" class=\"aligncenter wp-image-1372 size-large\" src=\"https:\/\/contrib.city\/wp-content\/uploads\/2020\/01\/Entr\u00e9e-dun-cours-985x1024.jpg\" alt=\"\" width=\"800\" height=\"832\" srcset=\"https:\/\/contrib.city\/wp-content\/uploads\/2020\/01\/Entr\u00e9e-dun-cours-985x1024.jpg 985w, https:\/\/contrib.city\/wp-content\/uploads\/2020\/01\/Entr\u00e9e-dun-cours-288x300.jpg 288w, https:\/\/contrib.city\/wp-content\/uploads\/2020\/01\/Entr\u00e9e-dun-cours-768x799.jpg 768w\" sizes=\"auto, (max-width: 800px) 100vw, 800px\" \/><\/p>\n<figure id=\"attachment_1388\" aria-describedby=\"caption-attachment-1388\" style=\"width: 800px\" class=\"wp-caption aligncenter\"><img loading=\"lazy\" decoding=\"async\" class=\"wp-image-1388 size-large\" src=\"https:\/\/contrib.city\/wp-content\/uploads\/2020\/01\/DSC01313-1024x768.jpg\" alt=\"\" width=\"800\" height=\"600\" srcset=\"https:\/\/contrib.city\/wp-content\/uploads\/2020\/01\/DSC01313-1024x768.jpg 1024w, https:\/\/contrib.city\/wp-content\/uploads\/2020\/01\/DSC01313-300x225.jpg 300w, https:\/\/contrib.city\/wp-content\/uploads\/2020\/01\/DSC01313-768x576.jpg 768w\" sizes=\"auto, (max-width: 800px) 100vw, 800px\" \/><figcaption id=\"caption-attachment-1388\" class=\"wp-caption-text\">On the Garonne river, between the <em>Aquitaine<\/em> and <em>Chaban-Delmas<\/em> bridges.<\/figcaption><\/figure>\n<p>[mapsmarker marker=&#8221;26&#8243;]<\/p>\n<div class=\"speaker-mute footnotes_reference_container\"> <div class=\"footnote_container_prepare\"><p><span role=\"button\" tabindex=\"0\" class=\"footnote_reference_container_label pointer\" onclick=\"footnote_expand_collapse_reference_container_1416_1();\">R\u00e9f\u00e9rences<\/span><span role=\"button\" tabindex=\"0\" class=\"footnote_reference_container_collapse_button\" style=\"\" onclick=\"footnote_expand_collapse_reference_container_1416_1();\">[<a id=\"footnote_reference_container_collapse_button_1416_1\">+<\/a>]<\/span><\/p><\/div> <div id=\"footnote_references_container_1416_1\" style=\"display: none;\"><table class=\"footnotes_table footnote-reference-container\"><caption class=\"accessibility\">R\u00e9f\u00e9rences<\/caption> <tbody> \r\n\r\n<tr class=\"footnotes_plugin_reference_row\"> <th scope=\"row\" class=\"footnote_plugin_index_combi pointer\"  onclick=\"footnote_moveToAnchor_1416_1('footnote_plugin_tooltip_1416_1_1');\"><a id=\"footnote_plugin_reference_1416_1_1\" class=\"footnote_backlink\"><span class=\"footnote_index_arrow\">&#8593;<\/span>1<\/a><\/th> <td class=\"footnote_plugin_text\">The construction of the St Andr\u00e9&#8217;s cathedral spans a period which goes from the 12th to the 16th century.<\/td><\/tr>\r\n\r\n <\/tbody> <\/table> <\/div><\/div><script type=\"text\/javascript\"> function footnote_expand_reference_container_1416_1() { jQuery('#footnote_references_container_1416_1').show(); jQuery('#footnote_reference_container_collapse_button_1416_1').text('\u2212'); } function footnote_collapse_reference_container_1416_1() { jQuery('#footnote_references_container_1416_1').hide(); jQuery('#footnote_reference_container_collapse_button_1416_1').text('+'); } function footnote_expand_collapse_reference_container_1416_1() { if (jQuery('#footnote_references_container_1416_1').is(':hidden')) { footnote_expand_reference_container_1416_1(); } else { footnote_collapse_reference_container_1416_1(); } } function footnote_moveToReference_1416_1(p_str_TargetID) { footnote_expand_reference_container_1416_1(); var l_obj_Target = jQuery('#' + p_str_TargetID); if (l_obj_Target.length) { jQuery( 'html, body' ).delay( 0 ); jQuery('html, body').animate({ scrollTop: l_obj_Target.offset().top - window.innerHeight * 0.2 }, 380); } } function footnote_moveToAnchor_1416_1(p_str_TargetID) { footnote_expand_reference_container_1416_1(); var l_obj_Target = jQuery('#' + p_str_TargetID); if (l_obj_Target.length) { jQuery( 'html, body' ).delay( 0 ); jQuery('html, body').animate({ scrollTop: l_obj_Target.offset().top - window.innerHeight * 0.2 }, 380); } }<\/script>","protected":false},"excerpt":{"rendered":"<p>To J. &amp; L. Little by little, I am beginning to enter into the beauty of the world, at the<\/p>\n","protected":false},"author":1,"featured_media":1371,"comment_status":"open","ping_status":"closed","sticky":false,"template":"","format":"standard","meta":{"_acf_changed":false,"inline_featured_image":false,"_exactmetrics_skip_tracking":false,"_exactmetrics_sitenote_active":false,"_exactmetrics_sitenote_note":"","_exactmetrics_sitenote_category":0,"ngg_post_thumbnail":0,"_jetpack_memberships_contains_paid_content":false,"footnotes":""},"categories":[45],"tags":[],"class_list":["post-1416","post","type-post","status-publish","format-standard","has-post-thumbnail","hentry","category-poesie-des-territoires_en"],"acf":[],"yoast_head":"<!-- This site is optimized with the Yoast SEO plugin v27.2 - https:\/\/yoast.com\/product\/yoast-seo-wordpress\/ -->\n<title>Reverie by the Garonne River - ContribCity<\/title>\n<meta name=\"robots\" content=\"index, follow, max-snippet:-1, max-image-preview:large, max-video-preview:-1\" \/>\n<link rel=\"canonical\" href=\"https:\/\/contrib.city\/index.php\/en\/2020\/01\/03\/reverie-by-the-garonne-river\/\" \/>\n<meta property=\"og:locale\" content=\"fr_FR\" \/>\n<meta property=\"og:type\" content=\"article\" \/>\n<meta property=\"og:title\" content=\"Reverie by the Garonne River - ContribCity\" \/>\n<meta property=\"og:description\" content=\"To J. &amp; L. Little by little, I am beginning to enter into the beauty of the world, at the\" \/>\n<meta property=\"og:url\" content=\"https:\/\/contrib.city\/index.php\/en\/2020\/01\/03\/reverie-by-the-garonne-river\/\" \/>\n<meta property=\"og:site_name\" content=\"ContribCity\" \/>\n<meta property=\"article:published_time\" content=\"2020-01-03T14:25:48+00:00\" \/>\n<meta property=\"article:modified_time\" content=\"2020-04-01T20:31:00+00:00\" \/>\n<meta property=\"og:image\" content=\"https:\/\/contrib.city\/wp-content\/uploads\/2020\/01\/Ponts-et-rives-de-la-Garonne-5-1024x768.jpg\" \/>\n\t<meta property=\"og:image:width\" content=\"1024\" \/>\n\t<meta property=\"og:image:height\" content=\"768\" \/>\n\t<meta property=\"og:image:type\" content=\"image\/jpeg\" \/>\n<meta name=\"author\" content=\"Bertrand de Foucauld\" \/>\n<meta name=\"twitter:card\" content=\"summary_large_image\" \/>\n<meta name=\"twitter:label1\" content=\"\u00c9crit par\" \/>\n\t<meta name=\"twitter:data1\" content=\"Bertrand de Foucauld\" \/>\n\t<meta name=\"twitter:label2\" content=\"Dur\u00e9e de lecture estim\u00e9e\" \/>\n\t<meta name=\"twitter:data2\" content=\"1 minute\" \/>\n<script type=\"application\/ld+json\" class=\"yoast-schema-graph\">{\"@context\":\"https:\/\/schema.org\",\"@graph\":[{\"@type\":\"Article\",\"@id\":\"https:\/\/contrib.city\/index.php\/en\/2020\/01\/03\/reverie-by-the-garonne-river\/#article\",\"isPartOf\":{\"@id\":\"https:\/\/contrib.city\/index.php\/en\/2020\/01\/03\/reverie-by-the-garonne-river\/\"},\"author\":{\"name\":\"Bertrand de Foucauld\",\"@id\":\"https:\/\/contrib.city\/#\/schema\/person\/ec389c5a78a37ccaee4e8ce098099db5\"},\"headline\":\"Reverie by the Garonne River\",\"datePublished\":\"2020-01-03T14:25:48+00:00\",\"dateModified\":\"2020-04-01T20:31:00+00:00\",\"mainEntityOfPage\":{\"@id\":\"https:\/\/contrib.city\/index.php\/en\/2020\/01\/03\/reverie-by-the-garonne-river\/\"},\"wordCount\":273,\"commentCount\":0,\"publisher\":{\"@id\":\"https:\/\/contrib.city\/#organization\"},\"image\":{\"@id\":\"https:\/\/contrib.city\/index.php\/en\/2020\/01\/03\/reverie-by-the-garonne-river\/#primaryimage\"},\"thumbnailUrl\":\"https:\/\/contrib.city\/wp-content\/uploads\/2020\/01\/Ponts-et-rives-de-la-Garonne-5.jpg\",\"articleSection\":[\"Territories Poetry\"],\"inLanguage\":\"fr-FR\",\"potentialAction\":[{\"@type\":\"CommentAction\",\"name\":\"Comment\",\"target\":[\"https:\/\/contrib.city\/index.php\/en\/2020\/01\/03\/reverie-by-the-garonne-river\/#respond\"]}]},{\"@type\":\"WebPage\",\"@id\":\"https:\/\/contrib.city\/index.php\/en\/2020\/01\/03\/reverie-by-the-garonne-river\/\",\"url\":\"https:\/\/contrib.city\/index.php\/en\/2020\/01\/03\/reverie-by-the-garonne-river\/\",\"name\":\"Reverie by the Garonne River - ContribCity\",\"isPartOf\":{\"@id\":\"https:\/\/contrib.city\/#website\"},\"primaryImageOfPage\":{\"@id\":\"https:\/\/contrib.city\/index.php\/en\/2020\/01\/03\/reverie-by-the-garonne-river\/#primaryimage\"},\"image\":{\"@id\":\"https:\/\/contrib.city\/index.php\/en\/2020\/01\/03\/reverie-by-the-garonne-river\/#primaryimage\"},\"thumbnailUrl\":\"https:\/\/contrib.city\/wp-content\/uploads\/2020\/01\/Ponts-et-rives-de-la-Garonne-5.jpg\",\"datePublished\":\"2020-01-03T14:25:48+00:00\",\"dateModified\":\"2020-04-01T20:31:00+00:00\",\"breadcrumb\":{\"@id\":\"https:\/\/contrib.city\/index.php\/en\/2020\/01\/03\/reverie-by-the-garonne-river\/#breadcrumb\"},\"inLanguage\":\"fr-FR\",\"potentialAction\":[{\"@type\":\"ReadAction\",\"target\":[\"https:\/\/contrib.city\/index.php\/en\/2020\/01\/03\/reverie-by-the-garonne-river\/\"]}]},{\"@type\":\"ImageObject\",\"inLanguage\":\"fr-FR\",\"@id\":\"https:\/\/contrib.city\/index.php\/en\/2020\/01\/03\/reverie-by-the-garonne-river\/#primaryimage\",\"url\":\"https:\/\/contrib.city\/wp-content\/uploads\/2020\/01\/Ponts-et-rives-de-la-Garonne-5.jpg\",\"contentUrl\":\"https:\/\/contrib.city\/wp-content\/uploads\/2020\/01\/Ponts-et-rives-de-la-Garonne-5.jpg\",\"width\":4965,\"height\":3725},{\"@type\":\"BreadcrumbList\",\"@id\":\"https:\/\/contrib.city\/index.php\/en\/2020\/01\/03\/reverie-by-the-garonne-river\/#breadcrumb\",\"itemListElement\":[{\"@type\":\"ListItem\",\"position\":1,\"name\":\"Home\",\"item\":\"https:\/\/contrib.city\/\"},{\"@type\":\"ListItem\",\"position\":2,\"name\":\"Reverie by the Garonne River\"}]},{\"@type\":\"WebSite\",\"@id\":\"https:\/\/contrib.city\/#website\",\"url\":\"https:\/\/contrib.city\/\",\"name\":\"ContribCity\",\"description\":\"Parlons de nos lieux de vie\",\"publisher\":{\"@id\":\"https:\/\/contrib.city\/#organization\"},\"potentialAction\":[{\"@type\":\"SearchAction\",\"target\":{\"@type\":\"EntryPoint\",\"urlTemplate\":\"https:\/\/contrib.city\/?s={search_term_string}\"},\"query-input\":{\"@type\":\"PropertyValueSpecification\",\"valueRequired\":true,\"valueName\":\"search_term_string\"}}],\"inLanguage\":\"fr-FR\"},{\"@type\":\"Organization\",\"@id\":\"https:\/\/contrib.city\/#organization\",\"name\":\"ContribCity\",\"url\":\"https:\/\/contrib.city\/\",\"logo\":{\"@type\":\"ImageObject\",\"inLanguage\":\"fr-FR\",\"@id\":\"https:\/\/contrib.city\/#\/schema\/logo\/image\/\",\"url\":\"https:\/\/contrib.city\/wp-content\/uploads\/2020\/01\/cropped-Parlons-de-nos-lieux-de-vie-2.jpg\",\"contentUrl\":\"https:\/\/contrib.city\/wp-content\/uploads\/2020\/01\/cropped-Parlons-de-nos-lieux-de-vie-2.jpg\",\"width\":1133,\"height\":218,\"caption\":\"ContribCity\"},\"image\":{\"@id\":\"https:\/\/contrib.city\/#\/schema\/logo\/image\/\"}},{\"@type\":\"Person\",\"@id\":\"https:\/\/contrib.city\/#\/schema\/person\/ec389c5a78a37ccaee4e8ce098099db5\",\"name\":\"Bertrand de Foucauld\",\"image\":{\"@type\":\"ImageObject\",\"inLanguage\":\"fr-FR\",\"@id\":\"https:\/\/secure.gravatar.com\/avatar\/c49e25550e4609092f7a00fb677a980813788778df987b36cad9b0fc85a8bf73?s=96&d=mm&r=g\",\"url\":\"https:\/\/secure.gravatar.com\/avatar\/c49e25550e4609092f7a00fb677a980813788778df987b36cad9b0fc85a8bf73?s=96&d=mm&r=g\",\"contentUrl\":\"https:\/\/secure.gravatar.com\/avatar\/c49e25550e4609092f7a00fb677a980813788778df987b36cad9b0fc85a8bf73?s=96&d=mm&r=g\",\"caption\":\"Bertrand de Foucauld\"},\"url\":\"https:\/\/contrib.city\/index.php\/author\/bertrand\/\"}]}<\/script>\n<!-- \/ Yoast SEO plugin. -->","yoast_head_json":{"title":"Reverie by the Garonne River - ContribCity","robots":{"index":"index","follow":"follow","max-snippet":"max-snippet:-1","max-image-preview":"max-image-preview:large","max-video-preview":"max-video-preview:-1"},"canonical":"https:\/\/contrib.city\/index.php\/en\/2020\/01\/03\/reverie-by-the-garonne-river\/","og_locale":"fr_FR","og_type":"article","og_title":"Reverie by the Garonne River - ContribCity","og_description":"To J. &amp; L. Little by little, I am beginning to enter into the beauty of the world, at the","og_url":"https:\/\/contrib.city\/index.php\/en\/2020\/01\/03\/reverie-by-the-garonne-river\/","og_site_name":"ContribCity","article_published_time":"2020-01-03T14:25:48+00:00","article_modified_time":"2020-04-01T20:31:00+00:00","og_image":[{"width":1024,"height":768,"url":"https:\/\/contrib.city\/wp-content\/uploads\/2020\/01\/Ponts-et-rives-de-la-Garonne-5-1024x768.jpg","type":"image\/jpeg"}],"author":"Bertrand de Foucauld","twitter_card":"summary_large_image","twitter_misc":{"\u00c9crit par":"Bertrand de Foucauld","Dur\u00e9e de lecture estim\u00e9e":"1 minute"},"schema":{"@context":"https:\/\/schema.org","@graph":[{"@type":"Article","@id":"https:\/\/contrib.city\/index.php\/en\/2020\/01\/03\/reverie-by-the-garonne-river\/#article","isPartOf":{"@id":"https:\/\/contrib.city\/index.php\/en\/2020\/01\/03\/reverie-by-the-garonne-river\/"},"author":{"name":"Bertrand de Foucauld","@id":"https:\/\/contrib.city\/#\/schema\/person\/ec389c5a78a37ccaee4e8ce098099db5"},"headline":"Reverie by the Garonne River","datePublished":"2020-01-03T14:25:48+00:00","dateModified":"2020-04-01T20:31:00+00:00","mainEntityOfPage":{"@id":"https:\/\/contrib.city\/index.php\/en\/2020\/01\/03\/reverie-by-the-garonne-river\/"},"wordCount":273,"commentCount":0,"publisher":{"@id":"https:\/\/contrib.city\/#organization"},"image":{"@id":"https:\/\/contrib.city\/index.php\/en\/2020\/01\/03\/reverie-by-the-garonne-river\/#primaryimage"},"thumbnailUrl":"https:\/\/contrib.city\/wp-content\/uploads\/2020\/01\/Ponts-et-rives-de-la-Garonne-5.jpg","articleSection":["Territories Poetry"],"inLanguage":"fr-FR","potentialAction":[{"@type":"CommentAction","name":"Comment","target":["https:\/\/contrib.city\/index.php\/en\/2020\/01\/03\/reverie-by-the-garonne-river\/#respond"]}]},{"@type":"WebPage","@id":"https:\/\/contrib.city\/index.php\/en\/2020\/01\/03\/reverie-by-the-garonne-river\/","url":"https:\/\/contrib.city\/index.php\/en\/2020\/01\/03\/reverie-by-the-garonne-river\/","name":"Reverie by the Garonne River - ContribCity","isPartOf":{"@id":"https:\/\/contrib.city\/#website"},"primaryImageOfPage":{"@id":"https:\/\/contrib.city\/index.php\/en\/2020\/01\/03\/reverie-by-the-garonne-river\/#primaryimage"},"image":{"@id":"https:\/\/contrib.city\/index.php\/en\/2020\/01\/03\/reverie-by-the-garonne-river\/#primaryimage"},"thumbnailUrl":"https:\/\/contrib.city\/wp-content\/uploads\/2020\/01\/Ponts-et-rives-de-la-Garonne-5.jpg","datePublished":"2020-01-03T14:25:48+00:00","dateModified":"2020-04-01T20:31:00+00:00","breadcrumb":{"@id":"https:\/\/contrib.city\/index.php\/en\/2020\/01\/03\/reverie-by-the-garonne-river\/#breadcrumb"},"inLanguage":"fr-FR","potentialAction":[{"@type":"ReadAction","target":["https:\/\/contrib.city\/index.php\/en\/2020\/01\/03\/reverie-by-the-garonne-river\/"]}]},{"@type":"ImageObject","inLanguage":"fr-FR","@id":"https:\/\/contrib.city\/index.php\/en\/2020\/01\/03\/reverie-by-the-garonne-river\/#primaryimage","url":"https:\/\/contrib.city\/wp-content\/uploads\/2020\/01\/Ponts-et-rives-de-la-Garonne-5.jpg","contentUrl":"https:\/\/contrib.city\/wp-content\/uploads\/2020\/01\/Ponts-et-rives-de-la-Garonne-5.jpg","width":4965,"height":3725},{"@type":"BreadcrumbList","@id":"https:\/\/contrib.city\/index.php\/en\/2020\/01\/03\/reverie-by-the-garonne-river\/#breadcrumb","itemListElement":[{"@type":"ListItem","position":1,"name":"Home","item":"https:\/\/contrib.city\/"},{"@type":"ListItem","position":2,"name":"Reverie by the Garonne River"}]},{"@type":"WebSite","@id":"https:\/\/contrib.city\/#website","url":"https:\/\/contrib.city\/","name":"ContribCity","description":"Parlons de nos lieux de vie","publisher":{"@id":"https:\/\/contrib.city\/#organization"},"potentialAction":[{"@type":"SearchAction","target":{"@type":"EntryPoint","urlTemplate":"https:\/\/contrib.city\/?s={search_term_string}"},"query-input":{"@type":"PropertyValueSpecification","valueRequired":true,"valueName":"search_term_string"}}],"inLanguage":"fr-FR"},{"@type":"Organization","@id":"https:\/\/contrib.city\/#organization","name":"ContribCity","url":"https:\/\/contrib.city\/","logo":{"@type":"ImageObject","inLanguage":"fr-FR","@id":"https:\/\/contrib.city\/#\/schema\/logo\/image\/","url":"https:\/\/contrib.city\/wp-content\/uploads\/2020\/01\/cropped-Parlons-de-nos-lieux-de-vie-2.jpg","contentUrl":"https:\/\/contrib.city\/wp-content\/uploads\/2020\/01\/cropped-Parlons-de-nos-lieux-de-vie-2.jpg","width":1133,"height":218,"caption":"ContribCity"},"image":{"@id":"https:\/\/contrib.city\/#\/schema\/logo\/image\/"}},{"@type":"Person","@id":"https:\/\/contrib.city\/#\/schema\/person\/ec389c5a78a37ccaee4e8ce098099db5","name":"Bertrand de Foucauld","image":{"@type":"ImageObject","inLanguage":"fr-FR","@id":"https:\/\/secure.gravatar.com\/avatar\/c49e25550e4609092f7a00fb677a980813788778df987b36cad9b0fc85a8bf73?s=96&d=mm&r=g","url":"https:\/\/secure.gravatar.com\/avatar\/c49e25550e4609092f7a00fb677a980813788778df987b36cad9b0fc85a8bf73?s=96&d=mm&r=g","contentUrl":"https:\/\/secure.gravatar.com\/avatar\/c49e25550e4609092f7a00fb677a980813788778df987b36cad9b0fc85a8bf73?s=96&d=mm&r=g","caption":"Bertrand de Foucauld"},"url":"https:\/\/contrib.city\/index.php\/author\/bertrand\/"}]}},"jetpack_featured_media_url":"https:\/\/contrib.city\/wp-content\/uploads\/2020\/01\/Ponts-et-rives-de-la-Garonne-5.jpg","jetpack_sharing_enabled":true,"post_mailing_queue_ids":[],"_links":{"self":[{"href":"https:\/\/contrib.city\/index.php\/wp-json\/wp\/v2\/posts\/1416","targetHints":{"allow":["GET"]}}],"collection":[{"href":"https:\/\/contrib.city\/index.php\/wp-json\/wp\/v2\/posts"}],"about":[{"href":"https:\/\/contrib.city\/index.php\/wp-json\/wp\/v2\/types\/post"}],"author":[{"embeddable":true,"href":"https:\/\/contrib.city\/index.php\/wp-json\/wp\/v2\/users\/1"}],"replies":[{"embeddable":true,"href":"https:\/\/contrib.city\/index.php\/wp-json\/wp\/v2\/comments?post=1416"}],"version-history":[{"count":11,"href":"https:\/\/contrib.city\/index.php\/wp-json\/wp\/v2\/posts\/1416\/revisions"}],"predecessor-version":[{"id":2806,"href":"https:\/\/contrib.city\/index.php\/wp-json\/wp\/v2\/posts\/1416\/revisions\/2806"}],"wp:featuredmedia":[{"embeddable":true,"href":"https:\/\/contrib.city\/index.php\/wp-json\/wp\/v2\/media\/1371"}],"wp:attachment":[{"href":"https:\/\/contrib.city\/index.php\/wp-json\/wp\/v2\/media?parent=1416"}],"wp:term":[{"taxonomy":"category","embeddable":true,"href":"https:\/\/contrib.city\/index.php\/wp-json\/wp\/v2\/categories?post=1416"},{"taxonomy":"post_tag","embeddable":true,"href":"https:\/\/contrib.city\/index.php\/wp-json\/wp\/v2\/tags?post=1416"}],"curies":[{"name":"wp","href":"https:\/\/api.w.org\/{rel}","templated":true}]}}