{"id":165,"date":"2019-07-02T17:56:28","date_gmt":"2019-07-02T15:56:28","guid":{"rendered":"https:\/\/contrib.city\/?p=165"},"modified":"2022-01-25T14:47:33","modified_gmt":"2022-01-25T13:47:33","slug":"potentiels-vulnerabilite-jouy-en-josas","status":"publish","type":"post","link":"https:\/\/contrib.city\/index.php\/2019\/07\/02\/potentiels-vulnerabilite-jouy-en-josas\/","title":{"rendered":"Risques et atouts de Jouy-en-Josas (Ile-de-France) et ses alentours"},"content":{"rendered":"<h1><\/h1>\r\n<p style=\"text-align: justify;\">Jouy-en-Josas, situ\u00e9e dans la vall\u00e9e de la Bi\u00e8vre, \u00e0 la limite des Yvelines et de l\u2019Essonne, rev\u00eat un caract\u00e8re particulier dans le sens que ses atouts, s\u2019ils ne sont pas connus, peuvent se transformer en probl\u00e8mes graves. Cette commune, \u00e0 terme, peut cumuler les avantages d\u2019une cit\u00e9-jardin comme le V\u00e9sinet et ceux d\u2019une ville-promontoire comme Saint-Germain-en-Laye (toutes les deux situ\u00e9es \u00e9galement dans les Yvelines) mais \u00e0 condition de se pr\u00e9munir contre les vuln\u00e9rabilit\u00e9s li\u00e9es \u00e0 deux types de risques, que l\u2019on retrouve \u00e9galement dans des communes de montagne : les crues et les mouvements de terrains. En se pr\u00e9munissant contre ces dangers, la ville prot\u00e8gera son cadre de vie.<\/p>\r\n<p>&nbsp;<\/p>\r\n\r\n\r\n\r\n<h3 class=\"wp-block-heading\" style=\"text-align: justify;\"><strong>Les crues<\/strong><\/h3>\r\n\r\n\r\n\r\n<p style=\"text-align: justify;\">En effet, le c\u0153ur du \u00ab village \u00bb&nbsp; &#8211; 8315 habitants en 2015, tout de m\u00eame ! &#8211; se loge dans le fond de la vall\u00e9e o\u00f9 passe la Bi\u00e8vre, une petite rivi\u00e8re qui coule paisiblement entre les maisons du centre. Un cours d\u2019eau qui dort mais qui est susceptible de bondir pendant l\u2019\u00e9t\u00e9, lors des orages un peu violents. Dans ces cas, des pluies orageuses peuvent se d\u00e9verser toutes en m\u00eame temps sur plusieurs couloirs des deux versants (transportant, au passage, des v\u00e9hicules) et ces ruissellements vont se rejoindre au fond de la vall\u00e9e (talweg). Dans la nuit du 21 au 22 juillet 1982, par exemple, une crue centennale avait inond\u00e9 le parking de la gare du RER : le niveau d\u2019eau sur cette aire de stationnement, situ\u00e9e en surface, \u00e9tait mont\u00e9 de plus d\u2019un m\u00e8tre en quelques heures. De m\u00eame, des pr\u00e9cipitations exceptionnelles, en ao\u00fbt 2003 et juin 2005, avait rempli la vall\u00e9e de la Bi\u00e8vre. D\u2019apr\u00e8s le t\u00e9moignage d\u2019un \u00e9lu local, une lame d\u2019eau de plus de 10 cm s\u2019\u00e9tait form\u00e9e sur la rue Jean Bauvinon, qui relie le centre-ville au plateau de V\u00e9lizy. Aid\u00e9 par la d\u00e9clivit\u00e9 des deux coteaux bordant cette route (celui \u00e0 l\u2019est : 60 m de hauteur pour une distance de 200 m, ce qui donne un coefficient de 30% ou un angle de 13,5\u00b0), ainsi que celle de la rue elle-m\u00eame, cette lame d\u2019eau de plus de dix cm a d\u00e9ferl\u00e9 sur la route Bauvinon et cet \u00e9lu a d\u00fb, pour rentrer chez lui, barboter dans l\u2019eau jusqu\u2019au niveau des chevilles !<\/p>\r\n\r\n\r\n\r\n<p style=\"text-align: justify;\">Moins rapides, mais il s\u2019agit quand m\u00eame de faire attention, sont les crues hivernales ou printani\u00e8res lorsque le cumul des pr\u00e9cipitations est sup\u00e9rieur \u00e0 ce que peut absorber les digues et canalisations artificielles de la Bi\u00e8vre-amont.<\/p>\r\n\r\n\r\n\r\n\r\n\r\n<div class=\"wp-block-image\" style=\"text-align: left;\">\r\n<figure class=\"aligncenter is-resized\">\r\n<figure id=\"attachment_169\" aria-describedby=\"caption-attachment-169\" style=\"width: 800px\" class=\"wp-caption aligncenter\"><img loading=\"lazy\" decoding=\"async\" class=\"wp-image-169 size-large\" src=\"https:\/\/contrib.city\/wp-content\/uploads\/2019\/07\/2-831x1024.jpg\" alt=\"\" width=\"800\" height=\"986\" srcset=\"https:\/\/contrib.city\/wp-content\/uploads\/2019\/07\/2-831x1024.jpg 831w, https:\/\/contrib.city\/wp-content\/uploads\/2019\/07\/2-243x300.jpg 243w, https:\/\/contrib.city\/wp-content\/uploads\/2019\/07\/2-768x947.jpg 768w, https:\/\/contrib.city\/wp-content\/uploads\/2019\/07\/2.jpg 1125w\" sizes=\"auto, (max-width: 800px) 100vw, 800px\" \/><figcaption id=\"caption-attachment-169\" class=\"wp-caption-text\">Barrages et digues au niveau des Bas Pr\u00e9s, en aval du pont menant \u00e0 la barri\u00e8re du passage \u00e0 niveau pi\u00e9ton. Cette portion canalis\u00e9e de la Bi\u00e8vre m\u00e8ne au pied des pentes douces des Bas-Pr\u00e9s. Photo : BdF, 23 mai 2019.<\/figcaption><\/figure>\r\n<figcaption style=\"padding-left: 480px;\"><em>&nbsp;<\/em><\/figcaption>\r\n<\/figure>\r\n<\/div>\r\n<div class=\"wp-block-image\">\r\n<figure class=\"aligncenter\" style=\"text-align: justify;\">\r\n<figure id=\"attachment_175\" aria-describedby=\"caption-attachment-175\" style=\"width: 1024px\" class=\"wp-caption aligncenter\"><img loading=\"lazy\" decoding=\"async\" class=\"wp-image-175\" src=\"https:\/\/contrib.city\/wp-content\/uploads\/2019\/07\/3-1024x768.jpg\" alt=\"\" width=\"1024\" height=\"768\" srcset=\"https:\/\/contrib.city\/wp-content\/uploads\/2019\/07\/3-1024x768.jpg 1024w, https:\/\/contrib.city\/wp-content\/uploads\/2019\/07\/3-300x225.jpg 300w, https:\/\/contrib.city\/wp-content\/uploads\/2019\/07\/3-768x576.jpg 768w\" sizes=\"auto, (max-width: 1024px) 100vw, 1024px\" \/><figcaption id=\"caption-attachment-175\" class=\"wp-caption-text\">Les Bas-Pr\u00e9s (Jouy-en-Josas). Cette partie de la vall\u00e9e de la Bi\u00e8vre amont sert naturellement de lieu d\u2019expansion pour l\u2019eau, en cas d\u2019inondation. Encore faut-il limiter la construction de nouveaux b\u00e2timents, sous peine d\u2019augmenter les vuln\u00e9rabilit\u00e9s de la commune. Photo : BdF, 26 juin 2019.<\/figcaption><\/figure>\r\n<figcaption style=\"padding-left: 200px;\"><\/figcaption>\r\n<\/figure>\r\n<figure class=\"aligncenter\" style=\"text-align: justify;\">Au m\u00eame niveau altim\u00e9trique que le parking de la gare, de l\u2019autre c\u00f4t\u00e9 de la voie ferr\u00e9e, se trouve l\u2019ancien terrain du Sernam : cette ancienne zone de transbordement ferroviaire local est aujourd\u2019hui recouverte d\u2019arbres qui cachent l\u2019ancien b\u00e2timent. Cette parcelle verte cache toutefois un sous-sol pollu\u00e9.<\/figure>\r\n<\/div>\r\n\r\n\r\n\r\n<p style=\"text-align: justify;\">Dans le cadre des directives de l\u2019Etat fran\u00e7ais visant \u00e0 densifier les centres-villes et \u00e0 augmenter le pourcentage de logements sociaux (toutes cat\u00e9gories confondues), le maire a souhait\u00e9, vers 2010, faire construire un ensemble de 120 logements, dans le cadre de vastes immeubles. Ce projet, en plus de l\u2019opposition d\u2019une partie de la population, s\u2019est retrouv\u00e9 confront\u00e9 \u00e0 la question des risques d\u2019inondations. Certes, depuis celle de 1982, les r\u00e9seaux d\u2019\u00e9coulement ont \u00e9t\u00e9 am\u00e9nag\u00e9s&nbsp;: bondes, bassins de r\u00e9tentions, vannes automatiques, et m\u00eame un projet de remodeler l\u2019amont de la Bi\u00e8vre pour la faire revenir \u00e0 son lit d\u2019origine, plus sinueux et donc plus efficaces pour lutter contre les crues.<\/p>\r\n\r\n\r\n\r\n\r\n\r\n<figure class=\"wp-block-image\" style=\"text-align: justify;\">\r\n<figure id=\"attachment_176\" aria-describedby=\"caption-attachment-176\" style=\"width: 1024px\" class=\"wp-caption aligncenter\"><img loading=\"lazy\" decoding=\"async\" class=\"wp-image-176\" src=\"https:\/\/contrib.city\/wp-content\/uploads\/2019\/07\/4-1024x768.jpg\" alt=\"\" width=\"1024\" height=\"768\" srcset=\"https:\/\/contrib.city\/wp-content\/uploads\/2019\/07\/4-1024x768.jpg 1024w, https:\/\/contrib.city\/wp-content\/uploads\/2019\/07\/4-300x225.jpg 300w, https:\/\/contrib.city\/wp-content\/uploads\/2019\/07\/4-768x576.jpg 768w\" sizes=\"auto, (max-width: 1024px) 100vw, 1024px\" \/><figcaption id=\"caption-attachment-176\" class=\"wp-caption-text\">Le Bief (\u00e0 droite de la photo) au niveau du Parking Oberkampf. Ce canal passe par une digue am\u00e9nag\u00e9e au pied du Vieux Moulin (b\u00e2timent blanc au fond) et va se jeter dans la Bi\u00e8vre en contre-bas. En cas de crue exceptionnelle et rapide, de type orageux, le d\u00e9bordement du Bief va se cumuler avec celui de la Bi\u00e8vre situ\u00e9e juste de l\u2019autre c\u00f4t\u00e9 de la voie ferr\u00e9e \u00e0 gauche. Dans la nuit du 21 au 22 juillet 1982, le niveau d\u2019eau sur cette aire de stationnement \u00e9tait mont\u00e9 de plus d\u2019un m\u00e8tre. Photo : BdF, 13 mai 2019.<\/figcaption><\/figure>\r\n<figcaption><em>&nbsp;<\/em><\/figcaption>\r\n<figure id=\"attachment_177\" aria-describedby=\"caption-attachment-177\" style=\"width: 1024px\" class=\"wp-caption aligncenter\"><img loading=\"lazy\" decoding=\"async\" class=\"wp-image-177\" src=\"https:\/\/contrib.city\/wp-content\/uploads\/2019\/07\/5-1024x768.jpg\" alt=\"\" width=\"1024\" height=\"768\" srcset=\"https:\/\/contrib.city\/wp-content\/uploads\/2019\/07\/5-1024x768.jpg 1024w, https:\/\/contrib.city\/wp-content\/uploads\/2019\/07\/5-300x225.jpg 300w, https:\/\/contrib.city\/wp-content\/uploads\/2019\/07\/5-768x576.jpg 768w\" sizes=\"auto, (max-width: 1024px) 100vw, 1024px\" \/><figcaption id=\"caption-attachment-177\" class=\"wp-caption-text\">Digue du Vieux Moulin dans le centre de Jouy-en-Josas. Cet ancien b\u00e2timent de la manufacture Oberkampf sert aujourd\u2019hui de logements (\u00e0 partir du 1er \u00e9tage), de commerce, restaurant et services d\u2019orientation pour la jeunesse (au rez-de-chauss\u00e9e, inondable). La salle informatique du centre d\u2019orientation se situe sous la passerelle. Deux questions : en cas de crue exceptionnelle nocturne, comme ce fut le cas en 1982, est-ce que la municipalit\u00e9 a pr\u00e9vu, dans son budget ou dans ses contrats d\u2019assurance, de renouveler le parc d\u2019ordinateurs et autre mat\u00e9riel multim\u00e9dia ? A-t-elle pr\u00e9vu le co\u00fbt des travaux de r\u00e9habilitation voire de dommages plus importants? A titre d&#8217;information, une masse d\u2019eau en mouvement \u00e0 l\u2019int\u00e9rieur d\u2019un b\u00e2timent peut ab\u00eemer, dans certains cas, les structure de l\u2019immeuble. N&#8217;oublions pas qu&#8217;un simple m\u00e8tre cube d&#8217;eau p\u00e8se une tonne. Photo : BdF, 26 juin 2019.<\/figcaption><\/figure>\r\n<\/figure>\r\n\r\n\r\n\r\n\r\n\r\n<p style=\"text-align: justify;\">Cependant, si l\u2019on se base sur les travaux du professeur Jean-No\u00ebl Salomon, tous ces am\u00e9nagements ne sont efficaces que si les crues restent moyennes. En cas d\u2019\u00e9l\u00e9vation brutale et exceptionnelle, non seulement ces am\u00e9nagements ne contiendront pas l\u2019eau mais ils pourraient m\u00eame se retourner contre la population en retardant l\u2019\u00e9vacuation de l\u2019eau lors de la baisse du niveau d\u2019eau. Salomon r\u00e9sume la solution ainsi : <em>Dans tous les cas, il vaut mieux chercher \u00e0 \u00e9taler la crue que la contenir.<\/em> <span class=\"footnote_referrer\"><a role=\"button\" tabindex=\"0\" onclick=\"footnote_moveToReference_165_1('footnote_plugin_reference_165_1_1');\" onkeypress=\"footnote_moveToReference_165_1('footnote_plugin_reference_165_1_1');\" ><sup id=\"footnote_plugin_tooltip_165_1_1\" class=\"footnote_plugin_tooltip_text\">[1]<\/sup><\/a><span id=\"footnote_plugin_tooltip_text_165_1_1\" class=\"footnote_tooltip\">SALOMON Jean-No\u00ebl, <em>L\u2019Homme face aux crues et aux inondations<\/em>, Presses Universitaires de Bordeaux,&nbsp; Talence, mai 1997, p 116 (Coll. Scieteren) <\/span><\/span><script type=\"text\/javascript\"> jQuery('#footnote_plugin_tooltip_165_1_1').tooltip({ tip: '#footnote_plugin_tooltip_text_165_1_1', tipClass: 'footnote_tooltip', effect: 'fade', predelay: 0, fadeInSpeed: 200, delay: 400, fadeOutSpeed: 200, position: 'top right', relative: true, offset: [10, 10], });<\/script> D\u2019ailleurs, si nous regardons les maisons bordant le bief, en amont du Vieux Moulin, toujours dans le centre de Jouy, nous nous apercevons que les pi\u00e8ces d\u2019habitation sont plac\u00e9es au 1er \u00e9tage, le rez-de-chauss\u00e9e \u00e9tant inondable et donc plut\u00f4t r\u00e9serv\u00e9 \u00e0 du rangement.<\/p>\r\n\r\n\r\n\r\n<figure class=\"wp-block-image\">\r\n<figure id=\"attachment_178\" aria-describedby=\"caption-attachment-178\" style=\"width: 1024px\" class=\"wp-caption aligncenter\"><img loading=\"lazy\" decoding=\"async\" class=\"wp-image-178\" src=\"https:\/\/contrib.city\/wp-content\/uploads\/2019\/07\/6-1024x768.jpg\" alt=\"\" width=\"1024\" height=\"768\" srcset=\"https:\/\/contrib.city\/wp-content\/uploads\/2019\/07\/6-1024x768.jpg 1024w, https:\/\/contrib.city\/wp-content\/uploads\/2019\/07\/6-300x225.jpg 300w, https:\/\/contrib.city\/wp-content\/uploads\/2019\/07\/6-768x576.jpg 768w\" sizes=\"auto, (max-width: 1024px) 100vw, 1024px\" \/><figcaption id=\"caption-attachment-178\" class=\"wp-caption-text\">Rue Jean Jaur\u00e8s : le bief rejoint la Bi\u00e8vre qui sort de son canal souterrain. Quid si le d\u00e9bit d\u2019une crue exceptionnelle ne permet pas au flux de rentrer dans la conduite situ\u00e9e sous le centre de Jouy ? R\u00e9ponse : l\u2019eau passe au-dessus et inonde une partie du centre-ville. Photo : BdF, 26 juin 2019.<\/figcaption><\/figure>\r\n<figcaption style=\"padding-left: 160px;\"><em>&nbsp;<\/em><\/figcaption>\r\n<\/figure>\r\n\r\n\r\n\r\n<figure class=\"wp-block-image\">\r\n<figure id=\"attachment_179\" aria-describedby=\"caption-attachment-179\" style=\"width: 768px\" class=\"wp-caption aligncenter\"><img loading=\"lazy\" decoding=\"async\" class=\"wp-image-179\" src=\"https:\/\/contrib.city\/wp-content\/uploads\/2019\/07\/7-768x1024.jpg\" alt=\"\" width=\"768\" height=\"1024\" srcset=\"https:\/\/contrib.city\/wp-content\/uploads\/2019\/07\/7-768x1024.jpg 768w, https:\/\/contrib.city\/wp-content\/uploads\/2019\/07\/7-225x300.jpg 225w, https:\/\/contrib.city\/wp-content\/uploads\/2019\/07\/7.jpg 1750w\" sizes=\"auto, (max-width: 768px) 100vw, 768px\" \/><figcaption id=\"caption-attachment-179\" class=\"wp-caption-text\">La Bi\u00e8vre, au niveau de la rue Jean Jaur\u00e8s, entre la rue de Beuvron et celle du Thabot. La rivi\u00e8re passe dans les propri\u00e9t\u00e9s, sous les petits ponts priv\u00e9s am\u00e9nag\u00e9s. Les b\u00e2timents sont \u00e0 gauche (non visibles sur la photo) et se situent \u00e0 la m\u00eame hauteur que la rue. Plusieurs commerces et professionnels de sant\u00e9 ont choisi la rue Jean Jaur\u00e8s pour leurs activit\u00e9s. En cas de crue, les d\u00e9g\u00e2ts potentiels pour leur mat\u00e9riel sont importants. Photo : BdF, 26 juin 2019.<\/figcaption><\/figure>\r\n<\/figure>\r\n\r\n\r\n\r\n<p>Cependant, l\u2019al\u00e9a <em>Inondation<\/em> n\u2019est pas le seul probl\u00e8me pouvant affecter le cadre de vie de Jouy-en-Josas.<\/p>\r\n<p>&nbsp;<\/p>\r\n\r\n\r\n\r\n<h3 class=\"wp-block-heading\"><strong>Les mouvements de terrain<\/strong><\/h3>\r\n\r\n\r\n\r\n<p style=\"text-align: justify;\">Si le bourg b\u00e9n\u00e9ficie de points de vue d\u2019o\u00f9 l\u2019on peut admirer la vall\u00e9e, ces points \u00e9tant situ\u00e9s sur les hauteurs du coteau sud (panorama en direction de Versailles et Paris) ou bien celui du nord (en regardant vers Saclay), ces pentes se transforment quelque fois en falaise. Par exemple, celles qui descendent de V\u00e9lizy (dont fait partie la rue Jean Bauvinon mentionn\u00e9e plus haut), et plus particuli\u00e8rement la falaise situ\u00e9e sur le flanc nord de la rue Charles-de-Gaulle (D 446) qui traverse le quartier du Petit-Jouy (extr\u00e9mit\u00e9 ouest de Jouy-en-Josas), en aval de la parcelle 99 de la for\u00eat de Versailles qui surplombe la route. Qui surplombe ou qui m\u00eame qui menace, devrait-on dire. En effet, la pente atteint \u00e0 certains endroits une d\u00e9clivit\u00e9 de plus de 400% (&gt;75\u00b0). <span class=\"footnote_referrer\"><a role=\"button\" tabindex=\"0\" onclick=\"footnote_moveToReference_165_1('footnote_plugin_reference_165_1_2');\" onkeypress=\"footnote_moveToReference_165_1('footnote_plugin_reference_165_1_2');\" ><sup id=\"footnote_plugin_tooltip_165_1_2\" class=\"footnote_plugin_tooltip_text\">[2]<\/sup><\/a><span id=\"footnote_plugin_tooltip_text_165_1_2\" class=\"footnote_tooltip\">A 30\u00b0 de d\u00e9clivit\u00e9 moyenne, une pente est consid\u00e9r\u00e9e comme \u00e9tant \u00e0 la limite entre la piste noire d\u2019une station de ski de haute montagne et un itin\u00e9raire de <em>free-ride<\/em> (<em>ski libre<\/em>, c\u2019est-\u00e0-dire sur des parcours dangereux et r\u00e9serv\u00e9s \u00e0 des professionnels de haut-vol). Au-del\u00e0 de 45\u00b0, l\u2019adh\u00e9rence n\u2019est plus assez forte pour permettre \u00e0 un skieur de redresser en cas de chute. Ce type de pente peut rendre une avalanche particuli\u00e8rement puissante.<\/span><\/span><script type=\"text\/javascript\"> jQuery('#footnote_plugin_tooltip_165_1_2').tooltip({ tip: '#footnote_plugin_tooltip_text_165_1_2', tipClass: 'footnote_tooltip', effect: 'fade', predelay: 0, fadeInSpeed: 200, delay: 400, fadeOutSpeed: 200, position: 'top right', relative: true, offset: [10, 10], });<\/script><\/p>\r\n<p style=\"text-align: justify;\">En bas, sur le territoire des Loges-en-Josas, des maisons ou immeubles s\u2019\u00e9talent tranquillement le long du c\u00f4t\u00e9 nord de la rue, comme si de rien n\u2019\u00e9tait. Oui, tout est paisible ou calme gr\u00e2ce aux arbres et buissons qui, avec leurs racines, retiennent la terre et le sous-sol, autant qu\u2019ils peuvent. Le probl\u00e8me r\u00e9side dans le fait que pour construire certaines de ces habitations, les responsables de chantiers ont \u00abmordu\u00bb dans la falaise, fragilisant ainsi le pied de cette derni\u00e8re. Bien s\u00fbr, un mur de r\u00e9tention a quelque fois \u00e9t\u00e9 construit pour se prot\u00e9ger des \u00e9boulements, un peu comme le Petit Prince esp\u00e8re que sa rose, gr\u00e2ce son \u00e9pine, se prot\u00e9gera des herbivores. Avec la petite diff\u00e9rence que dans ces habitations bordant la rue Charles de Gaulle, des \u00eatres humains r\u00e9els y habitent et en cas d\u2019\u00e9boulement, notamment lors d\u2019une crue orageuse exceptionnelle, ce n\u2019est pas un petit mur qui va emp\u00eacher des tonnes de boue, de roches et de troncs d\u2019arbre de s\u2019abattre sur le b\u00e2timent. La combinaison de la masse de ces \u00e9l\u00e9ments et de leur vitesse risque de tout d\u00e9truire.<\/p>\r\n\r\n\r\n\r\n<figure class=\"wp-block-image\"><img loading=\"lazy\" decoding=\"async\" class=\"wp-image-181 aligncenter\" src=\"https:\/\/contrib.city\/wp-content\/uploads\/2019\/07\/8-1024x827.jpg\" alt=\"\" width=\"922\" height=\"745\" srcset=\"https:\/\/contrib.city\/wp-content\/uploads\/2019\/07\/8-1024x827.jpg 1024w, https:\/\/contrib.city\/wp-content\/uploads\/2019\/07\/8-300x242.jpg 300w, https:\/\/contrib.city\/wp-content\/uploads\/2019\/07\/8-768x620.jpg 768w, https:\/\/contrib.city\/wp-content\/uploads\/2019\/07\/8.jpg 1759w\" sizes=\"auto, (max-width: 922px) 100vw, 922px\" \/><\/figure>\r\n\r\n\r\n<hr class=\"wp-block-separator\">\r\n\r\n\r\n<figure class=\"wp-block-image\">\r\n<figure id=\"attachment_182\" aria-describedby=\"caption-attachment-182\" style=\"width: 930px\" class=\"wp-caption aligncenter\"><img loading=\"lazy\" decoding=\"async\" class=\"wp-image-182\" src=\"https:\/\/contrib.city\/wp-content\/uploads\/2019\/07\/9-1024x768.jpg\" alt=\"\" width=\"930\" height=\"697\" srcset=\"https:\/\/contrib.city\/wp-content\/uploads\/2019\/07\/9-1024x768.jpg 1024w, https:\/\/contrib.city\/wp-content\/uploads\/2019\/07\/9-300x225.jpg 300w, https:\/\/contrib.city\/wp-content\/uploads\/2019\/07\/9-768x576.jpg 768w, https:\/\/contrib.city\/wp-content\/uploads\/2019\/07\/9.jpg 1751w\" sizes=\"auto, (max-width: 930px) 100vw, 930px\" \/><figcaption id=\"caption-attachment-182\" class=\"wp-caption-text\">Deux photos du dessus : falaise du coteau situ\u00e9 au nord de la vall\u00e9e (donc expos\u00e9 sud), \u00e0 la limite entre Jouy-en-Josas et Les Loges. Certaines parties de la pente affichent une d\u00e9clivit\u00e9 de plus de 75\u00b0. Image du dessous : on remarque l\u2019\u00e9rosion, malgr\u00e9 la pr\u00e9sence des arbres et buissons qui font tout leur possible pour retenir ce sol fortement inclin\u00e9. Une pluie violente, comme lors d\u2019un orage, peut consid\u00e9rablement ab\u00eemer la p\u00e9doc\u00e9nose de ce coteau et provoquer un glissement de terrain accompagn\u00e9 de d\u00e9chets v\u00e9g\u00e9taux. Gare aux habitations situ\u00e9es 40 m plus bas ! BdF, 26 juin 2019.<\/figcaption><\/figure>\r\n\r\n<\/figure>\r\n\r\n\r\n<hr class=\"wp-block-separator\">\r\n\r\n\r\n<figure class=\"wp-block-image\">\r\n<figure id=\"attachment_183\" aria-describedby=\"caption-attachment-183\" style=\"width: 768px\" class=\"wp-caption aligncenter\"><img loading=\"lazy\" decoding=\"async\" class=\"wp-image-183\" src=\"https:\/\/contrib.city\/wp-content\/uploads\/2019\/07\/10-768x1024.jpg\" alt=\"\" width=\"768\" height=\"1024\" srcset=\"https:\/\/contrib.city\/wp-content\/uploads\/2019\/07\/10-768x1024.jpg 768w, https:\/\/contrib.city\/wp-content\/uploads\/2019\/07\/10-225x300.jpg 225w, https:\/\/contrib.city\/wp-content\/uploads\/2019\/07\/10.jpg 1509w\" sizes=\"auto, (max-width: 768px) 100vw, 768px\" \/><figcaption id=\"caption-attachment-183\" class=\"wp-caption-text\">On remarque la masse du coteau qui borde les habitations, le long de la rue Charles de Gaulle, aux Loges-en-Josas. Photo : BdF, 24 mai 2019.<\/figcaption><\/figure>\r\n<figcaption style=\"padding-left: 280px;\"><em>&nbsp;<\/em><\/figcaption>\r\n<img loading=\"lazy\" decoding=\"async\" width=\"1024\" height=\"768\" class=\"wp-image-185 aligncenter\" src=\"https:\/\/contrib.city\/wp-content\/uploads\/2019\/07\/11-1024x768.jpg\" alt=\"\" srcset=\"https:\/\/contrib.city\/wp-content\/uploads\/2019\/07\/11-1024x768.jpg 1024w, https:\/\/contrib.city\/wp-content\/uploads\/2019\/07\/11-300x225.jpg 300w, https:\/\/contrib.city\/wp-content\/uploads\/2019\/07\/11-768x576.jpg 768w, https:\/\/contrib.city\/wp-content\/uploads\/2019\/07\/11.jpg 1758w\" sizes=\"auto, (max-width: 1024px) 100vw, 1024px\" \/><\/figure>\r\n\r\n\r\n\r\n\r\n\r\n<figure class=\"wp-block-image\">\r\n<figure id=\"attachment_186\" aria-describedby=\"caption-attachment-186\" style=\"width: 1024px\" class=\"wp-caption aligncenter\"><img loading=\"lazy\" decoding=\"async\" class=\"wp-image-186\" src=\"https:\/\/contrib.city\/wp-content\/uploads\/2019\/07\/12-1024x848.jpg\" alt=\"\" width=\"1024\" height=\"848\" srcset=\"https:\/\/contrib.city\/wp-content\/uploads\/2019\/07\/12-1024x848.jpg 1024w, https:\/\/contrib.city\/wp-content\/uploads\/2019\/07\/12-300x248.jpg 300w, https:\/\/contrib.city\/wp-content\/uploads\/2019\/07\/12-768x636.jpg 768w, https:\/\/contrib.city\/wp-content\/uploads\/2019\/07\/12.jpg 1749w\" sizes=\"auto, (max-width: 1024px) 100vw, 1024px\" \/><figcaption id=\"caption-attachment-186\" class=\"wp-caption-text\">Deux photos du dessus : am\u00e9nagement du terrain d\u2019un futur b\u00e2timent sur le coteau situ\u00e9 au nord, malgr\u00e9 les risques de coul\u00e9es de boue. BdF, 24 mai 2019.<\/figcaption><\/figure>\r\n\r\n<\/figure>\r\n\r\n\r\n\r\n<p style=\"text-align: justify;\">Nous venons donc de remarquer qu\u2019aux endroits de forte pente, ce n\u2019est pas le ciel mais la terre qui risquait de nous tomber sur la t\u00eate. De plus, ce risque de mouvement de terrain ne se limite pas \u00e0 l&#8217;axe vertical.<\/p>\r\n\r\n\r\n\r\n<p style=\"text-align: justify;\">Si un p\u00e8re \u2013 ou une m\u00e8re &#8211; de famille, fra\u00eechement arriv\u00e9, souhaite acheter un logement sur cette partie de la Vall\u00e9e de la Bi\u00e8vre, il sera s\u00e9duit par le caract\u00e8re bucolique de l\u2019endroit. La verdure et les panoramas invitent le nouveau venu \u00e0 s\u2019attarder et \u00e0 fl\u00e2ner. S\u2019il lui prend de vouloir se promener, \u00e0 partir de la rue Charles de Gaulle, et \u00e0 monter vers le Bois puis \u00e0 voir, depuis l\u2019ext\u00e9rieur, le ch\u00e2teau de Montebello et l\u2019ensemble du quartier des Metz, il notera certains noms de voies : chemin de la Mare des Metz, rue des P\u00e9trins, chemin du Fonds de la Noue.<span class=\"footnote_referrer\"><a role=\"button\" tabindex=\"0\" onclick=\"footnote_moveToReference_165_1('footnote_plugin_reference_165_1_3');\" onkeypress=\"footnote_moveToReference_165_1('footnote_plugin_reference_165_1_3');\" ><sup id=\"footnote_plugin_tooltip_165_1_3\" class=\"footnote_plugin_tooltip_text\">[3]<\/sup><\/a><span id=\"footnote_plugin_tooltip_text_165_1_3\" class=\"footnote_tooltip\">La noue est un foss\u00e9 large en pente douce (pente inf\u00e9rieure \u00e0 30%) <\/span><\/span><script type=\"text\/javascript\"> jQuery('#footnote_plugin_tooltip_165_1_3').tooltip({ tip: '#footnote_plugin_tooltip_text_165_1_3', tipClass: 'footnote_tooltip', effect: 'fade', predelay: 0, fadeInSpeed: 200, delay: 400, fadeOutSpeed: 200, position: 'top right', relative: true, offset: [10, 10], });<\/script> Ces noms \u00e9voquent la pr\u00e9sence d\u2019eau donc la possibilit\u00e9 d\u2019un sous-sol en partie imperm\u00e9able et favorisant l\u2019apparition de sources ou de torrents temporaires. Or, parmi les compos\u00e9s de la lithosph\u00e8re <span class=\"footnote_referrer\"><a role=\"button\" tabindex=\"0\" onclick=\"footnote_moveToReference_165_1('footnote_plugin_reference_165_1_4');\" onkeypress=\"footnote_moveToReference_165_1('footnote_plugin_reference_165_1_4');\" ><sup id=\"footnote_plugin_tooltip_165_1_4\" class=\"footnote_plugin_tooltip_text\">[4]<\/sup><\/a><span id=\"footnote_plugin_tooltip_text_165_1_4\" class=\"footnote_tooltip\">Sous-sol. Du grec <em>lithos<\/em>, &nbsp;la pierre, et <em>sphaira<\/em>, la balle. Autrement dit, le monde relatif aux roches du sous-sol<\/span><\/span><script type=\"text\/javascript\"> jQuery('#footnote_plugin_tooltip_165_1_4').tooltip({ tip: '#footnote_plugin_tooltip_text_165_1_4', tipClass: 'footnote_tooltip', effect: 'fade', predelay: 0, fadeInSpeed: 200, delay: 400, fadeOutSpeed: 200, position: 'top right', relative: true, offset: [10, 10], });<\/script> qui sont imperm\u00e9ables, on trouve l\u2019argile et la marne : la route de la Briqueterie, <span class=\"footnote_referrer\"><a role=\"button\" tabindex=\"0\" onclick=\"footnote_moveToReference_165_1('footnote_plugin_reference_165_1_5');\" onkeypress=\"footnote_moveToReference_165_1('footnote_plugin_reference_165_1_5');\" ><sup id=\"footnote_plugin_tooltip_165_1_5\" class=\"footnote_plugin_tooltip_text\">[5]<\/sup><\/a><span id=\"footnote_plugin_tooltip_text_165_1_5\" class=\"footnote_tooltip\">Les briques sont des mat\u00e9riaux de construction fabriqu\u00e9s \u00e0 partir d\u2019argile, du moins dans le premier sens du terme<\/span><\/span><script type=\"text\/javascript\"> jQuery('#footnote_plugin_tooltip_165_1_5').tooltip({ tip: '#footnote_plugin_tooltip_text_165_1_5', tipClass: 'footnote_tooltip', effect: 'fade', predelay: 0, fadeInSpeed: 200, delay: 400, fadeOutSpeed: 200, position: 'top right', relative: true, offset: [10, 10], });<\/script> situ\u00e9e \u00e0 l\u2019est du quartier des Metz, \u00e9voque d\u2019ailleurs directement la pr\u00e9sence de ces s\u00e9diments. Ces deux roches s\u00e9dimentaires pr\u00e9sentent, vis-\u00e0-vis de l\u2019urbanisme une caract\u00e9ristique int\u00e9ressante que tout potier conna\u00eet : elles gonflent en pr\u00e9sence de l\u2019eau et se contractent quand elles sont confront\u00e9es \u00e0 la s\u00e9cheresse. Si ces mouvements de surface se r\u00e9alisaient d\u2019une fa\u00e7on harmonieuse, le tissu urbain ne serait pas trop touch\u00e9. Mais le probl\u00e8me r\u00e9side dans le fait que ces sous-sols bougent d\u2019une fa\u00e7on in\u00e9gal\u00e9e, pouvant conduire les fondations de lotissements &#8211; ou m\u00eame de b\u00e2timents isol\u00e9s &#8211;&nbsp; \u00e0 subir des forces montantes uniquement sur une partie de leurs structures et ainsi d\u00e9s\u00e9quilibrer, voire casser ces derni\u00e8res. Pour certaines d\u2019entre elles, la solution \u00e9tait l\u2019installation de micro-pieux. Cette op\u00e9ration, sauf quand elle est pr\u00e9vue d\u00e8s la conception architecturale, n\u00e9cessite de retirer la terre sous le b\u00e2timent, d\u2019installer ces fameux sout\u00e8nements et enfin d\u2019enterrer \u00e0 nouveau les fondations. Il faut compter, au bas mot, 100.000 euros de frais lorsque cette op\u00e9ration doit \u00eatre faite apr\u00e8s coup.<\/p>\r\n\r\n\r\n\r\n<p style=\"text-align: justify;\">Ainsi, la toponymie des voies de circulations, quand elle n\u2019a pas \u00e9t\u00e9 enti\u00e8rement rebaptis\u00e9e \u00e0 des fins politiques, peut nous renseigner sur les caract\u00e9ristiques g\u00e9ophysiques principales du quartier concern\u00e9. Les noms de rue, lorsque nous y faisons attention, peuvent nous inciter \u00e0 prendre nos pr\u00e9cautions face \u00e0 d\u2019\u00e9ventuels risques environnementaux.<\/p>\r\n<p style=\"text-align: justify;\">&nbsp;<\/p>\r\n\r\n\r\n\r\n<h3 style=\"text-align: justify;\"><strong>Logement ou cadre de vie&nbsp;?<\/strong><\/h3>\r\n\r\n\r\n\r\n<p style=\"text-align: justify;\">Alors, que faire entre la pression p\u00e9ri-urbaine \u2013 o\u00f9 de jeunes m\u00e9nages avec d\u2019\u00e9ventuels enfants existants ou \u00e0 venir \u00e9migrent depuis les centres urbains des agglom\u00e9rations vers les p\u00e9riph\u00e9ries \u2013 et la volont\u00e9 de pr\u00e9server un cadre de vie agr\u00e9able avec de nombreux espaces verts et cours d\u2019eau&nbsp;? Ou plus prosa\u00efquement, comment r\u00e9ussir \u00e0 installer <em>la ville \u00e0 la campagne<\/em>, utopie \u00e0 laquelle avait r\u00e9fl\u00e9chi l\u2019urbaniste britannique Ebenezer Howard (1850-1928), concepteur des cit\u00e9s-jardins ?<\/p>\r\n<p style=\"text-align: justify;\">La construction d\u2019immeubles d\u2019habitation sur pilotis dans le centre de la commune de Jouy-en-Josas, peut apporter une r\u00e9ponse face au double d\u00e9fi du manque de logement en Ile-de-France, si nous ne regardons cette question qu\u2019\u00e0 l\u2019\u00e9chelle locale.<span class=\"footnote_referrer\"><a role=\"button\" tabindex=\"0\" onclick=\"footnote_moveToReference_165_1('footnote_plugin_reference_165_1_6');\" onkeypress=\"footnote_moveToReference_165_1('footnote_plugin_reference_165_1_6');\" ><sup id=\"footnote_plugin_tooltip_165_1_6\" class=\"footnote_plugin_tooltip_text\">[6]<\/sup><\/a><span id=\"footnote_plugin_tooltip_text_165_1_6\" class=\"footnote_tooltip\">Une solution plus p\u00e9renne serait l\u2019adoption d\u2019une v\u00e9ritable d\u00e9centralisation en France<\/span><\/span><script type=\"text\/javascript\"> jQuery('#footnote_plugin_tooltip_165_1_6').tooltip({ tip: '#footnote_plugin_tooltip_text_165_1_6', tipClass: 'footnote_tooltip', effect: 'fade', predelay: 0, fadeInSpeed: 200, delay: 400, fadeOutSpeed: 200, position: 'top right', relative: true, offset: [10, 10], });<\/script> Mais il nous semble important d\u2019\u00e9viter deux \u00e9cueils : la sur-dimension \u00e9ventuelle des nouveaux b\u00e2timents par rapport \u00e0 l\u2019urbanisme local afin d\u2019\u00e9viter la <em>massyfication<\/em> du centre-ville (selon le jeu de mot d\u2019un habitant en r\u00e9f\u00e9rence \u00e0 la ville voisine de Massy) et donc la baisse de la qualit\u00e9 de vie, d\u2019une part, et d\u2019autre part, cacher ou diminuer, lors des op\u00e9rations de commercialisation, le risque de retrouver, lors des retours de vacances, son v\u00e9hicule hors d\u2019usage pour cause d\u2019inondation. A ce titre, une proposition dans ce sens avait \u00e9t\u00e9 faite sur le cahier de dol\u00e9ances concernant ce projet mais aucune r\u00e9ponse n\u2019a \u00e9t\u00e9 fournie jusqu\u2019\u00e0 maintenant. Cette proposition demandait simplement \u00e0 ce que soit \u00e9crit en gras et en premi\u00e8re page de chaque bail le fait que l\u2019immeuble se trouvait en zone inondable et que donc le parking pouvait \u00eatre envahi par l\u2019eau notamment lors de crue d\u2019orages d\u2019\u00e9t\u00e9.<\/p>\r\n\r\n\r\n\r\n<p style=\"text-align: justify;\">Par ailleurs, la vall\u00e9e de la Bi\u00e8vre a \u00e9t\u00e9 class\u00e9e en juillet 2000 pour son int\u00e9r\u00eat patrimonial, paysager et naturel, ce qui la prot\u00e8ge de la pression urbaine de la r\u00e9gion parisienne, territoire o\u00f9 vit, \u00e0 titre de rappel, 20% de la population nationale. Cette pression appara\u00eet notamment par le fait que plus d\u2019un quart des demandes de d\u00e9rogation relatif aux sites class\u00e9s en Ile-de-France, concerne cette vall\u00e9e.<span class=\"footnote_referrer\"><a role=\"button\" tabindex=\"0\" onclick=\"footnote_moveToReference_165_1('footnote_plugin_reference_165_1_7');\" onkeypress=\"footnote_moveToReference_165_1('footnote_plugin_reference_165_1_7');\" ><sup id=\"footnote_plugin_tooltip_165_1_7\" class=\"footnote_plugin_tooltip_text\">[7]<\/sup><\/a><span id=\"footnote_plugin_tooltip_text_165_1_7\" class=\"footnote_tooltip\">Source : AVB (Association des Amis de la Vall\u00e9e de la Bi\u00e8vre) \u2013 <em>Diagnostic de la Haute vall\u00e9e de la Bi\u00e8vre pour un cahier de gestion<\/em>, 2011<\/span><\/span><script type=\"text\/javascript\"> jQuery('#footnote_plugin_tooltip_165_1_7').tooltip({ tip: '#footnote_plugin_tooltip_text_165_1_7', tipClass: 'footnote_tooltip', effect: 'fade', predelay: 0, fadeInSpeed: 200, delay: 400, fadeOutSpeed: 200, position: 'top right', relative: true, offset: [10, 10], });<\/script>. Cette derni\u00e8re, qui est parall\u00e8le \u00e0 sa grande s\u0153ur, celle de Chevreuse, au sud du plateau de Saclay, fait partie \u2013 pour combien de temps encore ? \u2013 de la Grande Ceinture verte qui va, pratiquement sans discontinuit\u00e9s, de la for\u00eat de Verri\u00e8re \u00e0 celle de Saint-Germain-en-Laye. Cette ceinture joue un r\u00f4le important dans la pr\u00e9servation de la faune et de la flore en Ile-de-France, r\u00e9gion dont presque les trois-quarts de la superficie, en 2018, \u00e9taient toujours couverts d\u2019espaces verts.<\/p>\r\n<p>&nbsp;<\/p>\r\n\r\n\r\n\r\n<h3 class=\"wp-block-heading\" style=\"text-align: justify;\"><strong>Quelles solutions&nbsp;?<\/strong><\/h3>\r\n\r\n\r\n\r\n<p style=\"text-align: justify;\">A l\u2019\u00e9chelle nationale, et comme \u00e9voqu\u00e9e plus haut, une solution p\u00e9renne serait de vraiment d\u00e9centraliser la France et ainsi d\u00e9m\u00e9nager les pouvoirs ex\u00e9cutif et l\u00e9gislatifs dans une autre agglom\u00e9ration de province, comme Lyon par exemple. Cette solution peut faire r\u00e9agir certains g\u00e9ographes ou urbanistes, habitu\u00e9s qu\u2019ils sont, s\u2019ils en ont les moyens, \u00e0 l\u2019hypertrophie de la r\u00e9gion parisienne. Cependant, pour des millions d\u2019habitants, la zone construite de l\u2019Ile-de-France reste une r\u00e9gion qui si elle offre des opportunit\u00e9s d\u2019emplois et de r\u00e9seau (la Seine-Saint-Denis, par exemple, joue un r\u00f4le de <em>territoire-tampon<\/em> pour les immigr\u00e9s d\u2019Afrique fra\u00eechement arriv\u00e9s), joue \u00e9galement un r\u00f4le de <em>prison<\/em> dans le sens qu\u2019il est bien difficile pour un m\u00e9nage, dont les deux partenaires doivent travailler, de d\u00e9m\u00e9nager dans une agglom\u00e9ration de province et de trouver les m\u00eames possibilit\u00e9s d\u2019embauche. Ainsi, Paris (intra et extra-muros) concentre les pouvoirs politiques et \u00e9conomiques, capte les forces vives du pays (20% du PIB national) et \u00e0 partir de ses si\u00e8ges sociaux de la D\u00e9fense (1<sup>er<\/sup> quartier d\u2019affaires europ\u00e9en) oblige les cadres ambitieux \u00e0 passer par la case Capitale, rajoutant ainsi de tr\u00e8s fortes tensions sur le logement, le transport, l\u2019artificialisation de sols arables. <span class=\"footnote_referrer\"><a role=\"button\" tabindex=\"0\" onclick=\"footnote_moveToReference_165_1('footnote_plugin_reference_165_1_8');\" onkeypress=\"footnote_moveToReference_165_1('footnote_plugin_reference_165_1_8');\" ><sup id=\"footnote_plugin_tooltip_165_1_8\" class=\"footnote_plugin_tooltip_text\">[8]<\/sup><\/a><span id=\"footnote_plugin_tooltip_text_165_1_8\" class=\"footnote_tooltip\">Le sol francilien est fertile et tout \u00e0 fait propice \u00e0 l\u2019agriculture, notamment du fait des alluvions d\u00e9pos\u00e9es par l\u2019ancien lit de la Loire qui, dans la pr\u00e9histoire, continuait vers le nord et se jetait dans la Seine<\/span><\/span><script type=\"text\/javascript\"> jQuery('#footnote_plugin_tooltip_165_1_8').tooltip({ tip: '#footnote_plugin_tooltip_text_165_1_8', tipClass: 'footnote_tooltip', effect: 'fade', predelay: 0, fadeInSpeed: 200, delay: 400, fadeOutSpeed: 200, position: 'top right', relative: true, offset: [10, 10], });<\/script><\/p>\r\n\r\n\r\n\r\n<p style=\"text-align: justify;\">Certains proposent d\u2019installer la capitale politique dans une ville moyenne de province. L\u2019id\u00e9e est \u00e9galement int\u00e9ressante mais elle pr\u00e9sente l\u2019inconv\u00e9nient que toutes les infrastuctures devraient \u00eatre construites alors qu\u2019\u00e0 Lyon, par exemple, deuxi\u00e8me agglom\u00e9ration fran\u00e7aise apr\u00e8s celle de Paris, le tissu urbain pourrait rapidement recevoir \u00e0 nouveau ce r\u00f4le, comme ce fut le cas dans l\u2019antiquit\u00e9 romaine avec Lugdunum.&nbsp;&nbsp;<\/p>\r\n\r\n\r\n\r\n<p style=\"text-align: justify;\">Cependant, l\u2019inconv\u00e9nient majeur de ce type de d\u00e9cision, pour les Jovaciens, est qu\u2019il ne se prend qu\u2019\u00e0 l\u2019\u00e9chelle nationale donc ce bourg ne peut qu\u2019influer, au mieux, dans ce processus. A l\u2019\u00e9chelle locale et \u00e0 court terme, Jouy-en-Josas doit \u00e0 la fois s\u2019adapter \u00e0 ces tensions, voire, \u00e0 les pr\u00e9venir en essayant de mieux comprendre les contextes r\u00e9gional, national et europ\u00e9en. Pourquoi l\u2019\u00e9chelle continentale, direz-vous&nbsp;? Parce que l\u2019Union Europ\u00e9enne, avec ses deux capitales \u2013 Strasbourg et Bruxelles \u2013 pourrait changer la donne en participant \u00e0 r\u00e9partir les efforts humains et environnementaux sur les principales villes non seulement de la zone \u00e9conomique mais \u00e9galement sur les pays partenaires&nbsp;comme par exemple la Suisse qui avec l\u2019Arc L\u00e9manique (Gen\u00e8ve et Lausanne), mais \u00e9galement les agglom\u00e9rations de B\u00e2le et Zurich jouent un r\u00f4le un r\u00f4le tr\u00e8s important dans la diplomatie (Gen\u00e8ve abrite le si\u00e8ge de l\u2019ONU) et dans diff\u00e9rents domaines industriels (horlogerie, pharmacie, finance, Recherche\u2026). Apporter un regard \u00e0 diff\u00e9rentes \u00e9chelles pour essayer d\u2019informer, voire de pr\u00e9venir les risques sociaux et environnementaux, voil\u00e0 les objectifs de ce nouveau site&nbsp;: contrib.city&nbsp;!&nbsp;<\/p>\r\n<p>&nbsp;<\/p>\r\n\r\n\r\n\r\n<figure class=\"wp-block-image\">\r\n<figure id=\"attachment_188\" aria-describedby=\"caption-attachment-188\" style=\"width: 1024px\" class=\"wp-caption aligncenter\"><img loading=\"lazy\" decoding=\"async\" class=\"wp-image-188\" src=\"https:\/\/contrib.city\/wp-content\/uploads\/2019\/07\/14-1024x617.jpg\" alt=\"\" width=\"1024\" height=\"617\" srcset=\"https:\/\/contrib.city\/wp-content\/uploads\/2019\/07\/14-1024x617.jpg 1024w, https:\/\/contrib.city\/wp-content\/uploads\/2019\/07\/14-300x181.jpg 300w, https:\/\/contrib.city\/wp-content\/uploads\/2019\/07\/14-768x463.jpg 768w\" sizes=\"auto, (max-width: 1024px) 100vw, 1024px\" \/><figcaption id=\"caption-attachment-188\" class=\"wp-caption-text\">Aurore sur la vall\u00e9e de la Bi\u00e8vre. Photo : BdF, 18 mars 2016<\/figcaption><\/figure>\r\n\r\n<\/figure>\r\n\r\n\r\n<hr class=\"wp-block-separator\">\r\n\r\n\r\n<figure class=\"wp-block-image\">\r\n<figure id=\"attachment_187\" aria-describedby=\"caption-attachment-187\" style=\"width: 1024px\" class=\"wp-caption aligncenter\"><img loading=\"lazy\" decoding=\"async\" class=\"wp-image-187\" src=\"https:\/\/contrib.city\/wp-content\/uploads\/2019\/07\/13-1024x788.jpg\" alt=\"\" width=\"1024\" height=\"788\" srcset=\"https:\/\/contrib.city\/wp-content\/uploads\/2019\/07\/13-1024x788.jpg 1024w, https:\/\/contrib.city\/wp-content\/uploads\/2019\/07\/13-300x231.jpg 300w, https:\/\/contrib.city\/wp-content\/uploads\/2019\/07\/13-768x591.jpg 768w\" sizes=\"auto, (max-width: 1024px) 100vw, 1024px\" \/><figcaption id=\"caption-attachment-187\" class=\"wp-caption-text\">Val d\u2019Albian, en aval de Jouy. Au premier plan, un champ sur le fond presque plat de la vall\u00e9e de la Bi\u00e8vre. L\u2019endroit est inondable et en zone prot\u00e9g\u00e9e. Sur un terre-plein, on voit la ligne C du RER et la gare de Vauboyen. En arri\u00e8re-plan, dans la brume, fr\u00e9quente \u00e0 cet endroit, on distingue l\u2019Institut National de la Recherche Agronomique (INRA). Ce centre fait partie de toute une zone r\u00e9partie sur Jouy et Saclay consacr\u00e9e \u00e0 la formation et \u00e0 la recherche : Universit\u00e9 de Paris-Saclay, HEC, Ecole Polytechnique, Commissariat \u00e0 l\u2019Energie Atomique, sans oublier le campus T\u00e9comah. Photo : BdF, 8 d\u00e9cembre 2016.<\/figcaption><\/figure>\r\n<\/figure>\r\n<p style=\"text-align: center;\">[mapsmarker marker=&#8221;42&#8243;]<\/p>\r\n<div class=\"speaker-mute footnotes_reference_container\"> <div class=\"footnote_container_prepare\"><p><span role=\"button\" tabindex=\"0\" class=\"footnote_reference_container_label pointer\" onclick=\"footnote_expand_collapse_reference_container_165_1();\">R\u00e9f\u00e9rences<\/span><span role=\"button\" tabindex=\"0\" class=\"footnote_reference_container_collapse_button\" style=\"\" onclick=\"footnote_expand_collapse_reference_container_165_1();\">[<a id=\"footnote_reference_container_collapse_button_165_1\">+<\/a>]<\/span><\/p><\/div> <div id=\"footnote_references_container_165_1\" style=\"display: none;\"><table class=\"footnotes_table footnote-reference-container\"><caption class=\"accessibility\">R\u00e9f\u00e9rences<\/caption> <tbody> \r\n\r\n<tr class=\"footnotes_plugin_reference_row\"> <th scope=\"row\" class=\"footnote_plugin_index_combi pointer\"  onclick=\"footnote_moveToAnchor_165_1('footnote_plugin_tooltip_165_1_1');\"><a id=\"footnote_plugin_reference_165_1_1\" class=\"footnote_backlink\"><span class=\"footnote_index_arrow\">&#8593;<\/span>1<\/a><\/th> <td class=\"footnote_plugin_text\">SALOMON Jean-No\u00ebl, <em>L\u2019Homme face aux crues et aux inondations<\/em>, Presses Universitaires de Bordeaux,&nbsp; Talence, mai 1997, p 116 (Coll. Scieteren) <\/td><\/tr>\r\n\r\n<tr class=\"footnotes_plugin_reference_row\"> <th scope=\"row\" class=\"footnote_plugin_index_combi pointer\"  onclick=\"footnote_moveToAnchor_165_1('footnote_plugin_tooltip_165_1_2');\"><a id=\"footnote_plugin_reference_165_1_2\" class=\"footnote_backlink\"><span class=\"footnote_index_arrow\">&#8593;<\/span>2<\/a><\/th> <td class=\"footnote_plugin_text\">A 30\u00b0 de d\u00e9clivit\u00e9 moyenne, une pente est consid\u00e9r\u00e9e comme \u00e9tant \u00e0 la limite entre la piste noire d\u2019une station de ski de haute montagne et un itin\u00e9raire de <em>free-ride<\/em> (<em>ski libre<\/em>, c\u2019est-\u00e0-dire sur des parcours dangereux et r\u00e9serv\u00e9s \u00e0 des professionnels de haut-vol). Au-del\u00e0 de 45\u00b0, l\u2019adh\u00e9rence n\u2019est plus assez forte pour permettre \u00e0 un skieur de redresser en cas de chute. Ce type de pente peut rendre une avalanche particuli\u00e8rement puissante.<\/td><\/tr>\r\n\r\n<tr class=\"footnotes_plugin_reference_row\"> <th scope=\"row\" class=\"footnote_plugin_index_combi pointer\"  onclick=\"footnote_moveToAnchor_165_1('footnote_plugin_tooltip_165_1_3');\"><a id=\"footnote_plugin_reference_165_1_3\" class=\"footnote_backlink\"><span class=\"footnote_index_arrow\">&#8593;<\/span>3<\/a><\/th> <td class=\"footnote_plugin_text\">La noue est un foss\u00e9 large en pente douce (pente inf\u00e9rieure \u00e0 30%) <\/td><\/tr>\r\n\r\n<tr class=\"footnotes_plugin_reference_row\"> <th scope=\"row\" class=\"footnote_plugin_index_combi pointer\"  onclick=\"footnote_moveToAnchor_165_1('footnote_plugin_tooltip_165_1_4');\"><a id=\"footnote_plugin_reference_165_1_4\" class=\"footnote_backlink\"><span class=\"footnote_index_arrow\">&#8593;<\/span>4<\/a><\/th> <td class=\"footnote_plugin_text\">Sous-sol. Du grec <em>lithos<\/em>, &nbsp;la pierre, et <em>sphaira<\/em>, la balle. Autrement dit, le monde relatif aux roches du sous-sol<\/td><\/tr>\r\n\r\n<tr class=\"footnotes_plugin_reference_row\"> <th scope=\"row\" class=\"footnote_plugin_index_combi pointer\"  onclick=\"footnote_moveToAnchor_165_1('footnote_plugin_tooltip_165_1_5');\"><a id=\"footnote_plugin_reference_165_1_5\" class=\"footnote_backlink\"><span class=\"footnote_index_arrow\">&#8593;<\/span>5<\/a><\/th> <td class=\"footnote_plugin_text\">Les briques sont des mat\u00e9riaux de construction fabriqu\u00e9s \u00e0 partir d\u2019argile, du moins dans le premier sens du terme<\/td><\/tr>\r\n\r\n<tr class=\"footnotes_plugin_reference_row\"> <th scope=\"row\" class=\"footnote_plugin_index_combi pointer\"  onclick=\"footnote_moveToAnchor_165_1('footnote_plugin_tooltip_165_1_6');\"><a id=\"footnote_plugin_reference_165_1_6\" class=\"footnote_backlink\"><span class=\"footnote_index_arrow\">&#8593;<\/span>6<\/a><\/th> <td class=\"footnote_plugin_text\">Une solution plus p\u00e9renne serait l\u2019adoption d\u2019une v\u00e9ritable d\u00e9centralisation en France<\/td><\/tr>\r\n\r\n<tr class=\"footnotes_plugin_reference_row\"> <th scope=\"row\" class=\"footnote_plugin_index_combi pointer\"  onclick=\"footnote_moveToAnchor_165_1('footnote_plugin_tooltip_165_1_7');\"><a id=\"footnote_plugin_reference_165_1_7\" class=\"footnote_backlink\"><span class=\"footnote_index_arrow\">&#8593;<\/span>7<\/a><\/th> <td class=\"footnote_plugin_text\">Source : AVB (Association des Amis de la Vall\u00e9e de la Bi\u00e8vre) \u2013 <em>Diagnostic de la Haute vall\u00e9e de la Bi\u00e8vre pour un cahier de gestion<\/em>, 2011<\/td><\/tr>\r\n\r\n<tr class=\"footnotes_plugin_reference_row\"> <th scope=\"row\" class=\"footnote_plugin_index_combi pointer\"  onclick=\"footnote_moveToAnchor_165_1('footnote_plugin_tooltip_165_1_8');\"><a id=\"footnote_plugin_reference_165_1_8\" class=\"footnote_backlink\"><span class=\"footnote_index_arrow\">&#8593;<\/span>8<\/a><\/th> <td class=\"footnote_plugin_text\">Le sol francilien est fertile et tout \u00e0 fait propice \u00e0 l\u2019agriculture, notamment du fait des alluvions d\u00e9pos\u00e9es par l\u2019ancien lit de la Loire qui, dans la pr\u00e9histoire, continuait vers le nord et se jetait dans la Seine<\/td><\/tr>\r\n\r\n <\/tbody> <\/table> <\/div><\/div><script type=\"text\/javascript\"> function footnote_expand_reference_container_165_1() { jQuery('#footnote_references_container_165_1').show(); jQuery('#footnote_reference_container_collapse_button_165_1').text('\u2212'); } function footnote_collapse_reference_container_165_1() { jQuery('#footnote_references_container_165_1').hide(); jQuery('#footnote_reference_container_collapse_button_165_1').text('+'); } function footnote_expand_collapse_reference_container_165_1() { if (jQuery('#footnote_references_container_165_1').is(':hidden')) { footnote_expand_reference_container_165_1(); } else { footnote_collapse_reference_container_165_1(); } } function footnote_moveToReference_165_1(p_str_TargetID) { footnote_expand_reference_container_165_1(); var l_obj_Target = jQuery('#' + p_str_TargetID); if (l_obj_Target.length) { jQuery( 'html, body' ).delay( 0 ); jQuery('html, body').animate({ scrollTop: l_obj_Target.offset().top - window.innerHeight * 0.2 }, 380); } } function footnote_moveToAnchor_165_1(p_str_TargetID) { footnote_expand_reference_container_165_1(); var l_obj_Target = jQuery('#' + p_str_TargetID); if (l_obj_Target.length) { jQuery( 'html, body' ).delay( 0 ); jQuery('html, body').animate({ scrollTop: l_obj_Target.offset().top - window.innerHeight * 0.2 }, 380); } }<\/script>","protected":false},"excerpt":{"rendered":"<p>Jouy-en-Josas, situ\u00e9e dans la vall\u00e9e de la Bi\u00e8vre, \u00e0 la limite des Yvelines et de l\u2019Essonne, rev\u00eat un caract\u00e8re particulier<\/p>\n","protected":false},"author":1,"featured_media":199,"comment_status":"open","ping_status":"closed","sticky":false,"template":"","format":"standard","meta":{"_acf_changed":false,"inline_featured_image":false,"_exactmetrics_skip_tracking":false,"_exactmetrics_sitenote_active":false,"_exactmetrics_sitenote_note":"","_exactmetrics_sitenote_category":0,"ngg_post_thumbnail":0,"_jetpack_memberships_contains_paid_content":false,"footnotes":""},"categories":[5],"tags":[],"class_list":["post-165","post","type-post","status-publish","format-standard","has-post-thumbnail","hentry","category-urbanisme_fr"],"acf":[],"yoast_head":"<!-- This site is optimized with the Yoast SEO plugin v27.2 - https:\/\/yoast.com\/product\/yoast-seo-wordpress\/ -->\n<title>Risques et atouts de Jouy-en-Josas (Ile-de-France) et ses alentours - ContribCity<\/title>\n<meta name=\"robots\" content=\"index, follow, max-snippet:-1, max-image-preview:large, max-video-preview:-1\" \/>\n<link rel=\"canonical\" href=\"https:\/\/contrib.city\/index.php\/2019\/07\/02\/potentiels-vulnerabilite-jouy-en-josas\/\" \/>\n<meta property=\"og:locale\" content=\"fr_FR\" \/>\n<meta property=\"og:type\" content=\"article\" \/>\n<meta property=\"og:title\" content=\"Risques et atouts de Jouy-en-Josas (Ile-de-France) et ses alentours - ContribCity\" \/>\n<meta property=\"og:description\" content=\"Jouy-en-Josas, situ\u00e9e dans la vall\u00e9e de la Bi\u00e8vre, \u00e0 la limite des Yvelines et de l\u2019Essonne, rev\u00eat un caract\u00e8re particulier\" \/>\n<meta property=\"og:url\" content=\"https:\/\/contrib.city\/index.php\/2019\/07\/02\/potentiels-vulnerabilite-jouy-en-josas\/\" \/>\n<meta property=\"og:site_name\" content=\"ContribCity\" \/>\n<meta property=\"article:published_time\" content=\"2019-07-02T15:56:28+00:00\" \/>\n<meta property=\"article:modified_time\" content=\"2022-01-25T13:47:33+00:00\" \/>\n<meta property=\"og:image\" content=\"https:\/\/contrib.city\/wp-content\/uploads\/2019\/07\/cover.jpg\" \/>\n\t<meta property=\"og:image:width\" content=\"1706\" \/>\n\t<meta property=\"og:image:height\" content=\"1279\" \/>\n\t<meta property=\"og:image:type\" content=\"image\/jpeg\" \/>\n<meta name=\"author\" content=\"Bertrand de Foucauld\" \/>\n<meta name=\"twitter:card\" content=\"summary_large_image\" \/>\n<meta name=\"twitter:label1\" content=\"\u00c9crit par\" \/>\n\t<meta name=\"twitter:data1\" content=\"Bertrand de Foucauld\" \/>\n\t<meta name=\"twitter:label2\" content=\"Dur\u00e9e de lecture estim\u00e9e\" \/>\n\t<meta name=\"twitter:data2\" content=\"18 minutes\" \/>\n<script type=\"application\/ld+json\" class=\"yoast-schema-graph\">{\"@context\":\"https:\/\/schema.org\",\"@graph\":[{\"@type\":\"Article\",\"@id\":\"https:\/\/contrib.city\/index.php\/2019\/07\/02\/potentiels-vulnerabilite-jouy-en-josas\/#article\",\"isPartOf\":{\"@id\":\"https:\/\/contrib.city\/index.php\/2019\/07\/02\/potentiels-vulnerabilite-jouy-en-josas\/\"},\"author\":{\"name\":\"Bertrand de Foucauld\",\"@id\":\"https:\/\/contrib.city\/#\/schema\/person\/ec389c5a78a37ccaee4e8ce098099db5\"},\"headline\":\"Risques et atouts de Jouy-en-Josas (Ile-de-France) et ses alentours\",\"datePublished\":\"2019-07-02T15:56:28+00:00\",\"dateModified\":\"2022-01-25T13:47:33+00:00\",\"mainEntityOfPage\":{\"@id\":\"https:\/\/contrib.city\/index.php\/2019\/07\/02\/potentiels-vulnerabilite-jouy-en-josas\/\"},\"wordCount\":3694,\"commentCount\":0,\"publisher\":{\"@id\":\"https:\/\/contrib.city\/#organization\"},\"image\":{\"@id\":\"https:\/\/contrib.city\/index.php\/2019\/07\/02\/potentiels-vulnerabilite-jouy-en-josas\/#primaryimage\"},\"thumbnailUrl\":\"https:\/\/contrib.city\/wp-content\/uploads\/2019\/07\/cover.jpg\",\"articleSection\":[\"Urbanisme\"],\"inLanguage\":\"fr-FR\",\"potentialAction\":[{\"@type\":\"CommentAction\",\"name\":\"Comment\",\"target\":[\"https:\/\/contrib.city\/index.php\/2019\/07\/02\/potentiels-vulnerabilite-jouy-en-josas\/#respond\"]}]},{\"@type\":\"WebPage\",\"@id\":\"https:\/\/contrib.city\/index.php\/2019\/07\/02\/potentiels-vulnerabilite-jouy-en-josas\/\",\"url\":\"https:\/\/contrib.city\/index.php\/2019\/07\/02\/potentiels-vulnerabilite-jouy-en-josas\/\",\"name\":\"Risques et atouts de Jouy-en-Josas (Ile-de-France) et ses alentours - ContribCity\",\"isPartOf\":{\"@id\":\"https:\/\/contrib.city\/#website\"},\"primaryImageOfPage\":{\"@id\":\"https:\/\/contrib.city\/index.php\/2019\/07\/02\/potentiels-vulnerabilite-jouy-en-josas\/#primaryimage\"},\"image\":{\"@id\":\"https:\/\/contrib.city\/index.php\/2019\/07\/02\/potentiels-vulnerabilite-jouy-en-josas\/#primaryimage\"},\"thumbnailUrl\":\"https:\/\/contrib.city\/wp-content\/uploads\/2019\/07\/cover.jpg\",\"datePublished\":\"2019-07-02T15:56:28+00:00\",\"dateModified\":\"2022-01-25T13:47:33+00:00\",\"breadcrumb\":{\"@id\":\"https:\/\/contrib.city\/index.php\/2019\/07\/02\/potentiels-vulnerabilite-jouy-en-josas\/#breadcrumb\"},\"inLanguage\":\"fr-FR\",\"potentialAction\":[{\"@type\":\"ReadAction\",\"target\":[\"https:\/\/contrib.city\/index.php\/2019\/07\/02\/potentiels-vulnerabilite-jouy-en-josas\/\"]}]},{\"@type\":\"ImageObject\",\"inLanguage\":\"fr-FR\",\"@id\":\"https:\/\/contrib.city\/index.php\/2019\/07\/02\/potentiels-vulnerabilite-jouy-en-josas\/#primaryimage\",\"url\":\"https:\/\/contrib.city\/wp-content\/uploads\/2019\/07\/cover.jpg\",\"contentUrl\":\"https:\/\/contrib.city\/wp-content\/uploads\/2019\/07\/cover.jpg\",\"width\":1706,\"height\":1279},{\"@type\":\"BreadcrumbList\",\"@id\":\"https:\/\/contrib.city\/index.php\/2019\/07\/02\/potentiels-vulnerabilite-jouy-en-josas\/#breadcrumb\",\"itemListElement\":[{\"@type\":\"ListItem\",\"position\":1,\"name\":\"Home\",\"item\":\"https:\/\/contrib.city\/\"},{\"@type\":\"ListItem\",\"position\":2,\"name\":\"Risques et atouts de Jouy-en-Josas (Ile-de-France) et ses alentours\"}]},{\"@type\":\"WebSite\",\"@id\":\"https:\/\/contrib.city\/#website\",\"url\":\"https:\/\/contrib.city\/\",\"name\":\"ContribCity\",\"description\":\"Parlons de nos lieux de vie\",\"publisher\":{\"@id\":\"https:\/\/contrib.city\/#organization\"},\"potentialAction\":[{\"@type\":\"SearchAction\",\"target\":{\"@type\":\"EntryPoint\",\"urlTemplate\":\"https:\/\/contrib.city\/?s={search_term_string}\"},\"query-input\":{\"@type\":\"PropertyValueSpecification\",\"valueRequired\":true,\"valueName\":\"search_term_string\"}}],\"inLanguage\":\"fr-FR\"},{\"@type\":\"Organization\",\"@id\":\"https:\/\/contrib.city\/#organization\",\"name\":\"ContribCity\",\"url\":\"https:\/\/contrib.city\/\",\"logo\":{\"@type\":\"ImageObject\",\"inLanguage\":\"fr-FR\",\"@id\":\"https:\/\/contrib.city\/#\/schema\/logo\/image\/\",\"url\":\"https:\/\/contrib.city\/wp-content\/uploads\/2020\/01\/cropped-Parlons-de-nos-lieux-de-vie-2.jpg\",\"contentUrl\":\"https:\/\/contrib.city\/wp-content\/uploads\/2020\/01\/cropped-Parlons-de-nos-lieux-de-vie-2.jpg\",\"width\":1133,\"height\":218,\"caption\":\"ContribCity\"},\"image\":{\"@id\":\"https:\/\/contrib.city\/#\/schema\/logo\/image\/\"}},{\"@type\":\"Person\",\"@id\":\"https:\/\/contrib.city\/#\/schema\/person\/ec389c5a78a37ccaee4e8ce098099db5\",\"name\":\"Bertrand de Foucauld\",\"image\":{\"@type\":\"ImageObject\",\"inLanguage\":\"fr-FR\",\"@id\":\"https:\/\/secure.gravatar.com\/avatar\/c49e25550e4609092f7a00fb677a980813788778df987b36cad9b0fc85a8bf73?s=96&d=mm&r=g\",\"url\":\"https:\/\/secure.gravatar.com\/avatar\/c49e25550e4609092f7a00fb677a980813788778df987b36cad9b0fc85a8bf73?s=96&d=mm&r=g\",\"contentUrl\":\"https:\/\/secure.gravatar.com\/avatar\/c49e25550e4609092f7a00fb677a980813788778df987b36cad9b0fc85a8bf73?s=96&d=mm&r=g\",\"caption\":\"Bertrand de Foucauld\"},\"url\":\"https:\/\/contrib.city\/index.php\/author\/bertrand\/\"}]}<\/script>\n<!-- \/ Yoast SEO plugin. -->","yoast_head_json":{"title":"Risques et atouts de Jouy-en-Josas (Ile-de-France) et ses alentours - ContribCity","robots":{"index":"index","follow":"follow","max-snippet":"max-snippet:-1","max-image-preview":"max-image-preview:large","max-video-preview":"max-video-preview:-1"},"canonical":"https:\/\/contrib.city\/index.php\/2019\/07\/02\/potentiels-vulnerabilite-jouy-en-josas\/","og_locale":"fr_FR","og_type":"article","og_title":"Risques et atouts de Jouy-en-Josas (Ile-de-France) et ses alentours - ContribCity","og_description":"Jouy-en-Josas, situ\u00e9e dans la vall\u00e9e de la Bi\u00e8vre, \u00e0 la limite des Yvelines et de l\u2019Essonne, rev\u00eat un caract\u00e8re particulier","og_url":"https:\/\/contrib.city\/index.php\/2019\/07\/02\/potentiels-vulnerabilite-jouy-en-josas\/","og_site_name":"ContribCity","article_published_time":"2019-07-02T15:56:28+00:00","article_modified_time":"2022-01-25T13:47:33+00:00","og_image":[{"width":1706,"height":1279,"url":"https:\/\/contrib.city\/wp-content\/uploads\/2019\/07\/cover.jpg","type":"image\/jpeg"}],"author":"Bertrand de Foucauld","twitter_card":"summary_large_image","twitter_misc":{"\u00c9crit par":"Bertrand de Foucauld","Dur\u00e9e de lecture estim\u00e9e":"18 minutes"},"schema":{"@context":"https:\/\/schema.org","@graph":[{"@type":"Article","@id":"https:\/\/contrib.city\/index.php\/2019\/07\/02\/potentiels-vulnerabilite-jouy-en-josas\/#article","isPartOf":{"@id":"https:\/\/contrib.city\/index.php\/2019\/07\/02\/potentiels-vulnerabilite-jouy-en-josas\/"},"author":{"name":"Bertrand de Foucauld","@id":"https:\/\/contrib.city\/#\/schema\/person\/ec389c5a78a37ccaee4e8ce098099db5"},"headline":"Risques et atouts de Jouy-en-Josas (Ile-de-France) et ses alentours","datePublished":"2019-07-02T15:56:28+00:00","dateModified":"2022-01-25T13:47:33+00:00","mainEntityOfPage":{"@id":"https:\/\/contrib.city\/index.php\/2019\/07\/02\/potentiels-vulnerabilite-jouy-en-josas\/"},"wordCount":3694,"commentCount":0,"publisher":{"@id":"https:\/\/contrib.city\/#organization"},"image":{"@id":"https:\/\/contrib.city\/index.php\/2019\/07\/02\/potentiels-vulnerabilite-jouy-en-josas\/#primaryimage"},"thumbnailUrl":"https:\/\/contrib.city\/wp-content\/uploads\/2019\/07\/cover.jpg","articleSection":["Urbanisme"],"inLanguage":"fr-FR","potentialAction":[{"@type":"CommentAction","name":"Comment","target":["https:\/\/contrib.city\/index.php\/2019\/07\/02\/potentiels-vulnerabilite-jouy-en-josas\/#respond"]}]},{"@type":"WebPage","@id":"https:\/\/contrib.city\/index.php\/2019\/07\/02\/potentiels-vulnerabilite-jouy-en-josas\/","url":"https:\/\/contrib.city\/index.php\/2019\/07\/02\/potentiels-vulnerabilite-jouy-en-josas\/","name":"Risques et atouts de Jouy-en-Josas (Ile-de-France) et ses alentours - ContribCity","isPartOf":{"@id":"https:\/\/contrib.city\/#website"},"primaryImageOfPage":{"@id":"https:\/\/contrib.city\/index.php\/2019\/07\/02\/potentiels-vulnerabilite-jouy-en-josas\/#primaryimage"},"image":{"@id":"https:\/\/contrib.city\/index.php\/2019\/07\/02\/potentiels-vulnerabilite-jouy-en-josas\/#primaryimage"},"thumbnailUrl":"https:\/\/contrib.city\/wp-content\/uploads\/2019\/07\/cover.jpg","datePublished":"2019-07-02T15:56:28+00:00","dateModified":"2022-01-25T13:47:33+00:00","breadcrumb":{"@id":"https:\/\/contrib.city\/index.php\/2019\/07\/02\/potentiels-vulnerabilite-jouy-en-josas\/#breadcrumb"},"inLanguage":"fr-FR","potentialAction":[{"@type":"ReadAction","target":["https:\/\/contrib.city\/index.php\/2019\/07\/02\/potentiels-vulnerabilite-jouy-en-josas\/"]}]},{"@type":"ImageObject","inLanguage":"fr-FR","@id":"https:\/\/contrib.city\/index.php\/2019\/07\/02\/potentiels-vulnerabilite-jouy-en-josas\/#primaryimage","url":"https:\/\/contrib.city\/wp-content\/uploads\/2019\/07\/cover.jpg","contentUrl":"https:\/\/contrib.city\/wp-content\/uploads\/2019\/07\/cover.jpg","width":1706,"height":1279},{"@type":"BreadcrumbList","@id":"https:\/\/contrib.city\/index.php\/2019\/07\/02\/potentiels-vulnerabilite-jouy-en-josas\/#breadcrumb","itemListElement":[{"@type":"ListItem","position":1,"name":"Home","item":"https:\/\/contrib.city\/"},{"@type":"ListItem","position":2,"name":"Risques et atouts de Jouy-en-Josas (Ile-de-France) et ses alentours"}]},{"@type":"WebSite","@id":"https:\/\/contrib.city\/#website","url":"https:\/\/contrib.city\/","name":"ContribCity","description":"Parlons de nos lieux de vie","publisher":{"@id":"https:\/\/contrib.city\/#organization"},"potentialAction":[{"@type":"SearchAction","target":{"@type":"EntryPoint","urlTemplate":"https:\/\/contrib.city\/?s={search_term_string}"},"query-input":{"@type":"PropertyValueSpecification","valueRequired":true,"valueName":"search_term_string"}}],"inLanguage":"fr-FR"},{"@type":"Organization","@id":"https:\/\/contrib.city\/#organization","name":"ContribCity","url":"https:\/\/contrib.city\/","logo":{"@type":"ImageObject","inLanguage":"fr-FR","@id":"https:\/\/contrib.city\/#\/schema\/logo\/image\/","url":"https:\/\/contrib.city\/wp-content\/uploads\/2020\/01\/cropped-Parlons-de-nos-lieux-de-vie-2.jpg","contentUrl":"https:\/\/contrib.city\/wp-content\/uploads\/2020\/01\/cropped-Parlons-de-nos-lieux-de-vie-2.jpg","width":1133,"height":218,"caption":"ContribCity"},"image":{"@id":"https:\/\/contrib.city\/#\/schema\/logo\/image\/"}},{"@type":"Person","@id":"https:\/\/contrib.city\/#\/schema\/person\/ec389c5a78a37ccaee4e8ce098099db5","name":"Bertrand de Foucauld","image":{"@type":"ImageObject","inLanguage":"fr-FR","@id":"https:\/\/secure.gravatar.com\/avatar\/c49e25550e4609092f7a00fb677a980813788778df987b36cad9b0fc85a8bf73?s=96&d=mm&r=g","url":"https:\/\/secure.gravatar.com\/avatar\/c49e25550e4609092f7a00fb677a980813788778df987b36cad9b0fc85a8bf73?s=96&d=mm&r=g","contentUrl":"https:\/\/secure.gravatar.com\/avatar\/c49e25550e4609092f7a00fb677a980813788778df987b36cad9b0fc85a8bf73?s=96&d=mm&r=g","caption":"Bertrand de Foucauld"},"url":"https:\/\/contrib.city\/index.php\/author\/bertrand\/"}]}},"jetpack_featured_media_url":"https:\/\/contrib.city\/wp-content\/uploads\/2019\/07\/cover.jpg","jetpack_sharing_enabled":true,"post_mailing_queue_ids":[],"_links":{"self":[{"href":"https:\/\/contrib.city\/index.php\/wp-json\/wp\/v2\/posts\/165","targetHints":{"allow":["GET"]}}],"collection":[{"href":"https:\/\/contrib.city\/index.php\/wp-json\/wp\/v2\/posts"}],"about":[{"href":"https:\/\/contrib.city\/index.php\/wp-json\/wp\/v2\/types\/post"}],"author":[{"embeddable":true,"href":"https:\/\/contrib.city\/index.php\/wp-json\/wp\/v2\/users\/1"}],"replies":[{"embeddable":true,"href":"https:\/\/contrib.city\/index.php\/wp-json\/wp\/v2\/comments?post=165"}],"version-history":[{"count":48,"href":"https:\/\/contrib.city\/index.php\/wp-json\/wp\/v2\/posts\/165\/revisions"}],"predecessor-version":[{"id":8478,"href":"https:\/\/contrib.city\/index.php\/wp-json\/wp\/v2\/posts\/165\/revisions\/8478"}],"wp:featuredmedia":[{"embeddable":true,"href":"https:\/\/contrib.city\/index.php\/wp-json\/wp\/v2\/media\/199"}],"wp:attachment":[{"href":"https:\/\/contrib.city\/index.php\/wp-json\/wp\/v2\/media?parent=165"}],"wp:term":[{"taxonomy":"category","embeddable":true,"href":"https:\/\/contrib.city\/index.php\/wp-json\/wp\/v2\/categories?post=165"},{"taxonomy":"post_tag","embeddable":true,"href":"https:\/\/contrib.city\/index.php\/wp-json\/wp\/v2\/tags?post=165"}],"curies":[{"name":"wp","href":"https:\/\/api.w.org\/{rel}","templated":true}]}}