{"id":1907,"date":"2020-02-19T21:54:14","date_gmt":"2020-02-19T20:54:14","guid":{"rendered":"https:\/\/contrib.city\/?p=1907"},"modified":"2020-04-01T22:21:36","modified_gmt":"2020-04-01T20:21:36","slug":"les-deux-faces-de-verbier","status":"publish","type":"post","link":"https:\/\/contrib.city\/index.php\/2020\/02\/19\/les-deux-faces-de-verbier\/","title":{"rendered":"Les deux faces de Verbier (Suisse)"},"content":{"rendered":"<p style=\"text-align: justify;\">Lors de mon arriv\u00e9e, en voiture, au Ch\u00e2ble (850 m d&#8217;altitude), le village d&#8217;acc\u00e8s \u00e0 la station (situ\u00e9e \u00e0 1500 m), les premi\u00e8res choses que je vois sont de nombreuses voitures gar\u00e9es d&#8217;une fa\u00e7on un peu sauvage avec un message clair : cher automobiliste, gare-toi&nbsp; d\u00e8s que tu peux avant de te retrouver de l&#8217;autre c\u00f4t\u00e9 de la vall\u00e9e! Peine perdue, aucune place disponible, \u00e0 moins d&#8217;accrocher son v\u00e9hicule \u00e0 un piton d&#8217;escalade. Donc, par la force des choses, je continue mon trajet et une fois le village d\u00e9pass\u00e9, je me demande avec anxi\u00e9t\u00e9 si je ne vais pas \u00eatre oblig\u00e9 de continuer jusqu&#8217;au barrage de Mauvoisin, au bout de la vall\u00e9e, avant de pouvoir faire demi-tour. Deux ou trois kilom\u00e8tres plus loin, soulagement : un \u00e9norme panneau, devant le b\u00e2timent du t\u00e9l\u00e9si\u00e8ge du Ch\u00e2bles, indique qu&#8217;il y a des parkings et que nous pouvons nous garer. Mais pourquoi, la station n&#8217;a-t-elle pas mis un panneau en amont afin d&#8217;inciter les conducteurs \u00e0 stationner un peu plus loin, en toute tranquillit\u00e9?<\/p>\n<p style=\"text-align: justify;\">Une fois sur place, les services de location de mat\u00e9riel de ski sont efficaces mais le temps d&#8217;attente pour acheter un forfait, en ce lundi 30 d\u00e9cembre 2019, met \u00e0 l&#8217;\u00e9preuve la patience du client. Bref, une heure et demi plus tard, me voici sur le Mont-Gel\u00e9 o\u00f9 le soleil et la neige m&#8217;offre un joli ballet de lumi\u00e8res : beaut\u00e9 et bonheur.<\/p>\n<figure id=\"attachment_1920\" aria-describedby=\"caption-attachment-1920\" style=\"width: 800px\" class=\"wp-caption aligncenter\"><img loading=\"lazy\" decoding=\"async\" class=\"wp-image-1920 size-large\" src=\"https:\/\/contrib.city\/wp-content\/uploads\/2020\/02\/20191230_111017-1024x768.jpg\" alt=\"\" width=\"800\" height=\"600\" srcset=\"https:\/\/contrib.city\/wp-content\/uploads\/2020\/02\/20191230_111017-1024x768.jpg 1024w, https:\/\/contrib.city\/wp-content\/uploads\/2020\/02\/20191230_111017-300x225.jpg 300w, https:\/\/contrib.city\/wp-content\/uploads\/2020\/02\/20191230_111017-768x576.jpg 768w, https:\/\/contrib.city\/wp-content\/uploads\/2020\/02\/20191230_111017-1536x1152.jpg 1536w, https:\/\/contrib.city\/wp-content\/uploads\/2020\/02\/20191230_111017-2048x1536.jpg 2048w\" sizes=\"auto, (max-width: 800px) 100vw, 800px\" \/><figcaption id=\"caption-attachment-1920\" class=\"wp-caption-text\">Dans la t\u00e9l\u00e9cabine qui monte du Ch\u00e2ble \u00e0 Verbier. Comme je suis arriv\u00e9 en milieu de journ\u00e9e, le temps d&#8217;attente a \u00e9t\u00e9 acceptable. Les paysages du Valais, quant \u00e0 eux, m&#8217;invitent d\u00e9j\u00e0 au r\u00eave. Photo : BdF, le 30 d\u00e9cembre 2019.<\/figcaption><\/figure>\n<figure id=\"attachment_1921\" aria-describedby=\"caption-attachment-1921\" style=\"width: 800px\" class=\"wp-caption aligncenter\"><img loading=\"lazy\" decoding=\"async\" class=\"wp-image-1921 size-large\" src=\"https:\/\/contrib.city\/wp-content\/uploads\/2020\/02\/20191230_162726-1024x768.jpg\" alt=\"\" width=\"800\" height=\"600\" srcset=\"https:\/\/contrib.city\/wp-content\/uploads\/2020\/02\/20191230_162726-1024x768.jpg 1024w, https:\/\/contrib.city\/wp-content\/uploads\/2020\/02\/20191230_162726-300x225.jpg 300w, https:\/\/contrib.city\/wp-content\/uploads\/2020\/02\/20191230_162726-768x576.jpg 768w, https:\/\/contrib.city\/wp-content\/uploads\/2020\/02\/20191230_162726-1536x1152.jpg 1536w, https:\/\/contrib.city\/wp-content\/uploads\/2020\/02\/20191230_162726-2048x1536.jpg 2048w\" sizes=\"auto, (max-width: 800px) 100vw, 800px\" \/><figcaption id=\"caption-attachment-1921\" class=\"wp-caption-text\">Paysage de haute montagne \u00e0 Verbier. On distingue, au milieu et en bas de la photo, un t\u00e9l\u00e9si\u00e8ge g\u00e9r\u00e9 par la soci\u00e9t\u00e9 de remont\u00e9es m\u00e9caniques T\u00e9l\u00e9verbier, dont l\u2019actionnariat est priv\u00e9 \u00e0 75%. Photo : BdF, le 30 d\u00e9cembre 2019.<\/figcaption><\/figure>\n<p style=\"text-align: justify;\">Apr\u00e8s une journ\u00e9e au paradis, commence le retour. Tout d&#8217;abord, un passage dans un endroit que j&#8217;appelle &#8220;la glaci\u00e8re&#8221;, en fond de vall\u00e9e, avec un ensoleillement, au moment du solstice d&#8217;hiver, de quatre heures maximum par jour. Quelque soit le c\u00f4t\u00e9 que vous choisissez, comptez trente minutes de file d&#8217;attente, \u00e0 moins que vous optiez pour le &#8220;restaurant&#8221; d&#8217;altitude : mais l\u00e0, \u00e0 la fois votre porte-monnaie (fran\u00e7ais) et votre palais vont souffrir. Comptez vingt-cinq francs suisses (24 euros) pour un hamburger\/frites, les deux bien gras, et une barre chocolat\u00e9e. Une fois bien alourdi, si vous esp\u00e9rez que la file d&#8217;attente a diminu\u00e9, vous en serez, une fois de plus, pour vos frais. Frais, c&#8217;est bien le mot qui convient car , vers 15h00, ce n&#8217;est pas la queue qui a diminu\u00e9 mais bien la temp\u00e9rature! C\u00f4t\u00e9 positif : vous commencez imm\u00e9diatement \u00e0 br\u00fbler des calories pour compenser toutes les graisses et sucres que vous venez d&#8217;absorber.<\/p>\n<figure id=\"attachment_1928\" aria-describedby=\"caption-attachment-1928\" style=\"width: 800px\" class=\"wp-caption aligncenter\"><img loading=\"lazy\" decoding=\"async\" class=\"wp-image-1928 size-large\" src=\"https:\/\/contrib.city\/wp-content\/uploads\/2020\/02\/La-Glaci\u00e8re-1024x768.jpg\" alt=\"\" width=\"800\" height=\"600\" srcset=\"https:\/\/contrib.city\/wp-content\/uploads\/2020\/02\/La-Glaci\u00e8re-1024x768.jpg 1024w, https:\/\/contrib.city\/wp-content\/uploads\/2020\/02\/La-Glaci\u00e8re-300x225.jpg 300w, https:\/\/contrib.city\/wp-content\/uploads\/2020\/02\/La-Glaci\u00e8re-768x576.jpg 768w, https:\/\/contrib.city\/wp-content\/uploads\/2020\/02\/La-Glaci\u00e8re-1536x1152.jpg 1536w, https:\/\/contrib.city\/wp-content\/uploads\/2020\/02\/La-Glaci\u00e8re-2048x1536.jpg 2048w\" sizes=\"auto, (max-width: 800px) 100vw, 800px\" \/><figcaption id=\"caption-attachment-1928\" class=\"wp-caption-text\">&#8220;La Glaci\u00e8re&#8221;, probablement en bas des t\u00e9l\u00e9si\u00e8ges du Lac des Vaux 1 et 2, \u00e0 un endroit o\u00f9 la vall\u00e9e est tr\u00e8s escarp\u00e9e, laissant peu de place, et de temps, \u00e0 un ensoleillement direct. R\u00e9sultat : une longue file d&#8217;attente o\u00f9 l&#8217;air froid vient se concentrer, du fait de sa densit\u00e9.<\/figcaption><\/figure>\n<figure id=\"attachment_1915\" aria-describedby=\"caption-attachment-1915\" style=\"width: 800px\" class=\"wp-caption aligncenter\"><img loading=\"lazy\" decoding=\"async\" class=\"wp-image-1915 size-large\" src=\"https:\/\/contrib.city\/wp-content\/uploads\/2020\/02\/20191230_163041-1024x768.jpg\" alt=\"\" width=\"800\" height=\"600\" srcset=\"https:\/\/contrib.city\/wp-content\/uploads\/2020\/02\/20191230_163041-1024x768.jpg 1024w, https:\/\/contrib.city\/wp-content\/uploads\/2020\/02\/20191230_163041-300x225.jpg 300w, https:\/\/contrib.city\/wp-content\/uploads\/2020\/02\/20191230_163041-768x576.jpg 768w, https:\/\/contrib.city\/wp-content\/uploads\/2020\/02\/20191230_163041-1536x1152.jpg 1536w, https:\/\/contrib.city\/wp-content\/uploads\/2020\/02\/20191230_163041-2048x1536.jpg 2048w\" sizes=\"auto, (max-width: 800px) 100vw, 800px\" \/><figcaption id=\"caption-attachment-1915\" class=\"wp-caption-text\">Le soleil couchant irise les cr\u00eates de la station. Photo : BdF, le 30 d\u00e9cembre 2019.<\/figcaption><\/figure>\n<p style=\"text-align: justify;\">Une fois que vous avez contempl\u00e9, une derni\u00e8re fois, le paysage valaisan depuis Attelas ou la Chaux, il faut quitter l&#8217;Eden, d&#8217;autant plus que Messire Soleil commence \u00e0 tirer sa r\u00e9v\u00e9rence. J&#8217;entame donc la descente vers la plaine, pour ne pas dire vers &#8220;l&#8217;enfer&#8221;! Si les t\u00e9l\u00e9cabines de M\u00e9dran assurent assez correctement le transport jusqu&#8217;\u00e0 Verbier, celle qui descend au Ch\u00e2ble oblige \u00e0 un v\u00e9ritable parcours du combattant! D&#8217;abord, il faut prendre un ascenseur et donc prendre une file d&#8217;attente, ensuite accepter d&#8217;\u00eatre compress\u00e9 comme il est interdit de le faire pour des animaux d&#8217;\u00e9levage, ensuite participer \u00e0 une v\u00e9ritable m\u00eal\u00e9e de rugby pour atteindre, apr\u00e8s une demi-heure de compression, une cabine du Ch\u00e2ble.<\/p>\n<p style=\"text-align: justify;\">Enfin, une fois arriv\u00e9 en bas, de nuit, vous vous apercevrez que vos rep\u00e8res pris de jour ont l\u00e9g\u00e8rement \u00e9t\u00e9 modifi\u00e9s une fois la nuit tomb\u00e9e, et vous ne retrouvez plus votre voiture. Mais, au moins, la prochaine fois, s&#8217;il y en a une, vous vous souviendrez de la demi-heure que vous aurez consacr\u00e9e \u00e0 retrouver votre voiture et vous penserez \u00e0 bien noter o\u00f9 se situe votre ch\u00e8re automobile. Sauf, bien s\u00fbr, si vous montez \u00e0 la station avec votre v\u00e9hicule. Dans ce cas, vous ne serez pas compress\u00e9 mais cette option, en dehors du probl\u00e8me des bouchons, ne participera gu\u00e8re \u00e0 limiter la pollution et les \u00e9missions de CO2 dans la vall\u00e9e.<\/p>\n<p style=\"text-align: justify;\">L&#8217;explication de ce tohu-bohu, en dehors du fait de la p\u00e9riode de vacances scolaires, r\u00e9side probablement dans le fait que les remont\u00e9es m\u00e9caniques de Verbier appartiennent \u00e0 une soci\u00e9t\u00e9 majoritairement priv\u00e9e, T\u00e9l\u00e9verbier, pourtant <em>la plus importante soci\u00e9t\u00e9 de remont\u00e9es m\u00e9caniques de Suisse romande<\/em> d&#8217;apr\u00e8s le pr\u00e9sident de son Conseil d&#8217;Administration, Jean-Albert Ferrez<span class=\"footnote_referrer\"><a role=\"button\" tabindex=\"0\" onclick=\"footnote_moveToReference_1907_1('footnote_plugin_reference_1907_1_1');\" onkeypress=\"footnote_moveToReference_1907_1('footnote_plugin_reference_1907_1_1');\" ><sup id=\"footnote_plugin_tooltip_1907_1_1\" class=\"footnote_plugin_tooltip_text\">[1]<\/sup><\/a><span id=\"footnote_plugin_tooltip_text_1907_1_1\" class=\"footnote_tooltip\">T\u00e9l\u00e9verbier, <em>Soci\u00e9t\u00e9 leader du domaines des 4 Vall\u00e9es<\/em>, 2020, [vu le 19 f\u00e9vrier 2020]. Disponible sur : <a href=\"http:\/\/www.televerbier.ch\/fr\/televerbier\/entreprise.htm\" target=\"_blank\" rel=\"noopener noreferrer\"><span class=\"footnote_url_wrap\">http:\/\/www.televerbier.ch\/fr\/televerbier\/entreprise.htm<\/span><\/a><\/span><\/span><script type=\"text\/javascript\"> jQuery('#footnote_plugin_tooltip_1907_1_1').tooltip({ tip: '#footnote_plugin_tooltip_text_1907_1_1', tipClass: 'footnote_tooltip', effect: 'fade', predelay: 0, fadeInSpeed: 200, delay: 400, fadeOutSpeed: 200, position: 'top right', relative: true, offset: [10, 10], });<\/script>. Avec un objectif de rentabilit\u00e9 financi\u00e8re du fait de son actionnariat, T\u00e9l\u00e9verbier semble exploiter au maximum son mat\u00e9riel qui devient d\u00e8s lors trop limit\u00e9 pour absorber des pics de fr\u00e9quentation sans cr\u00e9er de longues files d&#8217;attente. Pourtant, ces \u00e9quipements, et les personnels qui les entretiennent, ne jouent pas uniquement un r\u00f4le ludique mais participent \u00e0 la dynamisation de toute une vall\u00e9e, en partenariat avec les autres stations des Quatre-Vall\u00e9es<span class=\"footnote_referrer\"><a role=\"button\" tabindex=\"0\" onclick=\"footnote_moveToReference_1907_1('footnote_plugin_reference_1907_1_2');\" onkeypress=\"footnote_moveToReference_1907_1('footnote_plugin_reference_1907_1_2');\" ><sup id=\"footnote_plugin_tooltip_1907_1_2\" class=\"footnote_plugin_tooltip_text\">[2]<\/sup><\/a><span id=\"footnote_plugin_tooltip_text_1907_1_2\" class=\"footnote_tooltip\">T\u00e9l\u00e9verbier g\u00e8re les remont\u00e9es m\u00e9caniques de La Tzoumaz, de Bruson et du Mont-Fort<\/span><\/span><script type=\"text\/javascript\"> jQuery('#footnote_plugin_tooltip_1907_1_2').tooltip({ tip: '#footnote_plugin_tooltip_text_1907_1_2', tipClass: 'footnote_tooltip', effect: 'fade', predelay: 0, fadeInSpeed: 200, delay: 400, fadeOutSpeed: 200, position: 'top right', relative: true, offset: [10, 10], });<\/script>. Ainsi, un partenariat avec le canton du Valais, et pas uniquement la ville de Bagnes<span class=\"footnote_referrer\"><a role=\"button\" tabindex=\"0\" onclick=\"footnote_moveToReference_1907_1('footnote_plugin_reference_1907_1_3');\" onkeypress=\"footnote_moveToReference_1907_1('footnote_plugin_reference_1907_1_3');\" ><sup id=\"footnote_plugin_tooltip_1907_1_3\" class=\"footnote_plugin_tooltip_text\">[3]<\/sup><\/a><span id=\"footnote_plugin_tooltip_text_1907_1_3\" class=\"footnote_tooltip\">Aujourd&#8217;hui, le seul actionnaire public est la ville de Bagnes qui, avec un quart des actions, est le second actionnaire de la soci\u00e9t\u00e9 de remont\u00e9es m\u00e9caniques T\u00e9l\u00e9verbier. Sources : T\u00e9l\u00e9verbier (TVRB), le 19 f\u00e9vrier 2020. Disponible sur : <a href=\"https:\/\/www.zonebourse.com\/TELEVERBIER-5405\/societe\/\" target=\"_blank\" rel=\"noopener noreferrer\"><span class=\"footnote_url_wrap\">https:\/\/www.zonebourse.com\/TELEVERBIER-5405\/societe\/<\/span><\/a><\/span><\/span><script type=\"text\/javascript\"> jQuery('#footnote_plugin_tooltip_1907_1_3').tooltip({ tip: '#footnote_plugin_tooltip_text_1907_1_3', tipClass: 'footnote_tooltip', effect: 'fade', predelay: 0, fadeInSpeed: 200, delay: 400, fadeOutSpeed: 200, position: 'top right', relative: true, offset: [10, 10], });<\/script>, permettrait au village non seulement de lisser les sommets d&#8217;exploitations gr\u00e2ce \u00e0 des remont\u00e9es qui deviendraient certes sur-dimensionn\u00e9es pendant les p\u00e9riodes creuses, mais \u00e9galement de contribuer \u00e0 un environnement montagnard plus propre et moins \u00e9metteur de gaz \u00e0 effet de serre peu propices \u00e0 l&#8217;enneigement. A ce propos, \u00e0 l&#8217;heure o\u00f9 l&#8217;on parle d&#8217;une fa\u00e7on omnipr\u00e9sente du r\u00e9chauffement climatique, il demeure \u00e9trange que Verbier soit encore sponsoris\u00e9e par un constructeur automobile allemand connu pour ses grosses cylindr\u00e9es et ses quatre-roues motrices citadines<span class=\"footnote_referrer\"><a role=\"button\" tabindex=\"0\" onclick=\"footnote_moveToReference_1907_1('footnote_plugin_reference_1907_1_4');\" onkeypress=\"footnote_moveToReference_1907_1('footnote_plugin_reference_1907_1_4');\" ><sup id=\"footnote_plugin_tooltip_1907_1_4\" class=\"footnote_plugin_tooltip_text\">[4]<\/sup><\/a><span id=\"footnote_plugin_tooltip_text_1907_1_4\" class=\"footnote_tooltip\">m\u00eame si le nombre de v\u00e9hicules \u00e9lectriques neufs a fortement augment\u00e9 en nombres relatifs (entre 2018 et 2019 : +50% en France et + 150% en Suisse), il reste que ce march\u00e9 ne repr\u00e9sentait que 2% des ventes fran\u00e7aises et 5% des ventes helv\u00e9tiques. Sources :&nbsp; AUTOMOBILES PROPRES, Ventes de voitures \u00e9lectriques en France en 2019, le 16 janvier 2020, [Vu le 19 f\u00e9vrier 2020]. Disponible sur : <a href=\"https:\/\/www.automobile-propre.com\/dossiers\/chiffres-vente-immatriculations-france\/#Ventes_de_voitures_electriques_en_France_en_2019\" target=\"_blank\" rel=\"noopener noreferrer\"><span class=\"footnote_url_wrap\">https:\/\/www.automobile-propre.com\/dossiers\/chiffres-vente-immatriculations-france\/#Ventes_de_voitures_electriques_en_France_en_2019<\/span><\/a> . Voir aussi : RTS, En Suisse, les voitures \u00e9lectriques connaissent une forte croissance, 31 janvier 2020, [Vu le 19 f\u00e9vrier 2020]. Disponible sur : <span class=\"footnote_url_wrap\">https:\/\/www.rts.ch\/info\/suisse\/11057913-en-suisse-les-voitures-electriques-connaissent-une-forte-croissance.html<\/span><\/span><\/span><script type=\"text\/javascript\"> jQuery('#footnote_plugin_tooltip_1907_1_4').tooltip({ tip: '#footnote_plugin_tooltip_text_1907_1_4', tipClass: 'footnote_tooltip', effect: 'fade', predelay: 0, fadeInSpeed: 200, delay: 400, fadeOutSpeed: 200, position: 'top right', relative: true, offset: [10, 10], });<\/script>.<\/p>\n<p style=\"text-align: justify;\">En facilitant l&#8217;acc\u00e8s \u00e0 la station via des t\u00e9l\u00e9cabines capables d&#8217;absorber les arriv\u00e9es massives de clients, Verbier encouragerait les skieurs \u00e0 utiliser les transports en commun. Mais comme une cha\u00eene n&#8217;est forte que par son maillon le plus faible, le point n\u00e9vralgique du Ch\u00e2ble peut d\u00e9courager les touristes \u00e0 venir en train, surtout s&#8217;ils ont des bagages et s&#8217;ils savent qu&#8217;ils vont \u00eatre ensuite prisonniers d&#8217;interminables files d&#8217;attente, en d\u00e9but ou en fin de journ\u00e9e, dans le fond du Val de Bagnes.<\/p>\n<p style=\"text-align: justify;\">Bibliographie suppl\u00e9mentaire : <span class=\"footnote_referrer\"><a role=\"button\" tabindex=\"0\" onclick=\"footnote_moveToReference_1907_1('footnote_plugin_reference_1907_1_5');\" onkeypress=\"footnote_moveToReference_1907_1('footnote_plugin_reference_1907_1_5');\" ><sup id=\"footnote_plugin_tooltip_1907_1_5\" class=\"footnote_plugin_tooltip_text\">[5]<\/sup><\/a><span id=\"footnote_plugin_tooltip_text_1907_1_5\" class=\"footnote_tooltip\">4 Vall\u00e9es Mont-Fort 3330, [vu le 19 f\u00e9vrier 2020]. Disponible sur : <a href=\"https:\/\/infosnow.ch\/~apgmontagne\/?id=45&amp;lang=fr&amp;tab=map-wi&amp;sat=&amp;tv=\" target=\"_blank\" rel=\"noopener noreferrer\"><span class=\"footnote_url_wrap\">https:\/\/infosnow.ch\/~apgmontagne\/?id=45&amp;lang=fr&amp;tab=map-wi&amp;sat=&amp;tv=<\/span><\/a><\/span><\/span><script type=\"text\/javascript\"> jQuery('#footnote_plugin_tooltip_1907_1_5').tooltip({ tip: '#footnote_plugin_tooltip_text_1907_1_5', tipClass: 'footnote_tooltip', effect: 'fade', predelay: 0, fadeInSpeed: 200, delay: 400, fadeOutSpeed: 200, position: 'top right', relative: true, offset: [10, 10], });<\/script> <span class=\"footnote_referrer\"><a role=\"button\" tabindex=\"0\" onclick=\"footnote_moveToReference_1907_1('footnote_plugin_reference_1907_1_6');\" onkeypress=\"footnote_moveToReference_1907_1('footnote_plugin_reference_1907_1_6');\" ><sup id=\"footnote_plugin_tooltip_1907_1_6\" class=\"footnote_plugin_tooltip_text\">[6]<\/sup><\/a><span id=\"footnote_plugin_tooltip_text_1907_1_6\" class=\"footnote_tooltip\">4 Vall\u00e9es Mont-Fort 3330 Verbier, [vu le 19 f\u00e9vrier 2020]. Disponible sur : <a href=\"http:\/\/www.verbier.ch\/fr\/carte-station.htm\" target=\"_blank\" rel=\"noopener noreferrer\"><span class=\"footnote_url_wrap\">http:\/\/www.verbier.ch\/fr\/carte-station.htm<\/span><\/a><\/span><\/span><script type=\"text\/javascript\"> jQuery('#footnote_plugin_tooltip_1907_1_6').tooltip({ tip: '#footnote_plugin_tooltip_text_1907_1_6', tipClass: 'footnote_tooltip', effect: 'fade', predelay: 0, fadeInSpeed: 200, delay: 400, fadeOutSpeed: 200, position: 'top right', relative: true, offset: [10, 10], });<\/script> <span class=\"footnote_referrer\"><a role=\"button\" tabindex=\"0\" onclick=\"footnote_moveToReference_1907_1('footnote_plugin_reference_1907_1_7');\" onkeypress=\"footnote_moveToReference_1907_1('footnote_plugin_reference_1907_1_7');\" ><sup id=\"footnote_plugin_tooltip_1907_1_7\" class=\"footnote_plugin_tooltip_text\">[7]<\/sup><\/a><span id=\"footnote_plugin_tooltip_text_1907_1_7\" class=\"footnote_tooltip\">Mont-Blanc Natural Resort, [vu le 19 f\u00e9vrier 2020]. Disponible sur : <a href=\"https:\/\/www.skiinfo.fr\/valais\/verbier\/station-de-ski.html\" target=\"_blank\" rel=\"noopener noreferrer\"><span class=\"footnote_url_wrap\">https:\/\/www.skiinfo.fr\/valais\/verbier\/station-de-ski.html<\/span><\/a><\/span><\/span><script type=\"text\/javascript\"> jQuery('#footnote_plugin_tooltip_1907_1_7').tooltip({ tip: '#footnote_plugin_tooltip_text_1907_1_7', tipClass: 'footnote_tooltip', effect: 'fade', predelay: 0, fadeInSpeed: 200, delay: 400, fadeOutSpeed: 200, position: 'top right', relative: true, offset: [10, 10], });<\/script> <span class=\"footnote_referrer\"><a role=\"button\" tabindex=\"0\" onclick=\"footnote_moveToReference_1907_1('footnote_plugin_reference_1907_1_8');\" onkeypress=\"footnote_moveToReference_1907_1('footnote_plugin_reference_1907_1_8');\" ><sup id=\"footnote_plugin_tooltip_1907_1_8\" class=\"footnote_plugin_tooltip_text\">[8]<\/sup><\/a><span id=\"footnote_plugin_tooltip_text_1907_1_8\" class=\"footnote_tooltip\">Verbier 4 Vall\u00e9es, [vu le 19 f\u00e9vrier 2020]. Disponible sur : <a href=\"https:\/\/www.remontees-mecaniques.net\/bdd\/station-verbier-34.html\" target=\"_blank\" rel=\"noopener noreferrer\"><span class=\"footnote_url_wrap\">https:\/\/www.remontees-mecaniques.net\/bdd\/station-verbier-34.html<\/span><\/a><\/span><\/span><script type=\"text\/javascript\"> jQuery('#footnote_plugin_tooltip_1907_1_8').tooltip({ tip: '#footnote_plugin_tooltip_text_1907_1_8', tipClass: 'footnote_tooltip', effect: 'fade', predelay: 0, fadeInSpeed: 200, delay: 400, fadeOutSpeed: 200, position: 'top right', relative: true, offset: [10, 10], });<\/script> <span class=\"footnote_referrer\"><a role=\"button\" tabindex=\"0\" onclick=\"footnote_moveToReference_1907_1('footnote_plugin_reference_1907_1_9');\" onkeypress=\"footnote_moveToReference_1907_1('footnote_plugin_reference_1907_1_9');\" ><sup id=\"footnote_plugin_tooltip_1907_1_9\" class=\"footnote_plugin_tooltip_text\">[9]<\/sup><\/a><span id=\"footnote_plugin_tooltip_text_1907_1_9\" class=\"footnote_tooltip\">Nendaz Veysonaz remont\u00e9es m\u00e9caniques, [vu le 19 f\u00e9vrier 2020]. Disponible sur : <a href=\"https:\/\/www.nvrm.ch\/fr\/actionnaires\/informations\/informations-actionnaires.htm\" target=\"_blank\" rel=\"noopener noreferrer\"><span class=\"footnote_url_wrap\">https:\/\/www.nvrm.ch\/fr\/actionnaires\/informations\/informations-actionnaires.htm<\/span><\/a><\/span><\/span><script type=\"text\/javascript\"> jQuery('#footnote_plugin_tooltip_1907_1_9').tooltip({ tip: '#footnote_plugin_tooltip_text_1907_1_9', tipClass: 'footnote_tooltip', effect: 'fade', predelay: 0, fadeInSpeed: 200, delay: 400, fadeOutSpeed: 200, position: 'top right', relative: true, offset: [10, 10], });<\/script> <span class=\"footnote_referrer\"><a role=\"button\" tabindex=\"0\" onclick=\"footnote_moveToReference_1907_1('footnote_plugin_reference_1907_1_10');\" onkeypress=\"footnote_moveToReference_1907_1('footnote_plugin_reference_1907_1_10');\" ><sup id=\"footnote_plugin_tooltip_1907_1_10\" class=\"footnote_plugin_tooltip_text\">[10]<\/sup><\/a><span id=\"footnote_plugin_tooltip_text_1907_1_10\" class=\"footnote_tooltip\">Val de Bagnes, [vu le 19 f\u00e9vrier 2020]. Disponible sur : <a href=\"http:\/\/www.valdebagnes.ch\/\" target=\"_blank\" rel=\"noopener noreferrer\"><span class=\"footnote_url_wrap\">http:\/\/www.valdebagnes.ch\/<\/span><\/a><\/span><\/span><script type=\"text\/javascript\"> jQuery('#footnote_plugin_tooltip_1907_1_10').tooltip({ tip: '#footnote_plugin_tooltip_text_1907_1_10', tipClass: 'footnote_tooltip', effect: 'fade', predelay: 0, fadeInSpeed: 200, delay: 400, fadeOutSpeed: 200, position: 'top right', relative: true, offset: [10, 10], });<\/script><\/p>\n<p>[mapsmarker marker=&#8221;17&#8243;]<\/p>\n<p>&nbsp;<\/p>\n<p>&nbsp;<\/p>\n<p>&nbsp;<\/p>\n<p>&nbsp;<\/p>\n<p>&nbsp;<\/p>\n<div class=\"speaker-mute footnotes_reference_container\"> <div class=\"footnote_container_prepare\"><p><span role=\"button\" tabindex=\"0\" class=\"footnote_reference_container_label pointer\" onclick=\"footnote_expand_collapse_reference_container_1907_1();\">R\u00e9f\u00e9rences<\/span><span role=\"button\" tabindex=\"0\" class=\"footnote_reference_container_collapse_button\" style=\"\" onclick=\"footnote_expand_collapse_reference_container_1907_1();\">[<a id=\"footnote_reference_container_collapse_button_1907_1\">+<\/a>]<\/span><\/p><\/div> <div id=\"footnote_references_container_1907_1\" style=\"display: none;\"><table class=\"footnotes_table footnote-reference-container\"><caption class=\"accessibility\">R\u00e9f\u00e9rences<\/caption> <tbody> \r\n\r\n<tr class=\"footnotes_plugin_reference_row\"> <th scope=\"row\" class=\"footnote_plugin_index_combi pointer\"  onclick=\"footnote_moveToAnchor_1907_1('footnote_plugin_tooltip_1907_1_1');\"><a id=\"footnote_plugin_reference_1907_1_1\" class=\"footnote_backlink\"><span class=\"footnote_index_arrow\">&#8593;<\/span>1<\/a><\/th> <td class=\"footnote_plugin_text\">T\u00e9l\u00e9verbier, <em>Soci\u00e9t\u00e9 leader du domaines des 4 Vall\u00e9es<\/em>, 2020, [vu le 19 f\u00e9vrier 2020]. Disponible sur : <a href=\"http:\/\/www.televerbier.ch\/fr\/televerbier\/entreprise.htm\" target=\"_blank\" rel=\"noopener noreferrer\"><span class=\"footnote_url_wrap\">http:\/\/www.televerbier.ch\/fr\/televerbier\/entreprise.htm<\/span><\/a><\/td><\/tr>\r\n\r\n<tr class=\"footnotes_plugin_reference_row\"> <th scope=\"row\" class=\"footnote_plugin_index_combi pointer\"  onclick=\"footnote_moveToAnchor_1907_1('footnote_plugin_tooltip_1907_1_2');\"><a id=\"footnote_plugin_reference_1907_1_2\" class=\"footnote_backlink\"><span class=\"footnote_index_arrow\">&#8593;<\/span>2<\/a><\/th> <td class=\"footnote_plugin_text\">T\u00e9l\u00e9verbier g\u00e8re les remont\u00e9es m\u00e9caniques de La Tzoumaz, de Bruson et du Mont-Fort<\/td><\/tr>\r\n\r\n<tr class=\"footnotes_plugin_reference_row\"> <th scope=\"row\" class=\"footnote_plugin_index_combi pointer\"  onclick=\"footnote_moveToAnchor_1907_1('footnote_plugin_tooltip_1907_1_3');\"><a id=\"footnote_plugin_reference_1907_1_3\" class=\"footnote_backlink\"><span class=\"footnote_index_arrow\">&#8593;<\/span>3<\/a><\/th> <td class=\"footnote_plugin_text\">Aujourd&#8217;hui, le seul actionnaire public est la ville de Bagnes qui, avec un quart des actions, est le second actionnaire de la soci\u00e9t\u00e9 de remont\u00e9es m\u00e9caniques T\u00e9l\u00e9verbier. Sources : T\u00e9l\u00e9verbier (TVRB), le 19 f\u00e9vrier 2020. Disponible sur : <a href=\"https:\/\/www.zonebourse.com\/TELEVERBIER-5405\/societe\/\" target=\"_blank\" rel=\"noopener noreferrer\"><span class=\"footnote_url_wrap\">https:\/\/www.zonebourse.com\/TELEVERBIER-5405\/societe\/<\/span><\/a><\/td><\/tr>\r\n\r\n<tr class=\"footnotes_plugin_reference_row\"> <th scope=\"row\" class=\"footnote_plugin_index_combi pointer\"  onclick=\"footnote_moveToAnchor_1907_1('footnote_plugin_tooltip_1907_1_4');\"><a id=\"footnote_plugin_reference_1907_1_4\" class=\"footnote_backlink\"><span class=\"footnote_index_arrow\">&#8593;<\/span>4<\/a><\/th> <td class=\"footnote_plugin_text\">m\u00eame si le nombre de v\u00e9hicules \u00e9lectriques neufs a fortement augment\u00e9 en nombres relatifs (entre 2018 et 2019 : +50% en France et + 150% en Suisse), il reste que ce march\u00e9 ne repr\u00e9sentait que 2% des ventes fran\u00e7aises et 5% des ventes helv\u00e9tiques. Sources :&nbsp; AUTOMOBILES PROPRES, Ventes de voitures \u00e9lectriques en France en 2019, le 16 janvier 2020, [Vu le 19 f\u00e9vrier 2020]. Disponible sur : <a href=\"https:\/\/www.automobile-propre.com\/dossiers\/chiffres-vente-immatriculations-france\/#Ventes_de_voitures_electriques_en_France_en_2019\" target=\"_blank\" rel=\"noopener noreferrer\"><span class=\"footnote_url_wrap\">https:\/\/www.automobile-propre.com\/dossiers\/chiffres-vente-immatriculations-france\/#Ventes_de_voitures_electriques_en_France_en_2019<\/span><\/a> . Voir aussi : RTS, En Suisse, les voitures \u00e9lectriques connaissent une forte croissance, 31 janvier 2020, [Vu le 19 f\u00e9vrier 2020]. Disponible sur : <span class=\"footnote_url_wrap\">https:\/\/www.rts.ch\/info\/suisse\/11057913-en-suisse-les-voitures-electriques-connaissent-une-forte-croissance.html<\/span><\/td><\/tr>\r\n\r\n<tr class=\"footnotes_plugin_reference_row\"> <th scope=\"row\" class=\"footnote_plugin_index_combi pointer\"  onclick=\"footnote_moveToAnchor_1907_1('footnote_plugin_tooltip_1907_1_5');\"><a id=\"footnote_plugin_reference_1907_1_5\" class=\"footnote_backlink\"><span class=\"footnote_index_arrow\">&#8593;<\/span>5<\/a><\/th> <td class=\"footnote_plugin_text\">4 Vall\u00e9es Mont-Fort 3330, [vu le 19 f\u00e9vrier 2020]. Disponible sur : <a href=\"https:\/\/infosnow.ch\/~apgmontagne\/?id=45&amp;lang=fr&amp;tab=map-wi&amp;sat=&amp;tv=\" target=\"_blank\" rel=\"noopener noreferrer\"><span class=\"footnote_url_wrap\">https:\/\/infosnow.ch\/~apgmontagne\/?id=45&amp;lang=fr&amp;tab=map-wi&amp;sat=&amp;tv=<\/span><\/a><\/td><\/tr>\r\n\r\n<tr class=\"footnotes_plugin_reference_row\"> <th scope=\"row\" class=\"footnote_plugin_index_combi pointer\"  onclick=\"footnote_moveToAnchor_1907_1('footnote_plugin_tooltip_1907_1_6');\"><a id=\"footnote_plugin_reference_1907_1_6\" class=\"footnote_backlink\"><span class=\"footnote_index_arrow\">&#8593;<\/span>6<\/a><\/th> <td class=\"footnote_plugin_text\">4 Vall\u00e9es Mont-Fort 3330 Verbier, [vu le 19 f\u00e9vrier 2020]. Disponible sur : <a href=\"http:\/\/www.verbier.ch\/fr\/carte-station.htm\" target=\"_blank\" rel=\"noopener noreferrer\"><span class=\"footnote_url_wrap\">http:\/\/www.verbier.ch\/fr\/carte-station.htm<\/span><\/a><\/td><\/tr>\r\n\r\n<tr class=\"footnotes_plugin_reference_row\"> <th scope=\"row\" class=\"footnote_plugin_index_combi pointer\"  onclick=\"footnote_moveToAnchor_1907_1('footnote_plugin_tooltip_1907_1_7');\"><a id=\"footnote_plugin_reference_1907_1_7\" class=\"footnote_backlink\"><span class=\"footnote_index_arrow\">&#8593;<\/span>7<\/a><\/th> <td class=\"footnote_plugin_text\">Mont-Blanc Natural Resort, [vu le 19 f\u00e9vrier 2020]. Disponible sur : <a href=\"https:\/\/www.skiinfo.fr\/valais\/verbier\/station-de-ski.html\" target=\"_blank\" rel=\"noopener noreferrer\"><span class=\"footnote_url_wrap\">https:\/\/www.skiinfo.fr\/valais\/verbier\/station-de-ski.html<\/span><\/a><\/td><\/tr>\r\n\r\n<tr class=\"footnotes_plugin_reference_row\"> <th scope=\"row\" class=\"footnote_plugin_index_combi pointer\"  onclick=\"footnote_moveToAnchor_1907_1('footnote_plugin_tooltip_1907_1_8');\"><a id=\"footnote_plugin_reference_1907_1_8\" class=\"footnote_backlink\"><span class=\"footnote_index_arrow\">&#8593;<\/span>8<\/a><\/th> <td class=\"footnote_plugin_text\">Verbier 4 Vall\u00e9es, [vu le 19 f\u00e9vrier 2020]. Disponible sur : <a href=\"https:\/\/www.remontees-mecaniques.net\/bdd\/station-verbier-34.html\" target=\"_blank\" rel=\"noopener noreferrer\"><span class=\"footnote_url_wrap\">https:\/\/www.remontees-mecaniques.net\/bdd\/station-verbier-34.html<\/span><\/a><\/td><\/tr>\r\n\r\n<tr class=\"footnotes_plugin_reference_row\"> <th scope=\"row\" class=\"footnote_plugin_index_combi pointer\"  onclick=\"footnote_moveToAnchor_1907_1('footnote_plugin_tooltip_1907_1_9');\"><a id=\"footnote_plugin_reference_1907_1_9\" class=\"footnote_backlink\"><span class=\"footnote_index_arrow\">&#8593;<\/span>9<\/a><\/th> <td class=\"footnote_plugin_text\">Nendaz Veysonaz remont\u00e9es m\u00e9caniques, [vu le 19 f\u00e9vrier 2020]. Disponible sur : <a href=\"https:\/\/www.nvrm.ch\/fr\/actionnaires\/informations\/informations-actionnaires.htm\" target=\"_blank\" rel=\"noopener noreferrer\"><span class=\"footnote_url_wrap\">https:\/\/www.nvrm.ch\/fr\/actionnaires\/informations\/informations-actionnaires.htm<\/span><\/a><\/td><\/tr>\r\n\r\n<tr class=\"footnotes_plugin_reference_row\"> <th scope=\"row\" class=\"footnote_plugin_index_combi pointer\"  onclick=\"footnote_moveToAnchor_1907_1('footnote_plugin_tooltip_1907_1_10');\"><a id=\"footnote_plugin_reference_1907_1_10\" class=\"footnote_backlink\"><span class=\"footnote_index_arrow\">&#8593;<\/span>10<\/a><\/th> <td class=\"footnote_plugin_text\">Val de Bagnes, [vu le 19 f\u00e9vrier 2020]. Disponible sur : <a href=\"http:\/\/www.valdebagnes.ch\/\" target=\"_blank\" rel=\"noopener noreferrer\"><span class=\"footnote_url_wrap\">http:\/\/www.valdebagnes.ch\/<\/span><\/a><\/td><\/tr>\r\n\r\n <\/tbody> <\/table> <\/div><\/div><script type=\"text\/javascript\"> function footnote_expand_reference_container_1907_1() { jQuery('#footnote_references_container_1907_1').show(); jQuery('#footnote_reference_container_collapse_button_1907_1').text('\u2212'); } function footnote_collapse_reference_container_1907_1() { jQuery('#footnote_references_container_1907_1').hide(); jQuery('#footnote_reference_container_collapse_button_1907_1').text('+'); } function footnote_expand_collapse_reference_container_1907_1() { if (jQuery('#footnote_references_container_1907_1').is(':hidden')) { footnote_expand_reference_container_1907_1(); } else { footnote_collapse_reference_container_1907_1(); } } function footnote_moveToReference_1907_1(p_str_TargetID) { footnote_expand_reference_container_1907_1(); var l_obj_Target = jQuery('#' + p_str_TargetID); if (l_obj_Target.length) { jQuery( 'html, body' ).delay( 0 ); jQuery('html, body').animate({ scrollTop: l_obj_Target.offset().top - window.innerHeight * 0.2 }, 380); } } function footnote_moveToAnchor_1907_1(p_str_TargetID) { footnote_expand_reference_container_1907_1(); var l_obj_Target = jQuery('#' + p_str_TargetID); if (l_obj_Target.length) { jQuery( 'html, body' ).delay( 0 ); jQuery('html, body').animate({ scrollTop: l_obj_Target.offset().top - window.innerHeight * 0.2 }, 380); } }<\/script>","protected":false},"excerpt":{"rendered":"<p>Lors de mon arriv\u00e9e, en voiture, au Ch\u00e2ble (850 m d&#8217;altitude), le village d&#8217;acc\u00e8s \u00e0 la station (situ\u00e9e \u00e0 1500<\/p>\n","protected":false},"author":1,"featured_media":1914,"comment_status":"open","ping_status":"open","sticky":false,"template":"","format":"standard","meta":{"_acf_changed":false,"inline_featured_image":false,"_exactmetrics_skip_tracking":false,"_exactmetrics_sitenote_active":false,"_exactmetrics_sitenote_note":"","_exactmetrics_sitenote_category":0,"ngg_post_thumbnail":0,"_jetpack_memberships_contains_paid_content":false,"footnotes":""},"categories":[4,74,7,5],"tags":[],"class_list":["post-1907","post","type-post","status-publish","format-standard","has-post-thumbnail","hentry","category-environnement_fr","category-tourisme","category-transports_fr","category-urbanisme_fr"],"acf":[],"yoast_head":"<!-- This site is optimized with the Yoast SEO plugin v27.2 - https:\/\/yoast.com\/product\/yoast-seo-wordpress\/ -->\n<title>Les deux faces de Verbier (Suisse) - ContribCity<\/title>\n<meta name=\"robots\" content=\"index, follow, max-snippet:-1, max-image-preview:large, max-video-preview:-1\" \/>\n<link rel=\"canonical\" href=\"https:\/\/contrib.city\/index.php\/2020\/02\/19\/les-deux-faces-de-verbier\/\" \/>\n<meta property=\"og:locale\" content=\"fr_FR\" \/>\n<meta property=\"og:type\" content=\"article\" \/>\n<meta property=\"og:title\" content=\"Les deux faces de Verbier (Suisse) - ContribCity\" \/>\n<meta property=\"og:description\" content=\"Lors de mon arriv\u00e9e, en voiture, au Ch\u00e2ble (850 m d&#8217;altitude), le village d&#8217;acc\u00e8s \u00e0 la station (situ\u00e9e \u00e0 1500\" \/>\n<meta property=\"og:url\" content=\"https:\/\/contrib.city\/index.php\/2020\/02\/19\/les-deux-faces-de-verbier\/\" \/>\n<meta property=\"og:site_name\" content=\"ContribCity\" \/>\n<meta property=\"article:published_time\" content=\"2020-02-19T20:54:14+00:00\" \/>\n<meta property=\"article:modified_time\" content=\"2020-04-01T20:21:36+00:00\" \/>\n<meta property=\"og:image\" content=\"https:\/\/contrib.city\/wp-content\/uploads\/2020\/02\/Les-deux-faces-de-Verbier-caches-scaled.jpg\" \/>\n\t<meta property=\"og:image:width\" content=\"2560\" \/>\n\t<meta property=\"og:image:height\" content=\"955\" \/>\n\t<meta property=\"og:image:type\" content=\"image\/jpeg\" \/>\n<meta name=\"author\" content=\"Bertrand de Foucauld\" \/>\n<meta name=\"twitter:card\" content=\"summary_large_image\" \/>\n<meta name=\"twitter:label1\" content=\"\u00c9crit par\" \/>\n\t<meta name=\"twitter:data1\" content=\"Bertrand de Foucauld\" \/>\n\t<meta name=\"twitter:label2\" content=\"Dur\u00e9e de lecture estim\u00e9e\" \/>\n\t<meta name=\"twitter:data2\" content=\"7 minutes\" \/>\n<script type=\"application\/ld+json\" class=\"yoast-schema-graph\">{\"@context\":\"https:\/\/schema.org\",\"@graph\":[{\"@type\":\"Article\",\"@id\":\"https:\/\/contrib.city\/index.php\/2020\/02\/19\/les-deux-faces-de-verbier\/#article\",\"isPartOf\":{\"@id\":\"https:\/\/contrib.city\/index.php\/2020\/02\/19\/les-deux-faces-de-verbier\/\"},\"author\":{\"name\":\"Bertrand de Foucauld\",\"@id\":\"https:\/\/contrib.city\/#\/schema\/person\/ec389c5a78a37ccaee4e8ce098099db5\"},\"headline\":\"Les deux faces de Verbier (Suisse)\",\"datePublished\":\"2020-02-19T20:54:14+00:00\",\"dateModified\":\"2020-04-01T20:21:36+00:00\",\"mainEntityOfPage\":{\"@id\":\"https:\/\/contrib.city\/index.php\/2020\/02\/19\/les-deux-faces-de-verbier\/\"},\"wordCount\":1538,\"commentCount\":0,\"publisher\":{\"@id\":\"https:\/\/contrib.city\/#organization\"},\"image\":{\"@id\":\"https:\/\/contrib.city\/index.php\/2020\/02\/19\/les-deux-faces-de-verbier\/#primaryimage\"},\"thumbnailUrl\":\"https:\/\/contrib.city\/wp-content\/uploads\/2020\/02\/Les-deux-faces-de-Verbier-caches-scaled.jpg\",\"articleSection\":[\"Environnement\",\"Tourisme\",\"Transports\",\"Urbanisme\"],\"inLanguage\":\"fr-FR\",\"potentialAction\":[{\"@type\":\"CommentAction\",\"name\":\"Comment\",\"target\":[\"https:\/\/contrib.city\/index.php\/2020\/02\/19\/les-deux-faces-de-verbier\/#respond\"]}]},{\"@type\":\"WebPage\",\"@id\":\"https:\/\/contrib.city\/index.php\/2020\/02\/19\/les-deux-faces-de-verbier\/\",\"url\":\"https:\/\/contrib.city\/index.php\/2020\/02\/19\/les-deux-faces-de-verbier\/\",\"name\":\"Les deux faces de Verbier (Suisse) - ContribCity\",\"isPartOf\":{\"@id\":\"https:\/\/contrib.city\/#website\"},\"primaryImageOfPage\":{\"@id\":\"https:\/\/contrib.city\/index.php\/2020\/02\/19\/les-deux-faces-de-verbier\/#primaryimage\"},\"image\":{\"@id\":\"https:\/\/contrib.city\/index.php\/2020\/02\/19\/les-deux-faces-de-verbier\/#primaryimage\"},\"thumbnailUrl\":\"https:\/\/contrib.city\/wp-content\/uploads\/2020\/02\/Les-deux-faces-de-Verbier-caches-scaled.jpg\",\"datePublished\":\"2020-02-19T20:54:14+00:00\",\"dateModified\":\"2020-04-01T20:21:36+00:00\",\"breadcrumb\":{\"@id\":\"https:\/\/contrib.city\/index.php\/2020\/02\/19\/les-deux-faces-de-verbier\/#breadcrumb\"},\"inLanguage\":\"fr-FR\",\"potentialAction\":[{\"@type\":\"ReadAction\",\"target\":[\"https:\/\/contrib.city\/index.php\/2020\/02\/19\/les-deux-faces-de-verbier\/\"]}]},{\"@type\":\"ImageObject\",\"inLanguage\":\"fr-FR\",\"@id\":\"https:\/\/contrib.city\/index.php\/2020\/02\/19\/les-deux-faces-de-verbier\/#primaryimage\",\"url\":\"https:\/\/contrib.city\/wp-content\/uploads\/2020\/02\/Les-deux-faces-de-Verbier-caches-scaled.jpg\",\"contentUrl\":\"https:\/\/contrib.city\/wp-content\/uploads\/2020\/02\/Les-deux-faces-de-Verbier-caches-scaled.jpg\",\"width\":2560,\"height\":955},{\"@type\":\"BreadcrumbList\",\"@id\":\"https:\/\/contrib.city\/index.php\/2020\/02\/19\/les-deux-faces-de-verbier\/#breadcrumb\",\"itemListElement\":[{\"@type\":\"ListItem\",\"position\":1,\"name\":\"Home\",\"item\":\"https:\/\/contrib.city\/\"},{\"@type\":\"ListItem\",\"position\":2,\"name\":\"Les deux faces de Verbier (Suisse)\"}]},{\"@type\":\"WebSite\",\"@id\":\"https:\/\/contrib.city\/#website\",\"url\":\"https:\/\/contrib.city\/\",\"name\":\"ContribCity\",\"description\":\"Parlons de nos lieux de vie\",\"publisher\":{\"@id\":\"https:\/\/contrib.city\/#organization\"},\"potentialAction\":[{\"@type\":\"SearchAction\",\"target\":{\"@type\":\"EntryPoint\",\"urlTemplate\":\"https:\/\/contrib.city\/?s={search_term_string}\"},\"query-input\":{\"@type\":\"PropertyValueSpecification\",\"valueRequired\":true,\"valueName\":\"search_term_string\"}}],\"inLanguage\":\"fr-FR\"},{\"@type\":\"Organization\",\"@id\":\"https:\/\/contrib.city\/#organization\",\"name\":\"ContribCity\",\"url\":\"https:\/\/contrib.city\/\",\"logo\":{\"@type\":\"ImageObject\",\"inLanguage\":\"fr-FR\",\"@id\":\"https:\/\/contrib.city\/#\/schema\/logo\/image\/\",\"url\":\"https:\/\/contrib.city\/wp-content\/uploads\/2020\/01\/cropped-Parlons-de-nos-lieux-de-vie-2.jpg\",\"contentUrl\":\"https:\/\/contrib.city\/wp-content\/uploads\/2020\/01\/cropped-Parlons-de-nos-lieux-de-vie-2.jpg\",\"width\":1133,\"height\":218,\"caption\":\"ContribCity\"},\"image\":{\"@id\":\"https:\/\/contrib.city\/#\/schema\/logo\/image\/\"}},{\"@type\":\"Person\",\"@id\":\"https:\/\/contrib.city\/#\/schema\/person\/ec389c5a78a37ccaee4e8ce098099db5\",\"name\":\"Bertrand de Foucauld\",\"image\":{\"@type\":\"ImageObject\",\"inLanguage\":\"fr-FR\",\"@id\":\"https:\/\/secure.gravatar.com\/avatar\/c49e25550e4609092f7a00fb677a980813788778df987b36cad9b0fc85a8bf73?s=96&d=mm&r=g\",\"url\":\"https:\/\/secure.gravatar.com\/avatar\/c49e25550e4609092f7a00fb677a980813788778df987b36cad9b0fc85a8bf73?s=96&d=mm&r=g\",\"contentUrl\":\"https:\/\/secure.gravatar.com\/avatar\/c49e25550e4609092f7a00fb677a980813788778df987b36cad9b0fc85a8bf73?s=96&d=mm&r=g\",\"caption\":\"Bertrand de Foucauld\"},\"url\":\"https:\/\/contrib.city\/index.php\/author\/bertrand\/\"}]}<\/script>\n<!-- \/ Yoast SEO plugin. -->","yoast_head_json":{"title":"Les deux faces de Verbier (Suisse) - ContribCity","robots":{"index":"index","follow":"follow","max-snippet":"max-snippet:-1","max-image-preview":"max-image-preview:large","max-video-preview":"max-video-preview:-1"},"canonical":"https:\/\/contrib.city\/index.php\/2020\/02\/19\/les-deux-faces-de-verbier\/","og_locale":"fr_FR","og_type":"article","og_title":"Les deux faces de Verbier (Suisse) - ContribCity","og_description":"Lors de mon arriv\u00e9e, en voiture, au Ch\u00e2ble (850 m d&#8217;altitude), le village d&#8217;acc\u00e8s \u00e0 la station (situ\u00e9e \u00e0 1500","og_url":"https:\/\/contrib.city\/index.php\/2020\/02\/19\/les-deux-faces-de-verbier\/","og_site_name":"ContribCity","article_published_time":"2020-02-19T20:54:14+00:00","article_modified_time":"2020-04-01T20:21:36+00:00","og_image":[{"width":2560,"height":955,"url":"https:\/\/contrib.city\/wp-content\/uploads\/2020\/02\/Les-deux-faces-de-Verbier-caches-scaled.jpg","type":"image\/jpeg"}],"author":"Bertrand de Foucauld","twitter_card":"summary_large_image","twitter_misc":{"\u00c9crit par":"Bertrand de Foucauld","Dur\u00e9e de lecture estim\u00e9e":"7 minutes"},"schema":{"@context":"https:\/\/schema.org","@graph":[{"@type":"Article","@id":"https:\/\/contrib.city\/index.php\/2020\/02\/19\/les-deux-faces-de-verbier\/#article","isPartOf":{"@id":"https:\/\/contrib.city\/index.php\/2020\/02\/19\/les-deux-faces-de-verbier\/"},"author":{"name":"Bertrand de Foucauld","@id":"https:\/\/contrib.city\/#\/schema\/person\/ec389c5a78a37ccaee4e8ce098099db5"},"headline":"Les deux faces de Verbier (Suisse)","datePublished":"2020-02-19T20:54:14+00:00","dateModified":"2020-04-01T20:21:36+00:00","mainEntityOfPage":{"@id":"https:\/\/contrib.city\/index.php\/2020\/02\/19\/les-deux-faces-de-verbier\/"},"wordCount":1538,"commentCount":0,"publisher":{"@id":"https:\/\/contrib.city\/#organization"},"image":{"@id":"https:\/\/contrib.city\/index.php\/2020\/02\/19\/les-deux-faces-de-verbier\/#primaryimage"},"thumbnailUrl":"https:\/\/contrib.city\/wp-content\/uploads\/2020\/02\/Les-deux-faces-de-Verbier-caches-scaled.jpg","articleSection":["Environnement","Tourisme","Transports","Urbanisme"],"inLanguage":"fr-FR","potentialAction":[{"@type":"CommentAction","name":"Comment","target":["https:\/\/contrib.city\/index.php\/2020\/02\/19\/les-deux-faces-de-verbier\/#respond"]}]},{"@type":"WebPage","@id":"https:\/\/contrib.city\/index.php\/2020\/02\/19\/les-deux-faces-de-verbier\/","url":"https:\/\/contrib.city\/index.php\/2020\/02\/19\/les-deux-faces-de-verbier\/","name":"Les deux faces de Verbier (Suisse) - ContribCity","isPartOf":{"@id":"https:\/\/contrib.city\/#website"},"primaryImageOfPage":{"@id":"https:\/\/contrib.city\/index.php\/2020\/02\/19\/les-deux-faces-de-verbier\/#primaryimage"},"image":{"@id":"https:\/\/contrib.city\/index.php\/2020\/02\/19\/les-deux-faces-de-verbier\/#primaryimage"},"thumbnailUrl":"https:\/\/contrib.city\/wp-content\/uploads\/2020\/02\/Les-deux-faces-de-Verbier-caches-scaled.jpg","datePublished":"2020-02-19T20:54:14+00:00","dateModified":"2020-04-01T20:21:36+00:00","breadcrumb":{"@id":"https:\/\/contrib.city\/index.php\/2020\/02\/19\/les-deux-faces-de-verbier\/#breadcrumb"},"inLanguage":"fr-FR","potentialAction":[{"@type":"ReadAction","target":["https:\/\/contrib.city\/index.php\/2020\/02\/19\/les-deux-faces-de-verbier\/"]}]},{"@type":"ImageObject","inLanguage":"fr-FR","@id":"https:\/\/contrib.city\/index.php\/2020\/02\/19\/les-deux-faces-de-verbier\/#primaryimage","url":"https:\/\/contrib.city\/wp-content\/uploads\/2020\/02\/Les-deux-faces-de-Verbier-caches-scaled.jpg","contentUrl":"https:\/\/contrib.city\/wp-content\/uploads\/2020\/02\/Les-deux-faces-de-Verbier-caches-scaled.jpg","width":2560,"height":955},{"@type":"BreadcrumbList","@id":"https:\/\/contrib.city\/index.php\/2020\/02\/19\/les-deux-faces-de-verbier\/#breadcrumb","itemListElement":[{"@type":"ListItem","position":1,"name":"Home","item":"https:\/\/contrib.city\/"},{"@type":"ListItem","position":2,"name":"Les deux faces de Verbier (Suisse)"}]},{"@type":"WebSite","@id":"https:\/\/contrib.city\/#website","url":"https:\/\/contrib.city\/","name":"ContribCity","description":"Parlons de nos lieux de vie","publisher":{"@id":"https:\/\/contrib.city\/#organization"},"potentialAction":[{"@type":"SearchAction","target":{"@type":"EntryPoint","urlTemplate":"https:\/\/contrib.city\/?s={search_term_string}"},"query-input":{"@type":"PropertyValueSpecification","valueRequired":true,"valueName":"search_term_string"}}],"inLanguage":"fr-FR"},{"@type":"Organization","@id":"https:\/\/contrib.city\/#organization","name":"ContribCity","url":"https:\/\/contrib.city\/","logo":{"@type":"ImageObject","inLanguage":"fr-FR","@id":"https:\/\/contrib.city\/#\/schema\/logo\/image\/","url":"https:\/\/contrib.city\/wp-content\/uploads\/2020\/01\/cropped-Parlons-de-nos-lieux-de-vie-2.jpg","contentUrl":"https:\/\/contrib.city\/wp-content\/uploads\/2020\/01\/cropped-Parlons-de-nos-lieux-de-vie-2.jpg","width":1133,"height":218,"caption":"ContribCity"},"image":{"@id":"https:\/\/contrib.city\/#\/schema\/logo\/image\/"}},{"@type":"Person","@id":"https:\/\/contrib.city\/#\/schema\/person\/ec389c5a78a37ccaee4e8ce098099db5","name":"Bertrand de Foucauld","image":{"@type":"ImageObject","inLanguage":"fr-FR","@id":"https:\/\/secure.gravatar.com\/avatar\/c49e25550e4609092f7a00fb677a980813788778df987b36cad9b0fc85a8bf73?s=96&d=mm&r=g","url":"https:\/\/secure.gravatar.com\/avatar\/c49e25550e4609092f7a00fb677a980813788778df987b36cad9b0fc85a8bf73?s=96&d=mm&r=g","contentUrl":"https:\/\/secure.gravatar.com\/avatar\/c49e25550e4609092f7a00fb677a980813788778df987b36cad9b0fc85a8bf73?s=96&d=mm&r=g","caption":"Bertrand de Foucauld"},"url":"https:\/\/contrib.city\/index.php\/author\/bertrand\/"}]}},"jetpack_featured_media_url":"https:\/\/contrib.city\/wp-content\/uploads\/2020\/02\/Les-deux-faces-de-Verbier-caches-scaled.jpg","jetpack_sharing_enabled":true,"post_mailing_queue_ids":[],"_links":{"self":[{"href":"https:\/\/contrib.city\/index.php\/wp-json\/wp\/v2\/posts\/1907","targetHints":{"allow":["GET"]}}],"collection":[{"href":"https:\/\/contrib.city\/index.php\/wp-json\/wp\/v2\/posts"}],"about":[{"href":"https:\/\/contrib.city\/index.php\/wp-json\/wp\/v2\/types\/post"}],"author":[{"embeddable":true,"href":"https:\/\/contrib.city\/index.php\/wp-json\/wp\/v2\/users\/1"}],"replies":[{"embeddable":true,"href":"https:\/\/contrib.city\/index.php\/wp-json\/wp\/v2\/comments?post=1907"}],"version-history":[{"count":36,"href":"https:\/\/contrib.city\/index.php\/wp-json\/wp\/v2\/posts\/1907\/revisions"}],"predecessor-version":[{"id":2789,"href":"https:\/\/contrib.city\/index.php\/wp-json\/wp\/v2\/posts\/1907\/revisions\/2789"}],"wp:featuredmedia":[{"embeddable":true,"href":"https:\/\/contrib.city\/index.php\/wp-json\/wp\/v2\/media\/1914"}],"wp:attachment":[{"href":"https:\/\/contrib.city\/index.php\/wp-json\/wp\/v2\/media?parent=1907"}],"wp:term":[{"taxonomy":"category","embeddable":true,"href":"https:\/\/contrib.city\/index.php\/wp-json\/wp\/v2\/categories?post=1907"},{"taxonomy":"post_tag","embeddable":true,"href":"https:\/\/contrib.city\/index.php\/wp-json\/wp\/v2\/tags?post=1907"}],"curies":[{"name":"wp","href":"https:\/\/api.w.org\/{rel}","templated":true}]}}