{"id":2508,"date":"2020-03-27T21:11:40","date_gmt":"2020-03-27T20:11:40","guid":{"rendered":"https:\/\/contrib.city\/?p=2508"},"modified":"2020-04-01T22:05:37","modified_gmt":"2020-04-01T20:05:37","slug":"mme-hidalgo-le-confinement-et-la-densite-urbaine","status":"publish","type":"post","link":"https:\/\/contrib.city\/index.php\/2020\/03\/27\/mme-hidalgo-le-confinement-et-la-densite-urbaine\/","title":{"rendered":"Mme Hidalgo, le confinement et la densit\u00e9 urbaine"},"content":{"rendered":"<p style=\"text-align: justify;\">Dans un article du Parisien, Anne Hidalgo, maire de Paris, affirme qu&#8217;<em>il faut aller vers un confinement beaucoup plus s\u00e9v\u00e8re.<\/em><span class=\"footnote_referrer\"><a role=\"button\" tabindex=\"0\" onclick=\"footnote_moveToReference_2508_1('footnote_plugin_reference_2508_1_1');\" onkeypress=\"footnote_moveToReference_2508_1('footnote_plugin_reference_2508_1_1');\" ><sup id=\"footnote_plugin_tooltip_2508_1_1\" class=\"footnote_plugin_tooltip_text\">[1]<\/sup><\/a><span id=\"footnote_plugin_tooltip_text_2508_1_1\" class=\"footnote_tooltip\">HENRY <span class=\"byline container_row grid\"><span class=\"author margin_right_xs margin_top_sm ui\"><span class=\"margin_top_sm ui_bold\">Christine Henry, MARTINAT Philippe, &#8220;&#8221;Coronavirus : il faut allez vers un confinement beaucoup plus s\u00e9v\u00e8re&#8221; estime Anne Hidalgo&#8221;, <em>Le Parisien<\/em>, le 21 mars 2020, [consult\u00e9 le 25\/03\/2020]. Disponible sur : <a href=\"http:\/\/www.leparisien.fr\/politique\/coronavirus-il-faut-aller-vers-un-confinement-beaucoup-plus-severe-preconise-anne-hidalgo-21-03-2020-8285181.php\" target=\"_blank\" rel=\"noopener noreferrer\"><span class=\"footnote_url_wrap\">http:\/\/www.leparisien.fr\/politique\/coronavirus-il-faut-aller-vers-un-confinement-beaucoup-plus-severe-preconise-anne-hidalgo-21-03-2020-8285181.php<\/span><\/a><\/span><\/span><script type=\"text\/javascript\"> jQuery('#footnote_plugin_tooltip_2508_1_1').tooltip({ tip: '#footnote_plugin_tooltip_text_2508_1_1', tipClass: 'footnote_tooltip', effect: 'fade', predelay: 0, fadeInSpeed: 200, delay: 400, fadeOutSpeed: 200, position: 'top right', relative: true, offset: [10, 10], });<\/script><\/span><\/span><\/span><\/p>\n<p style=\"text-align: justify;\">Du coup, plusieurs questions se posent imm\u00e9diatement.<\/p>\n<p style=\"text-align: justify;\"><span id=\"ember14346\" class=\"ember-view\">Que penser de la densification urbaine dans les centres-villes? Est-ce que ce type de politique est la panac\u00e9e<span class=\"footnote_referrer\"><a role=\"button\" tabindex=\"0\" onclick=\"footnote_moveToReference_2508_1('footnote_plugin_reference_2508_1_2');\" onkeypress=\"footnote_moveToReference_2508_1('footnote_plugin_reference_2508_1_2');\" ><sup id=\"footnote_plugin_tooltip_2508_1_2\" class=\"footnote_plugin_tooltip_text\">[2]<\/sup><\/a><span id=\"footnote_plugin_tooltip_text_2508_1_2\" class=\"footnote_tooltip\">Panac\u00e9e, n.f., du grec panakeia. Rem\u00e8de universel \u00e0 toutes les maladies. Sens figur\u00e9 : pr\u00e9tendu rem\u00e8de \u00e0 tous les probl\u00e8mes (notamment moraux, sociaux). LAROUSSE, Petit Larousse en couleurs, Paris, Larousse, 1990, 1720 p<\/span><\/span><script type=\"text\/javascript\"> jQuery('#footnote_plugin_tooltip_2508_1_2').tooltip({ tip: '#footnote_plugin_tooltip_text_2508_1_2', tipClass: 'footnote_tooltip', effect: 'fade', predelay: 0, fadeInSpeed: 200, delay: 400, fadeOutSpeed: 200, position: 'top right', relative: true, offset: [10, 10], });<\/script> \u00e0 <\/span><span id=\"ember14346\" class=\"ember-view\">toutes les vuln\u00e9rabilit\u00e9s<\/span> <span id=\"ember14346\" class=\"ember-view\">de la R\u00e9gion parisienne, dont la Ville de Paris est l&#8217;hyper-centre <span class=\"footnote_referrer\"><a role=\"button\" tabindex=\"0\" onclick=\"footnote_moveToReference_2508_1('footnote_plugin_reference_2508_1_3');\" onkeypress=\"footnote_moveToReference_2508_1('footnote_plugin_reference_2508_1_3');\" ><sup id=\"footnote_plugin_tooltip_2508_1_3\" class=\"footnote_plugin_tooltip_text\">[3]<\/sup><\/a><span id=\"footnote_plugin_tooltip_text_2508_1_3\" class=\"footnote_tooltip\"><em>La vuln\u00e9rabilit\u00e9 est la qualit\u00e9 de ce ou celui qui est vuln\u00e9rable, qui est susceptible d\u2019\u00eatre expos\u00e9 aux atteintes physiques ou morales. Le concept peut \u00eatre appliqu\u00e9 \u00e0 une personne ou \u00e0 un groupe social suivant s\u2019il est capable de pr\u00e9venir, de r\u00e9sister et de faire face \u00e0 un impact<\/em>. Le <em>dico des d\u00e9finitions<\/em>, le 23 janvier 2012, [consult\u00e9 le 27\/03\/2020]. Disponible sur : <a href=\"http:\/\/lesdefinitions.fr\/vulnerabilite\" target=\"_blank\" rel=\"noopener noreferrer\"><span class=\"footnote_url_wrap\">http:\/\/lesdefinitions.fr\/vulnerabilite<\/span><\/a> . Lire aussi : <em>La vuln\u00e9rabilit\u00e9 exprime le niveau d&#8217;effet pr\u00e9visible d&#8217;un ph\u00e9nom\u00e8ne naturel (<a href=\"http:\/\/geoconfluences.ens-lyon.fr\/glossaire\/alea\">al\u00e9a<\/a>) sur des <a href=\"http:\/\/geoconfluences.ens-lyon.fr\/glossaire\/enjeux\">enjeux<\/a> (l&#8217;homme et ses activit\u00e9s). Elle est traduite en anglais par les termes <\/em>vulnerability<em> ou <\/em>sensitivity<em>. Elle \u00e9value dans quelle mesure un syst\u00e8me socio-spatial risque d\u2019\u00eatre affect\u00e9 par les effets n\u00e9fastes des al\u00e9as. <\/em>ENS de LYON, &#8220;Vuln\u00e9rabilit\u00e9&#8221; in <em>G\u00e9o-confluences &#8211; Ressources de g\u00e9ographie pour les enseignants<\/em>, d\u00e9cembre 2015, [consult\u00e9 le 27\/03\/2020]. Disponible sur : <a href=\"http:\/\/geoconfluences.ens-lyon.fr\/glossaire\/vulnerabilite\" target=\"_blank\" rel=\"noopener noreferrer\"><span class=\"footnote_url_wrap\">http:\/\/geoconfluences.ens-lyon.fr\/glossaire\/vulnerabilite<\/span> <\/a><\/span> <\/span><\/span><script type=\"text\/javascript\"> jQuery('#footnote_plugin_tooltip_2508_1_3').tooltip({ tip: '#footnote_plugin_tooltip_text_2508_1_3', tipClass: 'footnote_tooltip', effect: 'fade', predelay: 0, fadeInSpeed: 200, delay: 400, fadeOutSpeed: 200, position: 'top right', relative: true, offset: [10, 10], });<\/script>?<\/p>\n<p style=\"text-align: justify;\"><span id=\"ember13915\" class=\"ember-view\">Peut-\u00eatre serait-il temps de mettre fin \u00e0 l&#8217;archa\u00efsme d&#8217;une commune-d\u00e9partement th\u00e9oriquement ind\u00e9pendante, mais urbanistiquement et \u00e9conomiquement en compl\u00e8te symbiose avec l&#8217;ensemble de la m\u00e9galopole francilienne? A quand une d\u00e9limitation administrative de Paris qui corresponde \u00e0 la r\u00e9alit\u00e9 quotidienne de la zone urbaine parisienne? En effet, depuis 1930, date du dernier agrandissement de la Ville de Paris, avec <em>l&#8217;annexion des bois de Boulogne et de Vincennes et des abords de l&#8217;enceinte de Tiers<\/em><span class=\"footnote_referrer\"><a role=\"button\" tabindex=\"0\" onclick=\"footnote_moveToReference_2508_1('footnote_plugin_reference_2508_1_4');\" onkeypress=\"footnote_moveToReference_2508_1('footnote_plugin_reference_2508_1_4');\" ><sup id=\"footnote_plugin_tooltip_2508_1_4\" class=\"footnote_plugin_tooltip_text\">[4]<\/sup><\/a><span id=\"footnote_plugin_tooltip_text_2508_1_4\" class=\"footnote_tooltip\">SUBRA Philippe, <em>25 questions d\u00e9cisives : le Grand Paris<\/em>, Paris, Armand Colin, 2009, p 21 &amp; 22<\/span><\/span><script type=\"text\/javascript\"> jQuery('#footnote_plugin_tooltip_2508_1_4').tooltip({ tip: '#footnote_plugin_tooltip_text_2508_1_4', tipClass: 'footnote_tooltip', effect: 'fade', predelay: 0, fadeInSpeed: 200, delay: 400, fadeOutSpeed: 200, position: 'top right', relative: true, offset: [10, 10], });<\/script>, la croissance de la zone urbaine s&#8217;est faite en-dehors de la capitale administrative. M\u00eame si, l&#8217;Etat s&#8217;est retrouv\u00e9 confront\u00e9 \u00e0 de multiples r\u00e9voltes sociales au XIXe si\u00e8cle, au sein m\u00eame de Paris, puis aux tensions du Parti Communiste qui s&#8217;est d\u00e9velopp\u00e9 dans les <em>banlieues rouges <\/em>au cours du XXe si\u00e8cle, aujourd&#8217;hui, \u00e0 l&#8217;heure des m\u00e9galopoles et de leurs vuln\u00e9rabilit\u00e9s \u00e0 l&#8217;\u00e9chelle r\u00e9gionale, et \u00e0 l&#8217;\u00e9poque d&#8217;Internet, les donn\u00e9es urbanistiques ont profond\u00e9ment chang\u00e9. M\u00eame si les tensions restent, comme toujours, autour du partage des richesses produites par la ville, l&#8217;organisation quotidienne de ces immenses zones urbaines a \u00e9t\u00e9 modifi\u00e9e : on a davantage de connexion entre les tissues urbains, le transport a\u00e9rien s&#8217;est d\u00e9mocratis\u00e9, la gestion du pouvoir et de l&#8217;information est devenue plus horizontale (moins hi\u00e9rarchique),&nbsp; les relations de partenariat \/ concurrence entre les diff\u00e9rentes capitales politiques et\/ou \u00e9conomiques se sont \u00e9largies.&nbsp; <\/span><\/p>\n<p style=\"text-align: justify;\"><span id=\"ember13915\" class=\"ember-view\">Peut-\u00eatre serait-il opportun de proc\u00e9der \u00e0 l&#8217;organisation d\u00e9mocratique de l&#8217;ensemble de la R\u00e9gion parisienne, non pas sous la f\u00e9rule de l&#8217;Etat comme ce fut le cas jusqu&#8217;en 1977, mais bien celle d&#8217;un \u00e9lu qui chapeauterait l&#8217;ensemble soit de l&#8217;Ile-de-France soit de la zone urbaine de la R\u00e9gion (environ 25% du territoire francilien)? Nous n&#8217;aurions plus un groupe de structures inter-communales plus ou moins en concurrence mais une seule r\u00e9gion \u00e9lisant son responsable qui g\u00e9rerait, pour la partie publique, l&#8217;ensemble des r\u00e9seaux. Ainsi, toute d\u00e9cision concernant par exemple une mesure de pr\u00e9vention sanitaire, ou bien relative aux<\/span><span id=\"ember13915\" class=\"ember-view\"> transports individuels ou collectifs, serait \u00e0 la fois prise pour la r\u00e9gion et adapt\u00e9e \u00e0 l&#8217;ensemble des r\u00e9seaux. Nous n&#8217;aurions plus une capitale, hyper-centre historique, s&#8217;exprimant et prenant des d\u00e9cisions affectant une r\u00e9gion enti\u00e8re et ses douze millions d&#8217;habitants. En effet, ces millions de Franciliens, mis \u00e0 part les Parisiens, doivent subir ces diktats sans pour autant avoir un quelconque droit de vote au sujet de la Ville de Paris.<br \/>\n<\/span><\/p>\n<p style=\"text-align: justify;\"><span id=\"ember13771\" class=\"ember-view\">Ainsi, quand Anne Hidalgo parle de &#8220;confinement plus s\u00e9v\u00e8re&#8221;, \u00e0 qui s&#8217;adresse-t-elle :&nbsp; aux habitants de la Ville de Paris qui vivent avec une densit\u00e9 sup\u00e9rieure \u00e0 25.000 hab\/km2 (si l&#8217;on retire les bois de Boulogne et de Vincennes, devenus interdits)? A l&#8217;ensemble des Franciliens (mais son mandat concerne l&#8217;hyper-centre de l&#8217;Ile-de-France, pas la R\u00e9gion enti\u00e8re)? A l&#8217;ensemble des Fran\u00e7ais depuis leur capitale? <\/span><\/p>\n<figure id=\"attachment_2566\" aria-describedby=\"caption-attachment-2566\" style=\"width: 767px\" class=\"wp-caption aligncenter\"><img loading=\"lazy\" decoding=\"async\" class=\"wp-image-2566 size-large\" src=\"https:\/\/contrib.city\/wp-content\/uploads\/2020\/03\/DSC00030-767x1024.jpg\" alt=\"\" width=\"767\" height=\"1024\" srcset=\"https:\/\/contrib.city\/wp-content\/uploads\/2020\/03\/DSC00030-767x1024.jpg 767w, https:\/\/contrib.city\/wp-content\/uploads\/2020\/03\/DSC00030-225x300.jpg 225w, https:\/\/contrib.city\/wp-content\/uploads\/2020\/03\/DSC00030-768x1026.jpg 768w, https:\/\/contrib.city\/wp-content\/uploads\/2020\/03\/DSC00030-1150x1536.jpg 1150w, https:\/\/contrib.city\/wp-content\/uploads\/2020\/03\/DSC00030-1534x2048.jpg 1534w, https:\/\/contrib.city\/wp-content\/uploads\/2020\/03\/DSC00030-scaled.jpg 1917w\" sizes=\"auto, (max-width: 767px) 100vw, 767px\" \/><figcaption id=\"caption-attachment-2566\" class=\"wp-caption-text\">La tour Montparnasse et ses alentours, dans le 15e arrondissement parisien (densit\u00e9 &gt;28.000 hab\/km\u00b2). Cette urbanisation est fortement densifi\u00e9e, tant pour les logements que pour les bureaux. Elle s&#8217;est faite au prix de la destruction de l&#8217;ancien quartier breton. Photo : BdF, le 6 octobre 2016, depuis la Tour Eiffel.<\/figcaption><\/figure>\n<p style=\"text-align: justify;\">A titre de rappel, la densit\u00e9 du territoire francilien est de 1017 habitants par km\u00b2 et \u00e0 l&#8217;\u00e9chelle nationale, elle descend \u00e0 119 hab\/km\u00b2<span class=\"footnote_referrer\"><a role=\"button\" tabindex=\"0\" onclick=\"footnote_moveToReference_2508_1('footnote_plugin_reference_2508_1_5');\" onkeypress=\"footnote_moveToReference_2508_1('footnote_plugin_reference_2508_1_5');\" ><sup id=\"footnote_plugin_tooltip_2508_1_5\" class=\"footnote_plugin_tooltip_text\">[5]<\/sup><\/a><span id=\"footnote_plugin_tooltip_text_2508_1_5\" class=\"footnote_tooltip\">En 2019, la population fran\u00e7aise \u00e9tait de 67 millions de personnes. La superficie cadastrale de la France, DOM inclus (INSEE) est de 633&nbsp;109&nbsp;<abbr class=\"abbr\" title=\"kilom\u00e8tre carr\u00e9\">km<sup>2&nbsp;<\/sup><\/abbr><\/span><\/span><script type=\"text\/javascript\"> jQuery('#footnote_plugin_tooltip_2508_1_5').tooltip({ tip: '#footnote_plugin_tooltip_text_2508_1_5', tipClass: 'footnote_tooltip', effect: 'fade', predelay: 0, fadeInSpeed: 200, delay: 400, fadeOutSpeed: 200, position: 'top right', relative: true, offset: [10, 10], });<\/script>. Face \u00e0 ces disparit\u00e9s, dans l&#8217;exemple du <em>Corona<\/em>, le choix d&#8217;une politique de confinement doit \u00eatre plus adapt\u00e9e \u00e0 l&#8217;\u00e9chelle locale. Du point de vue de Contrib&#8217;City, le crit\u00e8re majeur doit \u00eatre la distanciation physique entre les \u00eatres humains. Mais cette distanciation devra utiliser des m\u00e9thodes diff\u00e9rentes selon que les personnes habitent une tour d&#8217;habitations comprenant plus de dix \u00e9tages, comme dans le 13e arrondissement par exemple, ou dans une zone p\u00e9ri-urbaine bois\u00e9e, comme Jouy-en-Josas, avec davantage de maisons individuelles. Dans le premier cas, pour remonter \u00e0 son appartement, on devra prendre l\u2019ascenseur avec la probabilit\u00e9 d&#8217;\u00eatre en contact avec un voisin. Dans le deuxi\u00e8me exemple, la distanciation pourra \u00eatre facilement respect\u00e9e du bout \u00e0 l&#8217;autre du d\u00e9placement. Mais au-del\u00e0 de la crise du virus <em>couronn\u00e9<\/em>, c&#8217;est l&#8217;ensemble de la gestion territoriale de la R\u00e9gion Ile-de-France qui doit \u00eatre revu en profondeur.&nbsp;<\/p>\n<figure id=\"attachment_2567\" aria-describedby=\"caption-attachment-2567\" style=\"width: 768px\" class=\"wp-caption aligncenter\"><img loading=\"lazy\" decoding=\"async\" class=\"wp-image-2567 size-large\" src=\"https:\/\/contrib.city\/wp-content\/uploads\/2020\/03\/DSC08809-768x1024.jpg\" alt=\"\" width=\"768\" height=\"1024\" srcset=\"https:\/\/contrib.city\/wp-content\/uploads\/2020\/03\/DSC08809-768x1024.jpg 768w, https:\/\/contrib.city\/wp-content\/uploads\/2020\/03\/DSC08809-225x300.jpg 225w, https:\/\/contrib.city\/wp-content\/uploads\/2020\/03\/DSC08809-1152x1536.jpg 1152w, https:\/\/contrib.city\/wp-content\/uploads\/2020\/03\/DSC08809-1536x2048.jpg 1536w, https:\/\/contrib.city\/wp-content\/uploads\/2020\/03\/DSC08809-scaled.jpg 1920w\" sizes=\"auto, (max-width: 768px) 100vw, 768px\" \/><figcaption id=\"caption-attachment-2567\" class=\"wp-caption-text\">Sc\u00e8ne de rue tranquille dans le 13e arrondissement (densit\u00e9 &gt;25.000 hab\/km\u00b2). En arri\u00e8re-plan, on distingue les Habitations Bon March\u00e9, datant de la premi\u00e8re moiti\u00e9 du XXe si\u00e8cle. Ces anc\u00eatres des HLM furent construites afin de r\u00e9pondre \u00e0 une forte demande de logements dans la Ville de Paris. Plus tard, dans les ann\u00e9es 1970, de v\u00e9ritables tours d&#8217;habitation furent \u00e9rig\u00e9es dans le m\u00eame arrondissement. Cette densification urbaine comporte des avantages mais \u00e9galement des risques en cas de crise. Photo : BdF, le 5 avril 2009.<\/figcaption><\/figure>\n<p style=\"text-align: justify;\">A notre sens, l&#8217;organisation du territoire national (d\u00e9partements d&#8217;outre-mer inclus) n&#8217;a pas vraiment chang\u00e9 depuis Louis XIV. En effet, la France vit toujours dans une dynamique tr\u00e8s centralisatrice : 20% des Fran\u00e7ais vivent en Ile-de-France (1,9% du territoire national) et environ 20% du PIB de notre pays<span class=\"footnote_referrer\"><a role=\"button\" tabindex=\"0\" onclick=\"footnote_moveToReference_2508_1('footnote_plugin_reference_2508_1_6');\" onkeypress=\"footnote_moveToReference_2508_1('footnote_plugin_reference_2508_1_6');\" ><sup id=\"footnote_plugin_tooltip_2508_1_6\" class=\"footnote_plugin_tooltip_text\">[6]<\/sup><\/a><span id=\"footnote_plugin_tooltip_text_2508_1_6\" class=\"footnote_tooltip\">Et m\u00eame 31% du PIB fran\u00e7ais selon le Pr Philippe SUBRA, g\u00e9opoliticien sp\u00e9cialiste de la banlieue : <span id=\"ember13915\" class=\"ember-view\"><em>25 questions d\u00e9cisives : le Grand Paris<\/em>, Paris, Armand Colin, 2009, p 29<\/span><\/span><script type=\"text\/javascript\"> jQuery('#footnote_plugin_tooltip_2508_1_6').tooltip({ tip: '#footnote_plugin_tooltip_text_2508_1_6', tipClass: 'footnote_tooltip', effect: 'fade', predelay: 0, fadeInSpeed: 200, delay: 400, fadeOutSpeed: 200, position: 'top right', relative: true, offset: [10, 10], });<\/script><\/span> est contr\u00f4l\u00e9 par cette r\u00e9gion<span class=\"footnote_referrer\"><a role=\"button\" tabindex=\"0\" onclick=\"footnote_moveToReference_2508_1('footnote_plugin_reference_2508_1_7');\" onkeypress=\"footnote_moveToReference_2508_1('footnote_plugin_reference_2508_1_7');\" ><sup id=\"footnote_plugin_tooltip_2508_1_7\" class=\"footnote_plugin_tooltip_text\">[7]<\/sup><\/a><span id=\"footnote_plugin_tooltip_text_2508_1_7\" class=\"footnote_tooltip\">Superficie cadastrale de l&#8217;Ile-de-France : 12 012,3 km\u00b2<\/span><\/span><script type=\"text\/javascript\"> jQuery('#footnote_plugin_tooltip_2508_1_7').tooltip({ tip: '#footnote_plugin_tooltip_text_2508_1_7', tipClass: 'footnote_tooltip', effect: 'fade', predelay: 0, fadeInSpeed: 200, delay: 400, fadeOutSpeed: 200, position: 'top right', relative: true, offset: [10, 10], });<\/script>. L\u2019ex\u00e9cutif, le l\u00e9gislatif ainsi que le principal moteur \u00e9conomique et financier de la France, le quartier de la D\u00e9fense (le plus grand centre d&#8217;affaires europ\u00e9en), se trouvent tous les trois dans le centre de la r\u00e9gion francilienne. Paris et sa premi\u00e8re couronne concentrent donc un ensemble de pouvoirs qui avivent les tensions territoriales dans la qu\u00eate de travail, de logements et de loisirs. La R\u00e9gion parisienne, de par cette hyper-centralisation, parvient certes \u00e0 r\u00e9aliser des \u00e9conomies d&#8217;\u00e9chelles dans la cr\u00e9ation des r\u00e9seaux urbains. Cependant, cette densification augmente d&#8217;une fa\u00e7on exponentielle les vuln\u00e9rabilit\u00e9s de l&#8217;agglom\u00e9ration, que ces derni\u00e8res soient d&#8217;ordre sanitaire (virus Corona), &#8220;naturel&#8221; (inondations) ou militaire.<\/p>\n<figure id=\"attachment_2552\" aria-describedby=\"caption-attachment-2552\" style=\"width: 800px\" class=\"wp-caption aligncenter\"><img loading=\"lazy\" decoding=\"async\" class=\"wp-image-2552 size-large\" src=\"https:\/\/contrib.city\/wp-content\/uploads\/2020\/03\/La-D\u00e9fense-1024x768.jpg\" alt=\"\" width=\"800\" height=\"600\" srcset=\"https:\/\/contrib.city\/wp-content\/uploads\/2020\/03\/La-D\u00e9fense-1024x768.jpg 1024w, https:\/\/contrib.city\/wp-content\/uploads\/2020\/03\/La-D\u00e9fense-300x225.jpg 300w, https:\/\/contrib.city\/wp-content\/uploads\/2020\/03\/La-D\u00e9fense-768x576.jpg 768w, https:\/\/contrib.city\/wp-content\/uploads\/2020\/03\/La-D\u00e9fense-1536x1152.jpg 1536w, https:\/\/contrib.city\/wp-content\/uploads\/2020\/03\/La-D\u00e9fense-2048x1536.jpg 2048w\" sizes=\"auto, (max-width: 800px) 100vw, 800px\" \/><figcaption id=\"caption-attachment-2552\" class=\"wp-caption-text\">Le quartier de la D\u00e9fense. Ce quartier est le plus grand centre d&#8217;affaires europ\u00e9en, devant la City de Londres. Au premier plan, on distingue le Bois de Boulogne et une partie de la commune de Neuilly-sur-Seine. Avec ce quartier, qui r\u00e9unit les si\u00e8ges sociaux de plusieurs multinationales du CAC 40, la R\u00e9gion parisienne (c&#8217;est-\u00e0-dire la zone urbaine de l&#8217;Ile-de-France) est non seulement la capitale politique mais \u00e9galement \u00e9conomique de la France. La concentration de ces fonctions est le r\u00e9sultat de plusieurs si\u00e8cles d&#8217;hyper-centralisation. Photo BdF prise le 6 octobre 2016, depuis la Tour Eiffel.<\/figcaption><\/figure>\n<p style=\"text-align: justify;\"><span id=\"ember13771\" class=\"ember-view\">Alors que faire : freiner la densification dans les centre-villes? Mais cette derni\u00e8re se fera de toute fa\u00e7on car les jeunes et les seniors ont tendance \u00e0 privil\u00e9gier la proximit\u00e9 des services d&#8217;\u00e9ducation, de loisirs\/culture et de sant\u00e9. Ralentir l&#8217;\u00e9miettement territorial? Mais la pouss\u00e9e vers les banlieues continuera sa progression inexorable car les m\u00e9nages avec enfants choisiront l&#8217;espace du logement au d\u00e9triment de la proximit\u00e9 des services urbains. Comme Haussmann n&#8217;avait probablement que r\u00e9pondu \u00e0 une forte attente de la population parisienne pour moderniser la capitale<span class=\"footnote_referrer\"><a role=\"button\" tabindex=\"0\" onclick=\"footnote_moveToReference_2508_1('footnote_plugin_reference_2508_1_8');\" onkeypress=\"footnote_moveToReference_2508_1('footnote_plugin_reference_2508_1_8');\" ><sup id=\"footnote_plugin_tooltip_2508_1_8\" class=\"footnote_plugin_tooltip_text\">[8]<\/sup><\/a><span id=\"footnote_plugin_tooltip_text_2508_1_8\" class=\"footnote_tooltip\">Entretien avec le Pr \u00e9m\u00e9rite Michel Carmona, 2012<\/span><\/span><script type=\"text\/javascript\"> jQuery('#footnote_plugin_tooltip_2508_1_8').tooltip({ tip: '#footnote_plugin_tooltip_text_2508_1_8', tipClass: 'footnote_tooltip', effect: 'fade', predelay: 0, fadeInSpeed: 200, delay: 400, fadeOutSpeed: 200, position: 'top right', relative: true, offset: [10, 10], });<\/script>, l\u2019organisation politique et urbanistique de la R\u00e9gion parisienne doit \u00eatre revue et adapt\u00e9e au contexte (p\u00e9ri)urbain actuel. La crise du Corona pourrait \u00eatre un bon d\u00e9clencheur \u00e0 cette r\u00e9organisation. Cette derni\u00e8re, toutefois, ne pourra se faire dans des conditions sociales et environnementales plus acceptables pour les Franciliens que si elle s&#8217;accomplit dans un renversement de dynamique nationale, c&#8217;est-\u00e0-dire une vraie d\u00e9centralisation.<\/span><\/p>\n<p><span id=\"ember13771\" class=\"ember-view\">Contrib&#8217;City reviendra sur cette question de la d\u00e9centralisation lors de prochains articles. &nbsp; <\/span><\/p>\n<figure id=\"attachment_2569\" aria-describedby=\"caption-attachment-2569\" style=\"width: 800px\" class=\"wp-caption aligncenter\"><img loading=\"lazy\" decoding=\"async\" class=\"wp-image-2569 size-large\" src=\"https:\/\/contrib.city\/wp-content\/uploads\/2020\/03\/Quartier-du-Val-dAlbian-1024x768.jpg\" alt=\"\" width=\"800\" height=\"600\" srcset=\"https:\/\/contrib.city\/wp-content\/uploads\/2020\/03\/Quartier-du-Val-dAlbian-1024x768.jpg 1024w, https:\/\/contrib.city\/wp-content\/uploads\/2020\/03\/Quartier-du-Val-dAlbian-300x225.jpg 300w, https:\/\/contrib.city\/wp-content\/uploads\/2020\/03\/Quartier-du-Val-dAlbian-768x576.jpg 768w, https:\/\/contrib.city\/wp-content\/uploads\/2020\/03\/Quartier-du-Val-dAlbian-1536x1152.jpg 1536w, https:\/\/contrib.city\/wp-content\/uploads\/2020\/03\/Quartier-du-Val-dAlbian-2048x1536.jpg 2048w\" sizes=\"auto, (max-width: 800px) 100vw, 800px\" \/><figcaption id=\"caption-attachment-2569\" class=\"wp-caption-text\">Quartier du Val d&#8217;Albian, \u00e0 Jouy-en-Josas (densit\u00e9 &gt;800 hab\/km\u00b2 en 2016 contre 540 hab\/km\u00b2 en 1968. cf : INSEE). Jouy-en-Josas fait partie de la Communaut\u00e9 d&#8217;Agglom\u00e9ration de Versailles Grand Parc. Ce quartier, situ\u00e9 \u00e0 l&#8217;ext\u00e9rieur du centre-ville jovacien, est un bon exemple de densification p\u00e9ri-urbaine moins forte. Les vuln\u00e9rabilit\u00e9s sont moins \u00e9lev\u00e9es que dans le centre-ville versaillais ou parisien. Les services urbains sont \u00e9galement plus loin. On remarque la pr\u00e9sence d&#8217;espaces verts tout autour.<\/figcaption><\/figure>\n<p>&nbsp;<\/p>\n<figure id=\"attachment_2571\" aria-describedby=\"caption-attachment-2571\" style=\"width: 800px\" class=\"wp-caption aligncenter\"><img loading=\"lazy\" decoding=\"async\" class=\"wp-image-2571 size-large\" src=\"https:\/\/contrib.city\/wp-content\/uploads\/2020\/03\/Lotissement-1024x379.jpg\" alt=\"\" width=\"800\" height=\"296\" srcset=\"https:\/\/contrib.city\/wp-content\/uploads\/2020\/03\/Lotissement-1024x379.jpg 1024w, https:\/\/contrib.city\/wp-content\/uploads\/2020\/03\/Lotissement-300x111.jpg 300w, https:\/\/contrib.city\/wp-content\/uploads\/2020\/03\/Lotissement-768x284.jpg 768w, https:\/\/contrib.city\/wp-content\/uploads\/2020\/03\/Lotissement-1536x569.jpg 1536w, https:\/\/contrib.city\/wp-content\/uploads\/2020\/03\/Lotissement-2048x758.jpg 2048w\" sizes=\"auto, (max-width: 800px) 100vw, 800px\" \/><figcaption id=\"caption-attachment-2571\" class=\"wp-caption-text\">Nouveau lotissement \u00e0 St Pierre du Perray (densit\u00e9 &gt;900 hab\/km\u00b2 en 2016 contre 53 hab\/km\u00b2 en 1968. cf : INSEE), dans l&#8217;Essonne. Les familles peuvent \u00e0 la fois profiter de maisons individuelles et d&#8217;espaces verts abondants, comme le Bois du Ch\u00e2teau ou les for\u00eats de S\u00e9nart et de Rougeau, tout en b\u00e9n\u00e9ficiant du bassin d&#8217;emplois de la R\u00e9gion parisienne. Par contre, cette situation g\u00e9ographique impose de longs trajets pendulaires. Photo de droite : agrandissement du lotissement. En 2030 ou 2040, ce plateau situ\u00e9 au-dessus de la vall\u00e9e de la Seine, en amont de Paris, sera nettement plus urbanis\u00e9 et fera peut-\u00eatre partie int\u00e9grante de la zone urbaine de l&#8217;Ile-de-France. Photos : BdF, le 11 septembre 2010.<\/figcaption><\/figure>\n<p>&nbsp;<\/p>\n<p style=\"text-align: justify;\"><span id=\"ember13771\" class=\"ember-view\">[mapsmarker marker=&#8221;3&#8243;]<\/span><\/p>\n<p>&nbsp;<\/p>\n<div class=\"speaker-mute footnotes_reference_container\"> <div class=\"footnote_container_prepare\"><p><span role=\"button\" tabindex=\"0\" class=\"footnote_reference_container_label pointer\" onclick=\"footnote_expand_collapse_reference_container_2508_1();\">R\u00e9f\u00e9rences<\/span><span role=\"button\" tabindex=\"0\" class=\"footnote_reference_container_collapse_button\" style=\"\" onclick=\"footnote_expand_collapse_reference_container_2508_1();\">[<a id=\"footnote_reference_container_collapse_button_2508_1\">+<\/a>]<\/span><\/p><\/div> <div id=\"footnote_references_container_2508_1\" style=\"display: none;\"><table class=\"footnotes_table footnote-reference-container\"><caption class=\"accessibility\">R\u00e9f\u00e9rences<\/caption> <tbody> \r\n\r\n<tr class=\"footnotes_plugin_reference_row\"> <th scope=\"row\" class=\"footnote_plugin_index_combi pointer\"  onclick=\"footnote_moveToAnchor_2508_1('footnote_plugin_tooltip_2508_1_1');\"><a id=\"footnote_plugin_reference_2508_1_1\" class=\"footnote_backlink\"><span class=\"footnote_index_arrow\">&#8593;<\/span>1<\/a><\/th> <td class=\"footnote_plugin_text\">HENRY <span class=\"byline container_row grid\"><span class=\"author margin_right_xs margin_top_sm ui\"><span class=\"margin_top_sm ui_bold\">Christine Henry, MARTINAT Philippe, &#8220;&#8221;Coronavirus : il faut allez vers un confinement beaucoup plus s\u00e9v\u00e8re&#8221; estime Anne Hidalgo&#8221;, <em>Le Parisien<\/em>, le 21 mars 2020, [consult\u00e9 le 25\/03\/2020]. Disponible sur : <a href=\"http:\/\/www.leparisien.fr\/politique\/coronavirus-il-faut-aller-vers-un-confinement-beaucoup-plus-severe-preconise-anne-hidalgo-21-03-2020-8285181.php\" target=\"_blank\" rel=\"noopener noreferrer\"><span class=\"footnote_url_wrap\">http:\/\/www.leparisien.fr\/politique\/coronavirus-il-faut-aller-vers-un-confinement-beaucoup-plus-severe-preconise-anne-hidalgo-21-03-2020-8285181.php<\/span><\/a><\/td><\/tr>\r\n\r\n<tr class=\"footnotes_plugin_reference_row\"> <th scope=\"row\" class=\"footnote_plugin_index_combi pointer\"  onclick=\"footnote_moveToAnchor_2508_1('footnote_plugin_tooltip_2508_1_2');\"><a id=\"footnote_plugin_reference_2508_1_2\" class=\"footnote_backlink\"><span class=\"footnote_index_arrow\">&#8593;<\/span>2<\/a><\/th> <td class=\"footnote_plugin_text\">Panac\u00e9e, n.f., du grec panakeia. Rem\u00e8de universel \u00e0 toutes les maladies. Sens figur\u00e9 : pr\u00e9tendu rem\u00e8de \u00e0 tous les probl\u00e8mes (notamment moraux, sociaux). LAROUSSE, Petit Larousse en couleurs, Paris, Larousse, 1990, 1720 p<\/td><\/tr>\r\n\r\n<tr class=\"footnotes_plugin_reference_row\"> <th scope=\"row\" class=\"footnote_plugin_index_combi pointer\"  onclick=\"footnote_moveToAnchor_2508_1('footnote_plugin_tooltip_2508_1_3');\"><a id=\"footnote_plugin_reference_2508_1_3\" class=\"footnote_backlink\"><span class=\"footnote_index_arrow\">&#8593;<\/span>3<\/a><\/th> <td class=\"footnote_plugin_text\"><em>La vuln\u00e9rabilit\u00e9 est la qualit\u00e9 de ce ou celui qui est vuln\u00e9rable, qui est susceptible d\u2019\u00eatre expos\u00e9 aux atteintes physiques ou morales. Le concept peut \u00eatre appliqu\u00e9 \u00e0 une personne ou \u00e0 un groupe social suivant s\u2019il est capable de pr\u00e9venir, de r\u00e9sister et de faire face \u00e0 un impact<\/em>. Le <em>dico des d\u00e9finitions<\/em>, le 23 janvier 2012, [consult\u00e9 le 27\/03\/2020]. Disponible sur : <a href=\"http:\/\/lesdefinitions.fr\/vulnerabilite\" target=\"_blank\" rel=\"noopener noreferrer\"><span class=\"footnote_url_wrap\">http:\/\/lesdefinitions.fr\/vulnerabilite<\/span><\/a> . Lire aussi : <em>La vuln\u00e9rabilit\u00e9 exprime le niveau d&#8217;effet pr\u00e9visible d&#8217;un ph\u00e9nom\u00e8ne naturel (<a href=\"http:\/\/geoconfluences.ens-lyon.fr\/glossaire\/alea\">al\u00e9a<\/a>) sur des <a href=\"http:\/\/geoconfluences.ens-lyon.fr\/glossaire\/enjeux\">enjeux<\/a> (l&#8217;homme et ses activit\u00e9s). Elle est traduite en anglais par les termes <\/em>vulnerability<em> ou <\/em>sensitivity<em>. Elle \u00e9value dans quelle mesure un syst\u00e8me socio-spatial risque d\u2019\u00eatre affect\u00e9 par les effets n\u00e9fastes des al\u00e9as. <\/em>ENS de LYON, &#8220;Vuln\u00e9rabilit\u00e9&#8221; in <em>G\u00e9o-confluences &#8211; Ressources de g\u00e9ographie pour les enseignants<\/em>, d\u00e9cembre 2015, [consult\u00e9 le 27\/03\/2020]. Disponible sur : <a href=\"http:\/\/geoconfluences.ens-lyon.fr\/glossaire\/vulnerabilite\" target=\"_blank\" rel=\"noopener noreferrer\"><span class=\"footnote_url_wrap\">http:\/\/geoconfluences.ens-lyon.fr\/glossaire\/vulnerabilite<\/span> <\/a><\/span> <\/td><\/tr>\r\n\r\n<tr class=\"footnotes_plugin_reference_row\"> <th scope=\"row\" class=\"footnote_plugin_index_combi pointer\"  onclick=\"footnote_moveToAnchor_2508_1('footnote_plugin_tooltip_2508_1_4');\"><a id=\"footnote_plugin_reference_2508_1_4\" class=\"footnote_backlink\"><span class=\"footnote_index_arrow\">&#8593;<\/span>4<\/a><\/th> <td class=\"footnote_plugin_text\">SUBRA Philippe, <em>25 questions d\u00e9cisives : le Grand Paris<\/em>, Paris, Armand Colin, 2009, p 21 &amp; 22<\/td><\/tr>\r\n\r\n<tr class=\"footnotes_plugin_reference_row\"> <th scope=\"row\" class=\"footnote_plugin_index_combi pointer\"  onclick=\"footnote_moveToAnchor_2508_1('footnote_plugin_tooltip_2508_1_5');\"><a id=\"footnote_plugin_reference_2508_1_5\" class=\"footnote_backlink\"><span class=\"footnote_index_arrow\">&#8593;<\/span>5<\/a><\/th> <td class=\"footnote_plugin_text\">En 2019, la population fran\u00e7aise \u00e9tait de 67 millions de personnes. La superficie cadastrale de la France, DOM inclus (INSEE) est de 633&nbsp;109&nbsp;<abbr class=\"abbr\" title=\"kilom\u00e8tre carr\u00e9\">km<sup>2&nbsp;<\/sup><\/abbr><\/td><\/tr>\r\n\r\n<tr class=\"footnotes_plugin_reference_row\"> <th scope=\"row\" class=\"footnote_plugin_index_combi pointer\"  onclick=\"footnote_moveToAnchor_2508_1('footnote_plugin_tooltip_2508_1_6');\"><a id=\"footnote_plugin_reference_2508_1_6\" class=\"footnote_backlink\"><span class=\"footnote_index_arrow\">&#8593;<\/span>6<\/a><\/th> <td class=\"footnote_plugin_text\">Et m\u00eame 31% du PIB fran\u00e7ais selon le Pr Philippe SUBRA, g\u00e9opoliticien sp\u00e9cialiste de la banlieue : <span id=\"ember13915\" class=\"ember-view\"><em>25 questions d\u00e9cisives : le Grand Paris<\/em>, Paris, Armand Colin, 2009, p 29<\/td><\/tr>\r\n\r\n<tr class=\"footnotes_plugin_reference_row\"> <th scope=\"row\" class=\"footnote_plugin_index_combi pointer\"  onclick=\"footnote_moveToAnchor_2508_1('footnote_plugin_tooltip_2508_1_7');\"><a id=\"footnote_plugin_reference_2508_1_7\" class=\"footnote_backlink\"><span class=\"footnote_index_arrow\">&#8593;<\/span>7<\/a><\/th> <td class=\"footnote_plugin_text\">Superficie cadastrale de l&#8217;Ile-de-France : 12 012,3 km\u00b2<\/td><\/tr>\r\n\r\n<tr class=\"footnotes_plugin_reference_row\"> <th scope=\"row\" class=\"footnote_plugin_index_combi pointer\"  onclick=\"footnote_moveToAnchor_2508_1('footnote_plugin_tooltip_2508_1_8');\"><a id=\"footnote_plugin_reference_2508_1_8\" class=\"footnote_backlink\"><span class=\"footnote_index_arrow\">&#8593;<\/span>8<\/a><\/th> <td class=\"footnote_plugin_text\">Entretien avec le Pr \u00e9m\u00e9rite Michel Carmona, 2012<\/td><\/tr>\r\n\r\n <\/tbody> <\/table> <\/div><\/div><script type=\"text\/javascript\"> function footnote_expand_reference_container_2508_1() { jQuery('#footnote_references_container_2508_1').show(); jQuery('#footnote_reference_container_collapse_button_2508_1').text('\u2212'); } function footnote_collapse_reference_container_2508_1() { jQuery('#footnote_references_container_2508_1').hide(); jQuery('#footnote_reference_container_collapse_button_2508_1').text('+'); } function footnote_expand_collapse_reference_container_2508_1() { if (jQuery('#footnote_references_container_2508_1').is(':hidden')) { footnote_expand_reference_container_2508_1(); } else { footnote_collapse_reference_container_2508_1(); } } function footnote_moveToReference_2508_1(p_str_TargetID) { footnote_expand_reference_container_2508_1(); var l_obj_Target = jQuery('#' + p_str_TargetID); if (l_obj_Target.length) { jQuery( 'html, body' ).delay( 0 ); jQuery('html, body').animate({ scrollTop: l_obj_Target.offset().top - window.innerHeight * 0.2 }, 380); } } function footnote_moveToAnchor_2508_1(p_str_TargetID) { footnote_expand_reference_container_2508_1(); var l_obj_Target = jQuery('#' + p_str_TargetID); if (l_obj_Target.length) { jQuery( 'html, body' ).delay( 0 ); jQuery('html, body').animate({ scrollTop: l_obj_Target.offset().top - window.innerHeight * 0.2 }, 380); } }<\/script>","protected":false},"excerpt":{"rendered":"<p>Dans un article du Parisien, Anne Hidalgo, maire de Paris, affirme qu&#8217;il faut aller vers un confinement beaucoup plus s\u00e9v\u00e8re.[1]HENRY<\/p>\n","protected":false},"author":1,"featured_media":2625,"comment_status":"open","ping_status":"open","sticky":false,"template":"","format":"standard","meta":{"_acf_changed":false,"inline_featured_image":false,"_exactmetrics_skip_tracking":false,"_exactmetrics_sitenote_active":false,"_exactmetrics_sitenote_note":"","_exactmetrics_sitenote_category":0,"ngg_post_thumbnail":0,"_jetpack_memberships_contains_paid_content":false,"footnotes":""},"categories":[51,6,7,5],"tags":[],"class_list":["post-2508","post","type-post","status-publish","format-standard","has-post-thumbnail","hentry","category-economie-social","category-sante_fr","category-transports_fr","category-urbanisme_fr"],"acf":[],"yoast_head":"<!-- This site is optimized with the Yoast SEO plugin v27.2 - https:\/\/yoast.com\/product\/yoast-seo-wordpress\/ -->\n<title>Mme Hidalgo, le confinement et la densit\u00e9 urbaine - ContribCity<\/title>\n<meta name=\"robots\" content=\"index, follow, max-snippet:-1, max-image-preview:large, max-video-preview:-1\" \/>\n<link rel=\"canonical\" href=\"https:\/\/contrib.city\/index.php\/2020\/03\/27\/mme-hidalgo-le-confinement-et-la-densite-urbaine\/\" \/>\n<meta property=\"og:locale\" content=\"fr_FR\" \/>\n<meta property=\"og:type\" content=\"article\" \/>\n<meta property=\"og:title\" content=\"Mme Hidalgo, le confinement et la densit\u00e9 urbaine - ContribCity\" \/>\n<meta property=\"og:description\" content=\"Dans un article du Parisien, Anne Hidalgo, maire de Paris, affirme qu&#8217;il faut aller vers un confinement beaucoup plus s\u00e9v\u00e8re.[1]HENRY\" \/>\n<meta property=\"og:url\" content=\"https:\/\/contrib.city\/index.php\/2020\/03\/27\/mme-hidalgo-le-confinement-et-la-densite-urbaine\/\" \/>\n<meta property=\"og:site_name\" content=\"ContribCity\" \/>\n<meta property=\"article:published_time\" content=\"2020-03-27T20:11:40+00:00\" \/>\n<meta property=\"article:modified_time\" content=\"2020-04-01T20:05:37+00:00\" \/>\n<meta property=\"og:image\" content=\"https:\/\/contrib.city\/wp-content\/uploads\/2020\/03\/CC-avec-loupe-2-1.jpg\" \/>\n\t<meta property=\"og:image:width\" content=\"1133\" \/>\n\t<meta property=\"og:image:height\" content=\"777\" \/>\n\t<meta property=\"og:image:type\" content=\"image\/jpeg\" \/>\n<meta name=\"author\" content=\"Bertrand de Foucauld\" \/>\n<meta name=\"twitter:card\" content=\"summary_large_image\" \/>\n<meta name=\"twitter:label1\" content=\"\u00c9crit par\" \/>\n\t<meta name=\"twitter:data1\" content=\"Bertrand de Foucauld\" \/>\n\t<meta name=\"twitter:label2\" content=\"Dur\u00e9e de lecture estim\u00e9e\" \/>\n\t<meta name=\"twitter:data2\" content=\"9 minutes\" \/>\n<script type=\"application\/ld+json\" class=\"yoast-schema-graph\">{\"@context\":\"https:\/\/schema.org\",\"@graph\":[{\"@type\":\"Article\",\"@id\":\"https:\/\/contrib.city\/index.php\/2020\/03\/27\/mme-hidalgo-le-confinement-et-la-densite-urbaine\/#article\",\"isPartOf\":{\"@id\":\"https:\/\/contrib.city\/index.php\/2020\/03\/27\/mme-hidalgo-le-confinement-et-la-densite-urbaine\/\"},\"author\":{\"name\":\"Bertrand de Foucauld\",\"@id\":\"https:\/\/contrib.city\/#\/schema\/person\/ec389c5a78a37ccaee4e8ce098099db5\"},\"headline\":\"Mme Hidalgo, le confinement et la densit\u00e9 urbaine\",\"datePublished\":\"2020-03-27T20:11:40+00:00\",\"dateModified\":\"2020-04-01T20:05:37+00:00\",\"mainEntityOfPage\":{\"@id\":\"https:\/\/contrib.city\/index.php\/2020\/03\/27\/mme-hidalgo-le-confinement-et-la-densite-urbaine\/\"},\"wordCount\":1934,\"commentCount\":0,\"publisher\":{\"@id\":\"https:\/\/contrib.city\/#organization\"},\"image\":{\"@id\":\"https:\/\/contrib.city\/index.php\/2020\/03\/27\/mme-hidalgo-le-confinement-et-la-densite-urbaine\/#primaryimage\"},\"thumbnailUrl\":\"https:\/\/contrib.city\/wp-content\/uploads\/2020\/03\/CC-avec-loupe-2-1.jpg\",\"articleSection\":[\"Economie\/Social\",\"Sant\u00e9\",\"Transports\",\"Urbanisme\"],\"inLanguage\":\"fr-FR\",\"potentialAction\":[{\"@type\":\"CommentAction\",\"name\":\"Comment\",\"target\":[\"https:\/\/contrib.city\/index.php\/2020\/03\/27\/mme-hidalgo-le-confinement-et-la-densite-urbaine\/#respond\"]}]},{\"@type\":\"WebPage\",\"@id\":\"https:\/\/contrib.city\/index.php\/2020\/03\/27\/mme-hidalgo-le-confinement-et-la-densite-urbaine\/\",\"url\":\"https:\/\/contrib.city\/index.php\/2020\/03\/27\/mme-hidalgo-le-confinement-et-la-densite-urbaine\/\",\"name\":\"Mme Hidalgo, le confinement et la densit\u00e9 urbaine - ContribCity\",\"isPartOf\":{\"@id\":\"https:\/\/contrib.city\/#website\"},\"primaryImageOfPage\":{\"@id\":\"https:\/\/contrib.city\/index.php\/2020\/03\/27\/mme-hidalgo-le-confinement-et-la-densite-urbaine\/#primaryimage\"},\"image\":{\"@id\":\"https:\/\/contrib.city\/index.php\/2020\/03\/27\/mme-hidalgo-le-confinement-et-la-densite-urbaine\/#primaryimage\"},\"thumbnailUrl\":\"https:\/\/contrib.city\/wp-content\/uploads\/2020\/03\/CC-avec-loupe-2-1.jpg\",\"datePublished\":\"2020-03-27T20:11:40+00:00\",\"dateModified\":\"2020-04-01T20:05:37+00:00\",\"breadcrumb\":{\"@id\":\"https:\/\/contrib.city\/index.php\/2020\/03\/27\/mme-hidalgo-le-confinement-et-la-densite-urbaine\/#breadcrumb\"},\"inLanguage\":\"fr-FR\",\"potentialAction\":[{\"@type\":\"ReadAction\",\"target\":[\"https:\/\/contrib.city\/index.php\/2020\/03\/27\/mme-hidalgo-le-confinement-et-la-densite-urbaine\/\"]}]},{\"@type\":\"ImageObject\",\"inLanguage\":\"fr-FR\",\"@id\":\"https:\/\/contrib.city\/index.php\/2020\/03\/27\/mme-hidalgo-le-confinement-et-la-densite-urbaine\/#primaryimage\",\"url\":\"https:\/\/contrib.city\/wp-content\/uploads\/2020\/03\/CC-avec-loupe-2-1.jpg\",\"contentUrl\":\"https:\/\/contrib.city\/wp-content\/uploads\/2020\/03\/CC-avec-loupe-2-1.jpg\",\"width\":1133,\"height\":777},{\"@type\":\"BreadcrumbList\",\"@id\":\"https:\/\/contrib.city\/index.php\/2020\/03\/27\/mme-hidalgo-le-confinement-et-la-densite-urbaine\/#breadcrumb\",\"itemListElement\":[{\"@type\":\"ListItem\",\"position\":1,\"name\":\"Home\",\"item\":\"https:\/\/contrib.city\/\"},{\"@type\":\"ListItem\",\"position\":2,\"name\":\"Mme Hidalgo, le confinement et la densit\u00e9 urbaine\"}]},{\"@type\":\"WebSite\",\"@id\":\"https:\/\/contrib.city\/#website\",\"url\":\"https:\/\/contrib.city\/\",\"name\":\"ContribCity\",\"description\":\"Parlons de nos lieux de vie\",\"publisher\":{\"@id\":\"https:\/\/contrib.city\/#organization\"},\"potentialAction\":[{\"@type\":\"SearchAction\",\"target\":{\"@type\":\"EntryPoint\",\"urlTemplate\":\"https:\/\/contrib.city\/?s={search_term_string}\"},\"query-input\":{\"@type\":\"PropertyValueSpecification\",\"valueRequired\":true,\"valueName\":\"search_term_string\"}}],\"inLanguage\":\"fr-FR\"},{\"@type\":\"Organization\",\"@id\":\"https:\/\/contrib.city\/#organization\",\"name\":\"ContribCity\",\"url\":\"https:\/\/contrib.city\/\",\"logo\":{\"@type\":\"ImageObject\",\"inLanguage\":\"fr-FR\",\"@id\":\"https:\/\/contrib.city\/#\/schema\/logo\/image\/\",\"url\":\"https:\/\/contrib.city\/wp-content\/uploads\/2020\/01\/cropped-Parlons-de-nos-lieux-de-vie-2.jpg\",\"contentUrl\":\"https:\/\/contrib.city\/wp-content\/uploads\/2020\/01\/cropped-Parlons-de-nos-lieux-de-vie-2.jpg\",\"width\":1133,\"height\":218,\"caption\":\"ContribCity\"},\"image\":{\"@id\":\"https:\/\/contrib.city\/#\/schema\/logo\/image\/\"}},{\"@type\":\"Person\",\"@id\":\"https:\/\/contrib.city\/#\/schema\/person\/ec389c5a78a37ccaee4e8ce098099db5\",\"name\":\"Bertrand de Foucauld\",\"image\":{\"@type\":\"ImageObject\",\"inLanguage\":\"fr-FR\",\"@id\":\"https:\/\/secure.gravatar.com\/avatar\/c49e25550e4609092f7a00fb677a980813788778df987b36cad9b0fc85a8bf73?s=96&d=mm&r=g\",\"url\":\"https:\/\/secure.gravatar.com\/avatar\/c49e25550e4609092f7a00fb677a980813788778df987b36cad9b0fc85a8bf73?s=96&d=mm&r=g\",\"contentUrl\":\"https:\/\/secure.gravatar.com\/avatar\/c49e25550e4609092f7a00fb677a980813788778df987b36cad9b0fc85a8bf73?s=96&d=mm&r=g\",\"caption\":\"Bertrand de Foucauld\"},\"url\":\"https:\/\/contrib.city\/index.php\/author\/bertrand\/\"}]}<\/script>\n<!-- \/ Yoast SEO plugin. -->","yoast_head_json":{"title":"Mme Hidalgo, le confinement et la densit\u00e9 urbaine - ContribCity","robots":{"index":"index","follow":"follow","max-snippet":"max-snippet:-1","max-image-preview":"max-image-preview:large","max-video-preview":"max-video-preview:-1"},"canonical":"https:\/\/contrib.city\/index.php\/2020\/03\/27\/mme-hidalgo-le-confinement-et-la-densite-urbaine\/","og_locale":"fr_FR","og_type":"article","og_title":"Mme Hidalgo, le confinement et la densit\u00e9 urbaine - ContribCity","og_description":"Dans un article du Parisien, Anne Hidalgo, maire de Paris, affirme qu&#8217;il faut aller vers un confinement beaucoup plus s\u00e9v\u00e8re.[1]HENRY","og_url":"https:\/\/contrib.city\/index.php\/2020\/03\/27\/mme-hidalgo-le-confinement-et-la-densite-urbaine\/","og_site_name":"ContribCity","article_published_time":"2020-03-27T20:11:40+00:00","article_modified_time":"2020-04-01T20:05:37+00:00","og_image":[{"width":1133,"height":777,"url":"https:\/\/contrib.city\/wp-content\/uploads\/2020\/03\/CC-avec-loupe-2-1.jpg","type":"image\/jpeg"}],"author":"Bertrand de Foucauld","twitter_card":"summary_large_image","twitter_misc":{"\u00c9crit par":"Bertrand de Foucauld","Dur\u00e9e de lecture estim\u00e9e":"9 minutes"},"schema":{"@context":"https:\/\/schema.org","@graph":[{"@type":"Article","@id":"https:\/\/contrib.city\/index.php\/2020\/03\/27\/mme-hidalgo-le-confinement-et-la-densite-urbaine\/#article","isPartOf":{"@id":"https:\/\/contrib.city\/index.php\/2020\/03\/27\/mme-hidalgo-le-confinement-et-la-densite-urbaine\/"},"author":{"name":"Bertrand de Foucauld","@id":"https:\/\/contrib.city\/#\/schema\/person\/ec389c5a78a37ccaee4e8ce098099db5"},"headline":"Mme Hidalgo, le confinement et la densit\u00e9 urbaine","datePublished":"2020-03-27T20:11:40+00:00","dateModified":"2020-04-01T20:05:37+00:00","mainEntityOfPage":{"@id":"https:\/\/contrib.city\/index.php\/2020\/03\/27\/mme-hidalgo-le-confinement-et-la-densite-urbaine\/"},"wordCount":1934,"commentCount":0,"publisher":{"@id":"https:\/\/contrib.city\/#organization"},"image":{"@id":"https:\/\/contrib.city\/index.php\/2020\/03\/27\/mme-hidalgo-le-confinement-et-la-densite-urbaine\/#primaryimage"},"thumbnailUrl":"https:\/\/contrib.city\/wp-content\/uploads\/2020\/03\/CC-avec-loupe-2-1.jpg","articleSection":["Economie\/Social","Sant\u00e9","Transports","Urbanisme"],"inLanguage":"fr-FR","potentialAction":[{"@type":"CommentAction","name":"Comment","target":["https:\/\/contrib.city\/index.php\/2020\/03\/27\/mme-hidalgo-le-confinement-et-la-densite-urbaine\/#respond"]}]},{"@type":"WebPage","@id":"https:\/\/contrib.city\/index.php\/2020\/03\/27\/mme-hidalgo-le-confinement-et-la-densite-urbaine\/","url":"https:\/\/contrib.city\/index.php\/2020\/03\/27\/mme-hidalgo-le-confinement-et-la-densite-urbaine\/","name":"Mme Hidalgo, le confinement et la densit\u00e9 urbaine - ContribCity","isPartOf":{"@id":"https:\/\/contrib.city\/#website"},"primaryImageOfPage":{"@id":"https:\/\/contrib.city\/index.php\/2020\/03\/27\/mme-hidalgo-le-confinement-et-la-densite-urbaine\/#primaryimage"},"image":{"@id":"https:\/\/contrib.city\/index.php\/2020\/03\/27\/mme-hidalgo-le-confinement-et-la-densite-urbaine\/#primaryimage"},"thumbnailUrl":"https:\/\/contrib.city\/wp-content\/uploads\/2020\/03\/CC-avec-loupe-2-1.jpg","datePublished":"2020-03-27T20:11:40+00:00","dateModified":"2020-04-01T20:05:37+00:00","breadcrumb":{"@id":"https:\/\/contrib.city\/index.php\/2020\/03\/27\/mme-hidalgo-le-confinement-et-la-densite-urbaine\/#breadcrumb"},"inLanguage":"fr-FR","potentialAction":[{"@type":"ReadAction","target":["https:\/\/contrib.city\/index.php\/2020\/03\/27\/mme-hidalgo-le-confinement-et-la-densite-urbaine\/"]}]},{"@type":"ImageObject","inLanguage":"fr-FR","@id":"https:\/\/contrib.city\/index.php\/2020\/03\/27\/mme-hidalgo-le-confinement-et-la-densite-urbaine\/#primaryimage","url":"https:\/\/contrib.city\/wp-content\/uploads\/2020\/03\/CC-avec-loupe-2-1.jpg","contentUrl":"https:\/\/contrib.city\/wp-content\/uploads\/2020\/03\/CC-avec-loupe-2-1.jpg","width":1133,"height":777},{"@type":"BreadcrumbList","@id":"https:\/\/contrib.city\/index.php\/2020\/03\/27\/mme-hidalgo-le-confinement-et-la-densite-urbaine\/#breadcrumb","itemListElement":[{"@type":"ListItem","position":1,"name":"Home","item":"https:\/\/contrib.city\/"},{"@type":"ListItem","position":2,"name":"Mme Hidalgo, le confinement et la densit\u00e9 urbaine"}]},{"@type":"WebSite","@id":"https:\/\/contrib.city\/#website","url":"https:\/\/contrib.city\/","name":"ContribCity","description":"Parlons de nos lieux de vie","publisher":{"@id":"https:\/\/contrib.city\/#organization"},"potentialAction":[{"@type":"SearchAction","target":{"@type":"EntryPoint","urlTemplate":"https:\/\/contrib.city\/?s={search_term_string}"},"query-input":{"@type":"PropertyValueSpecification","valueRequired":true,"valueName":"search_term_string"}}],"inLanguage":"fr-FR"},{"@type":"Organization","@id":"https:\/\/contrib.city\/#organization","name":"ContribCity","url":"https:\/\/contrib.city\/","logo":{"@type":"ImageObject","inLanguage":"fr-FR","@id":"https:\/\/contrib.city\/#\/schema\/logo\/image\/","url":"https:\/\/contrib.city\/wp-content\/uploads\/2020\/01\/cropped-Parlons-de-nos-lieux-de-vie-2.jpg","contentUrl":"https:\/\/contrib.city\/wp-content\/uploads\/2020\/01\/cropped-Parlons-de-nos-lieux-de-vie-2.jpg","width":1133,"height":218,"caption":"ContribCity"},"image":{"@id":"https:\/\/contrib.city\/#\/schema\/logo\/image\/"}},{"@type":"Person","@id":"https:\/\/contrib.city\/#\/schema\/person\/ec389c5a78a37ccaee4e8ce098099db5","name":"Bertrand de Foucauld","image":{"@type":"ImageObject","inLanguage":"fr-FR","@id":"https:\/\/secure.gravatar.com\/avatar\/c49e25550e4609092f7a00fb677a980813788778df987b36cad9b0fc85a8bf73?s=96&d=mm&r=g","url":"https:\/\/secure.gravatar.com\/avatar\/c49e25550e4609092f7a00fb677a980813788778df987b36cad9b0fc85a8bf73?s=96&d=mm&r=g","contentUrl":"https:\/\/secure.gravatar.com\/avatar\/c49e25550e4609092f7a00fb677a980813788778df987b36cad9b0fc85a8bf73?s=96&d=mm&r=g","caption":"Bertrand de Foucauld"},"url":"https:\/\/contrib.city\/index.php\/author\/bertrand\/"}]}},"jetpack_featured_media_url":"https:\/\/contrib.city\/wp-content\/uploads\/2020\/03\/CC-avec-loupe-2-1.jpg","jetpack_sharing_enabled":true,"post_mailing_queue_ids":[],"_links":{"self":[{"href":"https:\/\/contrib.city\/index.php\/wp-json\/wp\/v2\/posts\/2508","targetHints":{"allow":["GET"]}}],"collection":[{"href":"https:\/\/contrib.city\/index.php\/wp-json\/wp\/v2\/posts"}],"about":[{"href":"https:\/\/contrib.city\/index.php\/wp-json\/wp\/v2\/types\/post"}],"author":[{"embeddable":true,"href":"https:\/\/contrib.city\/index.php\/wp-json\/wp\/v2\/users\/1"}],"replies":[{"embeddable":true,"href":"https:\/\/contrib.city\/index.php\/wp-json\/wp\/v2\/comments?post=2508"}],"version-history":[{"count":50,"href":"https:\/\/contrib.city\/index.php\/wp-json\/wp\/v2\/posts\/2508\/revisions"}],"predecessor-version":[{"id":2774,"href":"https:\/\/contrib.city\/index.php\/wp-json\/wp\/v2\/posts\/2508\/revisions\/2774"}],"wp:featuredmedia":[{"embeddable":true,"href":"https:\/\/contrib.city\/index.php\/wp-json\/wp\/v2\/media\/2625"}],"wp:attachment":[{"href":"https:\/\/contrib.city\/index.php\/wp-json\/wp\/v2\/media?parent=2508"}],"wp:term":[{"taxonomy":"category","embeddable":true,"href":"https:\/\/contrib.city\/index.php\/wp-json\/wp\/v2\/categories?post=2508"},{"taxonomy":"post_tag","embeddable":true,"href":"https:\/\/contrib.city\/index.php\/wp-json\/wp\/v2\/tags?post=2508"}],"curies":[{"name":"wp","href":"https:\/\/api.w.org\/{rel}","templated":true}]}}