{"id":3078,"date":"2020-10-02T19:14:24","date_gmt":"2020-10-02T17:14:24","guid":{"rendered":"https:\/\/contrib.city\/?p=3078"},"modified":"2020-10-02T19:56:14","modified_gmt":"2020-10-02T17:56:14","slug":"louis-xiv-le-corona-et-la-bce-5-7-lue-et-la-decentralisation","status":"publish","type":"post","link":"https:\/\/contrib.city\/index.php\/2020\/10\/02\/louis-xiv-le-corona-et-la-bce-5-7-lue-et-la-decentralisation\/","title":{"rendered":"Louis XIV, le Corona et la BCE (5\/7) : l&#8217;UE et la d\u00e9centralisation"},"content":{"rendered":"<p style=\"text-align: justify;\">Comme je l&#8217;avais d\u00e9montr\u00e9 dans les articles des <a href=\"https:\/\/contrib.city\/index.php\/2020\/04\/10\/louis-xiv-le-corona-et-la-bce-1-7-le-lien\/\" target=\"_blank\" rel=\"noopener noreferrer\">10<\/a> et <a href=\"https:\/\/contrib.city\/index.php\/2020\/04\/28\/louis-xiv-le-corona-et-la-bce-3-5-centralisation-et-vulnerabilite-sanitaire\/\" target=\"_blank\" rel=\"noopener noreferrer\">28 avril<\/a> 2020, les d\u00e9cisions structurelles de gouvernance \u00e9taient d\u00e9j\u00e0 prises \u00e0 l&#8217;\u00e9chelle de l&#8217;Europe sous Louis XIV, souvent au travers d&#8217;un mariage ou d&#8217;une guerre. Aujourd&#8217;hui, cette \u00e9chelle continentale est devenue une norme quotidienne : les d\u00e9cisions de la commission europ\u00e9enne ou de la Banque Centrale sont r\u00e9guli\u00e8rement relay\u00e9es par les m\u00e9dias grand-public. Ainsi, par exemple, celle de diminuer les taux d&#8217;int\u00e9r\u00eats apr\u00e8s les crises financi\u00e8res de 2008 et 2011, ou bien celle d&#8217;injecter 870 milliards d&#8217;euros (120 milliards de pr\u00eat classique aux Etats plus 750 milliards&nbsp; de &#8220;pr\u00eats Pand\u00e9mie&#8221;), dont 40 milliards d&#8217;euros \u00e0 la France<span class=\"footnote_referrer\"><a role=\"button\" tabindex=\"0\" onclick=\"footnote_moveToReference_3078_1('footnote_plugin_reference_3078_1_1');\" onkeypress=\"footnote_moveToReference_3078_1('footnote_plugin_reference_3078_1_1');\" ><sup id=\"footnote_plugin_tooltip_3078_1_1\" class=\"footnote_plugin_tooltip_text\">[1]<\/sup><\/a><span id=\"footnote_plugin_tooltip_text_3078_1_1\" class=\"footnote_tooltip\">France relance<\/span><\/span><script type=\"text\/javascript\"> jQuery('#footnote_plugin_tooltip_3078_1_1').tooltip({ tip: '#footnote_plugin_tooltip_text_3078_1_1', tipClass: 'footnote_tooltip', effect: 'fade', predelay: 0, fadeInSpeed: 200, delay: 400, fadeOutSpeed: 200, position: 'top right', relative: true, offset: [10, 10], });<\/script> qui pourraient bien co\u00fbter 60 milliards aux contribuables fran\u00e7ais<span class=\"footnote_referrer\"><a role=\"button\" tabindex=\"0\" onclick=\"footnote_moveToReference_3078_1('footnote_plugin_reference_3078_1_2');\" onkeypress=\"footnote_moveToReference_3078_1('footnote_plugin_reference_3078_1_2');\" ><sup id=\"footnote_plugin_tooltip_3078_1_2\" class=\"footnote_plugin_tooltip_text\">[2]<\/sup><\/a><span id=\"footnote_plugin_tooltip_text_3078_1_2\" class=\"footnote_tooltip\">Ce &#8220;Plan de relance \u00e0 100 milliards&#8221; revient \u00e0 continuer \u00e0 utiliser une planche \u00e0 billets virtuelle et \u00e0 augmenter encore une dette fran\u00e7aise que les d\u00e9biteurs ne voudront et ne pourront jamais rembourser. A ce sujet, si les pays de l&#8217;UE ne tombent pas unanimement d&#8217;accord sur les modalit\u00e9s fiscales (taxes Gafam, transactions financi\u00e8res, carbone) pour financer cet emprunt, ces 40 milliards de subventions se transformeront en <em>un trou suppl\u00e9mentaire de 20 milliards dans les caisses publiques fran\u00e7aises [&#8230;] car [la France] devra rembourser 60 milliards<\/em> (Herv\u00e9 Martin, Le <a href=\"https:\/\/www.lecanardenchaine.fr\/la-une-du-9-septembre-2020\/\" target=\"_blank\" rel=\"noopener noreferrer\">Canard Encha\u00een\u00e9<\/a> du 9 septembre 2020). En effet, la France, consid\u00e9r\u00e9e comme un pays d\u00e9pensier, devra payer un taux d&#8217;int\u00e9r\u00eat sup\u00e9rieur \u00e0 ceux des nations class\u00e9es comme frugales (<a href=\"https:\/\/www.leparisien.fr\/politique\/750-milliards-d-euros-dette-commune-rabais-le-contenu-du-plan-de-relance-europeen-21-07-2020-8356164.php\" target=\"_blank\" rel=\"noopener noreferrer\">Le Parisien<\/a> du 21 juillet 2020).<\/span><\/span><script type=\"text\/javascript\"> jQuery('#footnote_plugin_tooltip_3078_1_2').tooltip({ tip: '#footnote_plugin_tooltip_text_3078_1_2', tipClass: 'footnote_tooltip', effect: 'fade', predelay: 0, fadeInSpeed: 200, delay: 400, fadeOutSpeed: 200, position: 'top right', relative: true, offset: [10, 10], });<\/script>.<\/p>\n<p style=\"text-align: justify;\">Si une d\u00e9centralisation vers Lyon (comme sugg\u00e9r\u00e9e dans ma th\u00e8se en 2013) peut appara\u00eetre plus comme une boutade, malgr\u00e9 sa r\u00e9alit\u00e9 pass\u00e9e (<em>Lugdunum, capitale des Gaules<\/em>, peut-on lire sur un panneau de l&#8217;autoroute du sud), car la m\u00e9tropole rh\u00f4ne-alpine n&#8217;est pas dot\u00e9e d&#8217;un v\u00e9ritable contre-pouvoir face \u00e0 Paris, la donne change si l&#8217;on se tourne vers le nord, c&#8217;est-\u00e0-dire Bruxelles. L\u00e0, la puissance ex\u00e9cutive, de dimension continentale, peut, et a d\u00e9j\u00e0 commenc\u00e9, avec une acc\u00e9l\u00e9ration pendant cette crise du virus Corona, non seulement \u00e0 d\u00e9placer une partie de ce pouvoir centralisateur de la R\u00e9gion parisienne vers un autre territoire mais \u00e9galement vers une terre ext\u00e9rieure \u00e0 la France elle-m\u00eame. Ce d\u00e9placement est m\u00fb aussi par la force financi\u00e8re et mon\u00e9taire. Rappelons, de plus, que la capitale belge abrite le si\u00e8ge d&#8217;une forte puissance arm\u00e9e : l&#8217;OTAN. Cette ville repr\u00e9sente donc un pouvoir non pas uniquement politique, mais \u00e9galement mon\u00e9taire et militaire. Si l&#8217;on ajoute \u00e0 cela le r\u00f4le parlementaire (de l&#8217;U.E), on comprend pourquoi&nbsp; cette zone urbaine se d\u00e9veloppe de plus en plus malgr\u00e9 son climat pluvieux (climat oc\u00e9anique du nord de l&#8217;Europe).<\/p>\n<p style=\"text-align: justify;\">Progressivement, la dimension nationale ne correspond plus \u00e0 celle d&#8217;un pays dans le sens o\u00f9 on l&#8217;entendait traditionnellement en Europe, mais elle entre de plus en plus profond\u00e9ment dans une sph\u00e8re continentale, avec le d\u00e9veloppement de technologies telles que l&#8217;aviation grand-public et Internet.&nbsp; &nbsp;<\/p>\n<p style=\"text-align: justify;\">Bibliographie suppl\u00e9mentaire <span class=\"footnote_referrer\"><a role=\"button\" tabindex=\"0\" onclick=\"footnote_moveToReference_3078_1('footnote_plugin_reference_3078_1_3');\" onkeypress=\"footnote_moveToReference_3078_1('footnote_plugin_reference_3078_1_3');\" ><sup id=\"footnote_plugin_tooltip_3078_1_3\" class=\"footnote_plugin_tooltip_text\">[3]<\/sup><\/a><span id=\"footnote_plugin_tooltip_text_3078_1_3\" class=\"footnote_tooltip\">B\u00c9LY Lucien, <em>La France moderne. 1498-1789<\/em>, Paris, PUF, 2003<\/span><\/span><script type=\"text\/javascript\"> jQuery('#footnote_plugin_tooltip_3078_1_3').tooltip({ tip: '#footnote_plugin_tooltip_text_3078_1_3', tipClass: 'footnote_tooltip', effect: 'fade', predelay: 0, fadeInSpeed: 200, delay: 400, fadeOutSpeed: 200, position: 'top right', relative: true, offset: [10, 10], });<\/script> <span class=\"footnote_referrer\"><a role=\"button\" tabindex=\"0\" onclick=\"footnote_moveToReference_3078_1('footnote_plugin_reference_3078_1_4');\" onkeypress=\"footnote_moveToReference_3078_1('footnote_plugin_reference_3078_1_4');\" ><sup id=\"footnote_plugin_tooltip_3078_1_4\" class=\"footnote_plugin_tooltip_text\">[4]<\/sup><\/a><span id=\"footnote_plugin_tooltip_text_3078_1_4\" class=\"footnote_tooltip\">GARNOT Beno\u00eet, <em>La population fran\u00e7aise : aux XVIe, XVIIe et XVIIIe si\u00e8cles<\/em>, Paris, Ophrys, 2005.<\/span><\/span><script type=\"text\/javascript\"> jQuery('#footnote_plugin_tooltip_3078_1_4').tooltip({ tip: '#footnote_plugin_tooltip_text_3078_1_4', tipClass: 'footnote_tooltip', effect: 'fade', predelay: 0, fadeInSpeed: 200, delay: 400, fadeOutSpeed: 200, position: 'top right', relative: true, offset: [10, 10], });<\/script> <span class=\"footnote_referrer\"><a role=\"button\" tabindex=\"0\" onclick=\"footnote_moveToReference_3078_1('footnote_plugin_reference_3078_1_5');\" onkeypress=\"footnote_moveToReference_3078_1('footnote_plugin_reference_3078_1_5');\" ><sup id=\"footnote_plugin_tooltip_3078_1_5\" class=\"footnote_plugin_tooltip_text\">[5]<\/sup><\/a><span id=\"footnote_plugin_tooltip_text_3078_1_5\" class=\"footnote_tooltip\">LAROUSSE, <em>Guerre de la succession d&#8217;Espagne<\/em>, [Consult\u00e9 le 08\/04\/2020], disponible sur : <a href=\"https:\/\/www.larousse.fr\/encyclopedie\/divers\/guerre_de_la_Succession_dEspagne\/145407\" target=\"_blank\" rel=\"noopener noreferrer\"><span class=\"footnote_url_wrap\">https:\/\/www.larousse.fr\/encyclopedie\/divers\/guerre_de_la_Succession_dEspagne\/145407<\/span><\/a><\/span><\/span><script type=\"text\/javascript\"> jQuery('#footnote_plugin_tooltip_3078_1_5').tooltip({ tip: '#footnote_plugin_tooltip_text_3078_1_5', tipClass: 'footnote_tooltip', effect: 'fade', predelay: 0, fadeInSpeed: 200, delay: 400, fadeOutSpeed: 200, position: 'top right', relative: true, offset: [10, 10], });<\/script> <span class=\"footnote_referrer\"><a role=\"button\" tabindex=\"0\" onclick=\"footnote_moveToReference_3078_1('footnote_plugin_reference_3078_1_6');\" onkeypress=\"footnote_moveToReference_3078_1('footnote_plugin_reference_3078_1_6');\" ><sup id=\"footnote_plugin_tooltip_3078_1_6\" class=\"footnote_plugin_tooltip_text\">[6]<\/sup><\/a><span id=\"footnote_plugin_tooltip_text_3078_1_6\" class=\"footnote_tooltip\">HERODOTE, 1702-1713 &#8211; Guerre de la Succession d&#8217;Espagne, le 18\/12\/04. [Consult\u00e9 le 08\/04\/2020], disponible sur : <a href=\"https:\/\/www.herodote.net\/Guerre_de_la_Succession_d_Espagne-synthese-84.php\" target=\"_blank\" rel=\"noopener noreferrer\"><span class=\"footnote_url_wrap\">https:\/\/www.herodote.net\/Guerre_de_la_Succession_d_Espagne-synthese-84.php<\/span><\/a><\/span><\/span><script type=\"text\/javascript\"> jQuery('#footnote_plugin_tooltip_3078_1_6').tooltip({ tip: '#footnote_plugin_tooltip_text_3078_1_6', tipClass: 'footnote_tooltip', effect: 'fade', predelay: 0, fadeInSpeed: 200, delay: 400, fadeOutSpeed: 200, position: 'top right', relative: true, offset: [10, 10], });<\/script> <span class=\"footnote_referrer\"><a role=\"button\" tabindex=\"0\" onclick=\"footnote_moveToReference_3078_1('footnote_plugin_reference_3078_1_7');\" onkeypress=\"footnote_moveToReference_3078_1('footnote_plugin_reference_3078_1_7');\" ><sup id=\"footnote_plugin_tooltip_3078_1_7\" class=\"footnote_plugin_tooltip_text\">[7]<\/sup><\/a><span id=\"footnote_plugin_tooltip_text_3078_1_7\" class=\"footnote_tooltip\">REINHARD Marcel, &#8220;La population fran\u00e7aise au XVIIe si\u00e8cle&#8221; in <em>Population<\/em>, 1958, p 619-630, [Consult\u00e9 le 08\/04\/2020], disponible sur : <a href=\"https:\/\/www.persee.fr\/doc\/pop_0032-4663_1958_num_13_4_5734\" target=\"_blank\" rel=\"noopener noreferrer\"><span class=\"footnote_url_wrap\">https:\/\/www.persee.fr\/doc\/pop_0032-4663_1958_num_13_4_5734<\/span><\/a><\/span><\/span><script type=\"text\/javascript\"> jQuery('#footnote_plugin_tooltip_3078_1_7').tooltip({ tip: '#footnote_plugin_tooltip_text_3078_1_7', tipClass: 'footnote_tooltip', effect: 'fade', predelay: 0, fadeInSpeed: 200, delay: 400, fadeOutSpeed: 200, position: 'top right', relative: true, offset: [10, 10], });<\/script> <span class=\"footnote_referrer\"><a role=\"button\" tabindex=\"0\" onclick=\"footnote_moveToReference_3078_1('footnote_plugin_reference_3078_1_8');\" onkeypress=\"footnote_moveToReference_3078_1('footnote_plugin_reference_3078_1_8');\" ><sup id=\"footnote_plugin_tooltip_3078_1_8\" class=\"footnote_plugin_tooltip_text\">[8]<\/sup><\/a><span id=\"footnote_plugin_tooltip_text_3078_1_8\" class=\"footnote_tooltip\">CARMONA Michel, <em>Haussman<\/em>, Paris, Fayard, 2000, 647p<\/span><\/span><script type=\"text\/javascript\"> jQuery('#footnote_plugin_tooltip_3078_1_8').tooltip({ tip: '#footnote_plugin_tooltip_text_3078_1_8', tipClass: 'footnote_tooltip', effect: 'fade', predelay: 0, fadeInSpeed: 200, delay: 400, fadeOutSpeed: 200, position: 'top right', relative: true, offset: [10, 10], });<\/script><span class=\"footnote_referrer\"><a role=\"button\" tabindex=\"0\" onclick=\"footnote_moveToReference_3078_1('footnote_plugin_reference_3078_1_9');\" onkeypress=\"footnote_moveToReference_3078_1('footnote_plugin_reference_3078_1_9');\" ><sup id=\"footnote_plugin_tooltip_3078_1_9\" class=\"footnote_plugin_tooltip_text\">[9]<\/sup><\/a><span id=\"footnote_plugin_tooltip_text_3078_1_9\" class=\"footnote_tooltip\"><a href=\"https:\/\/www.lefigaro.fr\/vox\/economie\/la-balkanisation-des-depenses-du-plan-de-relance-masque-mal-sa-faible-ampleur-macroeconomique-20200903\" target=\"_blank\" rel=\"noopener noreferrer\">Le Figaro<\/a> du 3 septembre 2020<\/span><\/span><script type=\"text\/javascript\"> jQuery('#footnote_plugin_tooltip_3078_1_9').tooltip({ tip: '#footnote_plugin_tooltip_text_3078_1_9', tipClass: 'footnote_tooltip', effect: 'fade', predelay: 0, fadeInSpeed: 200, delay: 400, fadeOutSpeed: 200, position: 'top right', relative: true, offset: [10, 10], });<\/script><\/p>\n<p style=\"text-align: justify;\">[scu name=&#8221;map&#8221;]<\/p>\n<div class=\"speaker-mute footnotes_reference_container\"> <div class=\"footnote_container_prepare\"><p><span role=\"button\" tabindex=\"0\" class=\"footnote_reference_container_label pointer\" onclick=\"footnote_expand_collapse_reference_container_3078_1();\">R\u00e9f\u00e9rences<\/span><span role=\"button\" tabindex=\"0\" class=\"footnote_reference_container_collapse_button\" style=\"\" onclick=\"footnote_expand_collapse_reference_container_3078_1();\">[<a id=\"footnote_reference_container_collapse_button_3078_1\">+<\/a>]<\/span><\/p><\/div> <div id=\"footnote_references_container_3078_1\" style=\"display: none;\"><table class=\"footnotes_table footnote-reference-container\"><caption class=\"accessibility\">R\u00e9f\u00e9rences<\/caption> <tbody> \r\n\r\n<tr class=\"footnotes_plugin_reference_row\"> <th scope=\"row\" class=\"footnote_plugin_index_combi pointer\"  onclick=\"footnote_moveToAnchor_3078_1('footnote_plugin_tooltip_3078_1_1');\"><a id=\"footnote_plugin_reference_3078_1_1\" class=\"footnote_backlink\"><span class=\"footnote_index_arrow\">&#8593;<\/span>1<\/a><\/th> <td class=\"footnote_plugin_text\">France relance<\/td><\/tr>\r\n\r\n<tr class=\"footnotes_plugin_reference_row\"> <th scope=\"row\" class=\"footnote_plugin_index_combi pointer\"  onclick=\"footnote_moveToAnchor_3078_1('footnote_plugin_tooltip_3078_1_2');\"><a id=\"footnote_plugin_reference_3078_1_2\" class=\"footnote_backlink\"><span class=\"footnote_index_arrow\">&#8593;<\/span>2<\/a><\/th> <td class=\"footnote_plugin_text\">Ce &#8220;Plan de relance \u00e0 100 milliards&#8221; revient \u00e0 continuer \u00e0 utiliser une planche \u00e0 billets virtuelle et \u00e0 augmenter encore une dette fran\u00e7aise que les d\u00e9biteurs ne voudront et ne pourront jamais rembourser. A ce sujet, si les pays de l&#8217;UE ne tombent pas unanimement d&#8217;accord sur les modalit\u00e9s fiscales (taxes Gafam, transactions financi\u00e8res, carbone) pour financer cet emprunt, ces 40 milliards de subventions se transformeront en <em>un trou suppl\u00e9mentaire de 20 milliards dans les caisses publiques fran\u00e7aises [&#8230;] car [la France] devra rembourser 60 milliards<\/em> (Herv\u00e9 Martin, Le <a href=\"https:\/\/www.lecanardenchaine.fr\/la-une-du-9-septembre-2020\/\" target=\"_blank\" rel=\"noopener noreferrer\">Canard Encha\u00een\u00e9<\/a> du 9 septembre 2020). En effet, la France, consid\u00e9r\u00e9e comme un pays d\u00e9pensier, devra payer un taux d&#8217;int\u00e9r\u00eat sup\u00e9rieur \u00e0 ceux des nations class\u00e9es comme frugales (<a href=\"https:\/\/www.leparisien.fr\/politique\/750-milliards-d-euros-dette-commune-rabais-le-contenu-du-plan-de-relance-europeen-21-07-2020-8356164.php\" target=\"_blank\" rel=\"noopener noreferrer\">Le Parisien<\/a> du 21 juillet 2020).<\/td><\/tr>\r\n\r\n<tr class=\"footnotes_plugin_reference_row\"> <th scope=\"row\" class=\"footnote_plugin_index_combi pointer\"  onclick=\"footnote_moveToAnchor_3078_1('footnote_plugin_tooltip_3078_1_3');\"><a id=\"footnote_plugin_reference_3078_1_3\" class=\"footnote_backlink\"><span class=\"footnote_index_arrow\">&#8593;<\/span>3<\/a><\/th> <td class=\"footnote_plugin_text\">B\u00c9LY Lucien, <em>La France moderne. 1498-1789<\/em>, Paris, PUF, 2003<\/td><\/tr>\r\n\r\n<tr class=\"footnotes_plugin_reference_row\"> <th scope=\"row\" class=\"footnote_plugin_index_combi pointer\"  onclick=\"footnote_moveToAnchor_3078_1('footnote_plugin_tooltip_3078_1_4');\"><a id=\"footnote_plugin_reference_3078_1_4\" class=\"footnote_backlink\"><span class=\"footnote_index_arrow\">&#8593;<\/span>4<\/a><\/th> <td class=\"footnote_plugin_text\">GARNOT Beno\u00eet, <em>La population fran\u00e7aise : aux XVIe, XVIIe et XVIIIe si\u00e8cles<\/em>, Paris, Ophrys, 2005.<\/td><\/tr>\r\n\r\n<tr class=\"footnotes_plugin_reference_row\"> <th scope=\"row\" class=\"footnote_plugin_index_combi pointer\"  onclick=\"footnote_moveToAnchor_3078_1('footnote_plugin_tooltip_3078_1_5');\"><a id=\"footnote_plugin_reference_3078_1_5\" class=\"footnote_backlink\"><span class=\"footnote_index_arrow\">&#8593;<\/span>5<\/a><\/th> <td class=\"footnote_plugin_text\">LAROUSSE, <em>Guerre de la succession d&#8217;Espagne<\/em>, [Consult\u00e9 le 08\/04\/2020], disponible sur : <a href=\"https:\/\/www.larousse.fr\/encyclopedie\/divers\/guerre_de_la_Succession_dEspagne\/145407\" target=\"_blank\" rel=\"noopener noreferrer\"><span class=\"footnote_url_wrap\">https:\/\/www.larousse.fr\/encyclopedie\/divers\/guerre_de_la_Succession_dEspagne\/145407<\/span><\/a><\/td><\/tr>\r\n\r\n<tr class=\"footnotes_plugin_reference_row\"> <th scope=\"row\" class=\"footnote_plugin_index_combi pointer\"  onclick=\"footnote_moveToAnchor_3078_1('footnote_plugin_tooltip_3078_1_6');\"><a id=\"footnote_plugin_reference_3078_1_6\" class=\"footnote_backlink\"><span class=\"footnote_index_arrow\">&#8593;<\/span>6<\/a><\/th> <td class=\"footnote_plugin_text\">HERODOTE, 1702-1713 &#8211; Guerre de la Succession d&#8217;Espagne, le 18\/12\/04. [Consult\u00e9 le 08\/04\/2020], disponible sur : <a href=\"https:\/\/www.herodote.net\/Guerre_de_la_Succession_d_Espagne-synthese-84.php\" target=\"_blank\" rel=\"noopener noreferrer\"><span class=\"footnote_url_wrap\">https:\/\/www.herodote.net\/Guerre_de_la_Succession_d_Espagne-synthese-84.php<\/span><\/a><\/td><\/tr>\r\n\r\n<tr class=\"footnotes_plugin_reference_row\"> <th scope=\"row\" class=\"footnote_plugin_index_combi pointer\"  onclick=\"footnote_moveToAnchor_3078_1('footnote_plugin_tooltip_3078_1_7');\"><a id=\"footnote_plugin_reference_3078_1_7\" class=\"footnote_backlink\"><span class=\"footnote_index_arrow\">&#8593;<\/span>7<\/a><\/th> <td class=\"footnote_plugin_text\">REINHARD Marcel, &#8220;La population fran\u00e7aise au XVIIe si\u00e8cle&#8221; in <em>Population<\/em>, 1958, p 619-630, [Consult\u00e9 le 08\/04\/2020], disponible sur : <a href=\"https:\/\/www.persee.fr\/doc\/pop_0032-4663_1958_num_13_4_5734\" target=\"_blank\" rel=\"noopener noreferrer\"><span class=\"footnote_url_wrap\">https:\/\/www.persee.fr\/doc\/pop_0032-4663_1958_num_13_4_5734<\/span><\/a><\/td><\/tr>\r\n\r\n<tr class=\"footnotes_plugin_reference_row\"> <th scope=\"row\" class=\"footnote_plugin_index_combi pointer\"  onclick=\"footnote_moveToAnchor_3078_1('footnote_plugin_tooltip_3078_1_8');\"><a id=\"footnote_plugin_reference_3078_1_8\" class=\"footnote_backlink\"><span class=\"footnote_index_arrow\">&#8593;<\/span>8<\/a><\/th> <td class=\"footnote_plugin_text\">CARMONA Michel, <em>Haussman<\/em>, Paris, Fayard, 2000, 647p<\/td><\/tr>\r\n\r\n<tr class=\"footnotes_plugin_reference_row\"> <th scope=\"row\" class=\"footnote_plugin_index_combi pointer\"  onclick=\"footnote_moveToAnchor_3078_1('footnote_plugin_tooltip_3078_1_9');\"><a id=\"footnote_plugin_reference_3078_1_9\" class=\"footnote_backlink\"><span class=\"footnote_index_arrow\">&#8593;<\/span>9<\/a><\/th> <td class=\"footnote_plugin_text\"><a href=\"https:\/\/www.lefigaro.fr\/vox\/economie\/la-balkanisation-des-depenses-du-plan-de-relance-masque-mal-sa-faible-ampleur-macroeconomique-20200903\" target=\"_blank\" rel=\"noopener noreferrer\">Le Figaro<\/a> du 3 septembre 2020<\/td><\/tr>\r\n\r\n <\/tbody> <\/table> <\/div><\/div><script type=\"text\/javascript\"> function footnote_expand_reference_container_3078_1() { jQuery('#footnote_references_container_3078_1').show(); jQuery('#footnote_reference_container_collapse_button_3078_1').text('\u2212'); } function footnote_collapse_reference_container_3078_1() { jQuery('#footnote_references_container_3078_1').hide(); jQuery('#footnote_reference_container_collapse_button_3078_1').text('+'); } function footnote_expand_collapse_reference_container_3078_1() { if (jQuery('#footnote_references_container_3078_1').is(':hidden')) { footnote_expand_reference_container_3078_1(); } else { footnote_collapse_reference_container_3078_1(); } } function footnote_moveToReference_3078_1(p_str_TargetID) { footnote_expand_reference_container_3078_1(); var l_obj_Target = jQuery('#' + p_str_TargetID); if (l_obj_Target.length) { jQuery( 'html, body' ).delay( 0 ); jQuery('html, body').animate({ scrollTop: l_obj_Target.offset().top - window.innerHeight * 0.2 }, 380); } } function footnote_moveToAnchor_3078_1(p_str_TargetID) { footnote_expand_reference_container_3078_1(); var l_obj_Target = jQuery('#' + p_str_TargetID); if (l_obj_Target.length) { jQuery( 'html, body' ).delay( 0 ); jQuery('html, body').animate({ scrollTop: l_obj_Target.offset().top - window.innerHeight * 0.2 }, 380); } }<\/script>","protected":false},"excerpt":{"rendered":"<p>Comme je l&#8217;avais d\u00e9montr\u00e9 dans les articles des 10 et 28 avril 2020, les d\u00e9cisions structurelles de gouvernance \u00e9taient d\u00e9j\u00e0<\/p>\n","protected":false},"author":1,"featured_media":5942,"comment_status":"open","ping_status":"open","sticky":false,"template":"","format":"standard","meta":{"_acf_changed":false,"inline_featured_image":false,"_exactmetrics_skip_tracking":false,"_exactmetrics_sitenote_active":false,"_exactmetrics_sitenote_note":"","_exactmetrics_sitenote_category":0,"ngg_post_thumbnail":0,"_jetpack_memberships_contains_paid_content":false,"footnotes":""},"categories":[51,4,7,5,2],"tags":[],"class_list":["post-3078","post","type-post","status-publish","format-standard","has-post-thumbnail","hentry","category-economie-social","category-environnement_fr","category-transports_fr","category-urbanisme_fr","category-commerce-fr"],"acf":[],"yoast_head":"<!-- This site is optimized with the Yoast SEO plugin v27.2 - https:\/\/yoast.com\/product\/yoast-seo-wordpress\/ -->\n<title>Louis XIV, le Corona et la BCE (5\/7) : l&#039;UE et la d\u00e9centralisation - ContribCity<\/title>\n<meta name=\"robots\" content=\"index, follow, max-snippet:-1, max-image-preview:large, max-video-preview:-1\" \/>\n<link rel=\"canonical\" href=\"https:\/\/contrib.city\/index.php\/2020\/10\/02\/louis-xiv-le-corona-et-la-bce-5-7-lue-et-la-decentralisation\/\" \/>\n<meta property=\"og:locale\" content=\"fr_FR\" \/>\n<meta property=\"og:type\" content=\"article\" \/>\n<meta property=\"og:title\" content=\"Louis XIV, le Corona et la BCE (5\/7) : l&#039;UE et la d\u00e9centralisation - ContribCity\" \/>\n<meta property=\"og:description\" content=\"Comme je l&#8217;avais d\u00e9montr\u00e9 dans les articles des 10 et 28 avril 2020, les d\u00e9cisions structurelles de gouvernance \u00e9taient d\u00e9j\u00e0\" \/>\n<meta property=\"og:url\" content=\"https:\/\/contrib.city\/index.php\/2020\/10\/02\/louis-xiv-le-corona-et-la-bce-5-7-lue-et-la-decentralisation\/\" \/>\n<meta property=\"og:site_name\" content=\"ContribCity\" \/>\n<meta property=\"article:published_time\" content=\"2020-10-02T17:14:24+00:00\" \/>\n<meta property=\"article:modified_time\" content=\"2020-10-02T17:56:14+00:00\" \/>\n<meta property=\"og:image\" content=\"https:\/\/contrib.city\/wp-content\/uploads\/2020\/09\/Image-couv-Louis-XIV-BCE-5-7-b.jpg\" \/>\n\t<meta property=\"og:image:width\" content=\"857\" \/>\n\t<meta property=\"og:image:height\" content=\"924\" \/>\n\t<meta property=\"og:image:type\" content=\"image\/jpeg\" \/>\n<meta name=\"author\" content=\"Bertrand de Foucauld\" \/>\n<meta name=\"twitter:card\" content=\"summary_large_image\" \/>\n<meta name=\"twitter:label1\" content=\"\u00c9crit par\" \/>\n\t<meta name=\"twitter:data1\" content=\"Bertrand de Foucauld\" \/>\n\t<meta name=\"twitter:label2\" content=\"Dur\u00e9e de lecture estim\u00e9e\" \/>\n\t<meta name=\"twitter:data2\" content=\"3 minutes\" \/>\n<script type=\"application\/ld+json\" class=\"yoast-schema-graph\">{\"@context\":\"https:\/\/schema.org\",\"@graph\":[{\"@type\":\"Article\",\"@id\":\"https:\/\/contrib.city\/index.php\/2020\/10\/02\/louis-xiv-le-corona-et-la-bce-5-7-lue-et-la-decentralisation\/#article\",\"isPartOf\":{\"@id\":\"https:\/\/contrib.city\/index.php\/2020\/10\/02\/louis-xiv-le-corona-et-la-bce-5-7-lue-et-la-decentralisation\/\"},\"author\":{\"name\":\"Bertrand de Foucauld\",\"@id\":\"https:\/\/contrib.city\/#\/schema\/person\/ec389c5a78a37ccaee4e8ce098099db5\"},\"headline\":\"Louis XIV, le Corona et la BCE (5\/7) : l&#8217;UE et la d\u00e9centralisation\",\"datePublished\":\"2020-10-02T17:14:24+00:00\",\"dateModified\":\"2020-10-02T17:56:14+00:00\",\"mainEntityOfPage\":{\"@id\":\"https:\/\/contrib.city\/index.php\/2020\/10\/02\/louis-xiv-le-corona-et-la-bce-5-7-lue-et-la-decentralisation\/\"},\"wordCount\":657,\"commentCount\":0,\"publisher\":{\"@id\":\"https:\/\/contrib.city\/#organization\"},\"image\":{\"@id\":\"https:\/\/contrib.city\/index.php\/2020\/10\/02\/louis-xiv-le-corona-et-la-bce-5-7-lue-et-la-decentralisation\/#primaryimage\"},\"thumbnailUrl\":\"https:\/\/contrib.city\/wp-content\/uploads\/2020\/09\/Image-couv-Louis-XIV-BCE-5-7-b.jpg\",\"articleSection\":[\"Economie\/Social\",\"Environnement\",\"Transports\",\"Urbanisme\",\"Vie quotidienne\"],\"inLanguage\":\"fr-FR\",\"potentialAction\":[{\"@type\":\"CommentAction\",\"name\":\"Comment\",\"target\":[\"https:\/\/contrib.city\/index.php\/2020\/10\/02\/louis-xiv-le-corona-et-la-bce-5-7-lue-et-la-decentralisation\/#respond\"]}]},{\"@type\":\"WebPage\",\"@id\":\"https:\/\/contrib.city\/index.php\/2020\/10\/02\/louis-xiv-le-corona-et-la-bce-5-7-lue-et-la-decentralisation\/\",\"url\":\"https:\/\/contrib.city\/index.php\/2020\/10\/02\/louis-xiv-le-corona-et-la-bce-5-7-lue-et-la-decentralisation\/\",\"name\":\"Louis XIV, le Corona et la BCE (5\/7) : l'UE et la d\u00e9centralisation - ContribCity\",\"isPartOf\":{\"@id\":\"https:\/\/contrib.city\/#website\"},\"primaryImageOfPage\":{\"@id\":\"https:\/\/contrib.city\/index.php\/2020\/10\/02\/louis-xiv-le-corona-et-la-bce-5-7-lue-et-la-decentralisation\/#primaryimage\"},\"image\":{\"@id\":\"https:\/\/contrib.city\/index.php\/2020\/10\/02\/louis-xiv-le-corona-et-la-bce-5-7-lue-et-la-decentralisation\/#primaryimage\"},\"thumbnailUrl\":\"https:\/\/contrib.city\/wp-content\/uploads\/2020\/09\/Image-couv-Louis-XIV-BCE-5-7-b.jpg\",\"datePublished\":\"2020-10-02T17:14:24+00:00\",\"dateModified\":\"2020-10-02T17:56:14+00:00\",\"breadcrumb\":{\"@id\":\"https:\/\/contrib.city\/index.php\/2020\/10\/02\/louis-xiv-le-corona-et-la-bce-5-7-lue-et-la-decentralisation\/#breadcrumb\"},\"inLanguage\":\"fr-FR\",\"potentialAction\":[{\"@type\":\"ReadAction\",\"target\":[\"https:\/\/contrib.city\/index.php\/2020\/10\/02\/louis-xiv-le-corona-et-la-bce-5-7-lue-et-la-decentralisation\/\"]}]},{\"@type\":\"ImageObject\",\"inLanguage\":\"fr-FR\",\"@id\":\"https:\/\/contrib.city\/index.php\/2020\/10\/02\/louis-xiv-le-corona-et-la-bce-5-7-lue-et-la-decentralisation\/#primaryimage\",\"url\":\"https:\/\/contrib.city\/wp-content\/uploads\/2020\/09\/Image-couv-Louis-XIV-BCE-5-7-b.jpg\",\"contentUrl\":\"https:\/\/contrib.city\/wp-content\/uploads\/2020\/09\/Image-couv-Louis-XIV-BCE-5-7-b.jpg\",\"width\":857,\"height\":924},{\"@type\":\"BreadcrumbList\",\"@id\":\"https:\/\/contrib.city\/index.php\/2020\/10\/02\/louis-xiv-le-corona-et-la-bce-5-7-lue-et-la-decentralisation\/#breadcrumb\",\"itemListElement\":[{\"@type\":\"ListItem\",\"position\":1,\"name\":\"Home\",\"item\":\"https:\/\/contrib.city\/\"},{\"@type\":\"ListItem\",\"position\":2,\"name\":\"Louis XIV, le Corona et la BCE (5\/7) : l&#8217;UE et la d\u00e9centralisation\"}]},{\"@type\":\"WebSite\",\"@id\":\"https:\/\/contrib.city\/#website\",\"url\":\"https:\/\/contrib.city\/\",\"name\":\"ContribCity\",\"description\":\"Parlons de nos lieux de vie\",\"publisher\":{\"@id\":\"https:\/\/contrib.city\/#organization\"},\"potentialAction\":[{\"@type\":\"SearchAction\",\"target\":{\"@type\":\"EntryPoint\",\"urlTemplate\":\"https:\/\/contrib.city\/?s={search_term_string}\"},\"query-input\":{\"@type\":\"PropertyValueSpecification\",\"valueRequired\":true,\"valueName\":\"search_term_string\"}}],\"inLanguage\":\"fr-FR\"},{\"@type\":\"Organization\",\"@id\":\"https:\/\/contrib.city\/#organization\",\"name\":\"ContribCity\",\"url\":\"https:\/\/contrib.city\/\",\"logo\":{\"@type\":\"ImageObject\",\"inLanguage\":\"fr-FR\",\"@id\":\"https:\/\/contrib.city\/#\/schema\/logo\/image\/\",\"url\":\"https:\/\/contrib.city\/wp-content\/uploads\/2020\/01\/cropped-Parlons-de-nos-lieux-de-vie-2.jpg\",\"contentUrl\":\"https:\/\/contrib.city\/wp-content\/uploads\/2020\/01\/cropped-Parlons-de-nos-lieux-de-vie-2.jpg\",\"width\":1133,\"height\":218,\"caption\":\"ContribCity\"},\"image\":{\"@id\":\"https:\/\/contrib.city\/#\/schema\/logo\/image\/\"}},{\"@type\":\"Person\",\"@id\":\"https:\/\/contrib.city\/#\/schema\/person\/ec389c5a78a37ccaee4e8ce098099db5\",\"name\":\"Bertrand de Foucauld\",\"image\":{\"@type\":\"ImageObject\",\"inLanguage\":\"fr-FR\",\"@id\":\"https:\/\/secure.gravatar.com\/avatar\/c49e25550e4609092f7a00fb677a980813788778df987b36cad9b0fc85a8bf73?s=96&d=mm&r=g\",\"url\":\"https:\/\/secure.gravatar.com\/avatar\/c49e25550e4609092f7a00fb677a980813788778df987b36cad9b0fc85a8bf73?s=96&d=mm&r=g\",\"contentUrl\":\"https:\/\/secure.gravatar.com\/avatar\/c49e25550e4609092f7a00fb677a980813788778df987b36cad9b0fc85a8bf73?s=96&d=mm&r=g\",\"caption\":\"Bertrand de Foucauld\"},\"url\":\"https:\/\/contrib.city\/index.php\/author\/bertrand\/\"}]}<\/script>\n<!-- \/ Yoast SEO plugin. -->","yoast_head_json":{"title":"Louis XIV, le Corona et la BCE (5\/7) : l'UE et la d\u00e9centralisation - ContribCity","robots":{"index":"index","follow":"follow","max-snippet":"max-snippet:-1","max-image-preview":"max-image-preview:large","max-video-preview":"max-video-preview:-1"},"canonical":"https:\/\/contrib.city\/index.php\/2020\/10\/02\/louis-xiv-le-corona-et-la-bce-5-7-lue-et-la-decentralisation\/","og_locale":"fr_FR","og_type":"article","og_title":"Louis XIV, le Corona et la BCE (5\/7) : l'UE et la d\u00e9centralisation - ContribCity","og_description":"Comme je l&#8217;avais d\u00e9montr\u00e9 dans les articles des 10 et 28 avril 2020, les d\u00e9cisions structurelles de gouvernance \u00e9taient d\u00e9j\u00e0","og_url":"https:\/\/contrib.city\/index.php\/2020\/10\/02\/louis-xiv-le-corona-et-la-bce-5-7-lue-et-la-decentralisation\/","og_site_name":"ContribCity","article_published_time":"2020-10-02T17:14:24+00:00","article_modified_time":"2020-10-02T17:56:14+00:00","og_image":[{"width":857,"height":924,"url":"https:\/\/contrib.city\/wp-content\/uploads\/2020\/09\/Image-couv-Louis-XIV-BCE-5-7-b.jpg","type":"image\/jpeg"}],"author":"Bertrand de Foucauld","twitter_card":"summary_large_image","twitter_misc":{"\u00c9crit par":"Bertrand de Foucauld","Dur\u00e9e de lecture estim\u00e9e":"3 minutes"},"schema":{"@context":"https:\/\/schema.org","@graph":[{"@type":"Article","@id":"https:\/\/contrib.city\/index.php\/2020\/10\/02\/louis-xiv-le-corona-et-la-bce-5-7-lue-et-la-decentralisation\/#article","isPartOf":{"@id":"https:\/\/contrib.city\/index.php\/2020\/10\/02\/louis-xiv-le-corona-et-la-bce-5-7-lue-et-la-decentralisation\/"},"author":{"name":"Bertrand de Foucauld","@id":"https:\/\/contrib.city\/#\/schema\/person\/ec389c5a78a37ccaee4e8ce098099db5"},"headline":"Louis XIV, le Corona et la BCE (5\/7) : l&#8217;UE et la d\u00e9centralisation","datePublished":"2020-10-02T17:14:24+00:00","dateModified":"2020-10-02T17:56:14+00:00","mainEntityOfPage":{"@id":"https:\/\/contrib.city\/index.php\/2020\/10\/02\/louis-xiv-le-corona-et-la-bce-5-7-lue-et-la-decentralisation\/"},"wordCount":657,"commentCount":0,"publisher":{"@id":"https:\/\/contrib.city\/#organization"},"image":{"@id":"https:\/\/contrib.city\/index.php\/2020\/10\/02\/louis-xiv-le-corona-et-la-bce-5-7-lue-et-la-decentralisation\/#primaryimage"},"thumbnailUrl":"https:\/\/contrib.city\/wp-content\/uploads\/2020\/09\/Image-couv-Louis-XIV-BCE-5-7-b.jpg","articleSection":["Economie\/Social","Environnement","Transports","Urbanisme","Vie quotidienne"],"inLanguage":"fr-FR","potentialAction":[{"@type":"CommentAction","name":"Comment","target":["https:\/\/contrib.city\/index.php\/2020\/10\/02\/louis-xiv-le-corona-et-la-bce-5-7-lue-et-la-decentralisation\/#respond"]}]},{"@type":"WebPage","@id":"https:\/\/contrib.city\/index.php\/2020\/10\/02\/louis-xiv-le-corona-et-la-bce-5-7-lue-et-la-decentralisation\/","url":"https:\/\/contrib.city\/index.php\/2020\/10\/02\/louis-xiv-le-corona-et-la-bce-5-7-lue-et-la-decentralisation\/","name":"Louis XIV, le Corona et la BCE (5\/7) : l'UE et la d\u00e9centralisation - ContribCity","isPartOf":{"@id":"https:\/\/contrib.city\/#website"},"primaryImageOfPage":{"@id":"https:\/\/contrib.city\/index.php\/2020\/10\/02\/louis-xiv-le-corona-et-la-bce-5-7-lue-et-la-decentralisation\/#primaryimage"},"image":{"@id":"https:\/\/contrib.city\/index.php\/2020\/10\/02\/louis-xiv-le-corona-et-la-bce-5-7-lue-et-la-decentralisation\/#primaryimage"},"thumbnailUrl":"https:\/\/contrib.city\/wp-content\/uploads\/2020\/09\/Image-couv-Louis-XIV-BCE-5-7-b.jpg","datePublished":"2020-10-02T17:14:24+00:00","dateModified":"2020-10-02T17:56:14+00:00","breadcrumb":{"@id":"https:\/\/contrib.city\/index.php\/2020\/10\/02\/louis-xiv-le-corona-et-la-bce-5-7-lue-et-la-decentralisation\/#breadcrumb"},"inLanguage":"fr-FR","potentialAction":[{"@type":"ReadAction","target":["https:\/\/contrib.city\/index.php\/2020\/10\/02\/louis-xiv-le-corona-et-la-bce-5-7-lue-et-la-decentralisation\/"]}]},{"@type":"ImageObject","inLanguage":"fr-FR","@id":"https:\/\/contrib.city\/index.php\/2020\/10\/02\/louis-xiv-le-corona-et-la-bce-5-7-lue-et-la-decentralisation\/#primaryimage","url":"https:\/\/contrib.city\/wp-content\/uploads\/2020\/09\/Image-couv-Louis-XIV-BCE-5-7-b.jpg","contentUrl":"https:\/\/contrib.city\/wp-content\/uploads\/2020\/09\/Image-couv-Louis-XIV-BCE-5-7-b.jpg","width":857,"height":924},{"@type":"BreadcrumbList","@id":"https:\/\/contrib.city\/index.php\/2020\/10\/02\/louis-xiv-le-corona-et-la-bce-5-7-lue-et-la-decentralisation\/#breadcrumb","itemListElement":[{"@type":"ListItem","position":1,"name":"Home","item":"https:\/\/contrib.city\/"},{"@type":"ListItem","position":2,"name":"Louis XIV, le Corona et la BCE (5\/7) : l&#8217;UE et la d\u00e9centralisation"}]},{"@type":"WebSite","@id":"https:\/\/contrib.city\/#website","url":"https:\/\/contrib.city\/","name":"ContribCity","description":"Parlons de nos lieux de vie","publisher":{"@id":"https:\/\/contrib.city\/#organization"},"potentialAction":[{"@type":"SearchAction","target":{"@type":"EntryPoint","urlTemplate":"https:\/\/contrib.city\/?s={search_term_string}"},"query-input":{"@type":"PropertyValueSpecification","valueRequired":true,"valueName":"search_term_string"}}],"inLanguage":"fr-FR"},{"@type":"Organization","@id":"https:\/\/contrib.city\/#organization","name":"ContribCity","url":"https:\/\/contrib.city\/","logo":{"@type":"ImageObject","inLanguage":"fr-FR","@id":"https:\/\/contrib.city\/#\/schema\/logo\/image\/","url":"https:\/\/contrib.city\/wp-content\/uploads\/2020\/01\/cropped-Parlons-de-nos-lieux-de-vie-2.jpg","contentUrl":"https:\/\/contrib.city\/wp-content\/uploads\/2020\/01\/cropped-Parlons-de-nos-lieux-de-vie-2.jpg","width":1133,"height":218,"caption":"ContribCity"},"image":{"@id":"https:\/\/contrib.city\/#\/schema\/logo\/image\/"}},{"@type":"Person","@id":"https:\/\/contrib.city\/#\/schema\/person\/ec389c5a78a37ccaee4e8ce098099db5","name":"Bertrand de Foucauld","image":{"@type":"ImageObject","inLanguage":"fr-FR","@id":"https:\/\/secure.gravatar.com\/avatar\/c49e25550e4609092f7a00fb677a980813788778df987b36cad9b0fc85a8bf73?s=96&d=mm&r=g","url":"https:\/\/secure.gravatar.com\/avatar\/c49e25550e4609092f7a00fb677a980813788778df987b36cad9b0fc85a8bf73?s=96&d=mm&r=g","contentUrl":"https:\/\/secure.gravatar.com\/avatar\/c49e25550e4609092f7a00fb677a980813788778df987b36cad9b0fc85a8bf73?s=96&d=mm&r=g","caption":"Bertrand de Foucauld"},"url":"https:\/\/contrib.city\/index.php\/author\/bertrand\/"}]}},"jetpack_featured_media_url":"https:\/\/contrib.city\/wp-content\/uploads\/2020\/09\/Image-couv-Louis-XIV-BCE-5-7-b.jpg","jetpack_sharing_enabled":true,"post_mailing_queue_ids":[],"_links":{"self":[{"href":"https:\/\/contrib.city\/index.php\/wp-json\/wp\/v2\/posts\/3078","targetHints":{"allow":["GET"]}}],"collection":[{"href":"https:\/\/contrib.city\/index.php\/wp-json\/wp\/v2\/posts"}],"about":[{"href":"https:\/\/contrib.city\/index.php\/wp-json\/wp\/v2\/types\/post"}],"author":[{"embeddable":true,"href":"https:\/\/contrib.city\/index.php\/wp-json\/wp\/v2\/users\/1"}],"replies":[{"embeddable":true,"href":"https:\/\/contrib.city\/index.php\/wp-json\/wp\/v2\/comments?post=3078"}],"version-history":[{"count":17,"href":"https:\/\/contrib.city\/index.php\/wp-json\/wp\/v2\/posts\/3078\/revisions"}],"predecessor-version":[{"id":5973,"href":"https:\/\/contrib.city\/index.php\/wp-json\/wp\/v2\/posts\/3078\/revisions\/5973"}],"wp:featuredmedia":[{"embeddable":true,"href":"https:\/\/contrib.city\/index.php\/wp-json\/wp\/v2\/media\/5942"}],"wp:attachment":[{"href":"https:\/\/contrib.city\/index.php\/wp-json\/wp\/v2\/media?parent=3078"}],"wp:term":[{"taxonomy":"category","embeddable":true,"href":"https:\/\/contrib.city\/index.php\/wp-json\/wp\/v2\/categories?post=3078"},{"taxonomy":"post_tag","embeddable":true,"href":"https:\/\/contrib.city\/index.php\/wp-json\/wp\/v2\/tags?post=3078"}],"curies":[{"name":"wp","href":"https:\/\/api.w.org\/{rel}","templated":true}]}}