{"id":3126,"date":"2020-04-03T15:28:03","date_gmt":"2020-04-03T13:28:03","guid":{"rendered":"https:\/\/contrib.city\/?p=3126"},"modified":"2020-04-13T18:46:18","modified_gmt":"2020-04-13T16:46:18","slug":"opening-of-a-covid-19-refuge-in-jouy-en-josas-paris-region","status":"publish","type":"post","link":"https:\/\/contrib.city\/index.php\/en\/2020\/04\/03\/opening-of-a-covid-19-refuge-in-jouy-en-josas-paris-region\/","title":{"rendered":"Opening of a COVID-19 refuge in Jouy-en-Josas (Paris region)"},"content":{"rendered":"<p style=\"text-align: justify;\">In the morning of the 3rd of April 2020, the prefect Jean-Jacques Brot (experienced in welcoming people in difficulty), accompanied by the Franch law-maker Jean-No\u00ebl Barrot and the deputy-mayor Marie-H\u00e9l\u00e8ne Aubert, opened the temporary accommodation center for&nbsp; homeless people with, or likely to have, the Corona virus. As a reminder, JJ Brot prefect had ordered the requisition of the site, located in the lower lands of Jouy-en-Josas.<\/p>\n<figure id=\"attachment_3127\" aria-describedby=\"caption-attachment-3127\" style=\"width: 800px\" class=\"wp-caption aligncenter\"><img loading=\"lazy\" decoding=\"async\" class=\"wp-image-3127 size-large\" src=\"https:\/\/contrib.city\/wp-content\/uploads\/2020\/04\/Tweet-du-Pr\u00e9fet-1-1009x1024.jpg\" alt=\"\" width=\"800\" height=\"812\" srcset=\"https:\/\/contrib.city\/wp-content\/uploads\/2020\/04\/Tweet-du-Pr\u00e9fet-1-1009x1024.jpg 1009w, https:\/\/contrib.city\/wp-content\/uploads\/2020\/04\/Tweet-du-Pr\u00e9fet-1-296x300.jpg 296w, https:\/\/contrib.city\/wp-content\/uploads\/2020\/04\/Tweet-du-Pr\u00e9fet-1-768x779.jpg 768w, https:\/\/contrib.city\/wp-content\/uploads\/2020\/04\/Tweet-du-Pr\u00e9fet-1.jpg 1080w\" sizes=\"auto, (max-width: 800px) 100vw, 800px\" \/><figcaption id=\"caption-attachment-3127\" class=\"wp-caption-text\">Tweet from the Prefect of Yvelines, Jean-Jacques Brot, at the &#8220;Bas-Pr\u00e9s&#8221; (&#8220;Lower Meadows&#8221;, located by the Bi\u00e8vres river) in Jouy-en-Josas, April 3, 2020. Opening of the reception center for homeless people and (potentially) carriers of COVID-19. Left photo: Left, MP Jean-No\u00ebl Barrot; in the middle, the prefect; on the right, the deputy mayor Marie-H\u00e9l\u00e8ne Aubert.<\/figcaption><\/figure>\n<p style=\"text-align: justify;\">This center, which is to accommodate around fifty residents until May 31, 2020, will be managed by the Red Cross, which has both statutes of association and non-profit social enterprise. This accommodation is located on the former site of the Thal\u00e8s company which will be transformed into accommodation for HEC Business School students, at the next academic year.<\/p>\n<p style=\"text-align: justify;\">Marie-H\u00e9l\u00e8ne Aubert, who largely won the controversial municipal election in March <span class=\"footnote_referrer\"><a role=\"button\" tabindex=\"0\" onclick=\"footnote_moveToReference_3126_1('footnote_plugin_reference_3126_1_1');\" onkeypress=\"footnote_moveToReference_3126_1('footnote_plugin_reference_3126_1_1');\" ><sup id=\"footnote_plugin_tooltip_3126_1_1\" class=\"footnote_plugin_tooltip_text\">[1]<\/sup><\/a><span id=\"footnote_plugin_tooltip_text_3126_1_1\" class=\"footnote_tooltip\">CONTRIB&#8217;CITY, <em>Le Pr\u00e9sident, le Maire et le carnaval<\/em>, March 24, 2020. Available at: <span class=\"footnote_url_wrap\">https:\/\/contrib.city\/wp<\/span> -admin \/ post.php? post = 2443 &amp; action = edit &amp; classic-editor<\/span><\/span><script type=\"text\/javascript\"> jQuery('#footnote_plugin_tooltip_3126_1_1').tooltip({ tip: '#footnote_plugin_tooltip_text_3126_1_1', tipClass: 'footnote_tooltip', effect: 'fade', predelay: 0, fadeInSpeed: 200, delay: 400, fadeOutSpeed: 200, position: 'top right', relative: true, offset: [10, 10], });<\/script>, and currently deputy mayor for social issues, informed the inhabitants that this measure will prevent people from being affected and from being able to diffuse the virus around them.<\/p>\n<p style=\"text-align: justify;\">The municipal opposition, <em>Un Avenir Pour Jouy<\/em> (A Future For Jouy), in the person of its leader Gr\u00e9goire Ekmedje, proposed to create a tripartite monitoring committee: the current majority, the opposition and an outside person. The last of these three points remains difficult, for lack of volunteers.<\/p>\n<p style=\"text-align: justify;\">A local doctor, interviewed by Contrib&#8217;City, informed us that the proper attire in a building receiving Covid-19 sick people was the same as in an surgery room: a (good standard) mask, a charlotte, a blouse and overshoes. Hopefully these measures to control the spread of Corona will be well respected.<\/p>\n<p style=\"text-align: justify;\">For all practical purposes, CC recalls that the Bas-Pr\u00e9s site is liable to flooding.<\/p>\n<div class=\"speaker-mute footnotes_reference_container\"> <div class=\"footnote_container_prepare\"><p><span role=\"button\" tabindex=\"0\" class=\"footnote_reference_container_label pointer\" onclick=\"footnote_expand_collapse_reference_container_3126_1();\">R\u00e9f\u00e9rences<\/span><span role=\"button\" tabindex=\"0\" class=\"footnote_reference_container_collapse_button\" style=\"\" onclick=\"footnote_expand_collapse_reference_container_3126_1();\">[<a id=\"footnote_reference_container_collapse_button_3126_1\">+<\/a>]<\/span><\/p><\/div> <div id=\"footnote_references_container_3126_1\" style=\"display: none;\"><table class=\"footnotes_table footnote-reference-container\"><caption class=\"accessibility\">R\u00e9f\u00e9rences<\/caption> <tbody> \r\n\r\n<tr class=\"footnotes_plugin_reference_row\"> <th scope=\"row\" class=\"footnote_plugin_index_combi pointer\"  onclick=\"footnote_moveToAnchor_3126_1('footnote_plugin_tooltip_3126_1_1');\"><a id=\"footnote_plugin_reference_3126_1_1\" class=\"footnote_backlink\"><span class=\"footnote_index_arrow\">&#8593;<\/span>1<\/a><\/th> <td class=\"footnote_plugin_text\">CONTRIB&#8217;CITY, <em>Le Pr\u00e9sident, le Maire et le carnaval<\/em>, March 24, 2020. Available at: <span class=\"footnote_url_wrap\">https:\/\/contrib.city\/wp<\/span> -admin \/ post.php? post = 2443 &amp; action = edit &amp; classic-editor<\/td><\/tr>\r\n\r\n <\/tbody> <\/table> <\/div><\/div><script type=\"text\/javascript\"> function footnote_expand_reference_container_3126_1() { jQuery('#footnote_references_container_3126_1').show(); jQuery('#footnote_reference_container_collapse_button_3126_1').text('\u2212'); } function footnote_collapse_reference_container_3126_1() { jQuery('#footnote_references_container_3126_1').hide(); jQuery('#footnote_reference_container_collapse_button_3126_1').text('+'); } function footnote_expand_collapse_reference_container_3126_1() { if (jQuery('#footnote_references_container_3126_1').is(':hidden')) { footnote_expand_reference_container_3126_1(); } else { footnote_collapse_reference_container_3126_1(); } } function footnote_moveToReference_3126_1(p_str_TargetID) { footnote_expand_reference_container_3126_1(); var l_obj_Target = jQuery('#' + p_str_TargetID); if (l_obj_Target.length) { jQuery( 'html, body' ).delay( 0 ); jQuery('html, body').animate({ scrollTop: l_obj_Target.offset().top - window.innerHeight * 0.2 }, 380); } } function footnote_moveToAnchor_3126_1(p_str_TargetID) { footnote_expand_reference_container_3126_1(); var l_obj_Target = jQuery('#' + p_str_TargetID); if (l_obj_Target.length) { jQuery( 'html, body' ).delay( 0 ); jQuery('html, body').animate({ scrollTop: l_obj_Target.offset().top - window.innerHeight * 0.2 }, 380); } }<\/script>","protected":false},"excerpt":{"rendered":"<p>In the morning of the 3rd of April 2020, the prefect Jean-Jacques Brot (experienced in welcoming people in difficulty), accompanied<\/p>\n","protected":false},"author":1,"featured_media":2882,"comment_status":"open","ping_status":"open","sticky":false,"template":"","format":"standard","meta":{"_acf_changed":false,"inline_featured_image":false,"_exactmetrics_skip_tracking":false,"_exactmetrics_sitenote_active":false,"_exactmetrics_sitenote_note":"","_exactmetrics_sitenote_category":0,"ngg_post_thumbnail":0,"_jetpack_memberships_contains_paid_content":false,"footnotes":""},"categories":[53,26],"tags":[],"class_list":["post-3126","post","type-post","status-publish","format-standard","has-post-thumbnail","hentry","category-economics-social","category-sante_en"],"acf":[],"yoast_head":"<!-- This site is optimized with the Yoast SEO plugin v27.2 - https:\/\/yoast.com\/product\/yoast-seo-wordpress\/ -->\n<title>Opening of a COVID-19 refuge in Jouy-en-Josas (Paris region) - ContribCity<\/title>\n<meta name=\"robots\" content=\"index, follow, max-snippet:-1, max-image-preview:large, max-video-preview:-1\" \/>\n<link rel=\"canonical\" href=\"https:\/\/contrib.city\/index.php\/en\/2020\/04\/03\/opening-of-a-covid-19-refuge-in-jouy-en-josas-paris-region\/\" \/>\n<meta property=\"og:locale\" content=\"fr_FR\" \/>\n<meta property=\"og:type\" content=\"article\" \/>\n<meta property=\"og:title\" content=\"Opening of a COVID-19 refuge in Jouy-en-Josas (Paris region) - ContribCity\" \/>\n<meta property=\"og:description\" content=\"In the morning of the 3rd of April 2020, the prefect Jean-Jacques Brot (experienced in welcoming people in difficulty), accompanied\" \/>\n<meta property=\"og:url\" content=\"https:\/\/contrib.city\/index.php\/en\/2020\/04\/03\/opening-of-a-covid-19-refuge-in-jouy-en-josas-paris-region\/\" \/>\n<meta property=\"og:site_name\" content=\"ContribCity\" \/>\n<meta property=\"article:published_time\" content=\"2020-04-03T13:28:03+00:00\" \/>\n<meta property=\"article:modified_time\" content=\"2020-04-13T16:46:18+00:00\" \/>\n<meta property=\"og:image\" content=\"https:\/\/contrib.city\/wp-content\/uploads\/2020\/04\/CC-masque-m\u00e9dical-3.jpg\" \/>\n\t<meta property=\"og:image:width\" content=\"1133\" \/>\n\t<meta property=\"og:image:height\" content=\"814\" \/>\n\t<meta property=\"og:image:type\" content=\"image\/jpeg\" \/>\n<meta name=\"author\" content=\"Bertrand de Foucauld\" \/>\n<meta name=\"twitter:card\" content=\"summary_large_image\" \/>\n<meta name=\"twitter:label1\" content=\"\u00c9crit par\" \/>\n\t<meta name=\"twitter:data1\" content=\"Bertrand de Foucauld\" \/>\n\t<meta name=\"twitter:label2\" content=\"Dur\u00e9e de lecture estim\u00e9e\" \/>\n\t<meta name=\"twitter:data2\" content=\"2 minutes\" \/>\n<script type=\"application\/ld+json\" class=\"yoast-schema-graph\">{\"@context\":\"https:\/\/schema.org\",\"@graph\":[{\"@type\":\"Article\",\"@id\":\"https:\/\/contrib.city\/index.php\/en\/2020\/04\/03\/opening-of-a-covid-19-refuge-in-jouy-en-josas-paris-region\/#article\",\"isPartOf\":{\"@id\":\"https:\/\/contrib.city\/index.php\/en\/2020\/04\/03\/opening-of-a-covid-19-refuge-in-jouy-en-josas-paris-region\/\"},\"author\":{\"name\":\"Bertrand de Foucauld\",\"@id\":\"https:\/\/contrib.city\/#\/schema\/person\/ec389c5a78a37ccaee4e8ce098099db5\"},\"headline\":\"Opening of a COVID-19 refuge in Jouy-en-Josas (Paris region)\",\"datePublished\":\"2020-04-03T13:28:03+00:00\",\"dateModified\":\"2020-04-13T16:46:18+00:00\",\"mainEntityOfPage\":{\"@id\":\"https:\/\/contrib.city\/index.php\/en\/2020\/04\/03\/opening-of-a-covid-19-refuge-in-jouy-en-josas-paris-region\/\"},\"wordCount\":383,\"commentCount\":0,\"publisher\":{\"@id\":\"https:\/\/contrib.city\/#organization\"},\"image\":{\"@id\":\"https:\/\/contrib.city\/index.php\/en\/2020\/04\/03\/opening-of-a-covid-19-refuge-in-jouy-en-josas-paris-region\/#primaryimage\"},\"thumbnailUrl\":\"https:\/\/contrib.city\/wp-content\/uploads\/2020\/04\/CC-masque-m\u00e9dical-3.jpg\",\"articleSection\":[\"Economics\/Social\",\"Health\"],\"inLanguage\":\"fr-FR\",\"potentialAction\":[{\"@type\":\"CommentAction\",\"name\":\"Comment\",\"target\":[\"https:\/\/contrib.city\/index.php\/en\/2020\/04\/03\/opening-of-a-covid-19-refuge-in-jouy-en-josas-paris-region\/#respond\"]}]},{\"@type\":\"WebPage\",\"@id\":\"https:\/\/contrib.city\/index.php\/en\/2020\/04\/03\/opening-of-a-covid-19-refuge-in-jouy-en-josas-paris-region\/\",\"url\":\"https:\/\/contrib.city\/index.php\/en\/2020\/04\/03\/opening-of-a-covid-19-refuge-in-jouy-en-josas-paris-region\/\",\"name\":\"Opening of a COVID-19 refuge in Jouy-en-Josas (Paris region) - ContribCity\",\"isPartOf\":{\"@id\":\"https:\/\/contrib.city\/#website\"},\"primaryImageOfPage\":{\"@id\":\"https:\/\/contrib.city\/index.php\/en\/2020\/04\/03\/opening-of-a-covid-19-refuge-in-jouy-en-josas-paris-region\/#primaryimage\"},\"image\":{\"@id\":\"https:\/\/contrib.city\/index.php\/en\/2020\/04\/03\/opening-of-a-covid-19-refuge-in-jouy-en-josas-paris-region\/#primaryimage\"},\"thumbnailUrl\":\"https:\/\/contrib.city\/wp-content\/uploads\/2020\/04\/CC-masque-m\u00e9dical-3.jpg\",\"datePublished\":\"2020-04-03T13:28:03+00:00\",\"dateModified\":\"2020-04-13T16:46:18+00:00\",\"breadcrumb\":{\"@id\":\"https:\/\/contrib.city\/index.php\/en\/2020\/04\/03\/opening-of-a-covid-19-refuge-in-jouy-en-josas-paris-region\/#breadcrumb\"},\"inLanguage\":\"fr-FR\",\"potentialAction\":[{\"@type\":\"ReadAction\",\"target\":[\"https:\/\/contrib.city\/index.php\/en\/2020\/04\/03\/opening-of-a-covid-19-refuge-in-jouy-en-josas-paris-region\/\"]}]},{\"@type\":\"ImageObject\",\"inLanguage\":\"fr-FR\",\"@id\":\"https:\/\/contrib.city\/index.php\/en\/2020\/04\/03\/opening-of-a-covid-19-refuge-in-jouy-en-josas-paris-region\/#primaryimage\",\"url\":\"https:\/\/contrib.city\/wp-content\/uploads\/2020\/04\/CC-masque-m\u00e9dical-3.jpg\",\"contentUrl\":\"https:\/\/contrib.city\/wp-content\/uploads\/2020\/04\/CC-masque-m\u00e9dical-3.jpg\",\"width\":1133,\"height\":814},{\"@type\":\"BreadcrumbList\",\"@id\":\"https:\/\/contrib.city\/index.php\/en\/2020\/04\/03\/opening-of-a-covid-19-refuge-in-jouy-en-josas-paris-region\/#breadcrumb\",\"itemListElement\":[{\"@type\":\"ListItem\",\"position\":1,\"name\":\"Home\",\"item\":\"https:\/\/contrib.city\/\"},{\"@type\":\"ListItem\",\"position\":2,\"name\":\"Opening of a COVID-19 refuge in Jouy-en-Josas (Paris region)\"}]},{\"@type\":\"WebSite\",\"@id\":\"https:\/\/contrib.city\/#website\",\"url\":\"https:\/\/contrib.city\/\",\"name\":\"ContribCity\",\"description\":\"Parlons de nos lieux de vie\",\"publisher\":{\"@id\":\"https:\/\/contrib.city\/#organization\"},\"potentialAction\":[{\"@type\":\"SearchAction\",\"target\":{\"@type\":\"EntryPoint\",\"urlTemplate\":\"https:\/\/contrib.city\/?s={search_term_string}\"},\"query-input\":{\"@type\":\"PropertyValueSpecification\",\"valueRequired\":true,\"valueName\":\"search_term_string\"}}],\"inLanguage\":\"fr-FR\"},{\"@type\":\"Organization\",\"@id\":\"https:\/\/contrib.city\/#organization\",\"name\":\"ContribCity\",\"url\":\"https:\/\/contrib.city\/\",\"logo\":{\"@type\":\"ImageObject\",\"inLanguage\":\"fr-FR\",\"@id\":\"https:\/\/contrib.city\/#\/schema\/logo\/image\/\",\"url\":\"https:\/\/contrib.city\/wp-content\/uploads\/2020\/01\/cropped-Parlons-de-nos-lieux-de-vie-2.jpg\",\"contentUrl\":\"https:\/\/contrib.city\/wp-content\/uploads\/2020\/01\/cropped-Parlons-de-nos-lieux-de-vie-2.jpg\",\"width\":1133,\"height\":218,\"caption\":\"ContribCity\"},\"image\":{\"@id\":\"https:\/\/contrib.city\/#\/schema\/logo\/image\/\"}},{\"@type\":\"Person\",\"@id\":\"https:\/\/contrib.city\/#\/schema\/person\/ec389c5a78a37ccaee4e8ce098099db5\",\"name\":\"Bertrand de Foucauld\",\"image\":{\"@type\":\"ImageObject\",\"inLanguage\":\"fr-FR\",\"@id\":\"https:\/\/secure.gravatar.com\/avatar\/c49e25550e4609092f7a00fb677a980813788778df987b36cad9b0fc85a8bf73?s=96&d=mm&r=g\",\"url\":\"https:\/\/secure.gravatar.com\/avatar\/c49e25550e4609092f7a00fb677a980813788778df987b36cad9b0fc85a8bf73?s=96&d=mm&r=g\",\"contentUrl\":\"https:\/\/secure.gravatar.com\/avatar\/c49e25550e4609092f7a00fb677a980813788778df987b36cad9b0fc85a8bf73?s=96&d=mm&r=g\",\"caption\":\"Bertrand de Foucauld\"},\"url\":\"https:\/\/contrib.city\/index.php\/author\/bertrand\/\"}]}<\/script>\n<!-- \/ Yoast SEO plugin. -->","yoast_head_json":{"title":"Opening of a COVID-19 refuge in Jouy-en-Josas (Paris region) - ContribCity","robots":{"index":"index","follow":"follow","max-snippet":"max-snippet:-1","max-image-preview":"max-image-preview:large","max-video-preview":"max-video-preview:-1"},"canonical":"https:\/\/contrib.city\/index.php\/en\/2020\/04\/03\/opening-of-a-covid-19-refuge-in-jouy-en-josas-paris-region\/","og_locale":"fr_FR","og_type":"article","og_title":"Opening of a COVID-19 refuge in Jouy-en-Josas (Paris region) - ContribCity","og_description":"In the morning of the 3rd of April 2020, the prefect Jean-Jacques Brot (experienced in welcoming people in difficulty), accompanied","og_url":"https:\/\/contrib.city\/index.php\/en\/2020\/04\/03\/opening-of-a-covid-19-refuge-in-jouy-en-josas-paris-region\/","og_site_name":"ContribCity","article_published_time":"2020-04-03T13:28:03+00:00","article_modified_time":"2020-04-13T16:46:18+00:00","og_image":[{"width":1133,"height":814,"url":"https:\/\/contrib.city\/wp-content\/uploads\/2020\/04\/CC-masque-m\u00e9dical-3.jpg","type":"image\/jpeg"}],"author":"Bertrand de Foucauld","twitter_card":"summary_large_image","twitter_misc":{"\u00c9crit par":"Bertrand de Foucauld","Dur\u00e9e de lecture estim\u00e9e":"2 minutes"},"schema":{"@context":"https:\/\/schema.org","@graph":[{"@type":"Article","@id":"https:\/\/contrib.city\/index.php\/en\/2020\/04\/03\/opening-of-a-covid-19-refuge-in-jouy-en-josas-paris-region\/#article","isPartOf":{"@id":"https:\/\/contrib.city\/index.php\/en\/2020\/04\/03\/opening-of-a-covid-19-refuge-in-jouy-en-josas-paris-region\/"},"author":{"name":"Bertrand de Foucauld","@id":"https:\/\/contrib.city\/#\/schema\/person\/ec389c5a78a37ccaee4e8ce098099db5"},"headline":"Opening of a COVID-19 refuge in Jouy-en-Josas (Paris region)","datePublished":"2020-04-03T13:28:03+00:00","dateModified":"2020-04-13T16:46:18+00:00","mainEntityOfPage":{"@id":"https:\/\/contrib.city\/index.php\/en\/2020\/04\/03\/opening-of-a-covid-19-refuge-in-jouy-en-josas-paris-region\/"},"wordCount":383,"commentCount":0,"publisher":{"@id":"https:\/\/contrib.city\/#organization"},"image":{"@id":"https:\/\/contrib.city\/index.php\/en\/2020\/04\/03\/opening-of-a-covid-19-refuge-in-jouy-en-josas-paris-region\/#primaryimage"},"thumbnailUrl":"https:\/\/contrib.city\/wp-content\/uploads\/2020\/04\/CC-masque-m\u00e9dical-3.jpg","articleSection":["Economics\/Social","Health"],"inLanguage":"fr-FR","potentialAction":[{"@type":"CommentAction","name":"Comment","target":["https:\/\/contrib.city\/index.php\/en\/2020\/04\/03\/opening-of-a-covid-19-refuge-in-jouy-en-josas-paris-region\/#respond"]}]},{"@type":"WebPage","@id":"https:\/\/contrib.city\/index.php\/en\/2020\/04\/03\/opening-of-a-covid-19-refuge-in-jouy-en-josas-paris-region\/","url":"https:\/\/contrib.city\/index.php\/en\/2020\/04\/03\/opening-of-a-covid-19-refuge-in-jouy-en-josas-paris-region\/","name":"Opening of a COVID-19 refuge in Jouy-en-Josas (Paris region) - ContribCity","isPartOf":{"@id":"https:\/\/contrib.city\/#website"},"primaryImageOfPage":{"@id":"https:\/\/contrib.city\/index.php\/en\/2020\/04\/03\/opening-of-a-covid-19-refuge-in-jouy-en-josas-paris-region\/#primaryimage"},"image":{"@id":"https:\/\/contrib.city\/index.php\/en\/2020\/04\/03\/opening-of-a-covid-19-refuge-in-jouy-en-josas-paris-region\/#primaryimage"},"thumbnailUrl":"https:\/\/contrib.city\/wp-content\/uploads\/2020\/04\/CC-masque-m\u00e9dical-3.jpg","datePublished":"2020-04-03T13:28:03+00:00","dateModified":"2020-04-13T16:46:18+00:00","breadcrumb":{"@id":"https:\/\/contrib.city\/index.php\/en\/2020\/04\/03\/opening-of-a-covid-19-refuge-in-jouy-en-josas-paris-region\/#breadcrumb"},"inLanguage":"fr-FR","potentialAction":[{"@type":"ReadAction","target":["https:\/\/contrib.city\/index.php\/en\/2020\/04\/03\/opening-of-a-covid-19-refuge-in-jouy-en-josas-paris-region\/"]}]},{"@type":"ImageObject","inLanguage":"fr-FR","@id":"https:\/\/contrib.city\/index.php\/en\/2020\/04\/03\/opening-of-a-covid-19-refuge-in-jouy-en-josas-paris-region\/#primaryimage","url":"https:\/\/contrib.city\/wp-content\/uploads\/2020\/04\/CC-masque-m\u00e9dical-3.jpg","contentUrl":"https:\/\/contrib.city\/wp-content\/uploads\/2020\/04\/CC-masque-m\u00e9dical-3.jpg","width":1133,"height":814},{"@type":"BreadcrumbList","@id":"https:\/\/contrib.city\/index.php\/en\/2020\/04\/03\/opening-of-a-covid-19-refuge-in-jouy-en-josas-paris-region\/#breadcrumb","itemListElement":[{"@type":"ListItem","position":1,"name":"Home","item":"https:\/\/contrib.city\/"},{"@type":"ListItem","position":2,"name":"Opening of a COVID-19 refuge in Jouy-en-Josas (Paris region)"}]},{"@type":"WebSite","@id":"https:\/\/contrib.city\/#website","url":"https:\/\/contrib.city\/","name":"ContribCity","description":"Parlons de nos lieux de vie","publisher":{"@id":"https:\/\/contrib.city\/#organization"},"potentialAction":[{"@type":"SearchAction","target":{"@type":"EntryPoint","urlTemplate":"https:\/\/contrib.city\/?s={search_term_string}"},"query-input":{"@type":"PropertyValueSpecification","valueRequired":true,"valueName":"search_term_string"}}],"inLanguage":"fr-FR"},{"@type":"Organization","@id":"https:\/\/contrib.city\/#organization","name":"ContribCity","url":"https:\/\/contrib.city\/","logo":{"@type":"ImageObject","inLanguage":"fr-FR","@id":"https:\/\/contrib.city\/#\/schema\/logo\/image\/","url":"https:\/\/contrib.city\/wp-content\/uploads\/2020\/01\/cropped-Parlons-de-nos-lieux-de-vie-2.jpg","contentUrl":"https:\/\/contrib.city\/wp-content\/uploads\/2020\/01\/cropped-Parlons-de-nos-lieux-de-vie-2.jpg","width":1133,"height":218,"caption":"ContribCity"},"image":{"@id":"https:\/\/contrib.city\/#\/schema\/logo\/image\/"}},{"@type":"Person","@id":"https:\/\/contrib.city\/#\/schema\/person\/ec389c5a78a37ccaee4e8ce098099db5","name":"Bertrand de Foucauld","image":{"@type":"ImageObject","inLanguage":"fr-FR","@id":"https:\/\/secure.gravatar.com\/avatar\/c49e25550e4609092f7a00fb677a980813788778df987b36cad9b0fc85a8bf73?s=96&d=mm&r=g","url":"https:\/\/secure.gravatar.com\/avatar\/c49e25550e4609092f7a00fb677a980813788778df987b36cad9b0fc85a8bf73?s=96&d=mm&r=g","contentUrl":"https:\/\/secure.gravatar.com\/avatar\/c49e25550e4609092f7a00fb677a980813788778df987b36cad9b0fc85a8bf73?s=96&d=mm&r=g","caption":"Bertrand de Foucauld"},"url":"https:\/\/contrib.city\/index.php\/author\/bertrand\/"}]}},"jetpack_featured_media_url":"https:\/\/contrib.city\/wp-content\/uploads\/2020\/04\/CC-masque-m\u00e9dical-3.jpg","jetpack_sharing_enabled":true,"post_mailing_queue_ids":[],"_links":{"self":[{"href":"https:\/\/contrib.city\/index.php\/wp-json\/wp\/v2\/posts\/3126","targetHints":{"allow":["GET"]}}],"collection":[{"href":"https:\/\/contrib.city\/index.php\/wp-json\/wp\/v2\/posts"}],"about":[{"href":"https:\/\/contrib.city\/index.php\/wp-json\/wp\/v2\/types\/post"}],"author":[{"embeddable":true,"href":"https:\/\/contrib.city\/index.php\/wp-json\/wp\/v2\/users\/1"}],"replies":[{"embeddable":true,"href":"https:\/\/contrib.city\/index.php\/wp-json\/wp\/v2\/comments?post=3126"}],"version-history":[{"count":1,"href":"https:\/\/contrib.city\/index.php\/wp-json\/wp\/v2\/posts\/3126\/revisions"}],"predecessor-version":[{"id":3128,"href":"https:\/\/contrib.city\/index.php\/wp-json\/wp\/v2\/posts\/3126\/revisions\/3128"}],"wp:featuredmedia":[{"embeddable":true,"href":"https:\/\/contrib.city\/index.php\/wp-json\/wp\/v2\/media\/2882"}],"wp:attachment":[{"href":"https:\/\/contrib.city\/index.php\/wp-json\/wp\/v2\/media?parent=3126"}],"wp:term":[{"taxonomy":"category","embeddable":true,"href":"https:\/\/contrib.city\/index.php\/wp-json\/wp\/v2\/categories?post=3126"},{"taxonomy":"post_tag","embeddable":true,"href":"https:\/\/contrib.city\/index.php\/wp-json\/wp\/v2\/tags?post=3126"}],"curies":[{"name":"wp","href":"https:\/\/api.w.org\/{rel}","templated":true}]}}