{"id":3446,"date":"2020-05-01T13:24:18","date_gmt":"2020-05-01T11:24:18","guid":{"rendered":"https:\/\/contrib.city\/?p=3446"},"modified":"2020-06-07T20:42:09","modified_gmt":"2020-06-07T18:42:09","slug":"pub","status":"publish","type":"post","link":"https:\/\/contrib.city\/index.php\/2020\/05\/01\/pub\/","title":{"rendered":"PUB!"},"content":{"rendered":"<p style=\"text-align: justify;\" align=\"left\">Apr\u00e8s avoir investi capitaux et travail, il est temps pour Contrib&#8217;City d&#8217;essayer d&#8217;amortir ses frais de d\u00e9marrage et de fonctionnement. CC, en lien avec des collaborateurs, a beaucoup r\u00e9fl\u00e9chi sur les diff\u00e9rents mod\u00e8les de financement de cet outil aux services des territoires et de leurs habitants. Proc\u00e9der \u00e0 un paiement collectif (<i>crowdfunding<\/i> diraient nos amis am\u00e9ricains)? Vous \u00eates d\u00e9j\u00e0 sollicit\u00e9s tous les jours. Demander une subvention \u00e0 des collectivit\u00e9s locales? Mais, du coup, Contrib&#8217;City perdrait son ind\u00e9pendance par rapport \u00e0 ces autorit\u00e9s, ce qui r\u00e9duirait consid\u00e9rablement le dialogue, ainsi que tout le sel qui va avec et qui met tant de go\u00fbt dans notre vie quotidienne. De plus, les charges publiques, en France, sont d\u00e9j\u00e0 \u00e9normes&nbsp; : l&#8217;ensemble des structures publiques ponctionnaient d\u00e9j\u00e0 54% du PIB fran\u00e7ais en 2019, ce PIB s&#8217;\u00e9tant en plus contract\u00e9 de 5,8% lors du premier trimestre 2020 (esp\u00e9rons un regain de consommation apr\u00e8s le &#8220;d\u00e9confinement&#8221;). Bref, inutile d&#8217;en rajouter : on attend un d\u00e9ficit post-crise \u00e0 115% du PIB, c&#8217;est-\u00e0-dire (sans compter les engagements de l&#8217;Etat) plus de deux fois les revenus annuels des administrations publiques.<\/p>\n<p style=\"text-align: justify;\" align=\"left\">Les imp\u00f4ts locaux ne sont pas en reste : \u00e0 part la taxe d&#8217;habitation qui &#8211; c&#8217;est une hypoth\u00e8se &#8211; sera probablement remplac\u00e9e par une autre ponction mais avec un nom diff\u00e9rent, ils ont fortement augment\u00e9. A Jouy-en-Josas, par exemple, <em>en 2018, le montant total des imp\u00f4ts locaux a repr\u00e9sent\u00e9 8 557 984 \u20ac, contre 3 752 104 \u20ac en 2002, soit une hausse de +128%<\/em><span class=\"footnote_referrer\"><a role=\"button\" tabindex=\"0\" onclick=\"footnote_moveToReference_3446_1('footnote_plugin_reference_3446_1_1');\" onkeypress=\"footnote_moveToReference_3446_1('footnote_plugin_reference_3446_1_1');\" ><sup id=\"footnote_plugin_tooltip_3446_1_1\" class=\"footnote_plugin_tooltip_text\">[1]<\/sup><\/a><span id=\"footnote_plugin_tooltip_text_3446_1_1\" class=\"footnote_tooltip\">IMPOTS -LOCAUX.ORG, Imp\u00f4ts locaux Jouy-en-Josas (78350), [Consult\u00e9 le 1er mai 2020]. Disponible sur : <span class=\"footnote_url_wrap\">http:\/\/www.impots-locaux.org\/impots-locaux-jouy-en-josas-78350\/<\/span><\/span><\/span><script type=\"text\/javascript\"> jQuery('#footnote_plugin_tooltip_3446_1_1').tooltip({ tip: '#footnote_plugin_tooltip_text_3446_1_1', tipClass: 'footnote_tooltip', effect: 'fade', predelay: 0, fadeInSpeed: 200, delay: 400, fadeOutSpeed: 200, position: 'top right', relative: true, offset: [10, 10], });<\/script>. Entre 2015 et 2018, ils ont grimp\u00e9 de pr\u00e8s de 20%. La taxe fonci\u00e8re, sur les propri\u00e9t\u00e9s b\u00e2ties, entre 2007 et 2018, est pass\u00e9e de 2,2 millions d&#8217;euros \u00e0 plus de 4 millions (&gt;80%). Les imp\u00f4ts relatifs au d\u00e9partement des Yvelines, pour les contribuables jovaciens, sont pass\u00e9s de 1 million \u00e0 1,7 millions soit une augmentation de 68% entre 2015 et 2016. &nbsp;<\/p>\n<p style=\"text-align: justify;\" align=\"left\">La publicit\u00e9, solution on ne peut plus simple et classique, permettrait de faire continuer \u00e0 vivre Contrib&#8217;City, d&#8217;aider au d\u00e9veloppement des acteurs \u00e9conomiques ou associatifs&nbsp; &#8211; <em>EPF Projet<\/em> est une association destin\u00e9e \u00e0 former de jeunes ing\u00e9nieur(e)s) &#8211; tout en pr\u00e9servant vos \u00e9conomies durement acquises. Bien entendu, ce partenariat se fera avec les entreprises qui respecteront certains crit\u00e8res \u00e9thiques, notamment celui du respect des engagements vis-\u00e0-vis des clients, \u00e0 travers, entre autres, son service apr\u00e8s-vente.<\/p>\n<p style=\"text-align: justify;\" align=\"left\">Contrib&#8217;City est \u00e0 votre \u00e9coute pour tout type de solution qui vous viendrait \u00e0 l&#8217;esprit, chers Contrib&#8217;Citizen.<\/p>\n<p style=\"text-align: justify;\" align=\"left\">Bibliographie<span class=\"footnote_referrer\"><a role=\"button\" tabindex=\"0\" onclick=\"footnote_moveToReference_3446_1('footnote_plugin_reference_3446_1_2');\" onkeypress=\"footnote_moveToReference_3446_1('footnote_plugin_reference_3446_1_2');\" ><sup id=\"footnote_plugin_tooltip_3446_1_2\" class=\"footnote_plugin_tooltip_text\">[2]<\/sup><\/a><span id=\"footnote_plugin_tooltip_text_3446_1_2\" class=\"footnote_tooltip\">&#8220;La dette publique de la France a d\u00e9pass\u00e9 100 % du PIB \u00e0 la fin de septembre, selon l\u2019Insee&#8221; in <em>Le Monde<\/em>, le 20 d\u00e9cembre 2019, [Consult\u00e9 le 1er mai 2020]. Disponible sur : <a href=\"https:\/\/www.lemonde.fr\/economie\/article\/2019\/12\/20\/la-dette-publique-a-depasse-les-100-du-pib-fin-septembre-selon-l-insee_6023559_3234.html\" target=\"_blank\" rel=\"noopener noreferrer\"><span class=\"footnote_url_wrap\">https:\/\/www.lemonde.fr\/economie\/article\/2019\/12\/20\/la-dette-publique-a-depasse-les-100-du-pib-fin-septembre-selon-l-insee_6023559_3234.html<\/span><\/a><\/span><\/span><script type=\"text\/javascript\"> jQuery('#footnote_plugin_tooltip_3446_1_2').tooltip({ tip: '#footnote_plugin_tooltip_text_3446_1_2', tipClass: 'footnote_tooltip', effect: 'fade', predelay: 0, fadeInSpeed: 200, delay: 400, fadeOutSpeed: 200, position: 'top right', relative: true, offset: [10, 10], });<\/script> <span class=\"footnote_referrer\"><a role=\"button\" tabindex=\"0\" onclick=\"footnote_moveToReference_3446_1('footnote_plugin_reference_3446_1_3');\" onkeypress=\"footnote_moveToReference_3446_1('footnote_plugin_reference_3446_1_3');\" ><sup id=\"footnote_plugin_tooltip_3446_1_3\" class=\"footnote_plugin_tooltip_text\">[3]<\/sup><\/a><span id=\"footnote_plugin_tooltip_text_3446_1_3\" class=\"footnote_tooltip\">D\u00e9penses, recettes et besoin de financement des administrations publiques&#8221; in &#8220;Le PIB progresse de 0,3 % au troisi\u00e8me trimestre 2019&#8221;, le 30 octobre 2019, INSEE. [Consult\u00e9 le 1er mai 2020]. Disponible sur : <a href=\"https:\/\/www.insee.fr\/fr\/statistiques\/4240596#titre-bloc-6\" target=\"_blank\" rel=\"noopener noreferrer\"><span class=\"footnote_url_wrap\">https:\/\/www.insee.fr\/fr\/statistiques\/4240596#titre-bloc-6<\/span><\/a><\/span><\/span><script type=\"text\/javascript\"> jQuery('#footnote_plugin_tooltip_3446_1_3').tooltip({ tip: '#footnote_plugin_tooltip_text_3446_1_3', tipClass: 'footnote_tooltip', effect: 'fade', predelay: 0, fadeInSpeed: 200, delay: 400, fadeOutSpeed: 200, position: 'top right', relative: true, offset: [10, 10], });<\/script><\/p>\n<p style=\"text-align: justify;\">[scu name=&#8221;map&#8221;]<\/p>\n<div class=\"speaker-mute footnotes_reference_container\"> <div class=\"footnote_container_prepare\"><p><span role=\"button\" tabindex=\"0\" class=\"footnote_reference_container_label pointer\" onclick=\"footnote_expand_collapse_reference_container_3446_1();\">R\u00e9f\u00e9rences<\/span><span role=\"button\" tabindex=\"0\" class=\"footnote_reference_container_collapse_button\" style=\"\" onclick=\"footnote_expand_collapse_reference_container_3446_1();\">[<a id=\"footnote_reference_container_collapse_button_3446_1\">+<\/a>]<\/span><\/p><\/div> <div id=\"footnote_references_container_3446_1\" style=\"display: none;\"><table class=\"footnotes_table footnote-reference-container\"><caption class=\"accessibility\">R\u00e9f\u00e9rences<\/caption> <tbody> \r\n\r\n<tr class=\"footnotes_plugin_reference_row\"> <th scope=\"row\" class=\"footnote_plugin_index_combi pointer\"  onclick=\"footnote_moveToAnchor_3446_1('footnote_plugin_tooltip_3446_1_1');\"><a id=\"footnote_plugin_reference_3446_1_1\" class=\"footnote_backlink\"><span class=\"footnote_index_arrow\">&#8593;<\/span>1<\/a><\/th> <td class=\"footnote_plugin_text\">IMPOTS -LOCAUX.ORG, Imp\u00f4ts locaux Jouy-en-Josas (78350), [Consult\u00e9 le 1er mai 2020]. Disponible sur : <span class=\"footnote_url_wrap\">http:\/\/www.impots-locaux.org\/impots-locaux-jouy-en-josas-78350\/<\/span><\/td><\/tr>\r\n\r\n<tr class=\"footnotes_plugin_reference_row\"> <th scope=\"row\" class=\"footnote_plugin_index_combi pointer\"  onclick=\"footnote_moveToAnchor_3446_1('footnote_plugin_tooltip_3446_1_2');\"><a id=\"footnote_plugin_reference_3446_1_2\" class=\"footnote_backlink\"><span class=\"footnote_index_arrow\">&#8593;<\/span>2<\/a><\/th> <td class=\"footnote_plugin_text\">&#8220;La dette publique de la France a d\u00e9pass\u00e9 100 % du PIB \u00e0 la fin de septembre, selon l\u2019Insee&#8221; in <em>Le Monde<\/em>, le 20 d\u00e9cembre 2019, [Consult\u00e9 le 1er mai 2020]. Disponible sur : <a href=\"https:\/\/www.lemonde.fr\/economie\/article\/2019\/12\/20\/la-dette-publique-a-depasse-les-100-du-pib-fin-septembre-selon-l-insee_6023559_3234.html\" target=\"_blank\" rel=\"noopener noreferrer\"><span class=\"footnote_url_wrap\">https:\/\/www.lemonde.fr\/economie\/article\/2019\/12\/20\/la-dette-publique-a-depasse-les-100-du-pib-fin-septembre-selon-l-insee_6023559_3234.html<\/span><\/a><\/td><\/tr>\r\n\r\n<tr class=\"footnotes_plugin_reference_row\"> <th scope=\"row\" class=\"footnote_plugin_index_combi pointer\"  onclick=\"footnote_moveToAnchor_3446_1('footnote_plugin_tooltip_3446_1_3');\"><a id=\"footnote_plugin_reference_3446_1_3\" class=\"footnote_backlink\"><span class=\"footnote_index_arrow\">&#8593;<\/span>3<\/a><\/th> <td class=\"footnote_plugin_text\">D\u00e9penses, recettes et besoin de financement des administrations publiques&#8221; in &#8220;Le PIB progresse de 0,3 % au troisi\u00e8me trimestre 2019&#8221;, le 30 octobre 2019, INSEE. [Consult\u00e9 le 1er mai 2020]. Disponible sur : <a href=\"https:\/\/www.insee.fr\/fr\/statistiques\/4240596#titre-bloc-6\" target=\"_blank\" rel=\"noopener noreferrer\"><span class=\"footnote_url_wrap\">https:\/\/www.insee.fr\/fr\/statistiques\/4240596#titre-bloc-6<\/span><\/a><\/td><\/tr>\r\n\r\n <\/tbody> <\/table> <\/div><\/div><script type=\"text\/javascript\"> function footnote_expand_reference_container_3446_1() { jQuery('#footnote_references_container_3446_1').show(); jQuery('#footnote_reference_container_collapse_button_3446_1').text('\u2212'); } function footnote_collapse_reference_container_3446_1() { jQuery('#footnote_references_container_3446_1').hide(); jQuery('#footnote_reference_container_collapse_button_3446_1').text('+'); } function footnote_expand_collapse_reference_container_3446_1() { if (jQuery('#footnote_references_container_3446_1').is(':hidden')) { footnote_expand_reference_container_3446_1(); } else { footnote_collapse_reference_container_3446_1(); } } function footnote_moveToReference_3446_1(p_str_TargetID) { footnote_expand_reference_container_3446_1(); var l_obj_Target = jQuery('#' + p_str_TargetID); if (l_obj_Target.length) { jQuery( 'html, body' ).delay( 0 ); jQuery('html, body').animate({ scrollTop: l_obj_Target.offset().top - window.innerHeight * 0.2 }, 380); } } function footnote_moveToAnchor_3446_1(p_str_TargetID) { footnote_expand_reference_container_3446_1(); var l_obj_Target = jQuery('#' + p_str_TargetID); if (l_obj_Target.length) { jQuery( 'html, body' ).delay( 0 ); jQuery('html, body').animate({ scrollTop: l_obj_Target.offset().top - window.innerHeight * 0.2 }, 380); } }<\/script>","protected":false},"excerpt":{"rendered":"<p>Apr\u00e8s avoir investi capitaux et travail, il est temps pour Contrib&#8217;City d&#8217;essayer d&#8217;amortir ses frais de d\u00e9marrage et de fonctionnement.<\/p>\n","protected":false},"author":1,"featured_media":3451,"comment_status":"open","ping_status":"open","sticky":false,"template":"","format":"standard","meta":{"_acf_changed":false,"inline_featured_image":false,"_exactmetrics_skip_tracking":false,"_exactmetrics_sitenote_active":false,"_exactmetrics_sitenote_note":"","_exactmetrics_sitenote_category":0,"ngg_post_thumbnail":0,"_jetpack_memberships_contains_paid_content":false,"footnotes":""},"categories":[51,2],"tags":[],"class_list":["post-3446","post","type-post","status-publish","format-standard","has-post-thumbnail","hentry","category-economie-social","category-commerce-fr"],"acf":[],"yoast_head":"<!-- This site is optimized with the Yoast SEO plugin v27.2 - https:\/\/yoast.com\/product\/yoast-seo-wordpress\/ -->\n<title>PUB! - ContribCity<\/title>\n<meta name=\"robots\" content=\"index, follow, max-snippet:-1, max-image-preview:large, max-video-preview:-1\" \/>\n<link rel=\"canonical\" href=\"https:\/\/contrib.city\/index.php\/2020\/05\/01\/pub\/\" \/>\n<meta property=\"og:locale\" content=\"fr_FR\" \/>\n<meta property=\"og:type\" content=\"article\" \/>\n<meta property=\"og:title\" content=\"PUB! - ContribCity\" \/>\n<meta property=\"og:description\" content=\"Apr\u00e8s avoir investi capitaux et travail, il est temps pour Contrib&#8217;City d&#8217;essayer d&#8217;amortir ses frais de d\u00e9marrage et de fonctionnement.\" \/>\n<meta property=\"og:url\" content=\"https:\/\/contrib.city\/index.php\/2020\/05\/01\/pub\/\" \/>\n<meta property=\"og:site_name\" content=\"ContribCity\" \/>\n<meta property=\"article:published_time\" content=\"2020-05-01T11:24:18+00:00\" \/>\n<meta property=\"article:modified_time\" content=\"2020-06-07T18:42:09+00:00\" \/>\n<meta property=\"og:image\" content=\"https:\/\/contrib.city\/wp-content\/uploads\/2020\/05\/Logo_dessus.png\" \/>\n\t<meta property=\"og:image:width\" content=\"6641\" \/>\n\t<meta property=\"og:image:height\" content=\"3734\" \/>\n\t<meta property=\"og:image:type\" content=\"image\/png\" \/>\n<meta name=\"author\" content=\"Bertrand de Foucauld\" \/>\n<meta name=\"twitter:card\" content=\"summary_large_image\" \/>\n<meta name=\"twitter:label1\" content=\"\u00c9crit par\" \/>\n\t<meta name=\"twitter:data1\" content=\"Bertrand de Foucauld\" \/>\n\t<meta name=\"twitter:label2\" content=\"Dur\u00e9e de lecture estim\u00e9e\" \/>\n\t<meta name=\"twitter:data2\" content=\"3 minutes\" \/>\n<script type=\"application\/ld+json\" class=\"yoast-schema-graph\">{\"@context\":\"https:\/\/schema.org\",\"@graph\":[{\"@type\":\"Article\",\"@id\":\"https:\/\/contrib.city\/index.php\/2020\/05\/01\/pub\/#article\",\"isPartOf\":{\"@id\":\"https:\/\/contrib.city\/index.php\/2020\/05\/01\/pub\/\"},\"author\":{\"name\":\"Bertrand de Foucauld\",\"@id\":\"https:\/\/contrib.city\/#\/schema\/person\/ec389c5a78a37ccaee4e8ce098099db5\"},\"headline\":\"PUB!\",\"datePublished\":\"2020-05-01T11:24:18+00:00\",\"dateModified\":\"2020-06-07T18:42:09+00:00\",\"mainEntityOfPage\":{\"@id\":\"https:\/\/contrib.city\/index.php\/2020\/05\/01\/pub\/\"},\"wordCount\":523,\"commentCount\":0,\"publisher\":{\"@id\":\"https:\/\/contrib.city\/#organization\"},\"image\":{\"@id\":\"https:\/\/contrib.city\/index.php\/2020\/05\/01\/pub\/#primaryimage\"},\"thumbnailUrl\":\"https:\/\/contrib.city\/wp-content\/uploads\/2020\/05\/Logo_dessus.png\",\"articleSection\":[\"Economie\/Social\",\"Vie quotidienne\"],\"inLanguage\":\"fr-FR\",\"potentialAction\":[{\"@type\":\"CommentAction\",\"name\":\"Comment\",\"target\":[\"https:\/\/contrib.city\/index.php\/2020\/05\/01\/pub\/#respond\"]}]},{\"@type\":\"WebPage\",\"@id\":\"https:\/\/contrib.city\/index.php\/2020\/05\/01\/pub\/\",\"url\":\"https:\/\/contrib.city\/index.php\/2020\/05\/01\/pub\/\",\"name\":\"PUB! - ContribCity\",\"isPartOf\":{\"@id\":\"https:\/\/contrib.city\/#website\"},\"primaryImageOfPage\":{\"@id\":\"https:\/\/contrib.city\/index.php\/2020\/05\/01\/pub\/#primaryimage\"},\"image\":{\"@id\":\"https:\/\/contrib.city\/index.php\/2020\/05\/01\/pub\/#primaryimage\"},\"thumbnailUrl\":\"https:\/\/contrib.city\/wp-content\/uploads\/2020\/05\/Logo_dessus.png\",\"datePublished\":\"2020-05-01T11:24:18+00:00\",\"dateModified\":\"2020-06-07T18:42:09+00:00\",\"breadcrumb\":{\"@id\":\"https:\/\/contrib.city\/index.php\/2020\/05\/01\/pub\/#breadcrumb\"},\"inLanguage\":\"fr-FR\",\"potentialAction\":[{\"@type\":\"ReadAction\",\"target\":[\"https:\/\/contrib.city\/index.php\/2020\/05\/01\/pub\/\"]}]},{\"@type\":\"ImageObject\",\"inLanguage\":\"fr-FR\",\"@id\":\"https:\/\/contrib.city\/index.php\/2020\/05\/01\/pub\/#primaryimage\",\"url\":\"https:\/\/contrib.city\/wp-content\/uploads\/2020\/05\/Logo_dessus.png\",\"contentUrl\":\"https:\/\/contrib.city\/wp-content\/uploads\/2020\/05\/Logo_dessus.png\",\"width\":6641,\"height\":3734},{\"@type\":\"BreadcrumbList\",\"@id\":\"https:\/\/contrib.city\/index.php\/2020\/05\/01\/pub\/#breadcrumb\",\"itemListElement\":[{\"@type\":\"ListItem\",\"position\":1,\"name\":\"Home\",\"item\":\"https:\/\/contrib.city\/\"},{\"@type\":\"ListItem\",\"position\":2,\"name\":\"PUB!\"}]},{\"@type\":\"WebSite\",\"@id\":\"https:\/\/contrib.city\/#website\",\"url\":\"https:\/\/contrib.city\/\",\"name\":\"ContribCity\",\"description\":\"Parlons de nos lieux de vie\",\"publisher\":{\"@id\":\"https:\/\/contrib.city\/#organization\"},\"potentialAction\":[{\"@type\":\"SearchAction\",\"target\":{\"@type\":\"EntryPoint\",\"urlTemplate\":\"https:\/\/contrib.city\/?s={search_term_string}\"},\"query-input\":{\"@type\":\"PropertyValueSpecification\",\"valueRequired\":true,\"valueName\":\"search_term_string\"}}],\"inLanguage\":\"fr-FR\"},{\"@type\":\"Organization\",\"@id\":\"https:\/\/contrib.city\/#organization\",\"name\":\"ContribCity\",\"url\":\"https:\/\/contrib.city\/\",\"logo\":{\"@type\":\"ImageObject\",\"inLanguage\":\"fr-FR\",\"@id\":\"https:\/\/contrib.city\/#\/schema\/logo\/image\/\",\"url\":\"https:\/\/contrib.city\/wp-content\/uploads\/2020\/01\/cropped-Parlons-de-nos-lieux-de-vie-2.jpg\",\"contentUrl\":\"https:\/\/contrib.city\/wp-content\/uploads\/2020\/01\/cropped-Parlons-de-nos-lieux-de-vie-2.jpg\",\"width\":1133,\"height\":218,\"caption\":\"ContribCity\"},\"image\":{\"@id\":\"https:\/\/contrib.city\/#\/schema\/logo\/image\/\"}},{\"@type\":\"Person\",\"@id\":\"https:\/\/contrib.city\/#\/schema\/person\/ec389c5a78a37ccaee4e8ce098099db5\",\"name\":\"Bertrand de Foucauld\",\"image\":{\"@type\":\"ImageObject\",\"inLanguage\":\"fr-FR\",\"@id\":\"https:\/\/secure.gravatar.com\/avatar\/c49e25550e4609092f7a00fb677a980813788778df987b36cad9b0fc85a8bf73?s=96&d=mm&r=g\",\"url\":\"https:\/\/secure.gravatar.com\/avatar\/c49e25550e4609092f7a00fb677a980813788778df987b36cad9b0fc85a8bf73?s=96&d=mm&r=g\",\"contentUrl\":\"https:\/\/secure.gravatar.com\/avatar\/c49e25550e4609092f7a00fb677a980813788778df987b36cad9b0fc85a8bf73?s=96&d=mm&r=g\",\"caption\":\"Bertrand de Foucauld\"},\"url\":\"https:\/\/contrib.city\/index.php\/author\/bertrand\/\"}]}<\/script>\n<!-- \/ Yoast SEO plugin. -->","yoast_head_json":{"title":"PUB! - ContribCity","robots":{"index":"index","follow":"follow","max-snippet":"max-snippet:-1","max-image-preview":"max-image-preview:large","max-video-preview":"max-video-preview:-1"},"canonical":"https:\/\/contrib.city\/index.php\/2020\/05\/01\/pub\/","og_locale":"fr_FR","og_type":"article","og_title":"PUB! - ContribCity","og_description":"Apr\u00e8s avoir investi capitaux et travail, il est temps pour Contrib&#8217;City d&#8217;essayer d&#8217;amortir ses frais de d\u00e9marrage et de fonctionnement.","og_url":"https:\/\/contrib.city\/index.php\/2020\/05\/01\/pub\/","og_site_name":"ContribCity","article_published_time":"2020-05-01T11:24:18+00:00","article_modified_time":"2020-06-07T18:42:09+00:00","og_image":[{"width":6641,"height":3734,"url":"https:\/\/contrib.city\/wp-content\/uploads\/2020\/05\/Logo_dessus.png","type":"image\/png"}],"author":"Bertrand de Foucauld","twitter_card":"summary_large_image","twitter_misc":{"\u00c9crit par":"Bertrand de Foucauld","Dur\u00e9e de lecture estim\u00e9e":"3 minutes"},"schema":{"@context":"https:\/\/schema.org","@graph":[{"@type":"Article","@id":"https:\/\/contrib.city\/index.php\/2020\/05\/01\/pub\/#article","isPartOf":{"@id":"https:\/\/contrib.city\/index.php\/2020\/05\/01\/pub\/"},"author":{"name":"Bertrand de Foucauld","@id":"https:\/\/contrib.city\/#\/schema\/person\/ec389c5a78a37ccaee4e8ce098099db5"},"headline":"PUB!","datePublished":"2020-05-01T11:24:18+00:00","dateModified":"2020-06-07T18:42:09+00:00","mainEntityOfPage":{"@id":"https:\/\/contrib.city\/index.php\/2020\/05\/01\/pub\/"},"wordCount":523,"commentCount":0,"publisher":{"@id":"https:\/\/contrib.city\/#organization"},"image":{"@id":"https:\/\/contrib.city\/index.php\/2020\/05\/01\/pub\/#primaryimage"},"thumbnailUrl":"https:\/\/contrib.city\/wp-content\/uploads\/2020\/05\/Logo_dessus.png","articleSection":["Economie\/Social","Vie quotidienne"],"inLanguage":"fr-FR","potentialAction":[{"@type":"CommentAction","name":"Comment","target":["https:\/\/contrib.city\/index.php\/2020\/05\/01\/pub\/#respond"]}]},{"@type":"WebPage","@id":"https:\/\/contrib.city\/index.php\/2020\/05\/01\/pub\/","url":"https:\/\/contrib.city\/index.php\/2020\/05\/01\/pub\/","name":"PUB! - ContribCity","isPartOf":{"@id":"https:\/\/contrib.city\/#website"},"primaryImageOfPage":{"@id":"https:\/\/contrib.city\/index.php\/2020\/05\/01\/pub\/#primaryimage"},"image":{"@id":"https:\/\/contrib.city\/index.php\/2020\/05\/01\/pub\/#primaryimage"},"thumbnailUrl":"https:\/\/contrib.city\/wp-content\/uploads\/2020\/05\/Logo_dessus.png","datePublished":"2020-05-01T11:24:18+00:00","dateModified":"2020-06-07T18:42:09+00:00","breadcrumb":{"@id":"https:\/\/contrib.city\/index.php\/2020\/05\/01\/pub\/#breadcrumb"},"inLanguage":"fr-FR","potentialAction":[{"@type":"ReadAction","target":["https:\/\/contrib.city\/index.php\/2020\/05\/01\/pub\/"]}]},{"@type":"ImageObject","inLanguage":"fr-FR","@id":"https:\/\/contrib.city\/index.php\/2020\/05\/01\/pub\/#primaryimage","url":"https:\/\/contrib.city\/wp-content\/uploads\/2020\/05\/Logo_dessus.png","contentUrl":"https:\/\/contrib.city\/wp-content\/uploads\/2020\/05\/Logo_dessus.png","width":6641,"height":3734},{"@type":"BreadcrumbList","@id":"https:\/\/contrib.city\/index.php\/2020\/05\/01\/pub\/#breadcrumb","itemListElement":[{"@type":"ListItem","position":1,"name":"Home","item":"https:\/\/contrib.city\/"},{"@type":"ListItem","position":2,"name":"PUB!"}]},{"@type":"WebSite","@id":"https:\/\/contrib.city\/#website","url":"https:\/\/contrib.city\/","name":"ContribCity","description":"Parlons de nos lieux de vie","publisher":{"@id":"https:\/\/contrib.city\/#organization"},"potentialAction":[{"@type":"SearchAction","target":{"@type":"EntryPoint","urlTemplate":"https:\/\/contrib.city\/?s={search_term_string}"},"query-input":{"@type":"PropertyValueSpecification","valueRequired":true,"valueName":"search_term_string"}}],"inLanguage":"fr-FR"},{"@type":"Organization","@id":"https:\/\/contrib.city\/#organization","name":"ContribCity","url":"https:\/\/contrib.city\/","logo":{"@type":"ImageObject","inLanguage":"fr-FR","@id":"https:\/\/contrib.city\/#\/schema\/logo\/image\/","url":"https:\/\/contrib.city\/wp-content\/uploads\/2020\/01\/cropped-Parlons-de-nos-lieux-de-vie-2.jpg","contentUrl":"https:\/\/contrib.city\/wp-content\/uploads\/2020\/01\/cropped-Parlons-de-nos-lieux-de-vie-2.jpg","width":1133,"height":218,"caption":"ContribCity"},"image":{"@id":"https:\/\/contrib.city\/#\/schema\/logo\/image\/"}},{"@type":"Person","@id":"https:\/\/contrib.city\/#\/schema\/person\/ec389c5a78a37ccaee4e8ce098099db5","name":"Bertrand de Foucauld","image":{"@type":"ImageObject","inLanguage":"fr-FR","@id":"https:\/\/secure.gravatar.com\/avatar\/c49e25550e4609092f7a00fb677a980813788778df987b36cad9b0fc85a8bf73?s=96&d=mm&r=g","url":"https:\/\/secure.gravatar.com\/avatar\/c49e25550e4609092f7a00fb677a980813788778df987b36cad9b0fc85a8bf73?s=96&d=mm&r=g","contentUrl":"https:\/\/secure.gravatar.com\/avatar\/c49e25550e4609092f7a00fb677a980813788778df987b36cad9b0fc85a8bf73?s=96&d=mm&r=g","caption":"Bertrand de Foucauld"},"url":"https:\/\/contrib.city\/index.php\/author\/bertrand\/"}]}},"jetpack_featured_media_url":"https:\/\/contrib.city\/wp-content\/uploads\/2020\/05\/Logo_dessus.png","jetpack_sharing_enabled":true,"post_mailing_queue_ids":[],"_links":{"self":[{"href":"https:\/\/contrib.city\/index.php\/wp-json\/wp\/v2\/posts\/3446","targetHints":{"allow":["GET"]}}],"collection":[{"href":"https:\/\/contrib.city\/index.php\/wp-json\/wp\/v2\/posts"}],"about":[{"href":"https:\/\/contrib.city\/index.php\/wp-json\/wp\/v2\/types\/post"}],"author":[{"embeddable":true,"href":"https:\/\/contrib.city\/index.php\/wp-json\/wp\/v2\/users\/1"}],"replies":[{"embeddable":true,"href":"https:\/\/contrib.city\/index.php\/wp-json\/wp\/v2\/comments?post=3446"}],"version-history":[{"count":8,"href":"https:\/\/contrib.city\/index.php\/wp-json\/wp\/v2\/posts\/3446\/revisions"}],"predecessor-version":[{"id":5162,"href":"https:\/\/contrib.city\/index.php\/wp-json\/wp\/v2\/posts\/3446\/revisions\/5162"}],"wp:featuredmedia":[{"embeddable":true,"href":"https:\/\/contrib.city\/index.php\/wp-json\/wp\/v2\/media\/3451"}],"wp:attachment":[{"href":"https:\/\/contrib.city\/index.php\/wp-json\/wp\/v2\/media?parent=3446"}],"wp:term":[{"taxonomy":"category","embeddable":true,"href":"https:\/\/contrib.city\/index.php\/wp-json\/wp\/v2\/categories?post=3446"},{"taxonomy":"post_tag","embeddable":true,"href":"https:\/\/contrib.city\/index.php\/wp-json\/wp\/v2\/tags?post=3446"}],"curies":[{"name":"wp","href":"https:\/\/api.w.org\/{rel}","templated":true}]}}