{"id":3531,"date":"2020-05-05T15:56:33","date_gmt":"2020-05-05T13:56:33","guid":{"rendered":"https:\/\/contrib.city\/?p=3531"},"modified":"2020-06-07T20:46:20","modified_gmt":"2020-06-07T18:46:20","slug":"de-calcutta-a-paris-prithwindra-mukherjee-lhomme-aux-multiples-dimensions","status":"publish","type":"post","link":"https:\/\/contrib.city\/index.php\/2020\/05\/05\/de-calcutta-a-paris-prithwindra-mukherjee-lhomme-aux-multiples-dimensions\/","title":{"rendered":"De Calcutta \u00e0 Paris : Prithwindra Mukherjee, l&#8217;homme aux multiples dimensions"},"content":{"rendered":"<p style=\"text-align: justify;\" align=\"justify\"><span style=\"color: #000000;\">Habitant la capitale fran\u00e7aise depuis plus d&#8217;un <span style=\"font-size: medium;\">demi-si\u00e8cle, Prithwindra m&#8217;a interpell\u00e9 \u00e0 la fois par sa capacit\u00e9 intellectuelle, via sa r\u00e9flex<\/span>ion sur le <span style=\"font-size: medium;\">mouvement ind\u00e9pendantiste indien dont G\u00e2ndhi est issu, et par sa sensibilit\u00e9 musicale et<\/span> po\u00e9tique. En effet, dans sa jeunesse, Prith mit en musique plusieurs po\u00e8mes du Bengale et r\u00e9alisa un<span style=\"font-size: medium;\">e <\/span><\/span><span style=\"color: #000000;\"><span style=\"font-size: medium;\"><i>Anthologie de mille ans de la po\u00e9sie bengalie<\/i><\/span><span style=\"font-size: medium;\">.<\/span><\/span><\/p>\n<p style=\"text-align: justify;\" align=\"justify\">Apr\u00e8s que je l&#8217;eus contact\u00e9, Prithwindra &#8211; le <i>Seigneur de la Terre<\/i> en sanscrit &#8211; accepta que Contrib&#8217;City publie un dialogue entre nous deux. Corona oblige, nous avons d\u00fb utiliser les outils modernes de communication. Malgr\u00e9 ces ersatz relationnels, nous avons quand m\u00eame r\u00e9ussi \u00e0 partager nos pens\u00e9es et nos visions du monde.<\/p>\n<p style=\"text-align: justify;\" align=\"justify\">Alors, j&#8217;adresse un tr\u00e8s grand merci \u00e0 Prithwindra pour l&#8217;honneur qu&#8217;il fait non seulement au site Contrib&#8217;City mais \u00e9galement \u00e0 tous les lecteurs de ce t\u00e9moignage. Prith nous partage son regard sur notre monde, avec ses souffrances m\u00e9dicales (Prithwindra fut atteint de la polio), ses guerres ou ses conflits. Ces derni\u00e8res, m\u00eame lib\u00e9ratrices, sont toujours atroces : <em><span style=\"font-size: medium;\">L<\/span><span style=\"font-size: medium;\">a fable que le programme non-violent de G\u00e2ndh\u00ee ait valu \u00e0 l&#8217;Inde son ind\u00e9pendance &#8211; sans jamais devoir verser une goutte de sang &#8211; se situe bien loin de la r\u00e9alit\u00e9<\/span><\/em><span style=\"font-size: medium;\"><span class=\"footnote_referrer\"><a role=\"button\" tabindex=\"0\" onclick=\"footnote_moveToReference_3531_1('footnote_plugin_reference_3531_1_1');\" onkeypress=\"footnote_moveToReference_3531_1('footnote_plugin_reference_3531_1_1');\" ><sup id=\"footnote_plugin_tooltip_3531_1_1\" class=\"footnote_plugin_tooltip_text\">[1]<\/sup><\/a><span id=\"footnote_plugin_tooltip_text_3531_1_1\" class=\"footnote_tooltip\">MUKHERJEE Prithwindra, <em>Les racines intellectuelles du mouvement d&#8217;ind\u00e9pendance de l&#8217;Inde (1893-1918)<\/em> &#8211; Conf\u00e9rence<\/span><\/span><script type=\"text\/javascript\"> jQuery('#footnote_plugin_tooltip_3531_1_1').tooltip({ tip: '#footnote_plugin_tooltip_text_3531_1_1', tipClass: 'footnote_tooltip', effect: 'fade', predelay: 0, fadeInSpeed: 200, delay: 400, fadeOutSpeed: 200, position: 'top right', relative: true, offset: [10, 10], });<\/script>. Prith nous offre \u00e9galement les richesses culturelles de son pays d&#8217;origine et enfin, <i>last but not least<\/i>, son \u00e9lan philosophique et spirituel puis\u00e9 au sein de l&#8217;\u00e2shram (\u00e9cole) o\u00f9 ses parents l&#8217;avaient mis. Cette \u00e9cole avait \u00e9t\u00e9 fond\u00e9e par l&#8217;ind\u00e9pendantiste et po\u00e8te Sri Aurobindo et sa compagne fran\u00e7aise, Blanche Rachel Mirra Alfassa, surnom\u00e9e <em>la M\u00e8re<\/em>, et qui devait fonder en 1968 Auroville : une communaut\u00e9 internationale pacifiste, au nord de Pondichery.<br \/>\n<\/span><\/p>\n<p style=\"text-align: justify;\" align=\"justify\">En 1966, quand arrivant, seul, \u00e0 Orly, avec juste <i>la Gr\u00e2ce divine<\/i> pour le soutenir, ayant dit <em>au revoir<\/em> \u00e0 son Inde maternelle, un peu comme les amants de Jacques Brel<span class=\"footnote_referrer\"><a role=\"button\" tabindex=\"0\" onclick=\"footnote_moveToReference_3531_1('footnote_plugin_reference_3531_1_2');\" onkeypress=\"footnote_moveToReference_3531_1('footnote_plugin_reference_3531_1_2');\" ><sup id=\"footnote_plugin_tooltip_3531_1_2\" class=\"footnote_plugin_tooltip_text\">[2]<\/sup><\/a><span id=\"footnote_plugin_tooltip_text_3531_1_2\" class=\"footnote_tooltip\"><i>C\u00e0 y est, elle a mille ans<\/i>, BREL Jacques, &#8220;Orly&#8221; in <em>Les Marquises<\/em>, Paris, Barclay, 1977. [Consult\u00e9 le 4 mai 2020], disponible sur : <a href=\"https:\/\/www.youtube.com\/watch?v=Lq5iD-xV9wI\" target=\"_blank\" rel=\"noopener noreferrer\"><span class=\"footnote_url_wrap\">https:\/\/www.youtube.com\/watch?v=Lq5iD-xV9wI<\/span><\/a><\/span><\/span><script type=\"text\/javascript\"> jQuery('#footnote_plugin_tooltip_3531_1_2').tooltip({ tip: '#footnote_plugin_tooltip_text_3531_1_2', tipClass: 'footnote_tooltip', effect: 'fade', predelay: 0, fadeInSpeed: 200, delay: 400, fadeOutSpeed: 200, position: 'top right', relative: true, offset: [10, 10], });<\/script>, il continuait son chemin. Maintenant sur le sol fran\u00e7ais, il allait <i>[saluer] chaque jour une nouvelle exp\u00e9rience qui allait dans le sens de [sa] qu\u00eate<\/i>. Une route qui allait croiser celle de nombreux intellectuels et artistes tels que les sociologues <span style=\"font-size: medium;\">Raymond Aron<\/span> <span style=\"font-size: medium;\">et <\/span>Fran\u00e7ois Bourricauld, l&#8217;historien Emmanuel Leroy-Ladurie, le compositeur Henri Dutilleux et la cantatrice \u00e9tasunienne Dawn Upshaw, les chanteurs Georges Brassens (son voisin) et Jacques Brel, le metteur en sc\u00e8ne Nicolas Bataille, l&#8217;\u00e9conomiste Jacques Attali ou bien le Pape (et juriste) Paul VI.<\/p>\n<p style=\"text-align: justify;\" align=\"justify\">Ce qui m&#8217;a interpel\u00e9, chez Prithwindra, c&#8217;est sa multi-dimensionalit\u00e9 : une vie \u00e0 la fois locale (Calcutta, Pondich\u00e9ry, Paris), continentale (ses voyages dans le sous-continent en Inde) et enfin mondiale (Asie, Europe et Am\u00e9rique).<\/p>\n<p style=\"text-align: justify;\" align=\"justify\">La dimension historique chez Prith m&#8217;a surpris : \u00e0 travers les chants en sanscrits (la m\u00e8re de presque toutes les langues europ\u00e9ennes), puis son apprentissage aupr\u00e8s de la <i>M\u00e8re <\/i>de l&#8217;\u00e2shram, les po\u00e8mes r\u00e9volutionnaires indiens et enfin les \u00e9crivains fran\u00e7ais du XXe si\u00e8cle.<\/p>\n<p style=\"text-align: justify;\" align=\"justify\">Mais je crois que ce qui m&#8217;a \u00e9mu, chez Prithwindra, c&#8217;est, au-del\u00e0 de sa multi-dimensionalit\u00e9, c&#8217;est sa fid\u00e9lit\u00e9 \u00e0 ce qui le porte au fond de lui, une force qui sublime son handicap, les distances g\u00e9ographiques et historiques, \u00e0 l&#8217;image du savant britannique Stephen Hawking \u00e0 la fois paralytique et parlant du cosmos. Comme l&#8217;explique simplement Prith : <em><span style=\"font-size: medium;\">Il n&#8217;y a aucun hasard dans la vie. <\/span><\/em><\/p>\n<p align=\"justify\">Dans les prochains articles, vous pourrez, chers Contrib&#8217;Citizen, d\u00e9couvrir un peu plus cette force qui a m\u00fb Prith tout au long de sa route.<\/p>\n<p style=\"text-align: justify;\" align=\"justify\"><em>(Photo de couverture, 2009 : Prithwindra est d\u00e9clar\u00e9 Chevalier dans l\u2019ordre des Arts et des Lettres. Avec l&#8217;aimable autorisation de Prith).<\/em><\/p>\n<p align=\"justify\">[scu name=&#8221;map&#8221;]<\/p>\n<p align=\"justify\"><span style=\"font-family: Times New Roman, serif;\"><span style=\"font-size: medium;\"><strong><span style=\"font-size: xx-large;\">&nbsp;<\/span><\/strong><\/span><\/span><\/p>\n<p align=\"justify\">&nbsp;<\/p>\n<div class=\"speaker-mute footnotes_reference_container\"> <div class=\"footnote_container_prepare\"><p><span role=\"button\" tabindex=\"0\" class=\"footnote_reference_container_label pointer\" onclick=\"footnote_expand_collapse_reference_container_3531_1();\">R\u00e9f\u00e9rences<\/span><span role=\"button\" tabindex=\"0\" class=\"footnote_reference_container_collapse_button\" style=\"\" onclick=\"footnote_expand_collapse_reference_container_3531_1();\">[<a id=\"footnote_reference_container_collapse_button_3531_1\">+<\/a>]<\/span><\/p><\/div> <div id=\"footnote_references_container_3531_1\" style=\"display: none;\"><table class=\"footnotes_table footnote-reference-container\"><caption class=\"accessibility\">R\u00e9f\u00e9rences<\/caption> <tbody> \r\n\r\n<tr class=\"footnotes_plugin_reference_row\"> <th scope=\"row\" class=\"footnote_plugin_index_combi pointer\"  onclick=\"footnote_moveToAnchor_3531_1('footnote_plugin_tooltip_3531_1_1');\"><a id=\"footnote_plugin_reference_3531_1_1\" class=\"footnote_backlink\"><span class=\"footnote_index_arrow\">&#8593;<\/span>1<\/a><\/th> <td class=\"footnote_plugin_text\">MUKHERJEE Prithwindra, <em>Les racines intellectuelles du mouvement d&#8217;ind\u00e9pendance de l&#8217;Inde (1893-1918)<\/em> &#8211; Conf\u00e9rence<\/td><\/tr>\r\n\r\n<tr class=\"footnotes_plugin_reference_row\"> <th scope=\"row\" class=\"footnote_plugin_index_combi pointer\"  onclick=\"footnote_moveToAnchor_3531_1('footnote_plugin_tooltip_3531_1_2');\"><a id=\"footnote_plugin_reference_3531_1_2\" class=\"footnote_backlink\"><span class=\"footnote_index_arrow\">&#8593;<\/span>2<\/a><\/th> <td class=\"footnote_plugin_text\"><i>C\u00e0 y est, elle a mille ans<\/i>, BREL Jacques, &#8220;Orly&#8221; in <em>Les Marquises<\/em>, Paris, Barclay, 1977. [Consult\u00e9 le 4 mai 2020], disponible sur : <a href=\"https:\/\/www.youtube.com\/watch?v=Lq5iD-xV9wI\" target=\"_blank\" rel=\"noopener noreferrer\"><span class=\"footnote_url_wrap\">https:\/\/www.youtube.com\/watch?v=Lq5iD-xV9wI<\/span><\/a><\/td><\/tr>\r\n\r\n <\/tbody> <\/table> <\/div><\/div><script type=\"text\/javascript\"> function footnote_expand_reference_container_3531_1() { jQuery('#footnote_references_container_3531_1').show(); jQuery('#footnote_reference_container_collapse_button_3531_1').text('\u2212'); } function footnote_collapse_reference_container_3531_1() { jQuery('#footnote_references_container_3531_1').hide(); jQuery('#footnote_reference_container_collapse_button_3531_1').text('+'); } function footnote_expand_collapse_reference_container_3531_1() { if (jQuery('#footnote_references_container_3531_1').is(':hidden')) { footnote_expand_reference_container_3531_1(); } else { footnote_collapse_reference_container_3531_1(); } } function footnote_moveToReference_3531_1(p_str_TargetID) { footnote_expand_reference_container_3531_1(); var l_obj_Target = jQuery('#' + p_str_TargetID); if (l_obj_Target.length) { jQuery( 'html, body' ).delay( 0 ); jQuery('html, body').animate({ scrollTop: l_obj_Target.offset().top - window.innerHeight * 0.2 }, 380); } } function footnote_moveToAnchor_3531_1(p_str_TargetID) { footnote_expand_reference_container_3531_1(); var l_obj_Target = jQuery('#' + p_str_TargetID); if (l_obj_Target.length) { jQuery( 'html, body' ).delay( 0 ); jQuery('html, body').animate({ scrollTop: l_obj_Target.offset().top - window.innerHeight * 0.2 }, 380); } }<\/script>","protected":false},"excerpt":{"rendered":"<p>Habitant la capitale fran\u00e7aise depuis plus d&#8217;un demi-si\u00e8cle, Prithwindra m&#8217;a interpell\u00e9 \u00e0 la fois par sa capacit\u00e9 intellectuelle, via sa<\/p>\n","protected":false},"author":1,"featured_media":3543,"comment_status":"open","ping_status":"open","sticky":false,"template":"","format":"standard","meta":{"_acf_changed":false,"inline_featured_image":false,"_exactmetrics_skip_tracking":false,"_exactmetrics_sitenote_active":false,"_exactmetrics_sitenote_note":"","_exactmetrics_sitenote_category":0,"ngg_post_thumbnail":0,"_jetpack_memberships_contains_paid_content":false,"footnotes":""},"categories":[591,3,43],"tags":[],"class_list":["post-3531","post","type-post","status-publish","format-standard","has-post-thumbnail","hentry","category-arts-spectacles","category-education_fr","category-poesie-des-territoires"],"acf":[],"yoast_head":"<!-- This site is optimized with the Yoast SEO plugin v27.2 - https:\/\/yoast.com\/product\/yoast-seo-wordpress\/ -->\n<title>De Calcutta \u00e0 Paris : Prithwindra Mukherjee, l&#039;homme aux multiples dimensions - ContribCity<\/title>\n<meta name=\"robots\" content=\"index, follow, max-snippet:-1, max-image-preview:large, max-video-preview:-1\" \/>\n<link rel=\"canonical\" href=\"https:\/\/contrib.city\/index.php\/2020\/05\/05\/de-calcutta-a-paris-prithwindra-mukherjee-lhomme-aux-multiples-dimensions\/\" \/>\n<meta property=\"og:locale\" content=\"fr_FR\" \/>\n<meta property=\"og:type\" content=\"article\" \/>\n<meta property=\"og:title\" content=\"De Calcutta \u00e0 Paris : Prithwindra Mukherjee, l&#039;homme aux multiples dimensions - ContribCity\" \/>\n<meta property=\"og:description\" content=\"Habitant la capitale fran\u00e7aise depuis plus d&#8217;un demi-si\u00e8cle, Prithwindra m&#8217;a interpell\u00e9 \u00e0 la fois par sa capacit\u00e9 intellectuelle, via sa\" \/>\n<meta property=\"og:url\" content=\"https:\/\/contrib.city\/index.php\/2020\/05\/05\/de-calcutta-a-paris-prithwindra-mukherjee-lhomme-aux-multiples-dimensions\/\" \/>\n<meta property=\"og:site_name\" content=\"ContribCity\" \/>\n<meta property=\"article:published_time\" content=\"2020-05-05T13:56:33+00:00\" \/>\n<meta property=\"article:modified_time\" content=\"2020-06-07T18:46:20+00:00\" \/>\n<meta property=\"og:image\" content=\"https:\/\/contrib.city\/wp-content\/uploads\/2020\/05\/Chevalier-dans-l\u2019ordre-des-Arts-et-des-Lettres-2009-e1588688434660.jpg\" \/>\n\t<meta property=\"og:image:width\" content=\"719\" \/>\n\t<meta property=\"og:image:height\" content=\"482\" \/>\n\t<meta property=\"og:image:type\" content=\"image\/jpeg\" \/>\n<meta name=\"author\" content=\"Bertrand de Foucauld\" \/>\n<meta name=\"twitter:card\" content=\"summary_large_image\" \/>\n<meta name=\"twitter:label1\" content=\"\u00c9crit par\" \/>\n\t<meta name=\"twitter:data1\" content=\"Bertrand de Foucauld\" \/>\n\t<meta name=\"twitter:label2\" content=\"Dur\u00e9e de lecture estim\u00e9e\" \/>\n\t<meta name=\"twitter:data2\" content=\"3 minutes\" \/>\n<script type=\"application\/ld+json\" class=\"yoast-schema-graph\">{\"@context\":\"https:\/\/schema.org\",\"@graph\":[{\"@type\":\"Article\",\"@id\":\"https:\/\/contrib.city\/index.php\/2020\/05\/05\/de-calcutta-a-paris-prithwindra-mukherjee-lhomme-aux-multiples-dimensions\/#article\",\"isPartOf\":{\"@id\":\"https:\/\/contrib.city\/index.php\/2020\/05\/05\/de-calcutta-a-paris-prithwindra-mukherjee-lhomme-aux-multiples-dimensions\/\"},\"author\":{\"name\":\"Bertrand de Foucauld\",\"@id\":\"https:\/\/contrib.city\/#\/schema\/person\/ec389c5a78a37ccaee4e8ce098099db5\"},\"headline\":\"De Calcutta \u00e0 Paris : Prithwindra Mukherjee, l&#8217;homme aux multiples dimensions\",\"datePublished\":\"2020-05-05T13:56:33+00:00\",\"dateModified\":\"2020-06-07T18:46:20+00:00\",\"mainEntityOfPage\":{\"@id\":\"https:\/\/contrib.city\/index.php\/2020\/05\/05\/de-calcutta-a-paris-prithwindra-mukherjee-lhomme-aux-multiples-dimensions\/\"},\"wordCount\":693,\"commentCount\":0,\"publisher\":{\"@id\":\"https:\/\/contrib.city\/#organization\"},\"image\":{\"@id\":\"https:\/\/contrib.city\/index.php\/2020\/05\/05\/de-calcutta-a-paris-prithwindra-mukherjee-lhomme-aux-multiples-dimensions\/#primaryimage\"},\"thumbnailUrl\":\"https:\/\/contrib.city\/wp-content\/uploads\/2020\/05\/Chevalier-dans-l\u2019ordre-des-Arts-et-des-Lettres-2009-e1588688434660.jpg\",\"articleSection\":[\"Arts\/Spectacles\",\"Education\",\"Po\u00e9sie Arts\"],\"inLanguage\":\"fr-FR\",\"potentialAction\":[{\"@type\":\"CommentAction\",\"name\":\"Comment\",\"target\":[\"https:\/\/contrib.city\/index.php\/2020\/05\/05\/de-calcutta-a-paris-prithwindra-mukherjee-lhomme-aux-multiples-dimensions\/#respond\"]}]},{\"@type\":\"WebPage\",\"@id\":\"https:\/\/contrib.city\/index.php\/2020\/05\/05\/de-calcutta-a-paris-prithwindra-mukherjee-lhomme-aux-multiples-dimensions\/\",\"url\":\"https:\/\/contrib.city\/index.php\/2020\/05\/05\/de-calcutta-a-paris-prithwindra-mukherjee-lhomme-aux-multiples-dimensions\/\",\"name\":\"De Calcutta \u00e0 Paris : Prithwindra Mukherjee, l'homme aux multiples dimensions - ContribCity\",\"isPartOf\":{\"@id\":\"https:\/\/contrib.city\/#website\"},\"primaryImageOfPage\":{\"@id\":\"https:\/\/contrib.city\/index.php\/2020\/05\/05\/de-calcutta-a-paris-prithwindra-mukherjee-lhomme-aux-multiples-dimensions\/#primaryimage\"},\"image\":{\"@id\":\"https:\/\/contrib.city\/index.php\/2020\/05\/05\/de-calcutta-a-paris-prithwindra-mukherjee-lhomme-aux-multiples-dimensions\/#primaryimage\"},\"thumbnailUrl\":\"https:\/\/contrib.city\/wp-content\/uploads\/2020\/05\/Chevalier-dans-l\u2019ordre-des-Arts-et-des-Lettres-2009-e1588688434660.jpg\",\"datePublished\":\"2020-05-05T13:56:33+00:00\",\"dateModified\":\"2020-06-07T18:46:20+00:00\",\"breadcrumb\":{\"@id\":\"https:\/\/contrib.city\/index.php\/2020\/05\/05\/de-calcutta-a-paris-prithwindra-mukherjee-lhomme-aux-multiples-dimensions\/#breadcrumb\"},\"inLanguage\":\"fr-FR\",\"potentialAction\":[{\"@type\":\"ReadAction\",\"target\":[\"https:\/\/contrib.city\/index.php\/2020\/05\/05\/de-calcutta-a-paris-prithwindra-mukherjee-lhomme-aux-multiples-dimensions\/\"]}]},{\"@type\":\"ImageObject\",\"inLanguage\":\"fr-FR\",\"@id\":\"https:\/\/contrib.city\/index.php\/2020\/05\/05\/de-calcutta-a-paris-prithwindra-mukherjee-lhomme-aux-multiples-dimensions\/#primaryimage\",\"url\":\"https:\/\/contrib.city\/wp-content\/uploads\/2020\/05\/Chevalier-dans-l\u2019ordre-des-Arts-et-des-Lettres-2009-e1588688434660.jpg\",\"contentUrl\":\"https:\/\/contrib.city\/wp-content\/uploads\/2020\/05\/Chevalier-dans-l\u2019ordre-des-Arts-et-des-Lettres-2009-e1588688434660.jpg\",\"width\":719,\"height\":482},{\"@type\":\"BreadcrumbList\",\"@id\":\"https:\/\/contrib.city\/index.php\/2020\/05\/05\/de-calcutta-a-paris-prithwindra-mukherjee-lhomme-aux-multiples-dimensions\/#breadcrumb\",\"itemListElement\":[{\"@type\":\"ListItem\",\"position\":1,\"name\":\"Home\",\"item\":\"https:\/\/contrib.city\/\"},{\"@type\":\"ListItem\",\"position\":2,\"name\":\"De Calcutta \u00e0 Paris : Prithwindra Mukherjee, l&#8217;homme aux multiples dimensions\"}]},{\"@type\":\"WebSite\",\"@id\":\"https:\/\/contrib.city\/#website\",\"url\":\"https:\/\/contrib.city\/\",\"name\":\"ContribCity\",\"description\":\"Parlons de nos lieux de vie\",\"publisher\":{\"@id\":\"https:\/\/contrib.city\/#organization\"},\"potentialAction\":[{\"@type\":\"SearchAction\",\"target\":{\"@type\":\"EntryPoint\",\"urlTemplate\":\"https:\/\/contrib.city\/?s={search_term_string}\"},\"query-input\":{\"@type\":\"PropertyValueSpecification\",\"valueRequired\":true,\"valueName\":\"search_term_string\"}}],\"inLanguage\":\"fr-FR\"},{\"@type\":\"Organization\",\"@id\":\"https:\/\/contrib.city\/#organization\",\"name\":\"ContribCity\",\"url\":\"https:\/\/contrib.city\/\",\"logo\":{\"@type\":\"ImageObject\",\"inLanguage\":\"fr-FR\",\"@id\":\"https:\/\/contrib.city\/#\/schema\/logo\/image\/\",\"url\":\"https:\/\/contrib.city\/wp-content\/uploads\/2020\/01\/cropped-Parlons-de-nos-lieux-de-vie-2.jpg\",\"contentUrl\":\"https:\/\/contrib.city\/wp-content\/uploads\/2020\/01\/cropped-Parlons-de-nos-lieux-de-vie-2.jpg\",\"width\":1133,\"height\":218,\"caption\":\"ContribCity\"},\"image\":{\"@id\":\"https:\/\/contrib.city\/#\/schema\/logo\/image\/\"}},{\"@type\":\"Person\",\"@id\":\"https:\/\/contrib.city\/#\/schema\/person\/ec389c5a78a37ccaee4e8ce098099db5\",\"name\":\"Bertrand de Foucauld\",\"image\":{\"@type\":\"ImageObject\",\"inLanguage\":\"fr-FR\",\"@id\":\"https:\/\/secure.gravatar.com\/avatar\/c49e25550e4609092f7a00fb677a980813788778df987b36cad9b0fc85a8bf73?s=96&d=mm&r=g\",\"url\":\"https:\/\/secure.gravatar.com\/avatar\/c49e25550e4609092f7a00fb677a980813788778df987b36cad9b0fc85a8bf73?s=96&d=mm&r=g\",\"contentUrl\":\"https:\/\/secure.gravatar.com\/avatar\/c49e25550e4609092f7a00fb677a980813788778df987b36cad9b0fc85a8bf73?s=96&d=mm&r=g\",\"caption\":\"Bertrand de Foucauld\"},\"url\":\"https:\/\/contrib.city\/index.php\/author\/bertrand\/\"}]}<\/script>\n<!-- \/ Yoast SEO plugin. -->","yoast_head_json":{"title":"De Calcutta \u00e0 Paris : Prithwindra Mukherjee, l'homme aux multiples dimensions - ContribCity","robots":{"index":"index","follow":"follow","max-snippet":"max-snippet:-1","max-image-preview":"max-image-preview:large","max-video-preview":"max-video-preview:-1"},"canonical":"https:\/\/contrib.city\/index.php\/2020\/05\/05\/de-calcutta-a-paris-prithwindra-mukherjee-lhomme-aux-multiples-dimensions\/","og_locale":"fr_FR","og_type":"article","og_title":"De Calcutta \u00e0 Paris : Prithwindra Mukherjee, l'homme aux multiples dimensions - ContribCity","og_description":"Habitant la capitale fran\u00e7aise depuis plus d&#8217;un demi-si\u00e8cle, Prithwindra m&#8217;a interpell\u00e9 \u00e0 la fois par sa capacit\u00e9 intellectuelle, via sa","og_url":"https:\/\/contrib.city\/index.php\/2020\/05\/05\/de-calcutta-a-paris-prithwindra-mukherjee-lhomme-aux-multiples-dimensions\/","og_site_name":"ContribCity","article_published_time":"2020-05-05T13:56:33+00:00","article_modified_time":"2020-06-07T18:46:20+00:00","og_image":[{"width":719,"height":482,"url":"https:\/\/contrib.city\/wp-content\/uploads\/2020\/05\/Chevalier-dans-l\u2019ordre-des-Arts-et-des-Lettres-2009-e1588688434660.jpg","type":"image\/jpeg"}],"author":"Bertrand de Foucauld","twitter_card":"summary_large_image","twitter_misc":{"\u00c9crit par":"Bertrand de Foucauld","Dur\u00e9e de lecture estim\u00e9e":"3 minutes"},"schema":{"@context":"https:\/\/schema.org","@graph":[{"@type":"Article","@id":"https:\/\/contrib.city\/index.php\/2020\/05\/05\/de-calcutta-a-paris-prithwindra-mukherjee-lhomme-aux-multiples-dimensions\/#article","isPartOf":{"@id":"https:\/\/contrib.city\/index.php\/2020\/05\/05\/de-calcutta-a-paris-prithwindra-mukherjee-lhomme-aux-multiples-dimensions\/"},"author":{"name":"Bertrand de Foucauld","@id":"https:\/\/contrib.city\/#\/schema\/person\/ec389c5a78a37ccaee4e8ce098099db5"},"headline":"De Calcutta \u00e0 Paris : Prithwindra Mukherjee, l&#8217;homme aux multiples dimensions","datePublished":"2020-05-05T13:56:33+00:00","dateModified":"2020-06-07T18:46:20+00:00","mainEntityOfPage":{"@id":"https:\/\/contrib.city\/index.php\/2020\/05\/05\/de-calcutta-a-paris-prithwindra-mukherjee-lhomme-aux-multiples-dimensions\/"},"wordCount":693,"commentCount":0,"publisher":{"@id":"https:\/\/contrib.city\/#organization"},"image":{"@id":"https:\/\/contrib.city\/index.php\/2020\/05\/05\/de-calcutta-a-paris-prithwindra-mukherjee-lhomme-aux-multiples-dimensions\/#primaryimage"},"thumbnailUrl":"https:\/\/contrib.city\/wp-content\/uploads\/2020\/05\/Chevalier-dans-l\u2019ordre-des-Arts-et-des-Lettres-2009-e1588688434660.jpg","articleSection":["Arts\/Spectacles","Education","Po\u00e9sie Arts"],"inLanguage":"fr-FR","potentialAction":[{"@type":"CommentAction","name":"Comment","target":["https:\/\/contrib.city\/index.php\/2020\/05\/05\/de-calcutta-a-paris-prithwindra-mukherjee-lhomme-aux-multiples-dimensions\/#respond"]}]},{"@type":"WebPage","@id":"https:\/\/contrib.city\/index.php\/2020\/05\/05\/de-calcutta-a-paris-prithwindra-mukherjee-lhomme-aux-multiples-dimensions\/","url":"https:\/\/contrib.city\/index.php\/2020\/05\/05\/de-calcutta-a-paris-prithwindra-mukherjee-lhomme-aux-multiples-dimensions\/","name":"De Calcutta \u00e0 Paris : Prithwindra Mukherjee, l'homme aux multiples dimensions - ContribCity","isPartOf":{"@id":"https:\/\/contrib.city\/#website"},"primaryImageOfPage":{"@id":"https:\/\/contrib.city\/index.php\/2020\/05\/05\/de-calcutta-a-paris-prithwindra-mukherjee-lhomme-aux-multiples-dimensions\/#primaryimage"},"image":{"@id":"https:\/\/contrib.city\/index.php\/2020\/05\/05\/de-calcutta-a-paris-prithwindra-mukherjee-lhomme-aux-multiples-dimensions\/#primaryimage"},"thumbnailUrl":"https:\/\/contrib.city\/wp-content\/uploads\/2020\/05\/Chevalier-dans-l\u2019ordre-des-Arts-et-des-Lettres-2009-e1588688434660.jpg","datePublished":"2020-05-05T13:56:33+00:00","dateModified":"2020-06-07T18:46:20+00:00","breadcrumb":{"@id":"https:\/\/contrib.city\/index.php\/2020\/05\/05\/de-calcutta-a-paris-prithwindra-mukherjee-lhomme-aux-multiples-dimensions\/#breadcrumb"},"inLanguage":"fr-FR","potentialAction":[{"@type":"ReadAction","target":["https:\/\/contrib.city\/index.php\/2020\/05\/05\/de-calcutta-a-paris-prithwindra-mukherjee-lhomme-aux-multiples-dimensions\/"]}]},{"@type":"ImageObject","inLanguage":"fr-FR","@id":"https:\/\/contrib.city\/index.php\/2020\/05\/05\/de-calcutta-a-paris-prithwindra-mukherjee-lhomme-aux-multiples-dimensions\/#primaryimage","url":"https:\/\/contrib.city\/wp-content\/uploads\/2020\/05\/Chevalier-dans-l\u2019ordre-des-Arts-et-des-Lettres-2009-e1588688434660.jpg","contentUrl":"https:\/\/contrib.city\/wp-content\/uploads\/2020\/05\/Chevalier-dans-l\u2019ordre-des-Arts-et-des-Lettres-2009-e1588688434660.jpg","width":719,"height":482},{"@type":"BreadcrumbList","@id":"https:\/\/contrib.city\/index.php\/2020\/05\/05\/de-calcutta-a-paris-prithwindra-mukherjee-lhomme-aux-multiples-dimensions\/#breadcrumb","itemListElement":[{"@type":"ListItem","position":1,"name":"Home","item":"https:\/\/contrib.city\/"},{"@type":"ListItem","position":2,"name":"De Calcutta \u00e0 Paris : Prithwindra Mukherjee, l&#8217;homme aux multiples dimensions"}]},{"@type":"WebSite","@id":"https:\/\/contrib.city\/#website","url":"https:\/\/contrib.city\/","name":"ContribCity","description":"Parlons de nos lieux de vie","publisher":{"@id":"https:\/\/contrib.city\/#organization"},"potentialAction":[{"@type":"SearchAction","target":{"@type":"EntryPoint","urlTemplate":"https:\/\/contrib.city\/?s={search_term_string}"},"query-input":{"@type":"PropertyValueSpecification","valueRequired":true,"valueName":"search_term_string"}}],"inLanguage":"fr-FR"},{"@type":"Organization","@id":"https:\/\/contrib.city\/#organization","name":"ContribCity","url":"https:\/\/contrib.city\/","logo":{"@type":"ImageObject","inLanguage":"fr-FR","@id":"https:\/\/contrib.city\/#\/schema\/logo\/image\/","url":"https:\/\/contrib.city\/wp-content\/uploads\/2020\/01\/cropped-Parlons-de-nos-lieux-de-vie-2.jpg","contentUrl":"https:\/\/contrib.city\/wp-content\/uploads\/2020\/01\/cropped-Parlons-de-nos-lieux-de-vie-2.jpg","width":1133,"height":218,"caption":"ContribCity"},"image":{"@id":"https:\/\/contrib.city\/#\/schema\/logo\/image\/"}},{"@type":"Person","@id":"https:\/\/contrib.city\/#\/schema\/person\/ec389c5a78a37ccaee4e8ce098099db5","name":"Bertrand de Foucauld","image":{"@type":"ImageObject","inLanguage":"fr-FR","@id":"https:\/\/secure.gravatar.com\/avatar\/c49e25550e4609092f7a00fb677a980813788778df987b36cad9b0fc85a8bf73?s=96&d=mm&r=g","url":"https:\/\/secure.gravatar.com\/avatar\/c49e25550e4609092f7a00fb677a980813788778df987b36cad9b0fc85a8bf73?s=96&d=mm&r=g","contentUrl":"https:\/\/secure.gravatar.com\/avatar\/c49e25550e4609092f7a00fb677a980813788778df987b36cad9b0fc85a8bf73?s=96&d=mm&r=g","caption":"Bertrand de Foucauld"},"url":"https:\/\/contrib.city\/index.php\/author\/bertrand\/"}]}},"jetpack_featured_media_url":"https:\/\/contrib.city\/wp-content\/uploads\/2020\/05\/Chevalier-dans-l\u2019ordre-des-Arts-et-des-Lettres-2009-e1588688434660.jpg","jetpack_sharing_enabled":true,"post_mailing_queue_ids":[],"_links":{"self":[{"href":"https:\/\/contrib.city\/index.php\/wp-json\/wp\/v2\/posts\/3531","targetHints":{"allow":["GET"]}}],"collection":[{"href":"https:\/\/contrib.city\/index.php\/wp-json\/wp\/v2\/posts"}],"about":[{"href":"https:\/\/contrib.city\/index.php\/wp-json\/wp\/v2\/types\/post"}],"author":[{"embeddable":true,"href":"https:\/\/contrib.city\/index.php\/wp-json\/wp\/v2\/users\/1"}],"replies":[{"embeddable":true,"href":"https:\/\/contrib.city\/index.php\/wp-json\/wp\/v2\/comments?post=3531"}],"version-history":[{"count":17,"href":"https:\/\/contrib.city\/index.php\/wp-json\/wp\/v2\/posts\/3531\/revisions"}],"predecessor-version":[{"id":5164,"href":"https:\/\/contrib.city\/index.php\/wp-json\/wp\/v2\/posts\/3531\/revisions\/5164"}],"wp:featuredmedia":[{"embeddable":true,"href":"https:\/\/contrib.city\/index.php\/wp-json\/wp\/v2\/media\/3543"}],"wp:attachment":[{"href":"https:\/\/contrib.city\/index.php\/wp-json\/wp\/v2\/media?parent=3531"}],"wp:term":[{"taxonomy":"category","embeddable":true,"href":"https:\/\/contrib.city\/index.php\/wp-json\/wp\/v2\/categories?post=3531"},{"taxonomy":"post_tag","embeddable":true,"href":"https:\/\/contrib.city\/index.php\/wp-json\/wp\/v2\/tags?post=3531"}],"curies":[{"name":"wp","href":"https:\/\/api.w.org\/{rel}","templated":true}]}}