{"id":3544,"date":"2020-05-05T16:43:52","date_gmt":"2020-05-05T14:43:52","guid":{"rendered":"https:\/\/contrib.city\/?p=3544"},"modified":"2020-06-07T20:47:45","modified_gmt":"2020-06-07T18:47:45","slug":"from-calcutta-to-paris-prithwindra-mukherjee-the-multi-dimensions-man","status":"publish","type":"post","link":"https:\/\/contrib.city\/index.php\/en\/2020\/05\/05\/from-calcutta-to-paris-prithwindra-mukherjee-the-multi-dimensions-man\/","title":{"rendered":"From Calcutta to Paris: Prithwindra Mukherjee, the Multi-Dimensions Man"},"content":{"rendered":"<p style=\"text-align: justify;\">Living in the French capital for more than half a century, Prithwindra kept my attention both by his intellectual capacity, through his reflection on the Indian independence movement from which G\u00e2ndhi originated, and by his musical and poetic sensitivity. In fact, in his youth, Prith set to music several Bengal poems and produced a <em>Thousand Years Anthology of Bengali Poetry<\/em>.<\/p>\n<p style=\"text-align: justify;\">After I contacted him, Prithwindra &#8211; the <em>Lord of the Earth<\/em> in Sanskrit &#8211; agreed that Contrib\u2019City would post a dialogue between the two of us. Because of the Coronavirus, we had to use modern communication tools. Despite these relational ersatz, we still managed to share our thoughts and our worldviews.<\/p>\n<p style=\"text-align: justify;\">So, I would like to thank Prithwindra very much for the honor he gives not only to the Contrib\u2019City site but also to all the readers of this testimony. Prith shares with us his view of our world with its medical suffering (Prithwindra suffered from polio), its wars or its conflicts. The latter, even liberating, are always atrocious: <em>The fable that the non-violent program of G\u00e2ndh\u00ee has earned India its independence &#8211; without ever having to shed a drop of blood &#8211; is far from reality<\/em> <span class=\"footnote_referrer\"><a role=\"button\" tabindex=\"0\" onclick=\"footnote_moveToReference_3544_1('footnote_plugin_reference_3544_1_1');\" onkeypress=\"footnote_moveToReference_3544_1('footnote_plugin_reference_3544_1_1');\" ><sup id=\"footnote_plugin_tooltip_3544_1_1\" class=\"footnote_plugin_tooltip_text\">[1]<\/sup><\/a><span id=\"footnote_plugin_tooltip_text_3544_1_1\" class=\"footnote_tooltip\">MUKHERJEE Prithwindra, <em>Les racines intellectuelles du mouvement d&#8217;ind\u00e9pendance de l&#8217;Inde<\/em> (<span lang=\"en\">The intellectual roots of the Indian independence movement) &#8211; <\/span>(1893-1918) &#8211; Lecture<\/span><\/span><script type=\"text\/javascript\"> jQuery('#footnote_plugin_tooltip_3544_1_1').tooltip({ tip: '#footnote_plugin_tooltip_text_3544_1_1', tipClass: 'footnote_tooltip', effect: 'fade', predelay: 0, fadeInSpeed: 200, delay: 400, fadeOutSpeed: 200, position: 'top right', relative: true, offset: [10, 10], });<\/script>. Prith also offers us the cultural riches of his country of origin and finally, last but not least, his philosophical and spiritual impulse drawn from the ashram (school) where his parents had put him. This school was founded by the independentist and poet Sri Aurobindo and his French companion, Blanche Rachel Mirra Alfassa, nicknamed <em>The Mother<\/em>, who was to found, in 1968, <em>Auroville<\/em>: an international pacifist community, north of Pondichery.<\/p>\n<p style=\"text-align: justify;\">In 1966, when arriving alone at Orly (Paris Airport), with just the <em>Divine Grace<\/em> to support him, having said goodbye to his maternal India, a little like Jacques Brel&#8217;s lovers in his song<span class=\"footnote_referrer\"><a role=\"button\" tabindex=\"0\" onclick=\"footnote_moveToReference_3544_1('footnote_plugin_reference_3544_1_2');\" onkeypress=\"footnote_moveToReference_3544_1('footnote_plugin_reference_3544_1_2');\" ><sup id=\"footnote_plugin_tooltip_3544_1_2\" class=\"footnote_plugin_tooltip_text\">[2]<\/sup><\/a><span id=\"footnote_plugin_tooltip_text_3544_1_2\" class=\"footnote_tooltip\">BREL Jacques, &#8220;Orly&#8221; in <em>Les Marquises<\/em>, Paris, Barclay, 1977. [Consulted on 4th May 2020], available at: <a href=\"https:\/\/www.youtube.com\/watch?v=Lq5iD-xV9wI\" target=\"_blank\" rel=\"noopener noreferrer\"><span class=\"footnote_url_wrap\">https:\/\/www.youtube.com\/watch?v=Lq5iD-xV9wI<\/span><\/a><\/span><\/span><script type=\"text\/javascript\"> jQuery('#footnote_plugin_tooltip_3544_1_2').tooltip({ tip: '#footnote_plugin_tooltip_text_3544_1_2', tipClass: 'footnote_tooltip', effect: 'fade', predelay: 0, fadeInSpeed: 200, delay: 400, fadeOutSpeed: 200, position: 'top right', relative: true, offset: [10, 10], });<\/script>, he continued on his way. Now on French soil, he was going <em>to [greet] every day a new experience that went in the direction of [his] quest<\/em>. A road that would cross that of many intellectuals and artists such as the sociologists Raymond Aron and Fran\u00e7ois Bourricauld, the historian Emmanuel Leroy-Ladurie, the composer Henri Dutilleux and the American singer Dawn Upshaw, the singers Georges Brassens (his neighbor in Paris) and the Belgian Jacques Brel, the director Nicolas Bataille, the economist Jacques Attali or even the Pope (and jurist) Paul VI.<\/p>\n<p style=\"text-align: justify;\">What caught my attention at Prithwindra is its multi-dimensionality: a life that is both local (Calcutta, Pondich\u00e9ry, Paris), continental (his travels in the Indian subcontinent) and finally global (Asia, Europe and America).<\/p>\n<p style=\"text-align: justify;\">The historical dimension in Prith surprised me: through songs in Sanskrit (the mother of almost all European languages), then his learning from <em>The Mother<\/em> in the ashram, the revolutionary Indian poems and finally the twentieth century French writers.<\/p>\n<p style=\"text-align: justify;\">But I believe that what moved me, in Prithwindra, beyond its multi-dimensionality, is its fidelity to what carries him deep inside, a force which sublimates its handicap, the geographic and historical distances, like the British scientist Stephen Hawking who was both paralytic and speaking about the cosmos. As Prith simply explains: <em>There are no coincidences in life<\/em>.<\/p>\n<p style=\"text-align: justify;\">In the next few articles, dear Contrib\u2019Citizen, you will be able to discover a little more about this force that has moved Prith along his way.<\/p>\n<p style=\"text-align: justify;\"><em>(Cover photo, 2009: Prithwindra is declared a French Knight in the Order of Arts and Letters. Courtesy of Prith).<\/em><\/p>\n<p>[scu name=&#8221;map&#8221;]<\/p>\n<div class=\"speaker-mute footnotes_reference_container\"> <div class=\"footnote_container_prepare\"><p><span role=\"button\" tabindex=\"0\" class=\"footnote_reference_container_label pointer\" onclick=\"footnote_expand_collapse_reference_container_3544_1();\">R\u00e9f\u00e9rences<\/span><span role=\"button\" tabindex=\"0\" class=\"footnote_reference_container_collapse_button\" style=\"\" onclick=\"footnote_expand_collapse_reference_container_3544_1();\">[<a id=\"footnote_reference_container_collapse_button_3544_1\">+<\/a>]<\/span><\/p><\/div> <div id=\"footnote_references_container_3544_1\" style=\"display: none;\"><table class=\"footnotes_table footnote-reference-container\"><caption class=\"accessibility\">R\u00e9f\u00e9rences<\/caption> <tbody> \r\n\r\n<tr class=\"footnotes_plugin_reference_row\"> <th scope=\"row\" class=\"footnote_plugin_index_combi pointer\"  onclick=\"footnote_moveToAnchor_3544_1('footnote_plugin_tooltip_3544_1_1');\"><a id=\"footnote_plugin_reference_3544_1_1\" class=\"footnote_backlink\"><span class=\"footnote_index_arrow\">&#8593;<\/span>1<\/a><\/th> <td class=\"footnote_plugin_text\">MUKHERJEE Prithwindra, <em>Les racines intellectuelles du mouvement d&#8217;ind\u00e9pendance de l&#8217;Inde<\/em> (<span lang=\"en\">The intellectual roots of the Indian independence movement) &#8211; <\/span>(1893-1918) &#8211; Lecture<\/td><\/tr>\r\n\r\n<tr class=\"footnotes_plugin_reference_row\"> <th scope=\"row\" class=\"footnote_plugin_index_combi pointer\"  onclick=\"footnote_moveToAnchor_3544_1('footnote_plugin_tooltip_3544_1_2');\"><a id=\"footnote_plugin_reference_3544_1_2\" class=\"footnote_backlink\"><span class=\"footnote_index_arrow\">&#8593;<\/span>2<\/a><\/th> <td class=\"footnote_plugin_text\">BREL Jacques, &#8220;Orly&#8221; in <em>Les Marquises<\/em>, Paris, Barclay, 1977. [Consulted on 4th May 2020], available at: <a href=\"https:\/\/www.youtube.com\/watch?v=Lq5iD-xV9wI\" target=\"_blank\" rel=\"noopener noreferrer\"><span class=\"footnote_url_wrap\">https:\/\/www.youtube.com\/watch?v=Lq5iD-xV9wI<\/span><\/a><\/td><\/tr>\r\n\r\n <\/tbody> <\/table> <\/div><\/div><script type=\"text\/javascript\"> function footnote_expand_reference_container_3544_1() { jQuery('#footnote_references_container_3544_1').show(); jQuery('#footnote_reference_container_collapse_button_3544_1').text('\u2212'); } function footnote_collapse_reference_container_3544_1() { jQuery('#footnote_references_container_3544_1').hide(); jQuery('#footnote_reference_container_collapse_button_3544_1').text('+'); } function footnote_expand_collapse_reference_container_3544_1() { if (jQuery('#footnote_references_container_3544_1').is(':hidden')) { footnote_expand_reference_container_3544_1(); } else { footnote_collapse_reference_container_3544_1(); } } function footnote_moveToReference_3544_1(p_str_TargetID) { footnote_expand_reference_container_3544_1(); var l_obj_Target = jQuery('#' + p_str_TargetID); if (l_obj_Target.length) { jQuery( 'html, body' ).delay( 0 ); jQuery('html, body').animate({ scrollTop: l_obj_Target.offset().top - window.innerHeight * 0.2 }, 380); } } function footnote_moveToAnchor_3544_1(p_str_TargetID) { footnote_expand_reference_container_3544_1(); var l_obj_Target = jQuery('#' + p_str_TargetID); if (l_obj_Target.length) { jQuery( 'html, body' ).delay( 0 ); jQuery('html, body').animate({ scrollTop: l_obj_Target.offset().top - window.innerHeight * 0.2 }, 380); } }<\/script>","protected":false},"excerpt":{"rendered":"<p>Living in the French capital for more than half a century, Prithwindra kept my attention both by his intellectual capacity,<\/p>\n","protected":false},"author":1,"featured_media":3543,"comment_status":"open","ping_status":"open","sticky":false,"template":"","format":"standard","meta":{"_acf_changed":false,"inline_featured_image":false,"_exactmetrics_skip_tracking":false,"_exactmetrics_sitenote_active":false,"_exactmetrics_sitenote_note":"","_exactmetrics_sitenote_category":0,"ngg_post_thumbnail":0,"_jetpack_memberships_contains_paid_content":false,"footnotes":""},"categories":[593,34,45],"tags":[],"class_list":["post-3544","post","type-post","status-publish","format-standard","has-post-thumbnail","hentry","category-arts-shows","category-education_en","category-poesie-des-territoires_en"],"acf":[],"yoast_head":"<!-- This site is optimized with the Yoast SEO plugin v27.2 - https:\/\/yoast.com\/product\/yoast-seo-wordpress\/ -->\n<title>From Calcutta to Paris: Prithwindra Mukherjee, the Multi-Dimensions Man - ContribCity<\/title>\n<meta name=\"robots\" content=\"index, follow, max-snippet:-1, max-image-preview:large, max-video-preview:-1\" \/>\n<link rel=\"canonical\" href=\"https:\/\/contrib.city\/index.php\/en\/2020\/05\/05\/from-calcutta-to-paris-prithwindra-mukherjee-the-multi-dimensions-man\/\" \/>\n<meta property=\"og:locale\" content=\"fr_FR\" \/>\n<meta property=\"og:type\" content=\"article\" \/>\n<meta property=\"og:title\" content=\"From Calcutta to Paris: Prithwindra Mukherjee, the Multi-Dimensions Man - ContribCity\" \/>\n<meta property=\"og:description\" content=\"Living in the French capital for more than half a century, Prithwindra kept my attention both by his intellectual capacity,\" \/>\n<meta property=\"og:url\" content=\"https:\/\/contrib.city\/index.php\/en\/2020\/05\/05\/from-calcutta-to-paris-prithwindra-mukherjee-the-multi-dimensions-man\/\" \/>\n<meta property=\"og:site_name\" content=\"ContribCity\" \/>\n<meta property=\"article:published_time\" content=\"2020-05-05T14:43:52+00:00\" \/>\n<meta property=\"article:modified_time\" content=\"2020-06-07T18:47:45+00:00\" \/>\n<meta property=\"og:image\" content=\"https:\/\/contrib.city\/wp-content\/uploads\/2020\/05\/Chevalier-dans-l\u2019ordre-des-Arts-et-des-Lettres-2009-e1588688434660.jpg\" \/>\n\t<meta property=\"og:image:width\" content=\"719\" \/>\n\t<meta property=\"og:image:height\" content=\"482\" \/>\n\t<meta property=\"og:image:type\" content=\"image\/jpeg\" \/>\n<meta name=\"author\" content=\"Bertrand de Foucauld\" \/>\n<meta name=\"twitter:card\" content=\"summary_large_image\" \/>\n<meta name=\"twitter:label1\" content=\"\u00c9crit par\" \/>\n\t<meta name=\"twitter:data1\" content=\"Bertrand de Foucauld\" \/>\n\t<meta name=\"twitter:label2\" content=\"Dur\u00e9e de lecture estim\u00e9e\" \/>\n\t<meta name=\"twitter:data2\" content=\"3 minutes\" \/>\n<script type=\"application\/ld+json\" class=\"yoast-schema-graph\">{\"@context\":\"https:\/\/schema.org\",\"@graph\":[{\"@type\":\"Article\",\"@id\":\"https:\/\/contrib.city\/index.php\/en\/2020\/05\/05\/from-calcutta-to-paris-prithwindra-mukherjee-the-multi-dimensions-man\/#article\",\"isPartOf\":{\"@id\":\"https:\/\/contrib.city\/index.php\/en\/2020\/05\/05\/from-calcutta-to-paris-prithwindra-mukherjee-the-multi-dimensions-man\/\"},\"author\":{\"name\":\"Bertrand de Foucauld\",\"@id\":\"https:\/\/contrib.city\/#\/schema\/person\/ec389c5a78a37ccaee4e8ce098099db5\"},\"headline\":\"From Calcutta to Paris: Prithwindra Mukherjee, the Multi-Dimensions Man\",\"datePublished\":\"2020-05-05T14:43:52+00:00\",\"dateModified\":\"2020-06-07T18:47:45+00:00\",\"mainEntityOfPage\":{\"@id\":\"https:\/\/contrib.city\/index.php\/en\/2020\/05\/05\/from-calcutta-to-paris-prithwindra-mukherjee-the-multi-dimensions-man\/\"},\"wordCount\":627,\"commentCount\":0,\"publisher\":{\"@id\":\"https:\/\/contrib.city\/#organization\"},\"image\":{\"@id\":\"https:\/\/contrib.city\/index.php\/en\/2020\/05\/05\/from-calcutta-to-paris-prithwindra-mukherjee-the-multi-dimensions-man\/#primaryimage\"},\"thumbnailUrl\":\"https:\/\/contrib.city\/wp-content\/uploads\/2020\/05\/Chevalier-dans-l\u2019ordre-des-Arts-et-des-Lettres-2009-e1588688434660.jpg\",\"articleSection\":[\"Arts\/Shows\",\"Education\",\"Territories Poetry\"],\"inLanguage\":\"fr-FR\",\"potentialAction\":[{\"@type\":\"CommentAction\",\"name\":\"Comment\",\"target\":[\"https:\/\/contrib.city\/index.php\/en\/2020\/05\/05\/from-calcutta-to-paris-prithwindra-mukherjee-the-multi-dimensions-man\/#respond\"]}]},{\"@type\":\"WebPage\",\"@id\":\"https:\/\/contrib.city\/index.php\/en\/2020\/05\/05\/from-calcutta-to-paris-prithwindra-mukherjee-the-multi-dimensions-man\/\",\"url\":\"https:\/\/contrib.city\/index.php\/en\/2020\/05\/05\/from-calcutta-to-paris-prithwindra-mukherjee-the-multi-dimensions-man\/\",\"name\":\"From Calcutta to Paris: Prithwindra Mukherjee, the Multi-Dimensions Man - ContribCity\",\"isPartOf\":{\"@id\":\"https:\/\/contrib.city\/#website\"},\"primaryImageOfPage\":{\"@id\":\"https:\/\/contrib.city\/index.php\/en\/2020\/05\/05\/from-calcutta-to-paris-prithwindra-mukherjee-the-multi-dimensions-man\/#primaryimage\"},\"image\":{\"@id\":\"https:\/\/contrib.city\/index.php\/en\/2020\/05\/05\/from-calcutta-to-paris-prithwindra-mukherjee-the-multi-dimensions-man\/#primaryimage\"},\"thumbnailUrl\":\"https:\/\/contrib.city\/wp-content\/uploads\/2020\/05\/Chevalier-dans-l\u2019ordre-des-Arts-et-des-Lettres-2009-e1588688434660.jpg\",\"datePublished\":\"2020-05-05T14:43:52+00:00\",\"dateModified\":\"2020-06-07T18:47:45+00:00\",\"breadcrumb\":{\"@id\":\"https:\/\/contrib.city\/index.php\/en\/2020\/05\/05\/from-calcutta-to-paris-prithwindra-mukherjee-the-multi-dimensions-man\/#breadcrumb\"},\"inLanguage\":\"fr-FR\",\"potentialAction\":[{\"@type\":\"ReadAction\",\"target\":[\"https:\/\/contrib.city\/index.php\/en\/2020\/05\/05\/from-calcutta-to-paris-prithwindra-mukherjee-the-multi-dimensions-man\/\"]}]},{\"@type\":\"ImageObject\",\"inLanguage\":\"fr-FR\",\"@id\":\"https:\/\/contrib.city\/index.php\/en\/2020\/05\/05\/from-calcutta-to-paris-prithwindra-mukherjee-the-multi-dimensions-man\/#primaryimage\",\"url\":\"https:\/\/contrib.city\/wp-content\/uploads\/2020\/05\/Chevalier-dans-l\u2019ordre-des-Arts-et-des-Lettres-2009-e1588688434660.jpg\",\"contentUrl\":\"https:\/\/contrib.city\/wp-content\/uploads\/2020\/05\/Chevalier-dans-l\u2019ordre-des-Arts-et-des-Lettres-2009-e1588688434660.jpg\",\"width\":719,\"height\":482},{\"@type\":\"BreadcrumbList\",\"@id\":\"https:\/\/contrib.city\/index.php\/en\/2020\/05\/05\/from-calcutta-to-paris-prithwindra-mukherjee-the-multi-dimensions-man\/#breadcrumb\",\"itemListElement\":[{\"@type\":\"ListItem\",\"position\":1,\"name\":\"Home\",\"item\":\"https:\/\/contrib.city\/\"},{\"@type\":\"ListItem\",\"position\":2,\"name\":\"From Calcutta to Paris: Prithwindra Mukherjee, the Multi-Dimensions Man\"}]},{\"@type\":\"WebSite\",\"@id\":\"https:\/\/contrib.city\/#website\",\"url\":\"https:\/\/contrib.city\/\",\"name\":\"ContribCity\",\"description\":\"Parlons de nos lieux de vie\",\"publisher\":{\"@id\":\"https:\/\/contrib.city\/#organization\"},\"potentialAction\":[{\"@type\":\"SearchAction\",\"target\":{\"@type\":\"EntryPoint\",\"urlTemplate\":\"https:\/\/contrib.city\/?s={search_term_string}\"},\"query-input\":{\"@type\":\"PropertyValueSpecification\",\"valueRequired\":true,\"valueName\":\"search_term_string\"}}],\"inLanguage\":\"fr-FR\"},{\"@type\":\"Organization\",\"@id\":\"https:\/\/contrib.city\/#organization\",\"name\":\"ContribCity\",\"url\":\"https:\/\/contrib.city\/\",\"logo\":{\"@type\":\"ImageObject\",\"inLanguage\":\"fr-FR\",\"@id\":\"https:\/\/contrib.city\/#\/schema\/logo\/image\/\",\"url\":\"https:\/\/contrib.city\/wp-content\/uploads\/2020\/01\/cropped-Parlons-de-nos-lieux-de-vie-2.jpg\",\"contentUrl\":\"https:\/\/contrib.city\/wp-content\/uploads\/2020\/01\/cropped-Parlons-de-nos-lieux-de-vie-2.jpg\",\"width\":1133,\"height\":218,\"caption\":\"ContribCity\"},\"image\":{\"@id\":\"https:\/\/contrib.city\/#\/schema\/logo\/image\/\"}},{\"@type\":\"Person\",\"@id\":\"https:\/\/contrib.city\/#\/schema\/person\/ec389c5a78a37ccaee4e8ce098099db5\",\"name\":\"Bertrand de Foucauld\",\"image\":{\"@type\":\"ImageObject\",\"inLanguage\":\"fr-FR\",\"@id\":\"https:\/\/secure.gravatar.com\/avatar\/c49e25550e4609092f7a00fb677a980813788778df987b36cad9b0fc85a8bf73?s=96&d=mm&r=g\",\"url\":\"https:\/\/secure.gravatar.com\/avatar\/c49e25550e4609092f7a00fb677a980813788778df987b36cad9b0fc85a8bf73?s=96&d=mm&r=g\",\"contentUrl\":\"https:\/\/secure.gravatar.com\/avatar\/c49e25550e4609092f7a00fb677a980813788778df987b36cad9b0fc85a8bf73?s=96&d=mm&r=g\",\"caption\":\"Bertrand de Foucauld\"},\"url\":\"https:\/\/contrib.city\/index.php\/author\/bertrand\/\"}]}<\/script>\n<!-- \/ Yoast SEO plugin. -->","yoast_head_json":{"title":"From Calcutta to Paris: Prithwindra Mukherjee, the Multi-Dimensions Man - ContribCity","robots":{"index":"index","follow":"follow","max-snippet":"max-snippet:-1","max-image-preview":"max-image-preview:large","max-video-preview":"max-video-preview:-1"},"canonical":"https:\/\/contrib.city\/index.php\/en\/2020\/05\/05\/from-calcutta-to-paris-prithwindra-mukherjee-the-multi-dimensions-man\/","og_locale":"fr_FR","og_type":"article","og_title":"From Calcutta to Paris: Prithwindra Mukherjee, the Multi-Dimensions Man - ContribCity","og_description":"Living in the French capital for more than half a century, Prithwindra kept my attention both by his intellectual capacity,","og_url":"https:\/\/contrib.city\/index.php\/en\/2020\/05\/05\/from-calcutta-to-paris-prithwindra-mukherjee-the-multi-dimensions-man\/","og_site_name":"ContribCity","article_published_time":"2020-05-05T14:43:52+00:00","article_modified_time":"2020-06-07T18:47:45+00:00","og_image":[{"width":719,"height":482,"url":"https:\/\/contrib.city\/wp-content\/uploads\/2020\/05\/Chevalier-dans-l\u2019ordre-des-Arts-et-des-Lettres-2009-e1588688434660.jpg","type":"image\/jpeg"}],"author":"Bertrand de Foucauld","twitter_card":"summary_large_image","twitter_misc":{"\u00c9crit par":"Bertrand de Foucauld","Dur\u00e9e de lecture estim\u00e9e":"3 minutes"},"schema":{"@context":"https:\/\/schema.org","@graph":[{"@type":"Article","@id":"https:\/\/contrib.city\/index.php\/en\/2020\/05\/05\/from-calcutta-to-paris-prithwindra-mukherjee-the-multi-dimensions-man\/#article","isPartOf":{"@id":"https:\/\/contrib.city\/index.php\/en\/2020\/05\/05\/from-calcutta-to-paris-prithwindra-mukherjee-the-multi-dimensions-man\/"},"author":{"name":"Bertrand de Foucauld","@id":"https:\/\/contrib.city\/#\/schema\/person\/ec389c5a78a37ccaee4e8ce098099db5"},"headline":"From Calcutta to Paris: Prithwindra Mukherjee, the Multi-Dimensions Man","datePublished":"2020-05-05T14:43:52+00:00","dateModified":"2020-06-07T18:47:45+00:00","mainEntityOfPage":{"@id":"https:\/\/contrib.city\/index.php\/en\/2020\/05\/05\/from-calcutta-to-paris-prithwindra-mukherjee-the-multi-dimensions-man\/"},"wordCount":627,"commentCount":0,"publisher":{"@id":"https:\/\/contrib.city\/#organization"},"image":{"@id":"https:\/\/contrib.city\/index.php\/en\/2020\/05\/05\/from-calcutta-to-paris-prithwindra-mukherjee-the-multi-dimensions-man\/#primaryimage"},"thumbnailUrl":"https:\/\/contrib.city\/wp-content\/uploads\/2020\/05\/Chevalier-dans-l\u2019ordre-des-Arts-et-des-Lettres-2009-e1588688434660.jpg","articleSection":["Arts\/Shows","Education","Territories Poetry"],"inLanguage":"fr-FR","potentialAction":[{"@type":"CommentAction","name":"Comment","target":["https:\/\/contrib.city\/index.php\/en\/2020\/05\/05\/from-calcutta-to-paris-prithwindra-mukherjee-the-multi-dimensions-man\/#respond"]}]},{"@type":"WebPage","@id":"https:\/\/contrib.city\/index.php\/en\/2020\/05\/05\/from-calcutta-to-paris-prithwindra-mukherjee-the-multi-dimensions-man\/","url":"https:\/\/contrib.city\/index.php\/en\/2020\/05\/05\/from-calcutta-to-paris-prithwindra-mukherjee-the-multi-dimensions-man\/","name":"From Calcutta to Paris: Prithwindra Mukherjee, the Multi-Dimensions Man - ContribCity","isPartOf":{"@id":"https:\/\/contrib.city\/#website"},"primaryImageOfPage":{"@id":"https:\/\/contrib.city\/index.php\/en\/2020\/05\/05\/from-calcutta-to-paris-prithwindra-mukherjee-the-multi-dimensions-man\/#primaryimage"},"image":{"@id":"https:\/\/contrib.city\/index.php\/en\/2020\/05\/05\/from-calcutta-to-paris-prithwindra-mukherjee-the-multi-dimensions-man\/#primaryimage"},"thumbnailUrl":"https:\/\/contrib.city\/wp-content\/uploads\/2020\/05\/Chevalier-dans-l\u2019ordre-des-Arts-et-des-Lettres-2009-e1588688434660.jpg","datePublished":"2020-05-05T14:43:52+00:00","dateModified":"2020-06-07T18:47:45+00:00","breadcrumb":{"@id":"https:\/\/contrib.city\/index.php\/en\/2020\/05\/05\/from-calcutta-to-paris-prithwindra-mukherjee-the-multi-dimensions-man\/#breadcrumb"},"inLanguage":"fr-FR","potentialAction":[{"@type":"ReadAction","target":["https:\/\/contrib.city\/index.php\/en\/2020\/05\/05\/from-calcutta-to-paris-prithwindra-mukherjee-the-multi-dimensions-man\/"]}]},{"@type":"ImageObject","inLanguage":"fr-FR","@id":"https:\/\/contrib.city\/index.php\/en\/2020\/05\/05\/from-calcutta-to-paris-prithwindra-mukherjee-the-multi-dimensions-man\/#primaryimage","url":"https:\/\/contrib.city\/wp-content\/uploads\/2020\/05\/Chevalier-dans-l\u2019ordre-des-Arts-et-des-Lettres-2009-e1588688434660.jpg","contentUrl":"https:\/\/contrib.city\/wp-content\/uploads\/2020\/05\/Chevalier-dans-l\u2019ordre-des-Arts-et-des-Lettres-2009-e1588688434660.jpg","width":719,"height":482},{"@type":"BreadcrumbList","@id":"https:\/\/contrib.city\/index.php\/en\/2020\/05\/05\/from-calcutta-to-paris-prithwindra-mukherjee-the-multi-dimensions-man\/#breadcrumb","itemListElement":[{"@type":"ListItem","position":1,"name":"Home","item":"https:\/\/contrib.city\/"},{"@type":"ListItem","position":2,"name":"From Calcutta to Paris: Prithwindra Mukherjee, the Multi-Dimensions Man"}]},{"@type":"WebSite","@id":"https:\/\/contrib.city\/#website","url":"https:\/\/contrib.city\/","name":"ContribCity","description":"Parlons de nos lieux de vie","publisher":{"@id":"https:\/\/contrib.city\/#organization"},"potentialAction":[{"@type":"SearchAction","target":{"@type":"EntryPoint","urlTemplate":"https:\/\/contrib.city\/?s={search_term_string}"},"query-input":{"@type":"PropertyValueSpecification","valueRequired":true,"valueName":"search_term_string"}}],"inLanguage":"fr-FR"},{"@type":"Organization","@id":"https:\/\/contrib.city\/#organization","name":"ContribCity","url":"https:\/\/contrib.city\/","logo":{"@type":"ImageObject","inLanguage":"fr-FR","@id":"https:\/\/contrib.city\/#\/schema\/logo\/image\/","url":"https:\/\/contrib.city\/wp-content\/uploads\/2020\/01\/cropped-Parlons-de-nos-lieux-de-vie-2.jpg","contentUrl":"https:\/\/contrib.city\/wp-content\/uploads\/2020\/01\/cropped-Parlons-de-nos-lieux-de-vie-2.jpg","width":1133,"height":218,"caption":"ContribCity"},"image":{"@id":"https:\/\/contrib.city\/#\/schema\/logo\/image\/"}},{"@type":"Person","@id":"https:\/\/contrib.city\/#\/schema\/person\/ec389c5a78a37ccaee4e8ce098099db5","name":"Bertrand de Foucauld","image":{"@type":"ImageObject","inLanguage":"fr-FR","@id":"https:\/\/secure.gravatar.com\/avatar\/c49e25550e4609092f7a00fb677a980813788778df987b36cad9b0fc85a8bf73?s=96&d=mm&r=g","url":"https:\/\/secure.gravatar.com\/avatar\/c49e25550e4609092f7a00fb677a980813788778df987b36cad9b0fc85a8bf73?s=96&d=mm&r=g","contentUrl":"https:\/\/secure.gravatar.com\/avatar\/c49e25550e4609092f7a00fb677a980813788778df987b36cad9b0fc85a8bf73?s=96&d=mm&r=g","caption":"Bertrand de Foucauld"},"url":"https:\/\/contrib.city\/index.php\/author\/bertrand\/"}]}},"jetpack_featured_media_url":"https:\/\/contrib.city\/wp-content\/uploads\/2020\/05\/Chevalier-dans-l\u2019ordre-des-Arts-et-des-Lettres-2009-e1588688434660.jpg","jetpack_sharing_enabled":true,"post_mailing_queue_ids":[],"_links":{"self":[{"href":"https:\/\/contrib.city\/index.php\/wp-json\/wp\/v2\/posts\/3544","targetHints":{"allow":["GET"]}}],"collection":[{"href":"https:\/\/contrib.city\/index.php\/wp-json\/wp\/v2\/posts"}],"about":[{"href":"https:\/\/contrib.city\/index.php\/wp-json\/wp\/v2\/types\/post"}],"author":[{"embeddable":true,"href":"https:\/\/contrib.city\/index.php\/wp-json\/wp\/v2\/users\/1"}],"replies":[{"embeddable":true,"href":"https:\/\/contrib.city\/index.php\/wp-json\/wp\/v2\/comments?post=3544"}],"version-history":[{"count":9,"href":"https:\/\/contrib.city\/index.php\/wp-json\/wp\/v2\/posts\/3544\/revisions"}],"predecessor-version":[{"id":5165,"href":"https:\/\/contrib.city\/index.php\/wp-json\/wp\/v2\/posts\/3544\/revisions\/5165"}],"wp:featuredmedia":[{"embeddable":true,"href":"https:\/\/contrib.city\/index.php\/wp-json\/wp\/v2\/media\/3543"}],"wp:attachment":[{"href":"https:\/\/contrib.city\/index.php\/wp-json\/wp\/v2\/media?parent=3544"}],"wp:term":[{"taxonomy":"category","embeddable":true,"href":"https:\/\/contrib.city\/index.php\/wp-json\/wp\/v2\/categories?post=3544"},{"taxonomy":"post_tag","embeddable":true,"href":"https:\/\/contrib.city\/index.php\/wp-json\/wp\/v2\/tags?post=3544"}],"curies":[{"name":"wp","href":"https:\/\/api.w.org\/{rel}","templated":true}]}}