{"id":3594,"date":"2020-05-07T15:38:13","date_gmt":"2020-05-07T13:38:13","guid":{"rendered":"https:\/\/contrib.city\/?p=3594"},"modified":"2020-06-07T20:53:00","modified_gmt":"2020-06-07T18:53:00","slug":"3594","status":"publish","type":"post","link":"https:\/\/contrib.city\/index.php\/en\/2020\/05\/07\/3594\/","title":{"rendered":"Dialogue with Prithwindra MUKHERJEE &#8211; Childhood"},"content":{"rendered":"<p style=\"text-align: justify;\"><em>Bertrand de Foucauld: <\/em><strong>&#8220;Prithwindra, you were born in Calculta in 1936. At what age did your parents put you in the Sri Aurobindo ashram in Pondicherry?&#8221;<\/strong><\/p>\n<p style=\"text-align: justify;\"><em>Prithwindra Mukherjee:<\/em> &#8220;First observation: it was not our parents who &#8220;put&#8221; us in the ashram. My father Tejendra was the eldest son of the famous revolutionary Jatindra N\u00e2th Mukherjee, the first deputy of Sri Aurobindo, author of the armed struggle to liberate India. Throughout his journey, Tejendra had maintained contact with the Chef, who had become the Sage of Pondicherry. Invited by Sri Aurobindo in 1947, Tejendra &#8211; along with his wife Ush\u00e2 R\u00e2ni &#8211; celebrated August 15th in Pondicherry: the 75th anniversary of the birth of Sri Aurobindo would now also celebrate India\u2019s independence day. When I got back to Calcutta, my parents had only one goal: to let us know about this ashram, this corner of paradise on Earth. Welcomed by Sri Aurobindo and the Mother during our visit a year later, we found our real home there. Rothin was thirteen (born February 1934); me, eleven (born October 1936); Togo (native of December 1937).<\/p>\n<p style=\"text-align: justify;\">In Calcutta, glad we had been under our roof, surrounded by the love of our parents and cousins. However, unbeknownst to us, we were bruised by an increasingly harsh socio-political life: V2s crossing the sky; the artificial famine created by Winston Churchill following the Great War; pogrom launched by the Muslim League &#8211; in power in Bengal reunified by decree of 1911 &#8211; against the defenseless Hindu community; mass flight to Calcutta of Hindu refugees chased in East Bengal which became the eastern wing of the new state of Pakistan; assassination of G\u00e2ndhi. On the family level, death of Vinodeb\u00e2l\u00e2 D\u00e9vi, the beloved aunt of Tejendra (we called her <em>Bordi<\/em>), precious as a witness and living memory of the spiritual quest of her brother Jatindra; untimely death of Mishti &#8211; &#8220;Softness&#8221; -, our little sister; the ruthless ravage of the polio virus on my lower limbs: I was five years old. My parents had found their consolation with Sri Aurobindo and the Mother<span class=\"footnote_referrer\"><a role=\"button\" tabindex=\"0\" onclick=\"footnote_moveToReference_3594_1('footnote_plugin_reference_3594_1_1');\" onkeypress=\"footnote_moveToReference_3594_1('footnote_plugin_reference_3594_1_1');\" ><sup id=\"footnote_plugin_tooltip_3594_1_1\" class=\"footnote_plugin_tooltip_text\">[1]<\/sup><\/a><span id=\"footnote_plugin_tooltip_text_3594_1_1\" class=\"footnote_tooltip\">Sri Aurobindo&#8217;s French companion, Blanche Rachel Mirra Alfassa, nicknamed <em>The Mother<\/em>, who was to found, in 1968, <em>Auroville<\/em>: an international pacifist community, North of Pondichery. Cf: <em>From Calcutta to Paris: Prithwindra Mukherjee, the Multi-Dimensions Man<\/em>, 5th May 2020. Available at: <a href=\"https:\/\/contrib.city\/index.php\/2020\/05\/05\/de-calcutta-a-paris-prithwindra-mukherjee-lhomme-aux-multiples-dimensions\/?highlight=M%C3%A8re\" target=\"_blank\" rel=\"noopener noreferrer\"><span class=\"footnote_url_wrap\">https:\/\/contrib.city\/index.php\/2020\/05\/05\/de-calcutta-a-paris-prithwindra-mukherjee-lhomme-aux-multiples-dimensions\/?highlight=M%C3%A8re<\/span><\/a><\/span><\/span><script type=\"text\/javascript\"> jQuery('#footnote_plugin_tooltip_3594_1_1').tooltip({ tip: '#footnote_plugin_tooltip_text_3594_1_1', tipClass: 'footnote_tooltip', effect: 'fade', predelay: 0, fadeInSpeed: 200, delay: 400, fadeOutSpeed: 200, position: 'top right', relative: true, offset: [10, 10], });<\/script>.<\/p>\n<p style=\"text-align: justify;\">Calcutta had been Jatindra\u2019s field of action and achievement. Housed in the district of Chitpur, with his uncle, a well-known doctor of residents of North Calcutta, enrolled at the University, at the Central College of the North, Jatindra was only eighteen years old when he met Sw\u00e2mi Viv\u00e9k\u00e2nanda , the monk who guided the future of a subjugated people, a people who sought to liberate themselves. Since the end of the 18th century, under the influence of R\u00e2mmohun Roy, a wind of renewal has been blowing in this micro-climate of North Calcutta. When we went to a southern district, we used to condescendly announce: &#8220;I&#8217;m going to Bhavanipur! &#8220;<\/p>\n<p style=\"text-align: justify;\">Child of rural Bengal, Jatindra had never forgotten his country of origin: native of the village of Koy\u00e2 in Nadi\u00e2, where the ancestors of his mother Sharat Shashi were landowners who also managed the property of the Tagore in Silidah, near Kushtia , territory of Bangladesh since 1971. Less than a hundred kilometers from Koya, lived Umesh Chandra, the father of Jatindra. This scholar in Sanskrit letters was known for his three loves: his land at S\u00e2dhuh\u00e2ti Rishkh\u00e2li, in Jessore, also located in Bangladesh today; his horses; his books. After the heroic death of Jatindra &#8211; which we will talk about later &#8211; despite having confiscated all of his property, the colonial government had inadvertently left some plots of land: just as the exploitation of some of them brought still a little rent to his family, others were usurped by neighbors who liked litigation and who, having to attend the trials, seemed to know only our address in Calcutta for hospitality. Before going to Pondicherry, we already belonged to three territories: South Calcutta (Ballyganj Place, where my father had built our house), North Calcutta (where members of Jatindra&#8217;s maternal family still lived); our ancestral village.<\/p>\n<p style=\"text-align: justify;\">To come back to the question of our &#8220;setting in the ashram&#8221;, I remember the enthusiasm that had taken hold of us, the three brothers, since our meeting with the Mother and since we had seen Sri Aurobindo. We wanted to be part of this experience with freedom. We were only asked to live this life in joy. Joy, there was at every moment.&#8221;<\/p>\n<p>[scu name=&#8221;map&#8221;]<\/p>\n<p>&nbsp;<\/p>\n<div class=\"speaker-mute footnotes_reference_container\"> <div class=\"footnote_container_prepare\"><p><span role=\"button\" tabindex=\"0\" class=\"footnote_reference_container_label pointer\" onclick=\"footnote_expand_collapse_reference_container_3594_1();\">R\u00e9f\u00e9rences<\/span><span role=\"button\" tabindex=\"0\" class=\"footnote_reference_container_collapse_button\" style=\"\" onclick=\"footnote_expand_collapse_reference_container_3594_1();\">[<a id=\"footnote_reference_container_collapse_button_3594_1\">+<\/a>]<\/span><\/p><\/div> <div id=\"footnote_references_container_3594_1\" style=\"display: none;\"><table class=\"footnotes_table footnote-reference-container\"><caption class=\"accessibility\">R\u00e9f\u00e9rences<\/caption> <tbody> \r\n\r\n<tr class=\"footnotes_plugin_reference_row\"> <th scope=\"row\" class=\"footnote_plugin_index_combi pointer\"  onclick=\"footnote_moveToAnchor_3594_1('footnote_plugin_tooltip_3594_1_1');\"><a id=\"footnote_plugin_reference_3594_1_1\" class=\"footnote_backlink\"><span class=\"footnote_index_arrow\">&#8593;<\/span>1<\/a><\/th> <td class=\"footnote_plugin_text\">Sri Aurobindo&#8217;s French companion, Blanche Rachel Mirra Alfassa, nicknamed <em>The Mother<\/em>, who was to found, in 1968, <em>Auroville<\/em>: an international pacifist community, North of Pondichery. Cf: <em>From Calcutta to Paris: Prithwindra Mukherjee, the Multi-Dimensions Man<\/em>, 5th May 2020. Available at: <a href=\"https:\/\/contrib.city\/index.php\/2020\/05\/05\/de-calcutta-a-paris-prithwindra-mukherjee-lhomme-aux-multiples-dimensions\/?highlight=M%C3%A8re\" target=\"_blank\" rel=\"noopener noreferrer\"><span class=\"footnote_url_wrap\">https:\/\/contrib.city\/index.php\/2020\/05\/05\/de-calcutta-a-paris-prithwindra-mukherjee-lhomme-aux-multiples-dimensions\/?highlight=M%C3%A8re<\/span><\/a><\/td><\/tr>\r\n\r\n <\/tbody> <\/table> <\/div><\/div><script type=\"text\/javascript\"> function footnote_expand_reference_container_3594_1() { jQuery('#footnote_references_container_3594_1').show(); jQuery('#footnote_reference_container_collapse_button_3594_1').text('\u2212'); } function footnote_collapse_reference_container_3594_1() { jQuery('#footnote_references_container_3594_1').hide(); jQuery('#footnote_reference_container_collapse_button_3594_1').text('+'); } function footnote_expand_collapse_reference_container_3594_1() { if (jQuery('#footnote_references_container_3594_1').is(':hidden')) { footnote_expand_reference_container_3594_1(); } else { footnote_collapse_reference_container_3594_1(); } } function footnote_moveToReference_3594_1(p_str_TargetID) { footnote_expand_reference_container_3594_1(); var l_obj_Target = jQuery('#' + p_str_TargetID); if (l_obj_Target.length) { jQuery( 'html, body' ).delay( 0 ); jQuery('html, body').animate({ scrollTop: l_obj_Target.offset().top - window.innerHeight * 0.2 }, 380); } } function footnote_moveToAnchor_3594_1(p_str_TargetID) { footnote_expand_reference_container_3594_1(); var l_obj_Target = jQuery('#' + p_str_TargetID); if (l_obj_Target.length) { jQuery( 'html, body' ).delay( 0 ); jQuery('html, body').animate({ scrollTop: l_obj_Target.offset().top - window.innerHeight * 0.2 }, 380); } }<\/script>","protected":false},"excerpt":{"rendered":"<p>Bertrand de Foucauld: &#8220;Prithwindra, you were born in Calculta in 1936. At what age did your parents put you in<\/p>\n","protected":false},"author":1,"featured_media":3588,"comment_status":"open","ping_status":"open","sticky":false,"template":"","format":"standard","meta":{"_acf_changed":false,"inline_featured_image":false,"_exactmetrics_skip_tracking":false,"_exactmetrics_sitenote_active":false,"_exactmetrics_sitenote_note":"","_exactmetrics_sitenote_category":0,"ngg_post_thumbnail":0,"_jetpack_memberships_contains_paid_content":false,"footnotes":""},"categories":[593,34,45],"tags":[],"class_list":["post-3594","post","type-post","status-publish","format-standard","has-post-thumbnail","hentry","category-arts-shows","category-education_en","category-poesie-des-territoires_en"],"acf":[],"yoast_head":"<!-- This site is optimized with the Yoast SEO plugin v27.2 - https:\/\/yoast.com\/product\/yoast-seo-wordpress\/ -->\n<title>Dialogue with Prithwindra MUKHERJEE - Childhood - ContribCity<\/title>\n<meta name=\"robots\" content=\"index, follow, max-snippet:-1, max-image-preview:large, max-video-preview:-1\" \/>\n<link rel=\"canonical\" href=\"https:\/\/contrib.city\/index.php\/en\/2020\/05\/07\/3594\/\" \/>\n<meta property=\"og:locale\" content=\"fr_FR\" \/>\n<meta property=\"og:type\" content=\"article\" \/>\n<meta property=\"og:title\" content=\"Dialogue with Prithwindra MUKHERJEE - Childhood - ContribCity\" \/>\n<meta property=\"og:description\" content=\"Bertrand de Foucauld: &#8220;Prithwindra, you were born in Calculta in 1936. At what age did your parents put you in\" \/>\n<meta property=\"og:url\" content=\"https:\/\/contrib.city\/index.php\/en\/2020\/05\/07\/3594\/\" \/>\n<meta property=\"og:site_name\" content=\"ContribCity\" \/>\n<meta property=\"article:published_time\" content=\"2020-05-07T13:38:13+00:00\" \/>\n<meta property=\"article:modified_time\" content=\"2020-06-07T18:53:00+00:00\" \/>\n<meta property=\"og:image\" content=\"https:\/\/contrib.city\/wp-content\/uploads\/2020\/05\/Prith-en-1948-2-1.jpg\" \/>\n\t<meta property=\"og:image:width\" content=\"2437\" \/>\n\t<meta property=\"og:image:height\" content=\"1019\" \/>\n\t<meta property=\"og:image:type\" content=\"image\/jpeg\" \/>\n<meta name=\"author\" content=\"Bertrand de Foucauld\" \/>\n<meta name=\"twitter:card\" content=\"summary_large_image\" \/>\n<meta name=\"twitter:label1\" content=\"\u00c9crit par\" \/>\n\t<meta name=\"twitter:data1\" content=\"Bertrand de Foucauld\" \/>\n\t<meta name=\"twitter:label2\" content=\"Dur\u00e9e de lecture estim\u00e9e\" \/>\n\t<meta name=\"twitter:data2\" content=\"4 minutes\" \/>\n<script type=\"application\/ld+json\" class=\"yoast-schema-graph\">{\"@context\":\"https:\/\/schema.org\",\"@graph\":[{\"@type\":\"Article\",\"@id\":\"https:\/\/contrib.city\/index.php\/en\/2020\/05\/07\/3594\/#article\",\"isPartOf\":{\"@id\":\"https:\/\/contrib.city\/index.php\/en\/2020\/05\/07\/3594\/\"},\"author\":{\"name\":\"Bertrand de Foucauld\",\"@id\":\"https:\/\/contrib.city\/#\/schema\/person\/ec389c5a78a37ccaee4e8ce098099db5\"},\"headline\":\"Dialogue with Prithwindra MUKHERJEE &#8211; Childhood\",\"datePublished\":\"2020-05-07T13:38:13+00:00\",\"dateModified\":\"2020-06-07T18:53:00+00:00\",\"mainEntityOfPage\":{\"@id\":\"https:\/\/contrib.city\/index.php\/en\/2020\/05\/07\/3594\/\"},\"wordCount\":780,\"commentCount\":0,\"publisher\":{\"@id\":\"https:\/\/contrib.city\/#organization\"},\"image\":{\"@id\":\"https:\/\/contrib.city\/index.php\/en\/2020\/05\/07\/3594\/#primaryimage\"},\"thumbnailUrl\":\"https:\/\/contrib.city\/wp-content\/uploads\/2020\/05\/Prith-en-1948-2-1.jpg\",\"articleSection\":[\"Arts\/Shows\",\"Education\",\"Territories Poetry\"],\"inLanguage\":\"fr-FR\",\"potentialAction\":[{\"@type\":\"CommentAction\",\"name\":\"Comment\",\"target\":[\"https:\/\/contrib.city\/index.php\/en\/2020\/05\/07\/3594\/#respond\"]}]},{\"@type\":\"WebPage\",\"@id\":\"https:\/\/contrib.city\/index.php\/en\/2020\/05\/07\/3594\/\",\"url\":\"https:\/\/contrib.city\/index.php\/en\/2020\/05\/07\/3594\/\",\"name\":\"Dialogue with Prithwindra MUKHERJEE - Childhood - ContribCity\",\"isPartOf\":{\"@id\":\"https:\/\/contrib.city\/#website\"},\"primaryImageOfPage\":{\"@id\":\"https:\/\/contrib.city\/index.php\/en\/2020\/05\/07\/3594\/#primaryimage\"},\"image\":{\"@id\":\"https:\/\/contrib.city\/index.php\/en\/2020\/05\/07\/3594\/#primaryimage\"},\"thumbnailUrl\":\"https:\/\/contrib.city\/wp-content\/uploads\/2020\/05\/Prith-en-1948-2-1.jpg\",\"datePublished\":\"2020-05-07T13:38:13+00:00\",\"dateModified\":\"2020-06-07T18:53:00+00:00\",\"breadcrumb\":{\"@id\":\"https:\/\/contrib.city\/index.php\/en\/2020\/05\/07\/3594\/#breadcrumb\"},\"inLanguage\":\"fr-FR\",\"potentialAction\":[{\"@type\":\"ReadAction\",\"target\":[\"https:\/\/contrib.city\/index.php\/en\/2020\/05\/07\/3594\/\"]}]},{\"@type\":\"ImageObject\",\"inLanguage\":\"fr-FR\",\"@id\":\"https:\/\/contrib.city\/index.php\/en\/2020\/05\/07\/3594\/#primaryimage\",\"url\":\"https:\/\/contrib.city\/wp-content\/uploads\/2020\/05\/Prith-en-1948-2-1.jpg\",\"contentUrl\":\"https:\/\/contrib.city\/wp-content\/uploads\/2020\/05\/Prith-en-1948-2-1.jpg\",\"width\":2437,\"height\":1019},{\"@type\":\"BreadcrumbList\",\"@id\":\"https:\/\/contrib.city\/index.php\/en\/2020\/05\/07\/3594\/#breadcrumb\",\"itemListElement\":[{\"@type\":\"ListItem\",\"position\":1,\"name\":\"Home\",\"item\":\"https:\/\/contrib.city\/\"},{\"@type\":\"ListItem\",\"position\":2,\"name\":\"Dialogue with Prithwindra MUKHERJEE &#8211; Childhood\"}]},{\"@type\":\"WebSite\",\"@id\":\"https:\/\/contrib.city\/#website\",\"url\":\"https:\/\/contrib.city\/\",\"name\":\"ContribCity\",\"description\":\"Parlons de nos lieux de vie\",\"publisher\":{\"@id\":\"https:\/\/contrib.city\/#organization\"},\"potentialAction\":[{\"@type\":\"SearchAction\",\"target\":{\"@type\":\"EntryPoint\",\"urlTemplate\":\"https:\/\/contrib.city\/?s={search_term_string}\"},\"query-input\":{\"@type\":\"PropertyValueSpecification\",\"valueRequired\":true,\"valueName\":\"search_term_string\"}}],\"inLanguage\":\"fr-FR\"},{\"@type\":\"Organization\",\"@id\":\"https:\/\/contrib.city\/#organization\",\"name\":\"ContribCity\",\"url\":\"https:\/\/contrib.city\/\",\"logo\":{\"@type\":\"ImageObject\",\"inLanguage\":\"fr-FR\",\"@id\":\"https:\/\/contrib.city\/#\/schema\/logo\/image\/\",\"url\":\"https:\/\/contrib.city\/wp-content\/uploads\/2020\/01\/cropped-Parlons-de-nos-lieux-de-vie-2.jpg\",\"contentUrl\":\"https:\/\/contrib.city\/wp-content\/uploads\/2020\/01\/cropped-Parlons-de-nos-lieux-de-vie-2.jpg\",\"width\":1133,\"height\":218,\"caption\":\"ContribCity\"},\"image\":{\"@id\":\"https:\/\/contrib.city\/#\/schema\/logo\/image\/\"}},{\"@type\":\"Person\",\"@id\":\"https:\/\/contrib.city\/#\/schema\/person\/ec389c5a78a37ccaee4e8ce098099db5\",\"name\":\"Bertrand de Foucauld\",\"image\":{\"@type\":\"ImageObject\",\"inLanguage\":\"fr-FR\",\"@id\":\"https:\/\/secure.gravatar.com\/avatar\/c49e25550e4609092f7a00fb677a980813788778df987b36cad9b0fc85a8bf73?s=96&d=mm&r=g\",\"url\":\"https:\/\/secure.gravatar.com\/avatar\/c49e25550e4609092f7a00fb677a980813788778df987b36cad9b0fc85a8bf73?s=96&d=mm&r=g\",\"contentUrl\":\"https:\/\/secure.gravatar.com\/avatar\/c49e25550e4609092f7a00fb677a980813788778df987b36cad9b0fc85a8bf73?s=96&d=mm&r=g\",\"caption\":\"Bertrand de Foucauld\"},\"url\":\"https:\/\/contrib.city\/index.php\/author\/bertrand\/\"}]}<\/script>\n<!-- \/ Yoast SEO plugin. -->","yoast_head_json":{"title":"Dialogue with Prithwindra MUKHERJEE - Childhood - ContribCity","robots":{"index":"index","follow":"follow","max-snippet":"max-snippet:-1","max-image-preview":"max-image-preview:large","max-video-preview":"max-video-preview:-1"},"canonical":"https:\/\/contrib.city\/index.php\/en\/2020\/05\/07\/3594\/","og_locale":"fr_FR","og_type":"article","og_title":"Dialogue with Prithwindra MUKHERJEE - Childhood - ContribCity","og_description":"Bertrand de Foucauld: &#8220;Prithwindra, you were born in Calculta in 1936. At what age did your parents put you in","og_url":"https:\/\/contrib.city\/index.php\/en\/2020\/05\/07\/3594\/","og_site_name":"ContribCity","article_published_time":"2020-05-07T13:38:13+00:00","article_modified_time":"2020-06-07T18:53:00+00:00","og_image":[{"width":2437,"height":1019,"url":"https:\/\/contrib.city\/wp-content\/uploads\/2020\/05\/Prith-en-1948-2-1.jpg","type":"image\/jpeg"}],"author":"Bertrand de Foucauld","twitter_card":"summary_large_image","twitter_misc":{"\u00c9crit par":"Bertrand de Foucauld","Dur\u00e9e de lecture estim\u00e9e":"4 minutes"},"schema":{"@context":"https:\/\/schema.org","@graph":[{"@type":"Article","@id":"https:\/\/contrib.city\/index.php\/en\/2020\/05\/07\/3594\/#article","isPartOf":{"@id":"https:\/\/contrib.city\/index.php\/en\/2020\/05\/07\/3594\/"},"author":{"name":"Bertrand de Foucauld","@id":"https:\/\/contrib.city\/#\/schema\/person\/ec389c5a78a37ccaee4e8ce098099db5"},"headline":"Dialogue with Prithwindra MUKHERJEE &#8211; Childhood","datePublished":"2020-05-07T13:38:13+00:00","dateModified":"2020-06-07T18:53:00+00:00","mainEntityOfPage":{"@id":"https:\/\/contrib.city\/index.php\/en\/2020\/05\/07\/3594\/"},"wordCount":780,"commentCount":0,"publisher":{"@id":"https:\/\/contrib.city\/#organization"},"image":{"@id":"https:\/\/contrib.city\/index.php\/en\/2020\/05\/07\/3594\/#primaryimage"},"thumbnailUrl":"https:\/\/contrib.city\/wp-content\/uploads\/2020\/05\/Prith-en-1948-2-1.jpg","articleSection":["Arts\/Shows","Education","Territories Poetry"],"inLanguage":"fr-FR","potentialAction":[{"@type":"CommentAction","name":"Comment","target":["https:\/\/contrib.city\/index.php\/en\/2020\/05\/07\/3594\/#respond"]}]},{"@type":"WebPage","@id":"https:\/\/contrib.city\/index.php\/en\/2020\/05\/07\/3594\/","url":"https:\/\/contrib.city\/index.php\/en\/2020\/05\/07\/3594\/","name":"Dialogue with Prithwindra MUKHERJEE - Childhood - ContribCity","isPartOf":{"@id":"https:\/\/contrib.city\/#website"},"primaryImageOfPage":{"@id":"https:\/\/contrib.city\/index.php\/en\/2020\/05\/07\/3594\/#primaryimage"},"image":{"@id":"https:\/\/contrib.city\/index.php\/en\/2020\/05\/07\/3594\/#primaryimage"},"thumbnailUrl":"https:\/\/contrib.city\/wp-content\/uploads\/2020\/05\/Prith-en-1948-2-1.jpg","datePublished":"2020-05-07T13:38:13+00:00","dateModified":"2020-06-07T18:53:00+00:00","breadcrumb":{"@id":"https:\/\/contrib.city\/index.php\/en\/2020\/05\/07\/3594\/#breadcrumb"},"inLanguage":"fr-FR","potentialAction":[{"@type":"ReadAction","target":["https:\/\/contrib.city\/index.php\/en\/2020\/05\/07\/3594\/"]}]},{"@type":"ImageObject","inLanguage":"fr-FR","@id":"https:\/\/contrib.city\/index.php\/en\/2020\/05\/07\/3594\/#primaryimage","url":"https:\/\/contrib.city\/wp-content\/uploads\/2020\/05\/Prith-en-1948-2-1.jpg","contentUrl":"https:\/\/contrib.city\/wp-content\/uploads\/2020\/05\/Prith-en-1948-2-1.jpg","width":2437,"height":1019},{"@type":"BreadcrumbList","@id":"https:\/\/contrib.city\/index.php\/en\/2020\/05\/07\/3594\/#breadcrumb","itemListElement":[{"@type":"ListItem","position":1,"name":"Home","item":"https:\/\/contrib.city\/"},{"@type":"ListItem","position":2,"name":"Dialogue with Prithwindra MUKHERJEE &#8211; Childhood"}]},{"@type":"WebSite","@id":"https:\/\/contrib.city\/#website","url":"https:\/\/contrib.city\/","name":"ContribCity","description":"Parlons de nos lieux de vie","publisher":{"@id":"https:\/\/contrib.city\/#organization"},"potentialAction":[{"@type":"SearchAction","target":{"@type":"EntryPoint","urlTemplate":"https:\/\/contrib.city\/?s={search_term_string}"},"query-input":{"@type":"PropertyValueSpecification","valueRequired":true,"valueName":"search_term_string"}}],"inLanguage":"fr-FR"},{"@type":"Organization","@id":"https:\/\/contrib.city\/#organization","name":"ContribCity","url":"https:\/\/contrib.city\/","logo":{"@type":"ImageObject","inLanguage":"fr-FR","@id":"https:\/\/contrib.city\/#\/schema\/logo\/image\/","url":"https:\/\/contrib.city\/wp-content\/uploads\/2020\/01\/cropped-Parlons-de-nos-lieux-de-vie-2.jpg","contentUrl":"https:\/\/contrib.city\/wp-content\/uploads\/2020\/01\/cropped-Parlons-de-nos-lieux-de-vie-2.jpg","width":1133,"height":218,"caption":"ContribCity"},"image":{"@id":"https:\/\/contrib.city\/#\/schema\/logo\/image\/"}},{"@type":"Person","@id":"https:\/\/contrib.city\/#\/schema\/person\/ec389c5a78a37ccaee4e8ce098099db5","name":"Bertrand de Foucauld","image":{"@type":"ImageObject","inLanguage":"fr-FR","@id":"https:\/\/secure.gravatar.com\/avatar\/c49e25550e4609092f7a00fb677a980813788778df987b36cad9b0fc85a8bf73?s=96&d=mm&r=g","url":"https:\/\/secure.gravatar.com\/avatar\/c49e25550e4609092f7a00fb677a980813788778df987b36cad9b0fc85a8bf73?s=96&d=mm&r=g","contentUrl":"https:\/\/secure.gravatar.com\/avatar\/c49e25550e4609092f7a00fb677a980813788778df987b36cad9b0fc85a8bf73?s=96&d=mm&r=g","caption":"Bertrand de Foucauld"},"url":"https:\/\/contrib.city\/index.php\/author\/bertrand\/"}]}},"jetpack_featured_media_url":"https:\/\/contrib.city\/wp-content\/uploads\/2020\/05\/Prith-en-1948-2-1.jpg","jetpack_sharing_enabled":true,"post_mailing_queue_ids":[],"_links":{"self":[{"href":"https:\/\/contrib.city\/index.php\/wp-json\/wp\/v2\/posts\/3594","targetHints":{"allow":["GET"]}}],"collection":[{"href":"https:\/\/contrib.city\/index.php\/wp-json\/wp\/v2\/posts"}],"about":[{"href":"https:\/\/contrib.city\/index.php\/wp-json\/wp\/v2\/types\/post"}],"author":[{"embeddable":true,"href":"https:\/\/contrib.city\/index.php\/wp-json\/wp\/v2\/users\/1"}],"replies":[{"embeddable":true,"href":"https:\/\/contrib.city\/index.php\/wp-json\/wp\/v2\/comments?post=3594"}],"version-history":[{"count":18,"href":"https:\/\/contrib.city\/index.php\/wp-json\/wp\/v2\/posts\/3594\/revisions"}],"predecessor-version":[{"id":3631,"href":"https:\/\/contrib.city\/index.php\/wp-json\/wp\/v2\/posts\/3594\/revisions\/3631"}],"wp:featuredmedia":[{"embeddable":true,"href":"https:\/\/contrib.city\/index.php\/wp-json\/wp\/v2\/media\/3588"}],"wp:attachment":[{"href":"https:\/\/contrib.city\/index.php\/wp-json\/wp\/v2\/media?parent=3594"}],"wp:term":[{"taxonomy":"category","embeddable":true,"href":"https:\/\/contrib.city\/index.php\/wp-json\/wp\/v2\/categories?post=3594"},{"taxonomy":"post_tag","embeddable":true,"href":"https:\/\/contrib.city\/index.php\/wp-json\/wp\/v2\/tags?post=3594"}],"curies":[{"name":"wp","href":"https:\/\/api.w.org\/{rel}","templated":true}]}}