{"id":4368,"date":"2020-06-09T15:46:35","date_gmt":"2020-06-09T13:46:35","guid":{"rendered":"https:\/\/contrib.city\/?p=4368"},"modified":"2020-06-11T16:17:49","modified_gmt":"2020-06-11T14:17:49","slug":"le-troisieme-concerto-pour-piano-en-do-majeur-de-prokofiev","status":"publish","type":"post","link":"https:\/\/contrib.city\/index.php\/2020\/06\/09\/le-troisieme-concerto-pour-piano-en-do-majeur-de-prokofiev\/","title":{"rendered":"St P\u00e9tersbourg, Loire, Chicago : l&#8217;itin\u00e9raire du 3e Concerto pour Piano de Prokofiev"},"content":{"rendered":"<p style=\"text-align: justify;\">L&#8217;auteur de Pierre et le Loup ainsi que de Rom\u00e9o et Juliette, n\u00e9 en 1891 et mort en 1953, est un remarquable pianiste. Il obtient le prix Anton Rubinstein, haute distinction pianistique, en 1913, apr\u00e8s avoir \u00e9tudi\u00e9 durant son enfance au Conservatoire de Saint-Petersbourg.<\/p>\n<figure id=\"attachment_4370\" aria-describedby=\"caption-attachment-4370\" style=\"width: 800px\" class=\"wp-caption aligncenter\"><img loading=\"lazy\" decoding=\"async\" class=\"wp-image-4370 size-large\" src=\"https:\/\/contrib.city\/wp-content\/uploads\/2020\/06\/Saint_Petersburg_Conservatory-scaled-e1591710846750-1024x576.jpg\" alt=\"\" width=\"800\" height=\"450\" srcset=\"https:\/\/contrib.city\/wp-content\/uploads\/2020\/06\/Saint_Petersburg_Conservatory-scaled-e1591710846750-1024x576.jpg 1024w, https:\/\/contrib.city\/wp-content\/uploads\/2020\/06\/Saint_Petersburg_Conservatory-scaled-e1591710846750-300x169.jpg 300w, https:\/\/contrib.city\/wp-content\/uploads\/2020\/06\/Saint_Petersburg_Conservatory-scaled-e1591710846750-768x432.jpg 768w, https:\/\/contrib.city\/wp-content\/uploads\/2020\/06\/Saint_Petersburg_Conservatory-scaled-e1591710846750-1536x864.jpg 1536w, https:\/\/contrib.city\/wp-content\/uploads\/2020\/06\/Saint_Petersburg_Conservatory-scaled-e1591710846750-2048x1152.jpg 2048w\" sizes=\"auto, (max-width: 800px) 100vw, 800px\" \/><figcaption id=\"caption-attachment-4370\" class=\"wp-caption-text\">&nbsp;&nbsp;&nbsp;&nbsp;&nbsp;&nbsp;&nbsp;&nbsp;&nbsp;&nbsp;&nbsp;&nbsp;&nbsp;&nbsp;&nbsp;&nbsp;&nbsp;&nbsp;&nbsp;&nbsp;&nbsp;&nbsp;&nbsp;&nbsp;&nbsp;&nbsp;&nbsp;&nbsp;&nbsp;&nbsp;&nbsp;&nbsp;&nbsp;&nbsp;&nbsp;&nbsp;&nbsp;&nbsp;&nbsp;&nbsp;&nbsp;&nbsp;&nbsp;&nbsp;&nbsp;&nbsp;&nbsp;&nbsp;&nbsp;&nbsp;&nbsp;&nbsp;&nbsp;&nbsp;&nbsp;&nbsp;&nbsp;&nbsp;&nbsp;&nbsp;&nbsp;&nbsp;&nbsp;&nbsp;&nbsp;&nbsp;&nbsp;&nbsp;&nbsp;&nbsp;&nbsp;&nbsp;&nbsp;&nbsp;&nbsp;&nbsp;&nbsp; Le conservatoire de Saint-Petersbourg.<\/figcaption><\/figure>\n<figure id=\"attachment_5204\" aria-describedby=\"caption-attachment-5204\" style=\"width: 550px\" class=\"wp-caption aligncenter\"><img loading=\"lazy\" decoding=\"async\" class=\"wp-image-5204\" src=\"https:\/\/contrib.city\/wp-content\/uploads\/2020\/06\/Photo-Dmitry-Shostakovich-892x1024.jpg\" alt=\"\" width=\"550\" height=\"631\" srcset=\"https:\/\/contrib.city\/wp-content\/uploads\/2020\/06\/Photo-Dmitry-Shostakovich-892x1024.jpg 892w, https:\/\/contrib.city\/wp-content\/uploads\/2020\/06\/Photo-Dmitry-Shostakovich-261x300.jpg 261w, https:\/\/contrib.city\/wp-content\/uploads\/2020\/06\/Photo-Dmitry-Shostakovich-768x882.jpg 768w, https:\/\/contrib.city\/wp-content\/uploads\/2020\/06\/Photo-Dmitry-Shostakovich.jpg 1300w\" sizes=\"auto, (max-width: 550px) 100vw, 550px\" \/><figcaption id=\"caption-attachment-5204\" class=\"wp-caption-text\">&nbsp;&nbsp;&nbsp;&nbsp;&nbsp;&nbsp;&nbsp;&nbsp;&nbsp;&nbsp;&nbsp;&nbsp;&nbsp;&nbsp;&nbsp;&nbsp;&nbsp;&nbsp;&nbsp;&nbsp;&nbsp;&nbsp;&nbsp;&nbsp;&nbsp;&nbsp;&nbsp;&nbsp;&nbsp;&nbsp;&nbsp;&nbsp;&nbsp;&nbsp;&nbsp;&nbsp;&nbsp;&nbsp;&nbsp;&nbsp;&nbsp;&nbsp;&nbsp;&nbsp;&nbsp;&nbsp;&nbsp;&nbsp;&nbsp;&nbsp;&nbsp;&nbsp;&nbsp;&nbsp;&nbsp;&nbsp; Dmitri Chostakovitch<\/figcaption><\/figure>\n<p style=\"text-align: justify;\">El\u00e8ve particuli\u00e8rement brillant dans la musique : &#8221; la contribution de Prokofiev \u00e0 la culture musicale de la Russie est immense et inestimable. Un compositeur de g\u00e9nie&#8230;&#8221; selon les mots de Chostakovitch.<\/p>\n<p style=\"text-align: justify;\">Ce concerto est le plus populaire des cinq concertos que Prokofiev a \u00e9crit et reste l&#8217;un des monuments du XXe si\u00e8cle dans ce genre. La cr\u00e9ation de l\u2019\u0153uvre s&#8217;est faite en plusieurs esquisses avec des th\u00e8mes d\u00e8s 1911 puis en 1917 les choses s\u00e9rieuses s&#8217;acc\u00e9l\u00e8rent o\u00f9 le compositeur veut s&#8217;imposer comme un &#8220;moderne&#8221;.<\/p>\n<figure id=\"attachment_4369\" aria-describedby=\"caption-attachment-4369\" style=\"width: 550px\" class=\"wp-caption aligncenter\"><img loading=\"lazy\" decoding=\"async\" class=\"wp-image-4369 size-full\" src=\"https:\/\/contrib.city\/wp-content\/uploads\/2020\/06\/Image-Prokofiev.jpg\" alt=\"\" width=\"550\" height=\"392\" srcset=\"https:\/\/contrib.city\/wp-content\/uploads\/2020\/06\/Image-Prokofiev.jpg 550w, https:\/\/contrib.city\/wp-content\/uploads\/2020\/06\/Image-Prokofiev-300x214.jpg 300w\" sizes=\"auto, (max-width: 550px) 100vw, 550px\" \/><figcaption id=\"caption-attachment-4369\" class=\"wp-caption-text\">&nbsp;&nbsp;&nbsp;&nbsp;&nbsp;&nbsp;&nbsp;&nbsp;&nbsp;&nbsp;&nbsp;&nbsp;&nbsp;&nbsp;&nbsp;&nbsp;&nbsp;&nbsp;&nbsp;&nbsp;&nbsp;&nbsp;&nbsp;&nbsp;&nbsp;&nbsp;&nbsp;&nbsp;&nbsp;&nbsp;&nbsp;&nbsp;&nbsp;&nbsp;&nbsp;&nbsp;&nbsp;&nbsp;&nbsp;&nbsp;&nbsp;&nbsp;&nbsp;&nbsp;&nbsp;&nbsp; Prokofiev jouant aux \u00e9checs.<\/figcaption><\/figure>\n<p style=\"text-align: justify;\">Apr\u00e8s s&#8217;\u00eatre exil\u00e9 de Russie en 1918, celui ci termine son concerto en trois mouvements, en 1921, \u00e0 St Brevin-les-Pins, dans les Pays de la Loire. La premi\u00e8re a eu lieu \u00e0 Chicago en d\u00e9cembre 1921 sous la baguette de Frederick Stock, directeur musical de l&#8217;orchestre symphonique de la ville. Ravel aurait \u00e9t\u00e9 \u201cagac\u00e9 par ce succ\u00e8s\u201d<\/p>\n<figure id=\"attachment_4371\" aria-describedby=\"caption-attachment-4371\" style=\"width: 595px\" class=\"wp-caption aligncenter\"><img loading=\"lazy\" decoding=\"async\" class=\"wp-image-4371\" src=\"https:\/\/contrib.city\/wp-content\/uploads\/2020\/06\/Stock.jpg\" alt=\"\" width=\"595\" height=\"333\"><figcaption id=\"caption-attachment-4371\" class=\"wp-caption-text\">&nbsp;&nbsp;&nbsp;&nbsp;&nbsp;&nbsp;&nbsp; La Premi\u00e8re a eu lieu \u00e0 Chicago en d\u00e9cembre 1921 sous la baguette de Frederick Stock<\/figcaption><\/figure>\n<p style=\"text-align: justify;\">Le premier mouvement Andante-Allegro commence par une m\u00e9lodie jou\u00e9e \u00e0 la clarinette invoquant un th\u00e8me lyrique russe plut\u00f4t nostalgique, calme, cependant un autre motif appara\u00eet qui est contrastant quelques mesures plus tard avec un piano \u00e9nerg\u00e9tique, vif. Consid\u00e9r\u00e9 par ses professeurs comme &#8220;rebelle&#8221; par rapport \u00e0 l&#8217;\u00e9poque, certains airs comme une marche percussive ou une danse grotesque montrent son c\u00f4t\u00e9 novateur, non conventionnel, &#8220;m\u00e9canique&#8221; comme une machine \u00e0 contrario de l&#8217;\u00e9poque romantique. Une superbe mont\u00e9e en do majeur sur un crescendo avant de retrouver le th\u00e8me principal au milieu du morceau est \u00e0 \u00e9couter.<\/p>\n<p style=\"text-align: justify;\"><img loading=\"lazy\" decoding=\"async\" class=\"aligncenter wp-image-4372 size-full\" src=\"https:\/\/contrib.city\/wp-content\/uploads\/2020\/06\/1-ermouvement-Prokofiv.jpg\" alt=\"\" width=\"300\" height=\"168\"><\/p>\n<p style=\"text-align: justify;\">Le second mouvement Andantino con variazoni est un th\u00e8me de gavotte, danse baroque en deux ou quatre temps venant de la tradition fran\u00e7aise du 16\u00e8me si\u00e8cle. Celui-ci est interpr\u00e9t\u00e9 dans un premier temps par une fl\u00fbte qui sera repris ensuite au piano. Cinq fois ce motif sera vari\u00e9 avec des passages se transmettant une fois \u00e0 l&#8217;orchestre, puis au piano, par la trompette, les cors et la clarinette et la fl\u00fbte avec des moments de &#8220;temp\u00eates&#8221;, de d\u00e9licatesse, d&#8217;\u00e9nergie et de calme.<\/p>\n<p><img loading=\"lazy\" decoding=\"async\" class=\"aligncenter wp-image-4374 size-full\" src=\"https:\/\/contrib.city\/wp-content\/uploads\/2020\/06\/2-mouve-Profkofiev.jpg\" alt=\"\" width=\"1280\" height=\"720\" srcset=\"https:\/\/contrib.city\/wp-content\/uploads\/2020\/06\/2-mouve-Profkofiev.jpg 1280w, https:\/\/contrib.city\/wp-content\/uploads\/2020\/06\/2-mouve-Profkofiev-300x169.jpg 300w, https:\/\/contrib.city\/wp-content\/uploads\/2020\/06\/2-mouve-Profkofiev-1024x576.jpg 1024w, https:\/\/contrib.city\/wp-content\/uploads\/2020\/06\/2-mouve-Profkofiev-768x432.jpg 768w\" sizes=\"auto, (max-width: 1280px) 100vw, 1280px\" \/><\/p>\n<p>&nbsp;<\/p>\n<p style=\"text-align: justify;\">Le troisi\u00e8me mouvement Allegro ma non troppo commence par une introduction des bassons en staccato sous un \u00e9lan ardent pour que le piano s&#8217;\u00e9lance ensuite cr\u00e9ant ainsi le th\u00e8me A. La seconde partie (th\u00e8me B) est un moment romantique avec un grand lyrisme o\u00f9 le soliste dialogue avec l&#8217;orchestre&nbsp; rompant avec le c\u00f4t\u00e9 &#8220;machine&#8221; de la musique de Prokofiev. La Coda finale concluant le morceau reprend le th\u00e8me A avec une virtuosit\u00e9 pianistique extraordinaire finissant sur une dynamique de traits dans le suraigu en triple forte de fa\u00e7on \u00e9clatante.<\/p>\n<p>&nbsp;<\/p>\n<p><img loading=\"lazy\" decoding=\"async\" class=\"aligncenter wp-image-4381 size-full\" src=\"https:\/\/contrib.city\/wp-content\/uploads\/2020\/06\/Coda-Prokofiev.png\" alt=\"\" width=\"479\" height=\"105\" srcset=\"https:\/\/contrib.city\/wp-content\/uploads\/2020\/06\/Coda-Prokofiev.png 479w, https:\/\/contrib.city\/wp-content\/uploads\/2020\/06\/Coda-Prokofiev-300x66.png 300w\" sizes=\"auto, (max-width: 479px) 100vw, 479px\" \/><\/p>\n<p>&nbsp;<\/p>\n<p>&#8220;Il reste encore tellement de merveilleuses choses \u00e0 \u00eatre \u00e9crites en C majeur&#8221; disait il.<\/p>\n<p>&nbsp;<\/p>\n<p><iframe loading=\"lazy\" title=\"Sergei Prokofiev - Piano Concerto No. 3\" width=\"800\" height=\"450\" src=\"https:\/\/www.youtube.com\/embed\/rSrlrcpNu7o?feature=oembed\" frameborder=\"0\" allow=\"accelerometer; autoplay; clipboard-write; encrypted-media; gyroscope; picture-in-picture; web-share\" allowfullscreen><\/iframe><\/p>\n<p>[scu name=&#8221;map&#8221;]<\/p>\n<p>&nbsp;<\/p>\n<p>&nbsp;<\/p>\n<p>&nbsp;<\/p>\n","protected":false},"excerpt":{"rendered":"<p>L&#8217;auteur de Pierre et le Loup ainsi que de Rom\u00e9o et Juliette, n\u00e9 en 1891 et mort en 1953, est<\/p>\n","protected":false},"author":4,"featured_media":5203,"comment_status":"open","ping_status":"open","sticky":false,"template":"","format":"standard","meta":{"_acf_changed":false,"inline_featured_image":false,"_exactmetrics_skip_tracking":false,"_exactmetrics_sitenote_active":false,"_exactmetrics_sitenote_note":"","_exactmetrics_sitenote_category":0,"ngg_post_thumbnail":0,"_jetpack_memberships_contains_paid_content":false,"footnotes":""},"categories":[591],"tags":[],"class_list":["post-4368","post","type-post","status-publish","format-standard","has-post-thumbnail","hentry","category-arts-spectacles"],"acf":[],"yoast_head":"<!-- This site is optimized with the Yoast SEO plugin v27.2 - https:\/\/yoast.com\/product\/yoast-seo-wordpress\/ -->\n<title>St P\u00e9tersbourg, Loire, Chicago : l&#039;itin\u00e9raire du 3e Concerto pour Piano de Prokofiev - ContribCity<\/title>\n<meta name=\"robots\" content=\"index, follow, max-snippet:-1, max-image-preview:large, max-video-preview:-1\" \/>\n<link rel=\"canonical\" href=\"https:\/\/contrib.city\/index.php\/2020\/06\/09\/le-troisieme-concerto-pour-piano-en-do-majeur-de-prokofiev\/\" \/>\n<meta property=\"og:locale\" content=\"fr_FR\" \/>\n<meta property=\"og:type\" content=\"article\" \/>\n<meta property=\"og:title\" content=\"St P\u00e9tersbourg, Loire, Chicago : l&#039;itin\u00e9raire du 3e Concerto pour Piano de Prokofiev - ContribCity\" \/>\n<meta property=\"og:description\" content=\"L&#8217;auteur de Pierre et le Loup ainsi que de Rom\u00e9o et Juliette, n\u00e9 en 1891 et mort en 1953, est\" \/>\n<meta property=\"og:url\" content=\"https:\/\/contrib.city\/index.php\/2020\/06\/09\/le-troisieme-concerto-pour-piano-en-do-majeur-de-prokofiev\/\" \/>\n<meta property=\"og:site_name\" content=\"ContribCity\" \/>\n<meta property=\"article:published_time\" content=\"2020-06-09T13:46:35+00:00\" \/>\n<meta property=\"article:modified_time\" content=\"2020-06-11T14:17:49+00:00\" \/>\n<meta property=\"og:image\" content=\"https:\/\/contrib.city\/wp-content\/uploads\/2020\/06\/Sergue\u00ef-Prokofiev-1ba.jpg\" \/>\n\t<meta property=\"og:image:width\" content=\"382\" \/>\n\t<meta property=\"og:image:height\" content=\"292\" \/>\n\t<meta property=\"og:image:type\" content=\"image\/jpeg\" \/>\n<meta name=\"author\" content=\"Erwan Latrouite\" \/>\n<meta name=\"twitter:card\" content=\"summary_large_image\" \/>\n<meta name=\"twitter:label1\" content=\"\u00c9crit par\" \/>\n\t<meta name=\"twitter:data1\" content=\"Erwan Latrouite\" \/>\n\t<meta name=\"twitter:label2\" content=\"Dur\u00e9e de lecture estim\u00e9e\" \/>\n\t<meta name=\"twitter:data2\" content=\"4 minutes\" \/>\n<script type=\"application\/ld+json\" class=\"yoast-schema-graph\">{\"@context\":\"https:\/\/schema.org\",\"@graph\":[{\"@type\":\"Article\",\"@id\":\"https:\/\/contrib.city\/index.php\/2020\/06\/09\/le-troisieme-concerto-pour-piano-en-do-majeur-de-prokofiev\/#article\",\"isPartOf\":{\"@id\":\"https:\/\/contrib.city\/index.php\/2020\/06\/09\/le-troisieme-concerto-pour-piano-en-do-majeur-de-prokofiev\/\"},\"author\":{\"name\":\"Erwan Latrouite\",\"@id\":\"https:\/\/contrib.city\/#\/schema\/person\/c3dade9927c6b86d94c0be58f705f576\"},\"headline\":\"St P\u00e9tersbourg, Loire, Chicago : l&#8217;itin\u00e9raire du 3e Concerto pour Piano de Prokofiev\",\"datePublished\":\"2020-06-09T13:46:35+00:00\",\"dateModified\":\"2020-06-11T14:17:49+00:00\",\"mainEntityOfPage\":{\"@id\":\"https:\/\/contrib.city\/index.php\/2020\/06\/09\/le-troisieme-concerto-pour-piano-en-do-majeur-de-prokofiev\/\"},\"wordCount\":779,\"commentCount\":0,\"publisher\":{\"@id\":\"https:\/\/contrib.city\/#organization\"},\"image\":{\"@id\":\"https:\/\/contrib.city\/index.php\/2020\/06\/09\/le-troisieme-concerto-pour-piano-en-do-majeur-de-prokofiev\/#primaryimage\"},\"thumbnailUrl\":\"https:\/\/contrib.city\/wp-content\/uploads\/2020\/06\/Sergue\u00ef-Prokofiev-1ba.jpg\",\"articleSection\":[\"Arts\/Spectacles\"],\"inLanguage\":\"fr-FR\",\"potentialAction\":[{\"@type\":\"CommentAction\",\"name\":\"Comment\",\"target\":[\"https:\/\/contrib.city\/index.php\/2020\/06\/09\/le-troisieme-concerto-pour-piano-en-do-majeur-de-prokofiev\/#respond\"]}]},{\"@type\":\"WebPage\",\"@id\":\"https:\/\/contrib.city\/index.php\/2020\/06\/09\/le-troisieme-concerto-pour-piano-en-do-majeur-de-prokofiev\/\",\"url\":\"https:\/\/contrib.city\/index.php\/2020\/06\/09\/le-troisieme-concerto-pour-piano-en-do-majeur-de-prokofiev\/\",\"name\":\"St P\u00e9tersbourg, Loire, Chicago : l'itin\u00e9raire du 3e Concerto pour Piano de Prokofiev - ContribCity\",\"isPartOf\":{\"@id\":\"https:\/\/contrib.city\/#website\"},\"primaryImageOfPage\":{\"@id\":\"https:\/\/contrib.city\/index.php\/2020\/06\/09\/le-troisieme-concerto-pour-piano-en-do-majeur-de-prokofiev\/#primaryimage\"},\"image\":{\"@id\":\"https:\/\/contrib.city\/index.php\/2020\/06\/09\/le-troisieme-concerto-pour-piano-en-do-majeur-de-prokofiev\/#primaryimage\"},\"thumbnailUrl\":\"https:\/\/contrib.city\/wp-content\/uploads\/2020\/06\/Sergue\u00ef-Prokofiev-1ba.jpg\",\"datePublished\":\"2020-06-09T13:46:35+00:00\",\"dateModified\":\"2020-06-11T14:17:49+00:00\",\"breadcrumb\":{\"@id\":\"https:\/\/contrib.city\/index.php\/2020\/06\/09\/le-troisieme-concerto-pour-piano-en-do-majeur-de-prokofiev\/#breadcrumb\"},\"inLanguage\":\"fr-FR\",\"potentialAction\":[{\"@type\":\"ReadAction\",\"target\":[\"https:\/\/contrib.city\/index.php\/2020\/06\/09\/le-troisieme-concerto-pour-piano-en-do-majeur-de-prokofiev\/\"]}]},{\"@type\":\"ImageObject\",\"inLanguage\":\"fr-FR\",\"@id\":\"https:\/\/contrib.city\/index.php\/2020\/06\/09\/le-troisieme-concerto-pour-piano-en-do-majeur-de-prokofiev\/#primaryimage\",\"url\":\"https:\/\/contrib.city\/wp-content\/uploads\/2020\/06\/Sergue\u00ef-Prokofiev-1ba.jpg\",\"contentUrl\":\"https:\/\/contrib.city\/wp-content\/uploads\/2020\/06\/Sergue\u00ef-Prokofiev-1ba.jpg\",\"width\":382,\"height\":292},{\"@type\":\"BreadcrumbList\",\"@id\":\"https:\/\/contrib.city\/index.php\/2020\/06\/09\/le-troisieme-concerto-pour-piano-en-do-majeur-de-prokofiev\/#breadcrumb\",\"itemListElement\":[{\"@type\":\"ListItem\",\"position\":1,\"name\":\"Home\",\"item\":\"https:\/\/contrib.city\/\"},{\"@type\":\"ListItem\",\"position\":2,\"name\":\"St P\u00e9tersbourg, Loire, Chicago : l&#8217;itin\u00e9raire du 3e Concerto pour Piano de Prokofiev\"}]},{\"@type\":\"WebSite\",\"@id\":\"https:\/\/contrib.city\/#website\",\"url\":\"https:\/\/contrib.city\/\",\"name\":\"ContribCity\",\"description\":\"Parlons de nos lieux de vie\",\"publisher\":{\"@id\":\"https:\/\/contrib.city\/#organization\"},\"potentialAction\":[{\"@type\":\"SearchAction\",\"target\":{\"@type\":\"EntryPoint\",\"urlTemplate\":\"https:\/\/contrib.city\/?s={search_term_string}\"},\"query-input\":{\"@type\":\"PropertyValueSpecification\",\"valueRequired\":true,\"valueName\":\"search_term_string\"}}],\"inLanguage\":\"fr-FR\"},{\"@type\":\"Organization\",\"@id\":\"https:\/\/contrib.city\/#organization\",\"name\":\"ContribCity\",\"url\":\"https:\/\/contrib.city\/\",\"logo\":{\"@type\":\"ImageObject\",\"inLanguage\":\"fr-FR\",\"@id\":\"https:\/\/contrib.city\/#\/schema\/logo\/image\/\",\"url\":\"https:\/\/contrib.city\/wp-content\/uploads\/2020\/01\/cropped-Parlons-de-nos-lieux-de-vie-2.jpg\",\"contentUrl\":\"https:\/\/contrib.city\/wp-content\/uploads\/2020\/01\/cropped-Parlons-de-nos-lieux-de-vie-2.jpg\",\"width\":1133,\"height\":218,\"caption\":\"ContribCity\"},\"image\":{\"@id\":\"https:\/\/contrib.city\/#\/schema\/logo\/image\/\"}},{\"@type\":\"Person\",\"@id\":\"https:\/\/contrib.city\/#\/schema\/person\/c3dade9927c6b86d94c0be58f705f576\",\"name\":\"Erwan Latrouite\",\"image\":{\"@type\":\"ImageObject\",\"inLanguage\":\"fr-FR\",\"@id\":\"https:\/\/secure.gravatar.com\/avatar\/dd10800047af56112f1ed2fff23cfbae6fcee8d425115ebc0a1520ca3c81fc36?s=96&d=mm&r=g\",\"url\":\"https:\/\/secure.gravatar.com\/avatar\/dd10800047af56112f1ed2fff23cfbae6fcee8d425115ebc0a1520ca3c81fc36?s=96&d=mm&r=g\",\"contentUrl\":\"https:\/\/secure.gravatar.com\/avatar\/dd10800047af56112f1ed2fff23cfbae6fcee8d425115ebc0a1520ca3c81fc36?s=96&d=mm&r=g\",\"caption\":\"Erwan Latrouite\"},\"url\":\"https:\/\/contrib.city\/index.php\/author\/erwan\/\"}]}<\/script>\n<!-- \/ Yoast SEO plugin. -->","yoast_head_json":{"title":"St P\u00e9tersbourg, Loire, Chicago : l'itin\u00e9raire du 3e Concerto pour Piano de Prokofiev - ContribCity","robots":{"index":"index","follow":"follow","max-snippet":"max-snippet:-1","max-image-preview":"max-image-preview:large","max-video-preview":"max-video-preview:-1"},"canonical":"https:\/\/contrib.city\/index.php\/2020\/06\/09\/le-troisieme-concerto-pour-piano-en-do-majeur-de-prokofiev\/","og_locale":"fr_FR","og_type":"article","og_title":"St P\u00e9tersbourg, Loire, Chicago : l'itin\u00e9raire du 3e Concerto pour Piano de Prokofiev - ContribCity","og_description":"L&#8217;auteur de Pierre et le Loup ainsi que de Rom\u00e9o et Juliette, n\u00e9 en 1891 et mort en 1953, est","og_url":"https:\/\/contrib.city\/index.php\/2020\/06\/09\/le-troisieme-concerto-pour-piano-en-do-majeur-de-prokofiev\/","og_site_name":"ContribCity","article_published_time":"2020-06-09T13:46:35+00:00","article_modified_time":"2020-06-11T14:17:49+00:00","og_image":[{"width":382,"height":292,"url":"https:\/\/contrib.city\/wp-content\/uploads\/2020\/06\/Sergue\u00ef-Prokofiev-1ba.jpg","type":"image\/jpeg"}],"author":"Erwan Latrouite","twitter_card":"summary_large_image","twitter_misc":{"\u00c9crit par":"Erwan Latrouite","Dur\u00e9e de lecture estim\u00e9e":"4 minutes"},"schema":{"@context":"https:\/\/schema.org","@graph":[{"@type":"Article","@id":"https:\/\/contrib.city\/index.php\/2020\/06\/09\/le-troisieme-concerto-pour-piano-en-do-majeur-de-prokofiev\/#article","isPartOf":{"@id":"https:\/\/contrib.city\/index.php\/2020\/06\/09\/le-troisieme-concerto-pour-piano-en-do-majeur-de-prokofiev\/"},"author":{"name":"Erwan Latrouite","@id":"https:\/\/contrib.city\/#\/schema\/person\/c3dade9927c6b86d94c0be58f705f576"},"headline":"St P\u00e9tersbourg, Loire, Chicago : l&#8217;itin\u00e9raire du 3e Concerto pour Piano de Prokofiev","datePublished":"2020-06-09T13:46:35+00:00","dateModified":"2020-06-11T14:17:49+00:00","mainEntityOfPage":{"@id":"https:\/\/contrib.city\/index.php\/2020\/06\/09\/le-troisieme-concerto-pour-piano-en-do-majeur-de-prokofiev\/"},"wordCount":779,"commentCount":0,"publisher":{"@id":"https:\/\/contrib.city\/#organization"},"image":{"@id":"https:\/\/contrib.city\/index.php\/2020\/06\/09\/le-troisieme-concerto-pour-piano-en-do-majeur-de-prokofiev\/#primaryimage"},"thumbnailUrl":"https:\/\/contrib.city\/wp-content\/uploads\/2020\/06\/Sergue\u00ef-Prokofiev-1ba.jpg","articleSection":["Arts\/Spectacles"],"inLanguage":"fr-FR","potentialAction":[{"@type":"CommentAction","name":"Comment","target":["https:\/\/contrib.city\/index.php\/2020\/06\/09\/le-troisieme-concerto-pour-piano-en-do-majeur-de-prokofiev\/#respond"]}]},{"@type":"WebPage","@id":"https:\/\/contrib.city\/index.php\/2020\/06\/09\/le-troisieme-concerto-pour-piano-en-do-majeur-de-prokofiev\/","url":"https:\/\/contrib.city\/index.php\/2020\/06\/09\/le-troisieme-concerto-pour-piano-en-do-majeur-de-prokofiev\/","name":"St P\u00e9tersbourg, Loire, Chicago : l'itin\u00e9raire du 3e Concerto pour Piano de Prokofiev - ContribCity","isPartOf":{"@id":"https:\/\/contrib.city\/#website"},"primaryImageOfPage":{"@id":"https:\/\/contrib.city\/index.php\/2020\/06\/09\/le-troisieme-concerto-pour-piano-en-do-majeur-de-prokofiev\/#primaryimage"},"image":{"@id":"https:\/\/contrib.city\/index.php\/2020\/06\/09\/le-troisieme-concerto-pour-piano-en-do-majeur-de-prokofiev\/#primaryimage"},"thumbnailUrl":"https:\/\/contrib.city\/wp-content\/uploads\/2020\/06\/Sergue\u00ef-Prokofiev-1ba.jpg","datePublished":"2020-06-09T13:46:35+00:00","dateModified":"2020-06-11T14:17:49+00:00","breadcrumb":{"@id":"https:\/\/contrib.city\/index.php\/2020\/06\/09\/le-troisieme-concerto-pour-piano-en-do-majeur-de-prokofiev\/#breadcrumb"},"inLanguage":"fr-FR","potentialAction":[{"@type":"ReadAction","target":["https:\/\/contrib.city\/index.php\/2020\/06\/09\/le-troisieme-concerto-pour-piano-en-do-majeur-de-prokofiev\/"]}]},{"@type":"ImageObject","inLanguage":"fr-FR","@id":"https:\/\/contrib.city\/index.php\/2020\/06\/09\/le-troisieme-concerto-pour-piano-en-do-majeur-de-prokofiev\/#primaryimage","url":"https:\/\/contrib.city\/wp-content\/uploads\/2020\/06\/Sergue\u00ef-Prokofiev-1ba.jpg","contentUrl":"https:\/\/contrib.city\/wp-content\/uploads\/2020\/06\/Sergue\u00ef-Prokofiev-1ba.jpg","width":382,"height":292},{"@type":"BreadcrumbList","@id":"https:\/\/contrib.city\/index.php\/2020\/06\/09\/le-troisieme-concerto-pour-piano-en-do-majeur-de-prokofiev\/#breadcrumb","itemListElement":[{"@type":"ListItem","position":1,"name":"Home","item":"https:\/\/contrib.city\/"},{"@type":"ListItem","position":2,"name":"St P\u00e9tersbourg, Loire, Chicago : l&#8217;itin\u00e9raire du 3e Concerto pour Piano de Prokofiev"}]},{"@type":"WebSite","@id":"https:\/\/contrib.city\/#website","url":"https:\/\/contrib.city\/","name":"ContribCity","description":"Parlons de nos lieux de vie","publisher":{"@id":"https:\/\/contrib.city\/#organization"},"potentialAction":[{"@type":"SearchAction","target":{"@type":"EntryPoint","urlTemplate":"https:\/\/contrib.city\/?s={search_term_string}"},"query-input":{"@type":"PropertyValueSpecification","valueRequired":true,"valueName":"search_term_string"}}],"inLanguage":"fr-FR"},{"@type":"Organization","@id":"https:\/\/contrib.city\/#organization","name":"ContribCity","url":"https:\/\/contrib.city\/","logo":{"@type":"ImageObject","inLanguage":"fr-FR","@id":"https:\/\/contrib.city\/#\/schema\/logo\/image\/","url":"https:\/\/contrib.city\/wp-content\/uploads\/2020\/01\/cropped-Parlons-de-nos-lieux-de-vie-2.jpg","contentUrl":"https:\/\/contrib.city\/wp-content\/uploads\/2020\/01\/cropped-Parlons-de-nos-lieux-de-vie-2.jpg","width":1133,"height":218,"caption":"ContribCity"},"image":{"@id":"https:\/\/contrib.city\/#\/schema\/logo\/image\/"}},{"@type":"Person","@id":"https:\/\/contrib.city\/#\/schema\/person\/c3dade9927c6b86d94c0be58f705f576","name":"Erwan Latrouite","image":{"@type":"ImageObject","inLanguage":"fr-FR","@id":"https:\/\/secure.gravatar.com\/avatar\/dd10800047af56112f1ed2fff23cfbae6fcee8d425115ebc0a1520ca3c81fc36?s=96&d=mm&r=g","url":"https:\/\/secure.gravatar.com\/avatar\/dd10800047af56112f1ed2fff23cfbae6fcee8d425115ebc0a1520ca3c81fc36?s=96&d=mm&r=g","contentUrl":"https:\/\/secure.gravatar.com\/avatar\/dd10800047af56112f1ed2fff23cfbae6fcee8d425115ebc0a1520ca3c81fc36?s=96&d=mm&r=g","caption":"Erwan Latrouite"},"url":"https:\/\/contrib.city\/index.php\/author\/erwan\/"}]}},"jetpack_featured_media_url":"https:\/\/contrib.city\/wp-content\/uploads\/2020\/06\/Sergue\u00ef-Prokofiev-1ba.jpg","jetpack_sharing_enabled":true,"post_mailing_queue_ids":[],"_links":{"self":[{"href":"https:\/\/contrib.city\/index.php\/wp-json\/wp\/v2\/posts\/4368","targetHints":{"allow":["GET"]}}],"collection":[{"href":"https:\/\/contrib.city\/index.php\/wp-json\/wp\/v2\/posts"}],"about":[{"href":"https:\/\/contrib.city\/index.php\/wp-json\/wp\/v2\/types\/post"}],"author":[{"embeddable":true,"href":"https:\/\/contrib.city\/index.php\/wp-json\/wp\/v2\/users\/4"}],"replies":[{"embeddable":true,"href":"https:\/\/contrib.city\/index.php\/wp-json\/wp\/v2\/comments?post=4368"}],"version-history":[{"count":18,"href":"https:\/\/contrib.city\/index.php\/wp-json\/wp\/v2\/posts\/4368\/revisions"}],"predecessor-version":[{"id":5235,"href":"https:\/\/contrib.city\/index.php\/wp-json\/wp\/v2\/posts\/4368\/revisions\/5235"}],"wp:featuredmedia":[{"embeddable":true,"href":"https:\/\/contrib.city\/index.php\/wp-json\/wp\/v2\/media\/5203"}],"wp:attachment":[{"href":"https:\/\/contrib.city\/index.php\/wp-json\/wp\/v2\/media?parent=4368"}],"wp:term":[{"taxonomy":"category","embeddable":true,"href":"https:\/\/contrib.city\/index.php\/wp-json\/wp\/v2\/categories?post=4368"},{"taxonomy":"post_tag","embeddable":true,"href":"https:\/\/contrib.city\/index.php\/wp-json\/wp\/v2\/tags?post=4368"}],"curies":[{"name":"wp","href":"https:\/\/api.w.org\/{rel}","templated":true}]}}