{"id":5313,"date":"2020-06-22T21:16:38","date_gmt":"2020-06-22T19:16:38","guid":{"rendered":"https:\/\/contrib.city\/?p=5313"},"modified":"2020-06-23T14:40:55","modified_gmt":"2020-06-23T12:40:55","slug":"prologue-itinerary-of-a-teachers-son-2","status":"publish","type":"post","link":"https:\/\/contrib.city\/index.php\/en\/2020\/06\/22\/prologue-itinerary-of-a-teachers-son-2\/","title":{"rendered":"Prologue &#8211; Itinerary of a Teachers&#8217; Son"},"content":{"rendered":"<p class=\"western\" align=\"justify\"><span style=\"font-family: Georgia, serif;\"><span style=\"font-size: medium;\"><span lang=\"en-GB\">Saint-Girons is surrounded by mountains, the Ari\u00e8ges-Pyr\u00e9n\u00e9es. This is where my father is. We should have joined him, isolation during Covid made it impossible. Here is how all happened. On Feb. 29, he brought us Adrien Gombeaud\u2019s book :<\/span><\/span><\/span><span style=\"font-family: Georgia, serif;\"><span style=\"font-size: medium;\"><span lang=\"en-GB\"><i> un \u00e9t\u00e9 sur la Bi\u00e8vre <\/i>(A Summer on the Bi\u00e8vre River)<\/span><\/span><\/span><span style=\"font-family: Georgia, serif;\"><span style=\"font-size: medium;\"><span lang=\"en-GB\">. We had lunch together. At 3 PM, we attended a performance in the House of L\u00e9on Blum<span class=\"footnote_referrer\"><a role=\"button\" tabindex=\"0\" onclick=\"footnote_moveToReference_5313_1('footnote_plugin_reference_5313_1_1');\" onkeypress=\"footnote_moveToReference_5313_1('footnote_plugin_reference_5313_1_1');\" ><sup id=\"footnote_plugin_tooltip_5313_1_1\" class=\"footnote_plugin_tooltip_text\">[1]<\/sup><\/a><span id=\"footnote_plugin_tooltip_text_5313_1_1\" class=\"footnote_tooltip\"><\/span><\/span><\/span><span style=\"font-family: Georgia, serif;\"><span lang=\"en-GB\">proposed by the local theater workshop <em>Atelier Th\u00e9\u00e2tre du Josas<\/em>, in Jouy-en-Josas. L\u00e9on Blum was played by Pascal Blanc.<\/span><\/span><script type=\"text\/javascript\"> jQuery('#footnote_plugin_tooltip_5313_1_1').tooltip({ tip: '#footnote_plugin_tooltip_text_5313_1_1', tipClass: 'footnote_tooltip', effect: 'fade', predelay: 0, fadeInSpeed: 200, delay: 400, fadeOutSpeed: 200, position: 'top right', relative: true, offset: [10, 10], });<\/script><\/span><\/span><span style=\"font-family: Georgia, serif;\"><span style=\"font-size: medium;\"><span lang=\"en-GB\">, consisting in a bottom up visit guided by the troupe. Then my father came back to Savigny-le-Temple before heading for the Ari\u00e8ges after a stop-off at Limoges. He has been making this journey for sixty years now.<\/span><\/span><\/span><\/p>\n<p class=\"western\" align=\"justify\"><span style=\"font-family: Georgia, serif;\"><span style=\"font-size: medium;\"><span lang=\"en-GB\">He watched the Eastern mass on TV and invited friends for an online drink. Since the Covid-19 era, virtual reunions are the norm. This is the only way to socialize since there are few folks on the road. With an Aznavour&#8217;s song in my mind, I need to sing : <\/span><\/span><\/span><span style=\"font-family: Georgia, serif;\"><span style=\"font-size: medium;\"><span lang=\"en-GB\"><i>My father is alone in St-Girons<\/i><\/span><\/span><\/span><span style=\"font-family: Georgia, serif;\"><span style=\"font-size: medium;\"><span lang=\"en-GB\">, imitating his popular song : <em>Comme ils disent<\/em> (<\/span><\/span><\/span><span style=\"font-family: Georgia, serif;\"><span style=\"font-size: medium;\"><span lang=\"en-GB\">As they say)<i>.<\/i><\/span><\/span><\/span><span style=\"font-family: Georgia, serif;\"><span style=\"font-size: medium;\"><span lang=\"en-GB\"> We chatted on the phone or by SMS with a new rush. And so I wrote to him: this silence is a terrible thing to hear. The Copernic synagogue president said something like that at an interreligious dialogue programmed on the Radio 100,7 FM. Maybe this sentence is from himself. This distance has some merit: it makes me more connected to my father.<\/span><\/span><\/span><\/p>\n<p class=\"western\" align=\"justify\"><span style=\"font-family: Georgia, serif;\"><span style=\"font-size: medium;\"><span lang=\"en-GB\">Our schedule was full of happy events.<\/span><\/span><\/span><\/p>\n<p class=\"western\" align=\"justify\"><span style=\"font-family: Georgia, serif;\"><span style=\"font-size: medium;\"><span lang=\"en-GB\">Our evening in Tours disappeared. Then the trip in the Couserans region and also the Dordogne Valley planned during the Easter hollidays. No more visit to our family, not to speak about flying to Russia, out of reach this year. <\/span><\/span><\/span><span id=\"s2_1\">Everything collapsed like a house of cards.<\/span> <em><span id=\"s2_2\">Devastating domino effect <\/span><\/em><span style=\"font-family: Georgia, serif;\"><span style=\"font-size: medium;\"><span lang=\"en-GB\">I wrote to my elder (4 years) brother who was born in Saint-Girons in 1959. These pandemic days erased our scheduled concert : Beethoven\u2019s quartets at the Th\u00e9\u00e2tre des Champs-Elys\u00e9es. He was due to come from Belgium and we would have had lunch in Paris.<\/span><\/span><\/span><\/p>\n<p class=\"western\" align=\"justify\"><span style=\"font-family: Georgia, serif;\"><span style=\"font-size: medium;\"><span lang=\"en-GB\"><i>Nobody is around.<\/i><\/span><\/span><\/span><\/p>\n<p class=\"western\" align=\"justify\"><span style=\"font-family: Georgia, serif;\"><span style=\"font-size: medium;\"><span lang=\"en-GB\"><i>Everything went off with the tide.<\/i><\/span><\/span><\/span><\/p>\n<p class=\"western\" align=\"justify\"><span style=\"font-family: Georgia, serif;\"><span style=\"font-size: medium;\"><span lang=\"en-GB\"><i>As you can see bean sprouts, mint leaves and shrimps, through the rice paper wrapper of a spring roll, you\u2019ll find your tickets deep in the water, deep in its memory <\/i><\/span><\/span><\/span><\/p>\n<p class=\"western\" align=\"justify\"><span style=\"font-family: Georgia, serif;\"><span style=\"font-size: medium;\"><span lang=\"en-GB\">It\u2019s easy to imagine Dad locked down because he\u2019s very comfortable with the phone and video. Three (?) weeks after the Covid has started, all the churches were required by the bishops to ring the bells during 10 mn. My father registered the bells of the L\u00e9dar church, near the house, and sent us a photo where you can see part of the bell tower and part of the house. Our grand-mother (mother&#8217;s side) would have been happy about this decision.<\/span><\/span><\/span><\/p>\n<p class=\"western\" align=\"justify\"><span style=\"font-family: Georgia, serif;\"><span style=\"font-size: medium;\"><span lang=\"en-GB\">In March 2020, we had planned to fly from the Orly airport to Toulouse and to visit my father. We were locked down<span class=\"footnote_referrer\"><a role=\"button\" tabindex=\"0\" onclick=\"footnote_moveToReference_5313_1('footnote_plugin_reference_5313_1_2');\" onkeypress=\"footnote_moveToReference_5313_1('footnote_plugin_reference_5313_1_2');\" ><sup id=\"footnote_plugin_tooltip_5313_1_2\" class=\"footnote_plugin_tooltip_text\">[2]<\/sup><\/a><span id=\"footnote_plugin_tooltip_text_5313_1_2\" class=\"footnote_tooltip\"><\/span><\/span><\/span><span style=\"font-family: Georgia, serif;\"><span lang=\"en-GB\">On this Covid period, the philosopher Gaspard Koenig said he got the impression to switch from peace to war.<\/span><\/span><\/span><\/span><script type=\"text\/javascript\"> jQuery('#footnote_plugin_tooltip_5313_1_2').tooltip({ tip: '#footnote_plugin_tooltip_text_5313_1_2', tipClass: 'footnote_tooltip', effect: 'fade', predelay: 0, fadeInSpeed: 200, delay: 400, fadeOutSpeed: 200, position: 'top right', relative: true, offset: [10, 10], });<\/script> <span style=\"font-family: Georgia, serif;\"><span style=\"font-size: medium;\"><span lang=\"en-GB\">at home in Jouy-en-Josas. My wife, Val\u00e9rie, did not want to waste her holidays and cancelled them. I decided it could be an opportunity to write this essay.<\/span><\/span><\/span><\/p>\n<div id=\"sdfootnote1\">\n<p><a class=\"sdfootnotesym\" href=\"#sdfootnote1anc\" name=\"sdfootnote1sym\"><\/a>[scu name=&#8221;map&#8221;]<\/p>\n<\/div>\n<p>&nbsp;<\/p>\n<div class=\"speaker-mute footnotes_reference_container\"> <div class=\"footnote_container_prepare\"><p><span role=\"button\" tabindex=\"0\" class=\"footnote_reference_container_label pointer\" onclick=\"footnote_expand_collapse_reference_container_5313_1();\">R\u00e9f\u00e9rences<\/span><span role=\"button\" tabindex=\"0\" class=\"footnote_reference_container_collapse_button\" style=\"\" onclick=\"footnote_expand_collapse_reference_container_5313_1();\">[<a id=\"footnote_reference_container_collapse_button_5313_1\">+<\/a>]<\/span><\/p><\/div> <div id=\"footnote_references_container_5313_1\" style=\"display: none;\"><table class=\"footnotes_table footnote-reference-container\"><caption class=\"accessibility\">R\u00e9f\u00e9rences<\/caption> <tbody> \r\n\r\n<tr class=\"footnotes_plugin_reference_row\"> <th scope=\"row\" class=\"footnote_plugin_index_combi pointer\"  onclick=\"footnote_moveToAnchor_5313_1('footnote_plugin_tooltip_5313_1_1');\"><a id=\"footnote_plugin_reference_5313_1_1\" class=\"footnote_backlink\"><span class=\"footnote_index_arrow\">&#8593;<\/span>1<\/a><\/th> <td class=\"footnote_plugin_text\"><\/span><\/span><\/span><span style=\"font-family: Georgia, serif;\"><span lang=\"en-GB\">proposed by the local theater workshop <em>Atelier Th\u00e9\u00e2tre du Josas<\/em>, in Jouy-en-Josas. L\u00e9on Blum was played by Pascal Blanc.<\/td><\/tr>\r\n\r\n<tr class=\"footnotes_plugin_reference_row\"> <th scope=\"row\" class=\"footnote_plugin_index_combi pointer\"  onclick=\"footnote_moveToAnchor_5313_1('footnote_plugin_tooltip_5313_1_2');\"><a id=\"footnote_plugin_reference_5313_1_2\" class=\"footnote_backlink\"><span class=\"footnote_index_arrow\">&#8593;<\/span>2<\/a><\/th> <td class=\"footnote_plugin_text\"><\/span><\/span><\/span><span style=\"font-family: Georgia, serif;\"><span lang=\"en-GB\">On this Covid period, the philosopher Gaspard Koenig said he got the impression to switch from peace to war.<\/span><\/span><\/td><\/tr>\r\n\r\n <\/tbody> <\/table> <\/div><\/div><script type=\"text\/javascript\"> function footnote_expand_reference_container_5313_1() { jQuery('#footnote_references_container_5313_1').show(); jQuery('#footnote_reference_container_collapse_button_5313_1').text('\u2212'); } function footnote_collapse_reference_container_5313_1() { jQuery('#footnote_references_container_5313_1').hide(); jQuery('#footnote_reference_container_collapse_button_5313_1').text('+'); } function footnote_expand_collapse_reference_container_5313_1() { if (jQuery('#footnote_references_container_5313_1').is(':hidden')) { footnote_expand_reference_container_5313_1(); } else { footnote_collapse_reference_container_5313_1(); } } function footnote_moveToReference_5313_1(p_str_TargetID) { footnote_expand_reference_container_5313_1(); var l_obj_Target = jQuery('#' + p_str_TargetID); if (l_obj_Target.length) { jQuery( 'html, body' ).delay( 0 ); jQuery('html, body').animate({ scrollTop: l_obj_Target.offset().top - window.innerHeight * 0.2 }, 380); } } function footnote_moveToAnchor_5313_1(p_str_TargetID) { footnote_expand_reference_container_5313_1(); var l_obj_Target = jQuery('#' + p_str_TargetID); if (l_obj_Target.length) { jQuery( 'html, body' ).delay( 0 ); jQuery('html, body').animate({ scrollTop: l_obj_Target.offset().top - window.innerHeight * 0.2 }, 380); } }<\/script>","protected":false},"excerpt":{"rendered":"<p>Saint-Girons is surrounded by mountains, the Ari\u00e8ges-Pyr\u00e9n\u00e9es. This is where my father is. We should have joined him, isolation during<\/p>\n","protected":false},"author":23,"featured_media":5307,"comment_status":"open","ping_status":"open","sticky":false,"template":"","format":"standard","meta":{"_acf_changed":false,"inline_featured_image":false,"_exactmetrics_skip_tracking":false,"_exactmetrics_sitenote_active":false,"_exactmetrics_sitenote_note":"","_exactmetrics_sitenote_category":0,"ngg_post_thumbnail":0,"_jetpack_memberships_contains_paid_content":false,"footnotes":""},"categories":[32,45],"tags":[],"class_list":["post-5313","post","type-post","status-publish","format-standard","has-post-thumbnail","hentry","category-commerce-en","category-poesie-des-territoires_en"],"acf":[],"yoast_head":"<!-- This site is optimized with the Yoast SEO plugin v27.2 - https:\/\/yoast.com\/product\/yoast-seo-wordpress\/ -->\n<title>Prologue - Itinerary of a Teachers&#039; Son - ContribCity<\/title>\n<meta name=\"robots\" content=\"index, follow, max-snippet:-1, max-image-preview:large, max-video-preview:-1\" \/>\n<link rel=\"canonical\" href=\"https:\/\/contrib.city\/index.php\/en\/2020\/06\/22\/prologue-itinerary-of-a-teachers-son-2\/\" \/>\n<meta property=\"og:locale\" content=\"fr_FR\" \/>\n<meta property=\"og:type\" content=\"article\" \/>\n<meta property=\"og:title\" content=\"Prologue - Itinerary of a Teachers&#039; Son - ContribCity\" \/>\n<meta property=\"og:description\" content=\"Saint-Girons is surrounded by mountains, the Ari\u00e8ges-Pyr\u00e9n\u00e9es. This is where my father is. We should have joined him, isolation during\" \/>\n<meta property=\"og:url\" content=\"https:\/\/contrib.city\/index.php\/en\/2020\/06\/22\/prologue-itinerary-of-a-teachers-son-2\/\" \/>\n<meta property=\"og:site_name\" content=\"ContribCity\" \/>\n<meta property=\"article:published_time\" content=\"2020-06-22T19:16:38+00:00\" \/>\n<meta property=\"article:modified_time\" content=\"2020-06-23T12:40:55+00:00\" \/>\n<meta property=\"og:image\" content=\"https:\/\/contrib.city\/wp-content\/uploads\/2020\/06\/admin-ajax.php_.jpg\" \/>\n\t<meta property=\"og:image:width\" content=\"371\" \/>\n\t<meta property=\"og:image:height\" content=\"223\" \/>\n\t<meta property=\"og:image:type\" content=\"image\/jpeg\" \/>\n<meta name=\"author\" content=\"Christophe Baillat\" \/>\n<meta name=\"twitter:card\" content=\"summary_large_image\" \/>\n<meta name=\"twitter:label1\" content=\"\u00c9crit par\" \/>\n\t<meta name=\"twitter:data1\" content=\"Christophe Baillat\" \/>\n\t<meta name=\"twitter:label2\" content=\"Dur\u00e9e de lecture estim\u00e9e\" \/>\n\t<meta name=\"twitter:data2\" content=\"3 minutes\" \/>\n<script type=\"application\/ld+json\" class=\"yoast-schema-graph\">{\"@context\":\"https:\/\/schema.org\",\"@graph\":[{\"@type\":\"Article\",\"@id\":\"https:\/\/contrib.city\/index.php\/en\/2020\/06\/22\/prologue-itinerary-of-a-teachers-son-2\/#article\",\"isPartOf\":{\"@id\":\"https:\/\/contrib.city\/index.php\/en\/2020\/06\/22\/prologue-itinerary-of-a-teachers-son-2\/\"},\"author\":{\"name\":\"Christophe Baillat\",\"@id\":\"https:\/\/contrib.city\/#\/schema\/person\/36a993f610befc1b3ac58d994e6591dd\"},\"headline\":\"Prologue &#8211; Itinerary of a Teachers&#8217; Son\",\"datePublished\":\"2020-06-22T19:16:38+00:00\",\"dateModified\":\"2020-06-23T12:40:55+00:00\",\"mainEntityOfPage\":{\"@id\":\"https:\/\/contrib.city\/index.php\/en\/2020\/06\/22\/prologue-itinerary-of-a-teachers-son-2\/\"},\"wordCount\":565,\"commentCount\":0,\"publisher\":{\"@id\":\"https:\/\/contrib.city\/#organization\"},\"image\":{\"@id\":\"https:\/\/contrib.city\/index.php\/en\/2020\/06\/22\/prologue-itinerary-of-a-teachers-son-2\/#primaryimage\"},\"thumbnailUrl\":\"https:\/\/contrib.city\/wp-content\/uploads\/2020\/06\/admin-ajax.php_.jpg\",\"articleSection\":[\"Daily Life\",\"Territories Poetry\"],\"inLanguage\":\"fr-FR\",\"potentialAction\":[{\"@type\":\"CommentAction\",\"name\":\"Comment\",\"target\":[\"https:\/\/contrib.city\/index.php\/en\/2020\/06\/22\/prologue-itinerary-of-a-teachers-son-2\/#respond\"]}]},{\"@type\":\"WebPage\",\"@id\":\"https:\/\/contrib.city\/index.php\/en\/2020\/06\/22\/prologue-itinerary-of-a-teachers-son-2\/\",\"url\":\"https:\/\/contrib.city\/index.php\/en\/2020\/06\/22\/prologue-itinerary-of-a-teachers-son-2\/\",\"name\":\"Prologue - Itinerary of a Teachers' Son - ContribCity\",\"isPartOf\":{\"@id\":\"https:\/\/contrib.city\/#website\"},\"primaryImageOfPage\":{\"@id\":\"https:\/\/contrib.city\/index.php\/en\/2020\/06\/22\/prologue-itinerary-of-a-teachers-son-2\/#primaryimage\"},\"image\":{\"@id\":\"https:\/\/contrib.city\/index.php\/en\/2020\/06\/22\/prologue-itinerary-of-a-teachers-son-2\/#primaryimage\"},\"thumbnailUrl\":\"https:\/\/contrib.city\/wp-content\/uploads\/2020\/06\/admin-ajax.php_.jpg\",\"datePublished\":\"2020-06-22T19:16:38+00:00\",\"dateModified\":\"2020-06-23T12:40:55+00:00\",\"breadcrumb\":{\"@id\":\"https:\/\/contrib.city\/index.php\/en\/2020\/06\/22\/prologue-itinerary-of-a-teachers-son-2\/#breadcrumb\"},\"inLanguage\":\"fr-FR\",\"potentialAction\":[{\"@type\":\"ReadAction\",\"target\":[\"https:\/\/contrib.city\/index.php\/en\/2020\/06\/22\/prologue-itinerary-of-a-teachers-son-2\/\"]}]},{\"@type\":\"ImageObject\",\"inLanguage\":\"fr-FR\",\"@id\":\"https:\/\/contrib.city\/index.php\/en\/2020\/06\/22\/prologue-itinerary-of-a-teachers-son-2\/#primaryimage\",\"url\":\"https:\/\/contrib.city\/wp-content\/uploads\/2020\/06\/admin-ajax.php_.jpg\",\"contentUrl\":\"https:\/\/contrib.city\/wp-content\/uploads\/2020\/06\/admin-ajax.php_.jpg\",\"width\":371,\"height\":223},{\"@type\":\"BreadcrumbList\",\"@id\":\"https:\/\/contrib.city\/index.php\/en\/2020\/06\/22\/prologue-itinerary-of-a-teachers-son-2\/#breadcrumb\",\"itemListElement\":[{\"@type\":\"ListItem\",\"position\":1,\"name\":\"Home\",\"item\":\"https:\/\/contrib.city\/\"},{\"@type\":\"ListItem\",\"position\":2,\"name\":\"Prologue &#8211; Itinerary of a Teachers&#8217; Son\"}]},{\"@type\":\"WebSite\",\"@id\":\"https:\/\/contrib.city\/#website\",\"url\":\"https:\/\/contrib.city\/\",\"name\":\"ContribCity\",\"description\":\"Parlons de nos lieux de vie\",\"publisher\":{\"@id\":\"https:\/\/contrib.city\/#organization\"},\"potentialAction\":[{\"@type\":\"SearchAction\",\"target\":{\"@type\":\"EntryPoint\",\"urlTemplate\":\"https:\/\/contrib.city\/?s={search_term_string}\"},\"query-input\":{\"@type\":\"PropertyValueSpecification\",\"valueRequired\":true,\"valueName\":\"search_term_string\"}}],\"inLanguage\":\"fr-FR\"},{\"@type\":\"Organization\",\"@id\":\"https:\/\/contrib.city\/#organization\",\"name\":\"ContribCity\",\"url\":\"https:\/\/contrib.city\/\",\"logo\":{\"@type\":\"ImageObject\",\"inLanguage\":\"fr-FR\",\"@id\":\"https:\/\/contrib.city\/#\/schema\/logo\/image\/\",\"url\":\"https:\/\/contrib.city\/wp-content\/uploads\/2020\/01\/cropped-Parlons-de-nos-lieux-de-vie-2.jpg\",\"contentUrl\":\"https:\/\/contrib.city\/wp-content\/uploads\/2020\/01\/cropped-Parlons-de-nos-lieux-de-vie-2.jpg\",\"width\":1133,\"height\":218,\"caption\":\"ContribCity\"},\"image\":{\"@id\":\"https:\/\/contrib.city\/#\/schema\/logo\/image\/\"}},{\"@type\":\"Person\",\"@id\":\"https:\/\/contrib.city\/#\/schema\/person\/36a993f610befc1b3ac58d994e6591dd\",\"name\":\"Christophe Baillat\",\"image\":{\"@type\":\"ImageObject\",\"inLanguage\":\"fr-FR\",\"@id\":\"https:\/\/secure.gravatar.com\/avatar\/3226665300102a64ba6a58d31390364e2f9567aabedc5e54a358038fdd422c97?s=96&d=mm&r=g\",\"url\":\"https:\/\/secure.gravatar.com\/avatar\/3226665300102a64ba6a58d31390364e2f9567aabedc5e54a358038fdd422c97?s=96&d=mm&r=g\",\"contentUrl\":\"https:\/\/secure.gravatar.com\/avatar\/3226665300102a64ba6a58d31390364e2f9567aabedc5e54a358038fdd422c97?s=96&d=mm&r=g\",\"caption\":\"Christophe Baillat\"},\"url\":\"https:\/\/contrib.city\/index.php\/author\/christophe-baillat\/\"}]}<\/script>\n<!-- \/ Yoast SEO plugin. -->","yoast_head_json":{"title":"Prologue - Itinerary of a Teachers' Son - ContribCity","robots":{"index":"index","follow":"follow","max-snippet":"max-snippet:-1","max-image-preview":"max-image-preview:large","max-video-preview":"max-video-preview:-1"},"canonical":"https:\/\/contrib.city\/index.php\/en\/2020\/06\/22\/prologue-itinerary-of-a-teachers-son-2\/","og_locale":"fr_FR","og_type":"article","og_title":"Prologue - Itinerary of a Teachers' Son - ContribCity","og_description":"Saint-Girons is surrounded by mountains, the Ari\u00e8ges-Pyr\u00e9n\u00e9es. This is where my father is. We should have joined him, isolation during","og_url":"https:\/\/contrib.city\/index.php\/en\/2020\/06\/22\/prologue-itinerary-of-a-teachers-son-2\/","og_site_name":"ContribCity","article_published_time":"2020-06-22T19:16:38+00:00","article_modified_time":"2020-06-23T12:40:55+00:00","og_image":[{"width":371,"height":223,"url":"https:\/\/contrib.city\/wp-content\/uploads\/2020\/06\/admin-ajax.php_.jpg","type":"image\/jpeg"}],"author":"Christophe Baillat","twitter_card":"summary_large_image","twitter_misc":{"\u00c9crit par":"Christophe Baillat","Dur\u00e9e de lecture estim\u00e9e":"3 minutes"},"schema":{"@context":"https:\/\/schema.org","@graph":[{"@type":"Article","@id":"https:\/\/contrib.city\/index.php\/en\/2020\/06\/22\/prologue-itinerary-of-a-teachers-son-2\/#article","isPartOf":{"@id":"https:\/\/contrib.city\/index.php\/en\/2020\/06\/22\/prologue-itinerary-of-a-teachers-son-2\/"},"author":{"name":"Christophe Baillat","@id":"https:\/\/contrib.city\/#\/schema\/person\/36a993f610befc1b3ac58d994e6591dd"},"headline":"Prologue &#8211; Itinerary of a Teachers&#8217; Son","datePublished":"2020-06-22T19:16:38+00:00","dateModified":"2020-06-23T12:40:55+00:00","mainEntityOfPage":{"@id":"https:\/\/contrib.city\/index.php\/en\/2020\/06\/22\/prologue-itinerary-of-a-teachers-son-2\/"},"wordCount":565,"commentCount":0,"publisher":{"@id":"https:\/\/contrib.city\/#organization"},"image":{"@id":"https:\/\/contrib.city\/index.php\/en\/2020\/06\/22\/prologue-itinerary-of-a-teachers-son-2\/#primaryimage"},"thumbnailUrl":"https:\/\/contrib.city\/wp-content\/uploads\/2020\/06\/admin-ajax.php_.jpg","articleSection":["Daily Life","Territories Poetry"],"inLanguage":"fr-FR","potentialAction":[{"@type":"CommentAction","name":"Comment","target":["https:\/\/contrib.city\/index.php\/en\/2020\/06\/22\/prologue-itinerary-of-a-teachers-son-2\/#respond"]}]},{"@type":"WebPage","@id":"https:\/\/contrib.city\/index.php\/en\/2020\/06\/22\/prologue-itinerary-of-a-teachers-son-2\/","url":"https:\/\/contrib.city\/index.php\/en\/2020\/06\/22\/prologue-itinerary-of-a-teachers-son-2\/","name":"Prologue - Itinerary of a Teachers' Son - ContribCity","isPartOf":{"@id":"https:\/\/contrib.city\/#website"},"primaryImageOfPage":{"@id":"https:\/\/contrib.city\/index.php\/en\/2020\/06\/22\/prologue-itinerary-of-a-teachers-son-2\/#primaryimage"},"image":{"@id":"https:\/\/contrib.city\/index.php\/en\/2020\/06\/22\/prologue-itinerary-of-a-teachers-son-2\/#primaryimage"},"thumbnailUrl":"https:\/\/contrib.city\/wp-content\/uploads\/2020\/06\/admin-ajax.php_.jpg","datePublished":"2020-06-22T19:16:38+00:00","dateModified":"2020-06-23T12:40:55+00:00","breadcrumb":{"@id":"https:\/\/contrib.city\/index.php\/en\/2020\/06\/22\/prologue-itinerary-of-a-teachers-son-2\/#breadcrumb"},"inLanguage":"fr-FR","potentialAction":[{"@type":"ReadAction","target":["https:\/\/contrib.city\/index.php\/en\/2020\/06\/22\/prologue-itinerary-of-a-teachers-son-2\/"]}]},{"@type":"ImageObject","inLanguage":"fr-FR","@id":"https:\/\/contrib.city\/index.php\/en\/2020\/06\/22\/prologue-itinerary-of-a-teachers-son-2\/#primaryimage","url":"https:\/\/contrib.city\/wp-content\/uploads\/2020\/06\/admin-ajax.php_.jpg","contentUrl":"https:\/\/contrib.city\/wp-content\/uploads\/2020\/06\/admin-ajax.php_.jpg","width":371,"height":223},{"@type":"BreadcrumbList","@id":"https:\/\/contrib.city\/index.php\/en\/2020\/06\/22\/prologue-itinerary-of-a-teachers-son-2\/#breadcrumb","itemListElement":[{"@type":"ListItem","position":1,"name":"Home","item":"https:\/\/contrib.city\/"},{"@type":"ListItem","position":2,"name":"Prologue &#8211; Itinerary of a Teachers&#8217; Son"}]},{"@type":"WebSite","@id":"https:\/\/contrib.city\/#website","url":"https:\/\/contrib.city\/","name":"ContribCity","description":"Parlons de nos lieux de vie","publisher":{"@id":"https:\/\/contrib.city\/#organization"},"potentialAction":[{"@type":"SearchAction","target":{"@type":"EntryPoint","urlTemplate":"https:\/\/contrib.city\/?s={search_term_string}"},"query-input":{"@type":"PropertyValueSpecification","valueRequired":true,"valueName":"search_term_string"}}],"inLanguage":"fr-FR"},{"@type":"Organization","@id":"https:\/\/contrib.city\/#organization","name":"ContribCity","url":"https:\/\/contrib.city\/","logo":{"@type":"ImageObject","inLanguage":"fr-FR","@id":"https:\/\/contrib.city\/#\/schema\/logo\/image\/","url":"https:\/\/contrib.city\/wp-content\/uploads\/2020\/01\/cropped-Parlons-de-nos-lieux-de-vie-2.jpg","contentUrl":"https:\/\/contrib.city\/wp-content\/uploads\/2020\/01\/cropped-Parlons-de-nos-lieux-de-vie-2.jpg","width":1133,"height":218,"caption":"ContribCity"},"image":{"@id":"https:\/\/contrib.city\/#\/schema\/logo\/image\/"}},{"@type":"Person","@id":"https:\/\/contrib.city\/#\/schema\/person\/36a993f610befc1b3ac58d994e6591dd","name":"Christophe Baillat","image":{"@type":"ImageObject","inLanguage":"fr-FR","@id":"https:\/\/secure.gravatar.com\/avatar\/3226665300102a64ba6a58d31390364e2f9567aabedc5e54a358038fdd422c97?s=96&d=mm&r=g","url":"https:\/\/secure.gravatar.com\/avatar\/3226665300102a64ba6a58d31390364e2f9567aabedc5e54a358038fdd422c97?s=96&d=mm&r=g","contentUrl":"https:\/\/secure.gravatar.com\/avatar\/3226665300102a64ba6a58d31390364e2f9567aabedc5e54a358038fdd422c97?s=96&d=mm&r=g","caption":"Christophe Baillat"},"url":"https:\/\/contrib.city\/index.php\/author\/christophe-baillat\/"}]}},"jetpack_featured_media_url":"https:\/\/contrib.city\/wp-content\/uploads\/2020\/06\/admin-ajax.php_.jpg","jetpack_sharing_enabled":true,"post_mailing_queue_ids":[],"_links":{"self":[{"href":"https:\/\/contrib.city\/index.php\/wp-json\/wp\/v2\/posts\/5313","targetHints":{"allow":["GET"]}}],"collection":[{"href":"https:\/\/contrib.city\/index.php\/wp-json\/wp\/v2\/posts"}],"about":[{"href":"https:\/\/contrib.city\/index.php\/wp-json\/wp\/v2\/types\/post"}],"author":[{"embeddable":true,"href":"https:\/\/contrib.city\/index.php\/wp-json\/wp\/v2\/users\/23"}],"replies":[{"embeddable":true,"href":"https:\/\/contrib.city\/index.php\/wp-json\/wp\/v2\/comments?post=5313"}],"version-history":[{"count":7,"href":"https:\/\/contrib.city\/index.php\/wp-json\/wp\/v2\/posts\/5313\/revisions"}],"predecessor-version":[{"id":5326,"href":"https:\/\/contrib.city\/index.php\/wp-json\/wp\/v2\/posts\/5313\/revisions\/5326"}],"wp:featuredmedia":[{"embeddable":true,"href":"https:\/\/contrib.city\/index.php\/wp-json\/wp\/v2\/media\/5307"}],"wp:attachment":[{"href":"https:\/\/contrib.city\/index.php\/wp-json\/wp\/v2\/media?parent=5313"}],"wp:term":[{"taxonomy":"category","embeddable":true,"href":"https:\/\/contrib.city\/index.php\/wp-json\/wp\/v2\/categories?post=5313"},{"taxonomy":"post_tag","embeddable":true,"href":"https:\/\/contrib.city\/index.php\/wp-json\/wp\/v2\/tags?post=5313"}],"curies":[{"name":"wp","href":"https:\/\/api.w.org\/{rel}","templated":true}]}}