{"id":5586,"date":"2020-08-07T10:40:27","date_gmt":"2020-08-07T08:40:27","guid":{"rendered":"https:\/\/contrib.city\/?p=5586"},"modified":"2020-08-08T09:13:10","modified_gmt":"2020-08-08T07:13:10","slug":"laurent-saint-cyr-une-vie-de-liberte-1ere-partie-lenfance-et-la-jeunesse","status":"publish","type":"post","link":"https:\/\/contrib.city\/index.php\/2020\/08\/07\/laurent-saint-cyr-une-vie-de-liberte-1ere-partie-lenfance-et-la-jeunesse\/","title":{"rendered":"Laurent SAINT-CYR : une vie de libert\u00e9 (1\u00e8re partie : l&#8217;enfance et la jeunesse)"},"content":{"rendered":"<p style=\"text-align: justify;\">Laurent St Cyr, n\u00e9 en 1960, a toujours v\u00e9cu \u00e0 l&#8217;ombre d&#8217;un bateau, dans une dynamique de d\u00e9brouillardise. Son p\u00e8re, d\u00e9j\u00e0, \u00e9tait le responsable du Club de Voile de Lyon, \u00e0 l&#8217;\u00e9tang nomm\u00e9 <em>Le Grand Large<\/em> (Parc de Miribel-Jonage). En plus de son autre activit\u00e9 de cuisinier chez Rh\u00f4ne-Poulenc, le papa, aid\u00e9 par la maman qui veillait au grain, construisit lui-m\u00eame un <a href=\"https:\/\/voilesetvoiliers.ouest-france.fr\/bateau\/fiche-technique\/optimist\/\" target=\"_blank\" rel=\"noopener noreferrer\">Optimist <\/a>(petit d\u00e9riveur souvent utilis\u00e9 pour l&#8217;initiation mais \u00e9galement pour la comp\u00e9tition) pour son fiston, en plus de la maison familiale. M. St Cyr, que la Presse locale surnommait <em>Le Tabarly lyonnais<\/em> (Le Progr\u00e8s), \u00e9tait \u00e0 la fois autodidacte et dou\u00e9 d&#8217;une forte cr\u00e9ativit\u00e9.<\/p>\n<p style=\"text-align: justify;\">Mais le papa avait un r\u00eave : prendre le large de la mer. Du coup, c&#8217;est son fils qui allait l&#8217;amener \u00e0 le r\u00e9aliser.<\/p>\n<p style=\"text-align: justify;\">A l&#8217;\u00e2ge de 18 ans, le fils Laurent <em>arrive sans conviction au bac<\/em>, selon ses propres mots. Les examinateurs de l&#8217;Education Nationale confirment le manque de conviction. Peu importe! Notre Ulysse moderne travaille d\u00e9j\u00e0, comme son p\u00e8re \u00e0 son \u00e2ge : il restaure des maisons les soirs et WE et en est gr\u00e9 \u00e0 l&#8217;Ecole de lui fournir un endroit pour se reposer un peu entre deux chantiers. Tout en continuant la voile, bien entendu : Laurent arrive dans 30e national en comp\u00e9tition d&#8217;optimiste.<\/p>\n<p style=\"text-align: justify;\">L&#8217;institution scolaire n&#8217;ayant pas r\u00e9ussi \u00e0 le s\u00e9duire, l&#8217;Arm\u00e9e prend le relais et le convoque pour le Service National : devant ses r\u00e9sultats nautiques, un recruteur intelligent l&#8217;envoie comme moniteur de voile \u00e0 Saint-Mandrier-sur-Mer, dans la Rade de Toulon. Laurent enseigne sa passion aux apprentis marins, sous le soleil m\u00e9diterran\u00e9en, tout en cr\u00e9ant un esprit de camaraderie avec ses coll\u00e8gues malgr\u00e9 les difficult\u00e9s personnelles de certains (un avait \u00e9t\u00e9 victime d&#8217;abus, plus jeune, et compensait par l&#8217;alcool). Las, hi\u00e9rarchie et discipline institutionnelles semblent \u00eatre des notions \u00e9trang\u00e8res et incompr\u00e9hensibles \u00e0 Laurent qui ne comprend que les mots comp\u00e9tences, respect de l&#8217;autre (quelque soit le poste occup\u00e9), adaptation, d\u00e9brouillardise, libert\u00e9, humour, humilit\u00e9 et franchise. Sans moyen de locomotion personnelle, il utilise la petite moto de la station &#8211; une Dax &#8211; pour aller voir une jeune Toulonnaise qui a su le charmer, telle une sir\u00e8ne. Mais un jour, ou plut\u00f4t une nuit car il \u00e9tait 3h00 du matin, il se fait prendre et mettre <em>aux arr\u00eats<\/em> pour 15 jours. Une autre fois, pour d\u00e9fendre un camarade, il participe \u00e0 une rixe un peu alcoolis\u00e9e : 15 autres jours. Remarque de Laurent : <em>On n&#8217;a pas arr\u00eat\u00e9 de d\u00e9conner! <\/em><\/p>\n<p style=\"text-align: justify;\">Pour couronner le tout, le dernier jour de son service, il refuse se saluer un officier : St Cyr est convoqu\u00e9. Le responsable du site interroge ce dernier et conclut, en souriant : <em>De toute fa\u00e7on, il vaut mieux pour tout le monde que vous partiez maintenant<\/em>.<\/p>\n<p style=\"text-align: justify;\">Lib\u00e9r\u00e9 de ses obligations militaire, Laurent quitte enfin la rade de Toulon et prend le large, en octobre 1981, \u00e0 bord du <em>Monte-Carlo<\/em>, un beau voilier marseillais (Plan Mauric). Pendant que d&#8217;autres sont oblig\u00e9s de payer cher afin de vivre leur r\u00eave d&#8217;\u00e9vasion, Laurent est log\u00e9 et nourri \u00e0 bord. Cap : la Martinique!<\/p>\n<p style=\"text-align: justify;\">Mais une fois sur l&#8217;\u00eele, Ulysse est confront\u00e9 \u00e0 la gal\u00e8re : seul et pas de petits boulots en vue! Heureusement, il trouve bient\u00f4t un job comme skipper, second\u00e9 par une h\u00f4tesse, pour promener des touristes dans les Antilles. Entre deux croisi\u00e8res, il nettoie un joli yacht de 26 m\u00e8tres dans un chantier naval. Puis, comme une \u00eele en partance (Jacques Brel, <a href=\"https:\/\/www.youtube.com\/watch?v=HvBXF9BhrP0\" target=\"_blank\" rel=\"noopener noreferrer\"><em>Une \u00eele<\/em><\/a>), Laurent trouve une mission de convoyage en cette fin de saison touristique martiniquaise : il s&#8217;agit de ramener un <em>bateau-poubelle<\/em>, un <a href=\"https:\/\/www.bateaux.com\/plaisance\/voiliers\/amphora-REFuU0KabxKZ9E,\" target=\"_blank\" rel=\"noopener noreferrer\">Amphora<\/a> en tr\u00e8s mauvais \u00e9tat, pour un salaire de 10.000 francs de l&#8217;\u00e9poque<span class=\"footnote_referrer\"><a role=\"button\" tabindex=\"0\" onclick=\"footnote_moveToReference_5586_1('footnote_plugin_reference_5586_1_1');\" onkeypress=\"footnote_moveToReference_5586_1('footnote_plugin_reference_5586_1_1');\" ><sup id=\"footnote_plugin_tooltip_5586_1_1\" class=\"footnote_plugin_tooltip_text\">[1]<\/sup><\/a><span id=\"footnote_plugin_tooltip_text_5586_1_1\" class=\"footnote_tooltip\">Aujourd&#8217;hui, cela \u00e9quivaudrait au 1er janvier 2020 \u00e0 une somme de 3836 \u20ac ou 25091 F. Cf : <a href=\"https:\/\/www.insee.fr\/fr\/information\/2417794\" target=\"_blank\" rel=\"noopener noreferrer\">INSEE<\/a><\/span><\/span><script type=\"text\/javascript\"> jQuery('#footnote_plugin_tooltip_5586_1_1').tooltip({ tip: '#footnote_plugin_tooltip_text_5586_1_1', tipClass: 'footnote_tooltip', effect: 'fade', predelay: 0, fadeInSpeed: 200, delay: 400, fadeOutSpeed: 200, position: 'top right', relative: true, offset: [10, 10], });<\/script>. Pour r\u00e9sumer : un bon salaire pour une mission dangereuse. Effectivement, les probl\u00e8mes ne tardent pas \u00e0 arriver : les voiles ont fait au moins les deux derni\u00e8res guerres mondiales et le moteur, au bout de dix jours, t\u00eatu comme une bourrique, ne veut plus d\u00e9marrer! Plus de moteur signifie plus d&#8217;\u00e9lectricit\u00e9, c&#8217;est-\u00e0-dire plus d&#8217;instrumentation \u00e9lectronique (gonio, radio-\u00e9metteur, etc). Bienvenu au sextant, comme autrefois!&nbsp; Cependant, le sextant, s&#8217;il n&#8217;a pas besoin de courant pour fonctionner, n\u00e9cessite en revanche un soleil (ou des \u00e9toiles) apparent pour d\u00e9terminer sa position. Probl\u00e8me : sur l&#8217;Atlantique, il arrive que le ciel soit bouch\u00e9 et Laurent manque de peu l&#8217;\u00eele de Mad\u00e8re! S&#8217;il avait continu\u00e9, il se serait retrouv\u00e9 en Afrique de l&#8217;ouest : pas tout \u00e0 fait la route la plus courte pour retourner \u00e0 Toulon.<\/p>\n<p style=\"text-align: justify;\">Arriv\u00e9 \u00e0 destination, notre marin retourne, tel Ulysse apr\u00e8s un beau voyage, aupr\u00e8s de ses parents<span class=\"footnote_referrer\"><a role=\"button\" tabindex=\"0\" onclick=\"footnote_moveToReference_5586_1('footnote_plugin_reference_5586_1_2');\" onkeypress=\"footnote_moveToReference_5586_1('footnote_plugin_reference_5586_1_2');\" ><sup id=\"footnote_plugin_tooltip_5586_1_2\" class=\"footnote_plugin_tooltip_text\">[2]<\/sup><\/a><span id=\"footnote_plugin_tooltip_text_5586_1_2\" class=\"footnote_tooltip\">Joachim du Bellay, <em>Heureux qui comme Ulysse&#8230;<\/em><\/span><\/span><script type=\"text\/javascript\"> jQuery('#footnote_plugin_tooltip_5586_1_2').tooltip({ tip: '#footnote_plugin_tooltip_text_5586_1_2', tipClass: 'footnote_tooltip', effect: 'fade', predelay: 0, fadeInSpeed: 200, delay: 400, fadeOutSpeed: 200, position: 'top right', relative: true, offset: [10, 10], });<\/script>. L\u00e0, il cherche du travail mais fait <em>choux blanc<\/em>.<\/p>\n<p>Suite des aventures de Laurent la semaine prochaine.<\/p>\n<p><em>(Photo de couverture : Laurent Saint-Cyr en pleine r\u00e9flexion, \u00e0 la barre, sous un bon grain apr\u00e8s un d\u00e9part des Canaries).<\/em><\/p>\n<p><span dir=\"ltr\"><span class=\"_3l3x\">[scu name=&#8221;map&#8221;]<\/span><\/span><\/p>\n<p>&nbsp;<\/p>\n<p>&nbsp;<\/p>\n<p>&nbsp;<\/p>\n<p>&nbsp;<\/p>\n<div class=\"speaker-mute footnotes_reference_container\"> <div class=\"footnote_container_prepare\"><p><span role=\"button\" tabindex=\"0\" class=\"footnote_reference_container_label pointer\" onclick=\"footnote_expand_collapse_reference_container_5586_1();\">R\u00e9f\u00e9rences<\/span><span role=\"button\" tabindex=\"0\" class=\"footnote_reference_container_collapse_button\" style=\"\" onclick=\"footnote_expand_collapse_reference_container_5586_1();\">[<a id=\"footnote_reference_container_collapse_button_5586_1\">+<\/a>]<\/span><\/p><\/div> <div id=\"footnote_references_container_5586_1\" style=\"display: none;\"><table class=\"footnotes_table footnote-reference-container\"><caption class=\"accessibility\">R\u00e9f\u00e9rences<\/caption> <tbody> \r\n\r\n<tr class=\"footnotes_plugin_reference_row\"> <th scope=\"row\" class=\"footnote_plugin_index_combi pointer\"  onclick=\"footnote_moveToAnchor_5586_1('footnote_plugin_tooltip_5586_1_1');\"><a id=\"footnote_plugin_reference_5586_1_1\" class=\"footnote_backlink\"><span class=\"footnote_index_arrow\">&#8593;<\/span>1<\/a><\/th> <td class=\"footnote_plugin_text\">Aujourd&#8217;hui, cela \u00e9quivaudrait au 1er janvier 2020 \u00e0 une somme de 3836 \u20ac ou 25091 F. Cf : <a href=\"https:\/\/www.insee.fr\/fr\/information\/2417794\" target=\"_blank\" rel=\"noopener noreferrer\">INSEE<\/a><\/td><\/tr>\r\n\r\n<tr class=\"footnotes_plugin_reference_row\"> <th scope=\"row\" class=\"footnote_plugin_index_combi pointer\"  onclick=\"footnote_moveToAnchor_5586_1('footnote_plugin_tooltip_5586_1_2');\"><a id=\"footnote_plugin_reference_5586_1_2\" class=\"footnote_backlink\"><span class=\"footnote_index_arrow\">&#8593;<\/span>2<\/a><\/th> <td class=\"footnote_plugin_text\">Joachim du Bellay, <em>Heureux qui comme Ulysse&#8230;<\/em><\/td><\/tr>\r\n\r\n <\/tbody> <\/table> <\/div><\/div><script type=\"text\/javascript\"> function footnote_expand_reference_container_5586_1() { jQuery('#footnote_references_container_5586_1').show(); jQuery('#footnote_reference_container_collapse_button_5586_1').text('\u2212'); } function footnote_collapse_reference_container_5586_1() { jQuery('#footnote_references_container_5586_1').hide(); jQuery('#footnote_reference_container_collapse_button_5586_1').text('+'); } function footnote_expand_collapse_reference_container_5586_1() { if (jQuery('#footnote_references_container_5586_1').is(':hidden')) { footnote_expand_reference_container_5586_1(); } else { footnote_collapse_reference_container_5586_1(); } } function footnote_moveToReference_5586_1(p_str_TargetID) { footnote_expand_reference_container_5586_1(); var l_obj_Target = jQuery('#' + p_str_TargetID); if (l_obj_Target.length) { jQuery( 'html, body' ).delay( 0 ); jQuery('html, body').animate({ scrollTop: l_obj_Target.offset().top - window.innerHeight * 0.2 }, 380); } } function footnote_moveToAnchor_5586_1(p_str_TargetID) { footnote_expand_reference_container_5586_1(); var l_obj_Target = jQuery('#' + p_str_TargetID); if (l_obj_Target.length) { jQuery( 'html, body' ).delay( 0 ); jQuery('html, body').animate({ scrollTop: l_obj_Target.offset().top - window.innerHeight * 0.2 }, 380); } }<\/script>","protected":false},"excerpt":{"rendered":"<p>Laurent St Cyr, n\u00e9 en 1960, a toujours v\u00e9cu \u00e0 l&#8217;ombre d&#8217;un bateau, dans une dynamique de d\u00e9brouillardise. Son p\u00e8re,<\/p>\n","protected":false},"author":1,"featured_media":5589,"comment_status":"open","ping_status":"open","sticky":false,"template":"","format":"standard","meta":{"_acf_changed":false,"inline_featured_image":false,"_exactmetrics_skip_tracking":false,"_exactmetrics_sitenote_active":false,"_exactmetrics_sitenote_note":"","_exactmetrics_sitenote_category":0,"ngg_post_thumbnail":0,"_jetpack_memberships_contains_paid_content":false,"footnotes":""},"categories":[4,74,7],"tags":[],"class_list":["post-5586","post","type-post","status-publish","format-standard","has-post-thumbnail","hentry","category-environnement_fr","category-tourisme","category-transports_fr"],"acf":[],"yoast_head":"<!-- This site is optimized with the Yoast SEO plugin v27.2 - https:\/\/yoast.com\/product\/yoast-seo-wordpress\/ -->\n<title>Laurent SAINT-CYR : une vie de libert\u00e9 (1\u00e8re partie : l&#039;enfance et la jeunesse) - ContribCity<\/title>\n<meta name=\"robots\" content=\"index, follow, max-snippet:-1, max-image-preview:large, max-video-preview:-1\" \/>\n<link rel=\"canonical\" href=\"https:\/\/contrib.city\/index.php\/2020\/08\/07\/laurent-saint-cyr-une-vie-de-liberte-1ere-partie-lenfance-et-la-jeunesse\/\" \/>\n<meta property=\"og:locale\" content=\"fr_FR\" \/>\n<meta property=\"og:type\" content=\"article\" \/>\n<meta property=\"og:title\" content=\"Laurent SAINT-CYR : une vie de libert\u00e9 (1\u00e8re partie : l&#039;enfance et la jeunesse) - ContribCity\" \/>\n<meta property=\"og:description\" content=\"Laurent St Cyr, n\u00e9 en 1960, a toujours v\u00e9cu \u00e0 l&#8217;ombre d&#8217;un bateau, dans une dynamique de d\u00e9brouillardise. Son p\u00e8re,\" \/>\n<meta property=\"og:url\" content=\"https:\/\/contrib.city\/index.php\/2020\/08\/07\/laurent-saint-cyr-une-vie-de-liberte-1ere-partie-lenfance-et-la-jeunesse\/\" \/>\n<meta property=\"og:site_name\" content=\"ContribCity\" \/>\n<meta property=\"article:published_time\" content=\"2020-08-07T08:40:27+00:00\" \/>\n<meta property=\"article:modified_time\" content=\"2020-08-08T07:13:10+00:00\" \/>\n<meta property=\"og:image\" content=\"https:\/\/contrib.city\/wp-content\/uploads\/2020\/08\/Laurent-pense-apr\u00e8s-un-d\u00e9part-des-Canaries-scaled.jpg\" \/>\n\t<meta property=\"og:image:width\" content=\"2560\" \/>\n\t<meta property=\"og:image:height\" content=\"1670\" \/>\n\t<meta property=\"og:image:type\" content=\"image\/jpeg\" \/>\n<meta name=\"author\" content=\"Bertrand de Foucauld\" \/>\n<meta name=\"twitter:card\" content=\"summary_large_image\" \/>\n<meta name=\"twitter:label1\" content=\"\u00c9crit par\" \/>\n\t<meta name=\"twitter:data1\" content=\"Bertrand de Foucauld\" \/>\n\t<meta name=\"twitter:label2\" content=\"Dur\u00e9e de lecture estim\u00e9e\" \/>\n\t<meta name=\"twitter:data2\" content=\"4 minutes\" \/>\n<script type=\"application\/ld+json\" class=\"yoast-schema-graph\">{\"@context\":\"https:\/\/schema.org\",\"@graph\":[{\"@type\":\"Article\",\"@id\":\"https:\/\/contrib.city\/index.php\/2020\/08\/07\/laurent-saint-cyr-une-vie-de-liberte-1ere-partie-lenfance-et-la-jeunesse\/#article\",\"isPartOf\":{\"@id\":\"https:\/\/contrib.city\/index.php\/2020\/08\/07\/laurent-saint-cyr-une-vie-de-liberte-1ere-partie-lenfance-et-la-jeunesse\/\"},\"author\":{\"name\":\"Bertrand de Foucauld\",\"@id\":\"https:\/\/contrib.city\/#\/schema\/person\/ec389c5a78a37ccaee4e8ce098099db5\"},\"headline\":\"Laurent SAINT-CYR : une vie de libert\u00e9 (1\u00e8re partie : l&#8217;enfance et la jeunesse)\",\"datePublished\":\"2020-08-07T08:40:27+00:00\",\"dateModified\":\"2020-08-08T07:13:10+00:00\",\"mainEntityOfPage\":{\"@id\":\"https:\/\/contrib.city\/index.php\/2020\/08\/07\/laurent-saint-cyr-une-vie-de-liberte-1ere-partie-lenfance-et-la-jeunesse\/\"},\"wordCount\":892,\"commentCount\":1,\"publisher\":{\"@id\":\"https:\/\/contrib.city\/#organization\"},\"image\":{\"@id\":\"https:\/\/contrib.city\/index.php\/2020\/08\/07\/laurent-saint-cyr-une-vie-de-liberte-1ere-partie-lenfance-et-la-jeunesse\/#primaryimage\"},\"thumbnailUrl\":\"https:\/\/contrib.city\/wp-content\/uploads\/2020\/08\/Laurent-pense-apr\u00e8s-un-d\u00e9part-des-Canaries-scaled.jpg\",\"articleSection\":[\"Environnement\",\"Tourisme\",\"Transports\"],\"inLanguage\":\"fr-FR\",\"potentialAction\":[{\"@type\":\"CommentAction\",\"name\":\"Comment\",\"target\":[\"https:\/\/contrib.city\/index.php\/2020\/08\/07\/laurent-saint-cyr-une-vie-de-liberte-1ere-partie-lenfance-et-la-jeunesse\/#respond\"]}]},{\"@type\":\"WebPage\",\"@id\":\"https:\/\/contrib.city\/index.php\/2020\/08\/07\/laurent-saint-cyr-une-vie-de-liberte-1ere-partie-lenfance-et-la-jeunesse\/\",\"url\":\"https:\/\/contrib.city\/index.php\/2020\/08\/07\/laurent-saint-cyr-une-vie-de-liberte-1ere-partie-lenfance-et-la-jeunesse\/\",\"name\":\"Laurent SAINT-CYR : une vie de libert\u00e9 (1\u00e8re partie : l'enfance et la jeunesse) - ContribCity\",\"isPartOf\":{\"@id\":\"https:\/\/contrib.city\/#website\"},\"primaryImageOfPage\":{\"@id\":\"https:\/\/contrib.city\/index.php\/2020\/08\/07\/laurent-saint-cyr-une-vie-de-liberte-1ere-partie-lenfance-et-la-jeunesse\/#primaryimage\"},\"image\":{\"@id\":\"https:\/\/contrib.city\/index.php\/2020\/08\/07\/laurent-saint-cyr-une-vie-de-liberte-1ere-partie-lenfance-et-la-jeunesse\/#primaryimage\"},\"thumbnailUrl\":\"https:\/\/contrib.city\/wp-content\/uploads\/2020\/08\/Laurent-pense-apr\u00e8s-un-d\u00e9part-des-Canaries-scaled.jpg\",\"datePublished\":\"2020-08-07T08:40:27+00:00\",\"dateModified\":\"2020-08-08T07:13:10+00:00\",\"breadcrumb\":{\"@id\":\"https:\/\/contrib.city\/index.php\/2020\/08\/07\/laurent-saint-cyr-une-vie-de-liberte-1ere-partie-lenfance-et-la-jeunesse\/#breadcrumb\"},\"inLanguage\":\"fr-FR\",\"potentialAction\":[{\"@type\":\"ReadAction\",\"target\":[\"https:\/\/contrib.city\/index.php\/2020\/08\/07\/laurent-saint-cyr-une-vie-de-liberte-1ere-partie-lenfance-et-la-jeunesse\/\"]}]},{\"@type\":\"ImageObject\",\"inLanguage\":\"fr-FR\",\"@id\":\"https:\/\/contrib.city\/index.php\/2020\/08\/07\/laurent-saint-cyr-une-vie-de-liberte-1ere-partie-lenfance-et-la-jeunesse\/#primaryimage\",\"url\":\"https:\/\/contrib.city\/wp-content\/uploads\/2020\/08\/Laurent-pense-apr\u00e8s-un-d\u00e9part-des-Canaries-scaled.jpg\",\"contentUrl\":\"https:\/\/contrib.city\/wp-content\/uploads\/2020\/08\/Laurent-pense-apr\u00e8s-un-d\u00e9part-des-Canaries-scaled.jpg\",\"width\":2560,\"height\":1670},{\"@type\":\"BreadcrumbList\",\"@id\":\"https:\/\/contrib.city\/index.php\/2020\/08\/07\/laurent-saint-cyr-une-vie-de-liberte-1ere-partie-lenfance-et-la-jeunesse\/#breadcrumb\",\"itemListElement\":[{\"@type\":\"ListItem\",\"position\":1,\"name\":\"Home\",\"item\":\"https:\/\/contrib.city\/\"},{\"@type\":\"ListItem\",\"position\":2,\"name\":\"Laurent SAINT-CYR : une vie de libert\u00e9 (1\u00e8re partie : l&#8217;enfance et la jeunesse)\"}]},{\"@type\":\"WebSite\",\"@id\":\"https:\/\/contrib.city\/#website\",\"url\":\"https:\/\/contrib.city\/\",\"name\":\"ContribCity\",\"description\":\"Parlons de nos lieux de vie\",\"publisher\":{\"@id\":\"https:\/\/contrib.city\/#organization\"},\"potentialAction\":[{\"@type\":\"SearchAction\",\"target\":{\"@type\":\"EntryPoint\",\"urlTemplate\":\"https:\/\/contrib.city\/?s={search_term_string}\"},\"query-input\":{\"@type\":\"PropertyValueSpecification\",\"valueRequired\":true,\"valueName\":\"search_term_string\"}}],\"inLanguage\":\"fr-FR\"},{\"@type\":\"Organization\",\"@id\":\"https:\/\/contrib.city\/#organization\",\"name\":\"ContribCity\",\"url\":\"https:\/\/contrib.city\/\",\"logo\":{\"@type\":\"ImageObject\",\"inLanguage\":\"fr-FR\",\"@id\":\"https:\/\/contrib.city\/#\/schema\/logo\/image\/\",\"url\":\"https:\/\/contrib.city\/wp-content\/uploads\/2020\/01\/cropped-Parlons-de-nos-lieux-de-vie-2.jpg\",\"contentUrl\":\"https:\/\/contrib.city\/wp-content\/uploads\/2020\/01\/cropped-Parlons-de-nos-lieux-de-vie-2.jpg\",\"width\":1133,\"height\":218,\"caption\":\"ContribCity\"},\"image\":{\"@id\":\"https:\/\/contrib.city\/#\/schema\/logo\/image\/\"}},{\"@type\":\"Person\",\"@id\":\"https:\/\/contrib.city\/#\/schema\/person\/ec389c5a78a37ccaee4e8ce098099db5\",\"name\":\"Bertrand de Foucauld\",\"image\":{\"@type\":\"ImageObject\",\"inLanguage\":\"fr-FR\",\"@id\":\"https:\/\/secure.gravatar.com\/avatar\/c49e25550e4609092f7a00fb677a980813788778df987b36cad9b0fc85a8bf73?s=96&d=mm&r=g\",\"url\":\"https:\/\/secure.gravatar.com\/avatar\/c49e25550e4609092f7a00fb677a980813788778df987b36cad9b0fc85a8bf73?s=96&d=mm&r=g\",\"contentUrl\":\"https:\/\/secure.gravatar.com\/avatar\/c49e25550e4609092f7a00fb677a980813788778df987b36cad9b0fc85a8bf73?s=96&d=mm&r=g\",\"caption\":\"Bertrand de Foucauld\"},\"url\":\"https:\/\/contrib.city\/index.php\/author\/bertrand\/\"}]}<\/script>\n<!-- \/ Yoast SEO plugin. -->","yoast_head_json":{"title":"Laurent SAINT-CYR : une vie de libert\u00e9 (1\u00e8re partie : l'enfance et la jeunesse) - ContribCity","robots":{"index":"index","follow":"follow","max-snippet":"max-snippet:-1","max-image-preview":"max-image-preview:large","max-video-preview":"max-video-preview:-1"},"canonical":"https:\/\/contrib.city\/index.php\/2020\/08\/07\/laurent-saint-cyr-une-vie-de-liberte-1ere-partie-lenfance-et-la-jeunesse\/","og_locale":"fr_FR","og_type":"article","og_title":"Laurent SAINT-CYR : une vie de libert\u00e9 (1\u00e8re partie : l'enfance et la jeunesse) - ContribCity","og_description":"Laurent St Cyr, n\u00e9 en 1960, a toujours v\u00e9cu \u00e0 l&#8217;ombre d&#8217;un bateau, dans une dynamique de d\u00e9brouillardise. Son p\u00e8re,","og_url":"https:\/\/contrib.city\/index.php\/2020\/08\/07\/laurent-saint-cyr-une-vie-de-liberte-1ere-partie-lenfance-et-la-jeunesse\/","og_site_name":"ContribCity","article_published_time":"2020-08-07T08:40:27+00:00","article_modified_time":"2020-08-08T07:13:10+00:00","og_image":[{"width":2560,"height":1670,"url":"https:\/\/contrib.city\/wp-content\/uploads\/2020\/08\/Laurent-pense-apr\u00e8s-un-d\u00e9part-des-Canaries-scaled.jpg","type":"image\/jpeg"}],"author":"Bertrand de Foucauld","twitter_card":"summary_large_image","twitter_misc":{"\u00c9crit par":"Bertrand de Foucauld","Dur\u00e9e de lecture estim\u00e9e":"4 minutes"},"schema":{"@context":"https:\/\/schema.org","@graph":[{"@type":"Article","@id":"https:\/\/contrib.city\/index.php\/2020\/08\/07\/laurent-saint-cyr-une-vie-de-liberte-1ere-partie-lenfance-et-la-jeunesse\/#article","isPartOf":{"@id":"https:\/\/contrib.city\/index.php\/2020\/08\/07\/laurent-saint-cyr-une-vie-de-liberte-1ere-partie-lenfance-et-la-jeunesse\/"},"author":{"name":"Bertrand de Foucauld","@id":"https:\/\/contrib.city\/#\/schema\/person\/ec389c5a78a37ccaee4e8ce098099db5"},"headline":"Laurent SAINT-CYR : une vie de libert\u00e9 (1\u00e8re partie : l&#8217;enfance et la jeunesse)","datePublished":"2020-08-07T08:40:27+00:00","dateModified":"2020-08-08T07:13:10+00:00","mainEntityOfPage":{"@id":"https:\/\/contrib.city\/index.php\/2020\/08\/07\/laurent-saint-cyr-une-vie-de-liberte-1ere-partie-lenfance-et-la-jeunesse\/"},"wordCount":892,"commentCount":1,"publisher":{"@id":"https:\/\/contrib.city\/#organization"},"image":{"@id":"https:\/\/contrib.city\/index.php\/2020\/08\/07\/laurent-saint-cyr-une-vie-de-liberte-1ere-partie-lenfance-et-la-jeunesse\/#primaryimage"},"thumbnailUrl":"https:\/\/contrib.city\/wp-content\/uploads\/2020\/08\/Laurent-pense-apr\u00e8s-un-d\u00e9part-des-Canaries-scaled.jpg","articleSection":["Environnement","Tourisme","Transports"],"inLanguage":"fr-FR","potentialAction":[{"@type":"CommentAction","name":"Comment","target":["https:\/\/contrib.city\/index.php\/2020\/08\/07\/laurent-saint-cyr-une-vie-de-liberte-1ere-partie-lenfance-et-la-jeunesse\/#respond"]}]},{"@type":"WebPage","@id":"https:\/\/contrib.city\/index.php\/2020\/08\/07\/laurent-saint-cyr-une-vie-de-liberte-1ere-partie-lenfance-et-la-jeunesse\/","url":"https:\/\/contrib.city\/index.php\/2020\/08\/07\/laurent-saint-cyr-une-vie-de-liberte-1ere-partie-lenfance-et-la-jeunesse\/","name":"Laurent SAINT-CYR : une vie de libert\u00e9 (1\u00e8re partie : l'enfance et la jeunesse) - ContribCity","isPartOf":{"@id":"https:\/\/contrib.city\/#website"},"primaryImageOfPage":{"@id":"https:\/\/contrib.city\/index.php\/2020\/08\/07\/laurent-saint-cyr-une-vie-de-liberte-1ere-partie-lenfance-et-la-jeunesse\/#primaryimage"},"image":{"@id":"https:\/\/contrib.city\/index.php\/2020\/08\/07\/laurent-saint-cyr-une-vie-de-liberte-1ere-partie-lenfance-et-la-jeunesse\/#primaryimage"},"thumbnailUrl":"https:\/\/contrib.city\/wp-content\/uploads\/2020\/08\/Laurent-pense-apr\u00e8s-un-d\u00e9part-des-Canaries-scaled.jpg","datePublished":"2020-08-07T08:40:27+00:00","dateModified":"2020-08-08T07:13:10+00:00","breadcrumb":{"@id":"https:\/\/contrib.city\/index.php\/2020\/08\/07\/laurent-saint-cyr-une-vie-de-liberte-1ere-partie-lenfance-et-la-jeunesse\/#breadcrumb"},"inLanguage":"fr-FR","potentialAction":[{"@type":"ReadAction","target":["https:\/\/contrib.city\/index.php\/2020\/08\/07\/laurent-saint-cyr-une-vie-de-liberte-1ere-partie-lenfance-et-la-jeunesse\/"]}]},{"@type":"ImageObject","inLanguage":"fr-FR","@id":"https:\/\/contrib.city\/index.php\/2020\/08\/07\/laurent-saint-cyr-une-vie-de-liberte-1ere-partie-lenfance-et-la-jeunesse\/#primaryimage","url":"https:\/\/contrib.city\/wp-content\/uploads\/2020\/08\/Laurent-pense-apr\u00e8s-un-d\u00e9part-des-Canaries-scaled.jpg","contentUrl":"https:\/\/contrib.city\/wp-content\/uploads\/2020\/08\/Laurent-pense-apr\u00e8s-un-d\u00e9part-des-Canaries-scaled.jpg","width":2560,"height":1670},{"@type":"BreadcrumbList","@id":"https:\/\/contrib.city\/index.php\/2020\/08\/07\/laurent-saint-cyr-une-vie-de-liberte-1ere-partie-lenfance-et-la-jeunesse\/#breadcrumb","itemListElement":[{"@type":"ListItem","position":1,"name":"Home","item":"https:\/\/contrib.city\/"},{"@type":"ListItem","position":2,"name":"Laurent SAINT-CYR : une vie de libert\u00e9 (1\u00e8re partie : l&#8217;enfance et la jeunesse)"}]},{"@type":"WebSite","@id":"https:\/\/contrib.city\/#website","url":"https:\/\/contrib.city\/","name":"ContribCity","description":"Parlons de nos lieux de vie","publisher":{"@id":"https:\/\/contrib.city\/#organization"},"potentialAction":[{"@type":"SearchAction","target":{"@type":"EntryPoint","urlTemplate":"https:\/\/contrib.city\/?s={search_term_string}"},"query-input":{"@type":"PropertyValueSpecification","valueRequired":true,"valueName":"search_term_string"}}],"inLanguage":"fr-FR"},{"@type":"Organization","@id":"https:\/\/contrib.city\/#organization","name":"ContribCity","url":"https:\/\/contrib.city\/","logo":{"@type":"ImageObject","inLanguage":"fr-FR","@id":"https:\/\/contrib.city\/#\/schema\/logo\/image\/","url":"https:\/\/contrib.city\/wp-content\/uploads\/2020\/01\/cropped-Parlons-de-nos-lieux-de-vie-2.jpg","contentUrl":"https:\/\/contrib.city\/wp-content\/uploads\/2020\/01\/cropped-Parlons-de-nos-lieux-de-vie-2.jpg","width":1133,"height":218,"caption":"ContribCity"},"image":{"@id":"https:\/\/contrib.city\/#\/schema\/logo\/image\/"}},{"@type":"Person","@id":"https:\/\/contrib.city\/#\/schema\/person\/ec389c5a78a37ccaee4e8ce098099db5","name":"Bertrand de Foucauld","image":{"@type":"ImageObject","inLanguage":"fr-FR","@id":"https:\/\/secure.gravatar.com\/avatar\/c49e25550e4609092f7a00fb677a980813788778df987b36cad9b0fc85a8bf73?s=96&d=mm&r=g","url":"https:\/\/secure.gravatar.com\/avatar\/c49e25550e4609092f7a00fb677a980813788778df987b36cad9b0fc85a8bf73?s=96&d=mm&r=g","contentUrl":"https:\/\/secure.gravatar.com\/avatar\/c49e25550e4609092f7a00fb677a980813788778df987b36cad9b0fc85a8bf73?s=96&d=mm&r=g","caption":"Bertrand de Foucauld"},"url":"https:\/\/contrib.city\/index.php\/author\/bertrand\/"}]}},"jetpack_featured_media_url":"https:\/\/contrib.city\/wp-content\/uploads\/2020\/08\/Laurent-pense-apr\u00e8s-un-d\u00e9part-des-Canaries-scaled.jpg","jetpack_sharing_enabled":true,"post_mailing_queue_ids":[],"_links":{"self":[{"href":"https:\/\/contrib.city\/index.php\/wp-json\/wp\/v2\/posts\/5586","targetHints":{"allow":["GET"]}}],"collection":[{"href":"https:\/\/contrib.city\/index.php\/wp-json\/wp\/v2\/posts"}],"about":[{"href":"https:\/\/contrib.city\/index.php\/wp-json\/wp\/v2\/types\/post"}],"author":[{"embeddable":true,"href":"https:\/\/contrib.city\/index.php\/wp-json\/wp\/v2\/users\/1"}],"replies":[{"embeddable":true,"href":"https:\/\/contrib.city\/index.php\/wp-json\/wp\/v2\/comments?post=5586"}],"version-history":[{"count":14,"href":"https:\/\/contrib.city\/index.php\/wp-json\/wp\/v2\/posts\/5586\/revisions"}],"predecessor-version":[{"id":5625,"href":"https:\/\/contrib.city\/index.php\/wp-json\/wp\/v2\/posts\/5586\/revisions\/5625"}],"wp:featuredmedia":[{"embeddable":true,"href":"https:\/\/contrib.city\/index.php\/wp-json\/wp\/v2\/media\/5589"}],"wp:attachment":[{"href":"https:\/\/contrib.city\/index.php\/wp-json\/wp\/v2\/media?parent=5586"}],"wp:term":[{"taxonomy":"category","embeddable":true,"href":"https:\/\/contrib.city\/index.php\/wp-json\/wp\/v2\/categories?post=5586"},{"taxonomy":"post_tag","embeddable":true,"href":"https:\/\/contrib.city\/index.php\/wp-json\/wp\/v2\/tags?post=5586"}],"curies":[{"name":"wp","href":"https:\/\/api.w.org\/{rel}","templated":true}]}}