{"id":5849,"date":"2020-09-11T18:35:26","date_gmt":"2020-09-11T16:35:26","guid":{"rendered":"https:\/\/contrib.city\/?p=5849"},"modified":"2020-09-11T18:37:29","modified_gmt":"2020-09-11T16:37:29","slug":"reponse-de-marie-helene-aubert","status":"publish","type":"post","link":"https:\/\/contrib.city\/index.php\/2020\/09\/11\/reponse-de-marie-helene-aubert\/","title":{"rendered":"R\u00e9ponse de Marie-H\u00e9l\u00e8ne Aubert"},"content":{"rendered":"<p>Mme Aubert, maire de Jouy-en-Josas, vice-pr\u00e9sidente de Versailles Grand-Parc et vice-pr\u00e9sidente du conseil d\u00e9partemental des Yvelines, r\u00e9pond \u00e0 contrib.city.<\/p>\n<p style=\"text-align: center;\">&#8212;&#8212;&#8212;&#8212;&#8212;&#8212;&#8212;&#8212;&#8212;&#8212;&#8212;&#8212;&#8211;<\/p>\n<p style=\"text-align: center;\">Droit de r\u00e9ponse<\/p>\n<p>&nbsp;<\/p>\n<p style=\"text-align: justify;\" align=\"justify\">Depuis plusieurs mois se met en place, \u00e0 bas bruit, une campagne malveillante \u00e0 mon endroit sur le site Contrib\u2019City.<\/p>\n<p style=\"text-align: justify;\" align=\"justify\">Avec un art du feuilleton, les articles se succ\u00e8dent pour sugg\u00e9rer une absence de transparence de ma part dans l\u2019exercice de mes fonctions \u00e9lectives.<\/p>\n<p style=\"text-align: justify;\" align=\"justify\">Tout d\u2019abord il est indiqu\u00e9 qu\u2019en 2015, lors de mon \u00e9lection \u00e0 l\u2019ex\u00e9cutif du Conseil D\u00e9partemental, j\u2019aurai omis de mentionner de fa\u00e7on exhaustive l\u2019\u00e9tat de mes r\u00e9mun\u00e9rations.<\/p>\n<p style=\"text-align: justify;\" align=\"justify\">Rien n\u2019est plus faux.<\/p>\n<p style=\"text-align: justify;\" align=\"justify\">A l\u2019instar de nombreux \u00e9lus, j\u2019ai \u00e9t\u00e9 contr\u00f4l\u00e9e en 2017 par la Haute Autorit\u00e9 pour la Transparence de la Vie Publique qui m\u2019a donn\u00e9 quitus sur l\u2019ensemble de mes d\u00e9clarations en ces termes&nbsp;: <i>\u00ab&nbsp;Je tiens \u00e0 vous remercier pour les pr\u00e9cisions que vous avez apport\u00e9es en compl\u00e9ment de votre d\u00e9claration de situation patrimoniale du 26 mai 2015. (\u2026) <\/i><i>\u00c0<\/i><i> la lumi\u00e8re de ces pr\u00e9cisions et au vu des \u00e9l\u00e9ments port\u00e9s \u00e0 sa connaissance, la Haute Autorit\u00e9 a consid\u00e9r\u00e9 que votre d\u00e9claration r\u00e9pondait aux prescriptions l\u00e9gales.&nbsp;\u00bb.<\/i><\/p>\n<p style=\"text-align: justify;\" align=\"justify\">Ainsi, la Haute Autorit\u00e9 ne trouve rien \u00e0 redire quand le site Contrib\u2019City se perd en conjectures sur ma pr\u00e9tendue absence de transparence&nbsp;!<\/p>\n<p style=\"text-align: justify;\" align=\"justify\">Avec une constance forcen\u00e9e dans la volont\u00e9 de nuire qui force le respect, le site essaie de travestir la r\u00e9alit\u00e9 en proc\u00e9dant \u00e0 d\u2019autres insinuations.<\/p>\n<p style=\"text-align: justify;\" align=\"justify\">Alors que j\u2019ai d\u00e9clar\u00e9 \u00e0 la Haute Autorit\u00e9 \u00eatre titulaire de parts \u00e9valu\u00e9es \u00e0 120&nbsp;000 \u20ac, le site \u00e9voque une \u00ab&nbsp;holding&nbsp;\u00bb&nbsp;!!<\/p>\n<p style=\"text-align: justify;\" align=\"justify\">La r\u00e9alit\u00e9 est plus simple.<\/p>\n<p style=\"text-align: justify;\" align=\"justify\">Il s\u2019agit de parts sociales d\u2019une SARL familiale qui g\u00e8re une maison de famille \u00e0 Noirmoutier et dont les actionnaires sont mes fr\u00e8re et s\u0153urs.<\/p>\n<p style=\"text-align: justify;\" align=\"justify\">Le site va jusqu\u2019\u00e0 ironiser sur le fait que mon nom de jeune de fille serait le m\u00eame que celui de mon fr\u00e8re (sic), qui est le g\u00e9rant de cette soci\u00e9t\u00e9 et, ce, comme si j\u2019avais voulu cacher mon identit\u00e9.<\/p>\n<p style=\"text-align: justify;\" align=\"justify\">Il est vrai que les mots \u00ab&nbsp;holding&nbsp;\u00bb et \u00ab&nbsp;immobilier&nbsp;\u00bb sont sans doute plus vendeurs et sensationnels&nbsp;!<\/p>\n<p style=\"text-align: justify;\" align=\"justify\">Je vous rappelle que le contr\u00f4le du patrimoine des \u00e9lus d\u00e9volu \u00e0 la Haute Autorit\u00e9 pour la Transparence de la Vie Publique permet de s\u2019assurer que les \u00e9lus durant leur mandat ne s\u2019enrichissent pas.<\/p>\n<p style=\"text-align: justify;\" align=\"justify\">C\u2019est un principe sain et citoyen.<\/p>\n<p style=\"text-align: justify;\" align=\"justify\">Le probl\u00e8me appara\u00eet lorsque ce principe est d\u00e9voy\u00e9 de son but initial pour utiliser les informations patrimoniales communiqu\u00e9es par les \u00e9lus pour tenter de les d\u00e9peindre comme dilapidant des fonds publics.<\/p>\n<p style=\"text-align: justify;\" align=\"justify\">Ce qui semble insupportable au site Contrib\u2019City, c\u2019est que les \u00e9lus de la R\u00e9publique soient indemnis\u00e9s pour les mandats qu\u2019ils remplissent.<\/p>\n<p style=\"text-align: justify;\" align=\"justify\">Or, la vie politique a un co\u00fbt et indemniser correctement les \u00e9lus est non seulement juste mais \u00e9galement n\u00e9cessaire.<\/p>\n<p style=\"text-align: justify;\" align=\"justify\">Le financement de la vie publique sans avoir recours \u00e0 des fonds priv\u00e9s est le garant de la solidit\u00e9 des institutions.<\/p>\n<p style=\"text-align: justify;\" align=\"justify\">Les mandats que j\u2019exerce sont de notori\u00e9t\u00e9 publique, les indemnit\u00e9s qui y sont li\u00e9es \u00e9galement, sachant que certaines ne sont pas au plafond de ce qui est autoris\u00e9 par la loi.<\/p>\n<p style=\"text-align: justify;\" align=\"justify\">Telle est donc la situation que je ne cherche pas \u00e0 cacher et dont je n\u2019ai pas \u00e0 rougir.<\/p>\n<p style=\"text-align: justify;\" align=\"justify\">Mon implication comme \u00e9lue est totale. Je travaille quotidiennement sans compter ni mon temps ni mes heures, au d\u00e9triment souvent de ma vie priv\u00e9e.<\/p>\n<p style=\"text-align: justify;\" align=\"justify\">Les indemnit\u00e9s qui me sont vers\u00e9es sont la contrepartie d\u2019un travail r\u00e9ellement effectu\u00e9 et d\u2019un engagement de chaque instant, avec les responsabilit\u00e9s qui y sont attach\u00e9es.<\/p>\n<p style=\"text-align: justify;\" align=\"justify\">Si le d\u00e9bat de mes opposants se limite \u00e0 faire l\u2019addition des sommes que je per\u00e7ois comme \u00e9lue pour soutenir que je serais trop pay\u00e9e, je crains qu\u2019il n\u2019y ait pas d\u2019issue et pas de discussion possible.<\/p>\n<p style=\"text-align: justify;\" align=\"justify\">Ce type de raisonnement participe d\u2019une forme d\u2019antiparlementarisme de base visant \u00e0 pr\u00e9senter les \u00e9lus comme des profiteurs de la R\u00e9publique.<\/p>\n<p style=\"text-align: justify;\" align=\"justify\"><a name=\"_GoBack\"><\/a> Cette attitude est irresponsable.<\/p>\n<p style=\"text-align: justify;\" align=\"justify\">Ce genre de pol\u00e9mique ne bridera pas mon enthousiasme pour la politique que j\u2019aime, celle pour laquelle je me suis engag\u00e9e, celle pour laquelle j\u2019ai \u00e9t\u00e9 \u00e9lue&nbsp;: \u00eatre avant tout au service des jovaciens, que je remercie de leur confiance.<\/p>\n<p align=\"justify\">Marie-H\u00e9l\u00e8ne Aubert<\/p>\n<p>&nbsp;<\/p>\n<p>&nbsp;<\/p>\n<p>&nbsp;<\/p>\n","protected":false},"excerpt":{"rendered":"<p>Mme Aubert, maire de Jouy-en-Josas, vice-pr\u00e9sidente de Versailles Grand-Parc et vice-pr\u00e9sidente du conseil d\u00e9partemental des Yvelines, r\u00e9pond \u00e0 contrib.city. &#8212;&#8212;&#8212;&#8212;&#8212;&#8212;&#8212;&#8212;&#8212;&#8212;&#8212;&#8212;&#8211;<\/p>\n","protected":false},"author":1,"featured_media":2325,"comment_status":"open","ping_status":"open","sticky":false,"template":"","format":"standard","meta":{"_acf_changed":false,"inline_featured_image":false,"_exactmetrics_skip_tracking":false,"_exactmetrics_sitenote_active":false,"_exactmetrics_sitenote_note":"","_exactmetrics_sitenote_category":0,"ngg_post_thumbnail":0,"_jetpack_memberships_contains_paid_content":false,"footnotes":""},"categories":[2],"tags":[],"class_list":["post-5849","post","type-post","status-publish","format-standard","has-post-thumbnail","hentry","category-commerce-fr"],"acf":[],"yoast_head":"<!-- This site is optimized with the Yoast SEO plugin v27.2 - https:\/\/yoast.com\/product\/yoast-seo-wordpress\/ -->\n<title>R\u00e9ponse de Marie-H\u00e9l\u00e8ne Aubert - ContribCity<\/title>\n<meta name=\"robots\" content=\"index, follow, max-snippet:-1, max-image-preview:large, max-video-preview:-1\" \/>\n<link rel=\"canonical\" href=\"https:\/\/contrib.city\/index.php\/2020\/09\/11\/reponse-de-marie-helene-aubert\/\" \/>\n<meta property=\"og:locale\" content=\"fr_FR\" \/>\n<meta property=\"og:type\" content=\"article\" \/>\n<meta property=\"og:title\" content=\"R\u00e9ponse de Marie-H\u00e9l\u00e8ne Aubert - ContribCity\" \/>\n<meta property=\"og:description\" content=\"Mme Aubert, maire de Jouy-en-Josas, vice-pr\u00e9sidente de Versailles Grand-Parc et vice-pr\u00e9sidente du conseil d\u00e9partemental des Yvelines, r\u00e9pond \u00e0 contrib.city. &#8212;&#8212;&#8212;&#8212;&#8212;&#8212;&#8212;&#8212;&#8212;&#8212;&#8212;&#8212;&#8211;\" \/>\n<meta property=\"og:url\" content=\"https:\/\/contrib.city\/index.php\/2020\/09\/11\/reponse-de-marie-helene-aubert\/\" \/>\n<meta property=\"og:site_name\" content=\"ContribCity\" \/>\n<meta property=\"article:published_time\" content=\"2020-09-11T16:35:26+00:00\" \/>\n<meta property=\"article:modified_time\" content=\"2020-09-11T16:37:29+00:00\" \/>\n<meta property=\"og:image\" content=\"https:\/\/contrib.city\/wp-content\/uploads\/2020\/03\/MH-Aubert.jpg\" \/>\n\t<meta property=\"og:image:width\" content=\"762\" \/>\n\t<meta property=\"og:image:height\" content=\"393\" \/>\n\t<meta property=\"og:image:type\" content=\"image\/jpeg\" \/>\n<meta name=\"author\" content=\"Bertrand de Foucauld\" \/>\n<meta name=\"twitter:card\" content=\"summary_large_image\" \/>\n<meta name=\"twitter:label1\" content=\"\u00c9crit par\" \/>\n\t<meta name=\"twitter:data1\" content=\"Bertrand de Foucauld\" \/>\n\t<meta name=\"twitter:label2\" content=\"Dur\u00e9e de lecture estim\u00e9e\" \/>\n\t<meta name=\"twitter:data2\" content=\"4 minutes\" \/>\n<script type=\"application\/ld+json\" class=\"yoast-schema-graph\">{\"@context\":\"https:\/\/schema.org\",\"@graph\":[{\"@type\":\"Article\",\"@id\":\"https:\/\/contrib.city\/index.php\/2020\/09\/11\/reponse-de-marie-helene-aubert\/#article\",\"isPartOf\":{\"@id\":\"https:\/\/contrib.city\/index.php\/2020\/09\/11\/reponse-de-marie-helene-aubert\/\"},\"author\":{\"name\":\"Bertrand de Foucauld\",\"@id\":\"https:\/\/contrib.city\/#\/schema\/person\/ec389c5a78a37ccaee4e8ce098099db5\"},\"headline\":\"R\u00e9ponse de Marie-H\u00e9l\u00e8ne Aubert\",\"datePublished\":\"2020-09-11T16:35:26+00:00\",\"dateModified\":\"2020-09-11T16:37:29+00:00\",\"mainEntityOfPage\":{\"@id\":\"https:\/\/contrib.city\/index.php\/2020\/09\/11\/reponse-de-marie-helene-aubert\/\"},\"wordCount\":783,\"commentCount\":10,\"publisher\":{\"@id\":\"https:\/\/contrib.city\/#organization\"},\"image\":{\"@id\":\"https:\/\/contrib.city\/index.php\/2020\/09\/11\/reponse-de-marie-helene-aubert\/#primaryimage\"},\"thumbnailUrl\":\"https:\/\/contrib.city\/wp-content\/uploads\/2020\/03\/MH-Aubert.jpg\",\"articleSection\":[\"Vie quotidienne\"],\"inLanguage\":\"fr-FR\",\"potentialAction\":[{\"@type\":\"CommentAction\",\"name\":\"Comment\",\"target\":[\"https:\/\/contrib.city\/index.php\/2020\/09\/11\/reponse-de-marie-helene-aubert\/#respond\"]}]},{\"@type\":\"WebPage\",\"@id\":\"https:\/\/contrib.city\/index.php\/2020\/09\/11\/reponse-de-marie-helene-aubert\/\",\"url\":\"https:\/\/contrib.city\/index.php\/2020\/09\/11\/reponse-de-marie-helene-aubert\/\",\"name\":\"R\u00e9ponse de Marie-H\u00e9l\u00e8ne Aubert - ContribCity\",\"isPartOf\":{\"@id\":\"https:\/\/contrib.city\/#website\"},\"primaryImageOfPage\":{\"@id\":\"https:\/\/contrib.city\/index.php\/2020\/09\/11\/reponse-de-marie-helene-aubert\/#primaryimage\"},\"image\":{\"@id\":\"https:\/\/contrib.city\/index.php\/2020\/09\/11\/reponse-de-marie-helene-aubert\/#primaryimage\"},\"thumbnailUrl\":\"https:\/\/contrib.city\/wp-content\/uploads\/2020\/03\/MH-Aubert.jpg\",\"datePublished\":\"2020-09-11T16:35:26+00:00\",\"dateModified\":\"2020-09-11T16:37:29+00:00\",\"breadcrumb\":{\"@id\":\"https:\/\/contrib.city\/index.php\/2020\/09\/11\/reponse-de-marie-helene-aubert\/#breadcrumb\"},\"inLanguage\":\"fr-FR\",\"potentialAction\":[{\"@type\":\"ReadAction\",\"target\":[\"https:\/\/contrib.city\/index.php\/2020\/09\/11\/reponse-de-marie-helene-aubert\/\"]}]},{\"@type\":\"ImageObject\",\"inLanguage\":\"fr-FR\",\"@id\":\"https:\/\/contrib.city\/index.php\/2020\/09\/11\/reponse-de-marie-helene-aubert\/#primaryimage\",\"url\":\"https:\/\/contrib.city\/wp-content\/uploads\/2020\/03\/MH-Aubert.jpg\",\"contentUrl\":\"https:\/\/contrib.city\/wp-content\/uploads\/2020\/03\/MH-Aubert.jpg\",\"width\":762,\"height\":393},{\"@type\":\"BreadcrumbList\",\"@id\":\"https:\/\/contrib.city\/index.php\/2020\/09\/11\/reponse-de-marie-helene-aubert\/#breadcrumb\",\"itemListElement\":[{\"@type\":\"ListItem\",\"position\":1,\"name\":\"Home\",\"item\":\"https:\/\/contrib.city\/\"},{\"@type\":\"ListItem\",\"position\":2,\"name\":\"R\u00e9ponse de Marie-H\u00e9l\u00e8ne Aubert\"}]},{\"@type\":\"WebSite\",\"@id\":\"https:\/\/contrib.city\/#website\",\"url\":\"https:\/\/contrib.city\/\",\"name\":\"ContribCity\",\"description\":\"Parlons de nos lieux de vie\",\"publisher\":{\"@id\":\"https:\/\/contrib.city\/#organization\"},\"potentialAction\":[{\"@type\":\"SearchAction\",\"target\":{\"@type\":\"EntryPoint\",\"urlTemplate\":\"https:\/\/contrib.city\/?s={search_term_string}\"},\"query-input\":{\"@type\":\"PropertyValueSpecification\",\"valueRequired\":true,\"valueName\":\"search_term_string\"}}],\"inLanguage\":\"fr-FR\"},{\"@type\":\"Organization\",\"@id\":\"https:\/\/contrib.city\/#organization\",\"name\":\"ContribCity\",\"url\":\"https:\/\/contrib.city\/\",\"logo\":{\"@type\":\"ImageObject\",\"inLanguage\":\"fr-FR\",\"@id\":\"https:\/\/contrib.city\/#\/schema\/logo\/image\/\",\"url\":\"https:\/\/contrib.city\/wp-content\/uploads\/2020\/01\/cropped-Parlons-de-nos-lieux-de-vie-2.jpg\",\"contentUrl\":\"https:\/\/contrib.city\/wp-content\/uploads\/2020\/01\/cropped-Parlons-de-nos-lieux-de-vie-2.jpg\",\"width\":1133,\"height\":218,\"caption\":\"ContribCity\"},\"image\":{\"@id\":\"https:\/\/contrib.city\/#\/schema\/logo\/image\/\"}},{\"@type\":\"Person\",\"@id\":\"https:\/\/contrib.city\/#\/schema\/person\/ec389c5a78a37ccaee4e8ce098099db5\",\"name\":\"Bertrand de Foucauld\",\"image\":{\"@type\":\"ImageObject\",\"inLanguage\":\"fr-FR\",\"@id\":\"https:\/\/secure.gravatar.com\/avatar\/c49e25550e4609092f7a00fb677a980813788778df987b36cad9b0fc85a8bf73?s=96&d=mm&r=g\",\"url\":\"https:\/\/secure.gravatar.com\/avatar\/c49e25550e4609092f7a00fb677a980813788778df987b36cad9b0fc85a8bf73?s=96&d=mm&r=g\",\"contentUrl\":\"https:\/\/secure.gravatar.com\/avatar\/c49e25550e4609092f7a00fb677a980813788778df987b36cad9b0fc85a8bf73?s=96&d=mm&r=g\",\"caption\":\"Bertrand de Foucauld\"},\"url\":\"https:\/\/contrib.city\/index.php\/author\/bertrand\/\"}]}<\/script>\n<!-- \/ Yoast SEO plugin. -->","yoast_head_json":{"title":"R\u00e9ponse de Marie-H\u00e9l\u00e8ne Aubert - ContribCity","robots":{"index":"index","follow":"follow","max-snippet":"max-snippet:-1","max-image-preview":"max-image-preview:large","max-video-preview":"max-video-preview:-1"},"canonical":"https:\/\/contrib.city\/index.php\/2020\/09\/11\/reponse-de-marie-helene-aubert\/","og_locale":"fr_FR","og_type":"article","og_title":"R\u00e9ponse de Marie-H\u00e9l\u00e8ne Aubert - ContribCity","og_description":"Mme Aubert, maire de Jouy-en-Josas, vice-pr\u00e9sidente de Versailles Grand-Parc et vice-pr\u00e9sidente du conseil d\u00e9partemental des Yvelines, r\u00e9pond \u00e0 contrib.city. &#8212;&#8212;&#8212;&#8212;&#8212;&#8212;&#8212;&#8212;&#8212;&#8212;&#8212;&#8212;&#8211;","og_url":"https:\/\/contrib.city\/index.php\/2020\/09\/11\/reponse-de-marie-helene-aubert\/","og_site_name":"ContribCity","article_published_time":"2020-09-11T16:35:26+00:00","article_modified_time":"2020-09-11T16:37:29+00:00","og_image":[{"width":762,"height":393,"url":"https:\/\/contrib.city\/wp-content\/uploads\/2020\/03\/MH-Aubert.jpg","type":"image\/jpeg"}],"author":"Bertrand de Foucauld","twitter_card":"summary_large_image","twitter_misc":{"\u00c9crit par":"Bertrand de Foucauld","Dur\u00e9e de lecture estim\u00e9e":"4 minutes"},"schema":{"@context":"https:\/\/schema.org","@graph":[{"@type":"Article","@id":"https:\/\/contrib.city\/index.php\/2020\/09\/11\/reponse-de-marie-helene-aubert\/#article","isPartOf":{"@id":"https:\/\/contrib.city\/index.php\/2020\/09\/11\/reponse-de-marie-helene-aubert\/"},"author":{"name":"Bertrand de Foucauld","@id":"https:\/\/contrib.city\/#\/schema\/person\/ec389c5a78a37ccaee4e8ce098099db5"},"headline":"R\u00e9ponse de Marie-H\u00e9l\u00e8ne Aubert","datePublished":"2020-09-11T16:35:26+00:00","dateModified":"2020-09-11T16:37:29+00:00","mainEntityOfPage":{"@id":"https:\/\/contrib.city\/index.php\/2020\/09\/11\/reponse-de-marie-helene-aubert\/"},"wordCount":783,"commentCount":10,"publisher":{"@id":"https:\/\/contrib.city\/#organization"},"image":{"@id":"https:\/\/contrib.city\/index.php\/2020\/09\/11\/reponse-de-marie-helene-aubert\/#primaryimage"},"thumbnailUrl":"https:\/\/contrib.city\/wp-content\/uploads\/2020\/03\/MH-Aubert.jpg","articleSection":["Vie quotidienne"],"inLanguage":"fr-FR","potentialAction":[{"@type":"CommentAction","name":"Comment","target":["https:\/\/contrib.city\/index.php\/2020\/09\/11\/reponse-de-marie-helene-aubert\/#respond"]}]},{"@type":"WebPage","@id":"https:\/\/contrib.city\/index.php\/2020\/09\/11\/reponse-de-marie-helene-aubert\/","url":"https:\/\/contrib.city\/index.php\/2020\/09\/11\/reponse-de-marie-helene-aubert\/","name":"R\u00e9ponse de Marie-H\u00e9l\u00e8ne Aubert - ContribCity","isPartOf":{"@id":"https:\/\/contrib.city\/#website"},"primaryImageOfPage":{"@id":"https:\/\/contrib.city\/index.php\/2020\/09\/11\/reponse-de-marie-helene-aubert\/#primaryimage"},"image":{"@id":"https:\/\/contrib.city\/index.php\/2020\/09\/11\/reponse-de-marie-helene-aubert\/#primaryimage"},"thumbnailUrl":"https:\/\/contrib.city\/wp-content\/uploads\/2020\/03\/MH-Aubert.jpg","datePublished":"2020-09-11T16:35:26+00:00","dateModified":"2020-09-11T16:37:29+00:00","breadcrumb":{"@id":"https:\/\/contrib.city\/index.php\/2020\/09\/11\/reponse-de-marie-helene-aubert\/#breadcrumb"},"inLanguage":"fr-FR","potentialAction":[{"@type":"ReadAction","target":["https:\/\/contrib.city\/index.php\/2020\/09\/11\/reponse-de-marie-helene-aubert\/"]}]},{"@type":"ImageObject","inLanguage":"fr-FR","@id":"https:\/\/contrib.city\/index.php\/2020\/09\/11\/reponse-de-marie-helene-aubert\/#primaryimage","url":"https:\/\/contrib.city\/wp-content\/uploads\/2020\/03\/MH-Aubert.jpg","contentUrl":"https:\/\/contrib.city\/wp-content\/uploads\/2020\/03\/MH-Aubert.jpg","width":762,"height":393},{"@type":"BreadcrumbList","@id":"https:\/\/contrib.city\/index.php\/2020\/09\/11\/reponse-de-marie-helene-aubert\/#breadcrumb","itemListElement":[{"@type":"ListItem","position":1,"name":"Home","item":"https:\/\/contrib.city\/"},{"@type":"ListItem","position":2,"name":"R\u00e9ponse de Marie-H\u00e9l\u00e8ne Aubert"}]},{"@type":"WebSite","@id":"https:\/\/contrib.city\/#website","url":"https:\/\/contrib.city\/","name":"ContribCity","description":"Parlons de nos lieux de vie","publisher":{"@id":"https:\/\/contrib.city\/#organization"},"potentialAction":[{"@type":"SearchAction","target":{"@type":"EntryPoint","urlTemplate":"https:\/\/contrib.city\/?s={search_term_string}"},"query-input":{"@type":"PropertyValueSpecification","valueRequired":true,"valueName":"search_term_string"}}],"inLanguage":"fr-FR"},{"@type":"Organization","@id":"https:\/\/contrib.city\/#organization","name":"ContribCity","url":"https:\/\/contrib.city\/","logo":{"@type":"ImageObject","inLanguage":"fr-FR","@id":"https:\/\/contrib.city\/#\/schema\/logo\/image\/","url":"https:\/\/contrib.city\/wp-content\/uploads\/2020\/01\/cropped-Parlons-de-nos-lieux-de-vie-2.jpg","contentUrl":"https:\/\/contrib.city\/wp-content\/uploads\/2020\/01\/cropped-Parlons-de-nos-lieux-de-vie-2.jpg","width":1133,"height":218,"caption":"ContribCity"},"image":{"@id":"https:\/\/contrib.city\/#\/schema\/logo\/image\/"}},{"@type":"Person","@id":"https:\/\/contrib.city\/#\/schema\/person\/ec389c5a78a37ccaee4e8ce098099db5","name":"Bertrand de Foucauld","image":{"@type":"ImageObject","inLanguage":"fr-FR","@id":"https:\/\/secure.gravatar.com\/avatar\/c49e25550e4609092f7a00fb677a980813788778df987b36cad9b0fc85a8bf73?s=96&d=mm&r=g","url":"https:\/\/secure.gravatar.com\/avatar\/c49e25550e4609092f7a00fb677a980813788778df987b36cad9b0fc85a8bf73?s=96&d=mm&r=g","contentUrl":"https:\/\/secure.gravatar.com\/avatar\/c49e25550e4609092f7a00fb677a980813788778df987b36cad9b0fc85a8bf73?s=96&d=mm&r=g","caption":"Bertrand de Foucauld"},"url":"https:\/\/contrib.city\/index.php\/author\/bertrand\/"}]}},"jetpack_featured_media_url":"https:\/\/contrib.city\/wp-content\/uploads\/2020\/03\/MH-Aubert.jpg","jetpack_sharing_enabled":true,"post_mailing_queue_ids":[],"_links":{"self":[{"href":"https:\/\/contrib.city\/index.php\/wp-json\/wp\/v2\/posts\/5849","targetHints":{"allow":["GET"]}}],"collection":[{"href":"https:\/\/contrib.city\/index.php\/wp-json\/wp\/v2\/posts"}],"about":[{"href":"https:\/\/contrib.city\/index.php\/wp-json\/wp\/v2\/types\/post"}],"author":[{"embeddable":true,"href":"https:\/\/contrib.city\/index.php\/wp-json\/wp\/v2\/users\/1"}],"replies":[{"embeddable":true,"href":"https:\/\/contrib.city\/index.php\/wp-json\/wp\/v2\/comments?post=5849"}],"version-history":[{"count":2,"href":"https:\/\/contrib.city\/index.php\/wp-json\/wp\/v2\/posts\/5849\/revisions"}],"predecessor-version":[{"id":5851,"href":"https:\/\/contrib.city\/index.php\/wp-json\/wp\/v2\/posts\/5849\/revisions\/5851"}],"wp:featuredmedia":[{"embeddable":true,"href":"https:\/\/contrib.city\/index.php\/wp-json\/wp\/v2\/media\/2325"}],"wp:attachment":[{"href":"https:\/\/contrib.city\/index.php\/wp-json\/wp\/v2\/media?parent=5849"}],"wp:term":[{"taxonomy":"category","embeddable":true,"href":"https:\/\/contrib.city\/index.php\/wp-json\/wp\/v2\/categories?post=5849"},{"taxonomy":"post_tag","embeddable":true,"href":"https:\/\/contrib.city\/index.php\/wp-json\/wp\/v2\/tags?post=5849"}],"curies":[{"name":"wp","href":"https:\/\/api.w.org\/{rel}","templated":true}]}}