{"id":5975,"date":"2020-10-11T10:56:24","date_gmt":"2020-10-11T08:56:24","guid":{"rendered":"https:\/\/contrib.city\/?p=5975"},"modified":"2020-10-12T19:04:39","modified_gmt":"2020-10-12T17:04:39","slug":"le-jeu-des-iles","status":"publish","type":"post","link":"https:\/\/contrib.city\/index.php\/2020\/10\/11\/le-jeu-des-iles\/","title":{"rendered":"Le jeu des \u00eeles &#8211; H\u0153dic"},"content":{"rendered":"<p style=\"text-align: justify;\">Prenons un jeu de soci\u00e9t\u00e9 dans lequel le d\u00e9fi serait le suivant : vous devez d\u00e9velopper un territoire soumis \u00e0 quelques difficult\u00e9s. Ces derni\u00e8res sont les suivantes : isolement, petitesse, \u00e9rosion, manque d&#8217;eau potable, inondation, mono-\u00e9conomie, fragilit\u00e9 \u00e9conomique et militaire, sous-d\u00e9mographie, surpopulation, faune et flore en p\u00e9ril, pollution int\u00e9rieure et ext\u00e9rieure, et enfin, risque de submersion. Vous me r\u00e9pondriez, avec raison, que ce jeu est stupide puisque aucun participant n&#8217;a une quelconque chance de gagner.&nbsp; Et pourtant, ce &#8220;jeu&#8221; est la vie et la lutte quotidiennes que m\u00e8nent la plupart des \u00eeliens pour survivre, au travers de leurs soci\u00e9t\u00e9s commerciales, associations et collectivit\u00e9s locales, malgr\u00e9 l&#8217;ensemble des handicaps mentionn\u00e9s ci-dessus. Le tout aggrav\u00e9 par l&#8217;\u00e9pid\u00e9mie actuelle du virus Corona et ses cons\u00e9quences sanitaires et socio-\u00e9conomiques.<\/p>\n<p style=\"text-align: justify;\">Comme quelques articles ne suffiraient pas pour parler de l&#8217;ensemble des archipels fran\u00e7ais de par le monde, j&#8217;ai choisi des territoires insulaires que je connais : parmi les \u00eeles du Ponant, j&#8217;ai s\u00e9lectionn\u00e9, dans l&#8217;ordre de croissance, H\u0153dic, Houat et Belle-Ile. Chacune, avec ses sp\u00e9cificit\u00e9s locales, doit non seulement g\u00e9rer les grandes difficult\u00e9s inh\u00e9rentes \u00e0 l&#8217;insularit\u00e9, mais elles doivent \u00e9galement trouver aujourd&#8217;hui de nouvelles solutions face \u00e0 une \u00e9pid\u00e9mie qui a boulevers\u00e9 la donne. Heureusement, des pistes existent : en effet, si l&#8217;environnement socio-\u00e9conomique \u00e9volue, les technologies font de m\u00eame et contribuent \u00e0 changer les habitudes de vie des habitants, sur le continent comme sur les \u00eeles.&nbsp; &nbsp;<\/p>\n<p style=\"text-align: justify;\">Mais avant d&#8217;aborder les solutions, jetons un coup d\u2019\u0153il sur chacune de ces trois \u00eeles mentionn\u00e9es ci-dessus et commen\u00e7ons par la plus petite et qui rec\u00e8le un charme fou : Hoedic (du breton <em>Edig<\/em>, c&#8217;est-\u00e0-dire <em>canneton<\/em>).<\/p>\n<p style=\"text-align: justify;\"><em>(Photo de couverture : le port de l&#8217;Argol, \u00e0 H\u0153dic, depuis l&#8217;entr\u00e9e du bourg. Le nom de l&#8217;\u00eele vient du breton <\/em>edig<em>, c&#8217;est-\u00e0-dire <\/em>le caneton<em>. A l&#8217;arri\u00e8re plan, on aper\u00e7oit la c\u00f4te de la Baie de Quiberon. Toutes les photos de l&#8217;\u00eele ont \u00e9t\u00e9 prises par l&#8217;auteur le 20 ao\u00fbt 2020).<\/em><\/p>\n<h1>H\u0153dic la charmante<\/h1>\n<h2>R\u00eaves et d\u00e9fis du tourisme<\/h2>\n<p style=\"text-align: justify;\">Cette commune se distingue tout d&#8217;abord par le fait qu&#8217;elle se classe parmi la plus petite du d\u00e9partement du Morbihan. Avec ses deux km\u00b2, ce territoire se positionne en-dehors des r\u00e8gles principales de l&#8217;am\u00e9nagement du territoire. En effet, son <a href=\"https:\/\/www.ouest-france.fr\/bretagne\/hoedic-56170\/statistiques-chiffres-cles\" target=\"_blank\" rel=\"noopener noreferrer\">activit\u00e9 \u00e9conomique et sociale<\/a> repose essentiellement sur le tourisme<span class=\"footnote_referrer\"><a role=\"button\" tabindex=\"0\" onclick=\"footnote_moveToReference_5975_1('footnote_plugin_reference_5975_1_1');\" onkeypress=\"footnote_moveToReference_5975_1('footnote_plugin_reference_5975_1_1');\" ><sup id=\"footnote_plugin_tooltip_5975_1_1\" class=\"footnote_plugin_tooltip_text\">[1]<\/sup><\/a><span id=\"footnote_plugin_tooltip_text_5975_1_1\" class=\"footnote_tooltip\">Le tourisme fait partie du secteur tertiaire, c&#8217;est-\u00e0-dire celui des services. Le secteur primaire regroupe les activit\u00e9s agricoles, le secondaire d\u00e9signe l&#8217;industrie. Attention : quelque fois, surtout lorsque l&#8217;on parle de <em>tourisme de masse<\/em>, l&#8217;expression <em>industrie touristique<\/em> est utilis\u00e9e. M\u00eame si l&#8217;on comprend l&#8217;image, cela reste un abus de langage.<\/span><\/span><script type=\"text\/javascript\"> jQuery('#footnote_plugin_tooltip_5975_1_1').tooltip({ tip: '#footnote_plugin_tooltip_text_5975_1_1', tipClass: 'footnote_tooltip', effect: 'fade', predelay: 0, fadeInSpeed: 200, delay: 400, fadeOutSpeed: 200, position: 'top right', relative: true, offset: [10, 10], });<\/script>, dans un cadre d\u00e9mographique bien connu des sites touristiques : un tsunami d\u00e9mographique en p\u00e9riode de pointe dans un d\u00e9sert humain hors-saison. Regardons les chiffres : en 2014, la population \u00e9tait de 122 habitants, contre 400 dans les ann\u00e9es 1930. Et la tendance n&#8217;est pas \u00e0 la hausse car le dernier recensement, d\u00e9plore le maire Jean-Luc Chiffoleau, a fait passer le nombre d&#8217;H\u0153dicais \u00e0 99 exactement, donc en-dessous du seuil fatidique de la centaine (source : INSEE). Le nombre de conseillers communaux a donc d\u00fb \u00eatre diminu\u00e9, ce qui attriste le maire qui y voit une r\u00e9gression de l&#8217;influence de l&#8217;\u00eele et donc de sa capacit\u00e9 \u00e0 se d\u00e9fendre dans un monde o\u00f9 les collectivit\u00e9s locales, derri\u00e8re une image de bonne entente entre elles, se livrent une concurrence sans merci pour attirer les moyens de d\u00e9veloppement, voire de survie, et pr\u00e9server, autant que possible leur ind\u00e9pendance et leur culture propre.<\/p>\n<div id='gallery-1' class='gallery galleryid-5975 gallery-columns-2 gallery-size-large'><figure class='gallery-item'>\n\t\t\t<div class='gallery-icon landscape'>\n\t\t\t\t<a href='https:\/\/contrib.city\/index.php\/2020\/10\/11\/le-jeu-des-iles\/capitainerie-port-argol-comp\/'><img loading=\"lazy\" decoding=\"async\" width=\"800\" height=\"600\" src=\"https:\/\/contrib.city\/wp-content\/uploads\/2020\/10\/Capitainerie-Port-Argol-comp-1024x768.jpg\" class=\"attachment-large size-large\" alt=\"\" aria-describedby=\"gallery-1-5996\" srcset=\"https:\/\/contrib.city\/wp-content\/uploads\/2020\/10\/Capitainerie-Port-Argol-comp-1024x768.jpg 1024w, https:\/\/contrib.city\/wp-content\/uploads\/2020\/10\/Capitainerie-Port-Argol-comp-300x225.jpg 300w, https:\/\/contrib.city\/wp-content\/uploads\/2020\/10\/Capitainerie-Port-Argol-comp-768x576.jpg 768w, https:\/\/contrib.city\/wp-content\/uploads\/2020\/10\/Capitainerie-Port-Argol-comp-1536x1152.jpg 1536w, https:\/\/contrib.city\/wp-content\/uploads\/2020\/10\/Capitainerie-Port-Argol-comp.jpg 1632w\" sizes=\"auto, (max-width: 800px) 100vw, 800px\" \/><\/a>\n\t\t\t<\/div>\n\t\t\t\t<figcaption class='wp-caption-text gallery-caption' id='gallery-1-5996'>\n\t\t\t\tLa capitainerie du port d&#8217;Argol, depuis la route menant au bourg.\n\t\t\t\t<\/figcaption><\/figure><figure class='gallery-item'>\n\t\t\t<div class='gallery-icon landscape'>\n\t\t\t\t<a href='https:\/\/contrib.city\/index.php\/2020\/10\/11\/le-jeu-des-iles\/dsc04332\/'><img loading=\"lazy\" decoding=\"async\" width=\"800\" height=\"600\" src=\"https:\/\/contrib.city\/wp-content\/uploads\/2020\/10\/DSC04332-1024x768.jpg\" class=\"attachment-large size-large\" alt=\"\" aria-describedby=\"gallery-1-5998\" srcset=\"https:\/\/contrib.city\/wp-content\/uploads\/2020\/10\/DSC04332-1024x768.jpg 1024w, https:\/\/contrib.city\/wp-content\/uploads\/2020\/10\/DSC04332-300x225.jpg 300w, https:\/\/contrib.city\/wp-content\/uploads\/2020\/10\/DSC04332-768x576.jpg 768w, https:\/\/contrib.city\/wp-content\/uploads\/2020\/10\/DSC04332-1536x1152.jpg 1536w, https:\/\/contrib.city\/wp-content\/uploads\/2020\/10\/DSC04332-2048x1536.jpg 2048w\" sizes=\"auto, (max-width: 800px) 100vw, 800px\" \/><\/a>\n\t\t\t<\/div>\n\t\t\t\t<figcaption class='wp-caption-text gallery-caption' id='gallery-1-5998'>\n\t\t\t\tL&#8217;Angelus IV : une des b\u00e2teaux qui assure le lien avec le continent quand la mer le permet. L&#8217;\u00e9t\u00e9 de nombreux plaisanciers compliquent la t\u00e2che des navettes. Photo prise depuis l&#8217;embarcad\u00e8re. \n\t\t\t\t<\/figcaption><\/figure>\n\t\t<\/div>\n\n<p style=\"text-align: justify;\">Du point de vue d\u00e9mographique, d&#8217;apr\u00e8s J.C. Chiffoleau, la petite communaut\u00e9, en hiver, se compose de 80 personnes qui se partagent un parc de 209 hectares. Ce petit groupe, o\u00f9 chacun se conna\u00eet, pour le meilleur ou le pire, b\u00e9n\u00e9ficie d&#8217;un climat oc\u00e9anique : temp\u00e9ratures douces (les p\u00e9riodes de gel ou de neige sont rares) et pollution atmosph\u00e9rique&#8230;faible! De plus, les lumi\u00e8res hivernales, jouant avec la terre et l&#8217;eau, offrent des teintes pastelles d&#8217;un charme fou. Enfin, si le jardin mesure 209 hectares (quel citadin peut se vanter d&#8217;avoir un tel parc urbain?), le bassin qui l&#8217;entoure, l&#8217;Atlantique nord, s&#8217;\u00e9tend sur plus de 100 millions de km\u00b2, ce qui laisse tout de m\u00eame pas mal de place pour nager, naviguer ou juste contempler les paysages maritimes.<\/p>\n<p style=\"text-align: justify;\">Mais <em>Hoedic la charmante<\/em> peut \u00e9galement se transformer en&nbsp;<em>H\u0153dic la rude<\/em> : l&#8217;hiver, uniquement l&#8217;\u00e9picerie, la boulangerie, le caf\u00e9 <em>La Trinquette<\/em> (terme marin : voile que l&#8217;on met devant et pr\u00e8s du mat), l&#8217;\u00e9glise (3 pratiquants l&#8217;hiver, d&#8217;apr\u00e8s le maire) et la mairie\/Poste sont ouverts. Ces lieux assurent le lien social. A ce titre, le courrier n&#8217;est pas distribu\u00e9 expr\u00e8s : les gens sont &#8220;oblig\u00e9s&#8221; d&#8217;aller chercher leurs courrier et ainsi <em>taper la causette<\/em> avec leurs voisins. En basse saison, une certaine forme de solitude et d&#8217;isolement repr\u00e9sente un risque pour cette petite \u00eele. De plus, quand de fortes et brutales d\u00e9pressions atmosph\u00e9riques, venant de l&#8217;ouest, s&#8217;abattent sur le Golfe de Gascogne, l&#8217;\u00eele et son cadre marin peuvent v\u00e9ritablement se transformer en furie : il devient dangereux de rester sur la lande car le risque d&#8217;\u00eatre emport\u00e9, notamment pour les enfants, est r\u00e9el. La terre est ballot\u00e9e entre l&#8217;oc\u00e9an et le ciel : les d\u00e9luges montant et descendant entrent dans une valse infernale : le <em>Caneton<\/em> et ses habitants se retrouvent aux prises avec les \u00e9l\u00e9ments d\u00e9chain\u00e9s, comme des jouets aux mains d&#8217;une Charybde<span class=\"footnote_referrer\"><a role=\"button\" tabindex=\"0\" onclick=\"footnote_moveToReference_5975_1('footnote_plugin_reference_5975_1_2');\" onkeypress=\"footnote_moveToReference_5975_1('footnote_plugin_reference_5975_1_2');\" ><sup id=\"footnote_plugin_tooltip_5975_1_2\" class=\"footnote_plugin_tooltip_text\">[2]<\/sup><\/a><span id=\"footnote_plugin_tooltip_text_5975_1_2\" class=\"footnote_tooltip\">Charybde est la fille de Pos\u00e9idon, le dieu de la mer, et de Ga\u00efa, la d\u00e9esse symbolisant la Terre. Ce mythe grec prendrait comme origine le d\u00e9troit de Messine, situ\u00e9 entre la Sicile et l&#8217;Italie, o\u00f9 r\u00e8gnent de forts courants marins qui provoquent des tourbillons. Notons au passage que l&#8217;entr\u00e9e du Golfe du Morbihan, \u00e0 15 miles nautiques au nord-nord-ouest du Port de l&#8217;Argol, est confront\u00e9 quotidiennement \u00e0 des courants pouvant aller jusqu&#8217;\u00e0 12 n\u0153uds. Ces derniers g\u00e9n\u00e8rent de v\u00e9ritables tourbillons qui peuvent mettre en p\u00e9ril tout nageur un peu trop \u00e9loign\u00e9 du bord, ou bien pouvant m\u00eame faire tournoyer un quillard de 10 m\u00e8tres pesant plusieurs tonnes.<\/span><\/span><script type=\"text\/javascript\"> jQuery('#footnote_plugin_tooltip_5975_1_2').tooltip({ tip: '#footnote_plugin_tooltip_text_5975_1_2', tipClass: 'footnote_tooltip', effect: 'fade', predelay: 0, fadeInSpeed: 200, delay: 400, fadeOutSpeed: 200, position: 'top right', relative: true, offset: [10, 10], });<\/script> en furie.<\/p>\n<figure id=\"attachment_6027\" aria-describedby=\"caption-attachment-6027\" style=\"width: 800px\" class=\"wp-caption aligncenter\"><img loading=\"lazy\" decoding=\"async\" class=\"wp-image-6027 size-large\" src=\"https:\/\/contrib.city\/wp-content\/uploads\/2020\/10\/DSC04382-1024x683.jpg\" alt=\"\" width=\"800\" height=\"534\" srcset=\"https:\/\/contrib.city\/wp-content\/uploads\/2020\/10\/DSC04382-1024x683.jpg 1024w, https:\/\/contrib.city\/wp-content\/uploads\/2020\/10\/DSC04382-300x200.jpg 300w, https:\/\/contrib.city\/wp-content\/uploads\/2020\/10\/DSC04382-768x512.jpg 768w, https:\/\/contrib.city\/wp-content\/uploads\/2020\/10\/DSC04382-1536x1024.jpg 1536w, https:\/\/contrib.city\/wp-content\/uploads\/2020\/10\/DSC04382-2048x1365.jpg 2048w\" sizes=\"auto, (max-width: 800px) 100vw, 800px\" \/><figcaption id=\"caption-attachment-6027\" class=\"wp-caption-text\">Mer form\u00e9e sous un vent de force 6, c&#8217;est-\u00e0-dire entre 40 et 50 km\/h (\u00e9chelle de Beaufort). On peut imaginer l&#8217;\u00e9tat de la mer quand l&#8217;ouragan Axel a d\u00e9ferl\u00e9 sur la Baie de Quiberon avec des pointes \u00e0 186 km\/h, dans la nuit du 1er au 2 octobre 2020. A titre de rappel, l&#8217;\u00e9chelle des cyclones commence \u00e0 200 km\/h mais ce type d&#8217;\u00e9v\u00e8nement climatique arrive, normalement, dans des climats tropicaux (Cara\u00efbes par exemple) et non pas oc\u00e9aniques (Bretagne). Photo (BdF) prise le 21\/08\/2020, \u00e0 8h15 du matin, depuis Port Maria. Au large, on aper\u00e7oit Belle-Ile. L&#8217;augmentation de l&#8217;intensit\u00e9 et de la fr\u00e9quence de ces \u00e9pisodes atmosph\u00e9riques n&#8217;est pas sans compliquer la vie insulaire.<\/figcaption><\/figure>\n<figure id=\"attachment_6005\" aria-describedby=\"caption-attachment-6005\" style=\"width: 800px\" class=\"wp-caption aligncenter\"><img loading=\"lazy\" decoding=\"async\" class=\"wp-image-6005 size-large\" src=\"https:\/\/contrib.city\/wp-content\/uploads\/2020\/10\/DSC04349-1024x705.jpg\" alt=\"\" width=\"800\" height=\"551\" srcset=\"https:\/\/contrib.city\/wp-content\/uploads\/2020\/10\/DSC04349-1024x705.jpg 1024w, https:\/\/contrib.city\/wp-content\/uploads\/2020\/10\/DSC04349-300x207.jpg 300w, https:\/\/contrib.city\/wp-content\/uploads\/2020\/10\/DSC04349-768x529.jpg 768w, https:\/\/contrib.city\/wp-content\/uploads\/2020\/10\/DSC04349-1536x1058.jpg 1536w, https:\/\/contrib.city\/wp-content\/uploads\/2020\/10\/DSC04349-2048x1411.jpg 2048w, https:\/\/contrib.city\/wp-content\/uploads\/2020\/10\/DSC04349-130x90.jpg 130w\" sizes=\"auto, (max-width: 800px) 100vw, 800px\" \/><figcaption id=\"caption-attachment-6005\" class=\"wp-caption-text\">Le phare de Port-Navalo guide les marins \u00e0 l&#8217;entr\u00e9e du golfe du Morbihan d&#8217;o\u00f9 viennent la plupart des navettes reliant le continent \u00e0 H\u0153dic. Les courants, \u00e0 cet endroit, par coefficient de mar\u00e9e de 110, peuvent atteindre 12 n\u0153uds. La zone est donc dangereuse surtout lors des fortes affluences de plaisanciers en \u00e9t\u00e9.<\/figcaption><\/figure>\n<p style=\"text-align: justify;\">Dans ces cas-l\u00e0, un seul objectif : se mettre \u00e0 l&#8217;abri avant l&#8217;\u00e9v\u00e8nement climatique et faire le dos rond, surtout pour ceux qui voyagent r\u00e9guli\u00e8rement en mer. Attendre que le temps se calme, en esp\u00e9rant que les d\u00e9g\u00e2ts ne soient pas trop forts, avant de reprendre le cours de la vie. Lors de la tornade de cet \u00e9t\u00e9, le lien social a jou\u00e9 \u00e0 plein se f\u00e9licite le maire : 120 personnes ont \u00e9t\u00e9 imm\u00e9diatement h\u00e9berg\u00e9es, sans que la mairie n&#8217;ait eu besoin de faire une quelconque demande. Pour l&#8217;\u00e9dile de l&#8217;\u00eele, pas de distinction entre les visiteurs et les \u00eeliens : tous partagent et aiment ce lieu unique.<\/p>\n<div id='gallery-2' class='gallery galleryid-5975 gallery-columns-2 gallery-size-large'><figure class='gallery-item'>\n\t\t\t<div class='gallery-icon landscape'>\n\t\t\t\t<a href='https:\/\/contrib.city\/index.php\/2020\/10\/11\/le-jeu-des-iles\/dsc04299\/'><img loading=\"lazy\" decoding=\"async\" width=\"800\" height=\"600\" src=\"https:\/\/contrib.city\/wp-content\/uploads\/2020\/10\/DSC04299-1024x768.jpg\" class=\"attachment-large size-large\" alt=\"\" aria-describedby=\"gallery-2-6011\" srcset=\"https:\/\/contrib.city\/wp-content\/uploads\/2020\/10\/DSC04299-1024x768.jpg 1024w, https:\/\/contrib.city\/wp-content\/uploads\/2020\/10\/DSC04299-300x225.jpg 300w, https:\/\/contrib.city\/wp-content\/uploads\/2020\/10\/DSC04299-768x576.jpg 768w, https:\/\/contrib.city\/wp-content\/uploads\/2020\/10\/DSC04299-1536x1152.jpg 1536w, https:\/\/contrib.city\/wp-content\/uploads\/2020\/10\/DSC04299-2048x1536.jpg 2048w\" sizes=\"auto, (max-width: 800px) 100vw, 800px\" \/><\/a>\n\t\t\t<\/div>\n\t\t\t\t<figcaption class='wp-caption-text gallery-caption' id='gallery-2-6011'>\n\t\t\t\tLes longs mois d&#8217;isolement favorisent la r\u00e9flexion et le besoin de regarder d&#8217;une autre mani\u00e8re son environnement insulaire et oc\u00e9anique.\n\t\t\t\t<\/figcaption><\/figure><figure class='gallery-item'>\n\t\t\t<div class='gallery-icon landscape'>\n\t\t\t\t<a href='https:\/\/contrib.city\/index.php\/2020\/10\/11\/le-jeu-des-iles\/dsc04297\/'><img loading=\"lazy\" decoding=\"async\" width=\"800\" height=\"600\" src=\"https:\/\/contrib.city\/wp-content\/uploads\/2020\/10\/DSC04297-1024x768.jpg\" class=\"attachment-large size-large\" alt=\"\" aria-describedby=\"gallery-2-6010\" srcset=\"https:\/\/contrib.city\/wp-content\/uploads\/2020\/10\/DSC04297-1024x768.jpg 1024w, https:\/\/contrib.city\/wp-content\/uploads\/2020\/10\/DSC04297-300x225.jpg 300w, https:\/\/contrib.city\/wp-content\/uploads\/2020\/10\/DSC04297-768x576.jpg 768w, https:\/\/contrib.city\/wp-content\/uploads\/2020\/10\/DSC04297-1536x1152.jpg 1536w, https:\/\/contrib.city\/wp-content\/uploads\/2020\/10\/DSC04297-2048x1536.jpg 2048w\" sizes=\"auto, (max-width: 800px) 100vw, 800px\" \/><\/a>\n\t\t\t<\/div>\n\t\t\t\t<figcaption class='wp-caption-text gallery-caption' id='gallery-2-6010'>\n\t\t\t\tLe clocher de l&#8217;\u00e9glise d&#8217;H\u0153dic. Le symbole d&#8217;une autre dimension et d&#8217;un lien vers l&#8217;au-del\u00e0. \n\t\t\t\t<\/figcaption><\/figure>\n\t\t<\/div>\n\n<div id='gallery-3' class='gallery galleryid-5975 gallery-columns-2 gallery-size-large'><figure class='gallery-item'>\n\t\t\t<div class='gallery-icon landscape'>\n\t\t\t\t<a href='https:\/\/contrib.city\/index.php\/2020\/10\/11\/le-jeu-des-iles\/dsc04298\/'><img loading=\"lazy\" decoding=\"async\" width=\"800\" height=\"600\" src=\"https:\/\/contrib.city\/wp-content\/uploads\/2020\/10\/DSC04298-1024x768.jpg\" class=\"attachment-large size-large\" alt=\"\" aria-describedby=\"gallery-3-6032\" srcset=\"https:\/\/contrib.city\/wp-content\/uploads\/2020\/10\/DSC04298-1024x768.jpg 1024w, https:\/\/contrib.city\/wp-content\/uploads\/2020\/10\/DSC04298-300x225.jpg 300w, https:\/\/contrib.city\/wp-content\/uploads\/2020\/10\/DSC04298-768x576.jpg 768w, https:\/\/contrib.city\/wp-content\/uploads\/2020\/10\/DSC04298-1536x1152.jpg 1536w, https:\/\/contrib.city\/wp-content\/uploads\/2020\/10\/DSC04298-2048x1536.jpg 2048w\" sizes=\"auto, (max-width: 800px) 100vw, 800px\" \/><\/a>\n\t\t\t<\/div>\n\t\t\t\t<figcaption class='wp-caption-text gallery-caption' id='gallery-3-6032'>\n\t\t\t\tL&#8217;ancien s\u00e9maphore de l&#8217;\u00eele. Construit sur une hauteur de la c\u00f4te, il servait, \u00e0 l&#8217;aide d&#8217;un bras articul\u00e9 (aujourd&#8217;hui disparu) \u00e0 transmettre des messages via un code sp\u00e9cifique.\n\t\t\t\t<\/figcaption><\/figure><figure class='gallery-item'>\n\t\t\t<div class='gallery-icon landscape'>\n\t\t\t\t<a href='https:\/\/contrib.city\/index.php\/2020\/10\/11\/le-jeu-des-iles\/dsc04300\/'><img loading=\"lazy\" decoding=\"async\" width=\"800\" height=\"600\" src=\"https:\/\/contrib.city\/wp-content\/uploads\/2020\/10\/DSC04300-1024x768.jpg\" class=\"attachment-large size-large\" alt=\"\" aria-describedby=\"gallery-3-6012\" srcset=\"https:\/\/contrib.city\/wp-content\/uploads\/2020\/10\/DSC04300-1024x768.jpg 1024w, https:\/\/contrib.city\/wp-content\/uploads\/2020\/10\/DSC04300-300x225.jpg 300w, https:\/\/contrib.city\/wp-content\/uploads\/2020\/10\/DSC04300-768x576.jpg 768w, https:\/\/contrib.city\/wp-content\/uploads\/2020\/10\/DSC04300-1536x1152.jpg 1536w, https:\/\/contrib.city\/wp-content\/uploads\/2020\/10\/DSC04300-2048x1536.jpg 2048w\" sizes=\"auto, (max-width: 800px) 100vw, 800px\" \/><\/a>\n\t\t\t<\/div>\n\t\t\t\t<figcaption class='wp-caption-text gallery-caption' id='gallery-3-6012'>\n\t\t\t\tL&#8217;ancien s\u00e9maphore \u00e9tait lui aussi dirig\u00e9 vers le ciel. L&#8217;objectif \u00e9tait de cr\u00e9er un lien avec les autres communaut\u00e9s humaines, par del\u00e0 les distances maritimes.\n\t\t\t\t<\/figcaption><\/figure>\n\t\t<\/div>\n\n<p style=\"text-align: justify;\">Mais cette entente entre touristes et r\u00e9sidents n&#8217;est pas toujours pr\u00e9sente : les r\u00eaves et les d\u00e9sirs des uns ne correspond pas toujours avec l&#8217;utilisation et la gestion territoriale des autres. Les campeurs viennent chercher un endroit sauvage et peu r\u00e9glement\u00e9 &#8211; du moins le pensent-ils &#8211; afin de pouvoir se lancer dans des manifestations festives tonitruantes, peu en ad\u00e9quation avec le calme que recherchent les plaisanciers et auquel sont habitu\u00e9s les \u00eeliens. Les amateurs de camping, qui doivent g\u00e9rer \u00e9galement leurs d\u00e9chets, ont vu leurs nombre grandir : en l&#8217;an 2000, H\u0153dic accueillaient 50 tentes pendant l&#8217;\u00e9t\u00e9, pr\u00e8s de l&#8217;\u00e9glise. Aujourd&#8217;hui, l&#8217;emplacement a \u00e9t\u00e9 d\u00e9plac\u00e9 pr\u00e8s du fort construit pas Vauban. Du fait du d\u00e9veloppement du camping sauvage qui devint un mouvement populaire, l&#8217;Etat ordonna que les sites d\u00e9di\u00e9s \u00e0 cette activit\u00e9 ne demeurent plus pr\u00e8s des rivages marins. Actuellement, 190 emplacements existent \u00e0 Hoedic, ce qui repr\u00e9sente une population de 400 personnes en th\u00e9orie. La r\u00e9alit\u00e9 est au-dessus. Pour obtenir une place, il faut r\u00e9server. Mais que se passe-t-il lorsque des jeunes ou une famille s&#8217;aper\u00e7oivent qu&#8217;il n&#8217;y a plus aucune place de libre et que le dernier bateau est parti? Il faut bien qu&#8217;ils s\u2019installent quelque part, au moins le temps d&#8217;une nuit! C&#8217;est ainsi qu&#8217;H\u0153dic accueille, en moyenne, entre 700 et 1000 personnes pendant les vacances d&#8217;\u00e9t\u00e9 et sa population, hors visiteurs journaliers, monte \u00e0 3000 \u00e2mes (contre 80 r\u00e9sidents en hiver). L&#8217;\u00eele voit alors sa population totale passer de 80 \u00e0 presque 4000 estivants (3000 habitants estivaux + 850 journaliers), soit une multiplication par 50 du nombre initial, entre mai et juillet. La densit\u00e9 varie alors de 38 habitant au km2 contre 1900 au km\u00b2 en \u00e9t\u00e9. A titre de comparaison, la <a href=\"https:\/\/www.populationdata.net\/pays\/france\/\" target=\"_blank\" rel=\"noopener noreferrer\">densit\u00e9 fran\u00e7aise<\/a> est de 118 hab\/km2 et <a href=\"https:\/\/www.insee.fr\/fr\/statistiques\/1405599?geo=REG-11\" target=\"_blank\" rel=\"noopener noreferrer\">celle de l&#8217;Ile-de-France<\/a>, si\u00e8ge de la m\u00e9galopole parisienne, de 1013 hab\/km\u00b2. Si l&#8217;on prend en compte le fait que la zone urbaine (ZU) d&#8217;H\u0153dic ne repr\u00e9sente que 10% du territoire \u00eelien, on obtient une densit\u00e9 de 19.000 hab\/km\u00b2, soit un chiffre proche de celui de <a href=\"https:\/\/www.apur.org\/sites\/default\/files\/documents\/4P4.pdf\" target=\"_blank\" rel=\"noopener noreferrer\">Paris intra-muros<\/a> (hors bois de Boulogne et de Vincennes et espaces verts) : 25.500 hab\/environ.&nbsp;<\/p>\n<figure id=\"attachment_6018\" aria-describedby=\"caption-attachment-6018\" style=\"width: 735px\" class=\"wp-caption aligncenter\"><img loading=\"lazy\" decoding=\"async\" class=\"wp-image-6018 size-large\" src=\"https:\/\/contrib.city\/wp-content\/uploads\/2020\/10\/DSC04295-1-735x1024.jpg\" alt=\"\" width=\"735\" height=\"1024\" srcset=\"https:\/\/contrib.city\/wp-content\/uploads\/2020\/10\/DSC04295-1-735x1024.jpg 735w, https:\/\/contrib.city\/wp-content\/uploads\/2020\/10\/DSC04295-1-215x300.jpg 215w, https:\/\/contrib.city\/wp-content\/uploads\/2020\/10\/DSC04295-1-768x1070.jpg 768w, https:\/\/contrib.city\/wp-content\/uploads\/2020\/10\/DSC04295-1-1103x1536.jpg 1103w, https:\/\/contrib.city\/wp-content\/uploads\/2020\/10\/DSC04295-1-1471x2048.jpg 1471w, https:\/\/contrib.city\/wp-content\/uploads\/2020\/10\/DSC04295-1-scaled.jpg 1838w\" sizes=\"auto, (max-width: 735px) 100vw, 735px\" \/><figcaption id=\"caption-attachment-6018\" class=\"wp-caption-text\">Les plus anciennes traces de groupements humains \u00e0 H\u0153dic datent de plus de 5000 av. J-C. Co\u00efncidence : en plus du squelette retrouv\u00e9 dans une tombe pr\u00e9historique, le rappel relatif au Covid nous rappelle la fragilit\u00e9 des \u00eeles, par d\u00e9finition des espaces clos, face \u00e0 une \u00e9pid\u00e9mie une fois que cette derni\u00e8re est introduite.<\/figcaption><\/figure>\n<p>&nbsp;<\/p>\n<div id='gallery-4' class='gallery galleryid-5975 gallery-columns-2 gallery-size-large'><figure class='gallery-item'>\n\t\t\t<div class='gallery-icon landscape'>\n\t\t\t\t<a href='https:\/\/contrib.city\/index.php\/2020\/10\/11\/le-jeu-des-iles\/dsc04286\/'><img loading=\"lazy\" decoding=\"async\" width=\"800\" height=\"600\" src=\"https:\/\/contrib.city\/wp-content\/uploads\/2020\/10\/DSC04286-1024x768.jpg\" class=\"attachment-large size-large\" alt=\"\" aria-describedby=\"gallery-4-6000\" srcset=\"https:\/\/contrib.city\/wp-content\/uploads\/2020\/10\/DSC04286-1024x768.jpg 1024w, https:\/\/contrib.city\/wp-content\/uploads\/2020\/10\/DSC04286-300x225.jpg 300w, https:\/\/contrib.city\/wp-content\/uploads\/2020\/10\/DSC04286-768x576.jpg 768w, https:\/\/contrib.city\/wp-content\/uploads\/2020\/10\/DSC04286-1536x1152.jpg 1536w, https:\/\/contrib.city\/wp-content\/uploads\/2020\/10\/DSC04286-2048x1536.jpg 2048w\" sizes=\"auto, (max-width: 800px) 100vw, 800px\" \/><\/a>\n\t\t\t<\/div>\n\t\t\t\t<figcaption class='wp-caption-text gallery-caption' id='gallery-4-6000'>\n\t\t\t\tUne maison de ma\u00eetre bretonne traditionnelle : le granit, l&#8217;adoise et la couleur bleue\n\t\t\t\t<\/figcaption><\/figure><figure class='gallery-item'>\n\t\t\t<div class='gallery-icon landscape'>\n\t\t\t\t<a href='https:\/\/contrib.city\/index.php\/2020\/10\/11\/le-jeu-des-iles\/dsc04322-2\/'><img loading=\"lazy\" decoding=\"async\" width=\"800\" height=\"600\" src=\"https:\/\/contrib.city\/wp-content\/uploads\/2020\/10\/DSC04322-2-1024x768.jpg\" class=\"attachment-large size-large\" alt=\"\" aria-describedby=\"gallery-4-6002\" srcset=\"https:\/\/contrib.city\/wp-content\/uploads\/2020\/10\/DSC04322-2-1024x768.jpg 1024w, https:\/\/contrib.city\/wp-content\/uploads\/2020\/10\/DSC04322-2-300x225.jpg 300w, https:\/\/contrib.city\/wp-content\/uploads\/2020\/10\/DSC04322-2-768x576.jpg 768w, https:\/\/contrib.city\/wp-content\/uploads\/2020\/10\/DSC04322-2-1536x1152.jpg 1536w, https:\/\/contrib.city\/wp-content\/uploads\/2020\/10\/DSC04322-2-2048x1536.jpg 2048w\" sizes=\"auto, (max-width: 800px) 100vw, 800px\" \/><\/a>\n\t\t\t<\/div>\n\t\t\t\t<figcaption class='wp-caption-text gallery-caption' id='gallery-4-6002'>\n\t\t\t\tHabitats bretons populaires aujourd&#8217;hui valoris\u00e9s par le tourisme.\n\t\t\t\t<\/figcaption><\/figure>\n\t\t<\/div>\n\n<div id='gallery-5' class='gallery galleryid-5975 gallery-columns-2 gallery-size-large'><figure class='gallery-item'>\n\t\t\t<div class='gallery-icon landscape'>\n\t\t\t\t<a href='https:\/\/contrib.city\/index.php\/2020\/10\/11\/le-jeu-des-iles\/dsc04296-1\/'><img loading=\"lazy\" decoding=\"async\" width=\"800\" height=\"429\" src=\"https:\/\/contrib.city\/wp-content\/uploads\/2020\/10\/DSC04296-1-1024x549.jpg\" class=\"attachment-large size-large\" alt=\"\" aria-describedby=\"gallery-5-6013\" srcset=\"https:\/\/contrib.city\/wp-content\/uploads\/2020\/10\/DSC04296-1-1024x549.jpg 1024w, https:\/\/contrib.city\/wp-content\/uploads\/2020\/10\/DSC04296-1-300x161.jpg 300w, https:\/\/contrib.city\/wp-content\/uploads\/2020\/10\/DSC04296-1-768x412.jpg 768w, https:\/\/contrib.city\/wp-content\/uploads\/2020\/10\/DSC04296-1-1536x824.jpg 1536w, https:\/\/contrib.city\/wp-content\/uploads\/2020\/10\/DSC04296-1-2048x1098.jpg 2048w\" sizes=\"auto, (max-width: 800px) 100vw, 800px\" \/><\/a>\n\t\t\t<\/div>\n\t\t\t\t<figcaption class='wp-caption-text gallery-caption' id='gallery-5-6013'>\n\t\t\t\tLe bar &#8220;La trinquette&#8221;, un des pivots de la vie sociale en hiver.\n\t\t\t\t<\/figcaption><\/figure><figure class='gallery-item'>\n\t\t\t<div class='gallery-icon landscape'>\n\t\t\t\t<a href='https:\/\/contrib.city\/index.php\/2020\/10\/11\/le-jeu-des-iles\/dsc04315\/'><img loading=\"lazy\" decoding=\"async\" width=\"800\" height=\"513\" src=\"https:\/\/contrib.city\/wp-content\/uploads\/2020\/10\/DSC04315-1024x656.jpg\" class=\"attachment-large size-large\" alt=\"\" aria-describedby=\"gallery-5-6015\" srcset=\"https:\/\/contrib.city\/wp-content\/uploads\/2020\/10\/DSC04315-1024x656.jpg 1024w, https:\/\/contrib.city\/wp-content\/uploads\/2020\/10\/DSC04315-300x192.jpg 300w, https:\/\/contrib.city\/wp-content\/uploads\/2020\/10\/DSC04315-768x492.jpg 768w, https:\/\/contrib.city\/wp-content\/uploads\/2020\/10\/DSC04315-1536x983.jpg 1536w, https:\/\/contrib.city\/wp-content\/uploads\/2020\/10\/DSC04315-2048x1311.jpg 2048w\" sizes=\"auto, (max-width: 800px) 100vw, 800px\" \/><\/a>\n\t\t\t<\/div>\n\t\t\t\t<figcaption class='wp-caption-text gallery-caption' id='gallery-5-6015'>\n\t\t\t\tL&#8217;Ecole Blanche (scholgwen). Par forc\u00e9ment la plus grande \u00e9cole de France, mais sa cour de r\u00e9cr\u00e9ation, en revanche, doit figurer dans les dix premi\u00e8res&#8230;\n\t\t\t\t<\/figcaption><\/figure>\n\t\t<\/div>\n\n<div id='gallery-6' class='gallery galleryid-5975 gallery-columns-2 gallery-size-large'><figure class='gallery-item'>\n\t\t\t<div class='gallery-icon landscape'>\n\t\t\t\t<a href='https:\/\/contrib.city\/index.php\/2020\/10\/11\/le-jeu-des-iles\/dsc04314-2\/'><img loading=\"lazy\" decoding=\"async\" width=\"800\" height=\"523\" src=\"https:\/\/contrib.city\/wp-content\/uploads\/2020\/10\/DSC04314-1-1024x670.jpg\" class=\"attachment-large size-large\" alt=\"\" aria-describedby=\"gallery-6-6022\" srcset=\"https:\/\/contrib.city\/wp-content\/uploads\/2020\/10\/DSC04314-1-1024x670.jpg 1024w, https:\/\/contrib.city\/wp-content\/uploads\/2020\/10\/DSC04314-1-300x196.jpg 300w, https:\/\/contrib.city\/wp-content\/uploads\/2020\/10\/DSC04314-1-768x502.jpg 768w, https:\/\/contrib.city\/wp-content\/uploads\/2020\/10\/DSC04314-1-1536x1004.jpg 1536w, https:\/\/contrib.city\/wp-content\/uploads\/2020\/10\/DSC04314-1-2048x1339.jpg 2048w\" sizes=\"auto, (max-width: 800px) 100vw, 800px\" \/><\/a>\n\t\t\t<\/div>\n\t\t\t\t<figcaption class='wp-caption-text gallery-caption' id='gallery-6-6022'>\n\t\t\t\tLa pr\u00e9sence des pompiers sur l&#8217;Ile apporte une certaine s\u00e9curit\u00e9.\n\t\t\t\t<\/figcaption><\/figure><figure class='gallery-item'>\n\t\t\t<div class='gallery-icon landscape'>\n\t\t\t\t<a href='https:\/\/contrib.city\/index.php\/2020\/10\/11\/le-jeu-des-iles\/dsc04313\/'><img loading=\"lazy\" decoding=\"async\" width=\"800\" height=\"525\" src=\"https:\/\/contrib.city\/wp-content\/uploads\/2020\/10\/DSC04313-1024x672.jpg\" class=\"attachment-large size-large\" alt=\"\" aria-describedby=\"gallery-6-6023\" srcset=\"https:\/\/contrib.city\/wp-content\/uploads\/2020\/10\/DSC04313-1024x672.jpg 1024w, https:\/\/contrib.city\/wp-content\/uploads\/2020\/10\/DSC04313-300x197.jpg 300w, https:\/\/contrib.city\/wp-content\/uploads\/2020\/10\/DSC04313-768x504.jpg 768w, https:\/\/contrib.city\/wp-content\/uploads\/2020\/10\/DSC04313-1536x1008.jpg 1536w, https:\/\/contrib.city\/wp-content\/uploads\/2020\/10\/DSC04313-2048x1343.jpg 2048w\" sizes=\"auto, (max-width: 800px) 100vw, 800px\" \/><\/a>\n\t\t\t<\/div>\n\t\t\t\t<figcaption class='wp-caption-text gallery-caption' id='gallery-6-6023'>\n\t\t\t\tAu-dessus, une citerne de r\u00e9serve afin de pouvoir lutter contre un d\u00e9but d&#8217;incendie. \n\t\t\t\t<\/figcaption><\/figure>\n\t\t<\/div>\n\n<p align=\"justify\">Ce brutal changement d\u00e9mographique se r\u00e9alise dans un environnement fragile. En plus de l&#8217;\u00e9rosion hydraulique et \u00e9olienne, le <em>Canneton<\/em> doit supporter celle g\u00e9n\u00e9r\u00e9e par le tourisme : les sentiers c\u00f4tiers et la lande, martel\u00e9s par des milliers de passages, sont profond\u00e9ment transform\u00e9s, agrandis ou carr\u00e9ment multipli\u00e9s par la cr\u00e9ation inopin\u00e9s d&#8217;autres chemin du fait du non-respect des sentiers balis\u00e9s. Le vent sal\u00e9 du large repr\u00e9sente une menace constante pour la flore : il g\u00e8ne le d\u00e9veloppement des v\u00e9g\u00e9taux et donc des biotopes<span class=\"footnote_referrer\"><a role=\"button\" tabindex=\"0\" onclick=\"footnote_moveToReference_5975_1('footnote_plugin_reference_5975_1_3');\" onkeypress=\"footnote_moveToReference_5975_1('footnote_plugin_reference_5975_1_3');\" ><sup id=\"footnote_plugin_tooltip_5975_1_3\" class=\"footnote_plugin_tooltip_text\">[3]<\/sup><\/a><span id=\"footnote_plugin_tooltip_text_5975_1_3\" class=\"footnote_tooltip\">De &#8220;bio&#8221;, la vie et &#8220;topos&#8221;, la maison : les diff\u00e9rents milieux sp\u00e9cifiques o\u00f9 vivent les plantes et animaux.<\/span><\/span><script type=\"text\/javascript\"> jQuery('#footnote_plugin_tooltip_5975_1_3').tooltip({ tip: '#footnote_plugin_tooltip_text_5975_1_3', tipClass: 'footnote_tooltip', effect: 'fade', predelay: 0, fadeInSpeed: 200, delay: 400, fadeOutSpeed: 200, position: 'top right', relative: true, offset: [10, 10], });<\/script> insulaires. Le bouleversement environnemental que repr\u00e9sente le secteur touristique doit donc \u00eatre pris en compte.<\/p>\n<p align=\"justify\">Au d\u00e9fi de l&#8217;\u00e9rosion, ajoutons celui de l&#8217;eau potable : la nappe phr\u00e9atique existante peut approvisionner 900 habitants, selon le maire. Mais pas 3000! L&#8217;eau suit ce circuit : elle est stock\u00e9e, trait\u00e9e en fonction de la demande puis distribu\u00e9e. Cependant, en \u00e9t\u00e9, du fait aussi que les estivants ne r\u00e9ussissent pas toujours \u00e0 se rendre compte \u00e0 la fois de la raret\u00e9 de l&#8217;eau douce sur le <em>Caneton<\/em>, et de la quantit\u00e9 ph\u00e9nom\u00e9nale d&#8217;eau potable consomm\u00e9e en moyenne, sur le continent, dans un cadre de vie urbain moderne (1 m3\/personne\/jour environ). Ces deux facteurs (ignorance et habitude) provoque un stress hydrique au <em>Petit Canard<\/em> : la municipalit\u00e9 est alors oblig\u00e9e de r\u00e9aliser des coupures d&#8217;eau comme lors du 10 juillet dernier. Du fait d&#8217;un pic de fr\u00e9quentation, et donc de consommation, la distribution a \u00e9t\u00e9 arr\u00eat\u00e9e entre 14h00 et 18h00. Durant l&#8217;\u00e9t\u00e9 2018, les pompes ont \u00e9t\u00e9 d\u00e9samorc\u00e9es deux fois : la nappe avait atteint son niveau minimal, du fait d&#8217;une sur-population et d&#8217;un pic de chaleur qui \u00e0 la fois a favoris\u00e9 l&#8217;\u00e9vaporation et a pouss\u00e9 les gens \u00e0 consommer plus d&#8217;eau.<\/p>\n<h2 align=\"justify\">L&#8217;effet Ibiza<\/h2>\n<p style=\"text-align: justify;\" align=\"justify\">H\u0153dic doit donc g\u00e9rer sa ressource principale, le tourisme (<a href=\"https:\/\/www.ouest-france.fr\/bretagne\/hoedic-56170\/statistiques-chiffres-cles\" target=\"_blank\" rel=\"noopener noreferrer\">plus de 80% des emplois<\/a>), tout en veillant \u00e0 limiter les cons\u00e9quences n\u00e9gatives de cette activit\u00e9. Le probl\u00e8me ne se limite pas \u00e0 la nappe phr\u00e9atique : il est plus profond. Il faut chercher, comme souvent, dans la repr\u00e9sentation symbolique de chaque territoire, et de la mani\u00e8re dont les \u00eatre humains vont chercher \u00e0 r\u00e9aliser cette repr\u00e9sentation.<\/p>\n<figure id=\"attachment_6007\" aria-describedby=\"caption-attachment-6007\" style=\"width: 800px\" class=\"wp-caption aligncenter\"><img loading=\"lazy\" decoding=\"async\" class=\"wp-image-6007 size-large\" src=\"https:\/\/contrib.city\/wp-content\/uploads\/2020\/10\/DSC04304-comp-1-1024x768.jpg\" alt=\"\" width=\"800\" height=\"600\" srcset=\"https:\/\/contrib.city\/wp-content\/uploads\/2020\/10\/DSC04304-comp-1-1024x768.jpg 1024w, https:\/\/contrib.city\/wp-content\/uploads\/2020\/10\/DSC04304-comp-1-300x225.jpg 300w, https:\/\/contrib.city\/wp-content\/uploads\/2020\/10\/DSC04304-comp-1-768x576.jpg 768w, https:\/\/contrib.city\/wp-content\/uploads\/2020\/10\/DSC04304-comp-1-1536x1152.jpg 1536w, https:\/\/contrib.city\/wp-content\/uploads\/2020\/10\/DSC04304-comp-1.jpg 1632w\" sizes=\"auto, (max-width: 800px) 100vw, 800px\" \/><figcaption id=\"caption-attachment-6007\" class=\"wp-caption-text\">L&#8217;appel au voyage. Comme <a href=\"https:\/\/poesie.webnet.fr\/lesgrandsclassiques\/poemes\/charles_baudelaire\/parfum_exotique\" target=\"_blank\" rel=\"noopener noreferrer\">Charles Baudelaire<\/a> ou <a href=\"https:\/\/www.youtube.com\/watch?v=xwDqvtlrOt8\" target=\"_blank\" rel=\"noopener noreferrer\">Jacques Brel<\/a> l&#8217;ont si bien \u00e9crit, les \u00eeles \u00e9voquent le Paradis perdu : un lieu enchanteur, paisible, libre, magnifique, propice \u00e0 l&#8217;amour. Voire \u00e0 la f\u00eate pour les jeunes urbains!<\/figcaption><\/figure>\n<p style=\"text-align: justify;\">Selon J.C. Chiffoleau, <em>le<\/em> <em>Caneton<\/em> est appr\u00e9ci\u00e9 pour son aspect sauvage. Donc de nombreux jeunes veulent y aller pour vivre une aventure diff\u00e9rente du milieu urbain sur-peupl\u00e9. Quitte \u00e0 \u00eatre sur une \u00eele sauvage, dans un Paradis enfin retrouv\u00e9, faison la f\u00eate! Une &#8220;c\u00e9l\u00e9bration&#8221; joyeuse, de plus sur un territoire administrativement accessible du fait qu&#8217;il se situe \u00e0 l&#8217;int\u00e9rieur des fronti\u00e8res fran\u00e7aise, Codid oblige, attire d&#8217;autres personnes, par le biais notamment des r\u00e9seaux sociaux instantan\u00e9s. Et voil\u00e0 comment la municipalit\u00e9 se retrouve confront\u00e9e \u00e0 des soir\u00e9es ext\u00e9rieures bien arros\u00e9es, sonores et laissant derri\u00e8re elle de nombreux vestiges, vestiges qui int\u00e9resseront s\u00fbrement les futurs arch\u00e9ologues et anthropologues mais qui g\u00eanent consid\u00e9rablement les habitants et leurs \u00e9lus actuels qui doivent, de plus, veiller \u00e0 ce que l&#8217;image de &#8220;Paradis perdu&#8221; d&#8217;Hoedic ne se d\u00e9t\u00e9riore pas. En effet, un territoire peut \u00eatre entra\u00een\u00e9 dans une spirale de consommation : il est d\u00e9couvert, utilis\u00e9, d\u00e9truit puis jet\u00e9. Bien au fait de ce risque, les Hoedicais, qui nettoient une fois que la f\u00eate estivale est termin\u00e9e, essayent de g\u00e9rer la situation en mettant des panneaux rappelant la raret\u00e9 de l&#8217;eau sur l&#8217;\u00eele.<\/p>\n<p style=\"text-align: justify;\">La gestion du tourisme de masse est d&#8217;autant plus n\u00e9cessaire que l&#8217;apport ne se fait pas uniquement par le biais du camping, des navettes quotidiennes. Les bateaux de plaisances, et notamment les semi-rigides, posent des probl\u00e8mes de mouillages un peu sauvages, avec toujours la question de la gestion des d\u00e9chets, \u00e0 tel point que les \u00e9diles des trois \u00eeles &#8211; H\u0153dic, Houat et Belle-Ile &#8211; <span style=\"color: #000000;\">ont tenu un conseil afin de trouver des solutions.<\/span> Enfin, il ne faut pas oublier les paquebots. En juillet dernier, le paquebot de luxe <a href=\"https:\/\/www.ponant.com\/\" target=\"_blank\" rel=\"noopener noreferrer\"><em>Le Ponant<\/em><\/a> &#8211; 190 cabines &#8211;&nbsp; a mouill\u00e9 pr\u00e8s du port de l&#8217;Argol. Du fait de l&#8217;\u00e9pid\u00e9mie du virus couronn\u00e9, le bateau n&#8217;\u00e9tait que partiellement rempli et uniquement 20 passagers ont d\u00e9barqu\u00e9. Mais que ce serait-il pass\u00e9 si 300 personnes avaient accost\u00e9 sur le <em>Caneton<\/em>, en plus des 850 journaliers?&nbsp;<\/p>\n<figure id=\"attachment_6003\" aria-describedby=\"caption-attachment-6003\" style=\"width: 800px\" class=\"wp-caption aligncenter\"><img loading=\"lazy\" decoding=\"async\" class=\"wp-image-6003 size-large\" src=\"https:\/\/contrib.city\/wp-content\/uploads\/2020\/10\/DSC04334-1024x768.jpg\" alt=\"\" width=\"800\" height=\"600\" srcset=\"https:\/\/contrib.city\/wp-content\/uploads\/2020\/10\/DSC04334-1024x768.jpg 1024w, https:\/\/contrib.city\/wp-content\/uploads\/2020\/10\/DSC04334-300x225.jpg 300w, https:\/\/contrib.city\/wp-content\/uploads\/2020\/10\/DSC04334-768x576.jpg 768w, https:\/\/contrib.city\/wp-content\/uploads\/2020\/10\/DSC04334-1536x1152.jpg 1536w, https:\/\/contrib.city\/wp-content\/uploads\/2020\/10\/DSC04334-2048x1536.jpg 2048w\" sizes=\"auto, (max-width: 800px) 100vw, 800px\" \/><figcaption id=\"caption-attachment-6003\" class=\"wp-caption-text\">Le sentier c\u00f4tier, par un bel apr\u00e8s-midi. Il doit &#8220;supporter&#8221; le passage des r\u00e9sidents, des touristes logeant sur place ainsi que des visiteurs journaliers. En tout : 3000 personnes par jour.<\/figcaption><\/figure>\n<p style=\"text-align: justify;\">Un autre exemple pour montrer la pression touristique, issue de la repr\u00e9sentation de ce territoire, qui \u00e0 la fois p\u00e8se et b\u00e9n\u00e9ficie \u00e0 l&#8217;\u00eele : en plus des r\u00e9sidences secondaires, l&#8217;\u00eele propose un parc de lits via des g\u00eetes communaux. Le 5 janvier de chaque ann\u00e9e, ces g\u00eetes sont mis en location. Deux jours plus tard, les r\u00e9servations sont compl\u00e8tes pour tout l&#8217;\u00e9t\u00e9 : le mot s&#8217;est transmis, notamment via les r\u00e9seaux sociaux! C&#8217;est \u00e0 celui qui sera le plus rapide et &#8220;attrapera&#8221; un lieu de vacances \u00e0 des conditions tarifaires en-dessous de celles des r\u00e9sidences secondaires situ\u00e9es \u00e0 c\u00f4t\u00e9.<\/p>\n<p>(suite \u00e0 venir).<\/p>\n<p>[scu name=&#8221;map&#8221;]<\/p>\n<div class=\"speaker-mute footnotes_reference_container\"> <div class=\"footnote_container_prepare\"><p><span role=\"button\" tabindex=\"0\" class=\"footnote_reference_container_label pointer\" onclick=\"footnote_expand_collapse_reference_container_5975_1();\">R\u00e9f\u00e9rences<\/span><span role=\"button\" tabindex=\"0\" class=\"footnote_reference_container_collapse_button\" style=\"\" onclick=\"footnote_expand_collapse_reference_container_5975_1();\">[<a id=\"footnote_reference_container_collapse_button_5975_1\">+<\/a>]<\/span><\/p><\/div> <div id=\"footnote_references_container_5975_1\" style=\"display: none;\"><table class=\"footnotes_table footnote-reference-container\"><caption class=\"accessibility\">R\u00e9f\u00e9rences<\/caption> <tbody> \r\n\r\n<tr class=\"footnotes_plugin_reference_row\"> <th scope=\"row\" class=\"footnote_plugin_index_combi pointer\"  onclick=\"footnote_moveToAnchor_5975_1('footnote_plugin_tooltip_5975_1_1');\"><a id=\"footnote_plugin_reference_5975_1_1\" class=\"footnote_backlink\"><span class=\"footnote_index_arrow\">&#8593;<\/span>1<\/a><\/th> <td class=\"footnote_plugin_text\">Le tourisme fait partie du secteur tertiaire, c&#8217;est-\u00e0-dire celui des services. Le secteur primaire regroupe les activit\u00e9s agricoles, le secondaire d\u00e9signe l&#8217;industrie. Attention : quelque fois, surtout lorsque l&#8217;on parle de <em>tourisme de masse<\/em>, l&#8217;expression <em>industrie touristique<\/em> est utilis\u00e9e. M\u00eame si l&#8217;on comprend l&#8217;image, cela reste un abus de langage.<\/td><\/tr>\r\n\r\n<tr class=\"footnotes_plugin_reference_row\"> <th scope=\"row\" class=\"footnote_plugin_index_combi pointer\"  onclick=\"footnote_moveToAnchor_5975_1('footnote_plugin_tooltip_5975_1_2');\"><a id=\"footnote_plugin_reference_5975_1_2\" class=\"footnote_backlink\"><span class=\"footnote_index_arrow\">&#8593;<\/span>2<\/a><\/th> <td class=\"footnote_plugin_text\">Charybde est la fille de Pos\u00e9idon, le dieu de la mer, et de Ga\u00efa, la d\u00e9esse symbolisant la Terre. Ce mythe grec prendrait comme origine le d\u00e9troit de Messine, situ\u00e9 entre la Sicile et l&#8217;Italie, o\u00f9 r\u00e8gnent de forts courants marins qui provoquent des tourbillons. Notons au passage que l&#8217;entr\u00e9e du Golfe du Morbihan, \u00e0 15 miles nautiques au nord-nord-ouest du Port de l&#8217;Argol, est confront\u00e9 quotidiennement \u00e0 des courants pouvant aller jusqu&#8217;\u00e0 12 n\u0153uds. Ces derniers g\u00e9n\u00e8rent de v\u00e9ritables tourbillons qui peuvent mettre en p\u00e9ril tout nageur un peu trop \u00e9loign\u00e9 du bord, ou bien pouvant m\u00eame faire tournoyer un quillard de 10 m\u00e8tres pesant plusieurs tonnes.<\/td><\/tr>\r\n\r\n<tr class=\"footnotes_plugin_reference_row\"> <th scope=\"row\" class=\"footnote_plugin_index_combi pointer\"  onclick=\"footnote_moveToAnchor_5975_1('footnote_plugin_tooltip_5975_1_3');\"><a id=\"footnote_plugin_reference_5975_1_3\" class=\"footnote_backlink\"><span class=\"footnote_index_arrow\">&#8593;<\/span>3<\/a><\/th> <td class=\"footnote_plugin_text\">De &#8220;bio&#8221;, la vie et &#8220;topos&#8221;, la maison : les diff\u00e9rents milieux sp\u00e9cifiques o\u00f9 vivent les plantes et animaux.<\/td><\/tr>\r\n\r\n <\/tbody> <\/table> <\/div><\/div><script type=\"text\/javascript\"> function footnote_expand_reference_container_5975_1() { jQuery('#footnote_references_container_5975_1').show(); jQuery('#footnote_reference_container_collapse_button_5975_1').text('\u2212'); } function footnote_collapse_reference_container_5975_1() { jQuery('#footnote_references_container_5975_1').hide(); jQuery('#footnote_reference_container_collapse_button_5975_1').text('+'); } function footnote_expand_collapse_reference_container_5975_1() { if (jQuery('#footnote_references_container_5975_1').is(':hidden')) { footnote_expand_reference_container_5975_1(); } else { footnote_collapse_reference_container_5975_1(); } } function footnote_moveToReference_5975_1(p_str_TargetID) { footnote_expand_reference_container_5975_1(); var l_obj_Target = jQuery('#' + p_str_TargetID); if (l_obj_Target.length) { jQuery( 'html, body' ).delay( 0 ); jQuery('html, body').animate({ scrollTop: l_obj_Target.offset().top - window.innerHeight * 0.2 }, 380); } } function footnote_moveToAnchor_5975_1(p_str_TargetID) { footnote_expand_reference_container_5975_1(); var l_obj_Target = jQuery('#' + p_str_TargetID); if (l_obj_Target.length) { jQuery( 'html, body' ).delay( 0 ); jQuery('html, body').animate({ scrollTop: l_obj_Target.offset().top - window.innerHeight * 0.2 }, 380); } }<\/script>","protected":false},"excerpt":{"rendered":"<p>Prenons un jeu de soci\u00e9t\u00e9 dans lequel le d\u00e9fi serait le suivant : vous devez d\u00e9velopper un territoire soumis \u00e0<\/p>\n","protected":false},"author":1,"featured_media":6004,"comment_status":"open","ping_status":"open","sticky":false,"template":"","format":"standard","meta":{"_acf_changed":false,"inline_featured_image":false,"_exactmetrics_skip_tracking":false,"_exactmetrics_sitenote_active":false,"_exactmetrics_sitenote_note":"","_exactmetrics_sitenote_category":0,"ngg_post_thumbnail":0,"_jetpack_memberships_contains_paid_content":false,"footnotes":""},"categories":[4,74],"tags":[],"class_list":["post-5975","post","type-post","status-publish","format-standard","has-post-thumbnail","hentry","category-environnement_fr","category-tourisme"],"acf":[],"yoast_head":"<!-- This site is optimized with the Yoast SEO plugin v27.2 - https:\/\/yoast.com\/product\/yoast-seo-wordpress\/ -->\n<title>Le jeu des \u00eeles - H\u0153dic - ContribCity<\/title>\n<meta name=\"robots\" content=\"index, follow, max-snippet:-1, max-image-preview:large, max-video-preview:-1\" \/>\n<link rel=\"canonical\" href=\"https:\/\/contrib.city\/index.php\/2020\/10\/11\/le-jeu-des-iles\/\" \/>\n<meta property=\"og:locale\" content=\"fr_FR\" \/>\n<meta property=\"og:type\" content=\"article\" \/>\n<meta property=\"og:title\" content=\"Le jeu des \u00eeles - H\u0153dic - ContribCity\" \/>\n<meta property=\"og:description\" content=\"Prenons un jeu de soci\u00e9t\u00e9 dans lequel le d\u00e9fi serait le suivant : vous devez d\u00e9velopper un territoire soumis \u00e0\" \/>\n<meta property=\"og:url\" content=\"https:\/\/contrib.city\/index.php\/2020\/10\/11\/le-jeu-des-iles\/\" \/>\n<meta property=\"og:site_name\" content=\"ContribCity\" \/>\n<meta property=\"article:published_time\" content=\"2020-10-11T08:56:24+00:00\" \/>\n<meta property=\"article:modified_time\" content=\"2020-10-12T17:04:39+00:00\" \/>\n<meta property=\"og:image\" content=\"https:\/\/contrib.city\/wp-content\/uploads\/2020\/10\/Port-Argol-comp.jpg\" \/>\n\t<meta property=\"og:image:width\" content=\"1740\" \/>\n\t<meta property=\"og:image:height\" content=\"1149\" \/>\n\t<meta property=\"og:image:type\" content=\"image\/jpeg\" \/>\n<meta name=\"author\" content=\"Bertrand de Foucauld\" \/>\n<meta name=\"twitter:card\" content=\"summary_large_image\" \/>\n<meta name=\"twitter:label1\" content=\"\u00c9crit par\" \/>\n\t<meta name=\"twitter:data1\" content=\"Bertrand de Foucauld\" \/>\n\t<meta name=\"twitter:label2\" content=\"Dur\u00e9e de lecture estim\u00e9e\" \/>\n\t<meta name=\"twitter:data2\" content=\"14 minutes\" \/>\n<script type=\"application\/ld+json\" class=\"yoast-schema-graph\">{\"@context\":\"https:\/\/schema.org\",\"@graph\":[{\"@type\":\"Article\",\"@id\":\"https:\/\/contrib.city\/index.php\/2020\/10\/11\/le-jeu-des-iles\/#article\",\"isPartOf\":{\"@id\":\"https:\/\/contrib.city\/index.php\/2020\/10\/11\/le-jeu-des-iles\/\"},\"author\":{\"name\":\"Bertrand de Foucauld\",\"@id\":\"https:\/\/contrib.city\/#\/schema\/person\/ec389c5a78a37ccaee4e8ce098099db5\"},\"headline\":\"Le jeu des \u00eeles &#8211; H\u0153dic\",\"datePublished\":\"2020-10-11T08:56:24+00:00\",\"dateModified\":\"2020-10-12T17:04:39+00:00\",\"mainEntityOfPage\":{\"@id\":\"https:\/\/contrib.city\/index.php\/2020\/10\/11\/le-jeu-des-iles\/\"},\"wordCount\":2896,\"commentCount\":0,\"publisher\":{\"@id\":\"https:\/\/contrib.city\/#organization\"},\"image\":{\"@id\":\"https:\/\/contrib.city\/index.php\/2020\/10\/11\/le-jeu-des-iles\/#primaryimage\"},\"thumbnailUrl\":\"https:\/\/contrib.city\/wp-content\/uploads\/2020\/10\/Port-Argol-comp.jpg\",\"articleSection\":[\"Environnement\",\"Tourisme\"],\"inLanguage\":\"fr-FR\",\"potentialAction\":[{\"@type\":\"CommentAction\",\"name\":\"Comment\",\"target\":[\"https:\/\/contrib.city\/index.php\/2020\/10\/11\/le-jeu-des-iles\/#respond\"]}]},{\"@type\":\"WebPage\",\"@id\":\"https:\/\/contrib.city\/index.php\/2020\/10\/11\/le-jeu-des-iles\/\",\"url\":\"https:\/\/contrib.city\/index.php\/2020\/10\/11\/le-jeu-des-iles\/\",\"name\":\"Le jeu des \u00eeles - H\u0153dic - ContribCity\",\"isPartOf\":{\"@id\":\"https:\/\/contrib.city\/#website\"},\"primaryImageOfPage\":{\"@id\":\"https:\/\/contrib.city\/index.php\/2020\/10\/11\/le-jeu-des-iles\/#primaryimage\"},\"image\":{\"@id\":\"https:\/\/contrib.city\/index.php\/2020\/10\/11\/le-jeu-des-iles\/#primaryimage\"},\"thumbnailUrl\":\"https:\/\/contrib.city\/wp-content\/uploads\/2020\/10\/Port-Argol-comp.jpg\",\"datePublished\":\"2020-10-11T08:56:24+00:00\",\"dateModified\":\"2020-10-12T17:04:39+00:00\",\"breadcrumb\":{\"@id\":\"https:\/\/contrib.city\/index.php\/2020\/10\/11\/le-jeu-des-iles\/#breadcrumb\"},\"inLanguage\":\"fr-FR\",\"potentialAction\":[{\"@type\":\"ReadAction\",\"target\":[\"https:\/\/contrib.city\/index.php\/2020\/10\/11\/le-jeu-des-iles\/\"]}]},{\"@type\":\"ImageObject\",\"inLanguage\":\"fr-FR\",\"@id\":\"https:\/\/contrib.city\/index.php\/2020\/10\/11\/le-jeu-des-iles\/#primaryimage\",\"url\":\"https:\/\/contrib.city\/wp-content\/uploads\/2020\/10\/Port-Argol-comp.jpg\",\"contentUrl\":\"https:\/\/contrib.city\/wp-content\/uploads\/2020\/10\/Port-Argol-comp.jpg\",\"width\":1740,\"height\":1149},{\"@type\":\"BreadcrumbList\",\"@id\":\"https:\/\/contrib.city\/index.php\/2020\/10\/11\/le-jeu-des-iles\/#breadcrumb\",\"itemListElement\":[{\"@type\":\"ListItem\",\"position\":1,\"name\":\"Home\",\"item\":\"https:\/\/contrib.city\/\"},{\"@type\":\"ListItem\",\"position\":2,\"name\":\"Le jeu des \u00eeles &#8211; H\u0153dic\"}]},{\"@type\":\"WebSite\",\"@id\":\"https:\/\/contrib.city\/#website\",\"url\":\"https:\/\/contrib.city\/\",\"name\":\"ContribCity\",\"description\":\"Parlons de nos lieux de vie\",\"publisher\":{\"@id\":\"https:\/\/contrib.city\/#organization\"},\"potentialAction\":[{\"@type\":\"SearchAction\",\"target\":{\"@type\":\"EntryPoint\",\"urlTemplate\":\"https:\/\/contrib.city\/?s={search_term_string}\"},\"query-input\":{\"@type\":\"PropertyValueSpecification\",\"valueRequired\":true,\"valueName\":\"search_term_string\"}}],\"inLanguage\":\"fr-FR\"},{\"@type\":\"Organization\",\"@id\":\"https:\/\/contrib.city\/#organization\",\"name\":\"ContribCity\",\"url\":\"https:\/\/contrib.city\/\",\"logo\":{\"@type\":\"ImageObject\",\"inLanguage\":\"fr-FR\",\"@id\":\"https:\/\/contrib.city\/#\/schema\/logo\/image\/\",\"url\":\"https:\/\/contrib.city\/wp-content\/uploads\/2020\/01\/cropped-Parlons-de-nos-lieux-de-vie-2.jpg\",\"contentUrl\":\"https:\/\/contrib.city\/wp-content\/uploads\/2020\/01\/cropped-Parlons-de-nos-lieux-de-vie-2.jpg\",\"width\":1133,\"height\":218,\"caption\":\"ContribCity\"},\"image\":{\"@id\":\"https:\/\/contrib.city\/#\/schema\/logo\/image\/\"}},{\"@type\":\"Person\",\"@id\":\"https:\/\/contrib.city\/#\/schema\/person\/ec389c5a78a37ccaee4e8ce098099db5\",\"name\":\"Bertrand de Foucauld\",\"image\":{\"@type\":\"ImageObject\",\"inLanguage\":\"fr-FR\",\"@id\":\"https:\/\/secure.gravatar.com\/avatar\/c49e25550e4609092f7a00fb677a980813788778df987b36cad9b0fc85a8bf73?s=96&d=mm&r=g\",\"url\":\"https:\/\/secure.gravatar.com\/avatar\/c49e25550e4609092f7a00fb677a980813788778df987b36cad9b0fc85a8bf73?s=96&d=mm&r=g\",\"contentUrl\":\"https:\/\/secure.gravatar.com\/avatar\/c49e25550e4609092f7a00fb677a980813788778df987b36cad9b0fc85a8bf73?s=96&d=mm&r=g\",\"caption\":\"Bertrand de Foucauld\"},\"url\":\"https:\/\/contrib.city\/index.php\/author\/bertrand\/\"}]}<\/script>\n<!-- \/ Yoast SEO plugin. -->","yoast_head_json":{"title":"Le jeu des \u00eeles - H\u0153dic - ContribCity","robots":{"index":"index","follow":"follow","max-snippet":"max-snippet:-1","max-image-preview":"max-image-preview:large","max-video-preview":"max-video-preview:-1"},"canonical":"https:\/\/contrib.city\/index.php\/2020\/10\/11\/le-jeu-des-iles\/","og_locale":"fr_FR","og_type":"article","og_title":"Le jeu des \u00eeles - H\u0153dic - ContribCity","og_description":"Prenons un jeu de soci\u00e9t\u00e9 dans lequel le d\u00e9fi serait le suivant : vous devez d\u00e9velopper un territoire soumis \u00e0","og_url":"https:\/\/contrib.city\/index.php\/2020\/10\/11\/le-jeu-des-iles\/","og_site_name":"ContribCity","article_published_time":"2020-10-11T08:56:24+00:00","article_modified_time":"2020-10-12T17:04:39+00:00","og_image":[{"width":1740,"height":1149,"url":"https:\/\/contrib.city\/wp-content\/uploads\/2020\/10\/Port-Argol-comp.jpg","type":"image\/jpeg"}],"author":"Bertrand de Foucauld","twitter_card":"summary_large_image","twitter_misc":{"\u00c9crit par":"Bertrand de Foucauld","Dur\u00e9e de lecture estim\u00e9e":"14 minutes"},"schema":{"@context":"https:\/\/schema.org","@graph":[{"@type":"Article","@id":"https:\/\/contrib.city\/index.php\/2020\/10\/11\/le-jeu-des-iles\/#article","isPartOf":{"@id":"https:\/\/contrib.city\/index.php\/2020\/10\/11\/le-jeu-des-iles\/"},"author":{"name":"Bertrand de Foucauld","@id":"https:\/\/contrib.city\/#\/schema\/person\/ec389c5a78a37ccaee4e8ce098099db5"},"headline":"Le jeu des \u00eeles &#8211; H\u0153dic","datePublished":"2020-10-11T08:56:24+00:00","dateModified":"2020-10-12T17:04:39+00:00","mainEntityOfPage":{"@id":"https:\/\/contrib.city\/index.php\/2020\/10\/11\/le-jeu-des-iles\/"},"wordCount":2896,"commentCount":0,"publisher":{"@id":"https:\/\/contrib.city\/#organization"},"image":{"@id":"https:\/\/contrib.city\/index.php\/2020\/10\/11\/le-jeu-des-iles\/#primaryimage"},"thumbnailUrl":"https:\/\/contrib.city\/wp-content\/uploads\/2020\/10\/Port-Argol-comp.jpg","articleSection":["Environnement","Tourisme"],"inLanguage":"fr-FR","potentialAction":[{"@type":"CommentAction","name":"Comment","target":["https:\/\/contrib.city\/index.php\/2020\/10\/11\/le-jeu-des-iles\/#respond"]}]},{"@type":"WebPage","@id":"https:\/\/contrib.city\/index.php\/2020\/10\/11\/le-jeu-des-iles\/","url":"https:\/\/contrib.city\/index.php\/2020\/10\/11\/le-jeu-des-iles\/","name":"Le jeu des \u00eeles - H\u0153dic - ContribCity","isPartOf":{"@id":"https:\/\/contrib.city\/#website"},"primaryImageOfPage":{"@id":"https:\/\/contrib.city\/index.php\/2020\/10\/11\/le-jeu-des-iles\/#primaryimage"},"image":{"@id":"https:\/\/contrib.city\/index.php\/2020\/10\/11\/le-jeu-des-iles\/#primaryimage"},"thumbnailUrl":"https:\/\/contrib.city\/wp-content\/uploads\/2020\/10\/Port-Argol-comp.jpg","datePublished":"2020-10-11T08:56:24+00:00","dateModified":"2020-10-12T17:04:39+00:00","breadcrumb":{"@id":"https:\/\/contrib.city\/index.php\/2020\/10\/11\/le-jeu-des-iles\/#breadcrumb"},"inLanguage":"fr-FR","potentialAction":[{"@type":"ReadAction","target":["https:\/\/contrib.city\/index.php\/2020\/10\/11\/le-jeu-des-iles\/"]}]},{"@type":"ImageObject","inLanguage":"fr-FR","@id":"https:\/\/contrib.city\/index.php\/2020\/10\/11\/le-jeu-des-iles\/#primaryimage","url":"https:\/\/contrib.city\/wp-content\/uploads\/2020\/10\/Port-Argol-comp.jpg","contentUrl":"https:\/\/contrib.city\/wp-content\/uploads\/2020\/10\/Port-Argol-comp.jpg","width":1740,"height":1149},{"@type":"BreadcrumbList","@id":"https:\/\/contrib.city\/index.php\/2020\/10\/11\/le-jeu-des-iles\/#breadcrumb","itemListElement":[{"@type":"ListItem","position":1,"name":"Home","item":"https:\/\/contrib.city\/"},{"@type":"ListItem","position":2,"name":"Le jeu des \u00eeles &#8211; H\u0153dic"}]},{"@type":"WebSite","@id":"https:\/\/contrib.city\/#website","url":"https:\/\/contrib.city\/","name":"ContribCity","description":"Parlons de nos lieux de vie","publisher":{"@id":"https:\/\/contrib.city\/#organization"},"potentialAction":[{"@type":"SearchAction","target":{"@type":"EntryPoint","urlTemplate":"https:\/\/contrib.city\/?s={search_term_string}"},"query-input":{"@type":"PropertyValueSpecification","valueRequired":true,"valueName":"search_term_string"}}],"inLanguage":"fr-FR"},{"@type":"Organization","@id":"https:\/\/contrib.city\/#organization","name":"ContribCity","url":"https:\/\/contrib.city\/","logo":{"@type":"ImageObject","inLanguage":"fr-FR","@id":"https:\/\/contrib.city\/#\/schema\/logo\/image\/","url":"https:\/\/contrib.city\/wp-content\/uploads\/2020\/01\/cropped-Parlons-de-nos-lieux-de-vie-2.jpg","contentUrl":"https:\/\/contrib.city\/wp-content\/uploads\/2020\/01\/cropped-Parlons-de-nos-lieux-de-vie-2.jpg","width":1133,"height":218,"caption":"ContribCity"},"image":{"@id":"https:\/\/contrib.city\/#\/schema\/logo\/image\/"}},{"@type":"Person","@id":"https:\/\/contrib.city\/#\/schema\/person\/ec389c5a78a37ccaee4e8ce098099db5","name":"Bertrand de Foucauld","image":{"@type":"ImageObject","inLanguage":"fr-FR","@id":"https:\/\/secure.gravatar.com\/avatar\/c49e25550e4609092f7a00fb677a980813788778df987b36cad9b0fc85a8bf73?s=96&d=mm&r=g","url":"https:\/\/secure.gravatar.com\/avatar\/c49e25550e4609092f7a00fb677a980813788778df987b36cad9b0fc85a8bf73?s=96&d=mm&r=g","contentUrl":"https:\/\/secure.gravatar.com\/avatar\/c49e25550e4609092f7a00fb677a980813788778df987b36cad9b0fc85a8bf73?s=96&d=mm&r=g","caption":"Bertrand de Foucauld"},"url":"https:\/\/contrib.city\/index.php\/author\/bertrand\/"}]}},"jetpack_featured_media_url":"https:\/\/contrib.city\/wp-content\/uploads\/2020\/10\/Port-Argol-comp.jpg","jetpack_sharing_enabled":true,"post_mailing_queue_ids":[],"_links":{"self":[{"href":"https:\/\/contrib.city\/index.php\/wp-json\/wp\/v2\/posts\/5975","targetHints":{"allow":["GET"]}}],"collection":[{"href":"https:\/\/contrib.city\/index.php\/wp-json\/wp\/v2\/posts"}],"about":[{"href":"https:\/\/contrib.city\/index.php\/wp-json\/wp\/v2\/types\/post"}],"author":[{"embeddable":true,"href":"https:\/\/contrib.city\/index.php\/wp-json\/wp\/v2\/users\/1"}],"replies":[{"embeddable":true,"href":"https:\/\/contrib.city\/index.php\/wp-json\/wp\/v2\/comments?post=5975"}],"version-history":[{"count":35,"href":"https:\/\/contrib.city\/index.php\/wp-json\/wp\/v2\/posts\/5975\/revisions"}],"predecessor-version":[{"id":6042,"href":"https:\/\/contrib.city\/index.php\/wp-json\/wp\/v2\/posts\/5975\/revisions\/6042"}],"wp:featuredmedia":[{"embeddable":true,"href":"https:\/\/contrib.city\/index.php\/wp-json\/wp\/v2\/media\/6004"}],"wp:attachment":[{"href":"https:\/\/contrib.city\/index.php\/wp-json\/wp\/v2\/media?parent=5975"}],"wp:term":[{"taxonomy":"category","embeddable":true,"href":"https:\/\/contrib.city\/index.php\/wp-json\/wp\/v2\/categories?post=5975"},{"taxonomy":"post_tag","embeddable":true,"href":"https:\/\/contrib.city\/index.php\/wp-json\/wp\/v2\/tags?post=5975"}],"curies":[{"name":"wp","href":"https:\/\/api.w.org\/{rel}","templated":true}]}}