{"id":599,"date":"2019-08-13T00:39:03","date_gmt":"2019-08-12T22:39:03","guid":{"rendered":"https:\/\/contrib.city\/?p=599"},"modified":"2022-12-14T11:13:16","modified_gmt":"2022-12-14T10:13:16","slug":"lagglomeration-de-metz-pourquoi-tant-datouts-si-peu-exploites","status":"publish","type":"post","link":"https:\/\/contrib.city\/index.php\/2019\/08\/13\/lagglomeration-de-metz-pourquoi-tant-datouts-si-peu-exploites\/","title":{"rendered":"L\u2019agglom\u00e9ration de Metz : pourquoi tant d&#8217;atouts si peu exploit\u00e9s\u00a0?"},"content":{"rendered":"<p align=\"justify\"><span style=\"font-size: medium;\">Cette jolie ville, dont les premi\u00e8res implantations datent de 3000 ans avant notre \u00e8re, regorgent de richesses architecturales (Photo de couverture : March\u00e9 sur la Place-Jean-Paul-II, en face de la cath\u00e9drale Saint-Etienne), culturelles et industrielles. Elle se situe au carrefour entre la Lorraine, r\u00e9gion \u00e0 la fois agricole et industrielle<a class=\"sdfootnoteanc\" href=\"#sdfootnote1sym\" name=\"sdfootnote1anc\"><sup>1<\/sup><\/a>, le Luxembourg (situ\u00e9 \u00e0 64 km de Metz), territoire sp\u00e9cialis\u00e9 dans les domaines de la banque et de l\u2019assurance, le sud-est de la Belgique et enfin l\u2019Allemagne, la premi\u00e8re puissance \u00e9conomique europ\u00e9enne. Aujourd\u2019hui, le TGV Est relie M<\/span><span style=\"font-size: medium;\">etz en 1h15 \u00e0 la ville de Paris ou \u00e0 la banlieue parisienne (gares de Marne-la-Vall\u00e9e, Massy, A\u00e9roport-Charles-de-Gaulle).<\/span><\/p>\n<p align=\"justify\"><span style=\"font-size: medium;\"> La ville de Metz, au travers des drames de trois guerres<a class=\"sdfootnoteanc\" href=\"#sdfootnote2sym\" name=\"sdfootnote2anc\"><sup>2<\/sup><\/a>, a pu b\u00e9n\u00e9ficier des apports culturels \u00e0 la fois fran\u00e7ais et germaniques. <\/span><\/p>\n<p>&nbsp;<\/p>\n<figure id=\"attachment_615\" aria-describedby=\"caption-attachment-615\" style=\"width: 800px\" class=\"wp-caption aligncenter\"><img loading=\"lazy\" decoding=\"async\" class=\"wp-image-615 size-large\" src=\"https:\/\/contrib.city\/wp-content\/uploads\/2019\/08\/Clochers-et-toits.-Vue-vers-le-sud-est-depuis-la-rue-des-Murs-2-1024x768.jpg\" alt=\"\" width=\"800\" height=\"600\" srcset=\"https:\/\/contrib.city\/wp-content\/uploads\/2019\/08\/Clochers-et-toits.-Vue-vers-le-sud-est-depuis-la-rue-des-Murs-2-1024x768.jpg 1024w, https:\/\/contrib.city\/wp-content\/uploads\/2019\/08\/Clochers-et-toits.-Vue-vers-le-sud-est-depuis-la-rue-des-Murs-2-300x225.jpg 300w, https:\/\/contrib.city\/wp-content\/uploads\/2019\/08\/Clochers-et-toits.-Vue-vers-le-sud-est-depuis-la-rue-des-Murs-2-768x576.jpg 768w\" sizes=\"auto, (max-width: 800px) 100vw, 800px\" \/><figcaption id=\"caption-attachment-615\" class=\"wp-caption-text\">Clochers et toits. Vue vers le sud-est depuis la rue des Murs. On remarque les diff\u00e9rents types d\u2019architecture, au centre et \u00e0 l\u2019arri\u00e8re-plan. Photo : BdF, 2 ao\u00fbt 2019.<\/figcaption><\/figure>\n<p>&nbsp;<\/p>\n<p align=\"justify\"><span style=\"font-size: medium;\">L\u2019architecture du centre-ville et de la gare de chemin de fer, avec ses volumes carr\u00e9s et ses fondations un peu massives, attestent de cette influence de l\u2019est, assez adapt\u00e9e, il faut bien le reconna\u00eetre, aux climats semi-continentaux, avec notamment des \u00e9pisodes neigeux de plusieurs mois que les Lorrains devaient encore affronter dans les ann\u00e9es 1950. <\/span><\/p>\n<p>&nbsp;<\/p>\n<figure id=\"attachment_631\" aria-describedby=\"caption-attachment-631\" style=\"width: 800px\" class=\"wp-caption aligncenter\"><img loading=\"lazy\" decoding=\"async\" class=\"wp-image-631 size-large\" src=\"https:\/\/contrib.city\/wp-content\/uploads\/2019\/08\/La-Pr\u00e9fecture-H\u00f4tel-de-lIntendance.-Place-de-la-Com\u00e9die.-1024x768.jpg\" alt=\"\" width=\"800\" height=\"600\" srcset=\"https:\/\/contrib.city\/wp-content\/uploads\/2019\/08\/La-Pr\u00e9fecture-H\u00f4tel-de-lIntendance.-Place-de-la-Com\u00e9die.-1024x768.jpg 1024w, https:\/\/contrib.city\/wp-content\/uploads\/2019\/08\/La-Pr\u00e9fecture-H\u00f4tel-de-lIntendance.-Place-de-la-Com\u00e9die.-300x225.jpg 300w, https:\/\/contrib.city\/wp-content\/uploads\/2019\/08\/La-Pr\u00e9fecture-H\u00f4tel-de-lIntendance.-Place-de-la-Com\u00e9die.-768x576.jpg 768w\" sizes=\"auto, (max-width: 800px) 100vw, 800px\" \/><figcaption id=\"caption-attachment-631\" class=\"wp-caption-text\">La Pr\u00e9fecture (H\u00f4tel de l\u2019Intendance). Place de la Com\u00e9die. Le style architectural classique contraste avec celui du Temple Neuf, d\u2019influence germanique. Photo : BdF, 2 ao\u00fbt 2019<\/figcaption><\/figure>\n<p>&nbsp;<\/p>\n<figure id=\"attachment_754\" aria-describedby=\"caption-attachment-754\" style=\"width: 800px\" class=\"wp-caption aligncenter\"><img loading=\"lazy\" decoding=\"async\" class=\"wp-image-754 size-large\" src=\"https:\/\/contrib.city\/wp-content\/uploads\/2019\/08\/Temple-Neuf-et-Pr\u00e9fecture-2-1-1024x667.png\" alt=\"\" width=\"800\" height=\"521\" srcset=\"https:\/\/contrib.city\/wp-content\/uploads\/2019\/08\/Temple-Neuf-et-Pr\u00e9fecture-2-1-1024x667.png 1024w, https:\/\/contrib.city\/wp-content\/uploads\/2019\/08\/Temple-Neuf-et-Pr\u00e9fecture-2-1-300x195.png 300w, https:\/\/contrib.city\/wp-content\/uploads\/2019\/08\/Temple-Neuf-et-Pr\u00e9fecture-2-1-768x500.png 768w\" sizes=\"auto, (max-width: 800px) 100vw, 800px\" \/><figcaption id=\"caption-attachment-754\" class=\"wp-caption-text\">A Gauche : Le Temple Neuf, place de la Com\u00e9die, dans le centre de Metz. Il fut construit entre 1901 et 1905 lorsque Metz faisait partie de l\u2019Allemagne de Guillaume II. On note l\u2019aspect massif du b\u00e2timent. A droite : La fontaine, en face de la Pr\u00e9fecture messine, renforce un sentiment de l\u00e9g\u00e8ret\u00e9 et de fra\u00eecheur \u00e0 cet ensemble urbanistique classique. Photos: BdF, 2 ao\u00fbt 2019.<\/figcaption><\/figure>\n<p>&nbsp;<\/p>\n<figure id=\"attachment_755\" aria-describedby=\"caption-attachment-755\" style=\"width: 800px\" class=\"wp-caption aligncenter\"><img loading=\"lazy\" decoding=\"async\" class=\"wp-image-755 size-large\" src=\"https:\/\/contrib.city\/wp-content\/uploads\/2019\/08\/Place-de-Chambre-et-rue-de-la-Doucette-2-1-1024x672.jpg\" alt=\"\" width=\"800\" height=\"525\" srcset=\"https:\/\/contrib.city\/wp-content\/uploads\/2019\/08\/Place-de-Chambre-et-rue-de-la-Doucette-2-1-1024x672.jpg 1024w, https:\/\/contrib.city\/wp-content\/uploads\/2019\/08\/Place-de-Chambre-et-rue-de-la-Doucette-2-1-300x197.jpg 300w, https:\/\/contrib.city\/wp-content\/uploads\/2019\/08\/Place-de-Chambre-et-rue-de-la-Doucette-2-1-768x504.jpg 768w\" sizes=\"auto, (max-width: 800px) 100vw, 800px\" \/><figcaption id=\"caption-attachment-755\" class=\"wp-caption-text\">A gauche : Immeuble \u00e9poque classique Place de Chambre. Photo : BdF, 1er juin 2019.&nbsp; A droite : Centre de Metz. L\u2019influence fran\u00e7aise : fa\u00e7ade rue de Ladoucette. D\u00e9coration Art Nouveau. Photo : BdF, 2 ao\u00fbt 2019, depuis la Place St Jacques.<\/figcaption><\/figure>\n<p align=\"justify\"><span style=\"font-size: medium;\">Le r\u00e9cent quartier de l\u2019Amphith\u00e9\u00e2tre, situ\u00e9 \u00e0 c\u00f4t\u00e9 de la gare SNCF, avec la construction futuriste, ou tout du moins originale, du centre Pompidou ainsi que des immeubles de bureau aux alentours, d\u00e9montre que les influences architecturales continuent \u00e0 op\u00e9rer dans cette ville qui se d\u00e9veloppe.<\/span><\/p>\n<p align=\"justify\"><span style=\"font-size: medium;\">Metz et son agglom\u00e9ration <\/span><span style=\"font-size: medium;\">sont<\/span><span style=\"font-size: medium;\"> compos\u00e9e<\/span><span style=\"font-size: medium;\">s<\/span><span style=\"font-size: medium;\"> de communes qui se sont<\/span> <span style=\"font-size: medium;\">compl\u00e8tement int\u00e9gr\u00e9es \u00e0 la ville, \u00e0 l\u2019exemple de <\/span>Planti\u00e8res<span style=\"font-size: medium;\"><a class=\"sdfootnoteanc\" href=\"#sdfootnote3sym\" name=\"sdfootnote3anc\"><sup>3<\/sup><\/a>, <\/span><span style=\"font-size: medium;\">et<\/span><span style=\"font-size: medium;\"> d\u2019autres <\/span><span style=\"font-size: medium;\">qui sont <\/span><span style=\"font-size: medium;\">encore semi-rurales, \u00e0 l\u2019image d<\/span><span style=\"font-size: medium;\">es<\/span><span style=\"font-size: medium;\"> village<\/span><span style=\"font-size: medium;\">s<\/span><span style=\"font-size: medium;\"> de <\/span><span style=\"font-size: medium;\">Mey, <\/span><span style=\"font-size: medium;\">Vantoux ou <\/span><span style=\"font-size: medium;\">N<\/span><span style=\"font-size: medium;\">ouilly<\/span> <span style=\"font-size: medium;\">(<\/span><span style=\"font-size: medium;\">situ\u00e9<\/span><span style=\"font-size: medium;\">s<\/span><span style=\"font-size: medium;\"> dans la p\u00e9riph\u00e9rie <\/span><span style=\"font-size: medium;\">nord-<\/span><span style=\"font-size: medium;\">est de la ville<\/span><span style=\"font-size: medium;\">).<\/span> <span style=\"font-size: medium;\">L\u2019agglom\u00e9ration messine se<\/span><span style=\"font-size: medium;\"> d\u00e9veloppe d\u00e9mographiquement. <\/span><span style=\"font-size: medium;\">La zone urbaine<\/span><span style=\"font-size: medium;\"> comptait en 2018 plus de 225.000 habitants<a class=\"sdfootnoteanc\" href=\"#sdfootnote4sym\" name=\"sdfootnote4anc\"><sup>4<\/sup><\/a> (contre un peu plus de 221.000 en 2013<a class=\"sdfootnoteanc\" href=\"#sdfootnote5sym\" name=\"sdfootnote5anc\"><sup>5<\/sup><\/a>). A <\/span><span style=\"font-size: medium;\">Nouilly<\/span><span style=\"font-size: medium;\">, par exemple, <\/span><span style=\"font-size: medium;\">en amont de l\u2019ancienne voie ferr\u00e9e, <\/span><span style=\"font-size: medium;\">un nouveau quartier s\u2019est cr\u00e9\u00e9, destin\u00e9 \u00e0 accueillir plusieurs dizaines de nouvelles familles voulant \u00e0 la fois acc\u00e9der \u00e0 la propri\u00e9t\u00e9 de leur logement et occuper un emploi, dans les secteurs secondaires ou tertiaires, sur le territoire de la m\u00e9tropole de Metz. <\/span><\/p>\n<p align=\"justify\"><span style=\"font-size: medium;\"> Sur le plan \u00e9conomique, en 2015, le territoire de <\/span><span style=\"font-size: medium;\">l\u2019<\/span>Alsace-Champagne-Ardenne-Lorraine, et notamment le d\u00e9partement de la Moselle, ont<span style=\"font-size: medium;\"> souffert d\u2019une baisse <\/span><span style=\"font-size: medium;\">de r\u00e9gime, <\/span><span style=\"font-size: medium;\">d\u2019apr\u00e8s l\u2019INSEE. <\/span><span style=\"font-size: medium;\">Le nombre d\u2019emplois a diminu\u00e9 dans les secteurs <\/span><span style=\"font-size: medium;\">de l\u2019industrie, de la construction et du commerce. De plus, la suppression de plusieurs casernes, et de plusieurs milliers d&#8217;emplois militaires, a contribu\u00e9 \u00e0 p\u00e9naliser le territoire<a class=\"sdfootnoteanc\" href=\"#sdfootnote6sym\" name=\"sdfootnote6anc\"><sup>6<\/sup><\/a>. <\/span><span style=\"font-size: medium;\">Cependant, entre 1990 et 2015, le PIB de la r\u00e9gion du Grand-Est a cru de plus de 13 points par rapport \u00e0 celui de l\u2019Ile-de-France (58&nbsp;% contre 45%).<\/span><\/p>\n<p align=\"justify\"><span style=\"font-size: medium;\"> H\u00e9las, m<\/span><span style=\"font-size: medium;\">\u00eame si l\u2019on prend en compte le PIB de la nouvelle r\u00e9gion du Grand Est, ce dernier <\/span><span style=\"font-size: medium;\">ne <\/span><span style=\"font-size: medium;\">repr\u00e9sentait <\/span><span style=\"font-size: medium;\">toutefois que<\/span><span style=\"font-size: medium;\"> 7% du Produit Int\u00e9rieur Brut national, <\/span><span style=\"font-size: medium;\">en 2015, <\/span><span style=\"font-size: medium;\">contre <\/span><span style=\"font-size: medium;\">plus de 30<\/span><span style=\"font-size: medium;\">&nbsp;% pour la r\u00e9gion Ile-de-France<a class=\"sdfootnoteanc\" href=\"#sdfootnote7sym\" name=\"sdfootnote7anc\"><sup>7<\/sup><\/a>. <\/span><\/p>\n<p align=\"justify\"><span style=\"font-size: medium;\"> En mati\u00e8re de formation, l\u2019agglom\u00e9ration de Metz dispose de nombreuses \u00e9coles primaires et secondaires, tant priv\u00e9es que publiques. Pour les \u00e9tudes sup\u00e9rieures, plusieurs facult\u00e9s et grandes \u00e9coles, ainsi que des centres de formations en alternance, peuvent apporter diff\u00e9rents types d\u2019enseignement et pr\u00e9parer la rel\u00e8ve tant sur le plan d\u00e9mographique (les <i>baby-boomers<\/i> sont devenus des <i>papys-boomers<\/i>) que technologique, avec le d\u00e9veloppement des applications Internet et les outils dits d\u2019<i>Intelligence Artificielle<\/i>.<\/span><\/p>\n<p align=\"justify\"><span style=\"font-size: medium;\"> Alors pourquoi une ville disposant de tant d\u2019atouts continue \u00e0 \u00eatre, malgr\u00e9 les efforts tant priv\u00e9s que publics, \u00e0 \u00eatre une ville provinciale de moyenne taille ? Pourquoi la population de l\u2019agglom\u00e9ration ne d\u00e9passe pas les 300.000 habitants alors que cette zone urbaine pourrait \u00eatre un v\u00e9ritable centre de connexion europ\u00e9en ? <a class=\"sdfootnoteanc\" href=\"#sdfootnote8sym\" name=\"sdfootnote8anc\"><\/a><br \/>\n<\/span><\/p>\n<p align=\"justify\"><span style=\"font-size: medium;\"> La r\u00e9ponse, comme d\u00e9j\u00e0 \u00e9voqu\u00e9e dans mon article sur les risques et les atouts de la commune de Jouy-en-Josas<a class=\"sdfootnoteanc\" href=\"#sdfootnote9sym\" name=\"sdfootnote9anc\"><sup>9<\/sup><\/a> (Yvelines), situ\u00e9e en r\u00e9gion parisienne, r\u00e9side du c\u00f4t\u00e9 de l\u2019hyper-centralisation de la France : la r\u00e9gion Parisienne, c&#8217;est-\u00e0-dire le centre (p\u00e9ri)urbanis\u00e9 de l&#8217;Ile-de-France, concentre 20 % de la population nationale et, comme indiqu\u00e9 ci-dessus, pr\u00e8s du tiers du PIB fran\u00e7ais. L\u2019accumulation des pouvoirs politiques et \u00e9conomiques dans la R\u00e9gion-Capitale ne laisse qu\u2019une place subalterne aux agglom\u00e9rations de province, au point que les journalistes de la cha\u00eene publique France Info, afin de ne pas vexer les \u00e9lus provinciaux, ne parlent plus de <em>province<\/em> mais de r\u00e9gion(s), en oubliant, toutefois, que l\u2019Ile-de-France est \u00e9galement une r\u00e9gion alors qu\u2019elle n\u2019est pas en province<a class=\"sdfootnoteanc\" href=\"#sdfootnote10sym\" name=\"sdfootnote10anc\"><sup>10<\/sup><\/a>. <\/span><\/p>\n<div id=\"sdfootnote1\">\n<p class=\"sdfootnote\" align=\"justify\"><a class=\"sdfootnotesym\" href=\"#sdfootnote1anc\" name=\"sdfootnote1sym\">1<\/a>Plusieurs usines et centres de recherche, comme par exemple pour Peugeot-Citro\u00ebn, participent \u00e0 l\u2019activit\u00e9 de la Lorraine (qui fait partie de la nouvelle r\u00e9gion appel\u00e9e \u00abGrand Est&nbsp;\u00bb qui va de l\u2019Ile-de-France \u00e0 Strasbourg).<\/p>\n<\/div>\n<div id=\"sdfootnote2\">\n<p class=\"sdfootnote\" align=\"justify\"><a class=\"sdfootnotesym\" href=\"#sdfootnote2anc\" name=\"sdfootnote2sym\">2<\/a>La guerre de 1870, d\u00e9clench\u00e9e et perdue \u00e0 Sedan par Napol\u00e9on III, se conclut par l\u2019annexion de l\u2019Alsace et de la Lorraine par les Allemands et par une amende de guerre que les Fran\u00e7ais pay\u00e8rent rubis sur l\u2019ongle, pour reprendre une expression de l\u2019historien et urbaniste Michel CARMONA. En 1918, \u00e0 la fin d\u2019une guerre mondiale qui rendit les deux bellig\u00e9rants exangues, les deux r\u00e9gions de l\u2019est retourn\u00e8rent \u00e0 la France avant de devenir \u00e0 nouveau allemandes en 1940 pour enfin \u00eatre lib\u00e9r\u00e9es du joug nazi en 1945.<\/p>\n<\/div>\n<div id=\"sdfootnote3\">\n<p class=\"sdfootnote\"><a class=\"sdfootnotesym\" href=\"#sdfootnote3anc\" name=\"sdfootnote3sym\">3<\/a>Planti\u00e8res Queuleu est aujourd\u2019hui un quartier de la ville de Metz.<\/p>\n<\/div>\n<div id=\"sdfootnote4\">\n<p class=\"sdfootnote\"><a class=\"sdfootnotesym\" href=\"#sdfootnote4anc\" name=\"sdfootnote4sym\">4<\/a>COMERSIS.COM, <i>Metz M\u00e9tropole<\/i>, le 1<sup>er<\/sup> janvier 2018, consult\u00e9 le 9 ao\u00fbt 2019. [Disponible sur]&nbsp;: <a href=\"https:\/\/comersis.com\/Les-metropoles-de-France-2019-actualite-4.html#metz\" target=\"_blank\" rel=\"noopener noreferrer\">https:\/\/comersis.com\/Les-metropoles-de-France-2019-actualite-4.html#metz<\/a><\/p>\n<\/div>\n<div id=\"sdfootnote5\">\n<p class=\"sdfootnote\"><a class=\"sdfootnotesym\" href=\"#sdfootnote5anc\" name=\"sdfootnote5sym\">5<\/a>AST Doroth\u00e9e, \u00ab&nbsp;D\u00e9mographie 221 800 habitants \u00e0 Metz M\u00e9tropole [au 1<sup>er<\/sup> janvier 2013]&nbsp;\u00bb in <i>Dossier Grand Est<\/i>, INSEE, septembre 2016, p 8 et 9, consult\u00e9 le 9 ao\u00fbt 2019. [Disponible sur]&nbsp;: <a href=\"https:\/\/www.insee.fr\/fr\/statistiques\/2129329?sommaire=2129339\" target=\"_blank\" rel=\"noopener noreferrer\">https:\/\/www.insee.fr\/fr\/statistiques\/2129329?sommaire=2129339<\/a><\/p>\n<\/div>\n<div id=\"sdfootnote6\">\n<p class=\"sdfootnote\"><a class=\"sdfootnotesym\" href=\"#sdfootnote6anc\" name=\"sdfootnote6sym\">6<\/a> AST Doroth\u00e9e, \u00ab&nbsp;Contexte \u00e9conomique Une conjoncture \u00e9conomique plus difficile dans la r\u00e9gion ACAL qu\u2019au niveau national&nbsp;\u00bb, in <i>Dossier Grand Est<\/i>, INSEE, septembre 2016, p 5, consult\u00e9 le 9 ao\u00fbt 2019. [Disponible sur]&nbsp;: <a href=\"https:\/\/www.insee.fr\/fr\/statistiques\/2129327?sommaire=2129339\" target=\"_blank\" rel=\"noopener noreferrer\">https:\/\/www.insee.fr\/fr\/statistiques\/2129327?sommaire=2129339<\/a><\/p>\n<\/div>\n<div id=\"sdfootnote7\">\n<p class=\"sdfootnote\"><a class=\"sdfootnotesym\" href=\"#sdfootnote7anc\" name=\"sdfootnote7sym\">7<\/a><i>Source&nbsp;<\/i>: INSEE, <i>Produits int\u00e9rieurs bruts r\u00e9gionaux de 1990 \u00e0 2015<\/i>, consult\u00e9 le 10\/08\/2019. [Disponible sur]&nbsp;: <a href=\"https:\/\/www.insee.fr\/fr\/statistiques\/1893220\" target=\"_blank\" rel=\"noopener noreferrer\">https:\/\/www.insee.fr\/fr\/statistiques\/1893220<\/a><\/p>\n<\/div>\n<div id=\"sdfootnote8\">\n<p class=\"sdfootnote\"><a class=\"sdfootnotesym\" href=\"#sdfootnote8anc\" name=\"sdfootnote8sym\">8<\/a><i>Source&nbsp;<\/i>: INSEE, <i>Produits int\u00e9rieurs bruts r\u00e9gionaux de 1990 \u00e0 2015<\/i>, consult\u00e9 le 10\/08\/2019. [Disponible sur]&nbsp;: <a href=\"https:\/\/www.insee.fr\/fr\/statistiques\/1893220\" target=\"_blank\" rel=\"noopener noreferrer\">https:\/\/www.insee.fr\/fr\/statistiques\/1893220<\/a><\/p>\n<\/div>\n<div id=\"sdfootnote9\">\n<p class=\"sdfootnote\"><a class=\"sdfootnotesym\" href=\"#sdfootnote9anc\" name=\"sdfootnote9sym\">9<\/a><i>A l\u2019\u00e9chelle nationale <\/i><i>[&#8230;]<\/i><i> une solution p\u00e9renne serait de vraiment d\u00e9centraliser la France.<\/i> In <i>Risques et atouts de Jouy-en-Josas<\/i>, de FOUCAULD Bertrand, 2 juillet 2019, consult\u00e9 le 9 ao\u00fbt 2019. [Disponible sur]&nbsp;: <a href=\"https:\/\/contrib.city\/index.php\/2019\/07\/02\/potentiels-vulnerabilite-jouy-en-josas\/\" target=\"_blank\" rel=\"noopener noreferrer\">https:\/\/contrib.city\/index.php\/2019\/07\/02\/potentiels-vulnerabilite-jouy-en-josas\/<\/a><\/p>\n<\/div>\n<div id=\"sdfootnote10\">\n<p class=\"sdfootnote\"><a class=\"sdfootnotesym\" href=\"#sdfootnote10anc\" name=\"sdfootnote10sym\">10<\/a><i>Tout le monde comprend donc que le journaliste <\/i>[de France Info] <i>a simplement substitu\u00e9 le terme &#8220;province&#8221; par le terme &#8220;r\u00e9gion&#8221;.<\/i> Source&nbsp;: RADIO-FRANCE \u2013 LA MEDIATRICE, <i>Terminologie province\/r\u00e9gion<\/i>, le 13 f\u00e9vrier 2018. consult\u00e9 le 9 ao\u00fbt 2019. [Disponible sur]&nbsp;: <a href=\"http:\/\/mediateur.radiofrance.fr\/message\/terminologie-provinceregion\/\" target=\"_blank\" rel=\"noopener noreferrer\">http:\/\/mediateur.radiofrance.fr\/message\/terminologie-provinceregion\/<\/a><\/p>\n<\/div>\n<div id=\"sdfootnote5\">\n<p class=\"sdfootnote\">[scu name=\"map\"]<\/p>\n<\/div>\n","protected":false},"excerpt":{"rendered":"<p>Cette jolie ville, dont les premi\u00e8res implantations datent de 3000 ans avant notre \u00e8re, regorgent de richesses architecturales (Photo de<\/p>\n","protected":false},"author":1,"featured_media":620,"comment_status":"open","ping_status":"closed","sticky":false,"template":"","format":"standard","meta":{"_acf_changed":false,"inline_featured_image":false,"_exactmetrics_skip_tracking":false,"_exactmetrics_sitenote_active":false,"_exactmetrics_sitenote_note":"","_exactmetrics_sitenote_category":0,"ngg_post_thumbnail":0,"_jetpack_memberships_contains_paid_content":false,"footnotes":""},"categories":[51,5],"tags":[],"class_list":["post-599","post","type-post","status-publish","format-standard","has-post-thumbnail","hentry","category-economie-social","category-urbanisme_fr"],"acf":[],"yoast_head":"<!-- This site is optimized with the Yoast SEO plugin v27.2 - https:\/\/yoast.com\/product\/yoast-seo-wordpress\/ -->\n<title>L\u2019agglom\u00e9ration de Metz : pourquoi tant d&#039;atouts si peu exploit\u00e9s\u00a0? - ContribCity<\/title>\n<meta name=\"robots\" content=\"index, follow, max-snippet:-1, max-image-preview:large, max-video-preview:-1\" \/>\n<link rel=\"canonical\" href=\"https:\/\/contrib.city\/index.php\/2019\/08\/13\/lagglomeration-de-metz-pourquoi-tant-datouts-si-peu-exploites\/\" \/>\n<meta property=\"og:locale\" content=\"fr_FR\" \/>\n<meta property=\"og:type\" content=\"article\" \/>\n<meta property=\"og:title\" content=\"L\u2019agglom\u00e9ration de Metz : pourquoi tant d&#039;atouts si peu exploit\u00e9s\u00a0? - ContribCity\" \/>\n<meta property=\"og:description\" content=\"Cette jolie ville, dont les premi\u00e8res implantations datent de 3000 ans avant notre \u00e8re, regorgent de richesses architecturales (Photo de\" \/>\n<meta property=\"og:url\" content=\"https:\/\/contrib.city\/index.php\/2019\/08\/13\/lagglomeration-de-metz-pourquoi-tant-datouts-si-peu-exploites\/\" \/>\n<meta property=\"og:site_name\" content=\"ContribCity\" \/>\n<meta property=\"article:published_time\" content=\"2019-08-12T22:39:03+00:00\" \/>\n<meta property=\"article:modified_time\" content=\"2022-12-14T10:13:16+00:00\" \/>\n<meta property=\"og:image\" content=\"https:\/\/contrib.city\/wp-content\/uploads\/2019\/08\/March\u00e9-sur-la-Place-Jean-Paul-II-Metz-d\u00e9tail-1024x809.jpg\" \/>\n\t<meta property=\"og:image:width\" content=\"1024\" \/>\n\t<meta property=\"og:image:height\" content=\"809\" \/>\n\t<meta property=\"og:image:type\" content=\"image\/jpeg\" \/>\n<meta name=\"author\" content=\"Bertrand de Foucauld\" \/>\n<meta name=\"twitter:card\" content=\"summary_large_image\" \/>\n<meta name=\"twitter:label1\" content=\"\u00c9crit par\" \/>\n\t<meta name=\"twitter:data1\" content=\"Bertrand de Foucauld\" \/>\n\t<meta name=\"twitter:label2\" content=\"Dur\u00e9e de lecture estim\u00e9e\" \/>\n\t<meta name=\"twitter:data2\" content=\"7 minutes\" \/>\n<script type=\"application\/ld+json\" class=\"yoast-schema-graph\">{\"@context\":\"https:\/\/schema.org\",\"@graph\":[{\"@type\":\"Article\",\"@id\":\"https:\/\/contrib.city\/index.php\/2019\/08\/13\/lagglomeration-de-metz-pourquoi-tant-datouts-si-peu-exploites\/#article\",\"isPartOf\":{\"@id\":\"https:\/\/contrib.city\/index.php\/2019\/08\/13\/lagglomeration-de-metz-pourquoi-tant-datouts-si-peu-exploites\/\"},\"author\":{\"name\":\"Bertrand de Foucauld\",\"@id\":\"https:\/\/contrib.city\/#\/schema\/person\/ec389c5a78a37ccaee4e8ce098099db5\"},\"headline\":\"L\u2019agglom\u00e9ration de Metz : pourquoi tant d&#8217;atouts si peu exploit\u00e9s\u00a0?\",\"datePublished\":\"2019-08-12T22:39:03+00:00\",\"dateModified\":\"2022-12-14T10:13:16+00:00\",\"mainEntityOfPage\":{\"@id\":\"https:\/\/contrib.city\/index.php\/2019\/08\/13\/lagglomeration-de-metz-pourquoi-tant-datouts-si-peu-exploites\/\"},\"wordCount\":1385,\"commentCount\":1,\"publisher\":{\"@id\":\"https:\/\/contrib.city\/#organization\"},\"image\":{\"@id\":\"https:\/\/contrib.city\/index.php\/2019\/08\/13\/lagglomeration-de-metz-pourquoi-tant-datouts-si-peu-exploites\/#primaryimage\"},\"thumbnailUrl\":\"https:\/\/contrib.city\/wp-content\/uploads\/2019\/08\/March\u00e9-sur-la-Place-Jean-Paul-II-Metz-d\u00e9tail.jpg\",\"articleSection\":[\"Economie\/Social\",\"Urbanisme\"],\"inLanguage\":\"fr-FR\",\"potentialAction\":[{\"@type\":\"CommentAction\",\"name\":\"Comment\",\"target\":[\"https:\/\/contrib.city\/index.php\/2019\/08\/13\/lagglomeration-de-metz-pourquoi-tant-datouts-si-peu-exploites\/#respond\"]}]},{\"@type\":\"WebPage\",\"@id\":\"https:\/\/contrib.city\/index.php\/2019\/08\/13\/lagglomeration-de-metz-pourquoi-tant-datouts-si-peu-exploites\/\",\"url\":\"https:\/\/contrib.city\/index.php\/2019\/08\/13\/lagglomeration-de-metz-pourquoi-tant-datouts-si-peu-exploites\/\",\"name\":\"L\u2019agglom\u00e9ration de Metz : pourquoi tant d'atouts si peu exploit\u00e9s\u00a0? - ContribCity\",\"isPartOf\":{\"@id\":\"https:\/\/contrib.city\/#website\"},\"primaryImageOfPage\":{\"@id\":\"https:\/\/contrib.city\/index.php\/2019\/08\/13\/lagglomeration-de-metz-pourquoi-tant-datouts-si-peu-exploites\/#primaryimage\"},\"image\":{\"@id\":\"https:\/\/contrib.city\/index.php\/2019\/08\/13\/lagglomeration-de-metz-pourquoi-tant-datouts-si-peu-exploites\/#primaryimage\"},\"thumbnailUrl\":\"https:\/\/contrib.city\/wp-content\/uploads\/2019\/08\/March\u00e9-sur-la-Place-Jean-Paul-II-Metz-d\u00e9tail.jpg\",\"datePublished\":\"2019-08-12T22:39:03+00:00\",\"dateModified\":\"2022-12-14T10:13:16+00:00\",\"breadcrumb\":{\"@id\":\"https:\/\/contrib.city\/index.php\/2019\/08\/13\/lagglomeration-de-metz-pourquoi-tant-datouts-si-peu-exploites\/#breadcrumb\"},\"inLanguage\":\"fr-FR\",\"potentialAction\":[{\"@type\":\"ReadAction\",\"target\":[\"https:\/\/contrib.city\/index.php\/2019\/08\/13\/lagglomeration-de-metz-pourquoi-tant-datouts-si-peu-exploites\/\"]}]},{\"@type\":\"ImageObject\",\"inLanguage\":\"fr-FR\",\"@id\":\"https:\/\/contrib.city\/index.php\/2019\/08\/13\/lagglomeration-de-metz-pourquoi-tant-datouts-si-peu-exploites\/#primaryimage\",\"url\":\"https:\/\/contrib.city\/wp-content\/uploads\/2019\/08\/March\u00e9-sur-la-Place-Jean-Paul-II-Metz-d\u00e9tail.jpg\",\"contentUrl\":\"https:\/\/contrib.city\/wp-content\/uploads\/2019\/08\/March\u00e9-sur-la-Place-Jean-Paul-II-Metz-d\u00e9tail.jpg\",\"width\":3747,\"height\":2959},{\"@type\":\"BreadcrumbList\",\"@id\":\"https:\/\/contrib.city\/index.php\/2019\/08\/13\/lagglomeration-de-metz-pourquoi-tant-datouts-si-peu-exploites\/#breadcrumb\",\"itemListElement\":[{\"@type\":\"ListItem\",\"position\":1,\"name\":\"Home\",\"item\":\"https:\/\/contrib.city\/\"},{\"@type\":\"ListItem\",\"position\":2,\"name\":\"L\u2019agglom\u00e9ration de Metz : pourquoi tant d&#8217;atouts si peu exploit\u00e9s\u00a0?\"}]},{\"@type\":\"WebSite\",\"@id\":\"https:\/\/contrib.city\/#website\",\"url\":\"https:\/\/contrib.city\/\",\"name\":\"ContribCity\",\"description\":\"Parlons de nos lieux de vie\",\"publisher\":{\"@id\":\"https:\/\/contrib.city\/#organization\"},\"potentialAction\":[{\"@type\":\"SearchAction\",\"target\":{\"@type\":\"EntryPoint\",\"urlTemplate\":\"https:\/\/contrib.city\/?s={search_term_string}\"},\"query-input\":{\"@type\":\"PropertyValueSpecification\",\"valueRequired\":true,\"valueName\":\"search_term_string\"}}],\"inLanguage\":\"fr-FR\"},{\"@type\":\"Organization\",\"@id\":\"https:\/\/contrib.city\/#organization\",\"name\":\"ContribCity\",\"url\":\"https:\/\/contrib.city\/\",\"logo\":{\"@type\":\"ImageObject\",\"inLanguage\":\"fr-FR\",\"@id\":\"https:\/\/contrib.city\/#\/schema\/logo\/image\/\",\"url\":\"https:\/\/contrib.city\/wp-content\/uploads\/2020\/01\/cropped-Parlons-de-nos-lieux-de-vie-2.jpg\",\"contentUrl\":\"https:\/\/contrib.city\/wp-content\/uploads\/2020\/01\/cropped-Parlons-de-nos-lieux-de-vie-2.jpg\",\"width\":1133,\"height\":218,\"caption\":\"ContribCity\"},\"image\":{\"@id\":\"https:\/\/contrib.city\/#\/schema\/logo\/image\/\"}},{\"@type\":\"Person\",\"@id\":\"https:\/\/contrib.city\/#\/schema\/person\/ec389c5a78a37ccaee4e8ce098099db5\",\"name\":\"Bertrand de Foucauld\",\"image\":{\"@type\":\"ImageObject\",\"inLanguage\":\"fr-FR\",\"@id\":\"https:\/\/secure.gravatar.com\/avatar\/c49e25550e4609092f7a00fb677a980813788778df987b36cad9b0fc85a8bf73?s=96&d=mm&r=g\",\"url\":\"https:\/\/secure.gravatar.com\/avatar\/c49e25550e4609092f7a00fb677a980813788778df987b36cad9b0fc85a8bf73?s=96&d=mm&r=g\",\"contentUrl\":\"https:\/\/secure.gravatar.com\/avatar\/c49e25550e4609092f7a00fb677a980813788778df987b36cad9b0fc85a8bf73?s=96&d=mm&r=g\",\"caption\":\"Bertrand de Foucauld\"},\"url\":\"https:\/\/contrib.city\/index.php\/author\/bertrand\/\"}]}<\/script>\n<!-- \/ Yoast SEO plugin. -->","yoast_head_json":{"title":"L\u2019agglom\u00e9ration de Metz : pourquoi tant d'atouts si peu exploit\u00e9s\u00a0? - ContribCity","robots":{"index":"index","follow":"follow","max-snippet":"max-snippet:-1","max-image-preview":"max-image-preview:large","max-video-preview":"max-video-preview:-1"},"canonical":"https:\/\/contrib.city\/index.php\/2019\/08\/13\/lagglomeration-de-metz-pourquoi-tant-datouts-si-peu-exploites\/","og_locale":"fr_FR","og_type":"article","og_title":"L\u2019agglom\u00e9ration de Metz : pourquoi tant d'atouts si peu exploit\u00e9s\u00a0? - ContribCity","og_description":"Cette jolie ville, dont les premi\u00e8res implantations datent de 3000 ans avant notre \u00e8re, regorgent de richesses architecturales (Photo de","og_url":"https:\/\/contrib.city\/index.php\/2019\/08\/13\/lagglomeration-de-metz-pourquoi-tant-datouts-si-peu-exploites\/","og_site_name":"ContribCity","article_published_time":"2019-08-12T22:39:03+00:00","article_modified_time":"2022-12-14T10:13:16+00:00","og_image":[{"width":1024,"height":809,"url":"https:\/\/contrib.city\/wp-content\/uploads\/2019\/08\/March\u00e9-sur-la-Place-Jean-Paul-II-Metz-d\u00e9tail-1024x809.jpg","type":"image\/jpeg"}],"author":"Bertrand de Foucauld","twitter_card":"summary_large_image","twitter_misc":{"\u00c9crit par":"Bertrand de Foucauld","Dur\u00e9e de lecture estim\u00e9e":"7 minutes"},"schema":{"@context":"https:\/\/schema.org","@graph":[{"@type":"Article","@id":"https:\/\/contrib.city\/index.php\/2019\/08\/13\/lagglomeration-de-metz-pourquoi-tant-datouts-si-peu-exploites\/#article","isPartOf":{"@id":"https:\/\/contrib.city\/index.php\/2019\/08\/13\/lagglomeration-de-metz-pourquoi-tant-datouts-si-peu-exploites\/"},"author":{"name":"Bertrand de Foucauld","@id":"https:\/\/contrib.city\/#\/schema\/person\/ec389c5a78a37ccaee4e8ce098099db5"},"headline":"L\u2019agglom\u00e9ration de Metz : pourquoi tant d&#8217;atouts si peu exploit\u00e9s\u00a0?","datePublished":"2019-08-12T22:39:03+00:00","dateModified":"2022-12-14T10:13:16+00:00","mainEntityOfPage":{"@id":"https:\/\/contrib.city\/index.php\/2019\/08\/13\/lagglomeration-de-metz-pourquoi-tant-datouts-si-peu-exploites\/"},"wordCount":1385,"commentCount":1,"publisher":{"@id":"https:\/\/contrib.city\/#organization"},"image":{"@id":"https:\/\/contrib.city\/index.php\/2019\/08\/13\/lagglomeration-de-metz-pourquoi-tant-datouts-si-peu-exploites\/#primaryimage"},"thumbnailUrl":"https:\/\/contrib.city\/wp-content\/uploads\/2019\/08\/March\u00e9-sur-la-Place-Jean-Paul-II-Metz-d\u00e9tail.jpg","articleSection":["Economie\/Social","Urbanisme"],"inLanguage":"fr-FR","potentialAction":[{"@type":"CommentAction","name":"Comment","target":["https:\/\/contrib.city\/index.php\/2019\/08\/13\/lagglomeration-de-metz-pourquoi-tant-datouts-si-peu-exploites\/#respond"]}]},{"@type":"WebPage","@id":"https:\/\/contrib.city\/index.php\/2019\/08\/13\/lagglomeration-de-metz-pourquoi-tant-datouts-si-peu-exploites\/","url":"https:\/\/contrib.city\/index.php\/2019\/08\/13\/lagglomeration-de-metz-pourquoi-tant-datouts-si-peu-exploites\/","name":"L\u2019agglom\u00e9ration de Metz : pourquoi tant d'atouts si peu exploit\u00e9s\u00a0? - ContribCity","isPartOf":{"@id":"https:\/\/contrib.city\/#website"},"primaryImageOfPage":{"@id":"https:\/\/contrib.city\/index.php\/2019\/08\/13\/lagglomeration-de-metz-pourquoi-tant-datouts-si-peu-exploites\/#primaryimage"},"image":{"@id":"https:\/\/contrib.city\/index.php\/2019\/08\/13\/lagglomeration-de-metz-pourquoi-tant-datouts-si-peu-exploites\/#primaryimage"},"thumbnailUrl":"https:\/\/contrib.city\/wp-content\/uploads\/2019\/08\/March\u00e9-sur-la-Place-Jean-Paul-II-Metz-d\u00e9tail.jpg","datePublished":"2019-08-12T22:39:03+00:00","dateModified":"2022-12-14T10:13:16+00:00","breadcrumb":{"@id":"https:\/\/contrib.city\/index.php\/2019\/08\/13\/lagglomeration-de-metz-pourquoi-tant-datouts-si-peu-exploites\/#breadcrumb"},"inLanguage":"fr-FR","potentialAction":[{"@type":"ReadAction","target":["https:\/\/contrib.city\/index.php\/2019\/08\/13\/lagglomeration-de-metz-pourquoi-tant-datouts-si-peu-exploites\/"]}]},{"@type":"ImageObject","inLanguage":"fr-FR","@id":"https:\/\/contrib.city\/index.php\/2019\/08\/13\/lagglomeration-de-metz-pourquoi-tant-datouts-si-peu-exploites\/#primaryimage","url":"https:\/\/contrib.city\/wp-content\/uploads\/2019\/08\/March\u00e9-sur-la-Place-Jean-Paul-II-Metz-d\u00e9tail.jpg","contentUrl":"https:\/\/contrib.city\/wp-content\/uploads\/2019\/08\/March\u00e9-sur-la-Place-Jean-Paul-II-Metz-d\u00e9tail.jpg","width":3747,"height":2959},{"@type":"BreadcrumbList","@id":"https:\/\/contrib.city\/index.php\/2019\/08\/13\/lagglomeration-de-metz-pourquoi-tant-datouts-si-peu-exploites\/#breadcrumb","itemListElement":[{"@type":"ListItem","position":1,"name":"Home","item":"https:\/\/contrib.city\/"},{"@type":"ListItem","position":2,"name":"L\u2019agglom\u00e9ration de Metz : pourquoi tant d&#8217;atouts si peu exploit\u00e9s\u00a0?"}]},{"@type":"WebSite","@id":"https:\/\/contrib.city\/#website","url":"https:\/\/contrib.city\/","name":"ContribCity","description":"Parlons de nos lieux de vie","publisher":{"@id":"https:\/\/contrib.city\/#organization"},"potentialAction":[{"@type":"SearchAction","target":{"@type":"EntryPoint","urlTemplate":"https:\/\/contrib.city\/?s={search_term_string}"},"query-input":{"@type":"PropertyValueSpecification","valueRequired":true,"valueName":"search_term_string"}}],"inLanguage":"fr-FR"},{"@type":"Organization","@id":"https:\/\/contrib.city\/#organization","name":"ContribCity","url":"https:\/\/contrib.city\/","logo":{"@type":"ImageObject","inLanguage":"fr-FR","@id":"https:\/\/contrib.city\/#\/schema\/logo\/image\/","url":"https:\/\/contrib.city\/wp-content\/uploads\/2020\/01\/cropped-Parlons-de-nos-lieux-de-vie-2.jpg","contentUrl":"https:\/\/contrib.city\/wp-content\/uploads\/2020\/01\/cropped-Parlons-de-nos-lieux-de-vie-2.jpg","width":1133,"height":218,"caption":"ContribCity"},"image":{"@id":"https:\/\/contrib.city\/#\/schema\/logo\/image\/"}},{"@type":"Person","@id":"https:\/\/contrib.city\/#\/schema\/person\/ec389c5a78a37ccaee4e8ce098099db5","name":"Bertrand de Foucauld","image":{"@type":"ImageObject","inLanguage":"fr-FR","@id":"https:\/\/secure.gravatar.com\/avatar\/c49e25550e4609092f7a00fb677a980813788778df987b36cad9b0fc85a8bf73?s=96&d=mm&r=g","url":"https:\/\/secure.gravatar.com\/avatar\/c49e25550e4609092f7a00fb677a980813788778df987b36cad9b0fc85a8bf73?s=96&d=mm&r=g","contentUrl":"https:\/\/secure.gravatar.com\/avatar\/c49e25550e4609092f7a00fb677a980813788778df987b36cad9b0fc85a8bf73?s=96&d=mm&r=g","caption":"Bertrand de Foucauld"},"url":"https:\/\/contrib.city\/index.php\/author\/bertrand\/"}]}},"jetpack_featured_media_url":"https:\/\/contrib.city\/wp-content\/uploads\/2019\/08\/March\u00e9-sur-la-Place-Jean-Paul-II-Metz-d\u00e9tail.jpg","jetpack_sharing_enabled":true,"post_mailing_queue_ids":[],"_links":{"self":[{"href":"https:\/\/contrib.city\/index.php\/wp-json\/wp\/v2\/posts\/599","targetHints":{"allow":["GET"]}}],"collection":[{"href":"https:\/\/contrib.city\/index.php\/wp-json\/wp\/v2\/posts"}],"about":[{"href":"https:\/\/contrib.city\/index.php\/wp-json\/wp\/v2\/types\/post"}],"author":[{"embeddable":true,"href":"https:\/\/contrib.city\/index.php\/wp-json\/wp\/v2\/users\/1"}],"replies":[{"embeddable":true,"href":"https:\/\/contrib.city\/index.php\/wp-json\/wp\/v2\/comments?post=599"}],"version-history":[{"count":27,"href":"https:\/\/contrib.city\/index.php\/wp-json\/wp\/v2\/posts\/599\/revisions"}],"predecessor-version":[{"id":8927,"href":"https:\/\/contrib.city\/index.php\/wp-json\/wp\/v2\/posts\/599\/revisions\/8927"}],"wp:featuredmedia":[{"embeddable":true,"href":"https:\/\/contrib.city\/index.php\/wp-json\/wp\/v2\/media\/620"}],"wp:attachment":[{"href":"https:\/\/contrib.city\/index.php\/wp-json\/wp\/v2\/media?parent=599"}],"wp:term":[{"taxonomy":"category","embeddable":true,"href":"https:\/\/contrib.city\/index.php\/wp-json\/wp\/v2\/categories?post=599"},{"taxonomy":"post_tag","embeddable":true,"href":"https:\/\/contrib.city\/index.php\/wp-json\/wp\/v2\/tags?post=599"}],"curies":[{"name":"wp","href":"https:\/\/api.w.org\/{rel}","templated":true}]}}