{"id":603,"date":"2019-08-09T00:16:15","date_gmt":"2019-08-08T22:16:15","guid":{"rendered":"https:\/\/contrib.city\/?p=603"},"modified":"2020-06-07T18:15:58","modified_gmt":"2020-06-07T16:15:58","slug":"afrique-et-inde-un-nouveau-type-de-partenariat","status":"publish","type":"post","link":"https:\/\/contrib.city\/index.php\/2019\/08\/09\/afrique-et-inde-un-nouveau-type-de-partenariat\/","title":{"rendered":"Afrique et Inde,  un nouveau type de partenariat"},"content":{"rendered":"<p align=\"justify\">Par Baidy DIA.<\/p>\n<p align=\"justify\"><span style=\"font-size: large;\">Les nations africaines partagent des objectifs communs avec l&#8217;Inde, qu&#8217;ils soient politiques, \u00e9conomiques, sociaux et culturels, et cela remonte \u00e0 l&#8217;\u00e9poque o\u00f9 Mahatma Gandhi est venu en Afrique du Sud pour d\u00e9fendre un groupe d&#8217;hommes d&#8217;affaires musulmans, contre le r\u00e9gime de l&#8217;apartheid blanc, dans ce pays.<\/span><\/p>\n<p align=\"justify\"><span style=\"font-size: large;\">En tant que tel, on peut dire, sans aucun doute que l\u2019Afrique \u00e0 \u00e9t\u00e9 le premier terrain d\u2019essai de ce qui allait devenir le mouvement de non-violence (&#8220;ahinsa&#8221;), d\u00e9velopp\u00e9 plus tard par Gandhi \u00e0 son retour en Inde, et qui a finalement conduit son pays \u00e0 obtenir son ind\u00e9pendance de la Grande-Bretagne.<\/span><\/p>\n<p align=\"justify\"><span style=\"font-size: large;\">Depuis lors, l\u2019Inde est rest\u00e9e aux c\u00f4t\u00e9s de l\u2019Afrique \u00e0 un moment o\u00f9 nombre de nations africaines luttaient pour se lib\u00e9rer de la colonisation, de Kwameh Nkrumah pour le Ghana \u00e0 Nelson Mandela pour l\u2019Afrique du Sud. De nombreux autres dirigeants africains et m\u00eame am\u00e9ricains ont \u00e9galement beaucoup appris de l\u2019exp\u00e9rience de l\u2019Inde dans ce domaine.<\/span><\/p>\n<p align=\"justify\"><span style=\"font-size: large;\">Peu de temps apr\u00e8s son ind\u00e9pendance, l\u2019Inde, en tant que membre fondateur du Mouvement des Pays Non Align\u00e9s, avec Nehru, le premier Premier ministre indien, l\u2019\u00c9gyptien Nasser, Tito le Yougoslave et Soekarno l&#8217;Indon\u00e9sien ont joint leurs efforts et exprim\u00e9 leurs d\u00e9saccords \u00e0 l\u2019\u00e9gard du statu quo qui pr\u00e9valait dans de nombreuses instances internationales. Ceci \u00e0 permis d&#8217;ouvrir la voie vers l\u2019ind\u00e9pendance de nombreux pays, notamment en Afrique.<\/span><\/p>\n<p align=\"justify\"><span style=\"font-size: large;\">Aujourd&#8217;hui, ce \u00e0 quoi nous assistons sur le plan \u00e9conomique est comme un retour de ce pass\u00e9 politique, lorsque Gandhi dirigeait le mouvement de non violence, mais aussi de non-coop\u00e9ration avec les britanniques. Le boycott des produits britanniques, par les Indiens, sous l&#8217;\u00e9gide de Gandhi, eut une cons\u00e9quence tellement d\u00e9sastreuse sur l&#8217;\u00e9conomie anglaise que les britanniques ne pouvaient s&#8217;emp\u00eacher de n\u00e9gocier avec ce dernier pour trouver rapidement une solution \u00e0 ce probl\u00e8me qui, s&#8217;il n&#8217;\u00e9tait pas endigu\u00e9, risquait \u00e0 terme de jeter l&#8217;\u00e9conomie anglaise par terre. <\/span><\/p>\n<p align=\"justify\"><span style=\"font-size: large;\">Mais aujourd&#8217;hui, ce boycott a un autre nom, et s&#8217;appelle dumping. Il semble avoir \u00e9t\u00e9 amplifi\u00e9 dans une mesure si grande que les pays occidentaux semblent \u00eatre \u00e0 court de solution. \u00c0 l&#8217;heure actuelle, la Chine, l&#8217;Inde et l&#8217;Afrique semblent d\u00e9tenir les cl\u00e9s et les solutions. Si les puissances occidentales souhaitent toujours une solution pacifique et durable \u00e0 ce probl\u00e8me, elles devront n\u00e9gocier de bonne foi avec les nations sus-mentionn\u00e9es de mani\u00e8re \u00e0 pr\u00e9server les int\u00e9r\u00eats nationaux de tous les pays concern\u00e9s.<\/span><\/p>\n<p align=\"justify\"><span style=\"font-size: large;\">Il fut \u00e9galement un temps o\u00f9 la d\u00e9mographie \u00e9tait consid\u00e9r\u00e9e comme un obstacle, sinon un frein au d\u00e9veloppement \u00e9conomique des pays dits du Tiers-Monde. Ils furent oblig\u00e9s par les grandes institutions internationales d&#8217;appliquer des politiques de limitation des naissance. <\/span><\/p>\n<p align=\"justify\"><span style=\"font-size: large;\">Cela a eu un effet tellement d\u00e9vastateur et m\u00eame contraire \u00e0 l&#8217;effet recherch\u00e9 sur le d\u00e9veloppement \u00e9conomique, social et culturel global de ces pays. <\/span><\/p>\n<p align=\"justify\"><span style=\"font-size: large;\">De nos jours, des pays comme la Chine et l\u2019Inde, avec pr\u00e8s de la moiti\u00e9 de la population mondiale, sont les pays leaders dans presque tous les domaines et secteurs du d\u00e9veloppement \u00e9conomique. Cela montre bien qu\u2019une population nombreuse n\u2019est pas un obstacle au developpement, bien au contraire, cela peut m\u00eame \u00eatre un atout et un v\u00e9ritable facteur de croissance \u00e9conomique, \u00e0 condition que les bonnes politiques soient appliqu\u00e9es et qu\u2019une bonne gouvernance soit maintenue.<\/span><\/p>\n<p align=\"justify\"><span style=\"font-size: large;\">L&#8217;industrie chinoise et indienne font partie aujourd&#8217;hui des industries les plus performantes au monde, avec un co\u00fbt et une qualit\u00e9 extr\u00eamement difficiles \u00e0 \u00e9galer par aucun autre pays du monde.<\/span><\/p>\n<p align=\"justify\"><span style=\"font-size: large;\">La plupart des biens utilis\u00e9s dans le reste du monde notamment en Europe et en Am\u00e9rique sont fabriqu\u00e9s en Chine ou en Inde, ou ailleurs en Asie. Le faible co\u00fbt de la main-d&#8217;\u0153uvre, le niveau \u00e9lev\u00e9 de qualit\u00e9 et de sophistication ont donn\u00e9 \u00e0 ces pays un avantage qu&#8217;aucun autre pays ne serait en mesure de rivaliser. <\/span><\/p>\n<p align=\"justify\"><span style=\"font-size: large;\">En ce qui concerne l\u2019Inde, la technologie des logiciels est un autre secteur dans lequel ce pays a r\u00e9alis\u00e9 une v\u00e9ritable perc\u00e9e et occupe une position de leader dans ce domaine.<\/span><\/p>\n<p align=\"justify\"><span style=\"font-size: large;\">Mais les deux \u00e9tapes les plus importantes de cette nouvelle r\u00e9volution \u00e9conomique mondiale sont le partenariat appel\u00e9 BRICS (Br\u00e9sil, Russie, Inde, Chine et Afrique du Sud)<span class=\"footnote_referrer\"><a role=\"button\" tabindex=\"0\" onclick=\"footnote_moveToReference_603_1('footnote_plugin_reference_603_1_1');\" onkeypress=\"footnote_moveToReference_603_1('footnote_plugin_reference_603_1_1');\" ><sup id=\"footnote_plugin_tooltip_603_1_1\" class=\"footnote_plugin_tooltip_text\">[1]<\/sup><\/a><span id=\"footnote_plugin_tooltip_text_603_1_1\" class=\"footnote_tooltip\">LA DOCUMENTATION FRANCAISE, <em>La mont\u00e9e en puissance du groupe des BRICS<\/em>, le 31\/08\/2012, consult\u00e9 le 09\/08\/2019. [Disponible sur :] <a href=\"https:\/\/www.ladocumentationfrancaise.fr\/dossiers\/d000534-l-emergence-des-brics-focus-sur-l-afrique-du-sud-et-le-bresil\/la-montee-en-puissance-du-groupe-des-brics-bresil-russie-inde-chine-afrique-du-sud\" target=\"_blank\" rel=\"noopener noreferrer\"><span class=\"footnote_url_wrap\">https:\/\/www.ladocumentationfrancaise.fr\/dossiers\/d000534-l-emergence-des-brics-focus-sur-l-afrique-du-sud-et-le-bresil\/la-montee-en-puissance-du-groupe-des-brics-bresil-russie-inde-chine-afrique-du-sud<\/span><\/a>.<\/span><\/span><script type=\"text\/javascript\"> jQuery('#footnote_plugin_tooltip_603_1_1').tooltip({ tip: '#footnote_plugin_tooltip_text_603_1_1', tipClass: 'footnote_tooltip', effect: 'fade', predelay: 0, fadeInSpeed: 200, delay: 400, fadeOutSpeed: 200, position: 'top right', relative: true, offset: [10, 10], });<\/script><\/span><span style=\"font-size: large;\"> d\u2019une part, et les DIASPORA FUNDS (FONDS DE LA DIASPORA) de l\u2019autre. Ce groupe de cinq pays est sur le point de r\u00e9volutionner les tendances et pratiques financi\u00e8res et \u00e9conomiques traditionnelles du monde. De nombreux autres pays ont exprim\u00e9 leur volont\u00e9 et leur souhait de s&#8217;associer \u00e0 ce BRICS. Si cette tendance se poursuit, ce sera une formidable machine \u00e0 la croissance \u00e9conomique pour les pays PARTENAIRES et une r\u00e9ponse adequate qu&#8217;une v\u00e9ritable alternative est bien possible dans la gestion des biens de ce monde.<\/span><\/p>\n<p align=\"justify\"><span style=\"font-size: large;\">Avec deux puissantes institutions financi\u00e8res en Chine financ\u00e9es avec des milliards de dollars, on peut estimer que, dans un avenir pas si lointain, les Brics pourraient d\u00e9passer, voire remplacer, la banque mondiale, le fonds mon\u00e9taire international et la banque europ\u00e9enne. Cela jettera les bases d&#8217;une nouvelle relation \u00e9conomique entre les pays du Tiers-Monde et les pays industrialis\u00e9s, dans laquelle ces pays auront plus de poids dans les d\u00e9cisions qui affectent leurs propres croissances \u00e9conomiques. <\/span><\/p>\n<p align=\"justify\"><span style=\"font-size: large;\">Pendant des ann\u00e9es, de nombreux pays du tiers monde ont \u00e9t\u00e9 fortement d\u00e9pendants de ces banques traditionnelles. Certains ont m\u00eame \u00e9t\u00e9 invit\u00e9s \u00e0 recourir au Plan Marshall comme moyen de sortir du sous-d\u00e9veloppement \u00e9conomique. Mais aucun de ces plans \u00e9conomiques n&#8217;a fonctionn\u00e9. C&#8217;est \u00e0 ce moment-l\u00e0 qu&#8217;ils ont compris que le financement de la diaspora qui avait aid\u00e9 des pays comme Isra\u00ebl, le Japon et la Cor\u00e9e du Sud \u00e9tait la solution ultime pour leur ind\u00e9pendance \u00e9conomique. <\/span><span style=\"font-size: large;\">Pour les pays BRICS, cela peut constituer une r\u00e9elle opportunit\u00e9 de d\u00e9veloppement \u00e9conomique et, en m\u00eame temps, un levier pour l&#8217;ind\u00e9pendance politique.<\/span><\/p>\n<p align=\"justify\"><span style=\"font-size: large;\">L&#8217;Afrique sera dans quelques ann\u00e9es le continent le plus peupl\u00e9 au monde. Ceci m\u00e9rite une r\u00e9flexion sur le r\u00f4le important qu&#8217;elle va jouer dans les affaires du monde. Le monde de demain sera t-il \u00e9conomique comme il l&#8217;a \u00e9t\u00e9 jusque-l\u00e0 o\u00f9 alors social et culturel? Peut \u00eatre que l&#8217;Afrique d\u00e9tient la solution \u00e0 ce futur probl\u00e8me\u2026. <\/span><\/p>\n<p align=\"justify\"><span style=\"font-size: large;\">Actuellement, la diaspora africaine dispers\u00e9e aux quatre coins du monde envoie chaque ann\u00e9e un montant de six cent milliards de dollars (600 000 000 000 USD) au continent par virement bancaire. Pourtant cette importante somme d&#8217;argent n&#8217;a jusque-l\u00e0 pas b\u00e9n\u00e9ficier aux Africains. Pourtant une telle remise annuelle a le potentiel d\u2019att\u00e9nuer tout ce qui a frein\u00e9 le d\u00e9veloppement \u00e9conomique des nations africaines. Aujourd&#8217;hui de nombreux pays tels qu&#8217;Isra\u00ebl, le Japon, la Cor\u00e9e du Sud, et maintenant l&#8217;Inde, la Chine et m\u00eame le Maroc et le Nig\u00e9ria ont profit\u00e9 de cette occasion extraordinaire offerte par les fonds de leur diaspora et ont atteint un niveau de d\u00e9veloppement \u00e9conomique assez proche de celui des pays occidentaux. Cette m\u00e9thode, qui donne de nombreuses preuves et r\u00e9sultats de sa validit\u00e9 dans les infrastructures de financement de ces pays, est une exp\u00e9rience dont nombre de pays d&#8217;Afrique pourrait b\u00e9n\u00e9ficier, plut\u00f4t que de continuer \u00e0 d\u00e9pendre des sources de financement internationales traditionnelles.<\/span><\/p>\n<p align=\"justify\"><span style=\"font-size: large;\">Et ainsi, ce continent avec toutes ses ressources naturelles et mini\u00e8res, mais aussi avec toute cette richesse financi\u00e8re \u00e0 sa disposition et surtout sa jeunesse, peut esp\u00e9rer un avenir brillant et prosp\u00e8re, en liaison avec des nations partageant les m\u00eames objectifs, id\u00e9aux et soucieux du bien-\u00eatre de l&#8217;humanit\u00e9 toute enti\u00e8re. <\/span><\/p>\n<div class=\"speaker-mute footnotes_reference_container\"> <div class=\"footnote_container_prepare\"><p><span role=\"button\" tabindex=\"0\" class=\"footnote_reference_container_label pointer\" onclick=\"footnote_expand_collapse_reference_container_603_1();\">R\u00e9f\u00e9rences<\/span><span role=\"button\" tabindex=\"0\" class=\"footnote_reference_container_collapse_button\" style=\"\" onclick=\"footnote_expand_collapse_reference_container_603_1();\">[<a id=\"footnote_reference_container_collapse_button_603_1\">+<\/a>]<\/span><\/p><\/div> <div id=\"footnote_references_container_603_1\" style=\"display: none;\"><table class=\"footnotes_table footnote-reference-container\"><caption class=\"accessibility\">R\u00e9f\u00e9rences<\/caption> <tbody> \r\n\r\n<tr class=\"footnotes_plugin_reference_row\"> <th scope=\"row\" class=\"footnote_plugin_index_combi pointer\"  onclick=\"footnote_moveToAnchor_603_1('footnote_plugin_tooltip_603_1_1');\"><a id=\"footnote_plugin_reference_603_1_1\" class=\"footnote_backlink\"><span class=\"footnote_index_arrow\">&#8593;<\/span>1<\/a><\/th> <td class=\"footnote_plugin_text\">LA DOCUMENTATION FRANCAISE, <em>La mont\u00e9e en puissance du groupe des BRICS<\/em>, le 31\/08\/2012, consult\u00e9 le 09\/08\/2019. [Disponible sur :] <a href=\"https:\/\/www.ladocumentationfrancaise.fr\/dossiers\/d000534-l-emergence-des-brics-focus-sur-l-afrique-du-sud-et-le-bresil\/la-montee-en-puissance-du-groupe-des-brics-bresil-russie-inde-chine-afrique-du-sud\" target=\"_blank\" rel=\"noopener noreferrer\"><span class=\"footnote_url_wrap\">https:\/\/www.ladocumentationfrancaise.fr\/dossiers\/d000534-l-emergence-des-brics-focus-sur-l-afrique-du-sud-et-le-bresil\/la-montee-en-puissance-du-groupe-des-brics-bresil-russie-inde-chine-afrique-du-sud<\/span><\/a>.<\/td><\/tr>\r\n\r\n <\/tbody> <\/table> <\/div><\/div><script type=\"text\/javascript\"> function footnote_expand_reference_container_603_1() { jQuery('#footnote_references_container_603_1').show(); jQuery('#footnote_reference_container_collapse_button_603_1').text('\u2212'); } function footnote_collapse_reference_container_603_1() { jQuery('#footnote_references_container_603_1').hide(); jQuery('#footnote_reference_container_collapse_button_603_1').text('+'); } function footnote_expand_collapse_reference_container_603_1() { if (jQuery('#footnote_references_container_603_1').is(':hidden')) { footnote_expand_reference_container_603_1(); } else { footnote_collapse_reference_container_603_1(); } } function footnote_moveToReference_603_1(p_str_TargetID) { footnote_expand_reference_container_603_1(); var l_obj_Target = jQuery('#' + p_str_TargetID); if (l_obj_Target.length) { jQuery( 'html, body' ).delay( 0 ); jQuery('html, body').animate({ scrollTop: l_obj_Target.offset().top - window.innerHeight * 0.2 }, 380); } } function footnote_moveToAnchor_603_1(p_str_TargetID) { footnote_expand_reference_container_603_1(); var l_obj_Target = jQuery('#' + p_str_TargetID); if (l_obj_Target.length) { jQuery( 'html, body' ).delay( 0 ); jQuery('html, body').animate({ scrollTop: l_obj_Target.offset().top - window.innerHeight * 0.2 }, 380); } }<\/script>","protected":false},"excerpt":{"rendered":"<p>Par Baidy DIA. Les nations africaines partagent des objectifs communs avec l&#8217;Inde, qu&#8217;ils soient politiques, \u00e9conomiques, sociaux et culturels, et<\/p>\n","protected":false},"author":1,"featured_media":341,"comment_status":"open","ping_status":"closed","sticky":false,"template":"","format":"standard","meta":{"_acf_changed":false,"inline_featured_image":false,"_exactmetrics_skip_tracking":false,"_exactmetrics_sitenote_active":false,"_exactmetrics_sitenote_note":"","_exactmetrics_sitenote_category":0,"ngg_post_thumbnail":0,"_jetpack_memberships_contains_paid_content":false,"footnotes":""},"categories":[1],"tags":[],"class_list":["post-603","post","type-post","status-publish","format-standard","has-post-thumbnail","hentry","category-non-classe"],"acf":[],"yoast_head":"<!-- This site is optimized with the Yoast SEO plugin v27.2 - https:\/\/yoast.com\/product\/yoast-seo-wordpress\/ -->\n<title>Afrique et Inde, un nouveau type de partenariat - ContribCity<\/title>\n<meta name=\"robots\" content=\"index, follow, max-snippet:-1, max-image-preview:large, max-video-preview:-1\" \/>\n<link rel=\"canonical\" href=\"https:\/\/contrib.city\/index.php\/2019\/08\/09\/afrique-et-inde-un-nouveau-type-de-partenariat\/\" \/>\n<meta property=\"og:locale\" content=\"fr_FR\" \/>\n<meta property=\"og:type\" content=\"article\" \/>\n<meta property=\"og:title\" content=\"Afrique et Inde, un nouveau type de partenariat - ContribCity\" \/>\n<meta property=\"og:description\" content=\"Par Baidy DIA. Les nations africaines partagent des objectifs communs avec l&#8217;Inde, qu&#8217;ils soient politiques, \u00e9conomiques, sociaux et culturels, et\" \/>\n<meta property=\"og:url\" content=\"https:\/\/contrib.city\/index.php\/2019\/08\/09\/afrique-et-inde-un-nouveau-type-de-partenariat\/\" \/>\n<meta property=\"og:site_name\" content=\"ContribCity\" \/>\n<meta property=\"article:published_time\" content=\"2019-08-08T22:16:15+00:00\" \/>\n<meta property=\"article:modified_time\" content=\"2020-06-07T16:15:58+00:00\" \/>\n<meta property=\"og:image\" content=\"https:\/\/contrib.city\/wp-content\/uploads\/2019\/07\/Baidy-Dia-and-his-video-camera-e1566817169551.jpg\" \/>\n\t<meta property=\"og:image:width\" content=\"400\" \/>\n\t<meta property=\"og:image:height\" content=\"485\" \/>\n\t<meta property=\"og:image:type\" content=\"image\/jpeg\" \/>\n<meta name=\"author\" content=\"Bertrand de Foucauld\" \/>\n<meta name=\"twitter:card\" content=\"summary_large_image\" \/>\n<meta name=\"twitter:label1\" content=\"\u00c9crit par\" \/>\n\t<meta name=\"twitter:data1\" content=\"Bertrand de Foucauld\" \/>\n\t<meta name=\"twitter:label2\" content=\"Dur\u00e9e de lecture estim\u00e9e\" \/>\n\t<meta name=\"twitter:data2\" content=\"7 minutes\" \/>\n<script type=\"application\/ld+json\" class=\"yoast-schema-graph\">{\"@context\":\"https:\/\/schema.org\",\"@graph\":[{\"@type\":\"Article\",\"@id\":\"https:\/\/contrib.city\/index.php\/2019\/08\/09\/afrique-et-inde-un-nouveau-type-de-partenariat\/#article\",\"isPartOf\":{\"@id\":\"https:\/\/contrib.city\/index.php\/2019\/08\/09\/afrique-et-inde-un-nouveau-type-de-partenariat\/\"},\"author\":{\"name\":\"Bertrand de Foucauld\",\"@id\":\"https:\/\/contrib.city\/#\/schema\/person\/ec389c5a78a37ccaee4e8ce098099db5\"},\"headline\":\"Afrique et Inde, un nouveau type de partenariat\",\"datePublished\":\"2019-08-08T22:16:15+00:00\",\"dateModified\":\"2020-06-07T16:15:58+00:00\",\"mainEntityOfPage\":{\"@id\":\"https:\/\/contrib.city\/index.php\/2019\/08\/09\/afrique-et-inde-un-nouveau-type-de-partenariat\/\"},\"wordCount\":1373,\"commentCount\":0,\"publisher\":{\"@id\":\"https:\/\/contrib.city\/#organization\"},\"image\":{\"@id\":\"https:\/\/contrib.city\/index.php\/2019\/08\/09\/afrique-et-inde-un-nouveau-type-de-partenariat\/#primaryimage\"},\"thumbnailUrl\":\"https:\/\/contrib.city\/wp-content\/uploads\/2019\/07\/Baidy-Dia-and-his-video-camera-e1566817169551.jpg\",\"inLanguage\":\"fr-FR\",\"potentialAction\":[{\"@type\":\"CommentAction\",\"name\":\"Comment\",\"target\":[\"https:\/\/contrib.city\/index.php\/2019\/08\/09\/afrique-et-inde-un-nouveau-type-de-partenariat\/#respond\"]}]},{\"@type\":\"WebPage\",\"@id\":\"https:\/\/contrib.city\/index.php\/2019\/08\/09\/afrique-et-inde-un-nouveau-type-de-partenariat\/\",\"url\":\"https:\/\/contrib.city\/index.php\/2019\/08\/09\/afrique-et-inde-un-nouveau-type-de-partenariat\/\",\"name\":\"Afrique et Inde, un nouveau type de partenariat - ContribCity\",\"isPartOf\":{\"@id\":\"https:\/\/contrib.city\/#website\"},\"primaryImageOfPage\":{\"@id\":\"https:\/\/contrib.city\/index.php\/2019\/08\/09\/afrique-et-inde-un-nouveau-type-de-partenariat\/#primaryimage\"},\"image\":{\"@id\":\"https:\/\/contrib.city\/index.php\/2019\/08\/09\/afrique-et-inde-un-nouveau-type-de-partenariat\/#primaryimage\"},\"thumbnailUrl\":\"https:\/\/contrib.city\/wp-content\/uploads\/2019\/07\/Baidy-Dia-and-his-video-camera-e1566817169551.jpg\",\"datePublished\":\"2019-08-08T22:16:15+00:00\",\"dateModified\":\"2020-06-07T16:15:58+00:00\",\"breadcrumb\":{\"@id\":\"https:\/\/contrib.city\/index.php\/2019\/08\/09\/afrique-et-inde-un-nouveau-type-de-partenariat\/#breadcrumb\"},\"inLanguage\":\"fr-FR\",\"potentialAction\":[{\"@type\":\"ReadAction\",\"target\":[\"https:\/\/contrib.city\/index.php\/2019\/08\/09\/afrique-et-inde-un-nouveau-type-de-partenariat\/\"]}]},{\"@type\":\"ImageObject\",\"inLanguage\":\"fr-FR\",\"@id\":\"https:\/\/contrib.city\/index.php\/2019\/08\/09\/afrique-et-inde-un-nouveau-type-de-partenariat\/#primaryimage\",\"url\":\"https:\/\/contrib.city\/wp-content\/uploads\/2019\/07\/Baidy-Dia-and-his-video-camera-e1566817169551.jpg\",\"contentUrl\":\"https:\/\/contrib.city\/wp-content\/uploads\/2019\/07\/Baidy-Dia-and-his-video-camera-e1566817169551.jpg\",\"width\":400,\"height\":485},{\"@type\":\"BreadcrumbList\",\"@id\":\"https:\/\/contrib.city\/index.php\/2019\/08\/09\/afrique-et-inde-un-nouveau-type-de-partenariat\/#breadcrumb\",\"itemListElement\":[{\"@type\":\"ListItem\",\"position\":1,\"name\":\"Home\",\"item\":\"https:\/\/contrib.city\/\"},{\"@type\":\"ListItem\",\"position\":2,\"name\":\"Afrique et Inde, un nouveau type de partenariat\"}]},{\"@type\":\"WebSite\",\"@id\":\"https:\/\/contrib.city\/#website\",\"url\":\"https:\/\/contrib.city\/\",\"name\":\"ContribCity\",\"description\":\"Parlons de nos lieux de vie\",\"publisher\":{\"@id\":\"https:\/\/contrib.city\/#organization\"},\"potentialAction\":[{\"@type\":\"SearchAction\",\"target\":{\"@type\":\"EntryPoint\",\"urlTemplate\":\"https:\/\/contrib.city\/?s={search_term_string}\"},\"query-input\":{\"@type\":\"PropertyValueSpecification\",\"valueRequired\":true,\"valueName\":\"search_term_string\"}}],\"inLanguage\":\"fr-FR\"},{\"@type\":\"Organization\",\"@id\":\"https:\/\/contrib.city\/#organization\",\"name\":\"ContribCity\",\"url\":\"https:\/\/contrib.city\/\",\"logo\":{\"@type\":\"ImageObject\",\"inLanguage\":\"fr-FR\",\"@id\":\"https:\/\/contrib.city\/#\/schema\/logo\/image\/\",\"url\":\"https:\/\/contrib.city\/wp-content\/uploads\/2020\/01\/cropped-Parlons-de-nos-lieux-de-vie-2.jpg\",\"contentUrl\":\"https:\/\/contrib.city\/wp-content\/uploads\/2020\/01\/cropped-Parlons-de-nos-lieux-de-vie-2.jpg\",\"width\":1133,\"height\":218,\"caption\":\"ContribCity\"},\"image\":{\"@id\":\"https:\/\/contrib.city\/#\/schema\/logo\/image\/\"}},{\"@type\":\"Person\",\"@id\":\"https:\/\/contrib.city\/#\/schema\/person\/ec389c5a78a37ccaee4e8ce098099db5\",\"name\":\"Bertrand de Foucauld\",\"image\":{\"@type\":\"ImageObject\",\"inLanguage\":\"fr-FR\",\"@id\":\"https:\/\/secure.gravatar.com\/avatar\/c49e25550e4609092f7a00fb677a980813788778df987b36cad9b0fc85a8bf73?s=96&d=mm&r=g\",\"url\":\"https:\/\/secure.gravatar.com\/avatar\/c49e25550e4609092f7a00fb677a980813788778df987b36cad9b0fc85a8bf73?s=96&d=mm&r=g\",\"contentUrl\":\"https:\/\/secure.gravatar.com\/avatar\/c49e25550e4609092f7a00fb677a980813788778df987b36cad9b0fc85a8bf73?s=96&d=mm&r=g\",\"caption\":\"Bertrand de Foucauld\"},\"url\":\"https:\/\/contrib.city\/index.php\/author\/bertrand\/\"}]}<\/script>\n<!-- \/ Yoast SEO plugin. -->","yoast_head_json":{"title":"Afrique et Inde, un nouveau type de partenariat - ContribCity","robots":{"index":"index","follow":"follow","max-snippet":"max-snippet:-1","max-image-preview":"max-image-preview:large","max-video-preview":"max-video-preview:-1"},"canonical":"https:\/\/contrib.city\/index.php\/2019\/08\/09\/afrique-et-inde-un-nouveau-type-de-partenariat\/","og_locale":"fr_FR","og_type":"article","og_title":"Afrique et Inde, un nouveau type de partenariat - ContribCity","og_description":"Par Baidy DIA. Les nations africaines partagent des objectifs communs avec l&#8217;Inde, qu&#8217;ils soient politiques, \u00e9conomiques, sociaux et culturels, et","og_url":"https:\/\/contrib.city\/index.php\/2019\/08\/09\/afrique-et-inde-un-nouveau-type-de-partenariat\/","og_site_name":"ContribCity","article_published_time":"2019-08-08T22:16:15+00:00","article_modified_time":"2020-06-07T16:15:58+00:00","og_image":[{"width":400,"height":485,"url":"https:\/\/contrib.city\/wp-content\/uploads\/2019\/07\/Baidy-Dia-and-his-video-camera-e1566817169551.jpg","type":"image\/jpeg"}],"author":"Bertrand de Foucauld","twitter_card":"summary_large_image","twitter_misc":{"\u00c9crit par":"Bertrand de Foucauld","Dur\u00e9e de lecture estim\u00e9e":"7 minutes"},"schema":{"@context":"https:\/\/schema.org","@graph":[{"@type":"Article","@id":"https:\/\/contrib.city\/index.php\/2019\/08\/09\/afrique-et-inde-un-nouveau-type-de-partenariat\/#article","isPartOf":{"@id":"https:\/\/contrib.city\/index.php\/2019\/08\/09\/afrique-et-inde-un-nouveau-type-de-partenariat\/"},"author":{"name":"Bertrand de Foucauld","@id":"https:\/\/contrib.city\/#\/schema\/person\/ec389c5a78a37ccaee4e8ce098099db5"},"headline":"Afrique et Inde, un nouveau type de partenariat","datePublished":"2019-08-08T22:16:15+00:00","dateModified":"2020-06-07T16:15:58+00:00","mainEntityOfPage":{"@id":"https:\/\/contrib.city\/index.php\/2019\/08\/09\/afrique-et-inde-un-nouveau-type-de-partenariat\/"},"wordCount":1373,"commentCount":0,"publisher":{"@id":"https:\/\/contrib.city\/#organization"},"image":{"@id":"https:\/\/contrib.city\/index.php\/2019\/08\/09\/afrique-et-inde-un-nouveau-type-de-partenariat\/#primaryimage"},"thumbnailUrl":"https:\/\/contrib.city\/wp-content\/uploads\/2019\/07\/Baidy-Dia-and-his-video-camera-e1566817169551.jpg","inLanguage":"fr-FR","potentialAction":[{"@type":"CommentAction","name":"Comment","target":["https:\/\/contrib.city\/index.php\/2019\/08\/09\/afrique-et-inde-un-nouveau-type-de-partenariat\/#respond"]}]},{"@type":"WebPage","@id":"https:\/\/contrib.city\/index.php\/2019\/08\/09\/afrique-et-inde-un-nouveau-type-de-partenariat\/","url":"https:\/\/contrib.city\/index.php\/2019\/08\/09\/afrique-et-inde-un-nouveau-type-de-partenariat\/","name":"Afrique et Inde, un nouveau type de partenariat - ContribCity","isPartOf":{"@id":"https:\/\/contrib.city\/#website"},"primaryImageOfPage":{"@id":"https:\/\/contrib.city\/index.php\/2019\/08\/09\/afrique-et-inde-un-nouveau-type-de-partenariat\/#primaryimage"},"image":{"@id":"https:\/\/contrib.city\/index.php\/2019\/08\/09\/afrique-et-inde-un-nouveau-type-de-partenariat\/#primaryimage"},"thumbnailUrl":"https:\/\/contrib.city\/wp-content\/uploads\/2019\/07\/Baidy-Dia-and-his-video-camera-e1566817169551.jpg","datePublished":"2019-08-08T22:16:15+00:00","dateModified":"2020-06-07T16:15:58+00:00","breadcrumb":{"@id":"https:\/\/contrib.city\/index.php\/2019\/08\/09\/afrique-et-inde-un-nouveau-type-de-partenariat\/#breadcrumb"},"inLanguage":"fr-FR","potentialAction":[{"@type":"ReadAction","target":["https:\/\/contrib.city\/index.php\/2019\/08\/09\/afrique-et-inde-un-nouveau-type-de-partenariat\/"]}]},{"@type":"ImageObject","inLanguage":"fr-FR","@id":"https:\/\/contrib.city\/index.php\/2019\/08\/09\/afrique-et-inde-un-nouveau-type-de-partenariat\/#primaryimage","url":"https:\/\/contrib.city\/wp-content\/uploads\/2019\/07\/Baidy-Dia-and-his-video-camera-e1566817169551.jpg","contentUrl":"https:\/\/contrib.city\/wp-content\/uploads\/2019\/07\/Baidy-Dia-and-his-video-camera-e1566817169551.jpg","width":400,"height":485},{"@type":"BreadcrumbList","@id":"https:\/\/contrib.city\/index.php\/2019\/08\/09\/afrique-et-inde-un-nouveau-type-de-partenariat\/#breadcrumb","itemListElement":[{"@type":"ListItem","position":1,"name":"Home","item":"https:\/\/contrib.city\/"},{"@type":"ListItem","position":2,"name":"Afrique et Inde, un nouveau type de partenariat"}]},{"@type":"WebSite","@id":"https:\/\/contrib.city\/#website","url":"https:\/\/contrib.city\/","name":"ContribCity","description":"Parlons de nos lieux de vie","publisher":{"@id":"https:\/\/contrib.city\/#organization"},"potentialAction":[{"@type":"SearchAction","target":{"@type":"EntryPoint","urlTemplate":"https:\/\/contrib.city\/?s={search_term_string}"},"query-input":{"@type":"PropertyValueSpecification","valueRequired":true,"valueName":"search_term_string"}}],"inLanguage":"fr-FR"},{"@type":"Organization","@id":"https:\/\/contrib.city\/#organization","name":"ContribCity","url":"https:\/\/contrib.city\/","logo":{"@type":"ImageObject","inLanguage":"fr-FR","@id":"https:\/\/contrib.city\/#\/schema\/logo\/image\/","url":"https:\/\/contrib.city\/wp-content\/uploads\/2020\/01\/cropped-Parlons-de-nos-lieux-de-vie-2.jpg","contentUrl":"https:\/\/contrib.city\/wp-content\/uploads\/2020\/01\/cropped-Parlons-de-nos-lieux-de-vie-2.jpg","width":1133,"height":218,"caption":"ContribCity"},"image":{"@id":"https:\/\/contrib.city\/#\/schema\/logo\/image\/"}},{"@type":"Person","@id":"https:\/\/contrib.city\/#\/schema\/person\/ec389c5a78a37ccaee4e8ce098099db5","name":"Bertrand de Foucauld","image":{"@type":"ImageObject","inLanguage":"fr-FR","@id":"https:\/\/secure.gravatar.com\/avatar\/c49e25550e4609092f7a00fb677a980813788778df987b36cad9b0fc85a8bf73?s=96&d=mm&r=g","url":"https:\/\/secure.gravatar.com\/avatar\/c49e25550e4609092f7a00fb677a980813788778df987b36cad9b0fc85a8bf73?s=96&d=mm&r=g","contentUrl":"https:\/\/secure.gravatar.com\/avatar\/c49e25550e4609092f7a00fb677a980813788778df987b36cad9b0fc85a8bf73?s=96&d=mm&r=g","caption":"Bertrand de Foucauld"},"url":"https:\/\/contrib.city\/index.php\/author\/bertrand\/"}]}},"jetpack_featured_media_url":"https:\/\/contrib.city\/wp-content\/uploads\/2019\/07\/Baidy-Dia-and-his-video-camera-e1566817169551.jpg","jetpack_sharing_enabled":true,"post_mailing_queue_ids":[],"_links":{"self":[{"href":"https:\/\/contrib.city\/index.php\/wp-json\/wp\/v2\/posts\/603","targetHints":{"allow":["GET"]}}],"collection":[{"href":"https:\/\/contrib.city\/index.php\/wp-json\/wp\/v2\/posts"}],"about":[{"href":"https:\/\/contrib.city\/index.php\/wp-json\/wp\/v2\/types\/post"}],"author":[{"embeddable":true,"href":"https:\/\/contrib.city\/index.php\/wp-json\/wp\/v2\/users\/1"}],"replies":[{"embeddable":true,"href":"https:\/\/contrib.city\/index.php\/wp-json\/wp\/v2\/comments?post=603"}],"version-history":[{"count":7,"href":"https:\/\/contrib.city\/index.php\/wp-json\/wp\/v2\/posts\/603\/revisions"}],"predecessor-version":[{"id":5153,"href":"https:\/\/contrib.city\/index.php\/wp-json\/wp\/v2\/posts\/603\/revisions\/5153"}],"wp:featuredmedia":[{"embeddable":true,"href":"https:\/\/contrib.city\/index.php\/wp-json\/wp\/v2\/media\/341"}],"wp:attachment":[{"href":"https:\/\/contrib.city\/index.php\/wp-json\/wp\/v2\/media?parent=603"}],"wp:term":[{"taxonomy":"category","embeddable":true,"href":"https:\/\/contrib.city\/index.php\/wp-json\/wp\/v2\/categories?post=603"},{"taxonomy":"post_tag","embeddable":true,"href":"https:\/\/contrib.city\/index.php\/wp-json\/wp\/v2\/tags?post=603"}],"curies":[{"name":"wp","href":"https:\/\/api.w.org\/{rel}","templated":true}]}}