{"id":6080,"date":"2020-10-29T23:02:09","date_gmt":"2020-10-29T22:02:09","guid":{"rendered":"https:\/\/contrib.city\/?p=6080"},"modified":"2020-10-31T19:31:12","modified_gmt":"2020-10-31T18:31:12","slug":"centralisation-epidemie-et-terrorisme","status":"publish","type":"post","link":"https:\/\/contrib.city\/index.php\/2020\/10\/29\/centralisation-epidemie-et-terrorisme\/","title":{"rendered":"Centralisation, \u00e9pid\u00e9mie et terrorisme"},"content":{"rendered":"<p style=\"text-align: justify;\">Entre le d\u00e9but et la fin de la nuit du mercredi 28 au jeudi 29 octobre, l&#8217;officialisation de la deuxi\u00e8me vague de l&#8217;\u00e9pid\u00e9mie de Covid-19 et une seconde attaque terroriste ont frapp\u00e9 la France. Le nouvel \u00e9pisode \u00e9pid\u00e9mique intervient apr\u00e8s un \u00e9t\u00e9 dont les Fran\u00e7ais ont bien &#8211; trop? &#8211; profit\u00e9 (cf : article CC du 20 juillet 2020 : <a href=\"https:\/\/contrib.city\/index.php\/2020\/07\/20\/pare-pour-une-seconde-vague\/\" target=\"_blank\" rel=\"noopener noreferrer\"><em>Par\u00e9 pour une 2e vague?<\/em><\/a> ), apr\u00e8s un confinement brutal et long lors du dernier printemps. L&#8217;assassinat (trois tu\u00e9s et plusieurs bless\u00e9s) a \u00e9t\u00e9 commis au sein m\u00eame de la basilique Notre-Dame de Nice, apr\u00e8s celui du professeur d&#8217;histoire-g\u00e9ographie Samuel Patty \u00e0 Conflans-Sainte-Honorine (Yvelines) le vendredi 16 octobre dernier. Regardons ces quatre \u00e9v\u00e8nements sanitaires et terroristes par le biais urbanistique, et plus particuli\u00e8rement celui de la centralisation.&nbsp;<\/p>\n<p style=\"text-align: justify;\">Ainsi que je l&#8217;avais d\u00e9j\u00e0 pr\u00e9cis\u00e9, la centralisation, particuli\u00e8rement forte dans notre pays, joue un r\u00f4le important dans la concentration des tensions issues des vies quotidiennes des habitants dans un territoire donn\u00e9, que ce soit \u00e0 l&#8217;\u00e9chelle locale, r\u00e9gionale ou nationale. Les statistiques ont montr\u00e9 que le d\u00e9veloppement du virus Corona \u00e9tait favoris\u00e9 dans les m\u00e9tropoles provinciales et la m\u00e9galopole parisienne. Au contraire, dans les zones rurales, la lutte contre l&#8217;\u00e9pid\u00e9mie \u00e9tait plus facile. Sur le plan socio-\u00e9conomique, m\u00eame tendance : la concentration de familles en difficult\u00e9 d&#8217;insertion et issues d&#8217;une multitudes d&#8217;origines, avec parfois plusieurs dizaines d&#8217;ethnies au sein d&#8217;un m\u00eame quartier HLM, renforce les tensions li\u00e9es au travail, au logement et \u00e0 la vision symbolique de la soci\u00e9t\u00e9. Que ce soit vis-\u00e0-vis de l&#8217;\u00e9pid\u00e9mie ou du terrorisme, le terme de &#8220;guerre&#8221; a \u00e9t\u00e9 utilis\u00e9 : M. Macron, Pr\u00e9sident de la R\u00e9publique fran\u00e7aise, en annon\u00e7ant le second confinement (28\/10\/2020), et M. Christian Estrosi, maire de Nice, dans son discours contre &#8220;l&#8217;islamo-fascisme&#8221; sur France-Info le jeudi 29 octobre 2020, au matin. &nbsp; &nbsp;<\/p>\n<p style=\"text-align: justify;\">Notre volont\u00e9 et notre capacit\u00e9 \u00e0 v\u00e9ritablement d\u00e9centraliser la France jouera un r\u00f4le important pour diminuer, ou au contraire augmenter encore plus, ces tensions quotidiennes dont les \u00e9pid\u00e9mies et les meurtres (terrorisme mais aussi &#8220;r\u00e8glement de comptes&#8221; entre trafiquants de drogues) sont des r\u00e9surgences violentes.&nbsp; R\u00e9partir, d&#8217;une fa\u00e7on moins g\u00e9ographiquement d\u00e9s\u00e9quilibr\u00e9e, les besoins li\u00e9es \u00e0 l&#8217;utilisation quotidienne des ressources territoriales entre les diff\u00e9rentes r\u00e9gions, mais \u00e9galement, \u00e0 l&#8217;\u00e9chelle plus locale, entre les zones m\u00e9tropolitaines et rurales, permettrait de faciliter la gestion de nos quartiers et de nos villages.&nbsp;<\/p>\n<p style=\"text-align: justify;\">Comme d\u00e9j\u00e0 cit\u00e9 auparavant, le d\u00e9placement des pouvoirs ex\u00e9cutifs et l\u00e9gislatifs \u00e0 Lyon, la deuxi\u00e8me agglom\u00e9ration de France, permettrait de quitter une organisation unipolaire (un seul m\u00e9ga-p\u00f4le d&#8217;attraction) pour aller vers une bi-polarit\u00e9 et commencer une dynamique de partenariat \u00e9quilibr\u00e9 entre les diff\u00e9rentes m\u00e9tropoles r\u00e9gionales, gr\u00e2ce au t\u00e9l\u00e9-travail et aux transports en commun rapides (\u00e0 condition que ces derniers ne soient pas en gr\u00e8ve). Ensuite, ce mouvement pourrait s&#8217;\u00e9tendre aux villes moyennes ou petites qui voient actuellement leur attractivit\u00e9 baisser, au profit des m\u00e9tropoles, alors qu&#8217;elles proposent un cadre de vie tr\u00e8s agr\u00e9able pour un foncier meilleur march\u00e9. Mais l\u00e0, une fois de plus, l&#8217;id\u00e9e se heurte \u00e0 la volont\u00e9 politique : de m\u00eame qu&#8217;au XVIIe si\u00e8cle, dans l&#8217;\u00e9lan de son p\u00e8re, Louis XIV avait \u0153uvr\u00e9 pour le renforcement du r\u00f4le central de l&#8217;Etat, lancer une d\u00e9centralisation effective aujourd&#8217;hui pourrait donner l&#8217;impression au Pr\u00e9sident de la R\u00e9publique de c\u00e9der une partie de son pouvoir, d\u00e9j\u00e0 malmen\u00e9 par l&#8217;Union Europ\u00e9enne.<\/p>\n<p style=\"text-align: justify;\">Justement! Plut\u00f4t que d&#8217;attendre d&#8217;une fa\u00e7on passive que Bruxelles prenne progressivement et in\u00e9luctablement les r\u00eanes sur les d\u00e9cisions r\u00e9galiennes de la France et de l\u2019organisation de son tissus urbain et villageois, commen\u00e7ons d\u00e8s aujourd&#8217;hui \u00e0 nous organiser pour cr\u00e9er un territoire fran\u00e7ais &#8211; \u00eeles proches ou lointaines comprises &#8211; plus harmonieux. Cessons la cr\u00e9ation d&#8217;un foncier urbain en totale inad\u00e9quation avec les revenus de la majorit\u00e9 des Fran\u00e7ais : en R\u00e9gion Parisienne, certains logements peuvent atteindre le prix de plus de 10.000 \u20ac\/m2 alors que le revenu m\u00e9dian national (toutes sources financi\u00e8res confondues pour chaque adulte) se situait, en 2015, \u00e0 1847 \u20ac nets par mois (INSEE).<\/p>\n<p style=\"text-align: justify;\">Pour cela, les \u00e9lus locaux doivent d&#8217;autant plus montrer l&#8217;exemple que la d\u00e9centralisation signifie, pour eux, plus de libert\u00e9, et donc de responsabilit\u00e9s territoriales, et moins de contr\u00f4le du pouvoir centralisateur. Plusieurs furent interpel\u00e9s sur la gestion des deniers publics (projets pharaoniques \u00e0 Montpellier, investissements yvelinois en Afrique, &#8230;), la transparence de la vie publique (<a href=\"https:\/\/www.hatvp.fr\/\" target=\"_blank\" rel=\"noopener noreferrer\">HATVP<\/a>) ou le cumul d&#8217;un emploi salari\u00e9 \u00e0 temps plein (fonctionnaire) avec de multiples mandats politiques.<\/p>\n<p style=\"text-align: justify;\">La Presse, notamment locale, aura du coup d&#8217;autant plus le devoir de publier et analyser les d\u00e9cisions et actions des hommes et femmes publics, pour peu que la libert\u00e9 d&#8217;expression, pour les professeurs comme pour les journalistes, pour le secteur public comme pour le secteur priv\u00e9, reste prot\u00e9g\u00e9e. Dans le cas contraire, une France d\u00e9centralis\u00e9e mais sans \u00e9thique pourrait alors retourner vers une organisation d&#8217;un autre \u00e2ge, seigneuriale et morcel\u00e9e, qui tomberait rapidement, d&#8217;une fa\u00e7on passive et non constructive, sous la coupe r\u00e9glementaire de l&#8217;U.E. Le pays perdrait alors son \u00e2me.<\/p>\n<p>&nbsp;<\/p>\n<p>Bibliographie :<\/p>\n<p>&#8220;Coronavirus : quelles sont les 14 grandes villes les plus touch\u00e9es, Montpellier dans la liste&#8221;, <a href=\"https:\/\/www.midilibre.fr\/2020\/09\/18\/coronavirus-alerte-dans-les-metropoles-la-liste-des-14-grande-villes-ou-lepidemie-saccelere-9079631.php\" target=\"_blank\" rel=\"noopener noreferrer\"><em>Midi libre<\/em><\/a>, le 18\/09\/2020.<\/p>\n<p>LECANUET Ana\u00efs, &#8220;Coronavirus : Les grandes villes de France, bient\u00f4t en alerte maximale ?&#8221;, <a href=\"https:\/\/www.passeportsante.net\/fr\/Actualites\/Nouvelles\/Fiche.aspx?doc=covid-coronavirus-epidemie-grandes-villes-bientot-alerte-maximale\" target=\"_blank\" rel=\"noopener noreferrer\"><em>Passeport sant\u00e9<\/em><\/a>, le 30\/09\/2020<\/p>\n<p>DESHAYES Beno\u00eet, Incidence du Covid 19 dans les 22 m\u00e9tropoles, <a href=\"https:\/\/www.linternaute.com\/actualite\/guide-vie-quotidienne\/2516001-carte-covid-chiffres-et-cartes-de-france-du-coronavirus-a-jour-29-10-2020\/\" target=\"_blank\" rel=\"noopener noreferrer\"><em>L&#8217;intern@ute<\/em><\/a>, le 29\/10\/2020<\/p>\n<p>FICEK Isabelle, &#8220;Attentat : Jean Castex veut renforcer la \u00ab protection des fonctionnaires \u00bb&#8221;, <em>Les <a href=\"https:\/\/www.lesechos.fr\/politique-societe\/gouvernement\/attentat-jean-castex-veut-renforcer-la-protection-des-fonctionnaires-1258625\" target=\"_blank\" rel=\"noopener noreferrer\">Echos<\/a><\/em>, le 23\/10\/2020.<\/p>\n<p>LIFFRAN Herv\u00e9, &#8220;Des \u00e9lus partis \u00e0 la p\u00eache aux voix islamiques&#8221;, <em>Le Canard encha\u00een\u00e9<\/em>, le 2020\/10\/28.<\/p>\n<p>&#8220;Le patron des Yvelines range ses factures au S\u00e9n\u00e9gal&#8221;, <em>Le Canard encha\u00een\u00e9<\/em>, le 2018\/11\/28.<\/p>\n<p>GARCIA David, &#8220;Les recettes du syst\u00e8me B\u00e9dier &#8211; Dans les Yvelines, le client\u00e9lisme au quotidien&#8221;, <a href=\"https:\/\/www.monde-diplomatique.fr\/2017\/02\/GARCIA\/57133\" target=\"_blank\" rel=\"noopener noreferrer\"><em>Le Monde diplomatique<\/em><\/a><em>,<\/em> f\u00e9vrier 2017, p 18 et 19.<\/p>\n<p>&#8220;Fonction publique : soup\u00e7ons d&#8217;emplois fictifs pour des \u00e9lus locaux ni\u00e7ois&#8221;, <a href=\"https:\/\/www.francetvinfo.fr\/economie\/emploi\/recherche-d-emploi\/fonction-publique\/fonctionnaire-adjoint-au-maire-conseiller-regional-quand-des-elus-cumulent-les-postes-et-les-remunerations_4140341.html\" target=\"_blank\" rel=\"noopener noreferrer\"><em>France Info<\/em> et <em>France T\u00e9l\u00e9visions<\/em><\/a>, le 14\/10\/2020.<\/p>\n<p>[scu name=&#8221;map&#8221;]<\/p>\n<p>&nbsp;<\/p>\n","protected":false},"excerpt":{"rendered":"<p>Entre le d\u00e9but et la fin de la nuit du mercredi 28 au jeudi 29 octobre, l&#8217;officialisation de la deuxi\u00e8me<\/p>\n","protected":false},"author":1,"featured_media":6054,"comment_status":"open","ping_status":"open","sticky":false,"template":"","format":"standard","meta":{"_acf_changed":false,"inline_featured_image":false,"_exactmetrics_skip_tracking":false,"_exactmetrics_sitenote_active":false,"_exactmetrics_sitenote_note":"","_exactmetrics_sitenote_category":0,"ngg_post_thumbnail":0,"_jetpack_memberships_contains_paid_content":false,"footnotes":""},"categories":[51,6,5,2],"tags":[],"class_list":["post-6080","post","type-post","status-publish","format-standard","has-post-thumbnail","hentry","category-economie-social","category-sante_fr","category-urbanisme_fr","category-commerce-fr"],"acf":[],"yoast_head":"<!-- This site is optimized with the Yoast SEO plugin v27.2 - https:\/\/yoast.com\/product\/yoast-seo-wordpress\/ -->\n<title>Centralisation, \u00e9pid\u00e9mie et terrorisme - ContribCity<\/title>\n<meta name=\"robots\" content=\"index, follow, max-snippet:-1, max-image-preview:large, max-video-preview:-1\" \/>\n<link rel=\"canonical\" href=\"https:\/\/contrib.city\/index.php\/2020\/10\/29\/centralisation-epidemie-et-terrorisme\/\" \/>\n<meta property=\"og:locale\" content=\"fr_FR\" \/>\n<meta property=\"og:type\" content=\"article\" \/>\n<meta property=\"og:title\" content=\"Centralisation, \u00e9pid\u00e9mie et terrorisme - ContribCity\" \/>\n<meta property=\"og:description\" content=\"Entre le d\u00e9but et la fin de la nuit du mercredi 28 au jeudi 29 octobre, l&#8217;officialisation de la deuxi\u00e8me\" \/>\n<meta property=\"og:url\" content=\"https:\/\/contrib.city\/index.php\/2020\/10\/29\/centralisation-epidemie-et-terrorisme\/\" \/>\n<meta property=\"og:site_name\" content=\"ContribCity\" \/>\n<meta property=\"article:published_time\" content=\"2020-10-29T22:02:09+00:00\" \/>\n<meta property=\"article:modified_time\" content=\"2020-10-31T18:31:12+00:00\" \/>\n<meta property=\"og:image\" content=\"https:\/\/contrib.city\/wp-content\/uploads\/2020\/10\/CC-avec-loupe-et-masque-1.jpg\" \/>\n\t<meta property=\"og:image:width\" content=\"1133\" \/>\n\t<meta property=\"og:image:height\" content=\"777\" \/>\n\t<meta property=\"og:image:type\" content=\"image\/jpeg\" \/>\n<meta name=\"author\" content=\"Bertrand de Foucauld\" \/>\n<meta name=\"twitter:card\" content=\"summary_large_image\" \/>\n<meta name=\"twitter:label1\" content=\"\u00c9crit par\" \/>\n\t<meta name=\"twitter:data1\" content=\"Bertrand de Foucauld\" \/>\n\t<meta name=\"twitter:label2\" content=\"Dur\u00e9e de lecture estim\u00e9e\" \/>\n\t<meta name=\"twitter:data2\" content=\"5 minutes\" \/>\n<script type=\"application\/ld+json\" class=\"yoast-schema-graph\">{\"@context\":\"https:\/\/schema.org\",\"@graph\":[{\"@type\":\"Article\",\"@id\":\"https:\/\/contrib.city\/index.php\/2020\/10\/29\/centralisation-epidemie-et-terrorisme\/#article\",\"isPartOf\":{\"@id\":\"https:\/\/contrib.city\/index.php\/2020\/10\/29\/centralisation-epidemie-et-terrorisme\/\"},\"author\":{\"name\":\"Bertrand de Foucauld\",\"@id\":\"https:\/\/contrib.city\/#\/schema\/person\/ec389c5a78a37ccaee4e8ce098099db5\"},\"headline\":\"Centralisation, \u00e9pid\u00e9mie et terrorisme\",\"datePublished\":\"2020-10-29T22:02:09+00:00\",\"dateModified\":\"2020-10-31T18:31:12+00:00\",\"mainEntityOfPage\":{\"@id\":\"https:\/\/contrib.city\/index.php\/2020\/10\/29\/centralisation-epidemie-et-terrorisme\/\"},\"wordCount\":1085,\"commentCount\":0,\"publisher\":{\"@id\":\"https:\/\/contrib.city\/#organization\"},\"image\":{\"@id\":\"https:\/\/contrib.city\/index.php\/2020\/10\/29\/centralisation-epidemie-et-terrorisme\/#primaryimage\"},\"thumbnailUrl\":\"https:\/\/contrib.city\/wp-content\/uploads\/2020\/10\/CC-avec-loupe-et-masque-1.jpg\",\"articleSection\":[\"Economie\/Social\",\"Sant\u00e9\",\"Urbanisme\",\"Vie quotidienne\"],\"inLanguage\":\"fr-FR\",\"potentialAction\":[{\"@type\":\"CommentAction\",\"name\":\"Comment\",\"target\":[\"https:\/\/contrib.city\/index.php\/2020\/10\/29\/centralisation-epidemie-et-terrorisme\/#respond\"]}]},{\"@type\":\"WebPage\",\"@id\":\"https:\/\/contrib.city\/index.php\/2020\/10\/29\/centralisation-epidemie-et-terrorisme\/\",\"url\":\"https:\/\/contrib.city\/index.php\/2020\/10\/29\/centralisation-epidemie-et-terrorisme\/\",\"name\":\"Centralisation, \u00e9pid\u00e9mie et terrorisme - ContribCity\",\"isPartOf\":{\"@id\":\"https:\/\/contrib.city\/#website\"},\"primaryImageOfPage\":{\"@id\":\"https:\/\/contrib.city\/index.php\/2020\/10\/29\/centralisation-epidemie-et-terrorisme\/#primaryimage\"},\"image\":{\"@id\":\"https:\/\/contrib.city\/index.php\/2020\/10\/29\/centralisation-epidemie-et-terrorisme\/#primaryimage\"},\"thumbnailUrl\":\"https:\/\/contrib.city\/wp-content\/uploads\/2020\/10\/CC-avec-loupe-et-masque-1.jpg\",\"datePublished\":\"2020-10-29T22:02:09+00:00\",\"dateModified\":\"2020-10-31T18:31:12+00:00\",\"breadcrumb\":{\"@id\":\"https:\/\/contrib.city\/index.php\/2020\/10\/29\/centralisation-epidemie-et-terrorisme\/#breadcrumb\"},\"inLanguage\":\"fr-FR\",\"potentialAction\":[{\"@type\":\"ReadAction\",\"target\":[\"https:\/\/contrib.city\/index.php\/2020\/10\/29\/centralisation-epidemie-et-terrorisme\/\"]}]},{\"@type\":\"ImageObject\",\"inLanguage\":\"fr-FR\",\"@id\":\"https:\/\/contrib.city\/index.php\/2020\/10\/29\/centralisation-epidemie-et-terrorisme\/#primaryimage\",\"url\":\"https:\/\/contrib.city\/wp-content\/uploads\/2020\/10\/CC-avec-loupe-et-masque-1.jpg\",\"contentUrl\":\"https:\/\/contrib.city\/wp-content\/uploads\/2020\/10\/CC-avec-loupe-et-masque-1.jpg\",\"width\":1133,\"height\":777},{\"@type\":\"BreadcrumbList\",\"@id\":\"https:\/\/contrib.city\/index.php\/2020\/10\/29\/centralisation-epidemie-et-terrorisme\/#breadcrumb\",\"itemListElement\":[{\"@type\":\"ListItem\",\"position\":1,\"name\":\"Home\",\"item\":\"https:\/\/contrib.city\/\"},{\"@type\":\"ListItem\",\"position\":2,\"name\":\"Centralisation, \u00e9pid\u00e9mie et terrorisme\"}]},{\"@type\":\"WebSite\",\"@id\":\"https:\/\/contrib.city\/#website\",\"url\":\"https:\/\/contrib.city\/\",\"name\":\"ContribCity\",\"description\":\"Parlons de nos lieux de vie\",\"publisher\":{\"@id\":\"https:\/\/contrib.city\/#organization\"},\"potentialAction\":[{\"@type\":\"SearchAction\",\"target\":{\"@type\":\"EntryPoint\",\"urlTemplate\":\"https:\/\/contrib.city\/?s={search_term_string}\"},\"query-input\":{\"@type\":\"PropertyValueSpecification\",\"valueRequired\":true,\"valueName\":\"search_term_string\"}}],\"inLanguage\":\"fr-FR\"},{\"@type\":\"Organization\",\"@id\":\"https:\/\/contrib.city\/#organization\",\"name\":\"ContribCity\",\"url\":\"https:\/\/contrib.city\/\",\"logo\":{\"@type\":\"ImageObject\",\"inLanguage\":\"fr-FR\",\"@id\":\"https:\/\/contrib.city\/#\/schema\/logo\/image\/\",\"url\":\"https:\/\/contrib.city\/wp-content\/uploads\/2020\/01\/cropped-Parlons-de-nos-lieux-de-vie-2.jpg\",\"contentUrl\":\"https:\/\/contrib.city\/wp-content\/uploads\/2020\/01\/cropped-Parlons-de-nos-lieux-de-vie-2.jpg\",\"width\":1133,\"height\":218,\"caption\":\"ContribCity\"},\"image\":{\"@id\":\"https:\/\/contrib.city\/#\/schema\/logo\/image\/\"}},{\"@type\":\"Person\",\"@id\":\"https:\/\/contrib.city\/#\/schema\/person\/ec389c5a78a37ccaee4e8ce098099db5\",\"name\":\"Bertrand de Foucauld\",\"image\":{\"@type\":\"ImageObject\",\"inLanguage\":\"fr-FR\",\"@id\":\"https:\/\/secure.gravatar.com\/avatar\/c49e25550e4609092f7a00fb677a980813788778df987b36cad9b0fc85a8bf73?s=96&d=mm&r=g\",\"url\":\"https:\/\/secure.gravatar.com\/avatar\/c49e25550e4609092f7a00fb677a980813788778df987b36cad9b0fc85a8bf73?s=96&d=mm&r=g\",\"contentUrl\":\"https:\/\/secure.gravatar.com\/avatar\/c49e25550e4609092f7a00fb677a980813788778df987b36cad9b0fc85a8bf73?s=96&d=mm&r=g\",\"caption\":\"Bertrand de Foucauld\"},\"url\":\"https:\/\/contrib.city\/index.php\/author\/bertrand\/\"}]}<\/script>\n<!-- \/ Yoast SEO plugin. -->","yoast_head_json":{"title":"Centralisation, \u00e9pid\u00e9mie et terrorisme - ContribCity","robots":{"index":"index","follow":"follow","max-snippet":"max-snippet:-1","max-image-preview":"max-image-preview:large","max-video-preview":"max-video-preview:-1"},"canonical":"https:\/\/contrib.city\/index.php\/2020\/10\/29\/centralisation-epidemie-et-terrorisme\/","og_locale":"fr_FR","og_type":"article","og_title":"Centralisation, \u00e9pid\u00e9mie et terrorisme - ContribCity","og_description":"Entre le d\u00e9but et la fin de la nuit du mercredi 28 au jeudi 29 octobre, l&#8217;officialisation de la deuxi\u00e8me","og_url":"https:\/\/contrib.city\/index.php\/2020\/10\/29\/centralisation-epidemie-et-terrorisme\/","og_site_name":"ContribCity","article_published_time":"2020-10-29T22:02:09+00:00","article_modified_time":"2020-10-31T18:31:12+00:00","og_image":[{"width":1133,"height":777,"url":"https:\/\/contrib.city\/wp-content\/uploads\/2020\/10\/CC-avec-loupe-et-masque-1.jpg","type":"image\/jpeg"}],"author":"Bertrand de Foucauld","twitter_card":"summary_large_image","twitter_misc":{"\u00c9crit par":"Bertrand de Foucauld","Dur\u00e9e de lecture estim\u00e9e":"5 minutes"},"schema":{"@context":"https:\/\/schema.org","@graph":[{"@type":"Article","@id":"https:\/\/contrib.city\/index.php\/2020\/10\/29\/centralisation-epidemie-et-terrorisme\/#article","isPartOf":{"@id":"https:\/\/contrib.city\/index.php\/2020\/10\/29\/centralisation-epidemie-et-terrorisme\/"},"author":{"name":"Bertrand de Foucauld","@id":"https:\/\/contrib.city\/#\/schema\/person\/ec389c5a78a37ccaee4e8ce098099db5"},"headline":"Centralisation, \u00e9pid\u00e9mie et terrorisme","datePublished":"2020-10-29T22:02:09+00:00","dateModified":"2020-10-31T18:31:12+00:00","mainEntityOfPage":{"@id":"https:\/\/contrib.city\/index.php\/2020\/10\/29\/centralisation-epidemie-et-terrorisme\/"},"wordCount":1085,"commentCount":0,"publisher":{"@id":"https:\/\/contrib.city\/#organization"},"image":{"@id":"https:\/\/contrib.city\/index.php\/2020\/10\/29\/centralisation-epidemie-et-terrorisme\/#primaryimage"},"thumbnailUrl":"https:\/\/contrib.city\/wp-content\/uploads\/2020\/10\/CC-avec-loupe-et-masque-1.jpg","articleSection":["Economie\/Social","Sant\u00e9","Urbanisme","Vie quotidienne"],"inLanguage":"fr-FR","potentialAction":[{"@type":"CommentAction","name":"Comment","target":["https:\/\/contrib.city\/index.php\/2020\/10\/29\/centralisation-epidemie-et-terrorisme\/#respond"]}]},{"@type":"WebPage","@id":"https:\/\/contrib.city\/index.php\/2020\/10\/29\/centralisation-epidemie-et-terrorisme\/","url":"https:\/\/contrib.city\/index.php\/2020\/10\/29\/centralisation-epidemie-et-terrorisme\/","name":"Centralisation, \u00e9pid\u00e9mie et terrorisme - ContribCity","isPartOf":{"@id":"https:\/\/contrib.city\/#website"},"primaryImageOfPage":{"@id":"https:\/\/contrib.city\/index.php\/2020\/10\/29\/centralisation-epidemie-et-terrorisme\/#primaryimage"},"image":{"@id":"https:\/\/contrib.city\/index.php\/2020\/10\/29\/centralisation-epidemie-et-terrorisme\/#primaryimage"},"thumbnailUrl":"https:\/\/contrib.city\/wp-content\/uploads\/2020\/10\/CC-avec-loupe-et-masque-1.jpg","datePublished":"2020-10-29T22:02:09+00:00","dateModified":"2020-10-31T18:31:12+00:00","breadcrumb":{"@id":"https:\/\/contrib.city\/index.php\/2020\/10\/29\/centralisation-epidemie-et-terrorisme\/#breadcrumb"},"inLanguage":"fr-FR","potentialAction":[{"@type":"ReadAction","target":["https:\/\/contrib.city\/index.php\/2020\/10\/29\/centralisation-epidemie-et-terrorisme\/"]}]},{"@type":"ImageObject","inLanguage":"fr-FR","@id":"https:\/\/contrib.city\/index.php\/2020\/10\/29\/centralisation-epidemie-et-terrorisme\/#primaryimage","url":"https:\/\/contrib.city\/wp-content\/uploads\/2020\/10\/CC-avec-loupe-et-masque-1.jpg","contentUrl":"https:\/\/contrib.city\/wp-content\/uploads\/2020\/10\/CC-avec-loupe-et-masque-1.jpg","width":1133,"height":777},{"@type":"BreadcrumbList","@id":"https:\/\/contrib.city\/index.php\/2020\/10\/29\/centralisation-epidemie-et-terrorisme\/#breadcrumb","itemListElement":[{"@type":"ListItem","position":1,"name":"Home","item":"https:\/\/contrib.city\/"},{"@type":"ListItem","position":2,"name":"Centralisation, \u00e9pid\u00e9mie et terrorisme"}]},{"@type":"WebSite","@id":"https:\/\/contrib.city\/#website","url":"https:\/\/contrib.city\/","name":"ContribCity","description":"Parlons de nos lieux de vie","publisher":{"@id":"https:\/\/contrib.city\/#organization"},"potentialAction":[{"@type":"SearchAction","target":{"@type":"EntryPoint","urlTemplate":"https:\/\/contrib.city\/?s={search_term_string}"},"query-input":{"@type":"PropertyValueSpecification","valueRequired":true,"valueName":"search_term_string"}}],"inLanguage":"fr-FR"},{"@type":"Organization","@id":"https:\/\/contrib.city\/#organization","name":"ContribCity","url":"https:\/\/contrib.city\/","logo":{"@type":"ImageObject","inLanguage":"fr-FR","@id":"https:\/\/contrib.city\/#\/schema\/logo\/image\/","url":"https:\/\/contrib.city\/wp-content\/uploads\/2020\/01\/cropped-Parlons-de-nos-lieux-de-vie-2.jpg","contentUrl":"https:\/\/contrib.city\/wp-content\/uploads\/2020\/01\/cropped-Parlons-de-nos-lieux-de-vie-2.jpg","width":1133,"height":218,"caption":"ContribCity"},"image":{"@id":"https:\/\/contrib.city\/#\/schema\/logo\/image\/"}},{"@type":"Person","@id":"https:\/\/contrib.city\/#\/schema\/person\/ec389c5a78a37ccaee4e8ce098099db5","name":"Bertrand de Foucauld","image":{"@type":"ImageObject","inLanguage":"fr-FR","@id":"https:\/\/secure.gravatar.com\/avatar\/c49e25550e4609092f7a00fb677a980813788778df987b36cad9b0fc85a8bf73?s=96&d=mm&r=g","url":"https:\/\/secure.gravatar.com\/avatar\/c49e25550e4609092f7a00fb677a980813788778df987b36cad9b0fc85a8bf73?s=96&d=mm&r=g","contentUrl":"https:\/\/secure.gravatar.com\/avatar\/c49e25550e4609092f7a00fb677a980813788778df987b36cad9b0fc85a8bf73?s=96&d=mm&r=g","caption":"Bertrand de Foucauld"},"url":"https:\/\/contrib.city\/index.php\/author\/bertrand\/"}]}},"jetpack_featured_media_url":"https:\/\/contrib.city\/wp-content\/uploads\/2020\/10\/CC-avec-loupe-et-masque-1.jpg","jetpack_sharing_enabled":true,"post_mailing_queue_ids":[],"_links":{"self":[{"href":"https:\/\/contrib.city\/index.php\/wp-json\/wp\/v2\/posts\/6080","targetHints":{"allow":["GET"]}}],"collection":[{"href":"https:\/\/contrib.city\/index.php\/wp-json\/wp\/v2\/posts"}],"about":[{"href":"https:\/\/contrib.city\/index.php\/wp-json\/wp\/v2\/types\/post"}],"author":[{"embeddable":true,"href":"https:\/\/contrib.city\/index.php\/wp-json\/wp\/v2\/users\/1"}],"replies":[{"embeddable":true,"href":"https:\/\/contrib.city\/index.php\/wp-json\/wp\/v2\/comments?post=6080"}],"version-history":[{"count":15,"href":"https:\/\/contrib.city\/index.php\/wp-json\/wp\/v2\/posts\/6080\/revisions"}],"predecessor-version":[{"id":6098,"href":"https:\/\/contrib.city\/index.php\/wp-json\/wp\/v2\/posts\/6080\/revisions\/6098"}],"wp:featuredmedia":[{"embeddable":true,"href":"https:\/\/contrib.city\/index.php\/wp-json\/wp\/v2\/media\/6054"}],"wp:attachment":[{"href":"https:\/\/contrib.city\/index.php\/wp-json\/wp\/v2\/media?parent=6080"}],"wp:term":[{"taxonomy":"category","embeddable":true,"href":"https:\/\/contrib.city\/index.php\/wp-json\/wp\/v2\/categories?post=6080"},{"taxonomy":"post_tag","embeddable":true,"href":"https:\/\/contrib.city\/index.php\/wp-json\/wp\/v2\/tags?post=6080"}],"curies":[{"name":"wp","href":"https:\/\/api.w.org\/{rel}","templated":true}]}}