{"id":6184,"date":"2020-11-18T16:27:29","date_gmt":"2020-11-18T15:27:29","guid":{"rendered":"https:\/\/contrib.city\/?p=6184"},"modified":"2020-11-27T10:32:22","modified_gmt":"2020-11-27T09:32:22","slug":"securite-globale-leffrayante-derive-du-pouvoir","status":"publish","type":"post","link":"https:\/\/contrib.city\/index.php\/2020\/11\/18\/securite-globale-leffrayante-derive-du-pouvoir\/","title":{"rendered":"&#8220;S\u00e9curit\u00e9 globale&#8221;, l&#8217;effrayante d\u00e9rive du pouvoir 1\/2"},"content":{"rendered":"<p style=\"text-align: justify;\"><strong>Darmanin est en passe de r\u00e9ussir le tour de force d&#8217;interdire de filmer la police. Cette derni\u00e8re a largement approuv\u00e9 ce projet de loi. Or, personne ne va sortir gagnant de l&#8217;id\u00e9e de &#8220;s\u00e9curit\u00e9 globale&#8221;. En cela, G\u00e9rald Darmanin est loin d&#8217;\u00eatre l&#8217;homme providentiel pour les forces de police.<\/strong><\/p>\n<div class=\"content-article\">\n<p style=\"text-align: justify;\"><i>Le cancer de la soci\u00e9t\u00e9 c\u2019est le non-respect de l\u2019autorit\u00e9 <\/i>a dit G\u00e9rald Darmanin le 14 novembre dans le Parisien. Pas l\u2019abus de pouvoir, les privil\u00e8ges, les traitements de faveur, l\u2019impunit\u00e9, le pouvoir autoritaire, l\u2019ensauvagement des \u00e9lites, l&#8217;incomp\u00e9tence, les mensonges d\u2019Etat, la corruption, l&#8217;extr\u00eame concentration des pouvoirs en un seul homme, pas les conflits d&#8217;int\u00e9r\u00eat ni la fraude fiscale. Pas la lep\u00e9nisation du discours macroniste ni la hausse des violences conjugales et les promesses le temps de se faire \u00e9lire, puis non tenues par la suite. Pas non plus la trahison et encore moins l\u2019usurpation politiques.<\/p>\n<p style=\"text-align: justify;\">Depuis sa nomination au poste de premier flic de France, Darmanin tente d\u2019incarner la fonction. Comme tous les hommes moralement fragiles qui se retrouvent sur des postes \u00e0 pouvoir, le glissement vers une d\u00e9rive autoritaire s\u2019observe. Comme si pour incarner la fonction et \u00eatre cr\u00e9dible, il fallait forc\u00e9ment \u00eatre autoritaire. Cela en dit long sur l\u2019id\u00e9e que se fait l\u2019int\u00e9ress\u00e9 de sa propre l\u00e9gitimit\u00e9 \u00e0 ce poste. La macronie est particuli\u00e8rement comp\u00e9tente pour offrir \u00e0 ces individus tourment\u00e9s des places d&#8217;extr\u00eames sensibilit\u00e9s. Eric Dupond-Moretti et sa vindicte personnelle contre les magistrats ont montr\u00e9 d\u2019un c\u00f4t\u00e9 la v\u00e9rit\u00e9 de cette assertion mais aussi que la presse est bien un des derniers contre pouvoir pouvant canaliser les coups de folies narcissiques et n\u00e9vrotiques de ces individus.<\/p>\n<p style=\"text-align: justify;\">Darmanin a commenc\u00e9 sa prise de fonction par un z\u00e8le impressionnant, qui consistait \u00e0 porter plainte contre toute personne pouvant exprimer des ambigu\u00eft\u00e9s sur la police. La gouvernance par la peur est le choix port\u00e9 par cet ancien contr\u00f4leur des finances publiques. Aujourd\u2019hui, en pleine crise sanitaire, il d\u00e9cide de passer la vitesse sup\u00e9rieure. Pour cacher les violences ill\u00e9gitimes de certains policiers, dont les vid\u00e9os abondent sur la toile et qui ont m\u00eame d\u00e9clench\u00e9 d\u00e9bats et questions de journalistes face \u00e0 Edouard Philippe, Darmanin porte un projet de loi d\u2019une dangerosit\u00e9 totale. Pour faire dispara\u00eetre les choses qui f\u00e2chent, il faut interdire de filmer les choses qui f\u00e2chent. Qui peut se r\u00e9clamer d\u00e9mocratique en agissant pareillement ? avec une telle logique ? Faire dispara\u00eetre est une technique anti d\u00e9mocratique et profond\u00e9ment dangereuse pour celui qui compte faire sien le slogan fran\u00e7ais, qui certes est depuis longtemps d\u00e9voy\u00e9. Grace \u00e0 Darmanin et \u00e0 la R\u00e9publique en Marche, le projet de loi s\u00e9curit\u00e9 globale fera disparaitre les C\u00e9drid Chouviat, les Benalla, les violences polici\u00e8res sur Gilets Jaunes, les affaires Th\u00e9o et Genevieve Legay. Les violences seront oubli\u00e9es, impossibles \u00e0 prouver et des actes d&#8217;impunit\u00e9 creuseront encore le foss\u00e9 entre la police et sa population. Comment s\u2019il en \u00e9tait besoin.<\/p>\n<p class=\"center\" style=\"text-align: left;\"><b>Le risque d\u2019une radicalisation des p\u00f4les&nbsp;<\/b><\/p>\n<p style=\"text-align: justify;\">La loi de s\u00e9curit\u00e9 globale est bien une d\u00e9rive autoritaire du pouvoir. Malgr\u00e9 les tentatives d\u2019enfumage des d\u00e9put\u00e9s LREM qui r\u00e9p\u00e8tent \u00e0 l\u2019envie une partition apprise par c\u0153ur qu\u2019il n\u2019y aura aucun changement, leur parole est depuis longtemps inaudible. Pour preuve, l\u2019article 24 du projet propose de punir d\u2019un an de prison et de 45 000 euros d\u2019amende la diffusion \u201cpar tout moyen, de l\u2019image du visage ou tout autre \u00e9l\u00e9ment d\u2019identification \u2013 \u00e0 l\u2019exception du num\u00e9ro de matricule, dit \u201cRIO\u201d \u2013 d\u2019un policier ou d\u2019un gendarme en intervention, quand cette diffusion a pour but qu\u2019il soit port\u00e9 atteinte \u00e0 son int\u00e9grit\u00e9 physique ou psychique\u201d.<\/p>\n<p style=\"text-align: justify;\">Comment (et qui?) va-t-on d\u00e9cider qu\u2019une vid\u00e9o plut\u00f4t qu\u2019une autre visera \u00e0 porter atteinte ou pas \u00e0 l\u2019int\u00e9grit\u00e9 physique ou psychique ? Surtout, le caract\u00e8re psychique porte presque \u00e0 la d\u00e9rision. Filmer un policier en flagrant d\u00e9lit d\u2019abus de pouvoir sur un manifestant n&#8217;entra\u00eene pas syst\u00e9matiquement une r\u00e9flexion sur la potentielle future atteinte psychologique du policier (alors qu&#8217;elle pourrait exister!).<\/p>\n<p style=\"text-align: justify;\">Le Haut Commissariat aux Droits de l&#8217; Homme de l&#8217;ONU a exprim\u00e9 ses pr\u00e9occupations concernant une atteinte importante aux droits de l\u2019homme et aux libert\u00e9s fondamentales en France. Est-ce donc ici <span class=\"aCOpRe\">o\u00f9 <\/span>en sont rendu Macron et sa clique pour faire taire de potentielles manifestations \u00e0 venir ? Flirter avec le droit, administrer la peur comme la justice \u00e0 des fins de dissuasion des masses, c\u2019est faire \u00e9tat de son \u00e9chec sur tous les autres fronts : le dialogue (et non pas le monologue), le projet de soci\u00e9t\u00e9 (souill\u00e9 par les mensonges et les promesses electorales non tenues comme la grande cause de l\u2019\u00e9galit\u00e9 homme\/femme), la chute de la confiance dans des institutions qui vacillent ou encore en un parlement qui n\u2019est qu\u2019une bo\u00eete d\u2019enregistrement des souhaits du pr\u00e9sident.<\/p>\n<p style=\"text-align: justify;\">Perdre de vue \u00e0 ce point son identit\u00e9 dans cet autoritarisme est inqui\u00e9tant et ne va que diviser ce qui peut encore \u00eatre divis\u00e9 et accro\u00eetre encore un peu plus la peur que la police inspire, et ce n\u2019est pas non plus pour faire ses affaires. Si la police dans sa majorit\u00e9 approuve ce projet de loi, elle souffre de l\u2019autre c\u00f4t\u00e9 d\u2019une image publique \u00e0 am\u00e9liorer. Ce cercle vicieux ne sera pas combl\u00e9 par cette loi qui inspirera encore de la crainte sur de la crainte. Au contraire, la police ne doit pas confondre crainte et respect. De fait, personne ne semble \u00eatre gagnant de cette loi, sauf le politique qui, toujours un peu plus, se dissimule derri\u00e8re sa police qu\u2019il m\u00e9prise et qu\u2019il n\u2019h\u00e9site plus \u00e0 diaboliser pour survivre.<\/p>\n<p style=\"text-align: justify;\">L\u2019autoritarisme est un aveu d\u2019\u00e9chec, une peur du peuple et un manque de confiance en sa propre place, sa propre l\u00e9gitimit\u00e9. En cela, l\u2019autoritarisme pose une double question de confiance. Dans les deux cas, il y a crise. Dans les deux cas, la police n\u2019en sortira pas grandie.<\/p>\n<p style=\"text-align: justify;\"><em>(Photo de couverture : le mur jaune (2019). Avec le projet de loi &#8220;S\u00e9curit\u00e9 Globale&#8221;, les journalistes pourraient \u00eatre attaqu\u00e9s en justice pour avoir fait un travail d&#8217;information n\u00e9cessaire \u00e0 tout fondement d\u00e9mocratique).&nbsp;<\/em><\/p>\n<p style=\"text-align: justify;\">Note de CC : Jeudi 26 novembre 2020, huit jours apr\u00e8s la publication de ce pr\u00e9sent article, le site <a href=\"https:\/\/www.loopsider.com\/fr\/video\/lagression-de-michel-lintegralite-des-images\" target=\"_blank\" rel=\"noopener noreferrer\">Loopsider<\/a> r\u00e9v\u00e9lait un passage \u00e0 tabac par trois policiers, \u00e0 Paris le 21 novembre, d&#8217;un producteur de musique : Michel. &nbsp;<\/p>\n<p>[scu name=&#8221;map&#8221;]<\/p>\n<\/div>\n","protected":false},"excerpt":{"rendered":"<p>Darmanin est en passe de r\u00e9ussir le tour de force d&#8217;interdire de filmer la police. Cette derni\u00e8re a largement approuv\u00e9<\/p>\n","protected":false},"author":24,"featured_media":6186,"comment_status":"open","ping_status":"open","sticky":false,"template":"","format":"standard","meta":{"_acf_changed":false,"inline_featured_image":false,"_exactmetrics_skip_tracking":false,"_exactmetrics_sitenote_active":false,"_exactmetrics_sitenote_note":"","_exactmetrics_sitenote_category":0,"ngg_post_thumbnail":0,"_jetpack_memberships_contains_paid_content":false,"footnotes":""},"categories":[51,2],"tags":[],"class_list":["post-6184","post","type-post","status-publish","format-standard","has-post-thumbnail","hentry","category-economie-social","category-commerce-fr"],"acf":[],"yoast_head":"<!-- This site is optimized with the Yoast SEO plugin v27.2 - https:\/\/yoast.com\/product\/yoast-seo-wordpress\/ -->\n<title>&quot;S\u00e9curit\u00e9 globale&quot;, l&#039;effrayante d\u00e9rive du pouvoir 1\/2 - ContribCity<\/title>\n<meta name=\"robots\" content=\"index, follow, max-snippet:-1, max-image-preview:large, max-video-preview:-1\" \/>\n<link rel=\"canonical\" href=\"https:\/\/contrib.city\/index.php\/2020\/11\/18\/securite-globale-leffrayante-derive-du-pouvoir\/\" \/>\n<meta property=\"og:locale\" content=\"fr_FR\" \/>\n<meta property=\"og:type\" content=\"article\" \/>\n<meta property=\"og:title\" content=\"&quot;S\u00e9curit\u00e9 globale&quot;, l&#039;effrayante d\u00e9rive du pouvoir 1\/2 - ContribCity\" \/>\n<meta property=\"og:description\" content=\"Darmanin est en passe de r\u00e9ussir le tour de force d&#8217;interdire de filmer la police. Cette derni\u00e8re a largement approuv\u00e9\" \/>\n<meta property=\"og:url\" content=\"https:\/\/contrib.city\/index.php\/2020\/11\/18\/securite-globale-leffrayante-derive-du-pouvoir\/\" \/>\n<meta property=\"og:site_name\" content=\"ContribCity\" \/>\n<meta property=\"article:published_time\" content=\"2020-11-18T15:27:29+00:00\" \/>\n<meta property=\"article:modified_time\" content=\"2020-11-27T09:32:22+00:00\" \/>\n<meta property=\"og:image\" content=\"https:\/\/contrib.city\/wp-content\/uploads\/2020\/11\/derive.jpg\" \/>\n\t<meta property=\"og:image:width\" content=\"720\" \/>\n\t<meta property=\"og:image:height\" content=\"480\" \/>\n\t<meta property=\"og:image:type\" content=\"image\/jpeg\" \/>\n<meta name=\"author\" content=\"Achel Rahitz\" \/>\n<meta name=\"twitter:card\" content=\"summary_large_image\" \/>\n<meta name=\"twitter:label1\" content=\"\u00c9crit par\" \/>\n\t<meta name=\"twitter:data1\" content=\"Achel Rahitz\" \/>\n\t<meta name=\"twitter:label2\" content=\"Dur\u00e9e de lecture estim\u00e9e\" \/>\n\t<meta name=\"twitter:data2\" content=\"6 minutes\" \/>\n<script type=\"application\/ld+json\" class=\"yoast-schema-graph\">{\"@context\":\"https:\/\/schema.org\",\"@graph\":[{\"@type\":\"Article\",\"@id\":\"https:\/\/contrib.city\/index.php\/2020\/11\/18\/securite-globale-leffrayante-derive-du-pouvoir\/#article\",\"isPartOf\":{\"@id\":\"https:\/\/contrib.city\/index.php\/2020\/11\/18\/securite-globale-leffrayante-derive-du-pouvoir\/\"},\"author\":{\"name\":\"Achel Rahitz\",\"@id\":\"https:\/\/contrib.city\/#\/schema\/person\/819d137b8047bd50090999eb47d99b98\"},\"headline\":\"&#8220;S\u00e9curit\u00e9 globale&#8221;, l&#8217;effrayante d\u00e9rive du pouvoir 1\/2\",\"datePublished\":\"2020-11-18T15:27:29+00:00\",\"dateModified\":\"2020-11-27T09:32:22+00:00\",\"mainEntityOfPage\":{\"@id\":\"https:\/\/contrib.city\/index.php\/2020\/11\/18\/securite-globale-leffrayante-derive-du-pouvoir\/\"},\"wordCount\":1162,\"commentCount\":2,\"publisher\":{\"@id\":\"https:\/\/contrib.city\/#organization\"},\"image\":{\"@id\":\"https:\/\/contrib.city\/index.php\/2020\/11\/18\/securite-globale-leffrayante-derive-du-pouvoir\/#primaryimage\"},\"thumbnailUrl\":\"https:\/\/contrib.city\/wp-content\/uploads\/2020\/11\/derive.jpg\",\"articleSection\":[\"Economie\/Social\",\"Vie quotidienne\"],\"inLanguage\":\"fr-FR\",\"potentialAction\":[{\"@type\":\"CommentAction\",\"name\":\"Comment\",\"target\":[\"https:\/\/contrib.city\/index.php\/2020\/11\/18\/securite-globale-leffrayante-derive-du-pouvoir\/#respond\"]}]},{\"@type\":\"WebPage\",\"@id\":\"https:\/\/contrib.city\/index.php\/2020\/11\/18\/securite-globale-leffrayante-derive-du-pouvoir\/\",\"url\":\"https:\/\/contrib.city\/index.php\/2020\/11\/18\/securite-globale-leffrayante-derive-du-pouvoir\/\",\"name\":\"\\\"S\u00e9curit\u00e9 globale\\\", l'effrayante d\u00e9rive du pouvoir 1\/2 - ContribCity\",\"isPartOf\":{\"@id\":\"https:\/\/contrib.city\/#website\"},\"primaryImageOfPage\":{\"@id\":\"https:\/\/contrib.city\/index.php\/2020\/11\/18\/securite-globale-leffrayante-derive-du-pouvoir\/#primaryimage\"},\"image\":{\"@id\":\"https:\/\/contrib.city\/index.php\/2020\/11\/18\/securite-globale-leffrayante-derive-du-pouvoir\/#primaryimage\"},\"thumbnailUrl\":\"https:\/\/contrib.city\/wp-content\/uploads\/2020\/11\/derive.jpg\",\"datePublished\":\"2020-11-18T15:27:29+00:00\",\"dateModified\":\"2020-11-27T09:32:22+00:00\",\"breadcrumb\":{\"@id\":\"https:\/\/contrib.city\/index.php\/2020\/11\/18\/securite-globale-leffrayante-derive-du-pouvoir\/#breadcrumb\"},\"inLanguage\":\"fr-FR\",\"potentialAction\":[{\"@type\":\"ReadAction\",\"target\":[\"https:\/\/contrib.city\/index.php\/2020\/11\/18\/securite-globale-leffrayante-derive-du-pouvoir\/\"]}]},{\"@type\":\"ImageObject\",\"inLanguage\":\"fr-FR\",\"@id\":\"https:\/\/contrib.city\/index.php\/2020\/11\/18\/securite-globale-leffrayante-derive-du-pouvoir\/#primaryimage\",\"url\":\"https:\/\/contrib.city\/wp-content\/uploads\/2020\/11\/derive.jpg\",\"contentUrl\":\"https:\/\/contrib.city\/wp-content\/uploads\/2020\/11\/derive.jpg\",\"width\":720,\"height\":480,\"caption\":\"Cr\u00e9dits : Lelly Gijabet\"},{\"@type\":\"BreadcrumbList\",\"@id\":\"https:\/\/contrib.city\/index.php\/2020\/11\/18\/securite-globale-leffrayante-derive-du-pouvoir\/#breadcrumb\",\"itemListElement\":[{\"@type\":\"ListItem\",\"position\":1,\"name\":\"Home\",\"item\":\"https:\/\/contrib.city\/\"},{\"@type\":\"ListItem\",\"position\":2,\"name\":\"&#8220;S\u00e9curit\u00e9 globale&#8221;, l&#8217;effrayante d\u00e9rive du pouvoir 1\/2\"}]},{\"@type\":\"WebSite\",\"@id\":\"https:\/\/contrib.city\/#website\",\"url\":\"https:\/\/contrib.city\/\",\"name\":\"ContribCity\",\"description\":\"Parlons de nos lieux de vie\",\"publisher\":{\"@id\":\"https:\/\/contrib.city\/#organization\"},\"potentialAction\":[{\"@type\":\"SearchAction\",\"target\":{\"@type\":\"EntryPoint\",\"urlTemplate\":\"https:\/\/contrib.city\/?s={search_term_string}\"},\"query-input\":{\"@type\":\"PropertyValueSpecification\",\"valueRequired\":true,\"valueName\":\"search_term_string\"}}],\"inLanguage\":\"fr-FR\"},{\"@type\":\"Organization\",\"@id\":\"https:\/\/contrib.city\/#organization\",\"name\":\"ContribCity\",\"url\":\"https:\/\/contrib.city\/\",\"logo\":{\"@type\":\"ImageObject\",\"inLanguage\":\"fr-FR\",\"@id\":\"https:\/\/contrib.city\/#\/schema\/logo\/image\/\",\"url\":\"https:\/\/contrib.city\/wp-content\/uploads\/2020\/01\/cropped-Parlons-de-nos-lieux-de-vie-2.jpg\",\"contentUrl\":\"https:\/\/contrib.city\/wp-content\/uploads\/2020\/01\/cropped-Parlons-de-nos-lieux-de-vie-2.jpg\",\"width\":1133,\"height\":218,\"caption\":\"ContribCity\"},\"image\":{\"@id\":\"https:\/\/contrib.city\/#\/schema\/logo\/image\/\"}},{\"@type\":\"Person\",\"@id\":\"https:\/\/contrib.city\/#\/schema\/person\/819d137b8047bd50090999eb47d99b98\",\"name\":\"Achel Rahitz\",\"image\":{\"@type\":\"ImageObject\",\"inLanguage\":\"fr-FR\",\"@id\":\"https:\/\/secure.gravatar.com\/avatar\/4c3f0c7696a9e9cb9048c3859da8ab40447950a412d65b1d53b55bd9fede2bc9?s=96&d=mm&r=g\",\"url\":\"https:\/\/secure.gravatar.com\/avatar\/4c3f0c7696a9e9cb9048c3859da8ab40447950a412d65b1d53b55bd9fede2bc9?s=96&d=mm&r=g\",\"contentUrl\":\"https:\/\/secure.gravatar.com\/avatar\/4c3f0c7696a9e9cb9048c3859da8ab40447950a412d65b1d53b55bd9fede2bc9?s=96&d=mm&r=g\",\"caption\":\"Achel Rahitz\"},\"url\":\"https:\/\/contrib.city\/index.php\/author\/achel\/\"}]}<\/script>\n<!-- \/ Yoast SEO plugin. -->","yoast_head_json":{"title":"\"S\u00e9curit\u00e9 globale\", l'effrayante d\u00e9rive du pouvoir 1\/2 - ContribCity","robots":{"index":"index","follow":"follow","max-snippet":"max-snippet:-1","max-image-preview":"max-image-preview:large","max-video-preview":"max-video-preview:-1"},"canonical":"https:\/\/contrib.city\/index.php\/2020\/11\/18\/securite-globale-leffrayante-derive-du-pouvoir\/","og_locale":"fr_FR","og_type":"article","og_title":"\"S\u00e9curit\u00e9 globale\", l'effrayante d\u00e9rive du pouvoir 1\/2 - ContribCity","og_description":"Darmanin est en passe de r\u00e9ussir le tour de force d&#8217;interdire de filmer la police. Cette derni\u00e8re a largement approuv\u00e9","og_url":"https:\/\/contrib.city\/index.php\/2020\/11\/18\/securite-globale-leffrayante-derive-du-pouvoir\/","og_site_name":"ContribCity","article_published_time":"2020-11-18T15:27:29+00:00","article_modified_time":"2020-11-27T09:32:22+00:00","og_image":[{"width":720,"height":480,"url":"https:\/\/contrib.city\/wp-content\/uploads\/2020\/11\/derive.jpg","type":"image\/jpeg"}],"author":"Achel Rahitz","twitter_card":"summary_large_image","twitter_misc":{"\u00c9crit par":"Achel Rahitz","Dur\u00e9e de lecture estim\u00e9e":"6 minutes"},"schema":{"@context":"https:\/\/schema.org","@graph":[{"@type":"Article","@id":"https:\/\/contrib.city\/index.php\/2020\/11\/18\/securite-globale-leffrayante-derive-du-pouvoir\/#article","isPartOf":{"@id":"https:\/\/contrib.city\/index.php\/2020\/11\/18\/securite-globale-leffrayante-derive-du-pouvoir\/"},"author":{"name":"Achel Rahitz","@id":"https:\/\/contrib.city\/#\/schema\/person\/819d137b8047bd50090999eb47d99b98"},"headline":"&#8220;S\u00e9curit\u00e9 globale&#8221;, l&#8217;effrayante d\u00e9rive du pouvoir 1\/2","datePublished":"2020-11-18T15:27:29+00:00","dateModified":"2020-11-27T09:32:22+00:00","mainEntityOfPage":{"@id":"https:\/\/contrib.city\/index.php\/2020\/11\/18\/securite-globale-leffrayante-derive-du-pouvoir\/"},"wordCount":1162,"commentCount":2,"publisher":{"@id":"https:\/\/contrib.city\/#organization"},"image":{"@id":"https:\/\/contrib.city\/index.php\/2020\/11\/18\/securite-globale-leffrayante-derive-du-pouvoir\/#primaryimage"},"thumbnailUrl":"https:\/\/contrib.city\/wp-content\/uploads\/2020\/11\/derive.jpg","articleSection":["Economie\/Social","Vie quotidienne"],"inLanguage":"fr-FR","potentialAction":[{"@type":"CommentAction","name":"Comment","target":["https:\/\/contrib.city\/index.php\/2020\/11\/18\/securite-globale-leffrayante-derive-du-pouvoir\/#respond"]}]},{"@type":"WebPage","@id":"https:\/\/contrib.city\/index.php\/2020\/11\/18\/securite-globale-leffrayante-derive-du-pouvoir\/","url":"https:\/\/contrib.city\/index.php\/2020\/11\/18\/securite-globale-leffrayante-derive-du-pouvoir\/","name":"\"S\u00e9curit\u00e9 globale\", l'effrayante d\u00e9rive du pouvoir 1\/2 - ContribCity","isPartOf":{"@id":"https:\/\/contrib.city\/#website"},"primaryImageOfPage":{"@id":"https:\/\/contrib.city\/index.php\/2020\/11\/18\/securite-globale-leffrayante-derive-du-pouvoir\/#primaryimage"},"image":{"@id":"https:\/\/contrib.city\/index.php\/2020\/11\/18\/securite-globale-leffrayante-derive-du-pouvoir\/#primaryimage"},"thumbnailUrl":"https:\/\/contrib.city\/wp-content\/uploads\/2020\/11\/derive.jpg","datePublished":"2020-11-18T15:27:29+00:00","dateModified":"2020-11-27T09:32:22+00:00","breadcrumb":{"@id":"https:\/\/contrib.city\/index.php\/2020\/11\/18\/securite-globale-leffrayante-derive-du-pouvoir\/#breadcrumb"},"inLanguage":"fr-FR","potentialAction":[{"@type":"ReadAction","target":["https:\/\/contrib.city\/index.php\/2020\/11\/18\/securite-globale-leffrayante-derive-du-pouvoir\/"]}]},{"@type":"ImageObject","inLanguage":"fr-FR","@id":"https:\/\/contrib.city\/index.php\/2020\/11\/18\/securite-globale-leffrayante-derive-du-pouvoir\/#primaryimage","url":"https:\/\/contrib.city\/wp-content\/uploads\/2020\/11\/derive.jpg","contentUrl":"https:\/\/contrib.city\/wp-content\/uploads\/2020\/11\/derive.jpg","width":720,"height":480,"caption":"Cr\u00e9dits : Lelly Gijabet"},{"@type":"BreadcrumbList","@id":"https:\/\/contrib.city\/index.php\/2020\/11\/18\/securite-globale-leffrayante-derive-du-pouvoir\/#breadcrumb","itemListElement":[{"@type":"ListItem","position":1,"name":"Home","item":"https:\/\/contrib.city\/"},{"@type":"ListItem","position":2,"name":"&#8220;S\u00e9curit\u00e9 globale&#8221;, l&#8217;effrayante d\u00e9rive du pouvoir 1\/2"}]},{"@type":"WebSite","@id":"https:\/\/contrib.city\/#website","url":"https:\/\/contrib.city\/","name":"ContribCity","description":"Parlons de nos lieux de vie","publisher":{"@id":"https:\/\/contrib.city\/#organization"},"potentialAction":[{"@type":"SearchAction","target":{"@type":"EntryPoint","urlTemplate":"https:\/\/contrib.city\/?s={search_term_string}"},"query-input":{"@type":"PropertyValueSpecification","valueRequired":true,"valueName":"search_term_string"}}],"inLanguage":"fr-FR"},{"@type":"Organization","@id":"https:\/\/contrib.city\/#organization","name":"ContribCity","url":"https:\/\/contrib.city\/","logo":{"@type":"ImageObject","inLanguage":"fr-FR","@id":"https:\/\/contrib.city\/#\/schema\/logo\/image\/","url":"https:\/\/contrib.city\/wp-content\/uploads\/2020\/01\/cropped-Parlons-de-nos-lieux-de-vie-2.jpg","contentUrl":"https:\/\/contrib.city\/wp-content\/uploads\/2020\/01\/cropped-Parlons-de-nos-lieux-de-vie-2.jpg","width":1133,"height":218,"caption":"ContribCity"},"image":{"@id":"https:\/\/contrib.city\/#\/schema\/logo\/image\/"}},{"@type":"Person","@id":"https:\/\/contrib.city\/#\/schema\/person\/819d137b8047bd50090999eb47d99b98","name":"Achel Rahitz","image":{"@type":"ImageObject","inLanguage":"fr-FR","@id":"https:\/\/secure.gravatar.com\/avatar\/4c3f0c7696a9e9cb9048c3859da8ab40447950a412d65b1d53b55bd9fede2bc9?s=96&d=mm&r=g","url":"https:\/\/secure.gravatar.com\/avatar\/4c3f0c7696a9e9cb9048c3859da8ab40447950a412d65b1d53b55bd9fede2bc9?s=96&d=mm&r=g","contentUrl":"https:\/\/secure.gravatar.com\/avatar\/4c3f0c7696a9e9cb9048c3859da8ab40447950a412d65b1d53b55bd9fede2bc9?s=96&d=mm&r=g","caption":"Achel Rahitz"},"url":"https:\/\/contrib.city\/index.php\/author\/achel\/"}]}},"jetpack_featured_media_url":"https:\/\/contrib.city\/wp-content\/uploads\/2020\/11\/derive.jpg","jetpack_sharing_enabled":true,"post_mailing_queue_ids":[],"_links":{"self":[{"href":"https:\/\/contrib.city\/index.php\/wp-json\/wp\/v2\/posts\/6184","targetHints":{"allow":["GET"]}}],"collection":[{"href":"https:\/\/contrib.city\/index.php\/wp-json\/wp\/v2\/posts"}],"about":[{"href":"https:\/\/contrib.city\/index.php\/wp-json\/wp\/v2\/types\/post"}],"author":[{"embeddable":true,"href":"https:\/\/contrib.city\/index.php\/wp-json\/wp\/v2\/users\/24"}],"replies":[{"embeddable":true,"href":"https:\/\/contrib.city\/index.php\/wp-json\/wp\/v2\/comments?post=6184"}],"version-history":[{"count":26,"href":"https:\/\/contrib.city\/index.php\/wp-json\/wp\/v2\/posts\/6184\/revisions"}],"predecessor-version":[{"id":6294,"href":"https:\/\/contrib.city\/index.php\/wp-json\/wp\/v2\/posts\/6184\/revisions\/6294"}],"wp:featuredmedia":[{"embeddable":true,"href":"https:\/\/contrib.city\/index.php\/wp-json\/wp\/v2\/media\/6186"}],"wp:attachment":[{"href":"https:\/\/contrib.city\/index.php\/wp-json\/wp\/v2\/media?parent=6184"}],"wp:term":[{"taxonomy":"category","embeddable":true,"href":"https:\/\/contrib.city\/index.php\/wp-json\/wp\/v2\/categories?post=6184"},{"taxonomy":"post_tag","embeddable":true,"href":"https:\/\/contrib.city\/index.php\/wp-json\/wp\/v2\/tags?post=6184"}],"curies":[{"name":"wp","href":"https:\/\/api.w.org\/{rel}","templated":true}]}}