{"id":6204,"date":"2020-11-20T12:49:50","date_gmt":"2020-11-20T11:49:50","guid":{"rendered":"https:\/\/contrib.city\/?p=6204"},"modified":"2020-11-27T11:31:21","modified_gmt":"2020-11-27T10:31:21","slug":"securite-globale-leffrayante-derive-du-pouvoir-2-2","status":"publish","type":"post","link":"https:\/\/contrib.city\/index.php\/2020\/11\/20\/securite-globale-leffrayante-derive-du-pouvoir-2-2\/","title":{"rendered":"\u00ab S\u00e9curit\u00e9 globale \u00bb, l\u2019effrayante d\u00e9rive du pouvoir (2\/2)"},"content":{"rendered":"<p style=\"text-align: justify;\">A la suite de l&#8217;article de Lucien Cavelier <a href=\"https:\/\/contrib.city\/index.php\/2020\/11\/18\/securite-globale-leffrayante-derive-du-pouvoir\/\" target=\"_blank\" rel=\"noopener noreferrer\">du 19 novembre<\/a>, trois points seront \u00e9tudi\u00e9s : la psychologie durant une crise, la justice pour le peuple, et enfin la dimension europ\u00e9enne. L&#8217;auteur, psychologue de profession, soul\u00e8ve \u00e0 juste titre la question d&#8217;une r\u00e9action possible lorsque survient une crise : <em>comme tous les hommes moralement fragiles qui se retrouvent sur des postes \u00e0 pouvoir, le glissement vers une d\u00e9rive autoritaire s\u2019observe<\/em>. Ce que l&#8217;on peut noter chez un individu peut \u00e9galement se r\u00e9aliser au niveau d&#8217;un pays : lors des deux conflits mondiaux du XXe si\u00e8cle, les d\u00e9mocraties se sont retrouv\u00e9es en danger, et, en interne, toute r\u00e9bellion ou d\u00e9sertion contre la boucherie des tranch\u00e9es, entre 1915 et 1917, fut impitoyablement punie d\u2019ex\u00e9cution par les armes. Aujourd&#8217;hui, les partis politiques centraux ont peur, entre diverses craintes, qu&#8217;une crise un peu plus prononc\u00e9e en France ram\u00e8ne des groupes d&#8217;opinion dits &#8220;extr\u00e9mistes&#8221;<span class=\"footnote_referrer\"><a role=\"button\" tabindex=\"0\" onclick=\"footnote_moveToReference_6204_1('footnote_plugin_reference_6204_1_1');\" onkeypress=\"footnote_moveToReference_6204_1('footnote_plugin_reference_6204_1_1');\" ><sup id=\"footnote_plugin_tooltip_6204_1_1\" class=\"footnote_plugin_tooltip_text\">[1]<\/sup><\/a><span id=\"footnote_plugin_tooltip_text_6204_1_1\" class=\"footnote_tooltip\">La d\u00e9finition de ce type de parti \u00e9tant un peu flou, je mets le qualificatif entre guillemets. Qu&#8217;ils soient &#8220;d\u2019extr\u00eame gauche&#8221; ou &#8220;d\u2019extr\u00eame droite&#8221;, une des caract\u00e9ristiques historiques de ces groupes est la r\u00e9duction, voire la suppression pure et simple, des libert\u00e9s individuelles<\/span><\/span><script type=\"text\/javascript\"> jQuery('#footnote_plugin_tooltip_6204_1_1').tooltip({ tip: '#footnote_plugin_tooltip_text_6204_1_1', tipClass: 'footnote_tooltip', effect: 'fade', predelay: 0, fadeInSpeed: 200, delay: 400, fadeOutSpeed: 200, position: 'top right', relative: true, offset: [10, 10], });<\/script>. &nbsp;<\/p>\n<p style=\"text-align: justify;\">Ensuite se pose la question de la justice pour tous. En effet, le projet de loi n&#8217;interdit pas de filmer les forces de l&#8217;ordre en action sur le terrain mais prohibe la diffusion de ces images. Si la publication est interdite, il reste deux possibilit\u00e9s pour d\u00e9noncer une \u00e9ventuelle bavure : le d\u00e9p\u00f4ts de plainte ou le recours \u00e0 un avocat. Probl\u00e8me : d\u00e9poser plainte aupr\u00e8s de la Police (<a href=\"https:\/\/www.lemonde.fr\/economie\/article\/2020\/10\/27\/la-france-est-de-plus-en-plus-urbaine_6057523_3234.html\" target=\"_blank\" rel=\"noopener noreferrer\">80% des Fran\u00e7ais sont (p\u00e9ri)urbains<\/a> donc l&#8217;ordre public est assur\u00e9 par la Police) pour d\u00e9noncer une action polici\u00e8re, avouez qu&#8217;il y a quelque chose de cocasse dans cette id\u00e9e! On serait dans le plus parfait exemple du m\u00e9lange des r\u00f4les de juge et partie. Quant \u00e0 l&#8217;avocat, tout le monde n&#8217;a pas les moyens de s&#8217;offrir ses services. Bref, en interdisant la publication de bavures, le gouvernement ne fera qu&#8217;inciter (involontairement) \u00e0 transf\u00e9rer ces images vers l&#8217;Internet &#8220;souterrain&#8221; &#8211; ce qui ne participera pas \u00e0 dorer le blason de la Police &#8211; et \u00e0 renforcer un sentiment d&#8217;injustice parce que les manifestants pauvres, notamment les jeunes, n&#8217;auront plus la possibilit\u00e9 de d\u00e9noncer un \u00e9ventuel abus de pouvoir. Or, la d\u00e9mocratie se situe entre l&#8217;Etat policier, comme en Europe de l&#8217;Est durant l&#8217;\u00e9poque du rideau de fer, et une tr\u00e8s forte absence d&#8217;une force publique, comme on peut le voir dans certains quartiers HLM en zone p\u00e9ri-urbaine. Dans le cas o\u00f9 la force publique n&#8217;est plus pr\u00e9sente, c&#8217;est le crime organis\u00e9 qui assure la rel\u00e8ve, mais pas forc\u00e9ment selon des r\u00e8gles respectueuses des droits de l&#8217;homme. La d\u00e9mocratie, en fait, c&#8217;est l&#8217;\u00e9quilibre : une soci\u00e9t\u00e9 o\u00f9 ma libert\u00e9 individuelle s&#8217;arr\u00eate l\u00e0 o\u00f9 commence celle de mon prochain. C&#8217;est une juste proportion entre la libert\u00e9 de cr\u00e9ation et le respect des r\u00e8gles permettant l&#8217;organisation de la vie quotidienne. Une vraie d\u00e9mocratie, c&#8217;est la possibilit\u00e9 de cr\u00e9er un bouquet de fleurs multicolores, multiformes et multi-parfum\u00e9es, et qui ne resplendit que gr\u00e2ce \u00e0 chacune des plantes qui compose cet ensemble floral.<\/p>\n<p style=\"text-align: justify;\">Prenons enfin la dimension europ\u00e9enne. Dans son \u00e9mission <a href=\"https:\/\/www.bbc.co.uk\/programmes\/p08yq32k\" target=\"_blank\" rel=\"noopener noreferrer\">Hard Talk<\/a>, la BBC questionne Judit Varga, Ministre de la Justice hongroise, afin de d\u00e9noncer des man\u0153uvres gouvernementales visant \u00e0 r\u00e9duire la libert\u00e9 de la Presse. Il est vrai que pour l&#8217;Union Europ\u00e9enne, suite \u00e0 l&#8217;effroyable bilan des deux conflits mondiaux, et celui de la Guerre Froide sous le r\u00e9gime communiste, la libert\u00e9 d&#8217;expression est une valeur cardinale. La proposition de loi de M. Darmanin se positionne donc en pleine opposition avec la dynamique europ\u00e9enne. L&#8217;interdiction de diffuser des images prises dans un lieu public, surtout lorsqu&#8217;elles d\u00e9noncent un abus de pouvoir, repr\u00e9sente une vraie r\u00e9gression de la libert\u00e9. Cela dit, n&#8217;oublions pas un autre aspect en mati\u00e8re de la libert\u00e9 de la Presse : cette derni\u00e8re est toujours \u00e0 conqu\u00e9rir! Que ce soit sous le coup d&#8217;un gouvernement cherchant une solution \u00e0 une crise; ou bien sous la pression d&#8217;une oligarchie capitalistique concentrant dans ses mains de plus en plus de journaux traditionnels, r\u00e9gionaux ou nationaux, \u00e0 l&#8217;image du journal <a href=\"https:\/\/www.humanite.fr\/\" target=\"_blank\" rel=\"noopener noreferrer\">L&#8217;Humanit\u00e9<\/a>. Le quotidien, cr\u00e9\u00e9 par Jaur\u00e8s en 1904, devenu par la suite l&#8217;organe du Parti Communiste fran\u00e7ais, vit, en 2001, l&#8217;entr\u00e9e des groupes <a href=\"https:\/\/lagardere.com\/groupe\/page-accueil-fr-234.html\" target=\"_blank\" rel=\"noopener noreferrer\">Lagard\u00e8re<\/a> et <a href=\"https:\/\/groupe-tf1.fr\/\" target=\"_blank\" rel=\"noopener noreferrer\">TF1<\/a> <a href=\"https:\/\/www.nouvelobs.com\/culture\/20010516.OBS4377\/tf1-et-lagardere-au-secours-de-l-huma.html\" target=\"_blank\" rel=\"noopener noreferrer\">dans son capital<\/a>.<\/p>\n<p style=\"text-align: justify;\">Heureusement, des sites journalistiques se cr\u00e9ent, tel contrib.city, libre de tout conflit d&#8217;int\u00e9r\u00eats et donc libre d&#8217;\u00e9crire. Libre d&#8217;informer tant au niveau local qu&#8217;international.<\/p>\n<p style=\"text-align: justify;\"><em>(Dessin de couverture : avec l&#8217;aimable autorisation de <span class=\"tojvnm2t a6sixzi8 abs2jz4q a8s20v7p t1p8iaqh k5wvi7nf q3lfd5jv pk4s997a bipmatt0 cebpdrjk qowsmv63 owwhemhu dp1hu0rb dhp61c6y iyyx5f41\">Laurence Biberfeld).<\/span><\/em><\/p>\n<p style=\"text-align: justify;\">Note de CC : jeudi 26 novembre 2020, six jours apr\u00e8s la publication de ce pr\u00e9sent article, le site <a href=\"https:\/\/www.loopsider.com\/fr\/video\/lagression-de-michel-lintegralite-des-images\" target=\"_blank\" rel=\"noopener noreferrer\">Loopsider<\/a> r\u00e9v\u00e9lait un passage \u00e0 tabac par trois policiers, \u00e0 Paris le 21&nbsp; novembre, d&#8217;un producteur de musique : Michel. &nbsp;<\/p>\n<p style=\"text-align: justify;\">[scu name=&#8221;map&#8221;]<\/p>\n<p style=\"text-align: justify;\">&nbsp;<\/p>\n<p>&nbsp;<\/p>\n<p>&nbsp;<\/p>\n<div class=\"speaker-mute footnotes_reference_container\"> <div class=\"footnote_container_prepare\"><p><span role=\"button\" tabindex=\"0\" class=\"footnote_reference_container_label pointer\" onclick=\"footnote_expand_collapse_reference_container_6204_1();\">R\u00e9f\u00e9rences<\/span><span role=\"button\" tabindex=\"0\" class=\"footnote_reference_container_collapse_button\" style=\"\" onclick=\"footnote_expand_collapse_reference_container_6204_1();\">[<a id=\"footnote_reference_container_collapse_button_6204_1\">+<\/a>]<\/span><\/p><\/div> <div id=\"footnote_references_container_6204_1\" style=\"display: none;\"><table class=\"footnotes_table footnote-reference-container\"><caption class=\"accessibility\">R\u00e9f\u00e9rences<\/caption> <tbody> \r\n\r\n<tr class=\"footnotes_plugin_reference_row\"> <th scope=\"row\" class=\"footnote_plugin_index_combi pointer\"  onclick=\"footnote_moveToAnchor_6204_1('footnote_plugin_tooltip_6204_1_1');\"><a id=\"footnote_plugin_reference_6204_1_1\" class=\"footnote_backlink\"><span class=\"footnote_index_arrow\">&#8593;<\/span>1<\/a><\/th> <td class=\"footnote_plugin_text\">La d\u00e9finition de ce type de parti \u00e9tant un peu flou, je mets le qualificatif entre guillemets. Qu&#8217;ils soient &#8220;d\u2019extr\u00eame gauche&#8221; ou &#8220;d\u2019extr\u00eame droite&#8221;, une des caract\u00e9ristiques historiques de ces groupes est la r\u00e9duction, voire la suppression pure et simple, des libert\u00e9s individuelles<\/td><\/tr>\r\n\r\n <\/tbody> <\/table> <\/div><\/div><script type=\"text\/javascript\"> function footnote_expand_reference_container_6204_1() { jQuery('#footnote_references_container_6204_1').show(); jQuery('#footnote_reference_container_collapse_button_6204_1').text('\u2212'); } function footnote_collapse_reference_container_6204_1() { jQuery('#footnote_references_container_6204_1').hide(); jQuery('#footnote_reference_container_collapse_button_6204_1').text('+'); } function footnote_expand_collapse_reference_container_6204_1() { if (jQuery('#footnote_references_container_6204_1').is(':hidden')) { footnote_expand_reference_container_6204_1(); } else { footnote_collapse_reference_container_6204_1(); } } function footnote_moveToReference_6204_1(p_str_TargetID) { footnote_expand_reference_container_6204_1(); var l_obj_Target = jQuery('#' + p_str_TargetID); if (l_obj_Target.length) { jQuery( 'html, body' ).delay( 0 ); jQuery('html, body').animate({ scrollTop: l_obj_Target.offset().top - window.innerHeight * 0.2 }, 380); } } function footnote_moveToAnchor_6204_1(p_str_TargetID) { footnote_expand_reference_container_6204_1(); var l_obj_Target = jQuery('#' + p_str_TargetID); if (l_obj_Target.length) { jQuery( 'html, body' ).delay( 0 ); jQuery('html, body').animate({ scrollTop: l_obj_Target.offset().top - window.innerHeight * 0.2 }, 380); } }<\/script>","protected":false},"excerpt":{"rendered":"<p>A la suite de l&#8217;article de Lucien Cavelier du 19 novembre, trois points seront \u00e9tudi\u00e9s : la psychologie durant une<\/p>\n","protected":false},"author":1,"featured_media":6214,"comment_status":"open","ping_status":"open","sticky":false,"template":"","format":"standard","meta":{"_acf_changed":false,"inline_featured_image":false,"_exactmetrics_skip_tracking":false,"_exactmetrics_sitenote_active":false,"_exactmetrics_sitenote_note":"","_exactmetrics_sitenote_category":0,"ngg_post_thumbnail":0,"_jetpack_memberships_contains_paid_content":false,"footnotes":""},"categories":[51,2],"tags":[],"class_list":["post-6204","post","type-post","status-publish","format-standard","has-post-thumbnail","hentry","category-economie-social","category-commerce-fr"],"acf":[],"yoast_head":"<!-- This site is optimized with the Yoast SEO plugin v27.2 - https:\/\/yoast.com\/product\/yoast-seo-wordpress\/ -->\n<title>\u00ab S\u00e9curit\u00e9 globale \u00bb, l\u2019effrayante d\u00e9rive du pouvoir (2\/2) - ContribCity<\/title>\n<meta name=\"robots\" content=\"index, follow, max-snippet:-1, max-image-preview:large, max-video-preview:-1\" \/>\n<link rel=\"canonical\" href=\"https:\/\/contrib.city\/index.php\/2020\/11\/20\/securite-globale-leffrayante-derive-du-pouvoir-2-2\/\" \/>\n<meta property=\"og:locale\" content=\"fr_FR\" \/>\n<meta property=\"og:type\" content=\"article\" \/>\n<meta property=\"og:title\" content=\"\u00ab S\u00e9curit\u00e9 globale \u00bb, l\u2019effrayante d\u00e9rive du pouvoir (2\/2) - ContribCity\" \/>\n<meta property=\"og:description\" content=\"A la suite de l&#8217;article de Lucien Cavelier du 19 novembre, trois points seront \u00e9tudi\u00e9s : la psychologie durant une\" \/>\n<meta property=\"og:url\" content=\"https:\/\/contrib.city\/index.php\/2020\/11\/20\/securite-globale-leffrayante-derive-du-pouvoir-2-2\/\" \/>\n<meta property=\"og:site_name\" content=\"ContribCity\" \/>\n<meta property=\"article:published_time\" content=\"2020-11-20T11:49:50+00:00\" \/>\n<meta property=\"article:modified_time\" content=\"2020-11-27T10:31:21+00:00\" \/>\n<meta property=\"og:image\" content=\"https:\/\/contrib.city\/wp-content\/uploads\/2020\/11\/Dessin-de-couverture-3-e1605885188796.jpg\" \/>\n\t<meta property=\"og:image:width\" content=\"1315\" \/>\n\t<meta property=\"og:image:height\" content=\"827\" \/>\n\t<meta property=\"og:image:type\" content=\"image\/jpeg\" \/>\n<meta name=\"author\" content=\"Bertrand de Foucauld\" \/>\n<meta name=\"twitter:card\" content=\"summary_large_image\" \/>\n<meta name=\"twitter:label1\" content=\"\u00c9crit par\" \/>\n\t<meta name=\"twitter:data1\" content=\"Bertrand de Foucauld\" \/>\n\t<meta name=\"twitter:label2\" content=\"Dur\u00e9e de lecture estim\u00e9e\" \/>\n\t<meta name=\"twitter:data2\" content=\"4 minutes\" \/>\n<script type=\"application\/ld+json\" class=\"yoast-schema-graph\">{\"@context\":\"https:\/\/schema.org\",\"@graph\":[{\"@type\":\"Article\",\"@id\":\"https:\/\/contrib.city\/index.php\/2020\/11\/20\/securite-globale-leffrayante-derive-du-pouvoir-2-2\/#article\",\"isPartOf\":{\"@id\":\"https:\/\/contrib.city\/index.php\/2020\/11\/20\/securite-globale-leffrayante-derive-du-pouvoir-2-2\/\"},\"author\":{\"name\":\"Bertrand de Foucauld\",\"@id\":\"https:\/\/contrib.city\/#\/schema\/person\/ec389c5a78a37ccaee4e8ce098099db5\"},\"headline\":\"\u00ab S\u00e9curit\u00e9 globale \u00bb, l\u2019effrayante d\u00e9rive du pouvoir (2\/2)\",\"datePublished\":\"2020-11-20T11:49:50+00:00\",\"dateModified\":\"2020-11-27T10:31:21+00:00\",\"mainEntityOfPage\":{\"@id\":\"https:\/\/contrib.city\/index.php\/2020\/11\/20\/securite-globale-leffrayante-derive-du-pouvoir-2-2\/\"},\"wordCount\":909,\"commentCount\":0,\"publisher\":{\"@id\":\"https:\/\/contrib.city\/#organization\"},\"image\":{\"@id\":\"https:\/\/contrib.city\/index.php\/2020\/11\/20\/securite-globale-leffrayante-derive-du-pouvoir-2-2\/#primaryimage\"},\"thumbnailUrl\":\"https:\/\/contrib.city\/wp-content\/uploads\/2020\/11\/Dessin-de-couverture-3-e1605885188796.jpg\",\"articleSection\":[\"Economie\/Social\",\"Vie quotidienne\"],\"inLanguage\":\"fr-FR\",\"potentialAction\":[{\"@type\":\"CommentAction\",\"name\":\"Comment\",\"target\":[\"https:\/\/contrib.city\/index.php\/2020\/11\/20\/securite-globale-leffrayante-derive-du-pouvoir-2-2\/#respond\"]}]},{\"@type\":\"WebPage\",\"@id\":\"https:\/\/contrib.city\/index.php\/2020\/11\/20\/securite-globale-leffrayante-derive-du-pouvoir-2-2\/\",\"url\":\"https:\/\/contrib.city\/index.php\/2020\/11\/20\/securite-globale-leffrayante-derive-du-pouvoir-2-2\/\",\"name\":\"\u00ab S\u00e9curit\u00e9 globale \u00bb, l\u2019effrayante d\u00e9rive du pouvoir (2\/2) - ContribCity\",\"isPartOf\":{\"@id\":\"https:\/\/contrib.city\/#website\"},\"primaryImageOfPage\":{\"@id\":\"https:\/\/contrib.city\/index.php\/2020\/11\/20\/securite-globale-leffrayante-derive-du-pouvoir-2-2\/#primaryimage\"},\"image\":{\"@id\":\"https:\/\/contrib.city\/index.php\/2020\/11\/20\/securite-globale-leffrayante-derive-du-pouvoir-2-2\/#primaryimage\"},\"thumbnailUrl\":\"https:\/\/contrib.city\/wp-content\/uploads\/2020\/11\/Dessin-de-couverture-3-e1605885188796.jpg\",\"datePublished\":\"2020-11-20T11:49:50+00:00\",\"dateModified\":\"2020-11-27T10:31:21+00:00\",\"breadcrumb\":{\"@id\":\"https:\/\/contrib.city\/index.php\/2020\/11\/20\/securite-globale-leffrayante-derive-du-pouvoir-2-2\/#breadcrumb\"},\"inLanguage\":\"fr-FR\",\"potentialAction\":[{\"@type\":\"ReadAction\",\"target\":[\"https:\/\/contrib.city\/index.php\/2020\/11\/20\/securite-globale-leffrayante-derive-du-pouvoir-2-2\/\"]}]},{\"@type\":\"ImageObject\",\"inLanguage\":\"fr-FR\",\"@id\":\"https:\/\/contrib.city\/index.php\/2020\/11\/20\/securite-globale-leffrayante-derive-du-pouvoir-2-2\/#primaryimage\",\"url\":\"https:\/\/contrib.city\/wp-content\/uploads\/2020\/11\/Dessin-de-couverture-3-e1605885188796.jpg\",\"contentUrl\":\"https:\/\/contrib.city\/wp-content\/uploads\/2020\/11\/Dessin-de-couverture-3-e1605885188796.jpg\",\"width\":1315,\"height\":827},{\"@type\":\"BreadcrumbList\",\"@id\":\"https:\/\/contrib.city\/index.php\/2020\/11\/20\/securite-globale-leffrayante-derive-du-pouvoir-2-2\/#breadcrumb\",\"itemListElement\":[{\"@type\":\"ListItem\",\"position\":1,\"name\":\"Home\",\"item\":\"https:\/\/contrib.city\/\"},{\"@type\":\"ListItem\",\"position\":2,\"name\":\"\u00ab S\u00e9curit\u00e9 globale \u00bb, l\u2019effrayante d\u00e9rive du pouvoir (2\/2)\"}]},{\"@type\":\"WebSite\",\"@id\":\"https:\/\/contrib.city\/#website\",\"url\":\"https:\/\/contrib.city\/\",\"name\":\"ContribCity\",\"description\":\"Parlons de nos lieux de vie\",\"publisher\":{\"@id\":\"https:\/\/contrib.city\/#organization\"},\"potentialAction\":[{\"@type\":\"SearchAction\",\"target\":{\"@type\":\"EntryPoint\",\"urlTemplate\":\"https:\/\/contrib.city\/?s={search_term_string}\"},\"query-input\":{\"@type\":\"PropertyValueSpecification\",\"valueRequired\":true,\"valueName\":\"search_term_string\"}}],\"inLanguage\":\"fr-FR\"},{\"@type\":\"Organization\",\"@id\":\"https:\/\/contrib.city\/#organization\",\"name\":\"ContribCity\",\"url\":\"https:\/\/contrib.city\/\",\"logo\":{\"@type\":\"ImageObject\",\"inLanguage\":\"fr-FR\",\"@id\":\"https:\/\/contrib.city\/#\/schema\/logo\/image\/\",\"url\":\"https:\/\/contrib.city\/wp-content\/uploads\/2020\/01\/cropped-Parlons-de-nos-lieux-de-vie-2.jpg\",\"contentUrl\":\"https:\/\/contrib.city\/wp-content\/uploads\/2020\/01\/cropped-Parlons-de-nos-lieux-de-vie-2.jpg\",\"width\":1133,\"height\":218,\"caption\":\"ContribCity\"},\"image\":{\"@id\":\"https:\/\/contrib.city\/#\/schema\/logo\/image\/\"}},{\"@type\":\"Person\",\"@id\":\"https:\/\/contrib.city\/#\/schema\/person\/ec389c5a78a37ccaee4e8ce098099db5\",\"name\":\"Bertrand de Foucauld\",\"image\":{\"@type\":\"ImageObject\",\"inLanguage\":\"fr-FR\",\"@id\":\"https:\/\/secure.gravatar.com\/avatar\/c49e25550e4609092f7a00fb677a980813788778df987b36cad9b0fc85a8bf73?s=96&d=mm&r=g\",\"url\":\"https:\/\/secure.gravatar.com\/avatar\/c49e25550e4609092f7a00fb677a980813788778df987b36cad9b0fc85a8bf73?s=96&d=mm&r=g\",\"contentUrl\":\"https:\/\/secure.gravatar.com\/avatar\/c49e25550e4609092f7a00fb677a980813788778df987b36cad9b0fc85a8bf73?s=96&d=mm&r=g\",\"caption\":\"Bertrand de Foucauld\"},\"url\":\"https:\/\/contrib.city\/index.php\/author\/bertrand\/\"}]}<\/script>\n<!-- \/ Yoast SEO plugin. -->","yoast_head_json":{"title":"\u00ab S\u00e9curit\u00e9 globale \u00bb, l\u2019effrayante d\u00e9rive du pouvoir (2\/2) - ContribCity","robots":{"index":"index","follow":"follow","max-snippet":"max-snippet:-1","max-image-preview":"max-image-preview:large","max-video-preview":"max-video-preview:-1"},"canonical":"https:\/\/contrib.city\/index.php\/2020\/11\/20\/securite-globale-leffrayante-derive-du-pouvoir-2-2\/","og_locale":"fr_FR","og_type":"article","og_title":"\u00ab S\u00e9curit\u00e9 globale \u00bb, l\u2019effrayante d\u00e9rive du pouvoir (2\/2) - ContribCity","og_description":"A la suite de l&#8217;article de Lucien Cavelier du 19 novembre, trois points seront \u00e9tudi\u00e9s : la psychologie durant une","og_url":"https:\/\/contrib.city\/index.php\/2020\/11\/20\/securite-globale-leffrayante-derive-du-pouvoir-2-2\/","og_site_name":"ContribCity","article_published_time":"2020-11-20T11:49:50+00:00","article_modified_time":"2020-11-27T10:31:21+00:00","og_image":[{"width":1315,"height":827,"url":"https:\/\/contrib.city\/wp-content\/uploads\/2020\/11\/Dessin-de-couverture-3-e1605885188796.jpg","type":"image\/jpeg"}],"author":"Bertrand de Foucauld","twitter_card":"summary_large_image","twitter_misc":{"\u00c9crit par":"Bertrand de Foucauld","Dur\u00e9e de lecture estim\u00e9e":"4 minutes"},"schema":{"@context":"https:\/\/schema.org","@graph":[{"@type":"Article","@id":"https:\/\/contrib.city\/index.php\/2020\/11\/20\/securite-globale-leffrayante-derive-du-pouvoir-2-2\/#article","isPartOf":{"@id":"https:\/\/contrib.city\/index.php\/2020\/11\/20\/securite-globale-leffrayante-derive-du-pouvoir-2-2\/"},"author":{"name":"Bertrand de Foucauld","@id":"https:\/\/contrib.city\/#\/schema\/person\/ec389c5a78a37ccaee4e8ce098099db5"},"headline":"\u00ab S\u00e9curit\u00e9 globale \u00bb, l\u2019effrayante d\u00e9rive du pouvoir (2\/2)","datePublished":"2020-11-20T11:49:50+00:00","dateModified":"2020-11-27T10:31:21+00:00","mainEntityOfPage":{"@id":"https:\/\/contrib.city\/index.php\/2020\/11\/20\/securite-globale-leffrayante-derive-du-pouvoir-2-2\/"},"wordCount":909,"commentCount":0,"publisher":{"@id":"https:\/\/contrib.city\/#organization"},"image":{"@id":"https:\/\/contrib.city\/index.php\/2020\/11\/20\/securite-globale-leffrayante-derive-du-pouvoir-2-2\/#primaryimage"},"thumbnailUrl":"https:\/\/contrib.city\/wp-content\/uploads\/2020\/11\/Dessin-de-couverture-3-e1605885188796.jpg","articleSection":["Economie\/Social","Vie quotidienne"],"inLanguage":"fr-FR","potentialAction":[{"@type":"CommentAction","name":"Comment","target":["https:\/\/contrib.city\/index.php\/2020\/11\/20\/securite-globale-leffrayante-derive-du-pouvoir-2-2\/#respond"]}]},{"@type":"WebPage","@id":"https:\/\/contrib.city\/index.php\/2020\/11\/20\/securite-globale-leffrayante-derive-du-pouvoir-2-2\/","url":"https:\/\/contrib.city\/index.php\/2020\/11\/20\/securite-globale-leffrayante-derive-du-pouvoir-2-2\/","name":"\u00ab S\u00e9curit\u00e9 globale \u00bb, l\u2019effrayante d\u00e9rive du pouvoir (2\/2) - ContribCity","isPartOf":{"@id":"https:\/\/contrib.city\/#website"},"primaryImageOfPage":{"@id":"https:\/\/contrib.city\/index.php\/2020\/11\/20\/securite-globale-leffrayante-derive-du-pouvoir-2-2\/#primaryimage"},"image":{"@id":"https:\/\/contrib.city\/index.php\/2020\/11\/20\/securite-globale-leffrayante-derive-du-pouvoir-2-2\/#primaryimage"},"thumbnailUrl":"https:\/\/contrib.city\/wp-content\/uploads\/2020\/11\/Dessin-de-couverture-3-e1605885188796.jpg","datePublished":"2020-11-20T11:49:50+00:00","dateModified":"2020-11-27T10:31:21+00:00","breadcrumb":{"@id":"https:\/\/contrib.city\/index.php\/2020\/11\/20\/securite-globale-leffrayante-derive-du-pouvoir-2-2\/#breadcrumb"},"inLanguage":"fr-FR","potentialAction":[{"@type":"ReadAction","target":["https:\/\/contrib.city\/index.php\/2020\/11\/20\/securite-globale-leffrayante-derive-du-pouvoir-2-2\/"]}]},{"@type":"ImageObject","inLanguage":"fr-FR","@id":"https:\/\/contrib.city\/index.php\/2020\/11\/20\/securite-globale-leffrayante-derive-du-pouvoir-2-2\/#primaryimage","url":"https:\/\/contrib.city\/wp-content\/uploads\/2020\/11\/Dessin-de-couverture-3-e1605885188796.jpg","contentUrl":"https:\/\/contrib.city\/wp-content\/uploads\/2020\/11\/Dessin-de-couverture-3-e1605885188796.jpg","width":1315,"height":827},{"@type":"BreadcrumbList","@id":"https:\/\/contrib.city\/index.php\/2020\/11\/20\/securite-globale-leffrayante-derive-du-pouvoir-2-2\/#breadcrumb","itemListElement":[{"@type":"ListItem","position":1,"name":"Home","item":"https:\/\/contrib.city\/"},{"@type":"ListItem","position":2,"name":"\u00ab S\u00e9curit\u00e9 globale \u00bb, l\u2019effrayante d\u00e9rive du pouvoir (2\/2)"}]},{"@type":"WebSite","@id":"https:\/\/contrib.city\/#website","url":"https:\/\/contrib.city\/","name":"ContribCity","description":"Parlons de nos lieux de vie","publisher":{"@id":"https:\/\/contrib.city\/#organization"},"potentialAction":[{"@type":"SearchAction","target":{"@type":"EntryPoint","urlTemplate":"https:\/\/contrib.city\/?s={search_term_string}"},"query-input":{"@type":"PropertyValueSpecification","valueRequired":true,"valueName":"search_term_string"}}],"inLanguage":"fr-FR"},{"@type":"Organization","@id":"https:\/\/contrib.city\/#organization","name":"ContribCity","url":"https:\/\/contrib.city\/","logo":{"@type":"ImageObject","inLanguage":"fr-FR","@id":"https:\/\/contrib.city\/#\/schema\/logo\/image\/","url":"https:\/\/contrib.city\/wp-content\/uploads\/2020\/01\/cropped-Parlons-de-nos-lieux-de-vie-2.jpg","contentUrl":"https:\/\/contrib.city\/wp-content\/uploads\/2020\/01\/cropped-Parlons-de-nos-lieux-de-vie-2.jpg","width":1133,"height":218,"caption":"ContribCity"},"image":{"@id":"https:\/\/contrib.city\/#\/schema\/logo\/image\/"}},{"@type":"Person","@id":"https:\/\/contrib.city\/#\/schema\/person\/ec389c5a78a37ccaee4e8ce098099db5","name":"Bertrand de Foucauld","image":{"@type":"ImageObject","inLanguage":"fr-FR","@id":"https:\/\/secure.gravatar.com\/avatar\/c49e25550e4609092f7a00fb677a980813788778df987b36cad9b0fc85a8bf73?s=96&d=mm&r=g","url":"https:\/\/secure.gravatar.com\/avatar\/c49e25550e4609092f7a00fb677a980813788778df987b36cad9b0fc85a8bf73?s=96&d=mm&r=g","contentUrl":"https:\/\/secure.gravatar.com\/avatar\/c49e25550e4609092f7a00fb677a980813788778df987b36cad9b0fc85a8bf73?s=96&d=mm&r=g","caption":"Bertrand de Foucauld"},"url":"https:\/\/contrib.city\/index.php\/author\/bertrand\/"}]}},"jetpack_featured_media_url":"https:\/\/contrib.city\/wp-content\/uploads\/2020\/11\/Dessin-de-couverture-3-e1605885188796.jpg","jetpack_sharing_enabled":true,"post_mailing_queue_ids":[],"_links":{"self":[{"href":"https:\/\/contrib.city\/index.php\/wp-json\/wp\/v2\/posts\/6204","targetHints":{"allow":["GET"]}}],"collection":[{"href":"https:\/\/contrib.city\/index.php\/wp-json\/wp\/v2\/posts"}],"about":[{"href":"https:\/\/contrib.city\/index.php\/wp-json\/wp\/v2\/types\/post"}],"author":[{"embeddable":true,"href":"https:\/\/contrib.city\/index.php\/wp-json\/wp\/v2\/users\/1"}],"replies":[{"embeddable":true,"href":"https:\/\/contrib.city\/index.php\/wp-json\/wp\/v2\/comments?post=6204"}],"version-history":[{"count":12,"href":"https:\/\/contrib.city\/index.php\/wp-json\/wp\/v2\/posts\/6204\/revisions"}],"predecessor-version":[{"id":6301,"href":"https:\/\/contrib.city\/index.php\/wp-json\/wp\/v2\/posts\/6204\/revisions\/6301"}],"wp:featuredmedia":[{"embeddable":true,"href":"https:\/\/contrib.city\/index.php\/wp-json\/wp\/v2\/media\/6214"}],"wp:attachment":[{"href":"https:\/\/contrib.city\/index.php\/wp-json\/wp\/v2\/media?parent=6204"}],"wp:term":[{"taxonomy":"category","embeddable":true,"href":"https:\/\/contrib.city\/index.php\/wp-json\/wp\/v2\/categories?post=6204"},{"taxonomy":"post_tag","embeddable":true,"href":"https:\/\/contrib.city\/index.php\/wp-json\/wp\/v2\/tags?post=6204"}],"curies":[{"name":"wp","href":"https:\/\/api.w.org\/{rel}","templated":true}]}}