{"id":6243,"date":"2020-11-23T15:43:28","date_gmt":"2020-11-23T14:43:28","guid":{"rendered":"https:\/\/contrib.city\/?p=6243"},"modified":"2020-11-23T16:48:16","modified_gmt":"2020-11-23T15:48:16","slug":"transparency-of-public-life-jouys-opposition-quotes-contrib-city","status":"publish","type":"post","link":"https:\/\/contrib.city\/index.php\/en\/2020\/11\/23\/transparency-of-public-life-jouys-opposition-quotes-contrib-city\/","title":{"rendered":"Transparency of public life: Jouy&#8217;s opposition quotes contrib.city!"},"content":{"rendered":"<p style=\"text-align: justify;\">In the booklet &#8220;Le mot du Maire&#8221; (&#8220;Mayor&#8217;s Word&#8221;) posted on the 20th November 2020, the opposition returns to one of the deliberations <span class=\"footnote_referrer\"><a role=\"button\" tabindex=\"0\" onclick=\"footnote_moveToReference_6243_1('footnote_plugin_reference_6243_1_1');\" onkeypress=\"footnote_moveToReference_6243_1('footnote_plugin_reference_6243_1_1');\" ><sup id=\"footnote_plugin_tooltip_6243_1_1\" class=\"footnote_plugin_tooltip_text\">[1]<\/sup><\/a><span id=\"footnote_plugin_tooltip_text_6243_1_1\" class=\"footnote_tooltip\">Deliberation n \u00b0 8<\/span><\/span><script type=\"text\/javascript\"> jQuery('#footnote_plugin_tooltip_6243_1_1').tooltip({ tip: '#footnote_plugin_tooltip_text_6243_1_1', tipClass: 'footnote_tooltip', effect: 'fade', predelay: 0, fadeInSpeed: 200, delay: 400, fadeOutSpeed: 200, position: 'top right', relative: true, offset: [10, 10], });<\/script> relating to the mayor&#8217;s request to finance her private defense with public money. As a reminder, contrib.city, in Achel Rahitz&#8217;s article dated <a href=\"https:\/\/contrib.city\/index.php\/2020\/08\/27\/m-h-aubert-declarait-seulement-484-e-de-remunerations-en-2015-a-la-hatvp\/\" target=\"_blank\" rel=\"noopener noreferrer\">August 27th<\/a>, raised the fact that Marie-H\u00e9l\u00e8ne Aubert had declared to the <a href=\"https:\/\/www.hatvp.fr\/en\/\" target=\"_blank\" rel=\"noopener noreferrer\">High Authority for Transparency in Public Life<\/a> <span class=\"footnote_referrer\"><a role=\"button\" tabindex=\"0\" onclick=\"footnote_moveToReference_6243_1('footnote_plugin_reference_6243_1_2');\" onkeypress=\"footnote_moveToReference_6243_1('footnote_plugin_reference_6243_1_2');\" ><sup id=\"footnote_plugin_tooltip_6243_1_2\" class=\"footnote_plugin_tooltip_text\">[2]<\/sup><\/a><span id=\"footnote_plugin_tooltip_text_6243_1_2\" class=\"footnote_tooltip\">Haute authorit\u00e9 pour la transparence de la vie publique<\/span><\/span><script type=\"text\/javascript\"> jQuery('#footnote_plugin_tooltip_6243_1_2').tooltip({ tip: '#footnote_plugin_tooltip_text_6243_1_2', tipClass: 'footnote_tooltip', effect: 'fade', predelay: 0, fadeInSpeed: 200, delay: 400, fadeOutSpeed: 200, position: 'top right', relative: true, offset: [10, 10], });<\/script> only \u20ac 484 of monthly income, and that did not please this politician.<\/p>\n<figure id=\"attachment_6244\" aria-describedby=\"caption-attachment-6244\" style=\"width: 857px\" class=\"wp-caption aligncenter\"><img loading=\"lazy\" decoding=\"async\" class=\"wp-image-6244 size-full\" src=\"https:\/\/contrib.city\/wp-content\/uploads\/2020\/11\/Le-Mot-du-Maire-Opposition-2020-11-20-detail-1.jpg\" alt=\"\" width=\"857\" height=\"543\" srcset=\"https:\/\/contrib.city\/wp-content\/uploads\/2020\/11\/Le-Mot-du-Maire-Opposition-2020-11-20-detail-1.jpg 857w, https:\/\/contrib.city\/wp-content\/uploads\/2020\/11\/Le-Mot-du-Maire-Opposition-2020-11-20-detail-1-300x190.jpg 300w, https:\/\/contrib.city\/wp-content\/uploads\/2020\/11\/Le-Mot-du-Maire-Opposition-2020-11-20-detail-1-768x487.jpg 768w\" sizes=\"auto, (max-width: 857px) 100vw, 857px\" \/><figcaption id=\"caption-attachment-6244\" class=\"wp-caption-text\">(Translation) The opposition&#8217;s word &#8211; In this dramatic period of health crisis, the majority voted on October 12th, 2020, a deliberation authorizing the Mayor to use the municipality&#8217;s budget to finance legal fees with a view to suing, in a personal capacity, a News website. The latter published on August 27th an article questioning the declaration of the Mayor to the High Authority for Transparency and Public Life. The declared monthly remuneration of 484 \u20ac seems, according to contrib.city, little, in view of the local Politician&#8217;s various functions (Mayor, Vice-president of the department (county), Vice-president of Versailles agglomeration). The group of elected officials of &#8220;Un Avenir Pour Jouy&#8221; strongly and clearly opposed in the municipal council this resolution which we consider illegal and unfounded, representing in our eyes an abuse of power and public money, the commited amounts not being capped.<\/figcaption><\/figure>\n<p>At the time of publication of this article<span class=\"footnote_referrer\"><a role=\"button\" tabindex=\"0\" onclick=\"footnote_moveToReference_6243_1('footnote_plugin_reference_6243_1_3');\" onkeypress=\"footnote_moveToReference_6243_1('footnote_plugin_reference_6243_1_3');\" ><sup id=\"footnote_plugin_tooltip_6243_1_3\" class=\"footnote_plugin_tooltip_text\">[3]<\/sup><\/a><span id=\"footnote_plugin_tooltip_text_6243_1_3\" class=\"footnote_tooltip\">French edition dated 20th November 2020<\/span><\/span><script type=\"text\/javascript\"> jQuery('#footnote_plugin_tooltip_6243_1_3').tooltip({ tip: '#footnote_plugin_tooltip_text_6243_1_3', tipClass: 'footnote_tooltip', effect: 'fade', predelay: 0, fadeInSpeed: 200, delay: 400, fadeOutSpeed: 200, position: 'top right', relative: true, offset: [10, 10], });<\/script>, the High Authority website still indicates that the income of Jouy-en-Josas Mayor is still less than \u20ac 500 per month, despite her various public functions and private interests.<\/p>\n<figure id=\"attachment_6245\" aria-describedby=\"caption-attachment-6245\" style=\"width: 1930px\" class=\"wp-caption aligncenter\"><img loading=\"lazy\" decoding=\"async\" class=\"wp-image-6245 size-full\" src=\"https:\/\/contrib.city\/wp-content\/uploads\/2020\/11\/Declarations-MHA-HATVP-2020-11-20-p1-1.jpg\" alt=\"\" width=\"1930\" height=\"1038\" srcset=\"https:\/\/contrib.city\/wp-content\/uploads\/2020\/11\/Declarations-MHA-HATVP-2020-11-20-p1-1.jpg 1930w, https:\/\/contrib.city\/wp-content\/uploads\/2020\/11\/Declarations-MHA-HATVP-2020-11-20-p1-1-300x161.jpg 300w, https:\/\/contrib.city\/wp-content\/uploads\/2020\/11\/Declarations-MHA-HATVP-2020-11-20-p1-1-1024x551.jpg 1024w, https:\/\/contrib.city\/wp-content\/uploads\/2020\/11\/Declarations-MHA-HATVP-2020-11-20-p1-1-768x413.jpg 768w, https:\/\/contrib.city\/wp-content\/uploads\/2020\/11\/Declarations-MHA-HATVP-2020-11-20-p1-1-1536x826.jpg 1536w\" sizes=\"auto, (max-width: 1930px) 100vw, 1930px\" \/><figcaption id=\"caption-attachment-6245\" class=\"wp-caption-text\">Statement by Mrs Marie-H\u00e9l\u00e8ne Aubert to the <a href=\"https:\/\/www.hatvp.fr\/en\/\" target=\"_blank\" rel=\"noopener noreferrer\">High Authority for Transparency in Public Life<\/a>. Screenshot dated November 20th, 2020 (this page appears only in the French version).<\/figcaption><\/figure>\n<figure id=\"attachment_6246\" aria-describedby=\"caption-attachment-6246\" style=\"width: 1907px\" class=\"wp-caption aligncenter\"><img loading=\"lazy\" decoding=\"async\" class=\"wp-image-6246 size-full\" src=\"https:\/\/contrib.city\/wp-content\/uploads\/2020\/11\/Declarations-MHA-HATVP-2020-11-20-p2-1.jpg\" alt=\"\" width=\"1907\" height=\"1035\" srcset=\"https:\/\/contrib.city\/wp-content\/uploads\/2020\/11\/Declarations-MHA-HATVP-2020-11-20-p2-1.jpg 1907w, https:\/\/contrib.city\/wp-content\/uploads\/2020\/11\/Declarations-MHA-HATVP-2020-11-20-p2-1-300x163.jpg 300w, https:\/\/contrib.city\/wp-content\/uploads\/2020\/11\/Declarations-MHA-HATVP-2020-11-20-p2-1-1024x556.jpg 1024w, https:\/\/contrib.city\/wp-content\/uploads\/2020\/11\/Declarations-MHA-HATVP-2020-11-20-p2-1-768x417.jpg 768w, https:\/\/contrib.city\/wp-content\/uploads\/2020\/11\/Declarations-MHA-HATVP-2020-11-20-p2-1-1536x834.jpg 1536w\" sizes=\"auto, (max-width: 1907px) 100vw, 1907px\" \/><figcaption id=\"caption-attachment-6246\" class=\"wp-caption-text\">Statement by Mrs Marie-H\u00e9l\u00e8ne Aubert to the HATVP. Private interests declared by the politician: 120,000 \u20ac. Screenshot dated November 20, 2020.<\/figcaption><\/figure>\n<figure id=\"attachment_6247\" aria-describedby=\"caption-attachment-6247\" style=\"width: 965px\" class=\"wp-caption aligncenter\"><img loading=\"lazy\" decoding=\"async\" class=\"wp-image-6247 size-full\" src=\"https:\/\/contrib.city\/wp-content\/uploads\/2020\/11\/Declarations-MHA-HATVP-2020-11-20-p3-1.jpg\" alt=\"\" width=\"965\" height=\"518\" srcset=\"https:\/\/contrib.city\/wp-content\/uploads\/2020\/11\/Declarations-MHA-HATVP-2020-11-20-p3-1.jpg 965w, https:\/\/contrib.city\/wp-content\/uploads\/2020\/11\/Declarations-MHA-HATVP-2020-11-20-p3-1-300x161.jpg 300w, https:\/\/contrib.city\/wp-content\/uploads\/2020\/11\/Declarations-MHA-HATVP-2020-11-20-p3-1-768x412.jpg 768w\" sizes=\"auto, (max-width: 965px) 100vw, 965px\" \/><figcaption id=\"caption-attachment-6247\" class=\"wp-caption-text\">Statement by Ms. Marie-H\u00e9l\u00e8ne Aubert to the HATVP. A post of Deputy Mayor is indicated, with a monthly net income of \u20ac 484. However, Mr H. Aubert also holds the post of first vice-president of the Versailles-Grand-Parc agglomeration community as well as that of first vice-president of the D\u00e9partment des Yvelines Council. According to the scales in force, the accumulation of these positions brings in more than \u20ac 8,400 gross monthly. Screen shot dated November 20, 2020.<\/figcaption><\/figure>\n<p style=\"text-align: justify;\">Despite contrib.city&#8217;s alerts, such as the open letter to <a href=\"https:\/\/contrib.city\/index.php\/2020\/09\/07\/lettre-ouverte-a-jn-barrot-depute-des-yvelines-modem\/?highlight=Barrot\" target=\"_blank\" rel=\"noopener noreferrer\">Jean-No\u00ebl Barrot<\/a> dated September 7th, the political leaders of the agglomeration of Versailles or of the Yvelines <em>D\u00e9partement<\/em> (County), expressed themselves only by a deafening silence.<\/p>\n<p style=\"text-align: justify;\">However, the transparency of public life is a national, even international problem, as the journalist Ed Butler points out in his <a href=\"https:\/\/www.bbc.co.uk\/programmes\/w3csz8nk\" target=\"_blank\" rel=\"noopener noreferrer\">Business Daily<\/a> program of November 11th about Ukraine (BBC). In France, let us recall that our taxes finance a budget of <a href=\"https:\/\/www.hatvp.fr\/la-haute-autorite\/linstitution\/independance\/#organisation\" target=\"_blank\" rel=\"noopener noreferrer\">\u20ac 7.2 million per year<\/a>, and the equivalent of 57 full-time jobs, in favor of the <a href=\"https:\/\/www.hatvp.fr\/en\/\" target=\"_blank\" rel=\"noopener noreferrer\">High Authority for Transparency in Public Life<\/a>, since the <a href=\"https:\/\/www.mediapart.fr\/en\/journal\/france\/020413\/cahuzac-affair-z-mediaparts-exclusive-investigations-and-analysis\" target=\"_blank\" rel=\"noopener noreferrer\">Cahuzac affair<\/a>.<\/p>\n<p style=\"text-align: justify;\">Years go by, articles pile up and public money flows, including in the form of debt that our children and grandchildren will have to pay. But <a href=\"https:\/\/www.theglobalist.com\/frances-cahuzac-affair-not-just-a-national-farce\/\" target=\"_blank\" rel=\"noopener noreferrer\">French public life<\/a> does not lighten up, at least at the local level: the High Authority has still not published the declarations of interests of the Versailles mayor Fran\u00e7ois de Mazi\u00e8res. At the national level, one observes a little more vigilance: the Justice Minister Eric Dupond-Moretti, according to the daily <a href=\"https:\/\/www.msn.com\/fr-fr\/actualite\/france\/transparence-eric-dupond-moretti-sous-la-loupe-de-la-hatvp\/ar-BB19REKG\" target=\"_blank\" rel=\"noopener noreferrer\"><em>Lib\u00e9ration<\/em><\/a>, is currently under the magnifying glass of the HATVP. Still, a feeling persists: many local elected officials continue to pass under the radar of the High Authority. However, French local public administrations spend a colossal budget each year: for the year 2020, the latter amounts to 271 billion euros. It deserves, it seems to me, at least a quick glance from the Prime Minister who oversees the HATVP.<\/p>\n<p>[scu name=&#8221;map&#8221;]<\/p>\n<div class=\"speaker-mute footnotes_reference_container\"> <div class=\"footnote_container_prepare\"><p><span role=\"button\" tabindex=\"0\" class=\"footnote_reference_container_label pointer\" onclick=\"footnote_expand_collapse_reference_container_6243_1();\">R\u00e9f\u00e9rences<\/span><span role=\"button\" tabindex=\"0\" class=\"footnote_reference_container_collapse_button\" style=\"\" onclick=\"footnote_expand_collapse_reference_container_6243_1();\">[<a id=\"footnote_reference_container_collapse_button_6243_1\">+<\/a>]<\/span><\/p><\/div> <div id=\"footnote_references_container_6243_1\" style=\"display: none;\"><table class=\"footnotes_table footnote-reference-container\"><caption class=\"accessibility\">R\u00e9f\u00e9rences<\/caption> <tbody> \r\n\r\n<tr class=\"footnotes_plugin_reference_row\"> <th scope=\"row\" class=\"footnote_plugin_index_combi pointer\"  onclick=\"footnote_moveToAnchor_6243_1('footnote_plugin_tooltip_6243_1_1');\"><a id=\"footnote_plugin_reference_6243_1_1\" class=\"footnote_backlink\"><span class=\"footnote_index_arrow\">&#8593;<\/span>1<\/a><\/th> <td class=\"footnote_plugin_text\">Deliberation n \u00b0 8<\/td><\/tr>\r\n\r\n<tr class=\"footnotes_plugin_reference_row\"> <th scope=\"row\" class=\"footnote_plugin_index_combi pointer\"  onclick=\"footnote_moveToAnchor_6243_1('footnote_plugin_tooltip_6243_1_2');\"><a id=\"footnote_plugin_reference_6243_1_2\" class=\"footnote_backlink\"><span class=\"footnote_index_arrow\">&#8593;<\/span>2<\/a><\/th> <td class=\"footnote_plugin_text\">Haute authorit\u00e9 pour la transparence de la vie publique<\/td><\/tr>\r\n\r\n<tr class=\"footnotes_plugin_reference_row\"> <th scope=\"row\" class=\"footnote_plugin_index_combi pointer\"  onclick=\"footnote_moveToAnchor_6243_1('footnote_plugin_tooltip_6243_1_3');\"><a id=\"footnote_plugin_reference_6243_1_3\" class=\"footnote_backlink\"><span class=\"footnote_index_arrow\">&#8593;<\/span>3<\/a><\/th> <td class=\"footnote_plugin_text\">French edition dated 20th November 2020<\/td><\/tr>\r\n\r\n <\/tbody> <\/table> <\/div><\/div><script type=\"text\/javascript\"> function footnote_expand_reference_container_6243_1() { jQuery('#footnote_references_container_6243_1').show(); jQuery('#footnote_reference_container_collapse_button_6243_1').text('\u2212'); } function footnote_collapse_reference_container_6243_1() { jQuery('#footnote_references_container_6243_1').hide(); jQuery('#footnote_reference_container_collapse_button_6243_1').text('+'); } function footnote_expand_collapse_reference_container_6243_1() { if (jQuery('#footnote_references_container_6243_1').is(':hidden')) { footnote_expand_reference_container_6243_1(); } else { footnote_collapse_reference_container_6243_1(); } } function footnote_moveToReference_6243_1(p_str_TargetID) { footnote_expand_reference_container_6243_1(); var l_obj_Target = jQuery('#' + p_str_TargetID); if (l_obj_Target.length) { jQuery( 'html, body' ).delay( 0 ); jQuery('html, body').animate({ scrollTop: l_obj_Target.offset().top - window.innerHeight * 0.2 }, 380); } } function footnote_moveToAnchor_6243_1(p_str_TargetID) { footnote_expand_reference_container_6243_1(); var l_obj_Target = jQuery('#' + p_str_TargetID); if (l_obj_Target.length) { jQuery( 'html, body' ).delay( 0 ); jQuery('html, body').animate({ scrollTop: l_obj_Target.offset().top - window.innerHeight * 0.2 }, 380); } }<\/script>","protected":false},"excerpt":{"rendered":"<p>In the booklet &#8220;Le mot du Maire&#8221; (&#8220;Mayor&#8217;s Word&#8221;) posted on the 20th November 2020, the opposition returns to one<\/p>\n","protected":false},"author":1,"featured_media":5829,"comment_status":"open","ping_status":"open","sticky":false,"template":"","format":"standard","meta":{"_acf_changed":false,"inline_featured_image":false,"_exactmetrics_skip_tracking":false,"_exactmetrics_sitenote_active":false,"_exactmetrics_sitenote_note":"","_exactmetrics_sitenote_category":0,"ngg_post_thumbnail":0,"_jetpack_memberships_contains_paid_content":false,"footnotes":""},"categories":[32],"tags":[],"class_list":["post-6243","post","type-post","status-publish","format-standard","has-post-thumbnail","hentry","category-commerce-en"],"acf":[],"yoast_head":"<!-- This site is optimized with the Yoast SEO plugin v27.2 - https:\/\/yoast.com\/product\/yoast-seo-wordpress\/ -->\n<title>Transparency of public life: Jouy&#039;s opposition quotes contrib.city! - ContribCity<\/title>\n<meta name=\"robots\" content=\"index, follow, max-snippet:-1, max-image-preview:large, max-video-preview:-1\" \/>\n<link rel=\"canonical\" href=\"https:\/\/contrib.city\/index.php\/en\/2020\/11\/23\/transparency-of-public-life-jouys-opposition-quotes-contrib-city\/\" \/>\n<meta property=\"og:locale\" content=\"fr_FR\" \/>\n<meta property=\"og:type\" content=\"article\" \/>\n<meta property=\"og:title\" content=\"Transparency of public life: Jouy&#039;s opposition quotes contrib.city! - ContribCity\" \/>\n<meta property=\"og:description\" content=\"In the booklet &#8220;Le mot du Maire&#8221; (&#8220;Mayor&#8217;s Word&#8221;) posted on the 20th November 2020, the opposition returns to one\" \/>\n<meta property=\"og:url\" content=\"https:\/\/contrib.city\/index.php\/en\/2020\/11\/23\/transparency-of-public-life-jouys-opposition-quotes-contrib-city\/\" \/>\n<meta property=\"og:site_name\" content=\"ContribCity\" \/>\n<meta property=\"article:published_time\" content=\"2020-11-23T14:43:28+00:00\" \/>\n<meta property=\"article:modified_time\" content=\"2020-11-23T15:48:16+00:00\" \/>\n<meta property=\"og:image\" content=\"https:\/\/contrib.city\/wp-content\/uploads\/2020\/09\/Logo-CC-E-loupe-2-e1599245506332.jpg\" \/>\n\t<meta property=\"og:image:width\" content=\"1373\" \/>\n\t<meta property=\"og:image:height\" content=\"1042\" \/>\n\t<meta property=\"og:image:type\" content=\"image\/jpeg\" \/>\n<meta name=\"author\" content=\"Bertrand de Foucauld\" \/>\n<meta name=\"twitter:card\" content=\"summary_large_image\" \/>\n<meta name=\"twitter:label1\" content=\"\u00c9crit par\" \/>\n\t<meta name=\"twitter:data1\" content=\"Bertrand de Foucauld\" \/>\n\t<meta name=\"twitter:label2\" content=\"Dur\u00e9e de lecture estim\u00e9e\" \/>\n\t<meta name=\"twitter:data2\" content=\"3 minutes\" \/>\n<script type=\"application\/ld+json\" class=\"yoast-schema-graph\">{\"@context\":\"https:\/\/schema.org\",\"@graph\":[{\"@type\":\"Article\",\"@id\":\"https:\/\/contrib.city\/index.php\/en\/2020\/11\/23\/transparency-of-public-life-jouys-opposition-quotes-contrib-city\/#article\",\"isPartOf\":{\"@id\":\"https:\/\/contrib.city\/index.php\/en\/2020\/11\/23\/transparency-of-public-life-jouys-opposition-quotes-contrib-city\/\"},\"author\":{\"name\":\"Bertrand de Foucauld\",\"@id\":\"https:\/\/contrib.city\/#\/schema\/person\/ec389c5a78a37ccaee4e8ce098099db5\"},\"headline\":\"Transparency of public life: Jouy&#8217;s opposition quotes contrib.city!\",\"datePublished\":\"2020-11-23T14:43:28+00:00\",\"dateModified\":\"2020-11-23T15:48:16+00:00\",\"mainEntityOfPage\":{\"@id\":\"https:\/\/contrib.city\/index.php\/en\/2020\/11\/23\/transparency-of-public-life-jouys-opposition-quotes-contrib-city\/\"},\"wordCount\":685,\"commentCount\":0,\"publisher\":{\"@id\":\"https:\/\/contrib.city\/#organization\"},\"image\":{\"@id\":\"https:\/\/contrib.city\/index.php\/en\/2020\/11\/23\/transparency-of-public-life-jouys-opposition-quotes-contrib-city\/#primaryimage\"},\"thumbnailUrl\":\"https:\/\/contrib.city\/wp-content\/uploads\/2020\/09\/Logo-CC-E-loupe-2-e1599245506332.jpg\",\"articleSection\":[\"Daily Life\"],\"inLanguage\":\"fr-FR\",\"potentialAction\":[{\"@type\":\"CommentAction\",\"name\":\"Comment\",\"target\":[\"https:\/\/contrib.city\/index.php\/en\/2020\/11\/23\/transparency-of-public-life-jouys-opposition-quotes-contrib-city\/#respond\"]}]},{\"@type\":\"WebPage\",\"@id\":\"https:\/\/contrib.city\/index.php\/en\/2020\/11\/23\/transparency-of-public-life-jouys-opposition-quotes-contrib-city\/\",\"url\":\"https:\/\/contrib.city\/index.php\/en\/2020\/11\/23\/transparency-of-public-life-jouys-opposition-quotes-contrib-city\/\",\"name\":\"Transparency of public life: Jouy's opposition quotes contrib.city! - ContribCity\",\"isPartOf\":{\"@id\":\"https:\/\/contrib.city\/#website\"},\"primaryImageOfPage\":{\"@id\":\"https:\/\/contrib.city\/index.php\/en\/2020\/11\/23\/transparency-of-public-life-jouys-opposition-quotes-contrib-city\/#primaryimage\"},\"image\":{\"@id\":\"https:\/\/contrib.city\/index.php\/en\/2020\/11\/23\/transparency-of-public-life-jouys-opposition-quotes-contrib-city\/#primaryimage\"},\"thumbnailUrl\":\"https:\/\/contrib.city\/wp-content\/uploads\/2020\/09\/Logo-CC-E-loupe-2-e1599245506332.jpg\",\"datePublished\":\"2020-11-23T14:43:28+00:00\",\"dateModified\":\"2020-11-23T15:48:16+00:00\",\"breadcrumb\":{\"@id\":\"https:\/\/contrib.city\/index.php\/en\/2020\/11\/23\/transparency-of-public-life-jouys-opposition-quotes-contrib-city\/#breadcrumb\"},\"inLanguage\":\"fr-FR\",\"potentialAction\":[{\"@type\":\"ReadAction\",\"target\":[\"https:\/\/contrib.city\/index.php\/en\/2020\/11\/23\/transparency-of-public-life-jouys-opposition-quotes-contrib-city\/\"]}]},{\"@type\":\"ImageObject\",\"inLanguage\":\"fr-FR\",\"@id\":\"https:\/\/contrib.city\/index.php\/en\/2020\/11\/23\/transparency-of-public-life-jouys-opposition-quotes-contrib-city\/#primaryimage\",\"url\":\"https:\/\/contrib.city\/wp-content\/uploads\/2020\/09\/Logo-CC-E-loupe-2-e1599245506332.jpg\",\"contentUrl\":\"https:\/\/contrib.city\/wp-content\/uploads\/2020\/09\/Logo-CC-E-loupe-2-e1599245506332.jpg\",\"width\":1373,\"height\":1042},{\"@type\":\"BreadcrumbList\",\"@id\":\"https:\/\/contrib.city\/index.php\/en\/2020\/11\/23\/transparency-of-public-life-jouys-opposition-quotes-contrib-city\/#breadcrumb\",\"itemListElement\":[{\"@type\":\"ListItem\",\"position\":1,\"name\":\"Home\",\"item\":\"https:\/\/contrib.city\/\"},{\"@type\":\"ListItem\",\"position\":2,\"name\":\"Transparency of public life: Jouy&#8217;s opposition quotes contrib.city!\"}]},{\"@type\":\"WebSite\",\"@id\":\"https:\/\/contrib.city\/#website\",\"url\":\"https:\/\/contrib.city\/\",\"name\":\"ContribCity\",\"description\":\"Parlons de nos lieux de vie\",\"publisher\":{\"@id\":\"https:\/\/contrib.city\/#organization\"},\"potentialAction\":[{\"@type\":\"SearchAction\",\"target\":{\"@type\":\"EntryPoint\",\"urlTemplate\":\"https:\/\/contrib.city\/?s={search_term_string}\"},\"query-input\":{\"@type\":\"PropertyValueSpecification\",\"valueRequired\":true,\"valueName\":\"search_term_string\"}}],\"inLanguage\":\"fr-FR\"},{\"@type\":\"Organization\",\"@id\":\"https:\/\/contrib.city\/#organization\",\"name\":\"ContribCity\",\"url\":\"https:\/\/contrib.city\/\",\"logo\":{\"@type\":\"ImageObject\",\"inLanguage\":\"fr-FR\",\"@id\":\"https:\/\/contrib.city\/#\/schema\/logo\/image\/\",\"url\":\"https:\/\/contrib.city\/wp-content\/uploads\/2020\/01\/cropped-Parlons-de-nos-lieux-de-vie-2.jpg\",\"contentUrl\":\"https:\/\/contrib.city\/wp-content\/uploads\/2020\/01\/cropped-Parlons-de-nos-lieux-de-vie-2.jpg\",\"width\":1133,\"height\":218,\"caption\":\"ContribCity\"},\"image\":{\"@id\":\"https:\/\/contrib.city\/#\/schema\/logo\/image\/\"}},{\"@type\":\"Person\",\"@id\":\"https:\/\/contrib.city\/#\/schema\/person\/ec389c5a78a37ccaee4e8ce098099db5\",\"name\":\"Bertrand de Foucauld\",\"image\":{\"@type\":\"ImageObject\",\"inLanguage\":\"fr-FR\",\"@id\":\"https:\/\/secure.gravatar.com\/avatar\/c49e25550e4609092f7a00fb677a980813788778df987b36cad9b0fc85a8bf73?s=96&d=mm&r=g\",\"url\":\"https:\/\/secure.gravatar.com\/avatar\/c49e25550e4609092f7a00fb677a980813788778df987b36cad9b0fc85a8bf73?s=96&d=mm&r=g\",\"contentUrl\":\"https:\/\/secure.gravatar.com\/avatar\/c49e25550e4609092f7a00fb677a980813788778df987b36cad9b0fc85a8bf73?s=96&d=mm&r=g\",\"caption\":\"Bertrand de Foucauld\"},\"url\":\"https:\/\/contrib.city\/index.php\/author\/bertrand\/\"}]}<\/script>\n<!-- \/ Yoast SEO plugin. -->","yoast_head_json":{"title":"Transparency of public life: Jouy's opposition quotes contrib.city! - ContribCity","robots":{"index":"index","follow":"follow","max-snippet":"max-snippet:-1","max-image-preview":"max-image-preview:large","max-video-preview":"max-video-preview:-1"},"canonical":"https:\/\/contrib.city\/index.php\/en\/2020\/11\/23\/transparency-of-public-life-jouys-opposition-quotes-contrib-city\/","og_locale":"fr_FR","og_type":"article","og_title":"Transparency of public life: Jouy's opposition quotes contrib.city! - ContribCity","og_description":"In the booklet &#8220;Le mot du Maire&#8221; (&#8220;Mayor&#8217;s Word&#8221;) posted on the 20th November 2020, the opposition returns to one","og_url":"https:\/\/contrib.city\/index.php\/en\/2020\/11\/23\/transparency-of-public-life-jouys-opposition-quotes-contrib-city\/","og_site_name":"ContribCity","article_published_time":"2020-11-23T14:43:28+00:00","article_modified_time":"2020-11-23T15:48:16+00:00","og_image":[{"width":1373,"height":1042,"url":"https:\/\/contrib.city\/wp-content\/uploads\/2020\/09\/Logo-CC-E-loupe-2-e1599245506332.jpg","type":"image\/jpeg"}],"author":"Bertrand de Foucauld","twitter_card":"summary_large_image","twitter_misc":{"\u00c9crit par":"Bertrand de Foucauld","Dur\u00e9e de lecture estim\u00e9e":"3 minutes"},"schema":{"@context":"https:\/\/schema.org","@graph":[{"@type":"Article","@id":"https:\/\/contrib.city\/index.php\/en\/2020\/11\/23\/transparency-of-public-life-jouys-opposition-quotes-contrib-city\/#article","isPartOf":{"@id":"https:\/\/contrib.city\/index.php\/en\/2020\/11\/23\/transparency-of-public-life-jouys-opposition-quotes-contrib-city\/"},"author":{"name":"Bertrand de Foucauld","@id":"https:\/\/contrib.city\/#\/schema\/person\/ec389c5a78a37ccaee4e8ce098099db5"},"headline":"Transparency of public life: Jouy&#8217;s opposition quotes contrib.city!","datePublished":"2020-11-23T14:43:28+00:00","dateModified":"2020-11-23T15:48:16+00:00","mainEntityOfPage":{"@id":"https:\/\/contrib.city\/index.php\/en\/2020\/11\/23\/transparency-of-public-life-jouys-opposition-quotes-contrib-city\/"},"wordCount":685,"commentCount":0,"publisher":{"@id":"https:\/\/contrib.city\/#organization"},"image":{"@id":"https:\/\/contrib.city\/index.php\/en\/2020\/11\/23\/transparency-of-public-life-jouys-opposition-quotes-contrib-city\/#primaryimage"},"thumbnailUrl":"https:\/\/contrib.city\/wp-content\/uploads\/2020\/09\/Logo-CC-E-loupe-2-e1599245506332.jpg","articleSection":["Daily Life"],"inLanguage":"fr-FR","potentialAction":[{"@type":"CommentAction","name":"Comment","target":["https:\/\/contrib.city\/index.php\/en\/2020\/11\/23\/transparency-of-public-life-jouys-opposition-quotes-contrib-city\/#respond"]}]},{"@type":"WebPage","@id":"https:\/\/contrib.city\/index.php\/en\/2020\/11\/23\/transparency-of-public-life-jouys-opposition-quotes-contrib-city\/","url":"https:\/\/contrib.city\/index.php\/en\/2020\/11\/23\/transparency-of-public-life-jouys-opposition-quotes-contrib-city\/","name":"Transparency of public life: Jouy's opposition quotes contrib.city! - ContribCity","isPartOf":{"@id":"https:\/\/contrib.city\/#website"},"primaryImageOfPage":{"@id":"https:\/\/contrib.city\/index.php\/en\/2020\/11\/23\/transparency-of-public-life-jouys-opposition-quotes-contrib-city\/#primaryimage"},"image":{"@id":"https:\/\/contrib.city\/index.php\/en\/2020\/11\/23\/transparency-of-public-life-jouys-opposition-quotes-contrib-city\/#primaryimage"},"thumbnailUrl":"https:\/\/contrib.city\/wp-content\/uploads\/2020\/09\/Logo-CC-E-loupe-2-e1599245506332.jpg","datePublished":"2020-11-23T14:43:28+00:00","dateModified":"2020-11-23T15:48:16+00:00","breadcrumb":{"@id":"https:\/\/contrib.city\/index.php\/en\/2020\/11\/23\/transparency-of-public-life-jouys-opposition-quotes-contrib-city\/#breadcrumb"},"inLanguage":"fr-FR","potentialAction":[{"@type":"ReadAction","target":["https:\/\/contrib.city\/index.php\/en\/2020\/11\/23\/transparency-of-public-life-jouys-opposition-quotes-contrib-city\/"]}]},{"@type":"ImageObject","inLanguage":"fr-FR","@id":"https:\/\/contrib.city\/index.php\/en\/2020\/11\/23\/transparency-of-public-life-jouys-opposition-quotes-contrib-city\/#primaryimage","url":"https:\/\/contrib.city\/wp-content\/uploads\/2020\/09\/Logo-CC-E-loupe-2-e1599245506332.jpg","contentUrl":"https:\/\/contrib.city\/wp-content\/uploads\/2020\/09\/Logo-CC-E-loupe-2-e1599245506332.jpg","width":1373,"height":1042},{"@type":"BreadcrumbList","@id":"https:\/\/contrib.city\/index.php\/en\/2020\/11\/23\/transparency-of-public-life-jouys-opposition-quotes-contrib-city\/#breadcrumb","itemListElement":[{"@type":"ListItem","position":1,"name":"Home","item":"https:\/\/contrib.city\/"},{"@type":"ListItem","position":2,"name":"Transparency of public life: Jouy&#8217;s opposition quotes contrib.city!"}]},{"@type":"WebSite","@id":"https:\/\/contrib.city\/#website","url":"https:\/\/contrib.city\/","name":"ContribCity","description":"Parlons de nos lieux de vie","publisher":{"@id":"https:\/\/contrib.city\/#organization"},"potentialAction":[{"@type":"SearchAction","target":{"@type":"EntryPoint","urlTemplate":"https:\/\/contrib.city\/?s={search_term_string}"},"query-input":{"@type":"PropertyValueSpecification","valueRequired":true,"valueName":"search_term_string"}}],"inLanguage":"fr-FR"},{"@type":"Organization","@id":"https:\/\/contrib.city\/#organization","name":"ContribCity","url":"https:\/\/contrib.city\/","logo":{"@type":"ImageObject","inLanguage":"fr-FR","@id":"https:\/\/contrib.city\/#\/schema\/logo\/image\/","url":"https:\/\/contrib.city\/wp-content\/uploads\/2020\/01\/cropped-Parlons-de-nos-lieux-de-vie-2.jpg","contentUrl":"https:\/\/contrib.city\/wp-content\/uploads\/2020\/01\/cropped-Parlons-de-nos-lieux-de-vie-2.jpg","width":1133,"height":218,"caption":"ContribCity"},"image":{"@id":"https:\/\/contrib.city\/#\/schema\/logo\/image\/"}},{"@type":"Person","@id":"https:\/\/contrib.city\/#\/schema\/person\/ec389c5a78a37ccaee4e8ce098099db5","name":"Bertrand de Foucauld","image":{"@type":"ImageObject","inLanguage":"fr-FR","@id":"https:\/\/secure.gravatar.com\/avatar\/c49e25550e4609092f7a00fb677a980813788778df987b36cad9b0fc85a8bf73?s=96&d=mm&r=g","url":"https:\/\/secure.gravatar.com\/avatar\/c49e25550e4609092f7a00fb677a980813788778df987b36cad9b0fc85a8bf73?s=96&d=mm&r=g","contentUrl":"https:\/\/secure.gravatar.com\/avatar\/c49e25550e4609092f7a00fb677a980813788778df987b36cad9b0fc85a8bf73?s=96&d=mm&r=g","caption":"Bertrand de Foucauld"},"url":"https:\/\/contrib.city\/index.php\/author\/bertrand\/"}]}},"jetpack_featured_media_url":"https:\/\/contrib.city\/wp-content\/uploads\/2020\/09\/Logo-CC-E-loupe-2-e1599245506332.jpg","jetpack_sharing_enabled":true,"post_mailing_queue_ids":[],"_links":{"self":[{"href":"https:\/\/contrib.city\/index.php\/wp-json\/wp\/v2\/posts\/6243","targetHints":{"allow":["GET"]}}],"collection":[{"href":"https:\/\/contrib.city\/index.php\/wp-json\/wp\/v2\/posts"}],"about":[{"href":"https:\/\/contrib.city\/index.php\/wp-json\/wp\/v2\/types\/post"}],"author":[{"embeddable":true,"href":"https:\/\/contrib.city\/index.php\/wp-json\/wp\/v2\/users\/1"}],"replies":[{"embeddable":true,"href":"https:\/\/contrib.city\/index.php\/wp-json\/wp\/v2\/comments?post=6243"}],"version-history":[{"count":12,"href":"https:\/\/contrib.city\/index.php\/wp-json\/wp\/v2\/posts\/6243\/revisions"}],"predecessor-version":[{"id":6259,"href":"https:\/\/contrib.city\/index.php\/wp-json\/wp\/v2\/posts\/6243\/revisions\/6259"}],"wp:featuredmedia":[{"embeddable":true,"href":"https:\/\/contrib.city\/index.php\/wp-json\/wp\/v2\/media\/5829"}],"wp:attachment":[{"href":"https:\/\/contrib.city\/index.php\/wp-json\/wp\/v2\/media?parent=6243"}],"wp:term":[{"taxonomy":"category","embeddable":true,"href":"https:\/\/contrib.city\/index.php\/wp-json\/wp\/v2\/categories?post=6243"},{"taxonomy":"post_tag","embeddable":true,"href":"https:\/\/contrib.city\/index.php\/wp-json\/wp\/v2\/tags?post=6243"}],"curies":[{"name":"wp","href":"https:\/\/api.w.org\/{rel}","templated":true}]}}