{"id":6338,"date":"2020-12-08T22:40:53","date_gmt":"2020-12-08T21:40:53","guid":{"rendered":"https:\/\/contrib.city\/?p=6338"},"modified":"2021-03-20T20:22:38","modified_gmt":"2021-03-20T19:22:38","slug":"quel-futur-pour-la-politique-agricole-inde","status":"publish","type":"post","link":"https:\/\/contrib.city\/index.php\/2020\/12\/08\/quel-futur-pour-la-politique-agricole-inde\/","title":{"rendered":"Which Future For The Farmers\u2019 Policy? \u2013 (India. Part 1)"},"content":{"rendered":"<p style=\"text-align: justify;\"><span style=\"vertical-align: inherit;\"><span style=\"vertical-align: inherit;\">By Professor Devendra Swaroop Bhatgava (formerly with IIT in Roorkee and Kanpur, AIT in Bangkok and the Central Pollution Control Board).<\/span><\/span><\/p>\n<h2 style=\"text-align: justify;\"><span style=\"vertical-align: inherit;\"><span style=\"vertical-align: inherit;\">The social movement of farmers<\/span><\/span><\/h2>\n<p style=\"text-align: justify;\"><span style=\"vertical-align: inherit;\"><span style=\"vertical-align: inherit;\">The drafting of a law for farmers, very exploited in India, was really necessary, because I was personally told, on a farm, that the intermediary bought from the farmer tomatoes Rs 5 per kg that he then resold on the markets at Rs 60 \/ Kg <span class=\"footnote_referrer\"><a role=\"button\" tabindex=\"0\" onclick=\"footnote_moveToReference_6338_1('footnote_plugin_reference_6338_1_1');\" onkeypress=\"footnote_moveToReference_6338_1('footnote_plugin_reference_6338_1_1');\" ><sup id=\"footnote_plugin_tooltip_6338_1_1\" class=\"footnote_plugin_tooltip_text\">[1]<\/sup><\/a><span id=\"footnote_plugin_tooltip_text_6338_1_1\" class=\"footnote_tooltip\">Rs: Indian rupee. Current value: Rs 1 = \u20ac 0.01<\/span><\/span><script type=\"text\/javascript\"> jQuery('#footnote_plugin_tooltip_6338_1_1').tooltip({ tip: '#footnote_plugin_tooltip_text_6338_1_1', tipClass: 'footnote_tooltip', effect: 'fade', predelay: 0, fadeInSpeed: 200, delay: 400, fadeOutSpeed: 200, position: 'top right', relative: true, offset: [10, 10], });<\/script>. <\/span><span style=\"vertical-align: inherit;\">Imagine the joy of Indian farmers who can now, after the new legislation, hope to get rid of these dealers.<\/span><\/span><\/p>\n<p style=\"text-align: justify;\"><span style=\"vertical-align: inherit;\"><span style=\"vertical-align: inherit;\">Obviously, many farmers from prosperous (Indian) states who have also acted as intermediary dealers are now also opponents of the new law.<\/span><\/span><\/p>\n<p style=\"text-align: justify;\"><span style=\"vertical-align: inherit;\"><span style=\"vertical-align: inherit;\">The current opposition to the new law has been launched from the very wealthy state of Punjaab. <\/span><span style=\"vertical-align: inherit;\">The more united Punjabees (this union is seen as a great force), especially those who emigrated en masse from Pakistan after the partition of 1947, had become big favorites of the Nehru family (in Congress) which made them rich. overnight to permanently earn their deep loyalty (despite even the events of 1984). <\/span><span style=\"vertical-align: inherit;\">These Punjabees were also encouraged to disperse to rule all the Hindi speaking states by acquiring farmland, jobs, business, etc. <\/span><span style=\"vertical-align: inherit;\">intended for Hindi-speaking peoples, very disunited. <\/span><span style=\"vertical-align: inherit;\">This is manifested very well by the fact that today the peasants of Punjabee living in these neighboring and Hindi speaking states (like Haryana, Rajasthan, <\/span><span style=\"vertical-align: inherit;\">etc.), also joined in an organized manner the farmers&#8217; protest which is well known as having also been sponsored by Congress. <\/span><span style=\"vertical-align: inherit;\">In conclusion, the social movement of farmers is almost totally political and supported mainly by the Nehru family and their allies in Congress.<\/span><\/span><\/p>\n<h2 style=\"text-align: justify;\"><span style=\"vertical-align: inherit;\"><span style=\"vertical-align: inherit;\">The water pollution<\/span><\/span><\/h2>\n<p style=\"text-align: justify;\"><span style=\"vertical-align: inherit;\"><span style=\"vertical-align: inherit;\">Now, the other problems related to water pollution, organic farming, etc. <\/span><span style=\"vertical-align: inherit;\">are the result of a very severely and poorly practiced green revolution. <\/span><span style=\"vertical-align: inherit;\">Indian farmers, mostly illiterate, and eager for a rapidly growing agricultural production, started adding too much synthetic fertilizer, pesticides \/ insecticides, not realizing that plants (but also animals) , unlike humans, cannot absorb the overflow of nutrients. <\/span><span style=\"vertical-align: inherit;\">As a result, many of these surplus synthetic fertilizers and insecticides were washed away in rivers, in addition to their infiltration into groundwater. <\/span><span style=\"vertical-align: inherit;\">As a result, rivers, ponds, lakes, groundwater, etc. <\/span><span style=\"vertical-align: inherit;\">are today <\/span><span style=\"vertical-align: inherit;\">polluted and unsuitable for many beneficial uses of water. <\/span><span style=\"vertical-align: inherit;\">Not only that, but the arrival of these surplus fertilizers in the lakes causes a &#8220;eutrophication&#8221; of the water bodies and ultimately leads to the death of the latter. <\/span><span style=\"vertical-align: inherit;\">The death of Dal Lake in the state of Jammu and Kashmir in India and the highly polluted rivers of the Indian subcontinent are clear examples of the greatest of the tragedies caused by the Green Revolution, implemented without no precautions. <\/span><span style=\"vertical-align: inherit;\">The Indian government, which is now considering a &#8220;super green revolution&#8221;, needs to wake up. <\/span><span style=\"vertical-align: inherit;\">The death of Dal Lake in the state of Jammu and Kashmir in India and the highly polluted rivers of the Indian subcontinent are clear examples of the greatest of the tragedies caused by the Green Revolution, implemented without no precautions. <\/span><span style=\"vertical-align: inherit;\">The Indian government, which is now considering a &#8220;super green revolution&#8221;, needs to wake up. <\/span><span style=\"vertical-align: inherit;\">The death of Dal Lake in the state of Jammu and Kashmir in India and the highly polluted rivers of the Indian subcontinent are clear examples of the greatest of the tragedies caused by the Green Revolution, implemented without no precautions. <\/span><span style=\"vertical-align: inherit;\">The Indian government, which is now considering a &#8220;super green revolution&#8221;, needs to wake up.<\/span><\/span><\/p>\n<h2 style=\"text-align: justify;\"><span style=\"vertical-align: inherit;\"><span style=\"vertical-align: inherit;\">Biological agriculture<\/span><\/span><\/h2>\n<p style=\"text-align: justify;\"><span style=\"vertical-align: inherit;\"><span style=\"vertical-align: inherit;\">Organic farming, now fashionable, is more in demand and sells for a higher price. <\/span><span style=\"vertical-align: inherit;\">Farmers are therefore doing their best to increase the production of these crops which however require organic manure, and not synthetic as often used. <\/span><span style=\"vertical-align: inherit;\">Thus, organic farming will not only improve the income of farmers, but also reduce the adverse effects of using chemical fertilizers as mentioned above. <\/span><span style=\"vertical-align: inherit;\">Governments should take action and help farmers prepare organic manure in their fields, through the use of huge organic waste generated by towns and villages. <\/span><span style=\"vertical-align: inherit;\">This will further solve the problems associated with the disposal of solid organic waste in inhabited areas.<\/span><\/span><\/p>\n<p><em><span style=\"vertical-align: inherit;\"><span style=\"vertical-align: inherit;\">Translation: B. de Foucauld<\/span><\/span><\/em><\/p>\n<p><strong><span style=\"vertical-align: inherit;\"><span style=\"vertical-align: inherit;\">Bibliography<\/span><\/span><\/strong><\/p>\n<p><a href=\"https:\/\/www.tribuneindia.com\/news\/delhi\/congress-mps-from-punjab-continue-sit-in-at-delhis-jantar-mantar-181504\" target=\"_blank\" rel=\"noopener noreferrer\"><span style=\"vertical-align: inherit;\"><span style=\"vertical-align: inherit;\">Congress MPs from Punjab continue sit-in at Delhi&#8217;s Jantar Mantar<\/span><\/span><\/a><span style=\"vertical-align: inherit;\"><span style=\"vertical-align: inherit;\"> .<\/span><\/span><\/p>\n<p><a href=\"https:\/\/www.gavinpublishers.com\/articles\/short-communication\/International-Journal-of-Pollution-Research\/ganga-cleaning-forever-with-minimal-money-time\" target=\"_blank\" rel=\"noopener noreferrer\"><span style=\"vertical-align: inherit;\"><span style=\"vertical-align: inherit;\">Ganga Cleaning Forever with Minimal Money \/ Time<\/span><\/span><\/a><\/p>\n<p><span style=\"vertical-align: inherit;\"><span style=\"vertical-align: inherit;\">Next article: <\/span><\/span><em><span style=\"vertical-align: inherit;\"><span style=\"vertical-align: inherit;\">What future for agricultural policy? <\/span><\/span><\/em> <em><span style=\"vertical-align: inherit;\"><span style=\"vertical-align: inherit;\">(India &amp; France \/ EU)<\/span><\/span><\/em><span style=\"vertical-align: inherit;\"><span style=\"vertical-align: inherit;\"> &#8211; B. de Foucauld<\/span><\/span><\/p>\n<p>&nbsp;<\/p>\n<div class=\"speaker-mute footnotes_reference_container\"> <div class=\"footnote_container_prepare\"><p><span role=\"button\" tabindex=\"0\" class=\"footnote_reference_container_label pointer\" onclick=\"footnote_expand_collapse_reference_container_6338_1();\">R\u00e9f\u00e9rences<\/span><span role=\"button\" tabindex=\"0\" class=\"footnote_reference_container_collapse_button\" style=\"\" onclick=\"footnote_expand_collapse_reference_container_6338_1();\">[<a id=\"footnote_reference_container_collapse_button_6338_1\">+<\/a>]<\/span><\/p><\/div> <div id=\"footnote_references_container_6338_1\" style=\"display: none;\"><table class=\"footnotes_table footnote-reference-container\"><caption class=\"accessibility\">R\u00e9f\u00e9rences<\/caption> <tbody> \r\n\r\n<tr class=\"footnotes_plugin_reference_row\"> <th scope=\"row\" class=\"footnote_plugin_index_combi pointer\"  onclick=\"footnote_moveToAnchor_6338_1('footnote_plugin_tooltip_6338_1_1');\"><a id=\"footnote_plugin_reference_6338_1_1\" class=\"footnote_backlink\"><span class=\"footnote_index_arrow\">&#8593;<\/span>1<\/a><\/th> <td class=\"footnote_plugin_text\">Rs: Indian rupee. Current value: Rs 1 = \u20ac 0.01<\/td><\/tr>\r\n\r\n <\/tbody> <\/table> <\/div><\/div><script type=\"text\/javascript\"> function footnote_expand_reference_container_6338_1() { jQuery('#footnote_references_container_6338_1').show(); jQuery('#footnote_reference_container_collapse_button_6338_1').text('\u2212'); } function footnote_collapse_reference_container_6338_1() { jQuery('#footnote_references_container_6338_1').hide(); jQuery('#footnote_reference_container_collapse_button_6338_1').text('+'); } function footnote_expand_collapse_reference_container_6338_1() { if (jQuery('#footnote_references_container_6338_1').is(':hidden')) { footnote_expand_reference_container_6338_1(); } else { footnote_collapse_reference_container_6338_1(); } } function footnote_moveToReference_6338_1(p_str_TargetID) { footnote_expand_reference_container_6338_1(); var l_obj_Target = jQuery('#' + p_str_TargetID); if (l_obj_Target.length) { jQuery( 'html, body' ).delay( 0 ); jQuery('html, body').animate({ scrollTop: l_obj_Target.offset().top - window.innerHeight * 0.2 }, 380); } } function footnote_moveToAnchor_6338_1(p_str_TargetID) { footnote_expand_reference_container_6338_1(); var l_obj_Target = jQuery('#' + p_str_TargetID); if (l_obj_Target.length) { jQuery( 'html, body' ).delay( 0 ); jQuery('html, body').animate({ scrollTop: l_obj_Target.offset().top - window.innerHeight * 0.2 }, 380); } }<\/script>","protected":false},"excerpt":{"rendered":"<p>By Professor Devendra Swaroop Bhatgava (formerly with IIT in Roorkee and Kanpur, AIT in Bangkok and the Central Pollution Control<\/p>\n","protected":false},"author":1,"featured_media":6349,"comment_status":"open","ping_status":"open","sticky":false,"template":"","format":"standard","meta":{"_acf_changed":false,"inline_featured_image":false,"_exactmetrics_skip_tracking":false,"_exactmetrics_sitenote_active":false,"_exactmetrics_sitenote_note":"","_exactmetrics_sitenote_category":0,"ngg_post_thumbnail":0,"_jetpack_memberships_contains_paid_content":false,"footnotes":""},"categories":[4],"tags":[],"class_list":["post-6338","post","type-post","status-publish","format-standard","has-post-thumbnail","hentry","category-environnement_fr"],"acf":[],"yoast_head":"<!-- This site is optimized with the Yoast SEO plugin v27.2 - https:\/\/yoast.com\/product\/yoast-seo-wordpress\/ -->\n<title>Which Future For The Farmers\u2019 Policy? \u2013 (India. Part 1) - ContribCity<\/title>\n<meta name=\"robots\" content=\"index, follow, max-snippet:-1, max-image-preview:large, max-video-preview:-1\" \/>\n<link rel=\"canonical\" href=\"https:\/\/contrib.city\/index.php\/2020\/12\/08\/quel-futur-pour-la-politique-agricole-inde\/\" \/>\n<meta property=\"og:locale\" content=\"fr_FR\" \/>\n<meta property=\"og:type\" content=\"article\" \/>\n<meta property=\"og:title\" content=\"Which Future For The Farmers\u2019 Policy? \u2013 (India. Part 1) - ContribCity\" \/>\n<meta property=\"og:description\" content=\"By Professor Devendra Swaroop Bhatgava (formerly with IIT in Roorkee and Kanpur, AIT in Bangkok and the Central Pollution Control\" \/>\n<meta property=\"og:url\" content=\"https:\/\/contrib.city\/index.php\/2020\/12\/08\/quel-futur-pour-la-politique-agricole-inde\/\" \/>\n<meta property=\"og:site_name\" content=\"ContribCity\" \/>\n<meta property=\"article:published_time\" content=\"2020-12-08T21:40:53+00:00\" \/>\n<meta property=\"article:modified_time\" content=\"2021-03-20T19:22:38+00:00\" \/>\n<meta property=\"og:image\" content=\"https:\/\/contrib.city\/wp-content\/uploads\/2020\/12\/Pr-Bhargavas-photo-CC.jpg\" \/>\n\t<meta property=\"og:image:width\" content=\"705\" \/>\n\t<meta property=\"og:image:height\" content=\"644\" \/>\n\t<meta property=\"og:image:type\" content=\"image\/jpeg\" \/>\n<meta name=\"author\" content=\"Bertrand de Foucauld\" \/>\n<meta name=\"twitter:card\" content=\"summary_large_image\" \/>\n<meta name=\"twitter:label1\" content=\"\u00c9crit par\" \/>\n\t<meta name=\"twitter:data1\" content=\"Bertrand de Foucauld\" \/>\n\t<meta name=\"twitter:label2\" content=\"Dur\u00e9e de lecture estim\u00e9e\" \/>\n\t<meta name=\"twitter:data2\" content=\"4 minutes\" \/>\n<script type=\"application\/ld+json\" class=\"yoast-schema-graph\">{\"@context\":\"https:\/\/schema.org\",\"@graph\":[{\"@type\":\"Article\",\"@id\":\"https:\/\/contrib.city\/index.php\/2020\/12\/08\/quel-futur-pour-la-politique-agricole-inde\/#article\",\"isPartOf\":{\"@id\":\"https:\/\/contrib.city\/index.php\/2020\/12\/08\/quel-futur-pour-la-politique-agricole-inde\/\"},\"author\":{\"name\":\"Bertrand de Foucauld\",\"@id\":\"https:\/\/contrib.city\/#\/schema\/person\/ec389c5a78a37ccaee4e8ce098099db5\"},\"headline\":\"Which Future For The Farmers\u2019 Policy? \u2013 (India. Part 1)\",\"datePublished\":\"2020-12-08T21:40:53+00:00\",\"dateModified\":\"2021-03-20T19:22:38+00:00\",\"mainEntityOfPage\":{\"@id\":\"https:\/\/contrib.city\/index.php\/2020\/12\/08\/quel-futur-pour-la-politique-agricole-inde\/\"},\"wordCount\":732,\"commentCount\":0,\"publisher\":{\"@id\":\"https:\/\/contrib.city\/#organization\"},\"image\":{\"@id\":\"https:\/\/contrib.city\/index.php\/2020\/12\/08\/quel-futur-pour-la-politique-agricole-inde\/#primaryimage\"},\"thumbnailUrl\":\"https:\/\/contrib.city\/wp-content\/uploads\/2020\/12\/Pr-Bhargavas-photo-CC.jpg\",\"articleSection\":[\"Environnement\"],\"inLanguage\":\"fr-FR\",\"potentialAction\":[{\"@type\":\"CommentAction\",\"name\":\"Comment\",\"target\":[\"https:\/\/contrib.city\/index.php\/2020\/12\/08\/quel-futur-pour-la-politique-agricole-inde\/#respond\"]}]},{\"@type\":\"WebPage\",\"@id\":\"https:\/\/contrib.city\/index.php\/2020\/12\/08\/quel-futur-pour-la-politique-agricole-inde\/\",\"url\":\"https:\/\/contrib.city\/index.php\/2020\/12\/08\/quel-futur-pour-la-politique-agricole-inde\/\",\"name\":\"Which Future For The Farmers\u2019 Policy? \u2013 (India. Part 1) - ContribCity\",\"isPartOf\":{\"@id\":\"https:\/\/contrib.city\/#website\"},\"primaryImageOfPage\":{\"@id\":\"https:\/\/contrib.city\/index.php\/2020\/12\/08\/quel-futur-pour-la-politique-agricole-inde\/#primaryimage\"},\"image\":{\"@id\":\"https:\/\/contrib.city\/index.php\/2020\/12\/08\/quel-futur-pour-la-politique-agricole-inde\/#primaryimage\"},\"thumbnailUrl\":\"https:\/\/contrib.city\/wp-content\/uploads\/2020\/12\/Pr-Bhargavas-photo-CC.jpg\",\"datePublished\":\"2020-12-08T21:40:53+00:00\",\"dateModified\":\"2021-03-20T19:22:38+00:00\",\"breadcrumb\":{\"@id\":\"https:\/\/contrib.city\/index.php\/2020\/12\/08\/quel-futur-pour-la-politique-agricole-inde\/#breadcrumb\"},\"inLanguage\":\"fr-FR\",\"potentialAction\":[{\"@type\":\"ReadAction\",\"target\":[\"https:\/\/contrib.city\/index.php\/2020\/12\/08\/quel-futur-pour-la-politique-agricole-inde\/\"]}]},{\"@type\":\"ImageObject\",\"inLanguage\":\"fr-FR\",\"@id\":\"https:\/\/contrib.city\/index.php\/2020\/12\/08\/quel-futur-pour-la-politique-agricole-inde\/#primaryimage\",\"url\":\"https:\/\/contrib.city\/wp-content\/uploads\/2020\/12\/Pr-Bhargavas-photo-CC.jpg\",\"contentUrl\":\"https:\/\/contrib.city\/wp-content\/uploads\/2020\/12\/Pr-Bhargavas-photo-CC.jpg\",\"width\":705,\"height\":644},{\"@type\":\"BreadcrumbList\",\"@id\":\"https:\/\/contrib.city\/index.php\/2020\/12\/08\/quel-futur-pour-la-politique-agricole-inde\/#breadcrumb\",\"itemListElement\":[{\"@type\":\"ListItem\",\"position\":1,\"name\":\"Home\",\"item\":\"https:\/\/contrib.city\/\"},{\"@type\":\"ListItem\",\"position\":2,\"name\":\"Which Future For The Farmers\u2019 Policy? \u2013 (India. Part 1)\"}]},{\"@type\":\"WebSite\",\"@id\":\"https:\/\/contrib.city\/#website\",\"url\":\"https:\/\/contrib.city\/\",\"name\":\"ContribCity\",\"description\":\"Parlons de nos lieux de vie\",\"publisher\":{\"@id\":\"https:\/\/contrib.city\/#organization\"},\"potentialAction\":[{\"@type\":\"SearchAction\",\"target\":{\"@type\":\"EntryPoint\",\"urlTemplate\":\"https:\/\/contrib.city\/?s={search_term_string}\"},\"query-input\":{\"@type\":\"PropertyValueSpecification\",\"valueRequired\":true,\"valueName\":\"search_term_string\"}}],\"inLanguage\":\"fr-FR\"},{\"@type\":\"Organization\",\"@id\":\"https:\/\/contrib.city\/#organization\",\"name\":\"ContribCity\",\"url\":\"https:\/\/contrib.city\/\",\"logo\":{\"@type\":\"ImageObject\",\"inLanguage\":\"fr-FR\",\"@id\":\"https:\/\/contrib.city\/#\/schema\/logo\/image\/\",\"url\":\"https:\/\/contrib.city\/wp-content\/uploads\/2020\/01\/cropped-Parlons-de-nos-lieux-de-vie-2.jpg\",\"contentUrl\":\"https:\/\/contrib.city\/wp-content\/uploads\/2020\/01\/cropped-Parlons-de-nos-lieux-de-vie-2.jpg\",\"width\":1133,\"height\":218,\"caption\":\"ContribCity\"},\"image\":{\"@id\":\"https:\/\/contrib.city\/#\/schema\/logo\/image\/\"}},{\"@type\":\"Person\",\"@id\":\"https:\/\/contrib.city\/#\/schema\/person\/ec389c5a78a37ccaee4e8ce098099db5\",\"name\":\"Bertrand de Foucauld\",\"image\":{\"@type\":\"ImageObject\",\"inLanguage\":\"fr-FR\",\"@id\":\"https:\/\/secure.gravatar.com\/avatar\/c49e25550e4609092f7a00fb677a980813788778df987b36cad9b0fc85a8bf73?s=96&d=mm&r=g\",\"url\":\"https:\/\/secure.gravatar.com\/avatar\/c49e25550e4609092f7a00fb677a980813788778df987b36cad9b0fc85a8bf73?s=96&d=mm&r=g\",\"contentUrl\":\"https:\/\/secure.gravatar.com\/avatar\/c49e25550e4609092f7a00fb677a980813788778df987b36cad9b0fc85a8bf73?s=96&d=mm&r=g\",\"caption\":\"Bertrand de Foucauld\"},\"url\":\"https:\/\/contrib.city\/index.php\/author\/bertrand\/\"}]}<\/script>\n<!-- \/ Yoast SEO plugin. -->","yoast_head_json":{"title":"Which Future For The Farmers\u2019 Policy? \u2013 (India. Part 1) - ContribCity","robots":{"index":"index","follow":"follow","max-snippet":"max-snippet:-1","max-image-preview":"max-image-preview:large","max-video-preview":"max-video-preview:-1"},"canonical":"https:\/\/contrib.city\/index.php\/2020\/12\/08\/quel-futur-pour-la-politique-agricole-inde\/","og_locale":"fr_FR","og_type":"article","og_title":"Which Future For The Farmers\u2019 Policy? \u2013 (India. Part 1) - ContribCity","og_description":"By Professor Devendra Swaroop Bhatgava (formerly with IIT in Roorkee and Kanpur, AIT in Bangkok and the Central Pollution Control","og_url":"https:\/\/contrib.city\/index.php\/2020\/12\/08\/quel-futur-pour-la-politique-agricole-inde\/","og_site_name":"ContribCity","article_published_time":"2020-12-08T21:40:53+00:00","article_modified_time":"2021-03-20T19:22:38+00:00","og_image":[{"width":705,"height":644,"url":"https:\/\/contrib.city\/wp-content\/uploads\/2020\/12\/Pr-Bhargavas-photo-CC.jpg","type":"image\/jpeg"}],"author":"Bertrand de Foucauld","twitter_card":"summary_large_image","twitter_misc":{"\u00c9crit par":"Bertrand de Foucauld","Dur\u00e9e de lecture estim\u00e9e":"4 minutes"},"schema":{"@context":"https:\/\/schema.org","@graph":[{"@type":"Article","@id":"https:\/\/contrib.city\/index.php\/2020\/12\/08\/quel-futur-pour-la-politique-agricole-inde\/#article","isPartOf":{"@id":"https:\/\/contrib.city\/index.php\/2020\/12\/08\/quel-futur-pour-la-politique-agricole-inde\/"},"author":{"name":"Bertrand de Foucauld","@id":"https:\/\/contrib.city\/#\/schema\/person\/ec389c5a78a37ccaee4e8ce098099db5"},"headline":"Which Future For The Farmers\u2019 Policy? \u2013 (India. Part 1)","datePublished":"2020-12-08T21:40:53+00:00","dateModified":"2021-03-20T19:22:38+00:00","mainEntityOfPage":{"@id":"https:\/\/contrib.city\/index.php\/2020\/12\/08\/quel-futur-pour-la-politique-agricole-inde\/"},"wordCount":732,"commentCount":0,"publisher":{"@id":"https:\/\/contrib.city\/#organization"},"image":{"@id":"https:\/\/contrib.city\/index.php\/2020\/12\/08\/quel-futur-pour-la-politique-agricole-inde\/#primaryimage"},"thumbnailUrl":"https:\/\/contrib.city\/wp-content\/uploads\/2020\/12\/Pr-Bhargavas-photo-CC.jpg","articleSection":["Environnement"],"inLanguage":"fr-FR","potentialAction":[{"@type":"CommentAction","name":"Comment","target":["https:\/\/contrib.city\/index.php\/2020\/12\/08\/quel-futur-pour-la-politique-agricole-inde\/#respond"]}]},{"@type":"WebPage","@id":"https:\/\/contrib.city\/index.php\/2020\/12\/08\/quel-futur-pour-la-politique-agricole-inde\/","url":"https:\/\/contrib.city\/index.php\/2020\/12\/08\/quel-futur-pour-la-politique-agricole-inde\/","name":"Which Future For The Farmers\u2019 Policy? \u2013 (India. Part 1) - ContribCity","isPartOf":{"@id":"https:\/\/contrib.city\/#website"},"primaryImageOfPage":{"@id":"https:\/\/contrib.city\/index.php\/2020\/12\/08\/quel-futur-pour-la-politique-agricole-inde\/#primaryimage"},"image":{"@id":"https:\/\/contrib.city\/index.php\/2020\/12\/08\/quel-futur-pour-la-politique-agricole-inde\/#primaryimage"},"thumbnailUrl":"https:\/\/contrib.city\/wp-content\/uploads\/2020\/12\/Pr-Bhargavas-photo-CC.jpg","datePublished":"2020-12-08T21:40:53+00:00","dateModified":"2021-03-20T19:22:38+00:00","breadcrumb":{"@id":"https:\/\/contrib.city\/index.php\/2020\/12\/08\/quel-futur-pour-la-politique-agricole-inde\/#breadcrumb"},"inLanguage":"fr-FR","potentialAction":[{"@type":"ReadAction","target":["https:\/\/contrib.city\/index.php\/2020\/12\/08\/quel-futur-pour-la-politique-agricole-inde\/"]}]},{"@type":"ImageObject","inLanguage":"fr-FR","@id":"https:\/\/contrib.city\/index.php\/2020\/12\/08\/quel-futur-pour-la-politique-agricole-inde\/#primaryimage","url":"https:\/\/contrib.city\/wp-content\/uploads\/2020\/12\/Pr-Bhargavas-photo-CC.jpg","contentUrl":"https:\/\/contrib.city\/wp-content\/uploads\/2020\/12\/Pr-Bhargavas-photo-CC.jpg","width":705,"height":644},{"@type":"BreadcrumbList","@id":"https:\/\/contrib.city\/index.php\/2020\/12\/08\/quel-futur-pour-la-politique-agricole-inde\/#breadcrumb","itemListElement":[{"@type":"ListItem","position":1,"name":"Home","item":"https:\/\/contrib.city\/"},{"@type":"ListItem","position":2,"name":"Which Future For The Farmers\u2019 Policy? \u2013 (India. Part 1)"}]},{"@type":"WebSite","@id":"https:\/\/contrib.city\/#website","url":"https:\/\/contrib.city\/","name":"ContribCity","description":"Parlons de nos lieux de vie","publisher":{"@id":"https:\/\/contrib.city\/#organization"},"potentialAction":[{"@type":"SearchAction","target":{"@type":"EntryPoint","urlTemplate":"https:\/\/contrib.city\/?s={search_term_string}"},"query-input":{"@type":"PropertyValueSpecification","valueRequired":true,"valueName":"search_term_string"}}],"inLanguage":"fr-FR"},{"@type":"Organization","@id":"https:\/\/contrib.city\/#organization","name":"ContribCity","url":"https:\/\/contrib.city\/","logo":{"@type":"ImageObject","inLanguage":"fr-FR","@id":"https:\/\/contrib.city\/#\/schema\/logo\/image\/","url":"https:\/\/contrib.city\/wp-content\/uploads\/2020\/01\/cropped-Parlons-de-nos-lieux-de-vie-2.jpg","contentUrl":"https:\/\/contrib.city\/wp-content\/uploads\/2020\/01\/cropped-Parlons-de-nos-lieux-de-vie-2.jpg","width":1133,"height":218,"caption":"ContribCity"},"image":{"@id":"https:\/\/contrib.city\/#\/schema\/logo\/image\/"}},{"@type":"Person","@id":"https:\/\/contrib.city\/#\/schema\/person\/ec389c5a78a37ccaee4e8ce098099db5","name":"Bertrand de Foucauld","image":{"@type":"ImageObject","inLanguage":"fr-FR","@id":"https:\/\/secure.gravatar.com\/avatar\/c49e25550e4609092f7a00fb677a980813788778df987b36cad9b0fc85a8bf73?s=96&d=mm&r=g","url":"https:\/\/secure.gravatar.com\/avatar\/c49e25550e4609092f7a00fb677a980813788778df987b36cad9b0fc85a8bf73?s=96&d=mm&r=g","contentUrl":"https:\/\/secure.gravatar.com\/avatar\/c49e25550e4609092f7a00fb677a980813788778df987b36cad9b0fc85a8bf73?s=96&d=mm&r=g","caption":"Bertrand de Foucauld"},"url":"https:\/\/contrib.city\/index.php\/author\/bertrand\/"}]}},"jetpack_featured_media_url":"https:\/\/contrib.city\/wp-content\/uploads\/2020\/12\/Pr-Bhargavas-photo-CC.jpg","jetpack_sharing_enabled":true,"post_mailing_queue_ids":[],"_links":{"self":[{"href":"https:\/\/contrib.city\/index.php\/wp-json\/wp\/v2\/posts\/6338","targetHints":{"allow":["GET"]}}],"collection":[{"href":"https:\/\/contrib.city\/index.php\/wp-json\/wp\/v2\/posts"}],"about":[{"href":"https:\/\/contrib.city\/index.php\/wp-json\/wp\/v2\/types\/post"}],"author":[{"embeddable":true,"href":"https:\/\/contrib.city\/index.php\/wp-json\/wp\/v2\/users\/1"}],"replies":[{"embeddable":true,"href":"https:\/\/contrib.city\/index.php\/wp-json\/wp\/v2\/comments?post=6338"}],"version-history":[{"count":23,"href":"https:\/\/contrib.city\/index.php\/wp-json\/wp\/v2\/posts\/6338\/revisions"}],"predecessor-version":[{"id":7275,"href":"https:\/\/contrib.city\/index.php\/wp-json\/wp\/v2\/posts\/6338\/revisions\/7275"}],"wp:featuredmedia":[{"embeddable":true,"href":"https:\/\/contrib.city\/index.php\/wp-json\/wp\/v2\/media\/6349"}],"wp:attachment":[{"href":"https:\/\/contrib.city\/index.php\/wp-json\/wp\/v2\/media?parent=6338"}],"wp:term":[{"taxonomy":"category","embeddable":true,"href":"https:\/\/contrib.city\/index.php\/wp-json\/wp\/v2\/categories?post=6338"},{"taxonomy":"post_tag","embeddable":true,"href":"https:\/\/contrib.city\/index.php\/wp-json\/wp\/v2\/tags?post=6338"}],"curies":[{"name":"wp","href":"https:\/\/api.w.org\/{rel}","templated":true}]}}