{"id":706,"date":"2019-08-26T00:40:48","date_gmt":"2019-08-25T22:40:48","guid":{"rendered":"https:\/\/contrib.city\/?p=706"},"modified":"2020-04-03T17:38:53","modified_gmt":"2020-04-03T15:38:53","slug":"metz-agglomeration-france-why-so-many-underexploited-assets","status":"publish","type":"post","link":"https:\/\/contrib.city\/index.php\/en\/2019\/08\/26\/metz-agglomeration-france-why-so-many-underexploited-assets\/","title":{"rendered":"Metz Agglomeration (France) : Why So Many Underexploited Assets?"},"content":{"rendered":"<p align=\"justify\">This beautiful city, whose first settlements date back to 3000 years before our era, is full of architectural, cultural and industrial richessness. It is located at the crossroads between the French Lorraine region (an agricultural and industrial territory<a class=\"sdfootnoteanc\" href=\"#sdfootnote1sym\" name=\"sdfootnote1anc\"><sup>1<\/sup><\/a>) and Luxembourg (a country specialized in banking and insurance, 64 km from Metz), the south-east of Belgium and finally Germany (leading European economic power). Today, the Eastern French Fast Train<a class=\"sdfootnoteanc\" href=\"#sdfootnote2sym\" name=\"sdfootnote2anc\"><sup>2<\/sup><\/a> (connects Metz in 1h15 to the city of Paris or the its suburbs of (Marne-la-Vall\u00e9e, Massy, \u200b\u200bCharles-de-Gaulle Airport).<\/p>\n<p align=\"justify\">The city of Metz, through the dramas of three wars<a class=\"sdfootnoteanc\" href=\"#sdfootnote3sym\" name=\"sdfootnote3anc\"><sup>3<\/sup><\/a>, has benefited from both French and Germanic cultural contributions.<\/p>\n<figure id=\"attachment_709\" aria-describedby=\"caption-attachment-709\" style=\"width: 800px\" class=\"wp-caption aligncenter\"><img loading=\"lazy\" decoding=\"async\" class=\"wp-image-709 size-large\" src=\"https:\/\/contrib.city\/wp-content\/uploads\/2019\/08\/Clochers-et-toits.-Vue-vers-le-sud-est-depuis-la-rue-des-Murs-2-2-1024x768.jpg\" alt=\"\" width=\"800\" height=\"600\" srcset=\"https:\/\/contrib.city\/wp-content\/uploads\/2019\/08\/Clochers-et-toits.-Vue-vers-le-sud-est-depuis-la-rue-des-Murs-2-2-1024x768.jpg 1024w, https:\/\/contrib.city\/wp-content\/uploads\/2019\/08\/Clochers-et-toits.-Vue-vers-le-sud-est-depuis-la-rue-des-Murs-2-2-300x225.jpg 300w, https:\/\/contrib.city\/wp-content\/uploads\/2019\/08\/Clochers-et-toits.-Vue-vers-le-sud-est-depuis-la-rue-des-Murs-2-2-768x576.jpg 768w\" sizes=\"auto, (max-width: 800px) 100vw, 800px\" \/><figcaption id=\"caption-attachment-709\" class=\"wp-caption-text\">Belltowers and rooves. View to the southeast from the rue des Murs. One can notice the different types of architecture, in the center and in the background. Photo: BdF, August 2nd, 2019<\/figcaption><\/figure>\n<p align=\"justify\">The architecture of the city center and the railways station, with its square volumes and somewhat massive foundations, attest to this influence of the East, which is quite adapted, it must be admitted, to semi-continental climates, including snowy episodes of several months that the Lorrainers still had to face in the 1950s.<\/p>\n<figure id=\"attachment_711\" aria-describedby=\"caption-attachment-711\" style=\"width: 800px\" class=\"wp-caption aligncenter\"><img loading=\"lazy\" decoding=\"async\" class=\"wp-image-711 size-large\" src=\"https:\/\/contrib.city\/wp-content\/uploads\/2019\/08\/La-Pr\u00e9fecture-H\u00f4tel-de-lIntendance.-Place-de-la-Com\u00e9die.-1-1024x768.jpg\" alt=\"\" width=\"800\" height=\"600\" srcset=\"https:\/\/contrib.city\/wp-content\/uploads\/2019\/08\/La-Pr\u00e9fecture-H\u00f4tel-de-lIntendance.-Place-de-la-Com\u00e9die.-1-1024x768.jpg 1024w, https:\/\/contrib.city\/wp-content\/uploads\/2019\/08\/La-Pr\u00e9fecture-H\u00f4tel-de-lIntendance.-Place-de-la-Com\u00e9die.-1-300x225.jpg 300w, https:\/\/contrib.city\/wp-content\/uploads\/2019\/08\/La-Pr\u00e9fecture-H\u00f4tel-de-lIntendance.-Place-de-la-Com\u00e9die.-1-768x576.jpg 768w\" sizes=\"auto, (max-width: 800px) 100vw, 800px\" \/><figcaption id=\"caption-attachment-711\" class=\"wp-caption-text\">The Prefecture (Hotel de l&#8217;Intendance, right and center). Place de la Com\u00e9die. The classical architectural style contrasts with that of the Temple Neuf (on the left), with Germanic influence. Photo: BdF, August 2nd, 2019.<\/figcaption><\/figure>\n<p>&nbsp;<\/p>\n<figure id=\"attachment_737\" aria-describedby=\"caption-attachment-737\" style=\"width: 800px\" class=\"wp-caption aligncenter\"><img loading=\"lazy\" decoding=\"async\" class=\"wp-image-737 size-large\" src=\"https:\/\/contrib.city\/wp-content\/uploads\/2019\/08\/Temple-Neuf-et-Pr\u00e9fecture-2-1024x667.png\" alt=\"\" width=\"800\" height=\"521\" srcset=\"https:\/\/contrib.city\/wp-content\/uploads\/2019\/08\/Temple-Neuf-et-Pr\u00e9fecture-2-1024x667.png 1024w, https:\/\/contrib.city\/wp-content\/uploads\/2019\/08\/Temple-Neuf-et-Pr\u00e9fecture-2-300x195.png 300w, https:\/\/contrib.city\/wp-content\/uploads\/2019\/08\/Temple-Neuf-et-Pr\u00e9fecture-2-768x500.png 768w\" sizes=\"auto, (max-width: 800px) 100vw, 800px\" \/><figcaption id=\"caption-attachment-737\" class=\"wp-caption-text\">Left: the Temple Neuf (New Temple), Place de la Com\u00e9die, in the center of Metz. It was built between 1901 and 1905 when Metz was part of the Germany of William II. One can notice the massive appearance of the building. Right: the fountain, opposite the Prefecture of Metz, reinforces a feeling of lightness and freshness to this classic urban ensemble. Photos: BdF, August 2nd, 2019.<\/figcaption><\/figure>\n<p>&nbsp;<\/p>\n<figure id=\"attachment_742\" aria-describedby=\"caption-attachment-742\" style=\"width: 800px\" class=\"wp-caption aligncenter\"><img loading=\"lazy\" decoding=\"async\" class=\"wp-image-742 size-large\" src=\"https:\/\/contrib.city\/wp-content\/uploads\/2019\/08\/Place-de-Chambre-et-rue-de-la-Doucette-2-1024x672.jpg\" alt=\"\" width=\"800\" height=\"525\" srcset=\"https:\/\/contrib.city\/wp-content\/uploads\/2019\/08\/Place-de-Chambre-et-rue-de-la-Doucette-2-1024x672.jpg 1024w, https:\/\/contrib.city\/wp-content\/uploads\/2019\/08\/Place-de-Chambre-et-rue-de-la-Doucette-2-300x197.jpg 300w, https:\/\/contrib.city\/wp-content\/uploads\/2019\/08\/Place-de-Chambre-et-rue-de-la-Doucette-2-768x504.jpg 768w\" sizes=\"auto, (max-width: 800px) 100vw, 800px\" \/><figcaption id=\"caption-attachment-742\" class=\"wp-caption-text\">Left: Classic period building Place de Chambre. Right: Central Metz. French influence: facade rue de Ladoucette. Art Nouveau decoration. Photos: BdF, August 2nd, 2019, from the Place St Jacques. Photo: BdF, August 1st June, 2019.<\/figcaption><\/figure>\n<p align=\"justify\">The recent district of the Amphitheater, located next to the train station, with the original if not futuristic construction, the Pompidou Center as well as office buildings nearby, demonstrate that architectural influences continue to operate in this growing city.<\/p>\n<p align=\"justify\">Metz and its agglomeration are made up of towns which are completely integrated into the city, with the example of Planti\u00e8res<a class=\"sdfootnoteanc\" href=\"#sdfootnote4sym\" name=\"sdfootnote4anc\"><sup>4<\/sup><\/a>, and others which are still semi-rural, like the villages of Mey, Vantoux or Nouilly (located in the northeastern periphery of the city). Metz agglomeration develops demographically. In 2018, the urban area included more than 225,000 inhabitants<a class=\"sdfootnoteanc\" href=\"#sdfootnote5sym\" name=\"sdfootnote5anc\"><sup>5<\/sup><\/a> (compared to just over 221,000 in 2013<a class=\"sdfootnoteanc\" href=\"#sdfootnote6sym\" name=\"sdfootnote6anc\"><sup>6<\/sup><\/a>). In Nouilly, for example, upstream of the former railway line, a new district has been created, designed to accommodate dozens of new families willing both to gain ownership of their homes and to take up employment in the secondary or tertiary sectors, in the district of Metz.<\/p>\n<p align=\"justify\">In economic terms, in 2015, the new French <i>r\u00e9gion<\/i> of Alsace-Champagne-Ardenne-Lorraine<a class=\"sdfootnoteanc\" href=\"#sdfootnote7sym\" name=\"sdfootnote7anc\"><sup>7<\/sup><\/a>, and in particular the <i>d<\/i><i>\u00e9<\/i><i>partment<\/i> of Moselle, suffered a decline in the diet, according to INSEE. Employment declined in the industrial, construction and trade sectors. In addition, the suppression of military centers has contributed to penalizing the territory<a class=\"sdfootnoteanc\" href=\"#sdfootnote8sym\" name=\"sdfootnote8anc\"><sup>8<\/sup><\/a>. However, between 1990 and 2015, the GDP of the <i>Grand Est<\/i> region grew by more than 13 points compared to that of Ile-de-France (58% against 45%).<\/p>\n<p align=\"justify\">Alas, even if one takes into account the GDP of the new region of the Great East (and not only Metz District GDP), the latter however represented only 7% of the National Gross Domestic Product, in 2015, against more than 30% for the Ile-de-France (or Paris agglomeration) region<a class=\"sdfootnoteanc\" href=\"#sdfootnote9sym\" name=\"sdfootnote9anc\"><sup>9<\/sup><\/a> .<\/p>\n<p align=\"justify\">In terms of training, the agglomeration of Metz has many primary and secondary schools, both private and public. For higher education, several colleges, as well as alternating training centers, can provide different types of education and make the next generation ready in demographic<a class=\"sdfootnoteanc\" href=\"#sdfootnote10sym\" name=\"sdfootnote10anc\"><sup>10<\/sup><\/a> as well as technological terms as well as technology, with the development of Internet applications and so-called <i>Artificial Intelligence <\/i>tools.<\/p>\n<p style=\"text-align: justify;\">So why does a city with so many assets continue to be, despite both private and public efforts, a mid-sized provincial city? Why the population of the agglomeration does not exceed 300,000 inhabitants while this urban area could be a big hub of the European network? Why, even if one takes into account the GDP of the new region of the Great East, the latter however accounted for only 7% of the National Gross Domestic Product, in 2015, against more than 30% for the Paris region<a href=\"#sdfootnote1sym\" name=\"sdfootnote1anc\">11<\/a>? <span lang=\"en-US\">The answer, as already mentioned in my article on the risks and assets of the town of Jouy-en-Josas<a href=\"#sdfootnote2sym\" name=\"sdfootnote2anc\">12<\/a> (Yvelines), located in the French Capital region, must be looked at the hypercentralization of France where the metropolis of the Capital concentrates 20% of the population, and 30% French GDP. The accumulation of political and economic powers in the Ile-de-France leaves a subordinate place to the provincial agglomerations, to the point that the journalists of the public channel France Info, in order not to upset the provincial elected officials, do not use anymore the word Province<a href=\"#sdfootnote3sym\" name=\"sdfootnote3anc\">13<\/a> but the r\u00e9gion(s) one, forgetting, however, that the Ile-de-France is also a region when it is not part of the French Province<a href=\"#sdfootnote4sym\" name=\"sdfootnote4anc\">14<\/a>.<\/span><\/p>\n<div id=\"sdfootnote1\">\n<p class=\"sdfootnote\" align=\"justify\"><a class=\"sdfootnotesym\" href=\"#sdfootnote1anc\" name=\"sdfootnote1sym\"><\/a>[mapsmarker marker=&#8221;36&#8243;]<\/p>\n<\/div>\n<p id=\"sdfootnote1\"><a class=\"sdfootnotesym\" href=\"#sdfootnote1anc\" name=\"sdfootnote1sym\">1<\/a> <span style=\"font-family: Liberation Serif, serif;\"><span lang=\"en-US\">S<\/span><\/span><span style=\"font-family: Liberation Serif, serif;\"><span style=\"font-size: small;\"><span lang=\"en-US\">everal factories and research centers, such as the car-maker Peugeot-Citro\u00ebn one, participate in the Lorraine activity (which is part of the new region called <\/span><\/span><\/span><span style=\"font-family: Liberation Serif, serif;\"><span style=\"font-size: small;\"><span lang=\"en-US\"><i>Grand Est<\/i><\/span><\/span><\/span><span style=\"font-family: Liberation Serif, serif;\"><span style=\"font-size: small;\"><span lang=\"en-US\"> which goes from the Paris region eastern border to the city of Strasbourg).<\/span><\/span><\/span><\/p>\n<p id=\"sdfootnote2\"><span style=\"font-size: small;\"><a class=\"sdfootnotesym\" href=\"#sdfootnote2anc\" name=\"sdfootnote2sym\">2<\/a> Train \u00e0 Grande Vitesse, r\u00e9gion Est.<\/span><\/p>\n<div id=\"sdfootnote3\">\n<p class=\"sdfootnote\" align=\"justify\"><a class=\"sdfootnotesym\" href=\"#sdfootnote3anc\" name=\"sdfootnote3sym\">3<\/a>The war of 1870, unleashed and lost in Sedan by Napoleon III, ended with the annexation of Alsace and Lorraine by the Germans and a war penalty that the French paid rubies on the nail, to resume a expression of the historian and urban planner Michel CARMONA. In 1918, at the end of World War I that ruined both belligerents, the two eastern regions returned to France before becoming German again in 1940 to finally be liberated from the Nazi yoke in 1945.<\/p>\n<\/div>\n<div id=\"sdfootnote4\">\n<p class=\"sdfootnote\"><a class=\"sdfootnotesym\" href=\"#sdfootnote4anc\" name=\"sdfootnote4sym\">4<\/a><i>L<\/i><i>anti\u00e8res Queuleu<\/i> is today a district of the city of Metz.<\/p>\n<\/div>\n<div id=\"sdfootnote5\">\n<p class=\"sdfootnote\" align=\"justify\"><a class=\"sdfootnotesym\" href=\"#sdfootnote5anc\" name=\"sdfootnote5sym\">5<\/a>COMERSIS.COM, <i>Metz M\u00e9tropole<\/i>, 1st january 2018, consulted on the 9th August 2019. [Available on]&nbsp;: https:\/\/comersis.com\/Les-metropoles-de-France-2019-actualite-4.html#metz<\/p>\n<\/div>\n<div id=\"sdfootnote6\">\n<p class=\"sdfootnote\" align=\"justify\"><a class=\"sdfootnotesym\" href=\"#sdfootnote6anc\" name=\"sdfootnote6sym\">6<\/a>AST Doroth\u00e9e, \u00ab&nbsp;D\u00e9mographie 221 800 habitants \u00e0 Metz M\u00e9tropole [1st January 2013]&nbsp;\u00bb in <i>Dossier Grand Est<\/i>, INSEE, September 2016, p 8 et 9, consulted on the 9th August 2019. [Available on]&nbsp;: https:\/\/www.insee.fr\/fr\/statistiques\/2129329?sommaire=2129339<\/p>\n<\/div>\n<div id=\"sdfootnote7\">\n<p class=\"sdfootnote\" align=\"justify\"><a class=\"sdfootnotesym\" href=\"#sdfootnote7anc\" name=\"sdfootnote7sym\">7<\/a>France territory is composed of several sub-divisions : <i>r\u00e9gions<\/i>, <i>d\u00e9partements<\/i> and <i>communes<\/i>. The <i>r\u00e9gions<\/i> are, in size, the equivalent of the Great Britain kingdoms (England, Wales, Scotland, Northern Ireland) and the <i>d\u00e9partements<\/i> the equivalent of the UK counties. In 2016, the number of the r\u00e9gions passed from 22 to 13, meaning that some saw their territory increased, like the Lorraine r\u00e9gion which united with others and became the <i>Alsace-Lorraine-Champagne-Ardennes<\/i> (or <i>Grand Est<\/i> which means <i>Greater East<\/i>). cf: CARTES DE FRANCE, <i>Les 13 nouvelles r\u00e9gions de France en 2016<\/i>, consult\u00e9 le 22 ao\u00fbt 2019. [Available on:] http:\/\/www.cartesfrance.fr\/geographie\/cartes-administratives\/carte-13-nouvelles-regions.html<\/p>\n<\/div>\n<div id=\"sdfootnote8\">\n<p class=\"sdfootnote\" align=\"justify\"><a class=\"sdfootnotesym\" href=\"#sdfootnote8anc\" name=\"sdfootnote8sym\">8<\/a> AST Doroth\u00e9e, \u00ab&nbsp;Contexte \u00e9conomique Une conjoncture \u00e9conomique plus difficile dans la r\u00e9gion ACAL qu\u2019au niveau national&nbsp;\u00bb, in <i>Dossier Grand Est<\/i>, INSEE, September 2016, p 5, consulted on the 9th August 2019. [Available on]: https:\/\/www.insee.fr\/fr\/statistiques\/2129327?sommaire=2129339<\/p>\n<\/div>\n<div id=\"sdfootnote9\">\n<p class=\"sdfootnote\" align=\"justify\"><a class=\"sdfootnotesym\" href=\"#sdfootnote9anc\" name=\"sdfootnote9sym\">9<\/a><i>Source&nbsp;<\/i>: INSEE, <i>Produits int\u00e9rieurs bruts r\u00e9gionaux de 1990 \u00e0 2015<\/i>, consult\u00e9 le 10\/08\/2019. [Disponible sur]&nbsp;: https:\/\/www.insee.fr\/fr\/statistiques\/1893220<\/p>\n<\/div>\n<div id=\"sdfootnote10\">\n<p><span style=\"font-size: small;\"><a class=\"sdfootnotesym\" href=\"#sdfootnote10anc\" name=\"sdfootnote10sym\">10<\/a> <i>B<\/i><i>aby boomers<\/i> have become <i>Grand Dad<\/i><i> boomers<\/i>.<\/span><\/p>\n<\/div>\n<div id=\"sdfootnote11\">\n<p class=\"sdfootnote\" align=\"justify\"><a class=\"sdfootnotesym\" href=\"#sdfootnote11anc\" name=\"sdfootnote11sym\">11<\/a><i>Source&nbsp;<\/i>: INSEE, <i>Produits int\u00e9rieurs bruts r\u00e9gionaux de 1990 \u00e0 2015<\/i>, consulted on the 10th August 2019. [aqvailable on]&nbsp;: https:\/\/www.insee.fr\/fr\/statistiques\/1893220<\/p>\n<\/div>\n<div id=\"sdfootnote12\">\n<p class=\"sdfootnote\" align=\"justify\"><a class=\"sdfootnotesym\" href=\"#sdfootnote12anc\" name=\"sdfootnote12sym\">12<\/a><i>At the national level [&#8230;] a lasting solution would be to really decentralize France. <\/i>In<i> <\/i><i>Jouy-en-Josas <\/i><i>Risks and assets<\/i>, de FOUCAULD Bertrand, 2 july 2019, consulted on the 9th August 2019. [Available on]&nbsp;:<\/p>\n<p class=\"sdfootnote\" align=\"justify\">\n<blockquote class=\"wp-embedded-content\" data-secret=\"fhbsOQrUBa\"><p><a href=\"https:\/\/contrib.city\/index.php\/en\/2019\/07\/03\/english-potentiels-et-vulnerabilite-de-jouy-en-josas\/\">Risks &#038; Assets: Jouy-en-Josas (Paris Region) &#038; Around<\/a><\/p><\/blockquote>\n<p><iframe loading=\"lazy\" class=\"wp-embedded-content\" sandbox=\"allow-scripts\" security=\"restricted\" style=\"position: absolute; clip: rect(1px, 1px, 1px, 1px);\" title=\"\u00ab\u00a0Risks &#038; Assets: Jouy-en-Josas (Paris Region) &#038; Around\u00a0\u00bb &#8212; ContribCity\" src=\"https:\/\/contrib.city\/index.php\/en\/2019\/07\/03\/english-potentiels-et-vulnerabilite-de-jouy-en-josas\/embed\/#?secret=S5PnuY1Kl6#?secret=fhbsOQrUBa\" data-secret=\"fhbsOQrUBa\" width=\"600\" height=\"338\" frameborder=\"0\" marginwidth=\"0\" marginheight=\"0\" scrolling=\"no\"><\/iframe><\/p>\n<\/div>\n<div id=\"sdfootnote13\">\n<p class=\"sdfootnote\" align=\"justify\"><a class=\"sdfootnotesym\" href=\"#sdfootnote13anc\" name=\"sdfootnote13sym\">13<\/a>The French word <i>Province<\/i> means any French Metropolitan territory which is not in the French Capital (Paris region). Thus, since at least the XVIIth century, there has been a kind of snobism among Paris region inhabitants and the <i>Province<\/i> people. Althought many French living in or around Paris dream about going and living in less stressfull and polluted cities.<\/p>\n<\/div>\n<div id=\"sdfootnote14\">\n<p class=\"sdfootnote\" align=\"justify\"><a class=\"sdfootnotesym\" href=\"#sdfootnote14anc\" name=\"sdfootnote14sym\">14<\/a>Everyone understands that the journalist [from <i>France Info<\/i> public radio station] has simply substituted the term &#8220;province&#8221; by the term &#8220;r\u00e9gion&#8221;. Source&nbsp;: RADIO-FRANCE \u2013 LA MEDIATRICE, <i>Terminologie province\/r\u00e9gion<\/i>, the 13th February 2018, consulted on the 9th August 2019. [Available on]&nbsp;: http:\/\/mediateur.radiofrance.fr\/message\/terminologie-provinceregion\/<\/p>\n<\/div>\n","protected":false},"excerpt":{"rendered":"<p>This beautiful city, whose first settlements date back to 3000 years before our era, is full of architectural, cultural and<\/p>\n","protected":false},"author":1,"featured_media":745,"comment_status":"open","ping_status":"closed","sticky":false,"template":"","format":"standard","meta":{"_acf_changed":false,"inline_featured_image":false,"_exactmetrics_skip_tracking":false,"_exactmetrics_sitenote_active":false,"_exactmetrics_sitenote_note":"","_exactmetrics_sitenote_category":0,"ngg_post_thumbnail":0,"_jetpack_memberships_contains_paid_content":false,"footnotes":""},"categories":[53,24],"tags":[],"class_list":["post-706","post","type-post","status-publish","format-standard","has-post-thumbnail","hentry","category-economics-social","category-urbanisme_en"],"acf":[],"yoast_head":"<!-- This site is optimized with the Yoast SEO plugin v27.2 - https:\/\/yoast.com\/product\/yoast-seo-wordpress\/ -->\n<title>Metz Agglomeration (France) : Why So Many Underexploited Assets? - ContribCity<\/title>\n<meta name=\"robots\" content=\"index, follow, max-snippet:-1, max-image-preview:large, max-video-preview:-1\" \/>\n<link rel=\"canonical\" href=\"https:\/\/contrib.city\/index.php\/en\/2019\/08\/26\/metz-agglomeration-france-why-so-many-underexploited-assets\/\" \/>\n<meta property=\"og:locale\" content=\"fr_FR\" \/>\n<meta property=\"og:type\" content=\"article\" \/>\n<meta property=\"og:title\" content=\"Metz Agglomeration (France) : Why So Many Underexploited Assets? - ContribCity\" \/>\n<meta property=\"og:description\" content=\"This beautiful city, whose first settlements date back to 3000 years before our era, is full of architectural, cultural and\" \/>\n<meta property=\"og:url\" content=\"https:\/\/contrib.city\/index.php\/en\/2019\/08\/26\/metz-agglomeration-france-why-so-many-underexploited-assets\/\" \/>\n<meta property=\"og:site_name\" content=\"ContribCity\" \/>\n<meta property=\"article:published_time\" content=\"2019-08-25T22:40:48+00:00\" \/>\n<meta property=\"article:modified_time\" content=\"2020-04-03T15:38:53+00:00\" \/>\n<meta property=\"og:image\" content=\"https:\/\/contrib.city\/wp-content\/uploads\/2019\/08\/March\u00e9-sur-la-Place-Jean-Paul-II-Metz-d\u00e9tail-1-1024x809.jpg\" \/>\n\t<meta property=\"og:image:width\" content=\"1024\" \/>\n\t<meta property=\"og:image:height\" content=\"809\" \/>\n\t<meta property=\"og:image:type\" content=\"image\/jpeg\" \/>\n<meta name=\"author\" content=\"Bertrand de Foucauld\" \/>\n<meta name=\"twitter:card\" content=\"summary_large_image\" \/>\n<meta name=\"twitter:label1\" content=\"\u00c9crit par\" \/>\n\t<meta name=\"twitter:data1\" content=\"Bertrand de Foucauld\" \/>\n\t<meta name=\"twitter:label2\" content=\"Dur\u00e9e de lecture estim\u00e9e\" \/>\n\t<meta name=\"twitter:data2\" content=\"7 minutes\" \/>\n<script type=\"application\/ld+json\" class=\"yoast-schema-graph\">{\"@context\":\"https:\/\/schema.org\",\"@graph\":[{\"@type\":\"Article\",\"@id\":\"https:\/\/contrib.city\/index.php\/en\/2019\/08\/26\/metz-agglomeration-france-why-so-many-underexploited-assets\/#article\",\"isPartOf\":{\"@id\":\"https:\/\/contrib.city\/index.php\/en\/2019\/08\/26\/metz-agglomeration-france-why-so-many-underexploited-assets\/\"},\"author\":{\"name\":\"Bertrand de Foucauld\",\"@id\":\"https:\/\/contrib.city\/#\/schema\/person\/ec389c5a78a37ccaee4e8ce098099db5\"},\"headline\":\"Metz Agglomeration (France) : Why So Many Underexploited Assets?\",\"datePublished\":\"2019-08-25T22:40:48+00:00\",\"dateModified\":\"2020-04-03T15:38:53+00:00\",\"mainEntityOfPage\":{\"@id\":\"https:\/\/contrib.city\/index.php\/en\/2019\/08\/26\/metz-agglomeration-france-why-so-many-underexploited-assets\/\"},\"wordCount\":1423,\"commentCount\":0,\"publisher\":{\"@id\":\"https:\/\/contrib.city\/#organization\"},\"image\":{\"@id\":\"https:\/\/contrib.city\/index.php\/en\/2019\/08\/26\/metz-agglomeration-france-why-so-many-underexploited-assets\/#primaryimage\"},\"thumbnailUrl\":\"https:\/\/contrib.city\/wp-content\/uploads\/2019\/08\/March\u00e9-sur-la-Place-Jean-Paul-II-Metz-d\u00e9tail-1.jpg\",\"articleSection\":[\"Economics\/Social\",\"Planning\"],\"inLanguage\":\"fr-FR\",\"potentialAction\":[{\"@type\":\"CommentAction\",\"name\":\"Comment\",\"target\":[\"https:\/\/contrib.city\/index.php\/en\/2019\/08\/26\/metz-agglomeration-france-why-so-many-underexploited-assets\/#respond\"]}]},{\"@type\":\"WebPage\",\"@id\":\"https:\/\/contrib.city\/index.php\/en\/2019\/08\/26\/metz-agglomeration-france-why-so-many-underexploited-assets\/\",\"url\":\"https:\/\/contrib.city\/index.php\/en\/2019\/08\/26\/metz-agglomeration-france-why-so-many-underexploited-assets\/\",\"name\":\"Metz Agglomeration (France) : Why So Many Underexploited Assets? - ContribCity\",\"isPartOf\":{\"@id\":\"https:\/\/contrib.city\/#website\"},\"primaryImageOfPage\":{\"@id\":\"https:\/\/contrib.city\/index.php\/en\/2019\/08\/26\/metz-agglomeration-france-why-so-many-underexploited-assets\/#primaryimage\"},\"image\":{\"@id\":\"https:\/\/contrib.city\/index.php\/en\/2019\/08\/26\/metz-agglomeration-france-why-so-many-underexploited-assets\/#primaryimage\"},\"thumbnailUrl\":\"https:\/\/contrib.city\/wp-content\/uploads\/2019\/08\/March\u00e9-sur-la-Place-Jean-Paul-II-Metz-d\u00e9tail-1.jpg\",\"datePublished\":\"2019-08-25T22:40:48+00:00\",\"dateModified\":\"2020-04-03T15:38:53+00:00\",\"breadcrumb\":{\"@id\":\"https:\/\/contrib.city\/index.php\/en\/2019\/08\/26\/metz-agglomeration-france-why-so-many-underexploited-assets\/#breadcrumb\"},\"inLanguage\":\"fr-FR\",\"potentialAction\":[{\"@type\":\"ReadAction\",\"target\":[\"https:\/\/contrib.city\/index.php\/en\/2019\/08\/26\/metz-agglomeration-france-why-so-many-underexploited-assets\/\"]}]},{\"@type\":\"ImageObject\",\"inLanguage\":\"fr-FR\",\"@id\":\"https:\/\/contrib.city\/index.php\/en\/2019\/08\/26\/metz-agglomeration-france-why-so-many-underexploited-assets\/#primaryimage\",\"url\":\"https:\/\/contrib.city\/wp-content\/uploads\/2019\/08\/March\u00e9-sur-la-Place-Jean-Paul-II-Metz-d\u00e9tail-1.jpg\",\"contentUrl\":\"https:\/\/contrib.city\/wp-content\/uploads\/2019\/08\/March\u00e9-sur-la-Place-Jean-Paul-II-Metz-d\u00e9tail-1.jpg\",\"width\":3747,\"height\":2959},{\"@type\":\"BreadcrumbList\",\"@id\":\"https:\/\/contrib.city\/index.php\/en\/2019\/08\/26\/metz-agglomeration-france-why-so-many-underexploited-assets\/#breadcrumb\",\"itemListElement\":[{\"@type\":\"ListItem\",\"position\":1,\"name\":\"Home\",\"item\":\"https:\/\/contrib.city\/\"},{\"@type\":\"ListItem\",\"position\":2,\"name\":\"Metz Agglomeration (France) : Why So Many Underexploited Assets?\"}]},{\"@type\":\"WebSite\",\"@id\":\"https:\/\/contrib.city\/#website\",\"url\":\"https:\/\/contrib.city\/\",\"name\":\"ContribCity\",\"description\":\"Parlons de nos lieux de vie\",\"publisher\":{\"@id\":\"https:\/\/contrib.city\/#organization\"},\"potentialAction\":[{\"@type\":\"SearchAction\",\"target\":{\"@type\":\"EntryPoint\",\"urlTemplate\":\"https:\/\/contrib.city\/?s={search_term_string}\"},\"query-input\":{\"@type\":\"PropertyValueSpecification\",\"valueRequired\":true,\"valueName\":\"search_term_string\"}}],\"inLanguage\":\"fr-FR\"},{\"@type\":\"Organization\",\"@id\":\"https:\/\/contrib.city\/#organization\",\"name\":\"ContribCity\",\"url\":\"https:\/\/contrib.city\/\",\"logo\":{\"@type\":\"ImageObject\",\"inLanguage\":\"fr-FR\",\"@id\":\"https:\/\/contrib.city\/#\/schema\/logo\/image\/\",\"url\":\"https:\/\/contrib.city\/wp-content\/uploads\/2020\/01\/cropped-Parlons-de-nos-lieux-de-vie-2.jpg\",\"contentUrl\":\"https:\/\/contrib.city\/wp-content\/uploads\/2020\/01\/cropped-Parlons-de-nos-lieux-de-vie-2.jpg\",\"width\":1133,\"height\":218,\"caption\":\"ContribCity\"},\"image\":{\"@id\":\"https:\/\/contrib.city\/#\/schema\/logo\/image\/\"}},{\"@type\":\"Person\",\"@id\":\"https:\/\/contrib.city\/#\/schema\/person\/ec389c5a78a37ccaee4e8ce098099db5\",\"name\":\"Bertrand de Foucauld\",\"image\":{\"@type\":\"ImageObject\",\"inLanguage\":\"fr-FR\",\"@id\":\"https:\/\/secure.gravatar.com\/avatar\/c49e25550e4609092f7a00fb677a980813788778df987b36cad9b0fc85a8bf73?s=96&d=mm&r=g\",\"url\":\"https:\/\/secure.gravatar.com\/avatar\/c49e25550e4609092f7a00fb677a980813788778df987b36cad9b0fc85a8bf73?s=96&d=mm&r=g\",\"contentUrl\":\"https:\/\/secure.gravatar.com\/avatar\/c49e25550e4609092f7a00fb677a980813788778df987b36cad9b0fc85a8bf73?s=96&d=mm&r=g\",\"caption\":\"Bertrand de Foucauld\"},\"url\":\"https:\/\/contrib.city\/index.php\/author\/bertrand\/\"}]}<\/script>\n<!-- \/ Yoast SEO plugin. -->","yoast_head_json":{"title":"Metz Agglomeration (France) : Why So Many Underexploited Assets? - ContribCity","robots":{"index":"index","follow":"follow","max-snippet":"max-snippet:-1","max-image-preview":"max-image-preview:large","max-video-preview":"max-video-preview:-1"},"canonical":"https:\/\/contrib.city\/index.php\/en\/2019\/08\/26\/metz-agglomeration-france-why-so-many-underexploited-assets\/","og_locale":"fr_FR","og_type":"article","og_title":"Metz Agglomeration (France) : Why So Many Underexploited Assets? - ContribCity","og_description":"This beautiful city, whose first settlements date back to 3000 years before our era, is full of architectural, cultural and","og_url":"https:\/\/contrib.city\/index.php\/en\/2019\/08\/26\/metz-agglomeration-france-why-so-many-underexploited-assets\/","og_site_name":"ContribCity","article_published_time":"2019-08-25T22:40:48+00:00","article_modified_time":"2020-04-03T15:38:53+00:00","og_image":[{"width":1024,"height":809,"url":"https:\/\/contrib.city\/wp-content\/uploads\/2019\/08\/March\u00e9-sur-la-Place-Jean-Paul-II-Metz-d\u00e9tail-1-1024x809.jpg","type":"image\/jpeg"}],"author":"Bertrand de Foucauld","twitter_card":"summary_large_image","twitter_misc":{"\u00c9crit par":"Bertrand de Foucauld","Dur\u00e9e de lecture estim\u00e9e":"7 minutes"},"schema":{"@context":"https:\/\/schema.org","@graph":[{"@type":"Article","@id":"https:\/\/contrib.city\/index.php\/en\/2019\/08\/26\/metz-agglomeration-france-why-so-many-underexploited-assets\/#article","isPartOf":{"@id":"https:\/\/contrib.city\/index.php\/en\/2019\/08\/26\/metz-agglomeration-france-why-so-many-underexploited-assets\/"},"author":{"name":"Bertrand de Foucauld","@id":"https:\/\/contrib.city\/#\/schema\/person\/ec389c5a78a37ccaee4e8ce098099db5"},"headline":"Metz Agglomeration (France) : Why So Many Underexploited Assets?","datePublished":"2019-08-25T22:40:48+00:00","dateModified":"2020-04-03T15:38:53+00:00","mainEntityOfPage":{"@id":"https:\/\/contrib.city\/index.php\/en\/2019\/08\/26\/metz-agglomeration-france-why-so-many-underexploited-assets\/"},"wordCount":1423,"commentCount":0,"publisher":{"@id":"https:\/\/contrib.city\/#organization"},"image":{"@id":"https:\/\/contrib.city\/index.php\/en\/2019\/08\/26\/metz-agglomeration-france-why-so-many-underexploited-assets\/#primaryimage"},"thumbnailUrl":"https:\/\/contrib.city\/wp-content\/uploads\/2019\/08\/March\u00e9-sur-la-Place-Jean-Paul-II-Metz-d\u00e9tail-1.jpg","articleSection":["Economics\/Social","Planning"],"inLanguage":"fr-FR","potentialAction":[{"@type":"CommentAction","name":"Comment","target":["https:\/\/contrib.city\/index.php\/en\/2019\/08\/26\/metz-agglomeration-france-why-so-many-underexploited-assets\/#respond"]}]},{"@type":"WebPage","@id":"https:\/\/contrib.city\/index.php\/en\/2019\/08\/26\/metz-agglomeration-france-why-so-many-underexploited-assets\/","url":"https:\/\/contrib.city\/index.php\/en\/2019\/08\/26\/metz-agglomeration-france-why-so-many-underexploited-assets\/","name":"Metz Agglomeration (France) : Why So Many Underexploited Assets? - ContribCity","isPartOf":{"@id":"https:\/\/contrib.city\/#website"},"primaryImageOfPage":{"@id":"https:\/\/contrib.city\/index.php\/en\/2019\/08\/26\/metz-agglomeration-france-why-so-many-underexploited-assets\/#primaryimage"},"image":{"@id":"https:\/\/contrib.city\/index.php\/en\/2019\/08\/26\/metz-agglomeration-france-why-so-many-underexploited-assets\/#primaryimage"},"thumbnailUrl":"https:\/\/contrib.city\/wp-content\/uploads\/2019\/08\/March\u00e9-sur-la-Place-Jean-Paul-II-Metz-d\u00e9tail-1.jpg","datePublished":"2019-08-25T22:40:48+00:00","dateModified":"2020-04-03T15:38:53+00:00","breadcrumb":{"@id":"https:\/\/contrib.city\/index.php\/en\/2019\/08\/26\/metz-agglomeration-france-why-so-many-underexploited-assets\/#breadcrumb"},"inLanguage":"fr-FR","potentialAction":[{"@type":"ReadAction","target":["https:\/\/contrib.city\/index.php\/en\/2019\/08\/26\/metz-agglomeration-france-why-so-many-underexploited-assets\/"]}]},{"@type":"ImageObject","inLanguage":"fr-FR","@id":"https:\/\/contrib.city\/index.php\/en\/2019\/08\/26\/metz-agglomeration-france-why-so-many-underexploited-assets\/#primaryimage","url":"https:\/\/contrib.city\/wp-content\/uploads\/2019\/08\/March\u00e9-sur-la-Place-Jean-Paul-II-Metz-d\u00e9tail-1.jpg","contentUrl":"https:\/\/contrib.city\/wp-content\/uploads\/2019\/08\/March\u00e9-sur-la-Place-Jean-Paul-II-Metz-d\u00e9tail-1.jpg","width":3747,"height":2959},{"@type":"BreadcrumbList","@id":"https:\/\/contrib.city\/index.php\/en\/2019\/08\/26\/metz-agglomeration-france-why-so-many-underexploited-assets\/#breadcrumb","itemListElement":[{"@type":"ListItem","position":1,"name":"Home","item":"https:\/\/contrib.city\/"},{"@type":"ListItem","position":2,"name":"Metz Agglomeration (France) : Why So Many Underexploited Assets?"}]},{"@type":"WebSite","@id":"https:\/\/contrib.city\/#website","url":"https:\/\/contrib.city\/","name":"ContribCity","description":"Parlons de nos lieux de vie","publisher":{"@id":"https:\/\/contrib.city\/#organization"},"potentialAction":[{"@type":"SearchAction","target":{"@type":"EntryPoint","urlTemplate":"https:\/\/contrib.city\/?s={search_term_string}"},"query-input":{"@type":"PropertyValueSpecification","valueRequired":true,"valueName":"search_term_string"}}],"inLanguage":"fr-FR"},{"@type":"Organization","@id":"https:\/\/contrib.city\/#organization","name":"ContribCity","url":"https:\/\/contrib.city\/","logo":{"@type":"ImageObject","inLanguage":"fr-FR","@id":"https:\/\/contrib.city\/#\/schema\/logo\/image\/","url":"https:\/\/contrib.city\/wp-content\/uploads\/2020\/01\/cropped-Parlons-de-nos-lieux-de-vie-2.jpg","contentUrl":"https:\/\/contrib.city\/wp-content\/uploads\/2020\/01\/cropped-Parlons-de-nos-lieux-de-vie-2.jpg","width":1133,"height":218,"caption":"ContribCity"},"image":{"@id":"https:\/\/contrib.city\/#\/schema\/logo\/image\/"}},{"@type":"Person","@id":"https:\/\/contrib.city\/#\/schema\/person\/ec389c5a78a37ccaee4e8ce098099db5","name":"Bertrand de Foucauld","image":{"@type":"ImageObject","inLanguage":"fr-FR","@id":"https:\/\/secure.gravatar.com\/avatar\/c49e25550e4609092f7a00fb677a980813788778df987b36cad9b0fc85a8bf73?s=96&d=mm&r=g","url":"https:\/\/secure.gravatar.com\/avatar\/c49e25550e4609092f7a00fb677a980813788778df987b36cad9b0fc85a8bf73?s=96&d=mm&r=g","contentUrl":"https:\/\/secure.gravatar.com\/avatar\/c49e25550e4609092f7a00fb677a980813788778df987b36cad9b0fc85a8bf73?s=96&d=mm&r=g","caption":"Bertrand de Foucauld"},"url":"https:\/\/contrib.city\/index.php\/author\/bertrand\/"}]}},"jetpack_featured_media_url":"https:\/\/contrib.city\/wp-content\/uploads\/2019\/08\/March\u00e9-sur-la-Place-Jean-Paul-II-Metz-d\u00e9tail-1.jpg","jetpack_sharing_enabled":true,"post_mailing_queue_ids":[],"_links":{"self":[{"href":"https:\/\/contrib.city\/index.php\/wp-json\/wp\/v2\/posts\/706","targetHints":{"allow":["GET"]}}],"collection":[{"href":"https:\/\/contrib.city\/index.php\/wp-json\/wp\/v2\/posts"}],"about":[{"href":"https:\/\/contrib.city\/index.php\/wp-json\/wp\/v2\/types\/post"}],"author":[{"embeddable":true,"href":"https:\/\/contrib.city\/index.php\/wp-json\/wp\/v2\/users\/1"}],"replies":[{"embeddable":true,"href":"https:\/\/contrib.city\/index.php\/wp-json\/wp\/v2\/comments?post=706"}],"version-history":[{"count":29,"href":"https:\/\/contrib.city\/index.php\/wp-json\/wp\/v2\/posts\/706\/revisions"}],"predecessor-version":[{"id":2898,"href":"https:\/\/contrib.city\/index.php\/wp-json\/wp\/v2\/posts\/706\/revisions\/2898"}],"wp:featuredmedia":[{"embeddable":true,"href":"https:\/\/contrib.city\/index.php\/wp-json\/wp\/v2\/media\/745"}],"wp:attachment":[{"href":"https:\/\/contrib.city\/index.php\/wp-json\/wp\/v2\/media?parent=706"}],"wp:term":[{"taxonomy":"category","embeddable":true,"href":"https:\/\/contrib.city\/index.php\/wp-json\/wp\/v2\/categories?post=706"},{"taxonomy":"post_tag","embeddable":true,"href":"https:\/\/contrib.city\/index.php\/wp-json\/wp\/v2\/tags?post=706"}],"curies":[{"name":"wp","href":"https:\/\/api.w.org\/{rel}","templated":true}]}}