{"id":7134,"date":"2021-03-05T22:15:15","date_gmt":"2021-03-05T21:15:15","guid":{"rendered":"https:\/\/contrib.city\/?p=7134"},"modified":"2023-03-04T12:44:31","modified_gmt":"2023-03-04T11:44:31","slug":"le-proces-collectif-contre-la-mort","status":"publish","type":"post","link":"https:\/\/contrib.city\/index.php\/2021\/03\/05\/le-proces-collectif-contre-la-mort\/","title":{"rendered":"Le proc\u00e8s collectif contre la mort"},"content":{"rendered":"<p style=\"text-align: justify;\">Mercredi 3 mars, au Tribunal de Paris, a eu lieu le premier \u00e9pisode d&#8217;un <a href=\"https:\/\/contrib.city\/index.php\/2020\/11\/26\/sur-les-masques-le-tri-des-malades-le-rivotril-les-reponses-vont-tomber\/?highlight=Masques\" target=\"_blank\" rel=\"noopener\">proc\u00e8s en action collective<\/a> de plus de 600 plaignants contre plusieurs structures publiques et priv\u00e9es, dans le cadre de l&#8217;\u00e9pid\u00e9mie du Covid 19 et plus particuli\u00e8rement la gestion des masques et l&#8217;administration de psychotropes. Il s&#8217;agissait d&#8217;un <a href=\"https:\/\/aurelienbamde.com\/2019\/02\/19\/le-refere-probatoire-art-145-du-cpc\/\" target=\"_blank\" rel=\"noopener\">r\u00e9f\u00e9r\u00e9 probatoire<\/a> afin de d\u00e9terminer si <a href=\"https:\/\/documentcloud.adobe.com\/link\/track?uri=urn:aaid:scds:US:ea855663-7241-4df9-90d9-cbefbd24c693#pageNum=1\" target=\"_blank\" rel=\"noopener\">la plainte<\/a>, orchestr\u00e9e par <a href=\"https:\/\/www.leguevaques.com\/\" target=\"_blank\" rel=\"noopener\">Me L\u00e8guevaques<\/a>, \u00e9tait recevable. D&#8217;un c\u00f4t\u00e9, la souffrance commune face \u00e0 la mort de parents ou de proches, essentiellement dans des maisons de retraite, appel\u00e9es aujourd&#8217;hui <a href=\"https:\/\/www.capretraite.fr\/choisir-une-maison-de-retraite\/ehpad\/qu-est-ce-qu-un-ehpad\/\" target=\"_blank\" rel=\"noopener\">EPHAD<\/a>, ou dans des \u00e9tablissements de sant\u00e9. De l&#8217;autre, les d\u00e9fendeurs qui, tout en reconnaissant cette douleur, plaident une absence de lien entre les diff\u00e9rents plaignants. Les avocats de la d\u00e9fense \u00e9voquent aussi l&#8217;argument selon lequel les accusations manquent d&#8217;une base juridique commune : trop de plaintes diverses qui rendent invalide le recours \u00e0 une action collective.<\/p>\n<figure id=\"attachment_7142\" aria-describedby=\"caption-attachment-7142\" style=\"width: 800px\" class=\"wp-caption aligncenter\"><img loading=\"lazy\" decoding=\"async\" class=\"wp-image-7142 size-large\" src=\"https:\/\/contrib.city\/wp-content\/uploads\/2021\/03\/DSC05140-1024x768.jpg\" alt=\"\" width=\"800\" height=\"600\" srcset=\"https:\/\/contrib.city\/wp-content\/uploads\/2021\/03\/DSC05140-1024x768.jpg 1024w, https:\/\/contrib.city\/wp-content\/uploads\/2021\/03\/DSC05140-300x225.jpg 300w, https:\/\/contrib.city\/wp-content\/uploads\/2021\/03\/DSC05140-768x576.jpg 768w, https:\/\/contrib.city\/wp-content\/uploads\/2021\/03\/DSC05140-1536x1152.jpg 1536w, https:\/\/contrib.city\/wp-content\/uploads\/2021\/03\/DSC05140-2048x1536.jpg 2048w\" sizes=\"auto, (max-width: 800px) 100vw, 800px\" \/><figcaption id=\"caption-attachment-7142\" class=\"wp-caption-text\">Lucien Cavelier, un des militants du groupe des plaignants, durant une interview apr\u00e8s l&#8217;audience. Il est psychologue \u00e0 Marseille. Il a \u00e9crit <a href=\"https:\/\/editionduborrego.com\/index.php?id_product=83&amp;id_product_attribute=0&amp;rewrite=agonie-covid-19-chronique-d-une-decheance-politique&amp;controller=product&amp;id_lang=1\" target=\"_blank\" rel=\"noopener\"><em>Agonie Covid-19 : chronique d&#8217;une d\u00e9ch\u00e9ance politique<\/em><\/a>, publi\u00e9 en d\u00e9cembre 2020 par Eric Jamet Editeur. L&#8217;auteur analyse la situation sous l&#8217;angle psychologique, social et politique. De nombreux t\u00e9moignages viennent donner chair \u00e0 son ouvrage&nbsp; (photo BdF, le 03\/03\/2021).<\/figcaption><\/figure>\n<p style=\"text-align: justify;\">De ce proc\u00e8s, une impression claire se d\u00e9gage : celle de David contre Goliath. D&#8217;un c\u00f4t\u00e9, le peuple, essentiellement des personnes physiques (mais aussi quatre associations) aux capacit\u00e9s financi\u00e8res limit\u00e9es. De l&#8217;autre, \u00e0 c\u00f4t\u00e9 de la Ville de Paris, des mastodontes publics tels que la Direction g\u00e9n\u00e9rale de la sant\u00e9, l&#8217;Agence r\u00e9gionale de Sant\u00e9 d&#8217;Ile-de-France, la Haute autorit\u00e9 de sant\u00e9, l&#8217;Agence nationale de sant\u00e9 publique et enfin les Douanes, disposant de budgets illimit\u00e9s puisque d\u00e9pendant de l&#8217;Etat, directement ou indirectement, et que ce dernier peut s&#8217;endetter, pour l&#8217;instant, sans soucis de remboursement. A ces structures publiques, se sont joints des g\u00e9ants du priv\u00e9 &#8211; la <a href=\"https:\/\/www.fondation-de-rothschild.fr\/seniors\/\" target=\"_blank\" rel=\"noopener\">Fondation de Rothschild<\/a>, les <a href=\"https:\/\/www.axa.fr\/\" target=\"_blank\" rel=\"noopener\">Assurances Axa<\/a>, les distributeurs <a href=\"https:\/\/www.carrefour.fr\/\" target=\"_blank\" rel=\"noopener\">Carrefour<\/a> et <a href=\"https:\/\/www.e.leclerc\/\" target=\"_blank\" rel=\"noopener\">Leclerc<\/a>, sans oublier plusieurs autres structures : <a href=\"https:\/\/www.lna-sante.com\/qui-sommes-nous\/le-projet-dentreprise\/une-entreprise-familiale\" target=\"_blank\" rel=\"noopener\">LNA Sant\u00e9<\/a> dot\u00e9 tout de m\u00eame d&#8217;un personnel de 6500 salari\u00e9s et r\u00e9alisant un chiffres d&#8217;affaires de presque un demi-milliard d&#8217;euros, ainsi que les EHPAD <a href=\"https:\/\/www.ehpad.fr\/residence-ehpad\/ehpad-la-seigneurie\/\" target=\"_blank\" rel=\"noopener\">La Seigneurerie<\/a> et <a href=\"https:\/\/www.groupe-sos.org\/structure\/ehpad-camille-saint-saens\/\" target=\"_blank\" rel=\"noopener\">Camille St Sens<\/a> (Groupe SOS).<\/p>\n<p style=\"text-align: justify;\">D&#8217;un c\u00f4t\u00e9, un seul avocat, Ma\u00eetre Christophe L\u00e8guevaques, docteur en droit, qui <em>essaye de pousser les murs de la jurisprudence<\/em> selon ses propres mots lors de l&#8217;audience. De l&#8217;autre, un avocat par d\u00e9fendeur, c&#8217;est-\u00e0-dire une quinzaine en tout. Le procureur de la R\u00e9publique, la personne charg\u00e9e de repr\u00e9senter l&#8217;int\u00e9r\u00eat public, plaide pour l&#8217;irrecevabilit\u00e9 de la demande des plaignants : il se place, d\u00e8s lors, du c\u00f4t\u00e9 des d\u00e9fendeurs. Me L\u00e8guevaques est donc seul contre tous.<\/p>\n<figure id=\"attachment_7139\" aria-describedby=\"caption-attachment-7139\" style=\"width: 800px\" class=\"wp-caption aligncenter\"><img loading=\"lazy\" decoding=\"async\" class=\"wp-image-7139 size-large\" src=\"https:\/\/contrib.city\/wp-content\/uploads\/2021\/03\/DSC05143-1024x768.jpg\" alt=\"\" width=\"800\" height=\"600\" srcset=\"https:\/\/contrib.city\/wp-content\/uploads\/2021\/03\/DSC05143-1024x768.jpg 1024w, https:\/\/contrib.city\/wp-content\/uploads\/2021\/03\/DSC05143-300x225.jpg 300w, https:\/\/contrib.city\/wp-content\/uploads\/2021\/03\/DSC05143-768x576.jpg 768w, https:\/\/contrib.city\/wp-content\/uploads\/2021\/03\/DSC05143-1536x1152.jpg 1536w, https:\/\/contrib.city\/wp-content\/uploads\/2021\/03\/DSC05143-2048x1536.jpg 2048w\" sizes=\"auto, (max-width: 800px) 100vw, 800px\" \/><figcaption id=\"caption-attachment-7139\" class=\"wp-caption-text\">Ma\u00eetre Christophe L\u00e8guevaques, avocat unique des 624 plaignants (durant les plaidoiries), durant une interview apr\u00e8s l&#8217;audience. Son leitmotiv : <em>la cr\u00e9ativit\u00e9<\/em> (juridique) et d\u00e9velopper les <em>class actions<\/em> (action collectives) en France. (photo BdF, le 03\/03\/2021).<\/figcaption><\/figure>\n<figure id=\"attachment_7141\" aria-describedby=\"caption-attachment-7141\" style=\"width: 800px\" class=\"wp-caption aligncenter\"><img loading=\"lazy\" decoding=\"async\" class=\"wp-image-7141 size-large\" src=\"https:\/\/contrib.city\/wp-content\/uploads\/2021\/03\/Un-des-avocat-de-la-Defense-1024x734.jpg\" alt=\"\" width=\"800\" height=\"573\" srcset=\"https:\/\/contrib.city\/wp-content\/uploads\/2021\/03\/Un-des-avocat-de-la-Defense-1024x734.jpg 1024w, https:\/\/contrib.city\/wp-content\/uploads\/2021\/03\/Un-des-avocat-de-la-Defense-300x215.jpg 300w, https:\/\/contrib.city\/wp-content\/uploads\/2021\/03\/Un-des-avocat-de-la-Defense-768x550.jpg 768w, https:\/\/contrib.city\/wp-content\/uploads\/2021\/03\/Un-des-avocat-de-la-Defense-1536x1100.jpg 1536w, https:\/\/contrib.city\/wp-content\/uploads\/2021\/03\/Un-des-avocat-de-la-Defense-2048x1467.jpg 2048w\" sizes=\"auto, (max-width: 800px) 100vw, 800px\" \/><figcaption id=\"caption-attachment-7141\" class=\"wp-caption-text\">Un des quinze avocats de la d\u00e9fense, repr\u00e9sentant une des structures publiques nationales. Sa plaidoirie, clairement exprim\u00e9e, portait sur l&#8217;argument de la multiplicit\u00e9 des plaignants, sans r\u00e9el lien entre eux, et de la vari\u00e9t\u00e9 des demandes. D&#8217;apr\u00e8s lui, ces deux points sont incompatibles avec une action collective. (photo BdF, le 03\/03\/2021).<\/figcaption><\/figure>\n<p style=\"text-align: justify;\">Une question demeure : est-ce que les plaignants n&#8217;auraient pas plut\u00f4t d\u00fb poser ce d\u00e9bat dans la sph\u00e8re l\u00e9gislative? Ma\u00eetre L\u00e8guevaques, durant l&#8217;audience, a parl\u00e9 de son souhait de <em>cr\u00e9ativit\u00e9<\/em> en mati\u00e8re juridique. Et de la cr\u00e9ativit\u00e9, ce docteur n&#8217;en manque pas puisqu&#8217;il a cr\u00e9\u00e9 une plateforme d&#8217;actions collectives \u00e9quitables : <a href=\"https:\/\/www.mysmartcab.fr\/christophe-leguevaques\/\" target=\"_blank\" rel=\"noopener\">www.mysmartcab.fr<\/a>. Cependant, selon ce m\u00eame sp\u00e9cialiste, <em>Le droit fran\u00e7ais a attendu plus de 30 ans pour finalement accepter du bout des l\u00e8vres les &#8220;class-actions&#8221;<\/em> et le cadre l\u00e9gislatif fran\u00e7ais n&#8217;encourage pas vraiment ce type de proc\u00e9dure. <em><a href=\"https:\/\/www.leguevaques.com\/attachment\/920458\/\" target=\"_blank\" rel=\"noopener\">L\u2019arriv\u00e9e des &#8220;actions de groupe&#8221; \u00e0 partir de la loi Hamon de 2014 constitue en r\u00e9alit\u00e9 un trompe-l\u2019\u0153il<\/a>. L\u2019action de groupe [n&#8217;]est possible<\/em> [que] &#8220;Lorsque plusieurs personnes plac\u00e9es dans une situation similaire subissent un dommage caus\u00e9 par une m\u00eame personne, ayant pour cause commune un manquement de m\u00eame nature \u00e0 ses obligations l\u00e9gales ou contractuelles&#8221; (article 62 de la loi du 16 novembre 2016).<\/p>\n<p style=\"text-align: justify;\">La prochaine audience aura lieu le 9 juin 2021 durant laquelle le juge devrait donner sa d\u00e9cision \u00e0 savoir si la demande collective des 624 demandeurs est recevable. Cependant, quelle que soit la r\u00e9ponse du magistrat, face \u00e0 un passage in\u00e9luctable pour chacun d&#8217;entre nous, face au vieillissement biologique programm\u00e9 des cellules de notre corps, est-ce que ce proc\u00e8s ne nous renvoie \u00e0 la mani\u00e8re dont nous regardons nos a\u00een\u00e9s et la question spirituelle de la vie et de chacune de nos existences?&nbsp;<\/p>\n<p style=\"text-align: justify;\"><em>Photo de couverture : le parvis du Tribunal de Paris, dans le quartier des Batignoles, en plein r\u00e9am\u00e9nagement. Le 3 mars 2021, BdF.<\/em><\/p>\n<p>&nbsp;<\/p>\n<p>&nbsp;<\/p>\n<p>&nbsp;<\/p>\n","protected":false},"excerpt":{"rendered":"<p>Mercredi 3 mars, au Tribunal de Paris, a eu lieu le premier \u00e9pisode d&#8217;un proc\u00e8s en action collective de plus<\/p>\n","protected":false},"author":1,"featured_media":7138,"comment_status":"open","ping_status":"open","sticky":false,"template":"","format":"standard","meta":{"_acf_changed":false,"inline_featured_image":false,"_exactmetrics_skip_tracking":false,"_exactmetrics_sitenote_active":false,"_exactmetrics_sitenote_note":"","_exactmetrics_sitenote_category":0,"ngg_post_thumbnail":0,"_jetpack_memberships_contains_paid_content":false,"footnotes":""},"categories":[51,6,2],"tags":[],"class_list":["post-7134","post","type-post","status-publish","format-standard","has-post-thumbnail","hentry","category-economie-social","category-sante_fr","category-commerce-fr"],"acf":[],"yoast_head":"<!-- This site is optimized with the Yoast SEO plugin v27.2 - https:\/\/yoast.com\/product\/yoast-seo-wordpress\/ -->\n<title>Le proc\u00e8s collectif contre la mort - ContribCity<\/title>\n<meta name=\"robots\" content=\"index, follow, max-snippet:-1, max-image-preview:large, max-video-preview:-1\" \/>\n<link rel=\"canonical\" href=\"https:\/\/contrib.city\/index.php\/2021\/03\/05\/le-proces-collectif-contre-la-mort\/\" \/>\n<meta property=\"og:locale\" content=\"fr_FR\" \/>\n<meta property=\"og:type\" content=\"article\" \/>\n<meta property=\"og:title\" content=\"Le proc\u00e8s collectif contre la mort - ContribCity\" \/>\n<meta property=\"og:description\" content=\"Mercredi 3 mars, au Tribunal de Paris, a eu lieu le premier \u00e9pisode d&#8217;un proc\u00e8s en action collective de plus\" \/>\n<meta property=\"og:url\" content=\"https:\/\/contrib.city\/index.php\/2021\/03\/05\/le-proces-collectif-contre-la-mort\/\" \/>\n<meta property=\"og:site_name\" content=\"ContribCity\" \/>\n<meta property=\"article:published_time\" content=\"2021-03-05T21:15:15+00:00\" \/>\n<meta property=\"article:modified_time\" content=\"2023-03-04T11:44:31+00:00\" \/>\n<meta property=\"og:image\" content=\"https:\/\/contrib.city\/wp-content\/uploads\/2021\/03\/Parvis-du-Tribunal-de-Paris-scaled.jpg\" \/>\n\t<meta property=\"og:image:width\" content=\"2560\" \/>\n\t<meta property=\"og:image:height\" content=\"1920\" \/>\n\t<meta property=\"og:image:type\" content=\"image\/jpeg\" \/>\n<meta name=\"author\" content=\"Bertrand de Foucauld\" \/>\n<meta name=\"twitter:card\" content=\"summary_large_image\" \/>\n<meta name=\"twitter:label1\" content=\"\u00c9crit par\" \/>\n\t<meta name=\"twitter:data1\" content=\"Bertrand de Foucauld\" \/>\n\t<meta name=\"twitter:label2\" content=\"Dur\u00e9e de lecture estim\u00e9e\" \/>\n\t<meta name=\"twitter:data2\" content=\"5 minutes\" \/>\n<script type=\"application\/ld+json\" class=\"yoast-schema-graph\">{\"@context\":\"https:\/\/schema.org\",\"@graph\":[{\"@type\":\"Article\",\"@id\":\"https:\/\/contrib.city\/index.php\/2021\/03\/05\/le-proces-collectif-contre-la-mort\/#article\",\"isPartOf\":{\"@id\":\"https:\/\/contrib.city\/index.php\/2021\/03\/05\/le-proces-collectif-contre-la-mort\/\"},\"author\":{\"name\":\"Bertrand de Foucauld\",\"@id\":\"https:\/\/contrib.city\/#\/schema\/person\/ec389c5a78a37ccaee4e8ce098099db5\"},\"headline\":\"Le proc\u00e8s collectif contre la mort\",\"datePublished\":\"2021-03-05T21:15:15+00:00\",\"dateModified\":\"2023-03-04T11:44:31+00:00\",\"mainEntityOfPage\":{\"@id\":\"https:\/\/contrib.city\/index.php\/2021\/03\/05\/le-proces-collectif-contre-la-mort\/\"},\"wordCount\":910,\"commentCount\":2,\"publisher\":{\"@id\":\"https:\/\/contrib.city\/#organization\"},\"image\":{\"@id\":\"https:\/\/contrib.city\/index.php\/2021\/03\/05\/le-proces-collectif-contre-la-mort\/#primaryimage\"},\"thumbnailUrl\":\"https:\/\/contrib.city\/wp-content\/uploads\/2021\/03\/Parvis-du-Tribunal-de-Paris-scaled.jpg\",\"articleSection\":[\"Economie\/Social\",\"Sant\u00e9\",\"Vie quotidienne\"],\"inLanguage\":\"fr-FR\",\"potentialAction\":[{\"@type\":\"CommentAction\",\"name\":\"Comment\",\"target\":[\"https:\/\/contrib.city\/index.php\/2021\/03\/05\/le-proces-collectif-contre-la-mort\/#respond\"]}]},{\"@type\":\"WebPage\",\"@id\":\"https:\/\/contrib.city\/index.php\/2021\/03\/05\/le-proces-collectif-contre-la-mort\/\",\"url\":\"https:\/\/contrib.city\/index.php\/2021\/03\/05\/le-proces-collectif-contre-la-mort\/\",\"name\":\"Le proc\u00e8s collectif contre la mort - ContribCity\",\"isPartOf\":{\"@id\":\"https:\/\/contrib.city\/#website\"},\"primaryImageOfPage\":{\"@id\":\"https:\/\/contrib.city\/index.php\/2021\/03\/05\/le-proces-collectif-contre-la-mort\/#primaryimage\"},\"image\":{\"@id\":\"https:\/\/contrib.city\/index.php\/2021\/03\/05\/le-proces-collectif-contre-la-mort\/#primaryimage\"},\"thumbnailUrl\":\"https:\/\/contrib.city\/wp-content\/uploads\/2021\/03\/Parvis-du-Tribunal-de-Paris-scaled.jpg\",\"datePublished\":\"2021-03-05T21:15:15+00:00\",\"dateModified\":\"2023-03-04T11:44:31+00:00\",\"breadcrumb\":{\"@id\":\"https:\/\/contrib.city\/index.php\/2021\/03\/05\/le-proces-collectif-contre-la-mort\/#breadcrumb\"},\"inLanguage\":\"fr-FR\",\"potentialAction\":[{\"@type\":\"ReadAction\",\"target\":[\"https:\/\/contrib.city\/index.php\/2021\/03\/05\/le-proces-collectif-contre-la-mort\/\"]}]},{\"@type\":\"ImageObject\",\"inLanguage\":\"fr-FR\",\"@id\":\"https:\/\/contrib.city\/index.php\/2021\/03\/05\/le-proces-collectif-contre-la-mort\/#primaryimage\",\"url\":\"https:\/\/contrib.city\/wp-content\/uploads\/2021\/03\/Parvis-du-Tribunal-de-Paris-scaled.jpg\",\"contentUrl\":\"https:\/\/contrib.city\/wp-content\/uploads\/2021\/03\/Parvis-du-Tribunal-de-Paris-scaled.jpg\",\"width\":2560,\"height\":1920},{\"@type\":\"BreadcrumbList\",\"@id\":\"https:\/\/contrib.city\/index.php\/2021\/03\/05\/le-proces-collectif-contre-la-mort\/#breadcrumb\",\"itemListElement\":[{\"@type\":\"ListItem\",\"position\":1,\"name\":\"Home\",\"item\":\"https:\/\/contrib.city\/\"},{\"@type\":\"ListItem\",\"position\":2,\"name\":\"Le proc\u00e8s collectif contre la mort\"}]},{\"@type\":\"WebSite\",\"@id\":\"https:\/\/contrib.city\/#website\",\"url\":\"https:\/\/contrib.city\/\",\"name\":\"ContribCity\",\"description\":\"Parlons de nos lieux de vie\",\"publisher\":{\"@id\":\"https:\/\/contrib.city\/#organization\"},\"potentialAction\":[{\"@type\":\"SearchAction\",\"target\":{\"@type\":\"EntryPoint\",\"urlTemplate\":\"https:\/\/contrib.city\/?s={search_term_string}\"},\"query-input\":{\"@type\":\"PropertyValueSpecification\",\"valueRequired\":true,\"valueName\":\"search_term_string\"}}],\"inLanguage\":\"fr-FR\"},{\"@type\":\"Organization\",\"@id\":\"https:\/\/contrib.city\/#organization\",\"name\":\"ContribCity\",\"url\":\"https:\/\/contrib.city\/\",\"logo\":{\"@type\":\"ImageObject\",\"inLanguage\":\"fr-FR\",\"@id\":\"https:\/\/contrib.city\/#\/schema\/logo\/image\/\",\"url\":\"https:\/\/contrib.city\/wp-content\/uploads\/2020\/01\/cropped-Parlons-de-nos-lieux-de-vie-2.jpg\",\"contentUrl\":\"https:\/\/contrib.city\/wp-content\/uploads\/2020\/01\/cropped-Parlons-de-nos-lieux-de-vie-2.jpg\",\"width\":1133,\"height\":218,\"caption\":\"ContribCity\"},\"image\":{\"@id\":\"https:\/\/contrib.city\/#\/schema\/logo\/image\/\"}},{\"@type\":\"Person\",\"@id\":\"https:\/\/contrib.city\/#\/schema\/person\/ec389c5a78a37ccaee4e8ce098099db5\",\"name\":\"Bertrand de Foucauld\",\"image\":{\"@type\":\"ImageObject\",\"inLanguage\":\"fr-FR\",\"@id\":\"https:\/\/secure.gravatar.com\/avatar\/c49e25550e4609092f7a00fb677a980813788778df987b36cad9b0fc85a8bf73?s=96&d=mm&r=g\",\"url\":\"https:\/\/secure.gravatar.com\/avatar\/c49e25550e4609092f7a00fb677a980813788778df987b36cad9b0fc85a8bf73?s=96&d=mm&r=g\",\"contentUrl\":\"https:\/\/secure.gravatar.com\/avatar\/c49e25550e4609092f7a00fb677a980813788778df987b36cad9b0fc85a8bf73?s=96&d=mm&r=g\",\"caption\":\"Bertrand de Foucauld\"},\"url\":\"https:\/\/contrib.city\/index.php\/author\/bertrand\/\"}]}<\/script>\n<!-- \/ Yoast SEO plugin. -->","yoast_head_json":{"title":"Le proc\u00e8s collectif contre la mort - ContribCity","robots":{"index":"index","follow":"follow","max-snippet":"max-snippet:-1","max-image-preview":"max-image-preview:large","max-video-preview":"max-video-preview:-1"},"canonical":"https:\/\/contrib.city\/index.php\/2021\/03\/05\/le-proces-collectif-contre-la-mort\/","og_locale":"fr_FR","og_type":"article","og_title":"Le proc\u00e8s collectif contre la mort - ContribCity","og_description":"Mercredi 3 mars, au Tribunal de Paris, a eu lieu le premier \u00e9pisode d&#8217;un proc\u00e8s en action collective de plus","og_url":"https:\/\/contrib.city\/index.php\/2021\/03\/05\/le-proces-collectif-contre-la-mort\/","og_site_name":"ContribCity","article_published_time":"2021-03-05T21:15:15+00:00","article_modified_time":"2023-03-04T11:44:31+00:00","og_image":[{"width":2560,"height":1920,"url":"https:\/\/contrib.city\/wp-content\/uploads\/2021\/03\/Parvis-du-Tribunal-de-Paris-scaled.jpg","type":"image\/jpeg"}],"author":"Bertrand de Foucauld","twitter_card":"summary_large_image","twitter_misc":{"\u00c9crit par":"Bertrand de Foucauld","Dur\u00e9e de lecture estim\u00e9e":"5 minutes"},"schema":{"@context":"https:\/\/schema.org","@graph":[{"@type":"Article","@id":"https:\/\/contrib.city\/index.php\/2021\/03\/05\/le-proces-collectif-contre-la-mort\/#article","isPartOf":{"@id":"https:\/\/contrib.city\/index.php\/2021\/03\/05\/le-proces-collectif-contre-la-mort\/"},"author":{"name":"Bertrand de Foucauld","@id":"https:\/\/contrib.city\/#\/schema\/person\/ec389c5a78a37ccaee4e8ce098099db5"},"headline":"Le proc\u00e8s collectif contre la mort","datePublished":"2021-03-05T21:15:15+00:00","dateModified":"2023-03-04T11:44:31+00:00","mainEntityOfPage":{"@id":"https:\/\/contrib.city\/index.php\/2021\/03\/05\/le-proces-collectif-contre-la-mort\/"},"wordCount":910,"commentCount":2,"publisher":{"@id":"https:\/\/contrib.city\/#organization"},"image":{"@id":"https:\/\/contrib.city\/index.php\/2021\/03\/05\/le-proces-collectif-contre-la-mort\/#primaryimage"},"thumbnailUrl":"https:\/\/contrib.city\/wp-content\/uploads\/2021\/03\/Parvis-du-Tribunal-de-Paris-scaled.jpg","articleSection":["Economie\/Social","Sant\u00e9","Vie quotidienne"],"inLanguage":"fr-FR","potentialAction":[{"@type":"CommentAction","name":"Comment","target":["https:\/\/contrib.city\/index.php\/2021\/03\/05\/le-proces-collectif-contre-la-mort\/#respond"]}]},{"@type":"WebPage","@id":"https:\/\/contrib.city\/index.php\/2021\/03\/05\/le-proces-collectif-contre-la-mort\/","url":"https:\/\/contrib.city\/index.php\/2021\/03\/05\/le-proces-collectif-contre-la-mort\/","name":"Le proc\u00e8s collectif contre la mort - ContribCity","isPartOf":{"@id":"https:\/\/contrib.city\/#website"},"primaryImageOfPage":{"@id":"https:\/\/contrib.city\/index.php\/2021\/03\/05\/le-proces-collectif-contre-la-mort\/#primaryimage"},"image":{"@id":"https:\/\/contrib.city\/index.php\/2021\/03\/05\/le-proces-collectif-contre-la-mort\/#primaryimage"},"thumbnailUrl":"https:\/\/contrib.city\/wp-content\/uploads\/2021\/03\/Parvis-du-Tribunal-de-Paris-scaled.jpg","datePublished":"2021-03-05T21:15:15+00:00","dateModified":"2023-03-04T11:44:31+00:00","breadcrumb":{"@id":"https:\/\/contrib.city\/index.php\/2021\/03\/05\/le-proces-collectif-contre-la-mort\/#breadcrumb"},"inLanguage":"fr-FR","potentialAction":[{"@type":"ReadAction","target":["https:\/\/contrib.city\/index.php\/2021\/03\/05\/le-proces-collectif-contre-la-mort\/"]}]},{"@type":"ImageObject","inLanguage":"fr-FR","@id":"https:\/\/contrib.city\/index.php\/2021\/03\/05\/le-proces-collectif-contre-la-mort\/#primaryimage","url":"https:\/\/contrib.city\/wp-content\/uploads\/2021\/03\/Parvis-du-Tribunal-de-Paris-scaled.jpg","contentUrl":"https:\/\/contrib.city\/wp-content\/uploads\/2021\/03\/Parvis-du-Tribunal-de-Paris-scaled.jpg","width":2560,"height":1920},{"@type":"BreadcrumbList","@id":"https:\/\/contrib.city\/index.php\/2021\/03\/05\/le-proces-collectif-contre-la-mort\/#breadcrumb","itemListElement":[{"@type":"ListItem","position":1,"name":"Home","item":"https:\/\/contrib.city\/"},{"@type":"ListItem","position":2,"name":"Le proc\u00e8s collectif contre la mort"}]},{"@type":"WebSite","@id":"https:\/\/contrib.city\/#website","url":"https:\/\/contrib.city\/","name":"ContribCity","description":"Parlons de nos lieux de vie","publisher":{"@id":"https:\/\/contrib.city\/#organization"},"potentialAction":[{"@type":"SearchAction","target":{"@type":"EntryPoint","urlTemplate":"https:\/\/contrib.city\/?s={search_term_string}"},"query-input":{"@type":"PropertyValueSpecification","valueRequired":true,"valueName":"search_term_string"}}],"inLanguage":"fr-FR"},{"@type":"Organization","@id":"https:\/\/contrib.city\/#organization","name":"ContribCity","url":"https:\/\/contrib.city\/","logo":{"@type":"ImageObject","inLanguage":"fr-FR","@id":"https:\/\/contrib.city\/#\/schema\/logo\/image\/","url":"https:\/\/contrib.city\/wp-content\/uploads\/2020\/01\/cropped-Parlons-de-nos-lieux-de-vie-2.jpg","contentUrl":"https:\/\/contrib.city\/wp-content\/uploads\/2020\/01\/cropped-Parlons-de-nos-lieux-de-vie-2.jpg","width":1133,"height":218,"caption":"ContribCity"},"image":{"@id":"https:\/\/contrib.city\/#\/schema\/logo\/image\/"}},{"@type":"Person","@id":"https:\/\/contrib.city\/#\/schema\/person\/ec389c5a78a37ccaee4e8ce098099db5","name":"Bertrand de Foucauld","image":{"@type":"ImageObject","inLanguage":"fr-FR","@id":"https:\/\/secure.gravatar.com\/avatar\/c49e25550e4609092f7a00fb677a980813788778df987b36cad9b0fc85a8bf73?s=96&d=mm&r=g","url":"https:\/\/secure.gravatar.com\/avatar\/c49e25550e4609092f7a00fb677a980813788778df987b36cad9b0fc85a8bf73?s=96&d=mm&r=g","contentUrl":"https:\/\/secure.gravatar.com\/avatar\/c49e25550e4609092f7a00fb677a980813788778df987b36cad9b0fc85a8bf73?s=96&d=mm&r=g","caption":"Bertrand de Foucauld"},"url":"https:\/\/contrib.city\/index.php\/author\/bertrand\/"}]}},"jetpack_featured_media_url":"https:\/\/contrib.city\/wp-content\/uploads\/2021\/03\/Parvis-du-Tribunal-de-Paris-scaled.jpg","jetpack_sharing_enabled":true,"post_mailing_queue_ids":[],"_links":{"self":[{"href":"https:\/\/contrib.city\/index.php\/wp-json\/wp\/v2\/posts\/7134","targetHints":{"allow":["GET"]}}],"collection":[{"href":"https:\/\/contrib.city\/index.php\/wp-json\/wp\/v2\/posts"}],"about":[{"href":"https:\/\/contrib.city\/index.php\/wp-json\/wp\/v2\/types\/post"}],"author":[{"embeddable":true,"href":"https:\/\/contrib.city\/index.php\/wp-json\/wp\/v2\/users\/1"}],"replies":[{"embeddable":true,"href":"https:\/\/contrib.city\/index.php\/wp-json\/wp\/v2\/comments?post=7134"}],"version-history":[{"count":14,"href":"https:\/\/contrib.city\/index.php\/wp-json\/wp\/v2\/posts\/7134\/revisions"}],"predecessor-version":[{"id":7972,"href":"https:\/\/contrib.city\/index.php\/wp-json\/wp\/v2\/posts\/7134\/revisions\/7972"}],"wp:featuredmedia":[{"embeddable":true,"href":"https:\/\/contrib.city\/index.php\/wp-json\/wp\/v2\/media\/7138"}],"wp:attachment":[{"href":"https:\/\/contrib.city\/index.php\/wp-json\/wp\/v2\/media?parent=7134"}],"wp:term":[{"taxonomy":"category","embeddable":true,"href":"https:\/\/contrib.city\/index.php\/wp-json\/wp\/v2\/categories?post=7134"},{"taxonomy":"post_tag","embeddable":true,"href":"https:\/\/contrib.city\/index.php\/wp-json\/wp\/v2\/tags?post=7134"}],"curies":[{"name":"wp","href":"https:\/\/api.w.org\/{rel}","templated":true}]}}