{"id":7441,"date":"2021-05-14T18:12:11","date_gmt":"2021-05-14T16:12:11","guid":{"rendered":"https:\/\/contrib.city\/?p=7441"},"modified":"2023-11-04T12:17:06","modified_gmt":"2023-11-04T11:17:06","slug":"ecoute-bucheron-arrete-un-peu-ton-bras-plainte-contre-la-centralisation-et-lurbanisation-francilienne","status":"publish","type":"post","link":"https:\/\/contrib.city\/index.php\/2021\/05\/14\/ecoute-bucheron-arrete-un-peu-ton-bras-plainte-contre-la-centralisation-et-lurbanisation-francilienne\/","title":{"rendered":"Ecoute, B\u00fbcheron, arr\u00eate un peu ton bras!"},"content":{"rendered":"<p>(Plainte contre la centralisation fran\u00e7aise et l&#8217;urbanisation francilienne)<\/p>\n<p>Ecoute, B\u00fbcheron, arr\u00eate un peu le bras!<br \/>\nCe ne sont pas des bois que tu jettes \u00e0 bas:<br \/>\nNe vois-tu pas le sang, lequel d\u00e9goutte \u00e0 force<br \/>\nDes Nymphes qui vivaient dessous la dure \u00e9corce?<\/p>\n<p>Sacril\u00e8ge meurtrier, si on pend un voleur<br \/>\nPour piller un butin de bien peu de valeur,<br \/>\nCombien de feux, de fers, de morts et de d\u00e9tresses<br \/>\nM\u00e9rites-tu, m\u00e9chant, pour tuer des D\u00e9esses?<\/p>\n<p>For\u00eat, haute maison des oiseaux bocagers,<br \/>\nPlus le cerf solitaire et les chevreuils l\u00e9gers<br \/>\nNe pa\u00eetront sous ton ombre, et ta verte crini\u00e8re<br \/>\nPlus du soleil d&#8217;\u00e9t\u00e9 ne rompra la lumi\u00e8re,<\/p>\n<p>Plus l&#8217;amoureux pasteur sur un tronc adoss\u00e9,<br \/>\nEnflant son flageolet \u00e0 quatre trous perc\u00e9,<br \/>\nSon m\u00e2tin \u00e0 ses pieds, \u00e0 son flanc sa houlette,<br \/>\nNe dira plus l&#8217;ardeur de sa belle Janette.<\/p>\n<p>Tout deviendra bruyant, Echo mourra sans haine,<br \/>\nEn lieu de tes bois, tu deviendras zone urbaine<br \/>\nDont lentement se remue la chaleur certaine.<br \/>\nTu sentiras le goudron, le b\u00e9ton, vilaine!<br \/>\nTu perdras le silence et haletants d&#8217;effroi,<br \/>\nNi satyres ni Pans ne viendront plus chez toi.<\/p>\n<p><span class=\"d2edcug0 hpfvmrgz qv66sw1b c1et5uql lr9zc1uh a8c37x1j keod5gw0 nxhoafnm aigsh9s9 d3f4x2em fe6kdd0r mau55g9w c8b282yb iv3no6db jq4qci2q a3bd9o3v knj5qynh oo9gr5id\" dir=\"auto\" lang=\"fr\">Pierre de Ronsard (arrangement BdF)<\/span><\/p>\n<p>&nbsp;<\/p>\n","protected":false},"excerpt":{"rendered":"<p>(Plainte contre la centralisation fran\u00e7aise et l&#8217;urbanisation francilienne) Ecoute, B\u00fbcheron, arr\u00eate un peu le bras! Ce ne sont pas des<\/p>\n","protected":false},"author":1,"featured_media":6112,"comment_status":"open","ping_status":"open","sticky":false,"template":"","format":"standard","meta":{"_acf_changed":false,"inline_featured_image":false,"_exactmetrics_skip_tracking":false,"_exactmetrics_sitenote_active":false,"_exactmetrics_sitenote_note":"","_exactmetrics_sitenote_category":0,"ngg_post_thumbnail":0,"_jetpack_memberships_contains_paid_content":false,"footnotes":""},"categories":[43],"tags":[],"class_list":["post-7441","post","type-post","status-publish","format-standard","has-post-thumbnail","hentry","category-poesie-des-territoires"],"acf":[],"yoast_head":"<!-- This site is optimized with the Yoast SEO plugin v27.2 - https:\/\/yoast.com\/product\/yoast-seo-wordpress\/ -->\n<title>Ecoute, B\u00fbcheron, arr\u00eate un peu ton bras! - ContribCity<\/title>\n<meta name=\"robots\" content=\"index, follow, max-snippet:-1, max-image-preview:large, max-video-preview:-1\" \/>\n<link rel=\"canonical\" href=\"https:\/\/contrib.city\/index.php\/2021\/05\/14\/ecoute-bucheron-arrete-un-peu-ton-bras-plainte-contre-la-centralisation-et-lurbanisation-francilienne\/\" \/>\n<meta property=\"og:locale\" content=\"fr_FR\" \/>\n<meta property=\"og:type\" content=\"article\" \/>\n<meta property=\"og:title\" content=\"Ecoute, B\u00fbcheron, arr\u00eate un peu ton bras! - ContribCity\" \/>\n<meta property=\"og:description\" content=\"(Plainte contre la centralisation fran\u00e7aise et l&#8217;urbanisation francilienne) Ecoute, B\u00fbcheron, arr\u00eate un peu le bras! Ce ne sont pas des\" \/>\n<meta property=\"og:url\" content=\"https:\/\/contrib.city\/index.php\/2021\/05\/14\/ecoute-bucheron-arrete-un-peu-ton-bras-plainte-contre-la-centralisation-et-lurbanisation-francilienne\/\" \/>\n<meta property=\"og:site_name\" content=\"ContribCity\" \/>\n<meta property=\"article:published_time\" content=\"2021-05-14T16:12:11+00:00\" \/>\n<meta property=\"article:modified_time\" content=\"2023-11-04T11:17:06+00:00\" \/>\n<meta property=\"og:image\" content=\"https:\/\/contrib.city\/wp-content\/uploads\/2020\/11\/logo_petit-2.jpg\" \/>\n\t<meta property=\"og:image:width\" content=\"1133\" \/>\n\t<meta property=\"og:image:height\" content=\"814\" \/>\n\t<meta property=\"og:image:type\" content=\"image\/jpeg\" \/>\n<meta name=\"author\" content=\"Bertrand de Foucauld\" \/>\n<meta name=\"twitter:card\" content=\"summary_large_image\" \/>\n<meta name=\"twitter:label1\" content=\"\u00c9crit par\" \/>\n\t<meta name=\"twitter:data1\" content=\"Bertrand de Foucauld\" \/>\n\t<meta name=\"twitter:label2\" content=\"Dur\u00e9e de lecture estim\u00e9e\" \/>\n\t<meta name=\"twitter:data2\" content=\"1 minute\" \/>\n<script type=\"application\/ld+json\" class=\"yoast-schema-graph\">{\"@context\":\"https:\/\/schema.org\",\"@graph\":[{\"@type\":\"Article\",\"@id\":\"https:\/\/contrib.city\/index.php\/2021\/05\/14\/ecoute-bucheron-arrete-un-peu-ton-bras-plainte-contre-la-centralisation-et-lurbanisation-francilienne\/#article\",\"isPartOf\":{\"@id\":\"https:\/\/contrib.city\/index.php\/2021\/05\/14\/ecoute-bucheron-arrete-un-peu-ton-bras-plainte-contre-la-centralisation-et-lurbanisation-francilienne\/\"},\"author\":{\"name\":\"Bertrand de Foucauld\",\"@id\":\"https:\/\/contrib.city\/#\/schema\/person\/ec389c5a78a37ccaee4e8ce098099db5\"},\"headline\":\"Ecoute, B\u00fbcheron, arr\u00eate un peu ton bras!\",\"datePublished\":\"2021-05-14T16:12:11+00:00\",\"dateModified\":\"2023-11-04T11:17:06+00:00\",\"mainEntityOfPage\":{\"@id\":\"https:\/\/contrib.city\/index.php\/2021\/05\/14\/ecoute-bucheron-arrete-un-peu-ton-bras-plainte-contre-la-centralisation-et-lurbanisation-francilienne\/\"},\"wordCount\":215,\"commentCount\":4,\"publisher\":{\"@id\":\"https:\/\/contrib.city\/#organization\"},\"image\":{\"@id\":\"https:\/\/contrib.city\/index.php\/2021\/05\/14\/ecoute-bucheron-arrete-un-peu-ton-bras-plainte-contre-la-centralisation-et-lurbanisation-francilienne\/#primaryimage\"},\"thumbnailUrl\":\"https:\/\/contrib.city\/wp-content\/uploads\/2020\/11\/logo_petit-2.jpg\",\"articleSection\":[\"Po\u00e9sie Arts\"],\"inLanguage\":\"fr-FR\",\"potentialAction\":[{\"@type\":\"CommentAction\",\"name\":\"Comment\",\"target\":[\"https:\/\/contrib.city\/index.php\/2021\/05\/14\/ecoute-bucheron-arrete-un-peu-ton-bras-plainte-contre-la-centralisation-et-lurbanisation-francilienne\/#respond\"]}]},{\"@type\":\"WebPage\",\"@id\":\"https:\/\/contrib.city\/index.php\/2021\/05\/14\/ecoute-bucheron-arrete-un-peu-ton-bras-plainte-contre-la-centralisation-et-lurbanisation-francilienne\/\",\"url\":\"https:\/\/contrib.city\/index.php\/2021\/05\/14\/ecoute-bucheron-arrete-un-peu-ton-bras-plainte-contre-la-centralisation-et-lurbanisation-francilienne\/\",\"name\":\"Ecoute, B\u00fbcheron, arr\u00eate un peu ton bras! - ContribCity\",\"isPartOf\":{\"@id\":\"https:\/\/contrib.city\/#website\"},\"primaryImageOfPage\":{\"@id\":\"https:\/\/contrib.city\/index.php\/2021\/05\/14\/ecoute-bucheron-arrete-un-peu-ton-bras-plainte-contre-la-centralisation-et-lurbanisation-francilienne\/#primaryimage\"},\"image\":{\"@id\":\"https:\/\/contrib.city\/index.php\/2021\/05\/14\/ecoute-bucheron-arrete-un-peu-ton-bras-plainte-contre-la-centralisation-et-lurbanisation-francilienne\/#primaryimage\"},\"thumbnailUrl\":\"https:\/\/contrib.city\/wp-content\/uploads\/2020\/11\/logo_petit-2.jpg\",\"datePublished\":\"2021-05-14T16:12:11+00:00\",\"dateModified\":\"2023-11-04T11:17:06+00:00\",\"breadcrumb\":{\"@id\":\"https:\/\/contrib.city\/index.php\/2021\/05\/14\/ecoute-bucheron-arrete-un-peu-ton-bras-plainte-contre-la-centralisation-et-lurbanisation-francilienne\/#breadcrumb\"},\"inLanguage\":\"fr-FR\",\"potentialAction\":[{\"@type\":\"ReadAction\",\"target\":[\"https:\/\/contrib.city\/index.php\/2021\/05\/14\/ecoute-bucheron-arrete-un-peu-ton-bras-plainte-contre-la-centralisation-et-lurbanisation-francilienne\/\"]}]},{\"@type\":\"ImageObject\",\"inLanguage\":\"fr-FR\",\"@id\":\"https:\/\/contrib.city\/index.php\/2021\/05\/14\/ecoute-bucheron-arrete-un-peu-ton-bras-plainte-contre-la-centralisation-et-lurbanisation-francilienne\/#primaryimage\",\"url\":\"https:\/\/contrib.city\/wp-content\/uploads\/2020\/11\/logo_petit-2.jpg\",\"contentUrl\":\"https:\/\/contrib.city\/wp-content\/uploads\/2020\/11\/logo_petit-2.jpg\",\"width\":1133,\"height\":814},{\"@type\":\"BreadcrumbList\",\"@id\":\"https:\/\/contrib.city\/index.php\/2021\/05\/14\/ecoute-bucheron-arrete-un-peu-ton-bras-plainte-contre-la-centralisation-et-lurbanisation-francilienne\/#breadcrumb\",\"itemListElement\":[{\"@type\":\"ListItem\",\"position\":1,\"name\":\"Home\",\"item\":\"https:\/\/contrib.city\/\"},{\"@type\":\"ListItem\",\"position\":2,\"name\":\"Ecoute, B\u00fbcheron, arr\u00eate un peu ton bras!\"}]},{\"@type\":\"WebSite\",\"@id\":\"https:\/\/contrib.city\/#website\",\"url\":\"https:\/\/contrib.city\/\",\"name\":\"ContribCity\",\"description\":\"Parlons de nos lieux de vie\",\"publisher\":{\"@id\":\"https:\/\/contrib.city\/#organization\"},\"potentialAction\":[{\"@type\":\"SearchAction\",\"target\":{\"@type\":\"EntryPoint\",\"urlTemplate\":\"https:\/\/contrib.city\/?s={search_term_string}\"},\"query-input\":{\"@type\":\"PropertyValueSpecification\",\"valueRequired\":true,\"valueName\":\"search_term_string\"}}],\"inLanguage\":\"fr-FR\"},{\"@type\":\"Organization\",\"@id\":\"https:\/\/contrib.city\/#organization\",\"name\":\"ContribCity\",\"url\":\"https:\/\/contrib.city\/\",\"logo\":{\"@type\":\"ImageObject\",\"inLanguage\":\"fr-FR\",\"@id\":\"https:\/\/contrib.city\/#\/schema\/logo\/image\/\",\"url\":\"https:\/\/contrib.city\/wp-content\/uploads\/2020\/01\/cropped-Parlons-de-nos-lieux-de-vie-2.jpg\",\"contentUrl\":\"https:\/\/contrib.city\/wp-content\/uploads\/2020\/01\/cropped-Parlons-de-nos-lieux-de-vie-2.jpg\",\"width\":1133,\"height\":218,\"caption\":\"ContribCity\"},\"image\":{\"@id\":\"https:\/\/contrib.city\/#\/schema\/logo\/image\/\"}},{\"@type\":\"Person\",\"@id\":\"https:\/\/contrib.city\/#\/schema\/person\/ec389c5a78a37ccaee4e8ce098099db5\",\"name\":\"Bertrand de Foucauld\",\"image\":{\"@type\":\"ImageObject\",\"inLanguage\":\"fr-FR\",\"@id\":\"https:\/\/secure.gravatar.com\/avatar\/c49e25550e4609092f7a00fb677a980813788778df987b36cad9b0fc85a8bf73?s=96&d=mm&r=g\",\"url\":\"https:\/\/secure.gravatar.com\/avatar\/c49e25550e4609092f7a00fb677a980813788778df987b36cad9b0fc85a8bf73?s=96&d=mm&r=g\",\"contentUrl\":\"https:\/\/secure.gravatar.com\/avatar\/c49e25550e4609092f7a00fb677a980813788778df987b36cad9b0fc85a8bf73?s=96&d=mm&r=g\",\"caption\":\"Bertrand de Foucauld\"},\"url\":\"https:\/\/contrib.city\/index.php\/author\/bertrand\/\"}]}<\/script>\n<!-- \/ Yoast SEO plugin. -->","yoast_head_json":{"title":"Ecoute, B\u00fbcheron, arr\u00eate un peu ton bras! - ContribCity","robots":{"index":"index","follow":"follow","max-snippet":"max-snippet:-1","max-image-preview":"max-image-preview:large","max-video-preview":"max-video-preview:-1"},"canonical":"https:\/\/contrib.city\/index.php\/2021\/05\/14\/ecoute-bucheron-arrete-un-peu-ton-bras-plainte-contre-la-centralisation-et-lurbanisation-francilienne\/","og_locale":"fr_FR","og_type":"article","og_title":"Ecoute, B\u00fbcheron, arr\u00eate un peu ton bras! - ContribCity","og_description":"(Plainte contre la centralisation fran\u00e7aise et l&#8217;urbanisation francilienne) Ecoute, B\u00fbcheron, arr\u00eate un peu le bras! Ce ne sont pas des","og_url":"https:\/\/contrib.city\/index.php\/2021\/05\/14\/ecoute-bucheron-arrete-un-peu-ton-bras-plainte-contre-la-centralisation-et-lurbanisation-francilienne\/","og_site_name":"ContribCity","article_published_time":"2021-05-14T16:12:11+00:00","article_modified_time":"2023-11-04T11:17:06+00:00","og_image":[{"width":1133,"height":814,"url":"https:\/\/contrib.city\/wp-content\/uploads\/2020\/11\/logo_petit-2.jpg","type":"image\/jpeg"}],"author":"Bertrand de Foucauld","twitter_card":"summary_large_image","twitter_misc":{"\u00c9crit par":"Bertrand de Foucauld","Dur\u00e9e de lecture estim\u00e9e":"1 minute"},"schema":{"@context":"https:\/\/schema.org","@graph":[{"@type":"Article","@id":"https:\/\/contrib.city\/index.php\/2021\/05\/14\/ecoute-bucheron-arrete-un-peu-ton-bras-plainte-contre-la-centralisation-et-lurbanisation-francilienne\/#article","isPartOf":{"@id":"https:\/\/contrib.city\/index.php\/2021\/05\/14\/ecoute-bucheron-arrete-un-peu-ton-bras-plainte-contre-la-centralisation-et-lurbanisation-francilienne\/"},"author":{"name":"Bertrand de Foucauld","@id":"https:\/\/contrib.city\/#\/schema\/person\/ec389c5a78a37ccaee4e8ce098099db5"},"headline":"Ecoute, B\u00fbcheron, arr\u00eate un peu ton bras!","datePublished":"2021-05-14T16:12:11+00:00","dateModified":"2023-11-04T11:17:06+00:00","mainEntityOfPage":{"@id":"https:\/\/contrib.city\/index.php\/2021\/05\/14\/ecoute-bucheron-arrete-un-peu-ton-bras-plainte-contre-la-centralisation-et-lurbanisation-francilienne\/"},"wordCount":215,"commentCount":4,"publisher":{"@id":"https:\/\/contrib.city\/#organization"},"image":{"@id":"https:\/\/contrib.city\/index.php\/2021\/05\/14\/ecoute-bucheron-arrete-un-peu-ton-bras-plainte-contre-la-centralisation-et-lurbanisation-francilienne\/#primaryimage"},"thumbnailUrl":"https:\/\/contrib.city\/wp-content\/uploads\/2020\/11\/logo_petit-2.jpg","articleSection":["Po\u00e9sie Arts"],"inLanguage":"fr-FR","potentialAction":[{"@type":"CommentAction","name":"Comment","target":["https:\/\/contrib.city\/index.php\/2021\/05\/14\/ecoute-bucheron-arrete-un-peu-ton-bras-plainte-contre-la-centralisation-et-lurbanisation-francilienne\/#respond"]}]},{"@type":"WebPage","@id":"https:\/\/contrib.city\/index.php\/2021\/05\/14\/ecoute-bucheron-arrete-un-peu-ton-bras-plainte-contre-la-centralisation-et-lurbanisation-francilienne\/","url":"https:\/\/contrib.city\/index.php\/2021\/05\/14\/ecoute-bucheron-arrete-un-peu-ton-bras-plainte-contre-la-centralisation-et-lurbanisation-francilienne\/","name":"Ecoute, B\u00fbcheron, arr\u00eate un peu ton bras! - ContribCity","isPartOf":{"@id":"https:\/\/contrib.city\/#website"},"primaryImageOfPage":{"@id":"https:\/\/contrib.city\/index.php\/2021\/05\/14\/ecoute-bucheron-arrete-un-peu-ton-bras-plainte-contre-la-centralisation-et-lurbanisation-francilienne\/#primaryimage"},"image":{"@id":"https:\/\/contrib.city\/index.php\/2021\/05\/14\/ecoute-bucheron-arrete-un-peu-ton-bras-plainte-contre-la-centralisation-et-lurbanisation-francilienne\/#primaryimage"},"thumbnailUrl":"https:\/\/contrib.city\/wp-content\/uploads\/2020\/11\/logo_petit-2.jpg","datePublished":"2021-05-14T16:12:11+00:00","dateModified":"2023-11-04T11:17:06+00:00","breadcrumb":{"@id":"https:\/\/contrib.city\/index.php\/2021\/05\/14\/ecoute-bucheron-arrete-un-peu-ton-bras-plainte-contre-la-centralisation-et-lurbanisation-francilienne\/#breadcrumb"},"inLanguage":"fr-FR","potentialAction":[{"@type":"ReadAction","target":["https:\/\/contrib.city\/index.php\/2021\/05\/14\/ecoute-bucheron-arrete-un-peu-ton-bras-plainte-contre-la-centralisation-et-lurbanisation-francilienne\/"]}]},{"@type":"ImageObject","inLanguage":"fr-FR","@id":"https:\/\/contrib.city\/index.php\/2021\/05\/14\/ecoute-bucheron-arrete-un-peu-ton-bras-plainte-contre-la-centralisation-et-lurbanisation-francilienne\/#primaryimage","url":"https:\/\/contrib.city\/wp-content\/uploads\/2020\/11\/logo_petit-2.jpg","contentUrl":"https:\/\/contrib.city\/wp-content\/uploads\/2020\/11\/logo_petit-2.jpg","width":1133,"height":814},{"@type":"BreadcrumbList","@id":"https:\/\/contrib.city\/index.php\/2021\/05\/14\/ecoute-bucheron-arrete-un-peu-ton-bras-plainte-contre-la-centralisation-et-lurbanisation-francilienne\/#breadcrumb","itemListElement":[{"@type":"ListItem","position":1,"name":"Home","item":"https:\/\/contrib.city\/"},{"@type":"ListItem","position":2,"name":"Ecoute, B\u00fbcheron, arr\u00eate un peu ton bras!"}]},{"@type":"WebSite","@id":"https:\/\/contrib.city\/#website","url":"https:\/\/contrib.city\/","name":"ContribCity","description":"Parlons de nos lieux de vie","publisher":{"@id":"https:\/\/contrib.city\/#organization"},"potentialAction":[{"@type":"SearchAction","target":{"@type":"EntryPoint","urlTemplate":"https:\/\/contrib.city\/?s={search_term_string}"},"query-input":{"@type":"PropertyValueSpecification","valueRequired":true,"valueName":"search_term_string"}}],"inLanguage":"fr-FR"},{"@type":"Organization","@id":"https:\/\/contrib.city\/#organization","name":"ContribCity","url":"https:\/\/contrib.city\/","logo":{"@type":"ImageObject","inLanguage":"fr-FR","@id":"https:\/\/contrib.city\/#\/schema\/logo\/image\/","url":"https:\/\/contrib.city\/wp-content\/uploads\/2020\/01\/cropped-Parlons-de-nos-lieux-de-vie-2.jpg","contentUrl":"https:\/\/contrib.city\/wp-content\/uploads\/2020\/01\/cropped-Parlons-de-nos-lieux-de-vie-2.jpg","width":1133,"height":218,"caption":"ContribCity"},"image":{"@id":"https:\/\/contrib.city\/#\/schema\/logo\/image\/"}},{"@type":"Person","@id":"https:\/\/contrib.city\/#\/schema\/person\/ec389c5a78a37ccaee4e8ce098099db5","name":"Bertrand de Foucauld","image":{"@type":"ImageObject","inLanguage":"fr-FR","@id":"https:\/\/secure.gravatar.com\/avatar\/c49e25550e4609092f7a00fb677a980813788778df987b36cad9b0fc85a8bf73?s=96&d=mm&r=g","url":"https:\/\/secure.gravatar.com\/avatar\/c49e25550e4609092f7a00fb677a980813788778df987b36cad9b0fc85a8bf73?s=96&d=mm&r=g","contentUrl":"https:\/\/secure.gravatar.com\/avatar\/c49e25550e4609092f7a00fb677a980813788778df987b36cad9b0fc85a8bf73?s=96&d=mm&r=g","caption":"Bertrand de Foucauld"},"url":"https:\/\/contrib.city\/index.php\/author\/bertrand\/"}]}},"jetpack_featured_media_url":"https:\/\/contrib.city\/wp-content\/uploads\/2020\/11\/logo_petit-2.jpg","jetpack_sharing_enabled":true,"post_mailing_queue_ids":[],"_links":{"self":[{"href":"https:\/\/contrib.city\/index.php\/wp-json\/wp\/v2\/posts\/7441","targetHints":{"allow":["GET"]}}],"collection":[{"href":"https:\/\/contrib.city\/index.php\/wp-json\/wp\/v2\/posts"}],"about":[{"href":"https:\/\/contrib.city\/index.php\/wp-json\/wp\/v2\/types\/post"}],"author":[{"embeddable":true,"href":"https:\/\/contrib.city\/index.php\/wp-json\/wp\/v2\/users\/1"}],"replies":[{"embeddable":true,"href":"https:\/\/contrib.city\/index.php\/wp-json\/wp\/v2\/comments?post=7441"}],"version-history":[{"count":10,"href":"https:\/\/contrib.city\/index.php\/wp-json\/wp\/v2\/posts\/7441\/revisions"}],"predecessor-version":[{"id":9036,"href":"https:\/\/contrib.city\/index.php\/wp-json\/wp\/v2\/posts\/7441\/revisions\/9036"}],"wp:featuredmedia":[{"embeddable":true,"href":"https:\/\/contrib.city\/index.php\/wp-json\/wp\/v2\/media\/6112"}],"wp:attachment":[{"href":"https:\/\/contrib.city\/index.php\/wp-json\/wp\/v2\/media?parent=7441"}],"wp:term":[{"taxonomy":"category","embeddable":true,"href":"https:\/\/contrib.city\/index.php\/wp-json\/wp\/v2\/categories?post=7441"},{"taxonomy":"post_tag","embeddable":true,"href":"https:\/\/contrib.city\/index.php\/wp-json\/wp\/v2\/tags?post=7441"}],"curies":[{"name":"wp","href":"https:\/\/api.w.org\/{rel}","templated":true}]}}