{"id":7527,"date":"2021-06-01T11:17:22","date_gmt":"2021-06-01T09:17:22","guid":{"rendered":"https:\/\/contrib.city\/?p=7527"},"modified":"2021-06-11T18:01:38","modified_gmt":"2021-06-11T16:01:38","slug":"concerto-for-clarinet-and-string-orchestra-with-harp-and-piano-by-aaron-copland","status":"publish","type":"post","link":"https:\/\/contrib.city\/index.php\/en\/2021\/06\/01\/concerto-for-clarinet-and-string-orchestra-with-harp-and-piano-by-aaron-copland\/","title":{"rendered":"Concerto for clarinet and string orchestra (with Harp and Piano) by Aaron Copland"},"content":{"rendered":"<p style=\"text-align: justify;\">Born in the neighbourhoods of Brooklyn in 1900, Aaron Copland is the fifth and youngest child of a Russian family Jewish by origin. It is one of his sisters, Laurine, who introduced him to the music with the piano practice and the discovery of the ragtime just as that of the opera.<\/p>\n<p style=\"text-align: justify;\">In the age of 17, he then studied the harmony, the counter point as well as the composition for four years with Rubin Goldmark, an early XXth century American composer and professor, a professor of Gershwin too. Despite Copland\u2019s criticism of his teacher who he described as \u2018too pedantic and academic\u2019, the teaching of Goldmark enabled him to develop good musical base for his musical career.<a class=\"sdendnoteanc\" href=\"#sdendnote1sym\" name=\"sdendnote1anc\"><\/a><\/p>\n<figure style=\"width: 432px\" class=\"wp-caption aligncenter\"><img loading=\"lazy\" decoding=\"async\" src=\"https:\/\/cdn.britannica.com\/33\/166833-004-79568B0E.jpg\" alt=\"Rubin Goldmark - Students | Britannica Kids | Homework Help\" width=\"432\" height=\"443\"><figcaption class=\"wp-caption-text\">Rubin Goldmark (1872-1936)<\/figcaption><\/figure>\n<p style=\"text-align: justify;\">Copland attended shows of the modern American dancer, Isadora Duncan. He also went to see the Russian Ballets of Serge de Diaghilev.<\/p>\n<p style=\"text-align: justify;\">In 1921, after having saved sufficient money, he moved to Paris and studied at the American Conservatory of Fontainebleau, he then studied the composition with French composer Nadia Boulanger who gave him confidence in himself and encouraged him to write his own music: <em>One could immediately foresee his talent<\/em> according to Boulanger and Copland said <em>I understood immediately that I had found my master<\/em>.<\/p>\n<p style=\"text-align: justify;\">Thanks to his relationship with Boulanger, Copland had the chance to meet famous composers such as Stravinsky and Poulenc and was even published by the editor of Debussy. He returned to the US in 1925 with an optimistic perception and an enthusiastic outlook for future and met Serge Koussevitzky (1874-1951), the musical director of the Boston Symphony Orchestra, who would (eventually) become another mentor of his.<\/p>\n<figure style=\"width: 398px\" class=\"wp-caption aligncenter\"><img loading=\"lazy\" decoding=\"async\" src=\"https:\/\/pages.stolaf.edu\/wp-content\/uploads\/sites\/593\/2015\/03\/NBCopland.jpg\" alt=\"NBCopland\" width=\"398\" height=\"352\"><figcaption class=\"wp-caption-text\">Aaron Copland and Nadia Boulanger (1887-1979)<\/figcaption><\/figure>\n<p style=\"text-align: justify;\">Copland was considered by his contemporaries as <em>The Dean of American Composers<\/em>. The musical styles used in his works are marked by several periods however, without frankly hearing each defining element rather a synthesis of each. He represents the contemporary American music.<\/p>\n<p style=\"text-align: justify;\">In his younger years, an impressionist and post-romantic tendency emerged with the characteristics of composers such as Claude Debussy (1862-1918) or Scriabin (1871-1915). The Jazz also debuted in Copland\u2019s works, a musical style he discovered in New York. The \u2018Groupe des Six\u2019 (The Band of the Six) between 1916 and 1923 with Darius Milhaud and Francis Poulenc among others, had an influence over his aesthetics.<\/p>\n<figure style=\"width: 401px\" class=\"wp-caption aligncenter\"><img loading=\"lazy\" decoding=\"async\" src=\"https:\/\/upload.wikimedia.org\/wikipedia\/commons\/2\/2c\/J_E_Blanche_le_groupe_des_six_1922.jpg\" alt=\"Image dans Infobox.\" width=\"401\" height=\"694\"><figcaption class=\"wp-caption-text\">The \u2018Groupe des Six\u2019 (The Band of the Six)<\/figcaption><\/figure>\n<p style=\"text-align: justify;\"><a class=\"sdendnoteanc\" href=\"#sdendnote2sym\" name=\"sdendnote2anc\"><\/a>Another period then came from the 1930s representing an austere and rough harmony, very dissonant. Followed by a deliberately accessible style that the composer called <em>vernacular<\/em>, embellished by materials from Klezmer, from African-Americans and from Latinos. He tried his hand at the twelve-tone style in the 1950s. Aaron Copland died at the age of 90 years in 1990, of Alzheimer\u2019s disease.<\/p>\n<p style=\"text-align: justify;\">His melodies are hardly developed, often they appear in the form of vivid themes, of musical ideas which will be taken up later in more detail. The great works left, come mainly from the years between 1930 and 1940 in his Populist period with a ballet named Appalachian Spring (1944), then another over the American folklore Billy the Kid (1938, a popular Mexican music El salon Mexico (1932-36), his Symphony No. 3 (1944-46), his Fanfare for the Common Manet (1942) and many others.<\/p>\n<figure style=\"width: 390px\" class=\"wp-caption aligncenter\"><img loading=\"lazy\" decoding=\"async\" src=\"https:\/\/images-na.ssl-images-amazon.com\/images\/I\/51dY-qyYc5L.jpg\" alt=\"Unknown - Copland: Appalachian Spring; Barber: Adagio for Strings - Amazon.com Music\" width=\"390\" height=\"390\"><figcaption class=\"wp-caption-text\">Album: <em>Appalachian Spring<\/em> by Leonard Bernstein<\/figcaption><\/figure>\n<p style=\"text-align: justify;\">Now let\u2019s focus on<a class=\"sdendnoteanc\" href=\"#sdendnote3sym\" name=\"sdendnote3anc\"><\/a> the Clarinet Concerto which is the second and the last concerto (Piano Concerto in 1926) as a genre that Copland would utilise in his musical life.<\/p>\n<p style=\"text-align: justify;\">After the premiere of his Symphony No. 3, the Jazz Clarinettist Benny Goodman commissioned a piece from him about which he said: <em>I did not make any request as to what Copland should write. He had all the liberty, except that I should have the exclusive right to perform the composition for two years<\/em>. It will be written between 1947 and 1948.<\/p>\n<p style=\"text-align: justify;\">This concerto is composed of two connected movements with a solo clarinet cadence in the middle for a duration of around a quarter of an hour.<\/p>\n<p style=\"text-align: justify;\">The first movement <i>Slowly and Expressively<\/i> (<img loading=\"lazy\" decoding=\"async\" class=\"\" title=\"noire\" src=\"https:\/\/www.apprendrelesolfege.com\/_dl\/images\/noire-figure-de-note.jpg\" alt=\"noire\" width=\"9\" height=\"32\"> = circa 69) of the form A B A (Lied (<i>Music in German<\/i>)) is passionate with a perfectly romantic theme, one of Copland\u2019s favourite: <i>I believe that this will make everyone cry.<\/i> The composer explained that the expression of this bitter-sweet lyricism came from his loneliness but also from his homosexuality.<\/p>\n<p><img loading=\"lazy\" decoding=\"async\" class=\"aligncenter\" src=\"http:\/\/cdn.shopify.com\/s\/files\/1\/2337\/0861\/products\/img192_grande.jpg?v=1538533927\" alt=\"Copland, Aaron: Clarinet Concerto, piano reduction | CAMco\" width=\"510\" height=\"680\"><\/p>\n<p style=\"text-align: justify;\">The central part, <i>Cadenza<\/i> (freely), enabled the artist to express himself with virtuosity, thanks to the implementation\/positioning of Latino-Americans\u2019 <i>Jazz<\/i> themes in the premise of the following movement.<\/p>\n<p style=\"text-align: justify;\">The second movement, <i>Rather fast<\/i> (<img loading=\"lazy\" decoding=\"async\" src=\"file:\/\/\/C:\/Users\/Home\/AppData\/Local\/Temp\/lu14140yobty3.tmp\/lu14140yobtyz_tmp_ff17c49c0b8539f5.jpg\" name=\"Picture 7\" width=\"13\" vspace=\"1\" height=\"46\" border=\"0\" align=\"bottom\"> =120-126), is of the Rondo form (A \/ B \/ A \/ C \/ A \/ D \/ A \/ coda) showing a reference to the <i>Swing music<\/i> with a stimulating syncopated rhythm, that will lead to a coda in C major on a glissando, or <em>smear<\/em> in the jazzy language echoing Gershwin\u2019s Rhapsody in Blue. Copland notifies that his finale is derived from <i>an unconscious fusion of elements clearly related to the popular music of the North and South-American<\/i> (<i>for example, a line from a Brazillian tune popular nowadays that I had heard in Rio, has been incorporated in the secondary material<\/i>).<\/p>\n<p><img loading=\"lazy\" decoding=\"async\" class=\"aligncenter\" src=\"https:\/\/i.ytimg.com\/vi\/RaF1dvzJ0Bc\/maxresdefault.jpg\" alt=\"Aaron Copland - Concerto for Clarinet, Strings, Harp and Piano (1947-49) [Score-Video] - YouTube\" width=\"703\" height=\"395\"><\/p>\n<p>The cadence together with the final section of the piece were written especially for Benny Goodman. He replied to the composer that <i>he was only a simple jazzman <\/i>with delicate technical challenges to play. A correction will\/would<a class=\"sdendnoteanc\" href=\"#sdendnote5sym\" name=\"sdendnote5anc\"><sup>v<\/sup><\/a> be made to the original score\/notation to the level of the coda in particular with advice noted in pencil by Goodman with a mention: <i>First Version \u2013 later revised \u2013 of the Coda of the Concerto for Clarinet (very difficult for Benny Goodman).<\/i><\/p>\n<p>A clarinettist, Charles Neidich, played that in 2000 and wrote about the 1948 version: <i>\u2026of this coda, supplemented\/finished by an extremely brilliant part of clarinet : cascading arpeggios which (Copland) deemed too difficult to be played on the clarinet \/ deemed to be too difficult for the clarinet and which in the revised version was entrusted to the piano.<\/i><\/p>\n<p><iframe loading=\"lazy\" title=\"Clarinet Concerto: Rather fast\" width=\"800\" height=\"600\" src=\"https:\/\/www.youtube.com\/embed\/Wkw95tllQK0?feature=oembed\" frameborder=\"0\" allow=\"accelerometer; autoplay; clipboard-write; encrypted-media; gyroscope; picture-in-picture; web-share\" allowfullscreen><\/iframe><\/p>\n<p><span style=\"color: #000000;\">Extract of <i>Rather Fast<\/i> (second movement) by Charles Neidich for the cadence of 1948 recorded in 2000.<\/span><\/p>\n<p style=\"text-align: justify;\">Goodman still not confident of playing it, Copland, however, managed to fix a date with the Philadelphia Orchestra on 28 November 1950. Having learned\/informed of it, Goodman hastened to play it on 6 November at a radio concert ahead of the world premier with the NBC symphony orchestra conducted by Reiner.<\/p>\n<p style=\"text-align: justify;\">Two transcripts have been recorded between the clarinettist and under the direction of composer.<\/p>\n<p><iframe loading=\"lazy\" title=\"Benny Goodman - Copland Concerto for Clarinet and String Orchestra\" width=\"800\" height=\"600\" src=\"https:\/\/www.youtube.com\/embed\/PmMFL1zZ-tU?feature=oembed\" frameborder=\"0\" allow=\"accelerometer; autoplay; clipboard-write; encrypted-media; gyroscope; picture-in-picture; web-share\" allowfullscreen><\/iframe><\/p>\n<p>Recording performed by Benny Goodman (clarinettist) and the Columbia Symphony Orchestra under the direction of Aaron Copland (1963).<\/p>\n<p><em>Cover photo : Aaron Copland.<\/em><br \/>\n<em>Edition :&nbsp; BdF.<\/em><br \/>\n<em>Translation: Vidhi Taparia, BdF.<\/em><\/p>\n<div id=\"sdendnote1\">\n<p class=\"sdendnote\"><a class=\"sdendnotesym\" href=\"#sdendnote1anc\" name=\"sdendnote1sym\"><\/a><\/p>\n<\/div>\n","protected":false},"excerpt":{"rendered":"<p>Born in the neighbourhoods of Brooklyn in 1900, Aaron Copland is the fifth and youngest child of a Russian family<\/p>\n","protected":false},"author":1,"featured_media":7457,"comment_status":"open","ping_status":"open","sticky":false,"template":"","format":"standard","meta":{"_acf_changed":false,"inline_featured_image":false,"_exactmetrics_skip_tracking":false,"_exactmetrics_sitenote_active":false,"_exactmetrics_sitenote_note":"","_exactmetrics_sitenote_category":0,"ngg_post_thumbnail":0,"_jetpack_memberships_contains_paid_content":false,"footnotes":""},"categories":[45],"tags":[],"class_list":["post-7527","post","type-post","status-publish","format-standard","has-post-thumbnail","hentry","category-poesie-des-territoires_en"],"acf":[],"yoast_head":"<!-- This site is optimized with the Yoast SEO plugin v27.2 - https:\/\/yoast.com\/product\/yoast-seo-wordpress\/ -->\n<title>Concerto for clarinet and string orchestra (with Harp and Piano) by Aaron Copland - ContribCity<\/title>\n<meta name=\"robots\" content=\"index, follow, max-snippet:-1, max-image-preview:large, max-video-preview:-1\" \/>\n<link rel=\"canonical\" href=\"https:\/\/contrib.city\/index.php\/en\/2021\/06\/01\/concerto-for-clarinet-and-string-orchestra-with-harp-and-piano-by-aaron-copland\/\" \/>\n<meta property=\"og:locale\" content=\"fr_FR\" \/>\n<meta property=\"og:type\" content=\"article\" \/>\n<meta property=\"og:title\" content=\"Concerto for clarinet and string orchestra (with Harp and Piano) by Aaron Copland - ContribCity\" \/>\n<meta property=\"og:description\" content=\"Born in the neighbourhoods of Brooklyn in 1900, Aaron Copland is the fifth and youngest child of a Russian family\" \/>\n<meta property=\"og:url\" content=\"https:\/\/contrib.city\/index.php\/en\/2021\/06\/01\/concerto-for-clarinet-and-string-orchestra-with-harp-and-piano-by-aaron-copland\/\" \/>\n<meta property=\"og:site_name\" content=\"ContribCity\" \/>\n<meta property=\"article:published_time\" content=\"2021-06-01T09:17:22+00:00\" \/>\n<meta property=\"article:modified_time\" content=\"2021-06-11T16:01:38+00:00\" \/>\n<meta property=\"og:image\" content=\"https:\/\/contrib.city\/wp-content\/uploads\/2021\/05\/600x337_gettyimages-aaron_copland.jpg\" \/>\n\t<meta property=\"og:image:width\" content=\"600\" \/>\n\t<meta property=\"og:image:height\" content=\"337\" \/>\n\t<meta property=\"og:image:type\" content=\"image\/jpeg\" \/>\n<meta name=\"author\" content=\"Bertrand de Foucauld\" \/>\n<meta name=\"twitter:card\" content=\"summary_large_image\" \/>\n<meta name=\"twitter:label1\" content=\"\u00c9crit par\" \/>\n\t<meta name=\"twitter:data1\" content=\"Bertrand de Foucauld\" \/>\n\t<meta name=\"twitter:label2\" content=\"Dur\u00e9e de lecture estim\u00e9e\" \/>\n\t<meta name=\"twitter:data2\" content=\"7 minutes\" \/>\n<script type=\"application\/ld+json\" class=\"yoast-schema-graph\">{\"@context\":\"https:\/\/schema.org\",\"@graph\":[{\"@type\":\"Article\",\"@id\":\"https:\/\/contrib.city\/index.php\/en\/2021\/06\/01\/concerto-for-clarinet-and-string-orchestra-with-harp-and-piano-by-aaron-copland\/#article\",\"isPartOf\":{\"@id\":\"https:\/\/contrib.city\/index.php\/en\/2021\/06\/01\/concerto-for-clarinet-and-string-orchestra-with-harp-and-piano-by-aaron-copland\/\"},\"author\":{\"name\":\"Bertrand de Foucauld\",\"@id\":\"https:\/\/contrib.city\/#\/schema\/person\/ec389c5a78a37ccaee4e8ce098099db5\"},\"headline\":\"Concerto for clarinet and string orchestra (with Harp and Piano) by Aaron Copland\",\"datePublished\":\"2021-06-01T09:17:22+00:00\",\"dateModified\":\"2021-06-11T16:01:38+00:00\",\"mainEntityOfPage\":{\"@id\":\"https:\/\/contrib.city\/index.php\/en\/2021\/06\/01\/concerto-for-clarinet-and-string-orchestra-with-harp-and-piano-by-aaron-copland\/\"},\"wordCount\":1129,\"commentCount\":0,\"publisher\":{\"@id\":\"https:\/\/contrib.city\/#organization\"},\"image\":{\"@id\":\"https:\/\/contrib.city\/index.php\/en\/2021\/06\/01\/concerto-for-clarinet-and-string-orchestra-with-harp-and-piano-by-aaron-copland\/#primaryimage\"},\"thumbnailUrl\":\"https:\/\/contrib.city\/wp-content\/uploads\/2021\/05\/600x337_gettyimages-aaron_copland.jpg\",\"articleSection\":[\"Territories Poetry\"],\"inLanguage\":\"fr-FR\",\"potentialAction\":[{\"@type\":\"CommentAction\",\"name\":\"Comment\",\"target\":[\"https:\/\/contrib.city\/index.php\/en\/2021\/06\/01\/concerto-for-clarinet-and-string-orchestra-with-harp-and-piano-by-aaron-copland\/#respond\"]}]},{\"@type\":\"WebPage\",\"@id\":\"https:\/\/contrib.city\/index.php\/en\/2021\/06\/01\/concerto-for-clarinet-and-string-orchestra-with-harp-and-piano-by-aaron-copland\/\",\"url\":\"https:\/\/contrib.city\/index.php\/en\/2021\/06\/01\/concerto-for-clarinet-and-string-orchestra-with-harp-and-piano-by-aaron-copland\/\",\"name\":\"Concerto for clarinet and string orchestra (with Harp and Piano) by Aaron Copland - ContribCity\",\"isPartOf\":{\"@id\":\"https:\/\/contrib.city\/#website\"},\"primaryImageOfPage\":{\"@id\":\"https:\/\/contrib.city\/index.php\/en\/2021\/06\/01\/concerto-for-clarinet-and-string-orchestra-with-harp-and-piano-by-aaron-copland\/#primaryimage\"},\"image\":{\"@id\":\"https:\/\/contrib.city\/index.php\/en\/2021\/06\/01\/concerto-for-clarinet-and-string-orchestra-with-harp-and-piano-by-aaron-copland\/#primaryimage\"},\"thumbnailUrl\":\"https:\/\/contrib.city\/wp-content\/uploads\/2021\/05\/600x337_gettyimages-aaron_copland.jpg\",\"datePublished\":\"2021-06-01T09:17:22+00:00\",\"dateModified\":\"2021-06-11T16:01:38+00:00\",\"breadcrumb\":{\"@id\":\"https:\/\/contrib.city\/index.php\/en\/2021\/06\/01\/concerto-for-clarinet-and-string-orchestra-with-harp-and-piano-by-aaron-copland\/#breadcrumb\"},\"inLanguage\":\"fr-FR\",\"potentialAction\":[{\"@type\":\"ReadAction\",\"target\":[\"https:\/\/contrib.city\/index.php\/en\/2021\/06\/01\/concerto-for-clarinet-and-string-orchestra-with-harp-and-piano-by-aaron-copland\/\"]}]},{\"@type\":\"ImageObject\",\"inLanguage\":\"fr-FR\",\"@id\":\"https:\/\/contrib.city\/index.php\/en\/2021\/06\/01\/concerto-for-clarinet-and-string-orchestra-with-harp-and-piano-by-aaron-copland\/#primaryimage\",\"url\":\"https:\/\/contrib.city\/wp-content\/uploads\/2021\/05\/600x337_gettyimages-aaron_copland.jpg\",\"contentUrl\":\"https:\/\/contrib.city\/wp-content\/uploads\/2021\/05\/600x337_gettyimages-aaron_copland.jpg\",\"width\":600,\"height\":337},{\"@type\":\"BreadcrumbList\",\"@id\":\"https:\/\/contrib.city\/index.php\/en\/2021\/06\/01\/concerto-for-clarinet-and-string-orchestra-with-harp-and-piano-by-aaron-copland\/#breadcrumb\",\"itemListElement\":[{\"@type\":\"ListItem\",\"position\":1,\"name\":\"Home\",\"item\":\"https:\/\/contrib.city\/\"},{\"@type\":\"ListItem\",\"position\":2,\"name\":\"Concerto for clarinet and string orchestra (with Harp and Piano) by Aaron Copland\"}]},{\"@type\":\"WebSite\",\"@id\":\"https:\/\/contrib.city\/#website\",\"url\":\"https:\/\/contrib.city\/\",\"name\":\"ContribCity\",\"description\":\"Parlons de nos lieux de vie\",\"publisher\":{\"@id\":\"https:\/\/contrib.city\/#organization\"},\"potentialAction\":[{\"@type\":\"SearchAction\",\"target\":{\"@type\":\"EntryPoint\",\"urlTemplate\":\"https:\/\/contrib.city\/?s={search_term_string}\"},\"query-input\":{\"@type\":\"PropertyValueSpecification\",\"valueRequired\":true,\"valueName\":\"search_term_string\"}}],\"inLanguage\":\"fr-FR\"},{\"@type\":\"Organization\",\"@id\":\"https:\/\/contrib.city\/#organization\",\"name\":\"ContribCity\",\"url\":\"https:\/\/contrib.city\/\",\"logo\":{\"@type\":\"ImageObject\",\"inLanguage\":\"fr-FR\",\"@id\":\"https:\/\/contrib.city\/#\/schema\/logo\/image\/\",\"url\":\"https:\/\/contrib.city\/wp-content\/uploads\/2020\/01\/cropped-Parlons-de-nos-lieux-de-vie-2.jpg\",\"contentUrl\":\"https:\/\/contrib.city\/wp-content\/uploads\/2020\/01\/cropped-Parlons-de-nos-lieux-de-vie-2.jpg\",\"width\":1133,\"height\":218,\"caption\":\"ContribCity\"},\"image\":{\"@id\":\"https:\/\/contrib.city\/#\/schema\/logo\/image\/\"}},{\"@type\":\"Person\",\"@id\":\"https:\/\/contrib.city\/#\/schema\/person\/ec389c5a78a37ccaee4e8ce098099db5\",\"name\":\"Bertrand de Foucauld\",\"image\":{\"@type\":\"ImageObject\",\"inLanguage\":\"fr-FR\",\"@id\":\"https:\/\/secure.gravatar.com\/avatar\/c49e25550e4609092f7a00fb677a980813788778df987b36cad9b0fc85a8bf73?s=96&d=mm&r=g\",\"url\":\"https:\/\/secure.gravatar.com\/avatar\/c49e25550e4609092f7a00fb677a980813788778df987b36cad9b0fc85a8bf73?s=96&d=mm&r=g\",\"contentUrl\":\"https:\/\/secure.gravatar.com\/avatar\/c49e25550e4609092f7a00fb677a980813788778df987b36cad9b0fc85a8bf73?s=96&d=mm&r=g\",\"caption\":\"Bertrand de Foucauld\"},\"url\":\"https:\/\/contrib.city\/index.php\/author\/bertrand\/\"}]}<\/script>\n<!-- \/ Yoast SEO plugin. -->","yoast_head_json":{"title":"Concerto for clarinet and string orchestra (with Harp and Piano) by Aaron Copland - ContribCity","robots":{"index":"index","follow":"follow","max-snippet":"max-snippet:-1","max-image-preview":"max-image-preview:large","max-video-preview":"max-video-preview:-1"},"canonical":"https:\/\/contrib.city\/index.php\/en\/2021\/06\/01\/concerto-for-clarinet-and-string-orchestra-with-harp-and-piano-by-aaron-copland\/","og_locale":"fr_FR","og_type":"article","og_title":"Concerto for clarinet and string orchestra (with Harp and Piano) by Aaron Copland - ContribCity","og_description":"Born in the neighbourhoods of Brooklyn in 1900, Aaron Copland is the fifth and youngest child of a Russian family","og_url":"https:\/\/contrib.city\/index.php\/en\/2021\/06\/01\/concerto-for-clarinet-and-string-orchestra-with-harp-and-piano-by-aaron-copland\/","og_site_name":"ContribCity","article_published_time":"2021-06-01T09:17:22+00:00","article_modified_time":"2021-06-11T16:01:38+00:00","og_image":[{"width":600,"height":337,"url":"https:\/\/contrib.city\/wp-content\/uploads\/2021\/05\/600x337_gettyimages-aaron_copland.jpg","type":"image\/jpeg"}],"author":"Bertrand de Foucauld","twitter_card":"summary_large_image","twitter_misc":{"\u00c9crit par":"Bertrand de Foucauld","Dur\u00e9e de lecture estim\u00e9e":"7 minutes"},"schema":{"@context":"https:\/\/schema.org","@graph":[{"@type":"Article","@id":"https:\/\/contrib.city\/index.php\/en\/2021\/06\/01\/concerto-for-clarinet-and-string-orchestra-with-harp-and-piano-by-aaron-copland\/#article","isPartOf":{"@id":"https:\/\/contrib.city\/index.php\/en\/2021\/06\/01\/concerto-for-clarinet-and-string-orchestra-with-harp-and-piano-by-aaron-copland\/"},"author":{"name":"Bertrand de Foucauld","@id":"https:\/\/contrib.city\/#\/schema\/person\/ec389c5a78a37ccaee4e8ce098099db5"},"headline":"Concerto for clarinet and string orchestra (with Harp and Piano) by Aaron Copland","datePublished":"2021-06-01T09:17:22+00:00","dateModified":"2021-06-11T16:01:38+00:00","mainEntityOfPage":{"@id":"https:\/\/contrib.city\/index.php\/en\/2021\/06\/01\/concerto-for-clarinet-and-string-orchestra-with-harp-and-piano-by-aaron-copland\/"},"wordCount":1129,"commentCount":0,"publisher":{"@id":"https:\/\/contrib.city\/#organization"},"image":{"@id":"https:\/\/contrib.city\/index.php\/en\/2021\/06\/01\/concerto-for-clarinet-and-string-orchestra-with-harp-and-piano-by-aaron-copland\/#primaryimage"},"thumbnailUrl":"https:\/\/contrib.city\/wp-content\/uploads\/2021\/05\/600x337_gettyimages-aaron_copland.jpg","articleSection":["Territories Poetry"],"inLanguage":"fr-FR","potentialAction":[{"@type":"CommentAction","name":"Comment","target":["https:\/\/contrib.city\/index.php\/en\/2021\/06\/01\/concerto-for-clarinet-and-string-orchestra-with-harp-and-piano-by-aaron-copland\/#respond"]}]},{"@type":"WebPage","@id":"https:\/\/contrib.city\/index.php\/en\/2021\/06\/01\/concerto-for-clarinet-and-string-orchestra-with-harp-and-piano-by-aaron-copland\/","url":"https:\/\/contrib.city\/index.php\/en\/2021\/06\/01\/concerto-for-clarinet-and-string-orchestra-with-harp-and-piano-by-aaron-copland\/","name":"Concerto for clarinet and string orchestra (with Harp and Piano) by Aaron Copland - ContribCity","isPartOf":{"@id":"https:\/\/contrib.city\/#website"},"primaryImageOfPage":{"@id":"https:\/\/contrib.city\/index.php\/en\/2021\/06\/01\/concerto-for-clarinet-and-string-orchestra-with-harp-and-piano-by-aaron-copland\/#primaryimage"},"image":{"@id":"https:\/\/contrib.city\/index.php\/en\/2021\/06\/01\/concerto-for-clarinet-and-string-orchestra-with-harp-and-piano-by-aaron-copland\/#primaryimage"},"thumbnailUrl":"https:\/\/contrib.city\/wp-content\/uploads\/2021\/05\/600x337_gettyimages-aaron_copland.jpg","datePublished":"2021-06-01T09:17:22+00:00","dateModified":"2021-06-11T16:01:38+00:00","breadcrumb":{"@id":"https:\/\/contrib.city\/index.php\/en\/2021\/06\/01\/concerto-for-clarinet-and-string-orchestra-with-harp-and-piano-by-aaron-copland\/#breadcrumb"},"inLanguage":"fr-FR","potentialAction":[{"@type":"ReadAction","target":["https:\/\/contrib.city\/index.php\/en\/2021\/06\/01\/concerto-for-clarinet-and-string-orchestra-with-harp-and-piano-by-aaron-copland\/"]}]},{"@type":"ImageObject","inLanguage":"fr-FR","@id":"https:\/\/contrib.city\/index.php\/en\/2021\/06\/01\/concerto-for-clarinet-and-string-orchestra-with-harp-and-piano-by-aaron-copland\/#primaryimage","url":"https:\/\/contrib.city\/wp-content\/uploads\/2021\/05\/600x337_gettyimages-aaron_copland.jpg","contentUrl":"https:\/\/contrib.city\/wp-content\/uploads\/2021\/05\/600x337_gettyimages-aaron_copland.jpg","width":600,"height":337},{"@type":"BreadcrumbList","@id":"https:\/\/contrib.city\/index.php\/en\/2021\/06\/01\/concerto-for-clarinet-and-string-orchestra-with-harp-and-piano-by-aaron-copland\/#breadcrumb","itemListElement":[{"@type":"ListItem","position":1,"name":"Home","item":"https:\/\/contrib.city\/"},{"@type":"ListItem","position":2,"name":"Concerto for clarinet and string orchestra (with Harp and Piano) by Aaron Copland"}]},{"@type":"WebSite","@id":"https:\/\/contrib.city\/#website","url":"https:\/\/contrib.city\/","name":"ContribCity","description":"Parlons de nos lieux de vie","publisher":{"@id":"https:\/\/contrib.city\/#organization"},"potentialAction":[{"@type":"SearchAction","target":{"@type":"EntryPoint","urlTemplate":"https:\/\/contrib.city\/?s={search_term_string}"},"query-input":{"@type":"PropertyValueSpecification","valueRequired":true,"valueName":"search_term_string"}}],"inLanguage":"fr-FR"},{"@type":"Organization","@id":"https:\/\/contrib.city\/#organization","name":"ContribCity","url":"https:\/\/contrib.city\/","logo":{"@type":"ImageObject","inLanguage":"fr-FR","@id":"https:\/\/contrib.city\/#\/schema\/logo\/image\/","url":"https:\/\/contrib.city\/wp-content\/uploads\/2020\/01\/cropped-Parlons-de-nos-lieux-de-vie-2.jpg","contentUrl":"https:\/\/contrib.city\/wp-content\/uploads\/2020\/01\/cropped-Parlons-de-nos-lieux-de-vie-2.jpg","width":1133,"height":218,"caption":"ContribCity"},"image":{"@id":"https:\/\/contrib.city\/#\/schema\/logo\/image\/"}},{"@type":"Person","@id":"https:\/\/contrib.city\/#\/schema\/person\/ec389c5a78a37ccaee4e8ce098099db5","name":"Bertrand de Foucauld","image":{"@type":"ImageObject","inLanguage":"fr-FR","@id":"https:\/\/secure.gravatar.com\/avatar\/c49e25550e4609092f7a00fb677a980813788778df987b36cad9b0fc85a8bf73?s=96&d=mm&r=g","url":"https:\/\/secure.gravatar.com\/avatar\/c49e25550e4609092f7a00fb677a980813788778df987b36cad9b0fc85a8bf73?s=96&d=mm&r=g","contentUrl":"https:\/\/secure.gravatar.com\/avatar\/c49e25550e4609092f7a00fb677a980813788778df987b36cad9b0fc85a8bf73?s=96&d=mm&r=g","caption":"Bertrand de Foucauld"},"url":"https:\/\/contrib.city\/index.php\/author\/bertrand\/"}]}},"jetpack_featured_media_url":"https:\/\/contrib.city\/wp-content\/uploads\/2021\/05\/600x337_gettyimages-aaron_copland.jpg","jetpack_sharing_enabled":true,"post_mailing_queue_ids":[],"_links":{"self":[{"href":"https:\/\/contrib.city\/index.php\/wp-json\/wp\/v2\/posts\/7527","targetHints":{"allow":["GET"]}}],"collection":[{"href":"https:\/\/contrib.city\/index.php\/wp-json\/wp\/v2\/posts"}],"about":[{"href":"https:\/\/contrib.city\/index.php\/wp-json\/wp\/v2\/types\/post"}],"author":[{"embeddable":true,"href":"https:\/\/contrib.city\/index.php\/wp-json\/wp\/v2\/users\/1"}],"replies":[{"embeddable":true,"href":"https:\/\/contrib.city\/index.php\/wp-json\/wp\/v2\/comments?post=7527"}],"version-history":[{"count":4,"href":"https:\/\/contrib.city\/index.php\/wp-json\/wp\/v2\/posts\/7527\/revisions"}],"predecessor-version":[{"id":7530,"href":"https:\/\/contrib.city\/index.php\/wp-json\/wp\/v2\/posts\/7527\/revisions\/7530"}],"wp:featuredmedia":[{"embeddable":true,"href":"https:\/\/contrib.city\/index.php\/wp-json\/wp\/v2\/media\/7457"}],"wp:attachment":[{"href":"https:\/\/contrib.city\/index.php\/wp-json\/wp\/v2\/media?parent=7527"}],"wp:term":[{"taxonomy":"category","embeddable":true,"href":"https:\/\/contrib.city\/index.php\/wp-json\/wp\/v2\/categories?post=7527"},{"taxonomy":"post_tag","embeddable":true,"href":"https:\/\/contrib.city\/index.php\/wp-json\/wp\/v2\/tags?post=7527"}],"curies":[{"name":"wp","href":"https:\/\/api.w.org\/{rel}","templated":true}]}}