{"id":7820,"date":"2021-08-04T18:56:41","date_gmt":"2021-08-04T16:56:41","guid":{"rendered":"https:\/\/contrib.city\/?p=7820"},"modified":"2023-03-04T12:57:11","modified_gmt":"2023-03-04T11:57:11","slug":"incident-environnemental-a-saclay-et-a-jouy-en-josas","status":"publish","type":"post","link":"https:\/\/contrib.city\/index.php\/2021\/08\/04\/incident-environnemental-a-saclay-et-a-jouy-en-josas\/","title":{"rendered":"Incident environnemental \u00e0 Saclay et \u00e0 Jouy-en-Josas"},"content":{"rendered":"<p style=\"text-align: justify;\">Une odeur naus\u00e9abonde et une eau tr\u00e8s sale ont attir\u00e9 l&#8217;attention de nombreux Jovaciens, aujourd&#8217;hui, sur les rives du bief de la Bi\u00e8vre. Contrib&#8217;City a contact\u00e9 le <a href=\"https:\/\/www.siavb.fr\/\" target=\"_blank\" rel=\"noopener\"><span id=\"lds00028768\">Syndicat Intercommunal pour l\u2019Assainissement de la Vall\u00e9e de la Bi\u00e8vre<\/span><\/a> (SIAVB) qui a confirm\u00e9 l&#8217;origine accidentelle de la pollution au purin du Ru St Marc et du bief. D&#8217;apr\u00e8s le syndicat, cet \u00e9v\u00e8nement a entra\u00een\u00e9 une pollution organique des cours d&#8217;eau en aval. Des travaux d&#8217;observation &#8211; mais sans pr\u00e9l\u00e8vements avec mesures chiffr\u00e9es &#8211; et de r\u00e9tention ont \u00e9t\u00e9 effectu\u00e9s. D&#8217;apr\u00e8s le SIAVB, si le ru et le bief ont \u00e9t\u00e9 pollu\u00e9s, la rivi\u00e8re de la Bi\u00e8vre, en revanche, du fait de son d\u00e9bit actuel, 400 litres d&#8217;eau par seconde<span class=\"footnote_referrer\"><a role=\"button\" tabindex=\"0\" onclick=\"footnote_moveToReference_7820_1('footnote_plugin_reference_7820_1_1');\" onkeypress=\"footnote_moveToReference_7820_1('footnote_plugin_reference_7820_1_1');\" ><sup id=\"footnote_plugin_tooltip_7820_1_1\" class=\"footnote_plugin_tooltip_text\">[1]<\/sup><\/a><span id=\"footnote_plugin_tooltip_text_7820_1_1\" class=\"footnote_tooltip\">d\u00e9bit calcul\u00e9 l\u00e9g\u00e8rement en amont de l&#8217;affluence du Ru de St Marc et du bief<\/span><\/span><script type=\"text\/javascript\"> jQuery('#footnote_plugin_tooltip_7820_1_1').tooltip({ tip: '#footnote_plugin_tooltip_text_7820_1_1', tipClass: 'footnote_tooltip', effect: 'fade', predelay: 0, fadeInSpeed: 200, delay: 400, fadeOutSpeed: 200, position: 'top right', relative: true, offset: [10, 10], });<\/script>, a mieux support\u00e9 cet incident : le purin a \u00e9t\u00e9 plus dilu\u00e9.&nbsp;<\/p>\n<p style=\"text-align: justify;\">CC a \u00e9galement contact\u00e9 par t\u00e9l\u00e9phone la <a href=\"https:\/\/www.viltain.fr\/\" target=\"_blank\" rel=\"noopener\">ferme de Viltain<\/a>, dirig\u00e9e par M. Olivier des Courtils. Un des responsables, M. St\u00e9phane Morelli<span class=\"footnote_referrer\"><a role=\"button\" tabindex=\"0\" onclick=\"footnote_moveToReference_7820_1('footnote_plugin_reference_7820_1_2');\" onkeypress=\"footnote_moveToReference_7820_1('footnote_plugin_reference_7820_1_2');\" ><sup id=\"footnote_plugin_tooltip_7820_1_2\" class=\"footnote_plugin_tooltip_text\">[2]<\/sup><\/a><span id=\"footnote_plugin_tooltip_text_7820_1_2\" class=\"footnote_tooltip\">CC n&#8217;est pas s\u00fbr de l&#8217;orthographe du nom<\/span><\/span><script type=\"text\/javascript\"> jQuery('#footnote_plugin_tooltip_7820_1_2').tooltip({ tip: '#footnote_plugin_tooltip_text_7820_1_2', tipClass: 'footnote_tooltip', effect: 'fade', predelay: 0, fadeInSpeed: 200, delay: 400, fadeOutSpeed: 200, position: 'top right', relative: true, offset: [10, 10], });<\/script>, a confirm\u00e9 le caract\u00e8re accidentel. D&#8217;apr\u00e8s ce dernier, du fait des nombreuses et fortes pr\u00e9cipitations pendant le mois de juillet et ce d\u00e9but ao\u00fbt, la poche contenant le purin a \u00e9t\u00e9 soumise \u00e0 une forte pression et l&#8217;engrais s&#8217;est r\u00e9pandu dimanche ou lundi dernier. Toujours d&#8217;apr\u00e8s M. Morelli, il se peut \u00e9galement que le vent r\u00e9cent ait soulev\u00e9 une t\u00f4le qui a perc\u00e9 la poche. Du fait des vacances, aucun \u00e9tudiant d&#8217;HEC, voisine de la ferme dont le cheptel contient 350 vaches, n&#8217;a pu rep\u00e9rer et alerter les membres de l&#8217;exploitation agricole. Les exploitants ont pomp\u00e9 la poche et fait de l&#8217;\u00e9pandage<span class=\"footnote_referrer\"><a role=\"button\" tabindex=\"0\" onclick=\"footnote_moveToReference_7820_1('footnote_plugin_reference_7820_1_3');\" onkeypress=\"footnote_moveToReference_7820_1('footnote_plugin_reference_7820_1_3');\" ><sup id=\"footnote_plugin_tooltip_7820_1_3\" class=\"footnote_plugin_tooltip_text\">[3]<\/sup><\/a><span id=\"footnote_plugin_tooltip_text_7820_1_3\" class=\"footnote_tooltip\">La date officielle, selon Olivier des Courtils, \u00e0 partir de laquelle l\u2019\u00e9pandage est autoris\u00e9, est le 15 avril<\/span><\/span><script type=\"text\/javascript\"> jQuery('#footnote_plugin_tooltip_7820_1_3').tooltip({ tip: '#footnote_plugin_tooltip_text_7820_1_3', tipClass: 'footnote_tooltip', effect: 'fade', predelay: 0, fadeInSpeed: 200, delay: 400, fadeOutSpeed: 200, position: 'top right', relative: true, offset: [10, 10], });<\/script>.<\/p>\n<p style=\"text-align: justify;\">Les \u00e9v\u00e8nements pluvieux dans cette partie de la Haute Vall\u00e9e de la Bi\u00e8vre souligne deux points d&#8217;am\u00e9nagement qui doivent retenir notre attention : d&#8217;une part, les cons\u00e9quences de fortes pluies sont multiples, et d&#8217;autre part, la gestion de l&#8217;utilisation du territoire par des acteurs divers, mais compl\u00e9mentaires, appelle \u00e0 une concertation. Ceci afin de pr\u00e9venir ce genre d&#8217;incident et de permettre une meilleure harmonie des activit\u00e9s agricoles comme tertiaires, au sein d&#8217;une zone p\u00e9ri-urbaine \u00e0 caract\u00e8re plut\u00f4t r\u00e9sidentiel mais souhaitant d\u00e9velopper son agriculture \u00e0 circuit court.<\/p>\n<figure id=\"attachment_7822\" aria-describedby=\"caption-attachment-7822\" style=\"width: 2560px\" class=\"wp-caption aligncenter\"><img loading=\"lazy\" decoding=\"async\" class=\"wp-image-7822 size-full\" src=\"https:\/\/contrib.city\/wp-content\/uploads\/2021\/08\/20210804_173554-scaled.jpg\" alt=\"\" width=\"2560\" height=\"1920\" srcset=\"https:\/\/contrib.city\/wp-content\/uploads\/2021\/08\/20210804_173554-scaled.jpg 2560w, https:\/\/contrib.city\/wp-content\/uploads\/2021\/08\/20210804_173554-300x225.jpg 300w, https:\/\/contrib.city\/wp-content\/uploads\/2021\/08\/20210804_173554-1024x768.jpg 1024w, https:\/\/contrib.city\/wp-content\/uploads\/2021\/08\/20210804_173554-768x576.jpg 768w, https:\/\/contrib.city\/wp-content\/uploads\/2021\/08\/20210804_173554-1536x1152.jpg 1536w, https:\/\/contrib.city\/wp-content\/uploads\/2021\/08\/20210804_173554-2048x1536.jpg 2048w\" sizes=\"auto, (max-width: 2560px) 100vw, 2560px\" \/><figcaption id=\"caption-attachment-7822\" class=\"wp-caption-text\">Pollution d&#8217;origine organique (purin de vaches) dans le bief de la Bi\u00e8vre, dans le centre de Jouy-en-Josas. Le point blanc est un poisson mort. Photo : BdF, le 4 ao\u00fbt 2021.<\/figcaption><\/figure>\n<figure id=\"attachment_7823\" aria-describedby=\"caption-attachment-7823\" style=\"width: 2560px\" class=\"wp-caption aligncenter\"><img loading=\"lazy\" decoding=\"async\" class=\"wp-image-7823 size-full\" src=\"https:\/\/contrib.city\/wp-content\/uploads\/2021\/08\/20210804_173805-scaled.jpg\" alt=\"\" width=\"2560\" height=\"1920\" srcset=\"https:\/\/contrib.city\/wp-content\/uploads\/2021\/08\/20210804_173805-scaled.jpg 2560w, https:\/\/contrib.city\/wp-content\/uploads\/2021\/08\/20210804_173805-300x225.jpg 300w, https:\/\/contrib.city\/wp-content\/uploads\/2021\/08\/20210804_173805-1024x768.jpg 1024w, https:\/\/contrib.city\/wp-content\/uploads\/2021\/08\/20210804_173805-768x576.jpg 768w, https:\/\/contrib.city\/wp-content\/uploads\/2021\/08\/20210804_173805-1536x1152.jpg 1536w, https:\/\/contrib.city\/wp-content\/uploads\/2021\/08\/20210804_173805-2048x1536.jpg 2048w\" sizes=\"auto, (max-width: 2560px) 100vw, 2560px\" \/><figcaption id=\"caption-attachment-7823\" class=\"wp-caption-text\">Panneau montrant la richesse de l&#8217;\u00e9co-syst\u00e8me en milieu p\u00e9ri-urbain de la vall\u00e9e de la Bi\u00e8vre. Photo : BdF, le 4 ao\u00fbt 2021, centre de Jouy-en-Josas.<\/figcaption><\/figure>\n<figure id=\"attachment_7830\" aria-describedby=\"caption-attachment-7830\" style=\"width: 1707px\" class=\"wp-caption alignnone\"><img loading=\"lazy\" decoding=\"async\" class=\"wp-image-7830 size-full\" src=\"https:\/\/contrib.city\/wp-content\/uploads\/2021\/08\/Portail-de-la-ferme-de-Viltain-2.jpg\" alt=\"\" width=\"1707\" height=\"968\" srcset=\"https:\/\/contrib.city\/wp-content\/uploads\/2021\/08\/Portail-de-la-ferme-de-Viltain-2.jpg 1707w, https:\/\/contrib.city\/wp-content\/uploads\/2021\/08\/Portail-de-la-ferme-de-Viltain-2-300x170.jpg 300w, https:\/\/contrib.city\/wp-content\/uploads\/2021\/08\/Portail-de-la-ferme-de-Viltain-2-1024x581.jpg 1024w, https:\/\/contrib.city\/wp-content\/uploads\/2021\/08\/Portail-de-la-ferme-de-Viltain-2-768x436.jpg 768w, https:\/\/contrib.city\/wp-content\/uploads\/2021\/08\/Portail-de-la-ferme-de-Viltain-2-1536x871.jpg 1536w\" sizes=\"auto, (max-width: 1707px) 100vw, 1707px\" \/><figcaption id=\"caption-attachment-7830\" class=\"wp-caption-text\">Portail du site en ligne de la ferme de Viltain. L&#8217;agriculture p\u00e9ri-urbaine, de pleine terre, permet une distribution de produits agricoles \u00e0 circuit court. Elle donne la possibilit\u00e9 aux citadins, dont la plupart ont des racines rurales, de (re)d\u00e9couvrir ce monde. L&#8217;implantation d&#8217;exploitations agricoles en zone p\u00e9ri-urbaine permet \u00e9galement de lutter contre l&#8217;extension urbaine, en gardant la vocation agricole de terrains qui pourraient, sinon, devenir constructibles. Source : Ferme de Viltain. https:\/\/www.viltain.fr\/ (copie d&#8217;\u00e9cran dat\u00e9e du 4 ao\u00fbt 2021).<\/figcaption><\/figure>\n<p><em>(Photo de couverture : panneau alertant les promeneurs le long du bief de la Bi\u00e8vre, \u00e0 Jouy-en-Josas. BdF, le 4 ao\u00fbt 2021)<\/em><\/p>\n<div class=\"speaker-mute footnotes_reference_container\"> <div class=\"footnote_container_prepare\"><p><span role=\"button\" tabindex=\"0\" class=\"footnote_reference_container_label pointer\" onclick=\"footnote_expand_collapse_reference_container_7820_1();\">R\u00e9f\u00e9rences<\/span><span role=\"button\" tabindex=\"0\" class=\"footnote_reference_container_collapse_button\" style=\"\" onclick=\"footnote_expand_collapse_reference_container_7820_1();\">[<a id=\"footnote_reference_container_collapse_button_7820_1\">+<\/a>]<\/span><\/p><\/div> <div id=\"footnote_references_container_7820_1\" style=\"display: none;\"><table class=\"footnotes_table footnote-reference-container\"><caption class=\"accessibility\">R\u00e9f\u00e9rences<\/caption> <tbody> \r\n\r\n<tr class=\"footnotes_plugin_reference_row\"> <th scope=\"row\" class=\"footnote_plugin_index_combi pointer\"  onclick=\"footnote_moveToAnchor_7820_1('footnote_plugin_tooltip_7820_1_1');\"><a id=\"footnote_plugin_reference_7820_1_1\" class=\"footnote_backlink\"><span class=\"footnote_index_arrow\">&#8593;<\/span>1<\/a><\/th> <td class=\"footnote_plugin_text\">d\u00e9bit calcul\u00e9 l\u00e9g\u00e8rement en amont de l&#8217;affluence du Ru de St Marc et du bief<\/td><\/tr>\r\n\r\n<tr class=\"footnotes_plugin_reference_row\"> <th scope=\"row\" class=\"footnote_plugin_index_combi pointer\"  onclick=\"footnote_moveToAnchor_7820_1('footnote_plugin_tooltip_7820_1_2');\"><a id=\"footnote_plugin_reference_7820_1_2\" class=\"footnote_backlink\"><span class=\"footnote_index_arrow\">&#8593;<\/span>2<\/a><\/th> <td class=\"footnote_plugin_text\">CC n&#8217;est pas s\u00fbr de l&#8217;orthographe du nom<\/td><\/tr>\r\n\r\n<tr class=\"footnotes_plugin_reference_row\"> <th scope=\"row\" class=\"footnote_plugin_index_combi pointer\"  onclick=\"footnote_moveToAnchor_7820_1('footnote_plugin_tooltip_7820_1_3');\"><a id=\"footnote_plugin_reference_7820_1_3\" class=\"footnote_backlink\"><span class=\"footnote_index_arrow\">&#8593;<\/span>3<\/a><\/th> <td class=\"footnote_plugin_text\">La date officielle, selon Olivier des Courtils, \u00e0 partir de laquelle l\u2019\u00e9pandage est autoris\u00e9, est le 15 avril<\/td><\/tr>\r\n\r\n <\/tbody> <\/table> <\/div><\/div><script type=\"text\/javascript\"> function footnote_expand_reference_container_7820_1() { jQuery('#footnote_references_container_7820_1').show(); jQuery('#footnote_reference_container_collapse_button_7820_1').text('\u2212'); } function footnote_collapse_reference_container_7820_1() { jQuery('#footnote_references_container_7820_1').hide(); jQuery('#footnote_reference_container_collapse_button_7820_1').text('+'); } function footnote_expand_collapse_reference_container_7820_1() { if (jQuery('#footnote_references_container_7820_1').is(':hidden')) { footnote_expand_reference_container_7820_1(); } else { footnote_collapse_reference_container_7820_1(); } } function footnote_moveToReference_7820_1(p_str_TargetID) { footnote_expand_reference_container_7820_1(); var l_obj_Target = jQuery('#' + p_str_TargetID); if (l_obj_Target.length) { jQuery( 'html, body' ).delay( 0 ); jQuery('html, body').animate({ scrollTop: l_obj_Target.offset().top - window.innerHeight * 0.2 }, 380); } } function footnote_moveToAnchor_7820_1(p_str_TargetID) { footnote_expand_reference_container_7820_1(); var l_obj_Target = jQuery('#' + p_str_TargetID); if (l_obj_Target.length) { jQuery( 'html, body' ).delay( 0 ); jQuery('html, body').animate({ scrollTop: l_obj_Target.offset().top - window.innerHeight * 0.2 }, 380); } }<\/script>","protected":false},"excerpt":{"rendered":"<p>Une odeur naus\u00e9abonde et une eau tr\u00e8s sale ont attir\u00e9 l&#8217;attention de nombreux Jovaciens, aujourd&#8217;hui, sur les rives du bief<\/p>\n","protected":false},"author":1,"featured_media":7821,"comment_status":"open","ping_status":"open","sticky":false,"template":"","format":"standard","meta":{"_acf_changed":false,"inline_featured_image":false,"_exactmetrics_skip_tracking":false,"_exactmetrics_sitenote_active":false,"_exactmetrics_sitenote_note":"","_exactmetrics_sitenote_category":0,"ngg_post_thumbnail":0,"_jetpack_memberships_contains_paid_content":false,"footnotes":""},"categories":[51,4],"tags":[],"class_list":["post-7820","post","type-post","status-publish","format-standard","has-post-thumbnail","hentry","category-economie-social","category-environnement_fr"],"acf":[],"yoast_head":"<!-- This site is optimized with the Yoast SEO plugin v27.2 - https:\/\/yoast.com\/product\/yoast-seo-wordpress\/ -->\n<title>Incident environnemental \u00e0 Saclay et \u00e0 Jouy-en-Josas - ContribCity<\/title>\n<meta name=\"robots\" content=\"index, follow, max-snippet:-1, max-image-preview:large, max-video-preview:-1\" \/>\n<link rel=\"canonical\" href=\"https:\/\/contrib.city\/index.php\/2021\/08\/04\/incident-environnemental-a-saclay-et-a-jouy-en-josas\/\" \/>\n<meta property=\"og:locale\" content=\"fr_FR\" \/>\n<meta property=\"og:type\" content=\"article\" \/>\n<meta property=\"og:title\" content=\"Incident environnemental \u00e0 Saclay et \u00e0 Jouy-en-Josas - ContribCity\" \/>\n<meta property=\"og:description\" content=\"Une odeur naus\u00e9abonde et une eau tr\u00e8s sale ont attir\u00e9 l&#8217;attention de nombreux Jovaciens, aujourd&#8217;hui, sur les rives du bief\" \/>\n<meta property=\"og:url\" content=\"https:\/\/contrib.city\/index.php\/2021\/08\/04\/incident-environnemental-a-saclay-et-a-jouy-en-josas\/\" \/>\n<meta property=\"og:site_name\" content=\"ContribCity\" \/>\n<meta property=\"article:published_time\" content=\"2021-08-04T16:56:41+00:00\" \/>\n<meta property=\"article:modified_time\" content=\"2023-03-04T11:57:11+00:00\" \/>\n<meta property=\"og:image\" content=\"https:\/\/contrib.city\/wp-content\/uploads\/2021\/08\/20210804_1737551-scaled.jpg\" \/>\n\t<meta property=\"og:image:width\" content=\"2560\" \/>\n\t<meta property=\"og:image:height\" content=\"1920\" \/>\n\t<meta property=\"og:image:type\" content=\"image\/jpeg\" \/>\n<meta name=\"author\" content=\"Bertrand de Foucauld\" \/>\n<meta name=\"twitter:card\" content=\"summary_large_image\" \/>\n<meta name=\"twitter:label1\" content=\"\u00c9crit par\" \/>\n\t<meta name=\"twitter:data1\" content=\"Bertrand de Foucauld\" \/>\n\t<meta name=\"twitter:label2\" content=\"Dur\u00e9e de lecture estim\u00e9e\" \/>\n\t<meta name=\"twitter:data2\" content=\"3 minutes\" \/>\n<script type=\"application\/ld+json\" class=\"yoast-schema-graph\">{\"@context\":\"https:\/\/schema.org\",\"@graph\":[{\"@type\":\"Article\",\"@id\":\"https:\/\/contrib.city\/index.php\/2021\/08\/04\/incident-environnemental-a-saclay-et-a-jouy-en-josas\/#article\",\"isPartOf\":{\"@id\":\"https:\/\/contrib.city\/index.php\/2021\/08\/04\/incident-environnemental-a-saclay-et-a-jouy-en-josas\/\"},\"author\":{\"name\":\"Bertrand de Foucauld\",\"@id\":\"https:\/\/contrib.city\/#\/schema\/person\/ec389c5a78a37ccaee4e8ce098099db5\"},\"headline\":\"Incident environnemental \u00e0 Saclay et \u00e0 Jouy-en-Josas\",\"datePublished\":\"2021-08-04T16:56:41+00:00\",\"dateModified\":\"2023-03-04T11:57:11+00:00\",\"mainEntityOfPage\":{\"@id\":\"https:\/\/contrib.city\/index.php\/2021\/08\/04\/incident-environnemental-a-saclay-et-a-jouy-en-josas\/\"},\"wordCount\":642,\"commentCount\":4,\"publisher\":{\"@id\":\"https:\/\/contrib.city\/#organization\"},\"image\":{\"@id\":\"https:\/\/contrib.city\/index.php\/2021\/08\/04\/incident-environnemental-a-saclay-et-a-jouy-en-josas\/#primaryimage\"},\"thumbnailUrl\":\"https:\/\/contrib.city\/wp-content\/uploads\/2021\/08\/20210804_1737551-scaled.jpg\",\"articleSection\":[\"Economie\/Social\",\"Environnement\"],\"inLanguage\":\"fr-FR\",\"potentialAction\":[{\"@type\":\"CommentAction\",\"name\":\"Comment\",\"target\":[\"https:\/\/contrib.city\/index.php\/2021\/08\/04\/incident-environnemental-a-saclay-et-a-jouy-en-josas\/#respond\"]}]},{\"@type\":\"WebPage\",\"@id\":\"https:\/\/contrib.city\/index.php\/2021\/08\/04\/incident-environnemental-a-saclay-et-a-jouy-en-josas\/\",\"url\":\"https:\/\/contrib.city\/index.php\/2021\/08\/04\/incident-environnemental-a-saclay-et-a-jouy-en-josas\/\",\"name\":\"Incident environnemental \u00e0 Saclay et \u00e0 Jouy-en-Josas - ContribCity\",\"isPartOf\":{\"@id\":\"https:\/\/contrib.city\/#website\"},\"primaryImageOfPage\":{\"@id\":\"https:\/\/contrib.city\/index.php\/2021\/08\/04\/incident-environnemental-a-saclay-et-a-jouy-en-josas\/#primaryimage\"},\"image\":{\"@id\":\"https:\/\/contrib.city\/index.php\/2021\/08\/04\/incident-environnemental-a-saclay-et-a-jouy-en-josas\/#primaryimage\"},\"thumbnailUrl\":\"https:\/\/contrib.city\/wp-content\/uploads\/2021\/08\/20210804_1737551-scaled.jpg\",\"datePublished\":\"2021-08-04T16:56:41+00:00\",\"dateModified\":\"2023-03-04T11:57:11+00:00\",\"breadcrumb\":{\"@id\":\"https:\/\/contrib.city\/index.php\/2021\/08\/04\/incident-environnemental-a-saclay-et-a-jouy-en-josas\/#breadcrumb\"},\"inLanguage\":\"fr-FR\",\"potentialAction\":[{\"@type\":\"ReadAction\",\"target\":[\"https:\/\/contrib.city\/index.php\/2021\/08\/04\/incident-environnemental-a-saclay-et-a-jouy-en-josas\/\"]}]},{\"@type\":\"ImageObject\",\"inLanguage\":\"fr-FR\",\"@id\":\"https:\/\/contrib.city\/index.php\/2021\/08\/04\/incident-environnemental-a-saclay-et-a-jouy-en-josas\/#primaryimage\",\"url\":\"https:\/\/contrib.city\/wp-content\/uploads\/2021\/08\/20210804_1737551-scaled.jpg\",\"contentUrl\":\"https:\/\/contrib.city\/wp-content\/uploads\/2021\/08\/20210804_1737551-scaled.jpg\",\"width\":2560,\"height\":1920},{\"@type\":\"BreadcrumbList\",\"@id\":\"https:\/\/contrib.city\/index.php\/2021\/08\/04\/incident-environnemental-a-saclay-et-a-jouy-en-josas\/#breadcrumb\",\"itemListElement\":[{\"@type\":\"ListItem\",\"position\":1,\"name\":\"Home\",\"item\":\"https:\/\/contrib.city\/\"},{\"@type\":\"ListItem\",\"position\":2,\"name\":\"Incident environnemental \u00e0 Saclay et \u00e0 Jouy-en-Josas\"}]},{\"@type\":\"WebSite\",\"@id\":\"https:\/\/contrib.city\/#website\",\"url\":\"https:\/\/contrib.city\/\",\"name\":\"ContribCity\",\"description\":\"Parlons de nos lieux de vie\",\"publisher\":{\"@id\":\"https:\/\/contrib.city\/#organization\"},\"potentialAction\":[{\"@type\":\"SearchAction\",\"target\":{\"@type\":\"EntryPoint\",\"urlTemplate\":\"https:\/\/contrib.city\/?s={search_term_string}\"},\"query-input\":{\"@type\":\"PropertyValueSpecification\",\"valueRequired\":true,\"valueName\":\"search_term_string\"}}],\"inLanguage\":\"fr-FR\"},{\"@type\":\"Organization\",\"@id\":\"https:\/\/contrib.city\/#organization\",\"name\":\"ContribCity\",\"url\":\"https:\/\/contrib.city\/\",\"logo\":{\"@type\":\"ImageObject\",\"inLanguage\":\"fr-FR\",\"@id\":\"https:\/\/contrib.city\/#\/schema\/logo\/image\/\",\"url\":\"https:\/\/contrib.city\/wp-content\/uploads\/2020\/01\/cropped-Parlons-de-nos-lieux-de-vie-2.jpg\",\"contentUrl\":\"https:\/\/contrib.city\/wp-content\/uploads\/2020\/01\/cropped-Parlons-de-nos-lieux-de-vie-2.jpg\",\"width\":1133,\"height\":218,\"caption\":\"ContribCity\"},\"image\":{\"@id\":\"https:\/\/contrib.city\/#\/schema\/logo\/image\/\"}},{\"@type\":\"Person\",\"@id\":\"https:\/\/contrib.city\/#\/schema\/person\/ec389c5a78a37ccaee4e8ce098099db5\",\"name\":\"Bertrand de Foucauld\",\"image\":{\"@type\":\"ImageObject\",\"inLanguage\":\"fr-FR\",\"@id\":\"https:\/\/secure.gravatar.com\/avatar\/c49e25550e4609092f7a00fb677a980813788778df987b36cad9b0fc85a8bf73?s=96&d=mm&r=g\",\"url\":\"https:\/\/secure.gravatar.com\/avatar\/c49e25550e4609092f7a00fb677a980813788778df987b36cad9b0fc85a8bf73?s=96&d=mm&r=g\",\"contentUrl\":\"https:\/\/secure.gravatar.com\/avatar\/c49e25550e4609092f7a00fb677a980813788778df987b36cad9b0fc85a8bf73?s=96&d=mm&r=g\",\"caption\":\"Bertrand de Foucauld\"},\"url\":\"https:\/\/contrib.city\/index.php\/author\/bertrand\/\"}]}<\/script>\n<!-- \/ Yoast SEO plugin. -->","yoast_head_json":{"title":"Incident environnemental \u00e0 Saclay et \u00e0 Jouy-en-Josas - ContribCity","robots":{"index":"index","follow":"follow","max-snippet":"max-snippet:-1","max-image-preview":"max-image-preview:large","max-video-preview":"max-video-preview:-1"},"canonical":"https:\/\/contrib.city\/index.php\/2021\/08\/04\/incident-environnemental-a-saclay-et-a-jouy-en-josas\/","og_locale":"fr_FR","og_type":"article","og_title":"Incident environnemental \u00e0 Saclay et \u00e0 Jouy-en-Josas - ContribCity","og_description":"Une odeur naus\u00e9abonde et une eau tr\u00e8s sale ont attir\u00e9 l&#8217;attention de nombreux Jovaciens, aujourd&#8217;hui, sur les rives du bief","og_url":"https:\/\/contrib.city\/index.php\/2021\/08\/04\/incident-environnemental-a-saclay-et-a-jouy-en-josas\/","og_site_name":"ContribCity","article_published_time":"2021-08-04T16:56:41+00:00","article_modified_time":"2023-03-04T11:57:11+00:00","og_image":[{"width":2560,"height":1920,"url":"https:\/\/contrib.city\/wp-content\/uploads\/2021\/08\/20210804_1737551-scaled.jpg","type":"image\/jpeg"}],"author":"Bertrand de Foucauld","twitter_card":"summary_large_image","twitter_misc":{"\u00c9crit par":"Bertrand de Foucauld","Dur\u00e9e de lecture estim\u00e9e":"3 minutes"},"schema":{"@context":"https:\/\/schema.org","@graph":[{"@type":"Article","@id":"https:\/\/contrib.city\/index.php\/2021\/08\/04\/incident-environnemental-a-saclay-et-a-jouy-en-josas\/#article","isPartOf":{"@id":"https:\/\/contrib.city\/index.php\/2021\/08\/04\/incident-environnemental-a-saclay-et-a-jouy-en-josas\/"},"author":{"name":"Bertrand de Foucauld","@id":"https:\/\/contrib.city\/#\/schema\/person\/ec389c5a78a37ccaee4e8ce098099db5"},"headline":"Incident environnemental \u00e0 Saclay et \u00e0 Jouy-en-Josas","datePublished":"2021-08-04T16:56:41+00:00","dateModified":"2023-03-04T11:57:11+00:00","mainEntityOfPage":{"@id":"https:\/\/contrib.city\/index.php\/2021\/08\/04\/incident-environnemental-a-saclay-et-a-jouy-en-josas\/"},"wordCount":642,"commentCount":4,"publisher":{"@id":"https:\/\/contrib.city\/#organization"},"image":{"@id":"https:\/\/contrib.city\/index.php\/2021\/08\/04\/incident-environnemental-a-saclay-et-a-jouy-en-josas\/#primaryimage"},"thumbnailUrl":"https:\/\/contrib.city\/wp-content\/uploads\/2021\/08\/20210804_1737551-scaled.jpg","articleSection":["Economie\/Social","Environnement"],"inLanguage":"fr-FR","potentialAction":[{"@type":"CommentAction","name":"Comment","target":["https:\/\/contrib.city\/index.php\/2021\/08\/04\/incident-environnemental-a-saclay-et-a-jouy-en-josas\/#respond"]}]},{"@type":"WebPage","@id":"https:\/\/contrib.city\/index.php\/2021\/08\/04\/incident-environnemental-a-saclay-et-a-jouy-en-josas\/","url":"https:\/\/contrib.city\/index.php\/2021\/08\/04\/incident-environnemental-a-saclay-et-a-jouy-en-josas\/","name":"Incident environnemental \u00e0 Saclay et \u00e0 Jouy-en-Josas - ContribCity","isPartOf":{"@id":"https:\/\/contrib.city\/#website"},"primaryImageOfPage":{"@id":"https:\/\/contrib.city\/index.php\/2021\/08\/04\/incident-environnemental-a-saclay-et-a-jouy-en-josas\/#primaryimage"},"image":{"@id":"https:\/\/contrib.city\/index.php\/2021\/08\/04\/incident-environnemental-a-saclay-et-a-jouy-en-josas\/#primaryimage"},"thumbnailUrl":"https:\/\/contrib.city\/wp-content\/uploads\/2021\/08\/20210804_1737551-scaled.jpg","datePublished":"2021-08-04T16:56:41+00:00","dateModified":"2023-03-04T11:57:11+00:00","breadcrumb":{"@id":"https:\/\/contrib.city\/index.php\/2021\/08\/04\/incident-environnemental-a-saclay-et-a-jouy-en-josas\/#breadcrumb"},"inLanguage":"fr-FR","potentialAction":[{"@type":"ReadAction","target":["https:\/\/contrib.city\/index.php\/2021\/08\/04\/incident-environnemental-a-saclay-et-a-jouy-en-josas\/"]}]},{"@type":"ImageObject","inLanguage":"fr-FR","@id":"https:\/\/contrib.city\/index.php\/2021\/08\/04\/incident-environnemental-a-saclay-et-a-jouy-en-josas\/#primaryimage","url":"https:\/\/contrib.city\/wp-content\/uploads\/2021\/08\/20210804_1737551-scaled.jpg","contentUrl":"https:\/\/contrib.city\/wp-content\/uploads\/2021\/08\/20210804_1737551-scaled.jpg","width":2560,"height":1920},{"@type":"BreadcrumbList","@id":"https:\/\/contrib.city\/index.php\/2021\/08\/04\/incident-environnemental-a-saclay-et-a-jouy-en-josas\/#breadcrumb","itemListElement":[{"@type":"ListItem","position":1,"name":"Home","item":"https:\/\/contrib.city\/"},{"@type":"ListItem","position":2,"name":"Incident environnemental \u00e0 Saclay et \u00e0 Jouy-en-Josas"}]},{"@type":"WebSite","@id":"https:\/\/contrib.city\/#website","url":"https:\/\/contrib.city\/","name":"ContribCity","description":"Parlons de nos lieux de vie","publisher":{"@id":"https:\/\/contrib.city\/#organization"},"potentialAction":[{"@type":"SearchAction","target":{"@type":"EntryPoint","urlTemplate":"https:\/\/contrib.city\/?s={search_term_string}"},"query-input":{"@type":"PropertyValueSpecification","valueRequired":true,"valueName":"search_term_string"}}],"inLanguage":"fr-FR"},{"@type":"Organization","@id":"https:\/\/contrib.city\/#organization","name":"ContribCity","url":"https:\/\/contrib.city\/","logo":{"@type":"ImageObject","inLanguage":"fr-FR","@id":"https:\/\/contrib.city\/#\/schema\/logo\/image\/","url":"https:\/\/contrib.city\/wp-content\/uploads\/2020\/01\/cropped-Parlons-de-nos-lieux-de-vie-2.jpg","contentUrl":"https:\/\/contrib.city\/wp-content\/uploads\/2020\/01\/cropped-Parlons-de-nos-lieux-de-vie-2.jpg","width":1133,"height":218,"caption":"ContribCity"},"image":{"@id":"https:\/\/contrib.city\/#\/schema\/logo\/image\/"}},{"@type":"Person","@id":"https:\/\/contrib.city\/#\/schema\/person\/ec389c5a78a37ccaee4e8ce098099db5","name":"Bertrand de Foucauld","image":{"@type":"ImageObject","inLanguage":"fr-FR","@id":"https:\/\/secure.gravatar.com\/avatar\/c49e25550e4609092f7a00fb677a980813788778df987b36cad9b0fc85a8bf73?s=96&d=mm&r=g","url":"https:\/\/secure.gravatar.com\/avatar\/c49e25550e4609092f7a00fb677a980813788778df987b36cad9b0fc85a8bf73?s=96&d=mm&r=g","contentUrl":"https:\/\/secure.gravatar.com\/avatar\/c49e25550e4609092f7a00fb677a980813788778df987b36cad9b0fc85a8bf73?s=96&d=mm&r=g","caption":"Bertrand de Foucauld"},"url":"https:\/\/contrib.city\/index.php\/author\/bertrand\/"}]}},"jetpack_featured_media_url":"https:\/\/contrib.city\/wp-content\/uploads\/2021\/08\/20210804_1737551-scaled.jpg","jetpack_sharing_enabled":true,"post_mailing_queue_ids":[],"_links":{"self":[{"href":"https:\/\/contrib.city\/index.php\/wp-json\/wp\/v2\/posts\/7820","targetHints":{"allow":["GET"]}}],"collection":[{"href":"https:\/\/contrib.city\/index.php\/wp-json\/wp\/v2\/posts"}],"about":[{"href":"https:\/\/contrib.city\/index.php\/wp-json\/wp\/v2\/types\/post"}],"author":[{"embeddable":true,"href":"https:\/\/contrib.city\/index.php\/wp-json\/wp\/v2\/users\/1"}],"replies":[{"embeddable":true,"href":"https:\/\/contrib.city\/index.php\/wp-json\/wp\/v2\/comments?post=7820"}],"version-history":[{"count":7,"href":"https:\/\/contrib.city\/index.php\/wp-json\/wp\/v2\/posts\/7820\/revisions"}],"predecessor-version":[{"id":7886,"href":"https:\/\/contrib.city\/index.php\/wp-json\/wp\/v2\/posts\/7820\/revisions\/7886"}],"wp:featuredmedia":[{"embeddable":true,"href":"https:\/\/contrib.city\/index.php\/wp-json\/wp\/v2\/media\/7821"}],"wp:attachment":[{"href":"https:\/\/contrib.city\/index.php\/wp-json\/wp\/v2\/media?parent=7820"}],"wp:term":[{"taxonomy":"category","embeddable":true,"href":"https:\/\/contrib.city\/index.php\/wp-json\/wp\/v2\/categories?post=7820"},{"taxonomy":"post_tag","embeddable":true,"href":"https:\/\/contrib.city\/index.php\/wp-json\/wp\/v2\/tags?post=7820"}],"curies":[{"name":"wp","href":"https:\/\/api.w.org\/{rel}","templated":true}]}}