{"id":7973,"date":"2021-03-05T23:35:15","date_gmt":"2021-03-05T22:35:15","guid":{"rendered":"https:\/\/contrib.city\/?p=7973"},"modified":"2021-09-14T13:29:30","modified_gmt":"2021-09-14T11:29:30","slug":"the-collective-trial-against-death","status":"publish","type":"post","link":"https:\/\/contrib.city\/index.php\/en\/2021\/03\/05\/the-collective-trial-against-death\/","title":{"rendered":"The Collective Trial Against Death"},"content":{"rendered":"<p style=\"text-align: justify;\">Wednesday March 3, at the Paris Court, took place the first episode of a class action lawsuit of more than 600 plaintiffs against several public and private structures, in the context of the Covid 19 epidemic and more particularly the management of masks and the administration of psychotropic drugs. This was a probationary summary to determine whether the complaint, orchestrated by Lawyer L\u00e8guevaques, was admissible. On the one hand, the common suffering in the face of the death of parents or relatives, mainly in retirement homes, now called EPHAD, or in health establishments. On the other, the defendants who, while acknowledging this pain, plead a lack of connection between the various plaintiffs. Defense lawyers also raise the argument that the charges lack a common legal basis: too many diverse complaints that invalidate the use of collective action.<\/p>\n<figure id=\"attachment_7142\" aria-describedby=\"caption-attachment-7142\" style=\"width: 800px\" class=\"wp-caption aligncenter\"><img loading=\"lazy\" decoding=\"async\" class=\"wp-image-7142 size-large\" src=\"https:\/\/contrib.city\/wp-content\/uploads\/2021\/03\/DSC05140-1024x768.jpg\" alt=\"\" width=\"800\" height=\"600\" srcset=\"https:\/\/contrib.city\/wp-content\/uploads\/2021\/03\/DSC05140-1024x768.jpg 1024w, https:\/\/contrib.city\/wp-content\/uploads\/2021\/03\/DSC05140-300x225.jpg 300w, https:\/\/contrib.city\/wp-content\/uploads\/2021\/03\/DSC05140-768x576.jpg 768w, https:\/\/contrib.city\/wp-content\/uploads\/2021\/03\/DSC05140-1536x1152.jpg 1536w, https:\/\/contrib.city\/wp-content\/uploads\/2021\/03\/DSC05140-2048x1536.jpg 2048w\" sizes=\"auto, (max-width: 800px) 100vw, 800px\" \/><figcaption id=\"caption-attachment-7142\" class=\"wp-caption-text\">Lucien Cavelier, one of the activists of the group of plaintiffs, during an interview after the hearing. He is a psychologist in Marseille. He wrote Agony Covid-19: Chronicle of a political decline, published in December 2020 by Eric Jamet Editor. The author analyzes the situation from a psychological, social and political point of view. Many testimonies give flesh to his work (photo BdF, 03\/03\/2021).<\/figcaption><\/figure>\n<p style=\"text-align: justify;\">From this trial, a clear impression emerges: that of David against Goliath. On the one hand, the people, mainly natural persons (but also four associations) with limited financial capacities. On the other hand, next to the City of Paris, public behemoths such as the Directorate General for Health, the Regional Health Agency of Ile-de-France, the High Authority for Health, the National Agency for public health and finally the Customs, having unlimited budgets since dependent on the State, directly or indirectly, and that the latter can get into debt, for the moment, without worries of repayment. These public structures have been joined by the giants of the private sector &#8211; the Rothschild Foundation, Axa Insurance, Carrefour and Leclerc distributors, not to mention several other structures: LNA Sant\u00e9 nevertheless has a staff of 6,500 employees and carrying out a turnover of almost half a billion euros, as well as the EHPAD <em>La Seigneurerie<\/em> and <em>Camille St Sens<\/em> (SOS Group).<\/p>\n<p style=\"text-align: justify;\">On the one hand, only one lawyer, Mr Christophe L\u00e8guevaques, doctor of law, who tries <em>to push the walls of jurisprudence<\/em>, according to his own words during the hearing. On the other, one lawyer per defendant, that is to say about fifteen in all. The public prosecutor, the person responsible for representing the public interest, pleads for the inadmissibility of the plaintiffs&#8217; request: he therefore places himself on the side of the defendants. Lawyer L\u00e8guevaques is therefore alone against all.<\/p>\n<figure id=\"attachment_7139\" aria-describedby=\"caption-attachment-7139\" style=\"width: 800px\" class=\"wp-caption aligncenter\"><img loading=\"lazy\" decoding=\"async\" class=\"wp-image-7139 size-large\" src=\"https:\/\/contrib.city\/wp-content\/uploads\/2021\/03\/DSC05143-1024x768.jpg\" alt=\"\" width=\"800\" height=\"600\" srcset=\"https:\/\/contrib.city\/wp-content\/uploads\/2021\/03\/DSC05143-1024x768.jpg 1024w, https:\/\/contrib.city\/wp-content\/uploads\/2021\/03\/DSC05143-300x225.jpg 300w, https:\/\/contrib.city\/wp-content\/uploads\/2021\/03\/DSC05143-768x576.jpg 768w, https:\/\/contrib.city\/wp-content\/uploads\/2021\/03\/DSC05143-1536x1152.jpg 1536w, https:\/\/contrib.city\/wp-content\/uploads\/2021\/03\/DSC05143-2048x1536.jpg 2048w\" sizes=\"auto, (max-width: 800px) 100vw, 800px\" \/><figcaption id=\"caption-attachment-7139\" class=\"wp-caption-text\">Lawyer Christophe L\u00e8guevaques, sole lawyer of the 624 plaintiffs (during the pleadings), during an interview after the hearing. Its leitmotif: (legal) creativity and developing class actions (collective action) in France. (BdF photo, 03\/03\/2021).<\/figcaption><\/figure>\n<figure id=\"attachment_7141\" aria-describedby=\"caption-attachment-7141\" style=\"width: 800px\" class=\"wp-caption aligncenter\"><img loading=\"lazy\" decoding=\"async\" class=\"wp-image-7141 size-large\" src=\"https:\/\/contrib.city\/wp-content\/uploads\/2021\/03\/Un-des-avocat-de-la-Defense-1024x734.jpg\" alt=\"\" width=\"800\" height=\"573\" srcset=\"https:\/\/contrib.city\/wp-content\/uploads\/2021\/03\/Un-des-avocat-de-la-Defense-1024x734.jpg 1024w, https:\/\/contrib.city\/wp-content\/uploads\/2021\/03\/Un-des-avocat-de-la-Defense-300x215.jpg 300w, https:\/\/contrib.city\/wp-content\/uploads\/2021\/03\/Un-des-avocat-de-la-Defense-768x550.jpg 768w, https:\/\/contrib.city\/wp-content\/uploads\/2021\/03\/Un-des-avocat-de-la-Defense-1536x1100.jpg 1536w, https:\/\/contrib.city\/wp-content\/uploads\/2021\/03\/Un-des-avocat-de-la-Defense-2048x1467.jpg 2048w\" sizes=\"auto, (max-width: 800px) 100vw, 800px\" \/><figcaption id=\"caption-attachment-7141\" class=\"wp-caption-text\">One of the fifteen defense lawyers, representing one of the French national public structures. His argument, clearly expressed, focused on the multiplicity of plaintiffs, with no real link between them, and the variety of requests. According to him, these two points are incompatible with collective action. (BdF photo, 03\/03\/2021).<\/figcaption><\/figure>\n<p style=\"text-align: justify;\">One question remains: should the complainants not rather have raised this debate in the legislative sphere? Dr L\u00e8guevaques, during the hearing, spoke of his desire for creativity in legal matters. And creativity, this doctor is not lacking since he created a platform of equitable collective actions: <a href=\"https:\/\/www.mysmartcab.fr\/christophe-leguevaques\/\" target=\"_blank\" rel=\"noopener\">www.mysmartcab.fr<\/a>. However, according to this same specialist, <em>French law has waited more than 30 years to finally accept \u201cclass actions\u201d and the French legislative framework does not really encourage this type of procedure. <a href=\"https:\/\/www.leguevaques.com\/attachment\/920458\/\" target=\"_blank\" rel=\"noopener\">The arrival of &#8220;class actions&#8221; from the 2014 Hamon law is in fact a sham<\/a>. Class action [is] possible [only] <\/em>&#8220;When several persons placed in a similar situation suffer damage caused by the same person, having as a common cause a breach of the same nature of his legal or contractual obligations&#8221; (article 62 of the law of November 16, 2016).<\/p>\n<p style=\"text-align: justify;\">The next hearing will take place on June 9, 2021 during which the judge is expected to give his decision on whether the collective request of the 624 applicants is admissible. However, whatever the magistrate&#8217;s response, with an inevitable passage for each of us, faced we are with the programmed biological aging of the cells of our body, doesn&#8217;t this trial send us back to the way we look at our elders and to the spiritual question of life and of each of our lives?<\/p>\n<p style=\"text-align: justify;\"><em>(Cover photo: the forecourt of the Paris Tribunal, in the Batignoles district, undergoing full redevelopment. On March 3, 2021, BdF).<\/em><\/p>\n<p><em>Translation: BdF.<\/em><\/p>\n","protected":false},"excerpt":{"rendered":"<p>Wednesday March 3, at the Paris Court, took place the first episode of a class action lawsuit of more than<\/p>\n","protected":false},"author":1,"featured_media":7138,"comment_status":"open","ping_status":"open","sticky":false,"template":"","format":"standard","meta":{"_acf_changed":false,"inline_featured_image":false,"_exactmetrics_skip_tracking":false,"_exactmetrics_sitenote_active":false,"_exactmetrics_sitenote_note":"","_exactmetrics_sitenote_category":0,"ngg_post_thumbnail":0,"_jetpack_memberships_contains_paid_content":false,"footnotes":""},"categories":[32,53,26],"tags":[],"class_list":["post-7973","post","type-post","status-publish","format-standard","has-post-thumbnail","hentry","category-commerce-en","category-economics-social","category-sante_en"],"acf":[],"yoast_head":"<!-- This site is optimized with the Yoast SEO plugin v27.2 - https:\/\/yoast.com\/product\/yoast-seo-wordpress\/ -->\n<title>The Collective Trial Against Death - ContribCity<\/title>\n<meta name=\"robots\" content=\"index, follow, max-snippet:-1, max-image-preview:large, max-video-preview:-1\" \/>\n<link rel=\"canonical\" href=\"https:\/\/contrib.city\/index.php\/en\/2021\/03\/05\/the-collective-trial-against-death\/\" \/>\n<meta property=\"og:locale\" content=\"fr_FR\" \/>\n<meta property=\"og:type\" content=\"article\" \/>\n<meta property=\"og:title\" content=\"The Collective Trial Against Death - ContribCity\" \/>\n<meta property=\"og:description\" content=\"Wednesday March 3, at the Paris Court, took place the first episode of a class action lawsuit of more than\" \/>\n<meta property=\"og:url\" content=\"https:\/\/contrib.city\/index.php\/en\/2021\/03\/05\/the-collective-trial-against-death\/\" \/>\n<meta property=\"og:site_name\" content=\"ContribCity\" \/>\n<meta property=\"article:published_time\" content=\"2021-03-05T22:35:15+00:00\" \/>\n<meta property=\"article:modified_time\" content=\"2021-09-14T11:29:30+00:00\" \/>\n<meta property=\"og:image\" content=\"https:\/\/contrib.city\/wp-content\/uploads\/2021\/03\/Parvis-du-Tribunal-de-Paris-scaled.jpg\" \/>\n\t<meta property=\"og:image:width\" content=\"2560\" \/>\n\t<meta property=\"og:image:height\" content=\"1920\" \/>\n\t<meta property=\"og:image:type\" content=\"image\/jpeg\" \/>\n<meta name=\"author\" content=\"Bertrand de Foucauld\" \/>\n<meta name=\"twitter:card\" content=\"summary_large_image\" \/>\n<meta name=\"twitter:label1\" content=\"\u00c9crit par\" \/>\n\t<meta name=\"twitter:data1\" content=\"Bertrand de Foucauld\" \/>\n\t<meta name=\"twitter:label2\" content=\"Dur\u00e9e de lecture estim\u00e9e\" \/>\n\t<meta name=\"twitter:data2\" content=\"5 minutes\" \/>\n<script type=\"application\/ld+json\" class=\"yoast-schema-graph\">{\"@context\":\"https:\/\/schema.org\",\"@graph\":[{\"@type\":\"Article\",\"@id\":\"https:\/\/contrib.city\/index.php\/en\/2021\/03\/05\/the-collective-trial-against-death\/#article\",\"isPartOf\":{\"@id\":\"https:\/\/contrib.city\/index.php\/en\/2021\/03\/05\/the-collective-trial-against-death\/\"},\"author\":{\"name\":\"Bertrand de Foucauld\",\"@id\":\"https:\/\/contrib.city\/#\/schema\/person\/ec389c5a78a37ccaee4e8ce098099db5\"},\"headline\":\"The Collective Trial Against Death\",\"datePublished\":\"2021-03-05T22:35:15+00:00\",\"dateModified\":\"2021-09-14T11:29:30+00:00\",\"mainEntityOfPage\":{\"@id\":\"https:\/\/contrib.city\/index.php\/en\/2021\/03\/05\/the-collective-trial-against-death\/\"},\"wordCount\":783,\"commentCount\":0,\"publisher\":{\"@id\":\"https:\/\/contrib.city\/#organization\"},\"image\":{\"@id\":\"https:\/\/contrib.city\/index.php\/en\/2021\/03\/05\/the-collective-trial-against-death\/#primaryimage\"},\"thumbnailUrl\":\"https:\/\/contrib.city\/wp-content\/uploads\/2021\/03\/Parvis-du-Tribunal-de-Paris-scaled.jpg\",\"articleSection\":[\"Daily Life\",\"Economics\/Social\",\"Health\"],\"inLanguage\":\"fr-FR\",\"potentialAction\":[{\"@type\":\"CommentAction\",\"name\":\"Comment\",\"target\":[\"https:\/\/contrib.city\/index.php\/en\/2021\/03\/05\/the-collective-trial-against-death\/#respond\"]}]},{\"@type\":\"WebPage\",\"@id\":\"https:\/\/contrib.city\/index.php\/en\/2021\/03\/05\/the-collective-trial-against-death\/\",\"url\":\"https:\/\/contrib.city\/index.php\/en\/2021\/03\/05\/the-collective-trial-against-death\/\",\"name\":\"The Collective Trial Against Death - ContribCity\",\"isPartOf\":{\"@id\":\"https:\/\/contrib.city\/#website\"},\"primaryImageOfPage\":{\"@id\":\"https:\/\/contrib.city\/index.php\/en\/2021\/03\/05\/the-collective-trial-against-death\/#primaryimage\"},\"image\":{\"@id\":\"https:\/\/contrib.city\/index.php\/en\/2021\/03\/05\/the-collective-trial-against-death\/#primaryimage\"},\"thumbnailUrl\":\"https:\/\/contrib.city\/wp-content\/uploads\/2021\/03\/Parvis-du-Tribunal-de-Paris-scaled.jpg\",\"datePublished\":\"2021-03-05T22:35:15+00:00\",\"dateModified\":\"2021-09-14T11:29:30+00:00\",\"breadcrumb\":{\"@id\":\"https:\/\/contrib.city\/index.php\/en\/2021\/03\/05\/the-collective-trial-against-death\/#breadcrumb\"},\"inLanguage\":\"fr-FR\",\"potentialAction\":[{\"@type\":\"ReadAction\",\"target\":[\"https:\/\/contrib.city\/index.php\/en\/2021\/03\/05\/the-collective-trial-against-death\/\"]}]},{\"@type\":\"ImageObject\",\"inLanguage\":\"fr-FR\",\"@id\":\"https:\/\/contrib.city\/index.php\/en\/2021\/03\/05\/the-collective-trial-against-death\/#primaryimage\",\"url\":\"https:\/\/contrib.city\/wp-content\/uploads\/2021\/03\/Parvis-du-Tribunal-de-Paris-scaled.jpg\",\"contentUrl\":\"https:\/\/contrib.city\/wp-content\/uploads\/2021\/03\/Parvis-du-Tribunal-de-Paris-scaled.jpg\",\"width\":2560,\"height\":1920},{\"@type\":\"BreadcrumbList\",\"@id\":\"https:\/\/contrib.city\/index.php\/en\/2021\/03\/05\/the-collective-trial-against-death\/#breadcrumb\",\"itemListElement\":[{\"@type\":\"ListItem\",\"position\":1,\"name\":\"Home\",\"item\":\"https:\/\/contrib.city\/\"},{\"@type\":\"ListItem\",\"position\":2,\"name\":\"The Collective Trial Against Death\"}]},{\"@type\":\"WebSite\",\"@id\":\"https:\/\/contrib.city\/#website\",\"url\":\"https:\/\/contrib.city\/\",\"name\":\"ContribCity\",\"description\":\"Parlons de nos lieux de vie\",\"publisher\":{\"@id\":\"https:\/\/contrib.city\/#organization\"},\"potentialAction\":[{\"@type\":\"SearchAction\",\"target\":{\"@type\":\"EntryPoint\",\"urlTemplate\":\"https:\/\/contrib.city\/?s={search_term_string}\"},\"query-input\":{\"@type\":\"PropertyValueSpecification\",\"valueRequired\":true,\"valueName\":\"search_term_string\"}}],\"inLanguage\":\"fr-FR\"},{\"@type\":\"Organization\",\"@id\":\"https:\/\/contrib.city\/#organization\",\"name\":\"ContribCity\",\"url\":\"https:\/\/contrib.city\/\",\"logo\":{\"@type\":\"ImageObject\",\"inLanguage\":\"fr-FR\",\"@id\":\"https:\/\/contrib.city\/#\/schema\/logo\/image\/\",\"url\":\"https:\/\/contrib.city\/wp-content\/uploads\/2020\/01\/cropped-Parlons-de-nos-lieux-de-vie-2.jpg\",\"contentUrl\":\"https:\/\/contrib.city\/wp-content\/uploads\/2020\/01\/cropped-Parlons-de-nos-lieux-de-vie-2.jpg\",\"width\":1133,\"height\":218,\"caption\":\"ContribCity\"},\"image\":{\"@id\":\"https:\/\/contrib.city\/#\/schema\/logo\/image\/\"}},{\"@type\":\"Person\",\"@id\":\"https:\/\/contrib.city\/#\/schema\/person\/ec389c5a78a37ccaee4e8ce098099db5\",\"name\":\"Bertrand de Foucauld\",\"image\":{\"@type\":\"ImageObject\",\"inLanguage\":\"fr-FR\",\"@id\":\"https:\/\/secure.gravatar.com\/avatar\/c49e25550e4609092f7a00fb677a980813788778df987b36cad9b0fc85a8bf73?s=96&d=mm&r=g\",\"url\":\"https:\/\/secure.gravatar.com\/avatar\/c49e25550e4609092f7a00fb677a980813788778df987b36cad9b0fc85a8bf73?s=96&d=mm&r=g\",\"contentUrl\":\"https:\/\/secure.gravatar.com\/avatar\/c49e25550e4609092f7a00fb677a980813788778df987b36cad9b0fc85a8bf73?s=96&d=mm&r=g\",\"caption\":\"Bertrand de Foucauld\"},\"url\":\"https:\/\/contrib.city\/index.php\/author\/bertrand\/\"}]}<\/script>\n<!-- \/ Yoast SEO plugin. -->","yoast_head_json":{"title":"The Collective Trial Against Death - ContribCity","robots":{"index":"index","follow":"follow","max-snippet":"max-snippet:-1","max-image-preview":"max-image-preview:large","max-video-preview":"max-video-preview:-1"},"canonical":"https:\/\/contrib.city\/index.php\/en\/2021\/03\/05\/the-collective-trial-against-death\/","og_locale":"fr_FR","og_type":"article","og_title":"The Collective Trial Against Death - ContribCity","og_description":"Wednesday March 3, at the Paris Court, took place the first episode of a class action lawsuit of more than","og_url":"https:\/\/contrib.city\/index.php\/en\/2021\/03\/05\/the-collective-trial-against-death\/","og_site_name":"ContribCity","article_published_time":"2021-03-05T22:35:15+00:00","article_modified_time":"2021-09-14T11:29:30+00:00","og_image":[{"width":2560,"height":1920,"url":"https:\/\/contrib.city\/wp-content\/uploads\/2021\/03\/Parvis-du-Tribunal-de-Paris-scaled.jpg","type":"image\/jpeg"}],"author":"Bertrand de Foucauld","twitter_card":"summary_large_image","twitter_misc":{"\u00c9crit par":"Bertrand de Foucauld","Dur\u00e9e de lecture estim\u00e9e":"5 minutes"},"schema":{"@context":"https:\/\/schema.org","@graph":[{"@type":"Article","@id":"https:\/\/contrib.city\/index.php\/en\/2021\/03\/05\/the-collective-trial-against-death\/#article","isPartOf":{"@id":"https:\/\/contrib.city\/index.php\/en\/2021\/03\/05\/the-collective-trial-against-death\/"},"author":{"name":"Bertrand de Foucauld","@id":"https:\/\/contrib.city\/#\/schema\/person\/ec389c5a78a37ccaee4e8ce098099db5"},"headline":"The Collective Trial Against Death","datePublished":"2021-03-05T22:35:15+00:00","dateModified":"2021-09-14T11:29:30+00:00","mainEntityOfPage":{"@id":"https:\/\/contrib.city\/index.php\/en\/2021\/03\/05\/the-collective-trial-against-death\/"},"wordCount":783,"commentCount":0,"publisher":{"@id":"https:\/\/contrib.city\/#organization"},"image":{"@id":"https:\/\/contrib.city\/index.php\/en\/2021\/03\/05\/the-collective-trial-against-death\/#primaryimage"},"thumbnailUrl":"https:\/\/contrib.city\/wp-content\/uploads\/2021\/03\/Parvis-du-Tribunal-de-Paris-scaled.jpg","articleSection":["Daily Life","Economics\/Social","Health"],"inLanguage":"fr-FR","potentialAction":[{"@type":"CommentAction","name":"Comment","target":["https:\/\/contrib.city\/index.php\/en\/2021\/03\/05\/the-collective-trial-against-death\/#respond"]}]},{"@type":"WebPage","@id":"https:\/\/contrib.city\/index.php\/en\/2021\/03\/05\/the-collective-trial-against-death\/","url":"https:\/\/contrib.city\/index.php\/en\/2021\/03\/05\/the-collective-trial-against-death\/","name":"The Collective Trial Against Death - ContribCity","isPartOf":{"@id":"https:\/\/contrib.city\/#website"},"primaryImageOfPage":{"@id":"https:\/\/contrib.city\/index.php\/en\/2021\/03\/05\/the-collective-trial-against-death\/#primaryimage"},"image":{"@id":"https:\/\/contrib.city\/index.php\/en\/2021\/03\/05\/the-collective-trial-against-death\/#primaryimage"},"thumbnailUrl":"https:\/\/contrib.city\/wp-content\/uploads\/2021\/03\/Parvis-du-Tribunal-de-Paris-scaled.jpg","datePublished":"2021-03-05T22:35:15+00:00","dateModified":"2021-09-14T11:29:30+00:00","breadcrumb":{"@id":"https:\/\/contrib.city\/index.php\/en\/2021\/03\/05\/the-collective-trial-against-death\/#breadcrumb"},"inLanguage":"fr-FR","potentialAction":[{"@type":"ReadAction","target":["https:\/\/contrib.city\/index.php\/en\/2021\/03\/05\/the-collective-trial-against-death\/"]}]},{"@type":"ImageObject","inLanguage":"fr-FR","@id":"https:\/\/contrib.city\/index.php\/en\/2021\/03\/05\/the-collective-trial-against-death\/#primaryimage","url":"https:\/\/contrib.city\/wp-content\/uploads\/2021\/03\/Parvis-du-Tribunal-de-Paris-scaled.jpg","contentUrl":"https:\/\/contrib.city\/wp-content\/uploads\/2021\/03\/Parvis-du-Tribunal-de-Paris-scaled.jpg","width":2560,"height":1920},{"@type":"BreadcrumbList","@id":"https:\/\/contrib.city\/index.php\/en\/2021\/03\/05\/the-collective-trial-against-death\/#breadcrumb","itemListElement":[{"@type":"ListItem","position":1,"name":"Home","item":"https:\/\/contrib.city\/"},{"@type":"ListItem","position":2,"name":"The Collective Trial Against Death"}]},{"@type":"WebSite","@id":"https:\/\/contrib.city\/#website","url":"https:\/\/contrib.city\/","name":"ContribCity","description":"Parlons de nos lieux de vie","publisher":{"@id":"https:\/\/contrib.city\/#organization"},"potentialAction":[{"@type":"SearchAction","target":{"@type":"EntryPoint","urlTemplate":"https:\/\/contrib.city\/?s={search_term_string}"},"query-input":{"@type":"PropertyValueSpecification","valueRequired":true,"valueName":"search_term_string"}}],"inLanguage":"fr-FR"},{"@type":"Organization","@id":"https:\/\/contrib.city\/#organization","name":"ContribCity","url":"https:\/\/contrib.city\/","logo":{"@type":"ImageObject","inLanguage":"fr-FR","@id":"https:\/\/contrib.city\/#\/schema\/logo\/image\/","url":"https:\/\/contrib.city\/wp-content\/uploads\/2020\/01\/cropped-Parlons-de-nos-lieux-de-vie-2.jpg","contentUrl":"https:\/\/contrib.city\/wp-content\/uploads\/2020\/01\/cropped-Parlons-de-nos-lieux-de-vie-2.jpg","width":1133,"height":218,"caption":"ContribCity"},"image":{"@id":"https:\/\/contrib.city\/#\/schema\/logo\/image\/"}},{"@type":"Person","@id":"https:\/\/contrib.city\/#\/schema\/person\/ec389c5a78a37ccaee4e8ce098099db5","name":"Bertrand de Foucauld","image":{"@type":"ImageObject","inLanguage":"fr-FR","@id":"https:\/\/secure.gravatar.com\/avatar\/c49e25550e4609092f7a00fb677a980813788778df987b36cad9b0fc85a8bf73?s=96&d=mm&r=g","url":"https:\/\/secure.gravatar.com\/avatar\/c49e25550e4609092f7a00fb677a980813788778df987b36cad9b0fc85a8bf73?s=96&d=mm&r=g","contentUrl":"https:\/\/secure.gravatar.com\/avatar\/c49e25550e4609092f7a00fb677a980813788778df987b36cad9b0fc85a8bf73?s=96&d=mm&r=g","caption":"Bertrand de Foucauld"},"url":"https:\/\/contrib.city\/index.php\/author\/bertrand\/"}]}},"jetpack_featured_media_url":"https:\/\/contrib.city\/wp-content\/uploads\/2021\/03\/Parvis-du-Tribunal-de-Paris-scaled.jpg","jetpack_sharing_enabled":true,"post_mailing_queue_ids":[],"_links":{"self":[{"href":"https:\/\/contrib.city\/index.php\/wp-json\/wp\/v2\/posts\/7973","targetHints":{"allow":["GET"]}}],"collection":[{"href":"https:\/\/contrib.city\/index.php\/wp-json\/wp\/v2\/posts"}],"about":[{"href":"https:\/\/contrib.city\/index.php\/wp-json\/wp\/v2\/types\/post"}],"author":[{"embeddable":true,"href":"https:\/\/contrib.city\/index.php\/wp-json\/wp\/v2\/users\/1"}],"replies":[{"embeddable":true,"href":"https:\/\/contrib.city\/index.php\/wp-json\/wp\/v2\/comments?post=7973"}],"version-history":[{"count":3,"href":"https:\/\/contrib.city\/index.php\/wp-json\/wp\/v2\/posts\/7973\/revisions"}],"predecessor-version":[{"id":7977,"href":"https:\/\/contrib.city\/index.php\/wp-json\/wp\/v2\/posts\/7973\/revisions\/7977"}],"wp:featuredmedia":[{"embeddable":true,"href":"https:\/\/contrib.city\/index.php\/wp-json\/wp\/v2\/media\/7138"}],"wp:attachment":[{"href":"https:\/\/contrib.city\/index.php\/wp-json\/wp\/v2\/media?parent=7973"}],"wp:term":[{"taxonomy":"category","embeddable":true,"href":"https:\/\/contrib.city\/index.php\/wp-json\/wp\/v2\/categories?post=7973"},{"taxonomy":"post_tag","embeddable":true,"href":"https:\/\/contrib.city\/index.php\/wp-json\/wp\/v2\/tags?post=7973"}],"curies":[{"name":"wp","href":"https:\/\/api.w.org\/{rel}","templated":true}]}}