{"id":8055,"date":"2021-10-14T14:54:58","date_gmt":"2021-10-14T12:54:58","guid":{"rendered":"https:\/\/contrib.city\/?p=8055"},"modified":"2021-10-22T11:46:23","modified_gmt":"2021-10-22T09:46:23","slug":"le-mystere-aubert-lenigme-de-la-demi-lune","status":"publish","type":"post","link":"https:\/\/contrib.city\/index.php\/2021\/10\/14\/le-mystere-aubert-lenigme-de-la-demi-lune\/","title":{"rendered":"Le myst\u00e8re Aubert &#8211; L&#8217;\u00e9nigme de la demi-lune"},"content":{"rendered":"<p style=\"text-align: justify;\">Des travaux de goudronnage et d&#8217;enrobage ont eu lieu durant le mois de mai dernier, dans le quartier des Metz \u00e0 Jouy-en-Josas.&nbsp;<\/p>\n<p style=\"text-align: justify;\">Un moment a retenu notre attention lorsque la soci\u00e9t\u00e9 de travaux publics SATO a proc\u00e9d\u00e9 \u00e0 la r\u00e9fection de ce qui pouvait appara\u00eetre comme un trottoir et donc le domaine public. Mais notre enqu\u00eate a conclu qu&#8217;il s&#8217;agissait, en fait, de la parcelle cadastrale AC99, d&#8217;une superficie de 60 m2, bien immobilier de la villa situ\u00e9e de l&#8217;autre c\u00f4t\u00e9 de la rue<span class=\"footnote_referrer\"><a role=\"button\" tabindex=\"0\" onclick=\"footnote_moveToReference_8055_1('footnote_plugin_reference_8055_1_1');\" onkeypress=\"footnote_moveToReference_8055_1('footnote_plugin_reference_8055_1_1');\" ><sup id=\"footnote_plugin_tooltip_8055_1_1\" class=\"footnote_plugin_tooltip_text\">[1]<\/sup><\/a><span id=\"footnote_plugin_tooltip_text_8055_1_1\" class=\"footnote_tooltip\">au mois de septembre dernier<\/span><\/span><script type=\"text\/javascript\"> jQuery('#footnote_plugin_tooltip_8055_1_1').tooltip({ tip: '#footnote_plugin_tooltip_text_8055_1_1', tipClass: 'footnote_tooltip', effect: 'fade', predelay: 0, fadeInSpeed: 200, delay: 400, fadeOutSpeed: 200, position: 'top right', relative: true, offset: [10, 10], });<\/script>. Auparavant, ce 12 mai, des travaux de goudronnage ont \u00e9galement eu lieu vers la rue Calmette, \u00e0 un kilom\u00e8tre environ de la parcelle AC99.<\/p>\n<p style=\"text-align: justify;\">Cette parcelle AC99 donne sur le grand portail, au sud du mur d\u2019enceinte du domaine sis au 18 rue Pierre Vaudenay. Nous avons d\u00e9j\u00e0 parl\u00e9 de cette adresse : elle correspond \u00e0 la propri\u00e9t\u00e9 de 1500 m\u00b2 de M. Gilles Curti, premier-adjoint au maire, et \u00e0 <a href=\"https:\/\/contrib.city\/index.php\/2021\/04\/22\/le-mystere-aubert-lelue-beneficiait-de-largesses-de-la-part-du-premier-adjoint-de-jouy-en-josas\/?highlight=Curti\" target=\"_blank\" rel=\"noopener\">l&#8217;adresse d\u00e9clar\u00e9e par Marie-H\u00e9l\u00e8ne Aubert<\/a> dans sa candidature aux derni\u00e8res \u00e9lections d\u00e9partementales et municipales. Les conditions locatives entre les deux \u00e9lus avaient d&#8217;ailleurs \u00e9veill\u00e9 l&#8217;int\u00e9r\u00eat de contrib.city et celui de ses lecteurs.<\/p>\n<p style=\"text-align: justify;\">Ayant souhait\u00e9 plus de pr\u00e9cisions sur ces travaux, Contrib&#8217;City s&#8217;est adress\u00e9 par \u00e9crit au propri\u00e9taire de la parcelle puis \u00e0 la mairie. Le premier a enjoint CC de s&#8217;adresser \u00e0 la seconde&#8230; qui n&#8217;a pas daign\u00e9 r\u00e9pondre au site d&#8217;informations. Le site a \u00e9galement contact\u00e9 par t\u00e9l\u00e9phone la soci\u00e9t\u00e9 SATO : la secr\u00e9taire a transmis les questions mais le directeur, M. Philippe Boroni, n&#8217;a pas daign\u00e9 apporter d&#8217;\u00e9claircissements aux lecteurs de CC.<\/p>\n<p style=\"text-align: justify;\">Il s&#8217;agissait pourtant, tout simplement, de savoir quelle superficie du domaine public et priv\u00e9 avait \u00e9t\u00e9 trait\u00e9e au mois de mai dernier, et plus particuli\u00e8rement le 12 de ce mois, et combien cela avait co\u00fbt\u00e9. Le site souhaitait \u00e9galement savoir comment il \u00e9tait possible, pour les autres Jovaciens qui le d\u00e9siraient, de profiter de ce service d&#8217;enrobage.<\/p>\n<p>Contrib&#8217;City continue \u00e0 mener l&#8217;enqu\u00eate et tiendra inform\u00e9s ses lecteurs.<\/p>\n<figure id=\"attachment_8064\" aria-describedby=\"caption-attachment-8064\" style=\"width: 2560px\" class=\"wp-caption aligncenter\"><img loading=\"lazy\" decoding=\"async\" class=\"wp-image-8064 size-full\" src=\"https:\/\/contrib.city\/wp-content\/uploads\/2021\/10\/Photo-2-goudronnage-entree-18-rue-Pierre-Vaudenay-.jpeg-scaled.jpg\" alt=\"\" width=\"2560\" height=\"1925\" srcset=\"https:\/\/contrib.city\/wp-content\/uploads\/2021\/10\/Photo-2-goudronnage-entree-18-rue-Pierre-Vaudenay-.jpeg-scaled.jpg 2560w, https:\/\/contrib.city\/wp-content\/uploads\/2021\/10\/Photo-2-goudronnage-entree-18-rue-Pierre-Vaudenay-.jpeg-300x226.jpg 300w, https:\/\/contrib.city\/wp-content\/uploads\/2021\/10\/Photo-2-goudronnage-entree-18-rue-Pierre-Vaudenay-.jpeg-1024x770.jpg 1024w, https:\/\/contrib.city\/wp-content\/uploads\/2021\/10\/Photo-2-goudronnage-entree-18-rue-Pierre-Vaudenay-.jpeg-768x578.jpg 768w, https:\/\/contrib.city\/wp-content\/uploads\/2021\/10\/Photo-2-goudronnage-entree-18-rue-Pierre-Vaudenay-.jpeg-1536x1155.jpg 1536w, https:\/\/contrib.city\/wp-content\/uploads\/2021\/10\/Photo-2-goudronnage-entree-18-rue-Pierre-Vaudenay-.jpeg-2048x1540.jpg 2048w\" sizes=\"auto, (max-width: 2560px) 100vw, 2560px\" \/><figcaption id=\"caption-attachment-8064\" class=\"wp-caption-text\">Photo prise le 12 mai 2021, depuis la rue Pierre Vaudenay. Details sur le mat\u00e9riel de goudronnage\/enrobage en face de la parcelle priv\u00e9e AC99. BdF.<\/figcaption><\/figure>\n<figure id=\"attachment_8057\" aria-describedby=\"caption-attachment-8057\" style=\"width: 951px\" class=\"wp-caption aligncenter\"><img loading=\"lazy\" decoding=\"async\" class=\"wp-image-8057 \" src=\"https:\/\/contrib.city\/wp-content\/uploads\/2021\/10\/Courriel-du-2021-09-30-a-la-mairie.png\" alt=\"\" width=\"951\" height=\"735\" srcset=\"https:\/\/contrib.city\/wp-content\/uploads\/2021\/10\/Courriel-du-2021-09-30-a-la-mairie.png 895w, https:\/\/contrib.city\/wp-content\/uploads\/2021\/10\/Courriel-du-2021-09-30-a-la-mairie-300x232.png 300w, https:\/\/contrib.city\/wp-content\/uploads\/2021\/10\/Courriel-du-2021-09-30-a-la-mairie-768x594.png 768w\" sizes=\"auto, (max-width: 951px) 100vw, 951px\" \/><figcaption id=\"caption-attachment-8057\" class=\"wp-caption-text\">Courriel adress\u00e9 \u00e0 la mairie de Jouy-en-Josas le 30 septembre dernier afin d&#8217;obtenir plus de pr\u00e9cisions concernant les travaux de goudronnage dans le quartier des Metz.<\/figcaption><\/figure>\n<p><img loading=\"lazy\" decoding=\"async\" class=\"aligncenter wp-image-8069 size-full\" src=\"https:\/\/contrib.city\/wp-content\/uploads\/2021\/10\/Courriel-2021-10-08-a-Jean-Lignel-debut.jpg\" alt=\"\" width=\"973\" height=\"745\" srcset=\"https:\/\/contrib.city\/wp-content\/uploads\/2021\/10\/Courriel-2021-10-08-a-Jean-Lignel-debut.jpg 973w, https:\/\/contrib.city\/wp-content\/uploads\/2021\/10\/Courriel-2021-10-08-a-Jean-Lignel-debut-300x230.jpg 300w, https:\/\/contrib.city\/wp-content\/uploads\/2021\/10\/Courriel-2021-10-08-a-Jean-Lignel-debut-768x588.jpg 768w\" sizes=\"auto, (max-width: 973px) 100vw, 973px\" \/><\/p>\n<figure id=\"attachment_8070\" aria-describedby=\"caption-attachment-8070\" style=\"width: 987px\" class=\"wp-caption alignnone\"><img loading=\"lazy\" decoding=\"async\" class=\"wp-image-8070 size-full\" src=\"https:\/\/contrib.city\/wp-content\/uploads\/2021\/10\/Courriel-2021-10-08-a-Jean-Lignel-suite-1.jpg\" alt=\"\" width=\"987\" height=\"706\" srcset=\"https:\/\/contrib.city\/wp-content\/uploads\/2021\/10\/Courriel-2021-10-08-a-Jean-Lignel-suite-1.jpg 987w, https:\/\/contrib.city\/wp-content\/uploads\/2021\/10\/Courriel-2021-10-08-a-Jean-Lignel-suite-1-300x215.jpg 300w, https:\/\/contrib.city\/wp-content\/uploads\/2021\/10\/Courriel-2021-10-08-a-Jean-Lignel-suite-1-768x549.jpg 768w\" sizes=\"auto, (max-width: 987px) 100vw, 987px\" \/><figcaption id=\"caption-attachment-8070\" class=\"wp-caption-text\">Courriel adress\u00e9 au propri\u00e9taire de la parcelle AC99, le 8 octobre 2021. Ce dernier a enjoint le site de s&#8217;adresser \u00e0 la mairie&#8230;qui n&#8217;a pas daign\u00e9 r\u00e9pondre.<\/figcaption><\/figure>\n<p><img loading=\"lazy\" decoding=\"async\" class=\"aligncenter wp-image-8065 size-full\" src=\"https:\/\/contrib.city\/wp-content\/uploads\/2021\/10\/Cadastre-entree-18-rue-Pierre-Vaudenay-1.jpg\" alt=\"\" width=\"1507\" height=\"681\" srcset=\"https:\/\/contrib.city\/wp-content\/uploads\/2021\/10\/Cadastre-entree-18-rue-Pierre-Vaudenay-1.jpg 1507w, https:\/\/contrib.city\/wp-content\/uploads\/2021\/10\/Cadastre-entree-18-rue-Pierre-Vaudenay-1-300x136.jpg 300w, https:\/\/contrib.city\/wp-content\/uploads\/2021\/10\/Cadastre-entree-18-rue-Pierre-Vaudenay-1-1024x463.jpg 1024w, https:\/\/contrib.city\/wp-content\/uploads\/2021\/10\/Cadastre-entree-18-rue-Pierre-Vaudenay-1-768x347.jpg 768w\" sizes=\"auto, (max-width: 1507px) 100vw, 1507px\" \/><\/p>\n<p><img loading=\"lazy\" decoding=\"async\" class=\"aligncenter wp-image-8062 size-full\" src=\"https:\/\/contrib.city\/wp-content\/uploads\/2021\/10\/Cadastre-entree-18-rue-Pierre-Vaudenay.jpg\" alt=\"\" width=\"1507\" height=\"695\" srcset=\"https:\/\/contrib.city\/wp-content\/uploads\/2021\/10\/Cadastre-entree-18-rue-Pierre-Vaudenay.jpg 1507w, https:\/\/contrib.city\/wp-content\/uploads\/2021\/10\/Cadastre-entree-18-rue-Pierre-Vaudenay-300x138.jpg 300w, https:\/\/contrib.city\/wp-content\/uploads\/2021\/10\/Cadastre-entree-18-rue-Pierre-Vaudenay-1024x472.jpg 1024w, https:\/\/contrib.city\/wp-content\/uploads\/2021\/10\/Cadastre-entree-18-rue-Pierre-Vaudenay-768x354.jpg 768w\" sizes=\"auto, (max-width: 1507px) 100vw, 1507px\" \/><\/p>\n<figure id=\"attachment_8063\" aria-describedby=\"caption-attachment-8063\" style=\"width: 907px\" class=\"wp-caption aligncenter\"><img loading=\"lazy\" decoding=\"async\" class=\"wp-image-8063\" src=\"https:\/\/contrib.city\/wp-content\/uploads\/2021\/10\/Cadastre-entree-18-rue-Pierre-Vaudenay-3.jpg\" alt=\"\" width=\"907\" height=\"718\" srcset=\"https:\/\/contrib.city\/wp-content\/uploads\/2021\/10\/Cadastre-entree-18-rue-Pierre-Vaudenay-3.jpg 753w, https:\/\/contrib.city\/wp-content\/uploads\/2021\/10\/Cadastre-entree-18-rue-Pierre-Vaudenay-3-300x237.jpg 300w\" sizes=\"auto, (max-width: 907px) 100vw, 907px\" \/><figcaption id=\"caption-attachment-8063\" class=\"wp-caption-text\">Parcelle cadastrale AC 99. Cette parcelle donne acc\u00e8s \u00e0 la belle propri\u00e9t\u00e9 de M. Curti, sise au 18 rue Pierre Vaudenay, qui la louait, encore en 2020, \u00e0 Mme Aubert, \u00e0 des tarifs d\u00e9fiant toute concurrence.<\/figcaption><\/figure>\n<figure id=\"attachment_8071\" aria-describedby=\"caption-attachment-8071\" style=\"width: 2291px\" class=\"wp-caption alignnone\"><img loading=\"lazy\" decoding=\"async\" class=\"wp-image-8071 size-full\" src=\"https:\/\/contrib.city\/wp-content\/uploads\/2021\/10\/Parcelle-anonymisee-entree-18-rue-Pierre-Vaudenay-Jouy.jpg\" alt=\"\" width=\"2291\" height=\"1606\" srcset=\"https:\/\/contrib.city\/wp-content\/uploads\/2021\/10\/Parcelle-anonymisee-entree-18-rue-Pierre-Vaudenay-Jouy.jpg 2291w, https:\/\/contrib.city\/wp-content\/uploads\/2021\/10\/Parcelle-anonymisee-entree-18-rue-Pierre-Vaudenay-Jouy-300x210.jpg 300w, https:\/\/contrib.city\/wp-content\/uploads\/2021\/10\/Parcelle-anonymisee-entree-18-rue-Pierre-Vaudenay-Jouy-1024x718.jpg 1024w, https:\/\/contrib.city\/wp-content\/uploads\/2021\/10\/Parcelle-anonymisee-entree-18-rue-Pierre-Vaudenay-Jouy-768x538.jpg 768w, https:\/\/contrib.city\/wp-content\/uploads\/2021\/10\/Parcelle-anonymisee-entree-18-rue-Pierre-Vaudenay-Jouy-1536x1077.jpg 1536w, https:\/\/contrib.city\/wp-content\/uploads\/2021\/10\/Parcelle-anonymisee-entree-18-rue-Pierre-Vaudenay-Jouy-2048x1436.jpg 2048w, https:\/\/contrib.city\/wp-content\/uploads\/2021\/10\/Parcelle-anonymisee-entree-18-rue-Pierre-Vaudenay-Jouy-130x90.jpg 130w\" sizes=\"auto, (max-width: 2291px) 100vw, 2291px\" \/><figcaption id=\"caption-attachment-8071\" class=\"wp-caption-text\">Relev\u00e9 de propri\u00e9t\u00e9 de cette parcelle AC99. Le document, dat\u00e9 du 24 septembre 2021, pr\u00e9cise bien qu&#8217;il s&#8217;agit d&#8217;un bien immobilier qui, en septembre dernier, appartenait au propri\u00e9taire d&#8217;une villa situ\u00e9e de l&#8217;autre c\u00f4t\u00e9 de la rue.<\/figcaption><\/figure>\n<p style=\"text-align: justify;\"><em>(Photo de couverture prise le 12 mai 2021 : travaux de goudronnage\/enrobage sur la parcelle priv\u00e9e AC99 qui donne acc\u00e8s au 18 rue Pierre Vaudenay \u00e0 Jouy-en-Josas. BdF).<\/em><\/p>\n<p>&nbsp;<\/p>\n<div class=\"speaker-mute footnotes_reference_container\"> <div class=\"footnote_container_prepare\"><p><span role=\"button\" tabindex=\"0\" class=\"footnote_reference_container_label pointer\" onclick=\"footnote_expand_collapse_reference_container_8055_1();\">R\u00e9f\u00e9rences<\/span><span role=\"button\" tabindex=\"0\" class=\"footnote_reference_container_collapse_button\" style=\"\" onclick=\"footnote_expand_collapse_reference_container_8055_1();\">[<a id=\"footnote_reference_container_collapse_button_8055_1\">+<\/a>]<\/span><\/p><\/div> <div id=\"footnote_references_container_8055_1\" style=\"display: none;\"><table class=\"footnotes_table footnote-reference-container\"><caption class=\"accessibility\">R\u00e9f\u00e9rences<\/caption> <tbody> \r\n\r\n<tr class=\"footnotes_plugin_reference_row\"> <th scope=\"row\" class=\"footnote_plugin_index_combi pointer\"  onclick=\"footnote_moveToAnchor_8055_1('footnote_plugin_tooltip_8055_1_1');\"><a id=\"footnote_plugin_reference_8055_1_1\" class=\"footnote_backlink\"><span class=\"footnote_index_arrow\">&#8593;<\/span>1<\/a><\/th> <td class=\"footnote_plugin_text\">au mois de septembre dernier<\/td><\/tr>\r\n\r\n <\/tbody> <\/table> <\/div><\/div><script type=\"text\/javascript\"> function footnote_expand_reference_container_8055_1() { jQuery('#footnote_references_container_8055_1').show(); jQuery('#footnote_reference_container_collapse_button_8055_1').text('\u2212'); } function footnote_collapse_reference_container_8055_1() { jQuery('#footnote_references_container_8055_1').hide(); jQuery('#footnote_reference_container_collapse_button_8055_1').text('+'); } function footnote_expand_collapse_reference_container_8055_1() { if (jQuery('#footnote_references_container_8055_1').is(':hidden')) { footnote_expand_reference_container_8055_1(); } else { footnote_collapse_reference_container_8055_1(); } } function footnote_moveToReference_8055_1(p_str_TargetID) { footnote_expand_reference_container_8055_1(); var l_obj_Target = jQuery('#' + p_str_TargetID); if (l_obj_Target.length) { jQuery( 'html, body' ).delay( 0 ); jQuery('html, body').animate({ scrollTop: l_obj_Target.offset().top - window.innerHeight * 0.2 }, 380); } } function footnote_moveToAnchor_8055_1(p_str_TargetID) { footnote_expand_reference_container_8055_1(); var l_obj_Target = jQuery('#' + p_str_TargetID); if (l_obj_Target.length) { jQuery( 'html, body' ).delay( 0 ); jQuery('html, body').animate({ scrollTop: l_obj_Target.offset().top - window.innerHeight * 0.2 }, 380); } }<\/script>","protected":false},"excerpt":{"rendered":"<p>Des travaux de goudronnage et d&#8217;enrobage ont eu lieu durant le mois de mai dernier, dans le quartier des Metz<\/p>\n","protected":false},"author":1,"featured_media":8056,"comment_status":"open","ping_status":"open","sticky":false,"template":"","format":"standard","meta":{"_acf_changed":false,"inline_featured_image":false,"_exactmetrics_skip_tracking":false,"_exactmetrics_sitenote_active":false,"_exactmetrics_sitenote_note":"","_exactmetrics_sitenote_category":0,"ngg_post_thumbnail":0,"_jetpack_memberships_contains_paid_content":false,"footnotes":""},"categories":[51,7,5,2],"tags":[],"class_list":["post-8055","post","type-post","status-publish","format-standard","has-post-thumbnail","hentry","category-economie-social","category-transports_fr","category-urbanisme_fr","category-commerce-fr"],"acf":[],"yoast_head":"<!-- This site is optimized with the Yoast SEO plugin v27.2 - https:\/\/yoast.com\/product\/yoast-seo-wordpress\/ -->\n<title>Le myst\u00e8re Aubert - L&#039;\u00e9nigme de la demi-lune - ContribCity<\/title>\n<meta name=\"robots\" content=\"index, follow, max-snippet:-1, max-image-preview:large, max-video-preview:-1\" \/>\n<link rel=\"canonical\" href=\"https:\/\/contrib.city\/index.php\/2021\/10\/14\/le-mystere-aubert-lenigme-de-la-demi-lune\/\" \/>\n<meta property=\"og:locale\" content=\"fr_FR\" \/>\n<meta property=\"og:type\" content=\"article\" \/>\n<meta property=\"og:title\" content=\"Le myst\u00e8re Aubert - L&#039;\u00e9nigme de la demi-lune - ContribCity\" \/>\n<meta property=\"og:description\" content=\"Des travaux de goudronnage et d&#8217;enrobage ont eu lieu durant le mois de mai dernier, dans le quartier des Metz\" \/>\n<meta property=\"og:url\" content=\"https:\/\/contrib.city\/index.php\/2021\/10\/14\/le-mystere-aubert-lenigme-de-la-demi-lune\/\" \/>\n<meta property=\"og:site_name\" content=\"ContribCity\" \/>\n<meta property=\"article:published_time\" content=\"2021-10-14T12:54:58+00:00\" \/>\n<meta property=\"article:modified_time\" content=\"2021-10-22T09:46:23+00:00\" \/>\n<meta property=\"og:image\" content=\"https:\/\/contrib.city\/wp-content\/uploads\/2021\/10\/Photo-1-goudronnage-entree-18-rue-Pierre-Vaudenay-.jpeg-scaled.jpg\" \/>\n\t<meta property=\"og:image:width\" content=\"2560\" \/>\n\t<meta property=\"og:image:height\" content=\"1981\" \/>\n\t<meta property=\"og:image:type\" content=\"image\/jpeg\" \/>\n<meta name=\"author\" content=\"Bertrand de Foucauld\" \/>\n<meta name=\"twitter:card\" content=\"summary_large_image\" \/>\n<meta name=\"twitter:label1\" content=\"\u00c9crit par\" \/>\n\t<meta name=\"twitter:data1\" content=\"Bertrand de Foucauld\" \/>\n\t<meta name=\"twitter:label2\" content=\"Dur\u00e9e de lecture estim\u00e9e\" \/>\n\t<meta name=\"twitter:data2\" content=\"4 minutes\" \/>\n<script type=\"application\/ld+json\" class=\"yoast-schema-graph\">{\"@context\":\"https:\/\/schema.org\",\"@graph\":[{\"@type\":\"Article\",\"@id\":\"https:\/\/contrib.city\/index.php\/2021\/10\/14\/le-mystere-aubert-lenigme-de-la-demi-lune\/#article\",\"isPartOf\":{\"@id\":\"https:\/\/contrib.city\/index.php\/2021\/10\/14\/le-mystere-aubert-lenigme-de-la-demi-lune\/\"},\"author\":{\"name\":\"Bertrand de Foucauld\",\"@id\":\"https:\/\/contrib.city\/#\/schema\/person\/ec389c5a78a37ccaee4e8ce098099db5\"},\"headline\":\"Le myst\u00e8re Aubert &#8211; L&#8217;\u00e9nigme de la demi-lune\",\"datePublished\":\"2021-10-14T12:54:58+00:00\",\"dateModified\":\"2021-10-22T09:46:23+00:00\",\"mainEntityOfPage\":{\"@id\":\"https:\/\/contrib.city\/index.php\/2021\/10\/14\/le-mystere-aubert-lenigme-de-la-demi-lune\/\"},\"wordCount\":599,\"commentCount\":3,\"publisher\":{\"@id\":\"https:\/\/contrib.city\/#organization\"},\"image\":{\"@id\":\"https:\/\/contrib.city\/index.php\/2021\/10\/14\/le-mystere-aubert-lenigme-de-la-demi-lune\/#primaryimage\"},\"thumbnailUrl\":\"https:\/\/contrib.city\/wp-content\/uploads\/2021\/10\/Photo-1-goudronnage-entree-18-rue-Pierre-Vaudenay-.jpeg-scaled.jpg\",\"articleSection\":[\"Economie\/Social\",\"Transports\",\"Urbanisme\",\"Vie quotidienne\"],\"inLanguage\":\"fr-FR\",\"potentialAction\":[{\"@type\":\"CommentAction\",\"name\":\"Comment\",\"target\":[\"https:\/\/contrib.city\/index.php\/2021\/10\/14\/le-mystere-aubert-lenigme-de-la-demi-lune\/#respond\"]}]},{\"@type\":\"WebPage\",\"@id\":\"https:\/\/contrib.city\/index.php\/2021\/10\/14\/le-mystere-aubert-lenigme-de-la-demi-lune\/\",\"url\":\"https:\/\/contrib.city\/index.php\/2021\/10\/14\/le-mystere-aubert-lenigme-de-la-demi-lune\/\",\"name\":\"Le myst\u00e8re Aubert - L'\u00e9nigme de la demi-lune - ContribCity\",\"isPartOf\":{\"@id\":\"https:\/\/contrib.city\/#website\"},\"primaryImageOfPage\":{\"@id\":\"https:\/\/contrib.city\/index.php\/2021\/10\/14\/le-mystere-aubert-lenigme-de-la-demi-lune\/#primaryimage\"},\"image\":{\"@id\":\"https:\/\/contrib.city\/index.php\/2021\/10\/14\/le-mystere-aubert-lenigme-de-la-demi-lune\/#primaryimage\"},\"thumbnailUrl\":\"https:\/\/contrib.city\/wp-content\/uploads\/2021\/10\/Photo-1-goudronnage-entree-18-rue-Pierre-Vaudenay-.jpeg-scaled.jpg\",\"datePublished\":\"2021-10-14T12:54:58+00:00\",\"dateModified\":\"2021-10-22T09:46:23+00:00\",\"breadcrumb\":{\"@id\":\"https:\/\/contrib.city\/index.php\/2021\/10\/14\/le-mystere-aubert-lenigme-de-la-demi-lune\/#breadcrumb\"},\"inLanguage\":\"fr-FR\",\"potentialAction\":[{\"@type\":\"ReadAction\",\"target\":[\"https:\/\/contrib.city\/index.php\/2021\/10\/14\/le-mystere-aubert-lenigme-de-la-demi-lune\/\"]}]},{\"@type\":\"ImageObject\",\"inLanguage\":\"fr-FR\",\"@id\":\"https:\/\/contrib.city\/index.php\/2021\/10\/14\/le-mystere-aubert-lenigme-de-la-demi-lune\/#primaryimage\",\"url\":\"https:\/\/contrib.city\/wp-content\/uploads\/2021\/10\/Photo-1-goudronnage-entree-18-rue-Pierre-Vaudenay-.jpeg-scaled.jpg\",\"contentUrl\":\"https:\/\/contrib.city\/wp-content\/uploads\/2021\/10\/Photo-1-goudronnage-entree-18-rue-Pierre-Vaudenay-.jpeg-scaled.jpg\",\"width\":2560,\"height\":1981},{\"@type\":\"BreadcrumbList\",\"@id\":\"https:\/\/contrib.city\/index.php\/2021\/10\/14\/le-mystere-aubert-lenigme-de-la-demi-lune\/#breadcrumb\",\"itemListElement\":[{\"@type\":\"ListItem\",\"position\":1,\"name\":\"Home\",\"item\":\"https:\/\/contrib.city\/\"},{\"@type\":\"ListItem\",\"position\":2,\"name\":\"Le myst\u00e8re Aubert &#8211; L&#8217;\u00e9nigme de la demi-lune\"}]},{\"@type\":\"WebSite\",\"@id\":\"https:\/\/contrib.city\/#website\",\"url\":\"https:\/\/contrib.city\/\",\"name\":\"ContribCity\",\"description\":\"Parlons de nos lieux de vie\",\"publisher\":{\"@id\":\"https:\/\/contrib.city\/#organization\"},\"potentialAction\":[{\"@type\":\"SearchAction\",\"target\":{\"@type\":\"EntryPoint\",\"urlTemplate\":\"https:\/\/contrib.city\/?s={search_term_string}\"},\"query-input\":{\"@type\":\"PropertyValueSpecification\",\"valueRequired\":true,\"valueName\":\"search_term_string\"}}],\"inLanguage\":\"fr-FR\"},{\"@type\":\"Organization\",\"@id\":\"https:\/\/contrib.city\/#organization\",\"name\":\"ContribCity\",\"url\":\"https:\/\/contrib.city\/\",\"logo\":{\"@type\":\"ImageObject\",\"inLanguage\":\"fr-FR\",\"@id\":\"https:\/\/contrib.city\/#\/schema\/logo\/image\/\",\"url\":\"https:\/\/contrib.city\/wp-content\/uploads\/2020\/01\/cropped-Parlons-de-nos-lieux-de-vie-2.jpg\",\"contentUrl\":\"https:\/\/contrib.city\/wp-content\/uploads\/2020\/01\/cropped-Parlons-de-nos-lieux-de-vie-2.jpg\",\"width\":1133,\"height\":218,\"caption\":\"ContribCity\"},\"image\":{\"@id\":\"https:\/\/contrib.city\/#\/schema\/logo\/image\/\"}},{\"@type\":\"Person\",\"@id\":\"https:\/\/contrib.city\/#\/schema\/person\/ec389c5a78a37ccaee4e8ce098099db5\",\"name\":\"Bertrand de Foucauld\",\"image\":{\"@type\":\"ImageObject\",\"inLanguage\":\"fr-FR\",\"@id\":\"https:\/\/secure.gravatar.com\/avatar\/c49e25550e4609092f7a00fb677a980813788778df987b36cad9b0fc85a8bf73?s=96&d=mm&r=g\",\"url\":\"https:\/\/secure.gravatar.com\/avatar\/c49e25550e4609092f7a00fb677a980813788778df987b36cad9b0fc85a8bf73?s=96&d=mm&r=g\",\"contentUrl\":\"https:\/\/secure.gravatar.com\/avatar\/c49e25550e4609092f7a00fb677a980813788778df987b36cad9b0fc85a8bf73?s=96&d=mm&r=g\",\"caption\":\"Bertrand de Foucauld\"},\"url\":\"https:\/\/contrib.city\/index.php\/author\/bertrand\/\"}]}<\/script>\n<!-- \/ Yoast SEO plugin. -->","yoast_head_json":{"title":"Le myst\u00e8re Aubert - L'\u00e9nigme de la demi-lune - ContribCity","robots":{"index":"index","follow":"follow","max-snippet":"max-snippet:-1","max-image-preview":"max-image-preview:large","max-video-preview":"max-video-preview:-1"},"canonical":"https:\/\/contrib.city\/index.php\/2021\/10\/14\/le-mystere-aubert-lenigme-de-la-demi-lune\/","og_locale":"fr_FR","og_type":"article","og_title":"Le myst\u00e8re Aubert - L'\u00e9nigme de la demi-lune - ContribCity","og_description":"Des travaux de goudronnage et d&#8217;enrobage ont eu lieu durant le mois de mai dernier, dans le quartier des Metz","og_url":"https:\/\/contrib.city\/index.php\/2021\/10\/14\/le-mystere-aubert-lenigme-de-la-demi-lune\/","og_site_name":"ContribCity","article_published_time":"2021-10-14T12:54:58+00:00","article_modified_time":"2021-10-22T09:46:23+00:00","og_image":[{"width":2560,"height":1981,"url":"https:\/\/contrib.city\/wp-content\/uploads\/2021\/10\/Photo-1-goudronnage-entree-18-rue-Pierre-Vaudenay-.jpeg-scaled.jpg","type":"image\/jpeg"}],"author":"Bertrand de Foucauld","twitter_card":"summary_large_image","twitter_misc":{"\u00c9crit par":"Bertrand de Foucauld","Dur\u00e9e de lecture estim\u00e9e":"4 minutes"},"schema":{"@context":"https:\/\/schema.org","@graph":[{"@type":"Article","@id":"https:\/\/contrib.city\/index.php\/2021\/10\/14\/le-mystere-aubert-lenigme-de-la-demi-lune\/#article","isPartOf":{"@id":"https:\/\/contrib.city\/index.php\/2021\/10\/14\/le-mystere-aubert-lenigme-de-la-demi-lune\/"},"author":{"name":"Bertrand de Foucauld","@id":"https:\/\/contrib.city\/#\/schema\/person\/ec389c5a78a37ccaee4e8ce098099db5"},"headline":"Le myst\u00e8re Aubert &#8211; L&#8217;\u00e9nigme de la demi-lune","datePublished":"2021-10-14T12:54:58+00:00","dateModified":"2021-10-22T09:46:23+00:00","mainEntityOfPage":{"@id":"https:\/\/contrib.city\/index.php\/2021\/10\/14\/le-mystere-aubert-lenigme-de-la-demi-lune\/"},"wordCount":599,"commentCount":3,"publisher":{"@id":"https:\/\/contrib.city\/#organization"},"image":{"@id":"https:\/\/contrib.city\/index.php\/2021\/10\/14\/le-mystere-aubert-lenigme-de-la-demi-lune\/#primaryimage"},"thumbnailUrl":"https:\/\/contrib.city\/wp-content\/uploads\/2021\/10\/Photo-1-goudronnage-entree-18-rue-Pierre-Vaudenay-.jpeg-scaled.jpg","articleSection":["Economie\/Social","Transports","Urbanisme","Vie quotidienne"],"inLanguage":"fr-FR","potentialAction":[{"@type":"CommentAction","name":"Comment","target":["https:\/\/contrib.city\/index.php\/2021\/10\/14\/le-mystere-aubert-lenigme-de-la-demi-lune\/#respond"]}]},{"@type":"WebPage","@id":"https:\/\/contrib.city\/index.php\/2021\/10\/14\/le-mystere-aubert-lenigme-de-la-demi-lune\/","url":"https:\/\/contrib.city\/index.php\/2021\/10\/14\/le-mystere-aubert-lenigme-de-la-demi-lune\/","name":"Le myst\u00e8re Aubert - L'\u00e9nigme de la demi-lune - ContribCity","isPartOf":{"@id":"https:\/\/contrib.city\/#website"},"primaryImageOfPage":{"@id":"https:\/\/contrib.city\/index.php\/2021\/10\/14\/le-mystere-aubert-lenigme-de-la-demi-lune\/#primaryimage"},"image":{"@id":"https:\/\/contrib.city\/index.php\/2021\/10\/14\/le-mystere-aubert-lenigme-de-la-demi-lune\/#primaryimage"},"thumbnailUrl":"https:\/\/contrib.city\/wp-content\/uploads\/2021\/10\/Photo-1-goudronnage-entree-18-rue-Pierre-Vaudenay-.jpeg-scaled.jpg","datePublished":"2021-10-14T12:54:58+00:00","dateModified":"2021-10-22T09:46:23+00:00","breadcrumb":{"@id":"https:\/\/contrib.city\/index.php\/2021\/10\/14\/le-mystere-aubert-lenigme-de-la-demi-lune\/#breadcrumb"},"inLanguage":"fr-FR","potentialAction":[{"@type":"ReadAction","target":["https:\/\/contrib.city\/index.php\/2021\/10\/14\/le-mystere-aubert-lenigme-de-la-demi-lune\/"]}]},{"@type":"ImageObject","inLanguage":"fr-FR","@id":"https:\/\/contrib.city\/index.php\/2021\/10\/14\/le-mystere-aubert-lenigme-de-la-demi-lune\/#primaryimage","url":"https:\/\/contrib.city\/wp-content\/uploads\/2021\/10\/Photo-1-goudronnage-entree-18-rue-Pierre-Vaudenay-.jpeg-scaled.jpg","contentUrl":"https:\/\/contrib.city\/wp-content\/uploads\/2021\/10\/Photo-1-goudronnage-entree-18-rue-Pierre-Vaudenay-.jpeg-scaled.jpg","width":2560,"height":1981},{"@type":"BreadcrumbList","@id":"https:\/\/contrib.city\/index.php\/2021\/10\/14\/le-mystere-aubert-lenigme-de-la-demi-lune\/#breadcrumb","itemListElement":[{"@type":"ListItem","position":1,"name":"Home","item":"https:\/\/contrib.city\/"},{"@type":"ListItem","position":2,"name":"Le myst\u00e8re Aubert &#8211; L&#8217;\u00e9nigme de la demi-lune"}]},{"@type":"WebSite","@id":"https:\/\/contrib.city\/#website","url":"https:\/\/contrib.city\/","name":"ContribCity","description":"Parlons de nos lieux de vie","publisher":{"@id":"https:\/\/contrib.city\/#organization"},"potentialAction":[{"@type":"SearchAction","target":{"@type":"EntryPoint","urlTemplate":"https:\/\/contrib.city\/?s={search_term_string}"},"query-input":{"@type":"PropertyValueSpecification","valueRequired":true,"valueName":"search_term_string"}}],"inLanguage":"fr-FR"},{"@type":"Organization","@id":"https:\/\/contrib.city\/#organization","name":"ContribCity","url":"https:\/\/contrib.city\/","logo":{"@type":"ImageObject","inLanguage":"fr-FR","@id":"https:\/\/contrib.city\/#\/schema\/logo\/image\/","url":"https:\/\/contrib.city\/wp-content\/uploads\/2020\/01\/cropped-Parlons-de-nos-lieux-de-vie-2.jpg","contentUrl":"https:\/\/contrib.city\/wp-content\/uploads\/2020\/01\/cropped-Parlons-de-nos-lieux-de-vie-2.jpg","width":1133,"height":218,"caption":"ContribCity"},"image":{"@id":"https:\/\/contrib.city\/#\/schema\/logo\/image\/"}},{"@type":"Person","@id":"https:\/\/contrib.city\/#\/schema\/person\/ec389c5a78a37ccaee4e8ce098099db5","name":"Bertrand de Foucauld","image":{"@type":"ImageObject","inLanguage":"fr-FR","@id":"https:\/\/secure.gravatar.com\/avatar\/c49e25550e4609092f7a00fb677a980813788778df987b36cad9b0fc85a8bf73?s=96&d=mm&r=g","url":"https:\/\/secure.gravatar.com\/avatar\/c49e25550e4609092f7a00fb677a980813788778df987b36cad9b0fc85a8bf73?s=96&d=mm&r=g","contentUrl":"https:\/\/secure.gravatar.com\/avatar\/c49e25550e4609092f7a00fb677a980813788778df987b36cad9b0fc85a8bf73?s=96&d=mm&r=g","caption":"Bertrand de Foucauld"},"url":"https:\/\/contrib.city\/index.php\/author\/bertrand\/"}]}},"jetpack_featured_media_url":"https:\/\/contrib.city\/wp-content\/uploads\/2021\/10\/Photo-1-goudronnage-entree-18-rue-Pierre-Vaudenay-.jpeg-scaled.jpg","jetpack_sharing_enabled":true,"post_mailing_queue_ids":[],"_links":{"self":[{"href":"https:\/\/contrib.city\/index.php\/wp-json\/wp\/v2\/posts\/8055","targetHints":{"allow":["GET"]}}],"collection":[{"href":"https:\/\/contrib.city\/index.php\/wp-json\/wp\/v2\/posts"}],"about":[{"href":"https:\/\/contrib.city\/index.php\/wp-json\/wp\/v2\/types\/post"}],"author":[{"embeddable":true,"href":"https:\/\/contrib.city\/index.php\/wp-json\/wp\/v2\/users\/1"}],"replies":[{"embeddable":true,"href":"https:\/\/contrib.city\/index.php\/wp-json\/wp\/v2\/comments?post=8055"}],"version-history":[{"count":13,"href":"https:\/\/contrib.city\/index.php\/wp-json\/wp\/v2\/posts\/8055\/revisions"}],"predecessor-version":[{"id":8090,"href":"https:\/\/contrib.city\/index.php\/wp-json\/wp\/v2\/posts\/8055\/revisions\/8090"}],"wp:featuredmedia":[{"embeddable":true,"href":"https:\/\/contrib.city\/index.php\/wp-json\/wp\/v2\/media\/8056"}],"wp:attachment":[{"href":"https:\/\/contrib.city\/index.php\/wp-json\/wp\/v2\/media?parent=8055"}],"wp:term":[{"taxonomy":"category","embeddable":true,"href":"https:\/\/contrib.city\/index.php\/wp-json\/wp\/v2\/categories?post=8055"},{"taxonomy":"post_tag","embeddable":true,"href":"https:\/\/contrib.city\/index.php\/wp-json\/wp\/v2\/tags?post=8055"}],"curies":[{"name":"wp","href":"https:\/\/api.w.org\/{rel}","templated":true}]}}