{"id":8118,"date":"2021-11-26T12:19:53","date_gmt":"2021-11-26T11:19:53","guid":{"rendered":"https:\/\/contrib.city\/?p=8118"},"modified":"2021-12-17T10:48:12","modified_gmt":"2021-12-17T09:48:12","slug":"jouy-en-josas-laffaire-des-serres","status":"publish","type":"post","link":"https:\/\/contrib.city\/index.php\/2021\/11\/26\/jouy-en-josas-laffaire-des-serres\/","title":{"rendered":"Jouy-en-Josas &#8211; L&#8217;affaire des Serres"},"content":{"rendered":"<p class=\"western\" align=\"justify\"><span style=\"font-size: medium;\">L&#8217;ann\u00e9e derni\u00e8re, <a href=\"https:\/\/horticulteurs.nosavis.com\/horticulteur\/yvelines-78\/jouy+en+josas-78350\/claveau+robert-2720\/\" target=\"_blank\" rel=\"noopener\">une famille d&#8217;horticulteurs<\/a>, qui cultive ses plantes depuis plus de cinquante ans <\/span><span style=\"font-size: medium;\">au 14 rue Victor Hugo \u00e0<\/span><span style=\"font-size: medium;\"> Jouy-en-Josas, a d\u00e9cid\u00e9 de vendre sa propri\u00e9t\u00e9 qui se caract\u00e9rise par la pr\u00e9sence de plusieurs serres. Un promoteur s&#8217;\u00e9tait d\u00e9clar\u00e9 int\u00e9ress\u00e9 pour acqu\u00e9rir ce magnifique domaine, <\/span><span style=\"font-size: medium;\">dot\u00e9 de trois maisons et<\/span> <span style=\"font-size: medium;\">d&#8217;<\/span><span style=\"font-size: medium;\">un espace agricole de 4816 m2, <\/span><span style=\"font-size: medium;\">afin<\/span> <span style=\"font-size: medium;\">d&#8217;<\/span><span style=\"font-size: medium;\">y construire un lotissement de maisons individuelles. Dans ce quartier pavillonnaire, ce lotissement se serait bien int\u00e9gr\u00e9. <\/span><\/p>\n<p class=\"western\" align=\"justify\"><span style=\"font-size: medium;\">Mais c&#8217;\u00e9tait compter sans la mairie. Cette derni\u00e8re a pr\u00e9empt\u00e9 ce domaine pour un co\u00fbt de 1,6 million d&#8217;euros pour y construire <\/span><span style=\"font-size: medium;\">une ferme urbaine<\/span><span style=\"font-size: medium;\">. <\/span><span style=\"font-size: medium;\">300.000 \u20ac ont d\u00e9j\u00e0 \u00e9t\u00e9 inscrits au budget communal de 2022 pour des \u00e9tudes pr\u00e9alables. A ces co\u00fbts, il faudra rajouter le chantier lui-m\u00eame. Tout d&#8217;abord, <\/span><span style=\"font-size: medium;\">la commune devra d\u00e9truire certaines de ces serres, car elles contiennent de l&#8217;amiante<\/span><span style=\"font-size: medium;\">. Ensuite, il sera n\u00e9cessaire de<\/span><span style=\"font-size: medium;\"> pr\u00e9server <\/span><span style=\"font-size: medium;\">celles<\/span><span style=\"font-size: medium;\"> qui sont class\u00e9es au patrimoine historique<\/span><span style=\"font-size: medium;\">. Enfin, le conseil municipal sera<\/span><span style=\"font-size: medium;\"> \u00e9galement dans l&#8217;obligation de b\u00e2tir un mur<\/span><span style=\"font-size: medium;\"> ou une cl\u00f4ture<\/span><span style=\"font-size: medium;\"> de s\u00e9paration entre les deux parcelles de la propri\u00e9t\u00e9<\/span><span style=\"font-size: medium;\"> : celle qui est habit\u00e9e (et o\u00f9 vivaient les anciens propri\u00e9taires) et celle<\/span> <span style=\"font-size: medium;\">d<\/span><span style=\"font-size: medium;\">e pr\u00e8s d&#8217;un demi-hectare<\/span><span style=\"font-size: medium;\"> o\u00f9 sera am\u00e9nag<\/span><span style=\"font-size: medium;\">\u00e9<\/span> <span style=\"font-size: medium;\">le mara\u00eechage. Contrib&#8217;City estime le co\u00fbt du chantier \u00e0 600.000 \u20ac minimum, d&#8217;autant plus que la manipulation de mati\u00e8res sensibles, comme l&#8217;amiante, exige des \u00e9quipements sp\u00e9ciaux et du temps de travail suppl\u00e9mentaire. L<\/span><span style=\"font-size: medium;\">&#8216;ensemble du <\/span><span style=\"font-size: medium;\">projet<\/span><span style=\"font-size: medium;\"> est <\/span><span style=\"font-size: medium;\">donc <\/span><span style=\"font-size: medium;\">estim\u00e9, au bas mot, \u00e0 2,5 millions d&#8217;euros. <\/span><\/p>\n<p class=\"western\" align=\"justify\"><span style=\"font-size: medium;\">Pour le contribuable jovacien, cela revient \u00e0 un co\u00fbt de 520 \u20ac\/m2 <\/span><span style=\"font-size: medium;\">minimum <\/span><span style=\"font-size: medium;\">alors que le prix du m\u00e8tre carr\u00e9 agricole, dans les Yvelines, se situe entre 1 et 2 \u20ac. Les habitants de Jouy-en-Josas peuvent donc l\u00e9gitimement se poser cette question : <\/span><span style=\"font-size: medium;\"><i>Joli lot de serres, <\/i><\/span><span style=\"font-size: medium;\"><i>\u00e0<\/i><\/span><span style=\"font-size: medium;\"><i> quoi <\/i><\/span><span style=\"font-size: medium;\"><i>bon <\/i><\/span><span style=\"font-size: medium;\"><i>tu ser<\/i><\/span><span style=\"font-size: medium;\"><i>s<\/i><\/span><span style=\"font-size: medium;\"><i>? <\/i><\/span><\/p>\n<p class=\"western\" align=\"justify\"><span style=\"font-size: medium;\">A moins que ce<\/span><span style=\"font-size: medium;\">t espace vert<\/span><span style=\"font-size: medium;\"> ne se transforme en jardin des Hesp\u00e9rides, et que ses \u00e9ventuelles pommes deviennent d&#8217;or, il est peu probable que la vente des fruits qui en r\u00e9sulterait permette aux contribuables de rentabiliser cette d\u00e9pense de plusieurs millions. Par contre, il est fortemement possible que ces derniers soient pris pour de bonnes poires bien juteuses et que les charmantes nymphes cueilleuses ne se m\u00e9tamorphosent en feuilles d&#8217;imp\u00f4ts locaux toujours plus \u00e9lev\u00e9s ! Ces derniers, d&#8217;ailleurs, \u00e0 force de monter, ne vont-ils pas atteindre des sommets comparables \u00e0 l&#8217;Atlas? <\/span><\/p>\n<p class=\"western\" align=\"justify\"><span style=\"font-size: medium;\">L&#8217;opposition locale \u00e9voque la possibilit\u00e9 de mettre un potager dans le fond de la vall\u00e9e, l\u00e0 o\u00f9 l&#8217;eau flue abondamment, parfois m\u00eame trop, \u00e0 l&#8217;air libre ou juste sous la p\u00e9doc\u00e9nose : parmi diff\u00e9rentes propositions, dont celle de l&#8217;INRAe, on trouve justement l&#8217;endroit o\u00f9 la mairie a pr\u00e9vu de faire construire sept gros immeubles (pour un total de 129 appartements), en pleine zone inondable (<\/span><span style=\"color: #000080;\"><span lang=\"zxx\"><u><a href=\"https:\/\/contrib.city\/index.php\/2019\/07\/02\/potentiels-vulnerabilite-jouy-en-josas\/?highlight=juillet\" target=\"_blank\" rel=\"noopener\"><span style=\"font-size: medium;\">1,10 m de hauteur d&#8217;eau<\/span><\/a><\/u><\/span><\/span><span style=\"font-size: medium;\"> le 22 juillet 1982). Des travaux de d\u00e9pollution devront \u00eatre \u00e9galement effectu\u00e9s sur ce terrain. L&#8217;opposition \u00e9voque aussi<\/span><span style=\"font-size: medium;\">, comme exemple,<\/span> <span style=\"font-size: medium;\">la <\/span><span style=\"color: #000080;\"><span lang=\"zxx\"><u><a href=\"https:\/\/www.facebook.com\/events\/577959160142844\/?acontext=%7B%22ref%22%3A%2252%22%2C%22action_history%22%3A%22[%7B%5C%22surface%5C%22%3A%5C%22share_link%5C%22%2C%5C%22mechanism%5C%22%3A%5C%22share_link%5C%22%2C%5C%22extra_data%5C%22%3A%7B%5C%22invite_link_id%5C%22%3A176795287920286%7D%7D]%22%7D\" target=\"_blank\" rel=\"noopener\"><span style=\"font-size: medium;\">future ferme mara\u00eech\u00e8re aux Loges-en-Josas<\/span><\/a><\/u><\/span><\/span><span style=\"font-size: medium;\"> : 20.000 m2 de terres pay\u00e9es au tarif agricole (et non <\/span><span style=\"font-size: medium;\">au prix <\/span><span style=\"font-size: medium;\">urbain comme pour le projet des Serres \u00e0 Jouy).<\/span><\/p>\n<p class=\"western\" align=\"justify\"><span style=\"font-size: medium;\">Contrib&#8217;City n&#8217;a pas encore compris la logique : d&#8217;un c\u00f4t\u00e9, on refuse \u00e0 un promoteur de construire un lotissement dans un quartier pavillonnaire o\u00f9 il faut pomper l&#8217;eau car le quartier est sur un plateau. De l&#8217;autre, malgr\u00e9 des p\u00e9titions et une manifestation, la municipalit\u00e9 proc\u00e8de \u00e0 la construction d&#8217;un vaste chantier sur un terrain qui fut certes une friche industrielle, mais qui est aujourd&#8217;hui occup\u00e9 et entour\u00e9 d&#8217;espaces verts et abondamment pourvu d&#8217;eau. <\/span><\/p>\n<p class=\"western\" align=\"justify\"><span style=\"font-size: medium;\">Quelle pens\u00e9e derri\u00e8re tout cela? <\/span><span style=\"font-size: medium;\">Laurent Mauron, du Parisien, cite <a href=\"https:\/\/www.jouy-en-josas.fr\/les_elus.aspx\" target=\"_blank\" rel=\"noopener\">Fran\u00e7ois Br\u00e9joux<\/a>, adjoint au<\/span><span style=\"font-size: medium;\"> maire<\/span> <span style=\"font-size: medium;\">d<\/span><span style=\"font-size: medium;\">\u00e9l\u00e9gu\u00e9 \u00e0 la transition \u00e9cologique et \u00e9nerg\u00e9tique<\/span><span style=\"font-size: medium;\">,<\/span><span style=\"font-size: medium;\"> et pr\u00e9cise que l&#8217;objectif de ce projet est d&#8217;am\u00e9nager <\/span><a href=\"https:\/\/www.leparisien.fr\/yvelines-78\/jouy-en-josas-des-terres-rendues-a-l-agriculture-pour-contrer-un-projet-immobilier-08-12-2020-8413095.php\" target=\"_blank\" rel=\"noopener\"><span style=\"font-size: medium;\"><i>un lieu de d\u00e9tente pour les riverains du quartier<\/i><\/span><\/a><span style=\"font-size: medium;\">. <\/span><\/p>\n<p class=\"western\" align=\"justify\"><span style=\"font-size: medium;\">Toutefois, votre site d&#8217;informations a enqu\u00eat\u00e9<\/span><span style=\"font-size: medium;\"> plus<\/span><span style=\"font-size: medium;\"> en d\u00e9tails sur les tenants et aboutissants du projet des Serres. Commen\u00e7ons par un fait bien connu des urbanistes : la pr\u00e9sence d&#8217;un espace vert public \u00e0 c\u00f4t\u00e9 d&#8217;une propri\u00e9t\u00e9 priv\u00e9e apporte une plus-value \u00e0 cette derni\u00e8re. CC estime cette plus-value \u00e0 10% de la valeur marchande du bien immobilier. Or qui poss\u00e8de un bien immobilier quasiment en face des Serres? Qui?<\/span><\/p>\n<p class=\"western\" align=\"justify\"><span style=\"font-size: medium;\">Tiens, tiens &#8211; mais c&#8217;est un pur hasard &#8211; nous trouvons le premier-adjoint au maire de la municipalit\u00e9 de Jouy-en-Josas. Celui-ci b\u00e9n\u00e9ficie, en tant que propri\u00e9taire et usufruitier, d&#8217;un joli domaine de 4421 m2 (source cadastrale), situ\u00e9 entre la rue Victor Hugo et la rue Pierre Vaudenay. Mais ce n&#8217;est pas tout! Si l&#8217;on compte les proches du premier-adjoint &#8211; fils, \u00e9pouse et ni\u00e8ce &#8211; la superficie du bien monte \u00e0 7436 m2. L&#8217;ensemble immobilier contient quatre grandes maisons et une ancienne grange transform\u00e9e en garage et sa valeur atteint 5,5 millions d&#8217;euros (estimation basse).&nbsp;<br \/>\n<\/span><\/p>\n<p class=\"western\" align=\"justify\"><span style=\"font-size: medium;\">Lorsqu&#8217;une propri\u00e9t\u00e9 construite jouxte une autre \u00e9galement habit\u00e9e mais b\u00e9n\u00e9ficiant d&#8217;une tr\u00e8s grande zone verte, la premi\u00e8re profite de la qualit\u00e9 de vie apport\u00e9e par la seconde. Mais, il existe toujours le risque que la seconde soit morcel\u00e9e et vendue pour finalement \u00eatre densifi\u00e9e (c&#8217;est-\u00e0-dire que l&#8217;on construit de nouveaux logements sur l&#8217;ancien jardin). Cependant, si la collectivit\u00e9 locale d\u00e9cide de pr\u00e9empter cette deuxi\u00e8me propri\u00e9t\u00e9 et de transformer <\/span><span style=\"font-size: medium;\"><b>l&#8217;ancien jardin<\/b><\/span> <span style=\"font-size: medium;\"><b>priv\u00e9<\/b><\/span><span style=\"font-size: medium;\"> en <\/span><span style=\"font-size: medium;\"><b>zone verte<\/b><\/span> <span style=\"font-size: medium;\"><b>publique<\/b><\/span><b> <\/b><span style=\"font-size: medium;\">(jardin, verger, potager, etc)<\/span><span style=\"font-size: medium;\">, alors le caract\u00e8re <\/span><span style=\"font-size: medium;\"><i><b>bucolique<\/b><\/i><\/span><span style=\"font-size: medium;\"> est pr\u00e9serv\u00e9 sur le long terme, ce qui donne <strong>un bien-\u00eatre<\/strong> et <strong>une plus-value substantielle <\/strong>aux domaines voisins. Le Pr\u00e9fet Haussmann l&#8217;avait bien compris puisque, lors de la r\u00e9novation de Paris, il avait ordonn\u00e9 que chaque Parisien soit proche d&#8217;un jardin public (CARMONA Michel<\/span><a href=\"https:\/\/www.eyrolles.com\/Loisirs\/Livre\/haussmann-9782213606378\/\"><span style=\"font-size: medium;\">, Haussmann<\/span><\/a><span style=\"font-size: medium;\">) donc d&#8217;un endroit que l&#8217;on am\u00e9nage mais que l&#8217;on ne construit pas.<\/span><\/p>\n<p class=\"western\" align=\"justify\"><span style=\"font-size: medium;\">Bref, voil\u00e0 une bonne affaire, rondement men\u00e9e! Tant mieux pour les voisins et tant pis pour les contribuables Jovaciens qui vont devoir payer la facture : 2,5 millions d&#8217;euros! Une facture qui risque de voir les comptes de la commune soumis \u00e0 un rude effet de serre, d&#8217;autant plus que l&#8217;\u00e9dile de la ville nous a inform\u00e9s que le <a href=\"https:\/\/www.jouy-en-josas.fr\/iso_album\/mot_du_maire_6.pdf\">budget communal <\/a><\/span><a href=\"https:\/\/www.jouy-en-josas.fr\/iso_album\/mot_du_maire_6.pdf\" target=\"_blank\" rel=\"noopener\"><span style=\"font-size: medium;\">[<\/span><span style=\"font-size: medium;\">\u00e9tait<\/span><span style=\"font-size: medium;\">]<\/span> <span style=\"font-size: medium;\"><i>un exercice de plus en plus difficile<\/i><\/span><span style=\"font-size: medium;\"><i>.<\/i><\/span><\/a><\/p>\n<p class=\"western\" align=\"justify\"><span style=\"font-size: medium;\">Pour tenter, malgr\u00e9 tout, un peu d&#8217;humour, et comme il s&#8217;agit de la rue Victor Hugo, nous terminerons sur ce mot : <\/span><span style=\"font-size: medium;\"><i>Bon app\u00e9tit, Messieurs!<\/i><\/span><\/p>\n<figure id=\"attachment_8124\" aria-describedby=\"caption-attachment-8124\" style=\"width: 1080px\" class=\"wp-caption aligncenter\"><img loading=\"lazy\" decoding=\"async\" class=\"wp-image-8124 size-full\" src=\"https:\/\/contrib.city\/wp-content\/uploads\/2021\/11\/Rue-Victor-Hugo-a-Jouy-en-Josas.jpg\" alt=\"\" width=\"1080\" height=\"810\" srcset=\"https:\/\/contrib.city\/wp-content\/uploads\/2021\/11\/Rue-Victor-Hugo-a-Jouy-en-Josas.jpg 1080w, https:\/\/contrib.city\/wp-content\/uploads\/2021\/11\/Rue-Victor-Hugo-a-Jouy-en-Josas-300x225.jpg 300w, https:\/\/contrib.city\/wp-content\/uploads\/2021\/11\/Rue-Victor-Hugo-a-Jouy-en-Josas-1024x768.jpg 1024w, https:\/\/contrib.city\/wp-content\/uploads\/2021\/11\/Rue-Victor-Hugo-a-Jouy-en-Josas-768x576.jpg 768w\" sizes=\"auto, (max-width: 1080px) 100vw, 1080px\" \/><figcaption id=\"caption-attachment-8124\" class=\"wp-caption-text\">Rue Victor Hugo, \u00e0 Jouy-en-Josas. Photo BdF, prise le 26\/11\/2021 depuis le carrefour avec la rue Pierre Vaudenay. Le domaine des serres se situe \u00e0 droite de la voie. Cot\u00e9 num\u00e9ros impairs (\u00e0 gauche), on remarque les travaux d&#8217;enfouissement de la ligne \u00e9lectrique (en cours).<\/figcaption><\/figure>\n<p style=\"text-align: justify;\">Photo de couverture : l&#8217;ancienne exploitation horticole pr\u00e9empt\u00e9e par la mairie de Jouy-en-Josas, dans le cadre d&#8217;un projet de micro-ferme urbaine estim\u00e9e \u00e0 2,5 millions d&#8217;euros (estimation basse). Le c\u00f4t\u00e9 Est de la rue Victor Hugo longe la propri\u00e9t\u00e9. Source : Google Earth, 25 juillet 2019.<\/p>\n","protected":false},"excerpt":{"rendered":"<p>L&#8217;ann\u00e9e derni\u00e8re, une famille d&#8217;horticulteurs, qui cultive ses plantes depuis plus de cinquante ans au 14 rue Victor Hugo \u00e0<\/p>\n","protected":false},"author":1,"featured_media":8119,"comment_status":"open","ping_status":"open","sticky":false,"template":"","format":"standard","meta":{"_acf_changed":false,"inline_featured_image":false,"_exactmetrics_skip_tracking":false,"_exactmetrics_sitenote_active":false,"_exactmetrics_sitenote_note":"","_exactmetrics_sitenote_category":0,"ngg_post_thumbnail":0,"_jetpack_memberships_contains_paid_content":false,"footnotes":""},"categories":[51,4,5],"tags":[],"class_list":["post-8118","post","type-post","status-publish","format-standard","has-post-thumbnail","hentry","category-economie-social","category-environnement_fr","category-urbanisme_fr"],"acf":[],"yoast_head":"<!-- This site is optimized with the Yoast SEO plugin v27.2 - https:\/\/yoast.com\/product\/yoast-seo-wordpress\/ -->\n<title>Jouy-en-Josas - L&#039;affaire des Serres - ContribCity<\/title>\n<meta name=\"robots\" content=\"index, follow, max-snippet:-1, max-image-preview:large, max-video-preview:-1\" \/>\n<link rel=\"canonical\" href=\"https:\/\/contrib.city\/index.php\/2021\/11\/26\/jouy-en-josas-laffaire-des-serres\/\" \/>\n<meta property=\"og:locale\" content=\"fr_FR\" \/>\n<meta property=\"og:type\" content=\"article\" \/>\n<meta property=\"og:title\" content=\"Jouy-en-Josas - L&#039;affaire des Serres - ContribCity\" \/>\n<meta property=\"og:description\" content=\"L&#8217;ann\u00e9e derni\u00e8re, une famille d&#8217;horticulteurs, qui cultive ses plantes depuis plus de cinquante ans au 14 rue Victor Hugo \u00e0\" \/>\n<meta property=\"og:url\" content=\"https:\/\/contrib.city\/index.php\/2021\/11\/26\/jouy-en-josas-laffaire-des-serres\/\" \/>\n<meta property=\"og:site_name\" content=\"ContribCity\" \/>\n<meta property=\"article:published_time\" content=\"2021-11-26T11:19:53+00:00\" \/>\n<meta property=\"article:modified_time\" content=\"2021-12-17T09:48:12+00:00\" \/>\n<meta property=\"og:image\" content=\"https:\/\/contrib.city\/wp-content\/uploads\/2021\/11\/Photo-de-couverture-CC.jpg\" \/>\n\t<meta property=\"og:image:width\" content=\"1847\" \/>\n\t<meta property=\"og:image:height\" content=\"871\" \/>\n\t<meta property=\"og:image:type\" content=\"image\/jpeg\" \/>\n<meta name=\"author\" content=\"Bertrand de Foucauld\" \/>\n<meta name=\"twitter:card\" content=\"summary_large_image\" \/>\n<meta name=\"twitter:label1\" content=\"\u00c9crit par\" \/>\n\t<meta name=\"twitter:data1\" content=\"Bertrand de Foucauld\" \/>\n\t<meta name=\"twitter:label2\" content=\"Dur\u00e9e de lecture estim\u00e9e\" \/>\n\t<meta name=\"twitter:data2\" content=\"6 minutes\" \/>\n<script type=\"application\/ld+json\" class=\"yoast-schema-graph\">{\"@context\":\"https:\/\/schema.org\",\"@graph\":[{\"@type\":\"Article\",\"@id\":\"https:\/\/contrib.city\/index.php\/2021\/11\/26\/jouy-en-josas-laffaire-des-serres\/#article\",\"isPartOf\":{\"@id\":\"https:\/\/contrib.city\/index.php\/2021\/11\/26\/jouy-en-josas-laffaire-des-serres\/\"},\"author\":{\"name\":\"Bertrand de Foucauld\",\"@id\":\"https:\/\/contrib.city\/#\/schema\/person\/ec389c5a78a37ccaee4e8ce098099db5\"},\"headline\":\"Jouy-en-Josas &#8211; L&#8217;affaire des Serres\",\"datePublished\":\"2021-11-26T11:19:53+00:00\",\"dateModified\":\"2021-12-17T09:48:12+00:00\",\"mainEntityOfPage\":{\"@id\":\"https:\/\/contrib.city\/index.php\/2021\/11\/26\/jouy-en-josas-laffaire-des-serres\/\"},\"wordCount\":1240,\"commentCount\":7,\"publisher\":{\"@id\":\"https:\/\/contrib.city\/#organization\"},\"image\":{\"@id\":\"https:\/\/contrib.city\/index.php\/2021\/11\/26\/jouy-en-josas-laffaire-des-serres\/#primaryimage\"},\"thumbnailUrl\":\"https:\/\/contrib.city\/wp-content\/uploads\/2021\/11\/Photo-de-couverture-CC.jpg\",\"articleSection\":[\"Economie\/Social\",\"Environnement\",\"Urbanisme\"],\"inLanguage\":\"fr-FR\",\"potentialAction\":[{\"@type\":\"CommentAction\",\"name\":\"Comment\",\"target\":[\"https:\/\/contrib.city\/index.php\/2021\/11\/26\/jouy-en-josas-laffaire-des-serres\/#respond\"]}]},{\"@type\":\"WebPage\",\"@id\":\"https:\/\/contrib.city\/index.php\/2021\/11\/26\/jouy-en-josas-laffaire-des-serres\/\",\"url\":\"https:\/\/contrib.city\/index.php\/2021\/11\/26\/jouy-en-josas-laffaire-des-serres\/\",\"name\":\"Jouy-en-Josas - L'affaire des Serres - ContribCity\",\"isPartOf\":{\"@id\":\"https:\/\/contrib.city\/#website\"},\"primaryImageOfPage\":{\"@id\":\"https:\/\/contrib.city\/index.php\/2021\/11\/26\/jouy-en-josas-laffaire-des-serres\/#primaryimage\"},\"image\":{\"@id\":\"https:\/\/contrib.city\/index.php\/2021\/11\/26\/jouy-en-josas-laffaire-des-serres\/#primaryimage\"},\"thumbnailUrl\":\"https:\/\/contrib.city\/wp-content\/uploads\/2021\/11\/Photo-de-couverture-CC.jpg\",\"datePublished\":\"2021-11-26T11:19:53+00:00\",\"dateModified\":\"2021-12-17T09:48:12+00:00\",\"breadcrumb\":{\"@id\":\"https:\/\/contrib.city\/index.php\/2021\/11\/26\/jouy-en-josas-laffaire-des-serres\/#breadcrumb\"},\"inLanguage\":\"fr-FR\",\"potentialAction\":[{\"@type\":\"ReadAction\",\"target\":[\"https:\/\/contrib.city\/index.php\/2021\/11\/26\/jouy-en-josas-laffaire-des-serres\/\"]}]},{\"@type\":\"ImageObject\",\"inLanguage\":\"fr-FR\",\"@id\":\"https:\/\/contrib.city\/index.php\/2021\/11\/26\/jouy-en-josas-laffaire-des-serres\/#primaryimage\",\"url\":\"https:\/\/contrib.city\/wp-content\/uploads\/2021\/11\/Photo-de-couverture-CC.jpg\",\"contentUrl\":\"https:\/\/contrib.city\/wp-content\/uploads\/2021\/11\/Photo-de-couverture-CC.jpg\",\"width\":1847,\"height\":871},{\"@type\":\"BreadcrumbList\",\"@id\":\"https:\/\/contrib.city\/index.php\/2021\/11\/26\/jouy-en-josas-laffaire-des-serres\/#breadcrumb\",\"itemListElement\":[{\"@type\":\"ListItem\",\"position\":1,\"name\":\"Home\",\"item\":\"https:\/\/contrib.city\/\"},{\"@type\":\"ListItem\",\"position\":2,\"name\":\"Jouy-en-Josas &#8211; L&#8217;affaire des Serres\"}]},{\"@type\":\"WebSite\",\"@id\":\"https:\/\/contrib.city\/#website\",\"url\":\"https:\/\/contrib.city\/\",\"name\":\"ContribCity\",\"description\":\"Parlons de nos lieux de vie\",\"publisher\":{\"@id\":\"https:\/\/contrib.city\/#organization\"},\"potentialAction\":[{\"@type\":\"SearchAction\",\"target\":{\"@type\":\"EntryPoint\",\"urlTemplate\":\"https:\/\/contrib.city\/?s={search_term_string}\"},\"query-input\":{\"@type\":\"PropertyValueSpecification\",\"valueRequired\":true,\"valueName\":\"search_term_string\"}}],\"inLanguage\":\"fr-FR\"},{\"@type\":\"Organization\",\"@id\":\"https:\/\/contrib.city\/#organization\",\"name\":\"ContribCity\",\"url\":\"https:\/\/contrib.city\/\",\"logo\":{\"@type\":\"ImageObject\",\"inLanguage\":\"fr-FR\",\"@id\":\"https:\/\/contrib.city\/#\/schema\/logo\/image\/\",\"url\":\"https:\/\/contrib.city\/wp-content\/uploads\/2020\/01\/cropped-Parlons-de-nos-lieux-de-vie-2.jpg\",\"contentUrl\":\"https:\/\/contrib.city\/wp-content\/uploads\/2020\/01\/cropped-Parlons-de-nos-lieux-de-vie-2.jpg\",\"width\":1133,\"height\":218,\"caption\":\"ContribCity\"},\"image\":{\"@id\":\"https:\/\/contrib.city\/#\/schema\/logo\/image\/\"}},{\"@type\":\"Person\",\"@id\":\"https:\/\/contrib.city\/#\/schema\/person\/ec389c5a78a37ccaee4e8ce098099db5\",\"name\":\"Bertrand de Foucauld\",\"image\":{\"@type\":\"ImageObject\",\"inLanguage\":\"fr-FR\",\"@id\":\"https:\/\/secure.gravatar.com\/avatar\/c49e25550e4609092f7a00fb677a980813788778df987b36cad9b0fc85a8bf73?s=96&d=mm&r=g\",\"url\":\"https:\/\/secure.gravatar.com\/avatar\/c49e25550e4609092f7a00fb677a980813788778df987b36cad9b0fc85a8bf73?s=96&d=mm&r=g\",\"contentUrl\":\"https:\/\/secure.gravatar.com\/avatar\/c49e25550e4609092f7a00fb677a980813788778df987b36cad9b0fc85a8bf73?s=96&d=mm&r=g\",\"caption\":\"Bertrand de Foucauld\"},\"url\":\"https:\/\/contrib.city\/index.php\/author\/bertrand\/\"}]}<\/script>\n<!-- \/ Yoast SEO plugin. -->","yoast_head_json":{"title":"Jouy-en-Josas - L'affaire des Serres - ContribCity","robots":{"index":"index","follow":"follow","max-snippet":"max-snippet:-1","max-image-preview":"max-image-preview:large","max-video-preview":"max-video-preview:-1"},"canonical":"https:\/\/contrib.city\/index.php\/2021\/11\/26\/jouy-en-josas-laffaire-des-serres\/","og_locale":"fr_FR","og_type":"article","og_title":"Jouy-en-Josas - L'affaire des Serres - ContribCity","og_description":"L&#8217;ann\u00e9e derni\u00e8re, une famille d&#8217;horticulteurs, qui cultive ses plantes depuis plus de cinquante ans au 14 rue Victor Hugo \u00e0","og_url":"https:\/\/contrib.city\/index.php\/2021\/11\/26\/jouy-en-josas-laffaire-des-serres\/","og_site_name":"ContribCity","article_published_time":"2021-11-26T11:19:53+00:00","article_modified_time":"2021-12-17T09:48:12+00:00","og_image":[{"width":1847,"height":871,"url":"https:\/\/contrib.city\/wp-content\/uploads\/2021\/11\/Photo-de-couverture-CC.jpg","type":"image\/jpeg"}],"author":"Bertrand de Foucauld","twitter_card":"summary_large_image","twitter_misc":{"\u00c9crit par":"Bertrand de Foucauld","Dur\u00e9e de lecture estim\u00e9e":"6 minutes"},"schema":{"@context":"https:\/\/schema.org","@graph":[{"@type":"Article","@id":"https:\/\/contrib.city\/index.php\/2021\/11\/26\/jouy-en-josas-laffaire-des-serres\/#article","isPartOf":{"@id":"https:\/\/contrib.city\/index.php\/2021\/11\/26\/jouy-en-josas-laffaire-des-serres\/"},"author":{"name":"Bertrand de Foucauld","@id":"https:\/\/contrib.city\/#\/schema\/person\/ec389c5a78a37ccaee4e8ce098099db5"},"headline":"Jouy-en-Josas &#8211; L&#8217;affaire des Serres","datePublished":"2021-11-26T11:19:53+00:00","dateModified":"2021-12-17T09:48:12+00:00","mainEntityOfPage":{"@id":"https:\/\/contrib.city\/index.php\/2021\/11\/26\/jouy-en-josas-laffaire-des-serres\/"},"wordCount":1240,"commentCount":7,"publisher":{"@id":"https:\/\/contrib.city\/#organization"},"image":{"@id":"https:\/\/contrib.city\/index.php\/2021\/11\/26\/jouy-en-josas-laffaire-des-serres\/#primaryimage"},"thumbnailUrl":"https:\/\/contrib.city\/wp-content\/uploads\/2021\/11\/Photo-de-couverture-CC.jpg","articleSection":["Economie\/Social","Environnement","Urbanisme"],"inLanguage":"fr-FR","potentialAction":[{"@type":"CommentAction","name":"Comment","target":["https:\/\/contrib.city\/index.php\/2021\/11\/26\/jouy-en-josas-laffaire-des-serres\/#respond"]}]},{"@type":"WebPage","@id":"https:\/\/contrib.city\/index.php\/2021\/11\/26\/jouy-en-josas-laffaire-des-serres\/","url":"https:\/\/contrib.city\/index.php\/2021\/11\/26\/jouy-en-josas-laffaire-des-serres\/","name":"Jouy-en-Josas - L'affaire des Serres - ContribCity","isPartOf":{"@id":"https:\/\/contrib.city\/#website"},"primaryImageOfPage":{"@id":"https:\/\/contrib.city\/index.php\/2021\/11\/26\/jouy-en-josas-laffaire-des-serres\/#primaryimage"},"image":{"@id":"https:\/\/contrib.city\/index.php\/2021\/11\/26\/jouy-en-josas-laffaire-des-serres\/#primaryimage"},"thumbnailUrl":"https:\/\/contrib.city\/wp-content\/uploads\/2021\/11\/Photo-de-couverture-CC.jpg","datePublished":"2021-11-26T11:19:53+00:00","dateModified":"2021-12-17T09:48:12+00:00","breadcrumb":{"@id":"https:\/\/contrib.city\/index.php\/2021\/11\/26\/jouy-en-josas-laffaire-des-serres\/#breadcrumb"},"inLanguage":"fr-FR","potentialAction":[{"@type":"ReadAction","target":["https:\/\/contrib.city\/index.php\/2021\/11\/26\/jouy-en-josas-laffaire-des-serres\/"]}]},{"@type":"ImageObject","inLanguage":"fr-FR","@id":"https:\/\/contrib.city\/index.php\/2021\/11\/26\/jouy-en-josas-laffaire-des-serres\/#primaryimage","url":"https:\/\/contrib.city\/wp-content\/uploads\/2021\/11\/Photo-de-couverture-CC.jpg","contentUrl":"https:\/\/contrib.city\/wp-content\/uploads\/2021\/11\/Photo-de-couverture-CC.jpg","width":1847,"height":871},{"@type":"BreadcrumbList","@id":"https:\/\/contrib.city\/index.php\/2021\/11\/26\/jouy-en-josas-laffaire-des-serres\/#breadcrumb","itemListElement":[{"@type":"ListItem","position":1,"name":"Home","item":"https:\/\/contrib.city\/"},{"@type":"ListItem","position":2,"name":"Jouy-en-Josas &#8211; L&#8217;affaire des Serres"}]},{"@type":"WebSite","@id":"https:\/\/contrib.city\/#website","url":"https:\/\/contrib.city\/","name":"ContribCity","description":"Parlons de nos lieux de vie","publisher":{"@id":"https:\/\/contrib.city\/#organization"},"potentialAction":[{"@type":"SearchAction","target":{"@type":"EntryPoint","urlTemplate":"https:\/\/contrib.city\/?s={search_term_string}"},"query-input":{"@type":"PropertyValueSpecification","valueRequired":true,"valueName":"search_term_string"}}],"inLanguage":"fr-FR"},{"@type":"Organization","@id":"https:\/\/contrib.city\/#organization","name":"ContribCity","url":"https:\/\/contrib.city\/","logo":{"@type":"ImageObject","inLanguage":"fr-FR","@id":"https:\/\/contrib.city\/#\/schema\/logo\/image\/","url":"https:\/\/contrib.city\/wp-content\/uploads\/2020\/01\/cropped-Parlons-de-nos-lieux-de-vie-2.jpg","contentUrl":"https:\/\/contrib.city\/wp-content\/uploads\/2020\/01\/cropped-Parlons-de-nos-lieux-de-vie-2.jpg","width":1133,"height":218,"caption":"ContribCity"},"image":{"@id":"https:\/\/contrib.city\/#\/schema\/logo\/image\/"}},{"@type":"Person","@id":"https:\/\/contrib.city\/#\/schema\/person\/ec389c5a78a37ccaee4e8ce098099db5","name":"Bertrand de Foucauld","image":{"@type":"ImageObject","inLanguage":"fr-FR","@id":"https:\/\/secure.gravatar.com\/avatar\/c49e25550e4609092f7a00fb677a980813788778df987b36cad9b0fc85a8bf73?s=96&d=mm&r=g","url":"https:\/\/secure.gravatar.com\/avatar\/c49e25550e4609092f7a00fb677a980813788778df987b36cad9b0fc85a8bf73?s=96&d=mm&r=g","contentUrl":"https:\/\/secure.gravatar.com\/avatar\/c49e25550e4609092f7a00fb677a980813788778df987b36cad9b0fc85a8bf73?s=96&d=mm&r=g","caption":"Bertrand de Foucauld"},"url":"https:\/\/contrib.city\/index.php\/author\/bertrand\/"}]}},"jetpack_featured_media_url":"https:\/\/contrib.city\/wp-content\/uploads\/2021\/11\/Photo-de-couverture-CC.jpg","jetpack_sharing_enabled":true,"post_mailing_queue_ids":[],"_links":{"self":[{"href":"https:\/\/contrib.city\/index.php\/wp-json\/wp\/v2\/posts\/8118","targetHints":{"allow":["GET"]}}],"collection":[{"href":"https:\/\/contrib.city\/index.php\/wp-json\/wp\/v2\/posts"}],"about":[{"href":"https:\/\/contrib.city\/index.php\/wp-json\/wp\/v2\/types\/post"}],"author":[{"embeddable":true,"href":"https:\/\/contrib.city\/index.php\/wp-json\/wp\/v2\/users\/1"}],"replies":[{"embeddable":true,"href":"https:\/\/contrib.city\/index.php\/wp-json\/wp\/v2\/comments?post=8118"}],"version-history":[{"count":31,"href":"https:\/\/contrib.city\/index.php\/wp-json\/wp\/v2\/posts\/8118\/revisions"}],"predecessor-version":[{"id":8283,"href":"https:\/\/contrib.city\/index.php\/wp-json\/wp\/v2\/posts\/8118\/revisions\/8283"}],"wp:featuredmedia":[{"embeddable":true,"href":"https:\/\/contrib.city\/index.php\/wp-json\/wp\/v2\/media\/8119"}],"wp:attachment":[{"href":"https:\/\/contrib.city\/index.php\/wp-json\/wp\/v2\/media?parent=8118"}],"wp:term":[{"taxonomy":"category","embeddable":true,"href":"https:\/\/contrib.city\/index.php\/wp-json\/wp\/v2\/categories?post=8118"},{"taxonomy":"post_tag","embeddable":true,"href":"https:\/\/contrib.city\/index.php\/wp-json\/wp\/v2\/tags?post=8118"}],"curies":[{"name":"wp","href":"https:\/\/api.w.org\/{rel}","templated":true}]}}