{"id":8210,"date":"2021-12-10T16:51:39","date_gmt":"2021-12-10T15:51:39","guid":{"rendered":"https:\/\/contrib.city\/?p=8210"},"modified":"2022-01-17T14:41:29","modified_gmt":"2022-01-17T13:41:29","slug":"hatvp-valerie-pecresse-et-les-presidentielles","status":"publish","type":"post","link":"https:\/\/contrib.city\/index.php\/2021\/12\/10\/hatvp-valerie-pecresse-et-les-presidentielles\/","title":{"rendered":"HATVP, Val\u00e9rie P\u00e9cresse et les Pr\u00e9sidentielles"},"content":{"rendered":"<p style=\"text-align: justify;\">Dans la foul\u00e9e de <a href=\"https:\/\/contrib.city\/index.php\/2021\/12\/09\/hatvp-delevoy-et-griset-un-debut-de-denouement-mais-du-travail-reste-a-faire\/\" target=\"_blank\" rel=\"noopener\">l&#8217;article publi\u00e9 hier<\/a>, contrib.city se penche sur le dossier de la brillante Val\u00e9rie P\u00e9cresse : deux fois ministre (Enseignement\/Recherche et Budget) et d\u00e9put\u00e9e (notamment entre 2012 et 2016), pr\u00e9sidente de la R\u00e9gion Ile-de-France depuis 2015 et actuellement candidate aux \u00e9lections pr\u00e9sidentielles de 2022. N\u00e9e un 14 juillet, excellente \u00e9tudiante (HEC et l&#8217;ENA), elle est issue d&#8217;une famille de notables proche de l&#8217;ancien pr\u00e9sident de la R\u00e9publique, Jacques Chirac<span class=\"footnote_referrer\"><a role=\"button\" tabindex=\"0\" onclick=\"footnote_moveToReference_8210_1('footnote_plugin_reference_8210_1_1');\" onkeypress=\"footnote_moveToReference_8210_1('footnote_plugin_reference_8210_1_1');\" ><sup id=\"footnote_plugin_tooltip_8210_1_1\" class=\"footnote_plugin_tooltip_text\">[1]<\/sup><\/a><span id=\"footnote_plugin_tooltip_text_8210_1_1\" class=\"footnote_tooltip\">Jacques Chirac avait \u00e9t\u00e9 condamn\u00e9, en 2011, \u00e0 deux ans d\u2019emprisonnement avec sursis pour \u00ab d\u00e9tournement de fonds publics \u00bb, \u00ab abus de confiance \u00bb, \u00ab prise ill\u00e9gale d&#8217;int\u00e9r\u00eats \u00bb et \u00ab d\u00e9lit d&#8217;ing\u00e9rence \u00bb. Sources : wikipedia<\/span><\/span><script type=\"text\/javascript\"> jQuery('#footnote_plugin_tooltip_8210_1_1').tooltip({ tip: '#footnote_plugin_tooltip_text_8210_1_1', tipClass: 'footnote_tooltip', effect: 'fade', predelay: 0, fadeInSpeed: 200, delay: 400, fadeOutSpeed: 200, position: 'top right', relative: true, offset: [10, 10], });<\/script>. L&#8217;\u00e9lue r\u00e9gionale avait soutenu la vice-pr\u00e9sidente des Yvelines, Marie-H\u00e9l\u00e8ne Aubert, lors des derni\u00e8res \u00e9lections d\u00e9partementales. L&#8217;\u00e9lue yvelinoise s&#8217;\u00e9tait d&#8217;ailleurs vant\u00e9e publiquement de ce soutien de la part de la pr\u00e9sidente de l&#8217;Ile-de-France!<\/p>\n<p style=\"text-align: justify;\">Voulant v\u00e9rifier que ce soutien n&#8217;\u00e9tait pas de fa\u00e7ade mais correspondait bien \u00e0 une d\u00e9cision m\u00fbrement r\u00e9fl\u00e9chie et d\u00e9sir\u00e9e, CC avait&nbsp; \u00e9crit, les 14 et 17 juin dernier, \u00e0 Val\u00e9rie P\u00e9cresse ainsi qu&#8217;\u00e0 sa cheffe de cabinet, Julia Truquin. En accompagnement, CC publiait trois liens vers des articles montrant des faits li\u00e9s \u00e0 Mme Marie-H\u00e9l\u00e8ne Aubert. Ensuite, le site posait la question suivante : &nbsp;<em>Mme P\u00e9cresse confirme-t-elle son &#8220;soutien plein et entier&#8221; \u00e0 Mme Aubert ou bien celui-ci doit-il \u00eatre plus nuanc\u00e9?<\/em><\/p>\n<p style=\"text-align: justify;\">Contact\u00e9e le 18 juin, Charlotte Odent, <em>conseill\u00e8re territoire 78 et 92<\/em> (linkedin) avait confirm\u00e9 le soutien de V. P\u00e9cresse \u00e0 MH Aubert : &#8220;<em>Libres!&#8221; soutient les candidats du Centre<span class=\"footnote_referrer\"><a role=\"button\" tabindex=\"0\" onclick=\"footnote_moveToReference_8210_1('footnote_plugin_reference_8210_1_2');\" onkeypress=\"footnote_moveToReference_8210_1('footnote_plugin_reference_8210_1_2');\" ><sup id=\"footnote_plugin_tooltip_8210_1_2\" class=\"footnote_plugin_tooltip_text\">[2]<\/sup><\/a><span id=\"footnote_plugin_tooltip_text_8210_1_2\" class=\"footnote_tooltip\">C&#8217;est-\u00e0-dire du groupe politique des Centristes.<\/span><\/span><script type=\"text\/javascript\"> jQuery('#footnote_plugin_tooltip_8210_1_2').tooltip({ tip: '#footnote_plugin_tooltip_text_8210_1_2', tipClass: 'footnote_tooltip', effect: 'fade', predelay: 0, fadeInSpeed: 200, delay: 400, fadeOutSpeed: 200, position: 'top right', relative: true, offset: [10, 10], });<\/script> des Yvelines dont Marie-H\u00e9l\u00e8ne Aubert fait partie<\/em>.<\/p>\n<p style=\"text-align: justify;\">Afin d&#8217;obtenir une v\u00e9rification suppl\u00e9mentaire, CC avait recontact\u00e9 Julia Truquin, le 23 juin 2021, mais cette fois par t\u00e9l\u00e9phone, pour savoir si la cheffe de cabinet confirmait les propos de Charlotte Odent au sujet du soutien. R\u00e9ponse : <em>Si Charlotte vous l&#8217;a dit, c&#8217;est que c&#8217;est vrai!<\/em><\/p>\n<p style=\"text-align: justify;\">Donc, nous avons la situation suivante : une responsable r\u00e9gionale qui soutient officiellement une \u00e9lue d\u00e9partementale de son groupe politique &#8211; le Centre &#8211; alors m\u00eame que la premi\u00e8re a \u00e9t\u00e9 inform\u00e9e de plusieurs faits : la vice-pr\u00e9sidente des Yvelines avait effectu\u00e9, plusieurs fois, de fausses d\u00e9clarations \u00e0 la HATVP et elle avait joui de largesses immobili\u00e8res de la part de son premier-adjoint.<\/p>\n<p style=\"text-align: justify;\">Pourtant, dans sa campagne \u00e9lectorale, celle qui briguait un second mandat comme pr\u00e9sidente de l&#8217;Ile-de-France (r\u00e9gion-capitale dont le PIB avoisine celui des Pays-Bas et contr\u00f4le un tiers des richesse nationales) avait clairement \u00e9crit : <em>Intransigeance sur les valeurs de la R\u00e9publique<\/em>. Vaste programme!<\/p>\n<p style=\"text-align: justify;\">A ce jour, Val\u00e9rie P\u00e9cresse, ancienne ministre et Pr\u00e9sidente de la plus riche r\u00e9gion fran\u00e7aise, n&#8217;a toujours pas sa d\u00e9claration \u00e0 la HATVP publi\u00e9e, alors m\u00eame qu&#8217;elle est conseill\u00e8re r\u00e9gionale depuis 2004. <a href=\"https:\/\/www.legifrance.gouv.fr\/loda\/id\/JORFTEXT000028056315\/\" target=\"_blank\" rel=\"noopener\">La loi sur la transparence de la vie publique<\/a> fut vot\u00e9e en 2013 et donne un d\u00e9lai de deux mois aux \u00e9lus locaux pour envoyer leurs d\u00e9clarations \u00e0 la Haute autorit\u00e9 qui ensuite v\u00e9rifie ces derni\u00e8res avant publication. En sept ans, V. P\u00e9cresse avait quand m\u00eame eu le temps de transmettre ses d\u00e9clarations d&#8217;int\u00e9r\u00eats et de patrimoine \u00e0 la HATVP<span class=\"footnote_referrer\"><a role=\"button\" tabindex=\"0\" onclick=\"footnote_moveToReference_8210_1('footnote_plugin_reference_8210_1_3');\" onkeypress=\"footnote_moveToReference_8210_1('footnote_plugin_reference_8210_1_3');\" ><sup id=\"footnote_plugin_tooltip_8210_1_3\" class=\"footnote_plugin_tooltip_text\">[3]<\/sup><\/a><span id=\"footnote_plugin_tooltip_text_8210_1_3\" class=\"footnote_tooltip\">Pour les \u00e9lus \u00e9lus locaux, uniquement la d\u00e9claration d&#8217;int\u00e9r\u00eats est publi\u00e9e sur le site de la HATVP. <em>[Les] d\u00e9clarations de situation patrimoniale sont, aux seules fins de consultation, tenues \u00e0 la disposition des \u00e9lecteurs [&#8230;] dans les Pr\u00e9fectures de la circonscription d&#8217;\u00e9lection de la personne concern\u00e9e <\/em>(Loi du 11 octobre 2013).<\/span><\/span><script type=\"text\/javascript\"> jQuery('#footnote_plugin_tooltip_8210_1_3').tooltip({ tip: '#footnote_plugin_tooltip_text_8210_1_3', tipClass: 'footnote_tooltip', effect: 'fade', predelay: 0, fadeInSpeed: 200, delay: 400, fadeOutSpeed: 200, position: 'top right', relative: true, offset: [10, 10], });<\/script>, n&#8217;est-ce pas? Mais visiblement non, m\u00eame si <em>pour [nous] <\/em>elle a essay\u00e9<em> de toutes [ses] forces!<\/em> de tenir inform\u00e9 l&#8217;ensemble des Franciliens.<\/p>\n<p style=\"text-align: justify;\">Au demeurant, la <a href=\"https:\/\/www.iledefrance.fr\/sites\/default\/files\/medias\/2021\/07\/Charte%20pour%20une%20nouvelle%20%C3%A9thique%20politique%20en%20IDF%20%282021-07-21%29.pdf\" target=\"_blank\" rel=\"noopener\">Charte pour une nouvelle \u00e9thique politique<\/a> en Ile-de-France, vot\u00e9e le 21 janvier en 2016, sp\u00e9cifie clairement que <em>l<\/em><span id=\"page14R_mcid6\" class=\"markedContent\"><em><span dir=\"ltr\" role=\"presentation\">es d\u00e9clarations d\u2019int\u00e9r\u00eats du Pr\u00e9sident du conseil r\u00e9gional et des autres membres de l\u2019ex\u00e9cutif <\/span><\/em><span dir=\"ltr\" role=\"presentation\"><em>sont publi\u00e9es sur le site internet de la HATVP<\/em> (p 6). Certes, en fouillant un peu sur le site de l&#8217;Ile-de-France, on trouve une <a href=\"https:\/\/www.iledefrance.fr\/sites\/default\/files\/medias\/2019\/05\/declaration_interets_valerie_pecresse_4_fevrier_2017.pdf\" target=\"_blank\" rel=\"noopener\">d\u00e9claration d&#8217;int\u00e9r\u00eats<\/a> de Val\u00e9rie P\u00e9cresse dat\u00e9e du 4 f\u00e9vrier 2017 et propre au Conseil de la R\u00e9gion. Selon cette d\u00e9claration, on y apprend, chose amusante, qu&#8217;en 2015 la Pr\u00e9sidente de la R\u00e9gion gagnait 5512 \u20ac bruts par mois, c&#8217;est-\u00e0-dire environ 4190 \u20ac nets par mois : un tiers de moins que la vice-pr\u00e9sidente des Yvelines qui cumule trois mandats et qui, de plus, b\u00e9n\u00e9ficie de participations dans une soci\u00e9t\u00e9 civile immobili\u00e8re. &#8220;L&#8217;avantage&#8221; du site francilien (pour les \u00e9lus du Conseil de l&#8217;Ile-de-France) est le fait qu&#8217;ils n&#8217;ont pas \u00e0 d\u00e9clarer leur patrimoine alors que celui de la HATVP l&#8217;exige (mais ne sont publi\u00e9s que les biens des membres du gouvernement). <\/span><\/span><\/p>\n<p style=\"text-align: justify;\">Pour conclure, il serait int\u00e9ressant de savoir ce que pensent de tout cela l&#8217;ex-haut-commissaire Jean-Paul Delevoye et l&#8217;ex-ministre Alain Griset (qui a fait appel), tous les deux condamn\u00e9s ces derniers jours pour avoir fait de fausses d\u00e9clarations \u00e0 la HATVP.<\/p>\n<figure id=\"attachment_8214\" aria-describedby=\"caption-attachment-8214\" style=\"width: 1606px\" class=\"wp-caption aligncenter\"><img loading=\"lazy\" decoding=\"async\" class=\"wp-image-8214 size-full\" src=\"https:\/\/contrib.city\/wp-content\/uploads\/2021\/12\/Campagne-de-V-Pecresse-regio-juin-2021-p2.jpg\" alt=\"\" width=\"1606\" height=\"2291\" srcset=\"https:\/\/contrib.city\/wp-content\/uploads\/2021\/12\/Campagne-de-V-Pecresse-regio-juin-2021-p2.jpg 1606w, https:\/\/contrib.city\/wp-content\/uploads\/2021\/12\/Campagne-de-V-Pecresse-regio-juin-2021-p2-210x300.jpg 210w, https:\/\/contrib.city\/wp-content\/uploads\/2021\/12\/Campagne-de-V-Pecresse-regio-juin-2021-p2-718x1024.jpg 718w, https:\/\/contrib.city\/wp-content\/uploads\/2021\/12\/Campagne-de-V-Pecresse-regio-juin-2021-p2-768x1096.jpg 768w, https:\/\/contrib.city\/wp-content\/uploads\/2021\/12\/Campagne-de-V-Pecresse-regio-juin-2021-p2-1077x1536.jpg 1077w, https:\/\/contrib.city\/wp-content\/uploads\/2021\/12\/Campagne-de-V-Pecresse-regio-juin-2021-p2-1436x2048.jpg 1436w\" sizes=\"auto, (max-width: 1606px) 100vw, 1606px\" \/><figcaption id=\"caption-attachment-8214\" class=\"wp-caption-text\">Prospectus de Val\u00e9rie P\u00e9cresse (juin 2021). On y voit dans la collone \u00e0 gauche : &#8220;Intransigeance sur les valeurs de la R\u00e9publique&#8221;.<\/figcaption><\/figure>\n<figure id=\"attachment_8213\" aria-describedby=\"caption-attachment-8213\" style=\"width: 1919px\" class=\"wp-caption aligncenter\"><img loading=\"lazy\" decoding=\"async\" class=\"wp-image-8213 size-full\" src=\"https:\/\/contrib.city\/wp-content\/uploads\/2021\/12\/HATVP-Valerie-Pecresse-2021-12-10.jpg\" alt=\"\" width=\"1919\" height=\"1025\" srcset=\"https:\/\/contrib.city\/wp-content\/uploads\/2021\/12\/HATVP-Valerie-Pecresse-2021-12-10.jpg 1919w, https:\/\/contrib.city\/wp-content\/uploads\/2021\/12\/HATVP-Valerie-Pecresse-2021-12-10-300x160.jpg 300w, https:\/\/contrib.city\/wp-content\/uploads\/2021\/12\/HATVP-Valerie-Pecresse-2021-12-10-1024x547.jpg 1024w, https:\/\/contrib.city\/wp-content\/uploads\/2021\/12\/HATVP-Valerie-Pecresse-2021-12-10-768x410.jpg 768w, https:\/\/contrib.city\/wp-content\/uploads\/2021\/12\/HATVP-Valerie-Pecresse-2021-12-10-1536x820.jpg 1536w\" sizes=\"auto, (max-width: 1919px) 100vw, 1919px\" \/><figcaption id=\"caption-attachment-8213\" class=\"wp-caption-text\">Le 10 d\u00e9cembre 2021, aucune d\u00e9claration n&#8217;apparaissait sur le compte de Val\u00e9rie P\u00e9cresse qui est pourtant conseill\u00e8re r\u00e9gionale depuis 2004.<\/figcaption><\/figure>\n<figure id=\"attachment_8212\" aria-describedby=\"caption-attachment-8212\" style=\"width: 890px\" class=\"wp-caption aligncenter\"><img loading=\"lazy\" decoding=\"async\" class=\"wp-image-8212 size-full\" src=\"https:\/\/contrib.city\/wp-content\/uploads\/2021\/12\/Soutien-de-VP-a-MHA-vante-par-MHA.jpg\" alt=\"\" width=\"890\" height=\"1147\" srcset=\"https:\/\/contrib.city\/wp-content\/uploads\/2021\/12\/Soutien-de-VP-a-MHA-vante-par-MHA.jpg 890w, https:\/\/contrib.city\/wp-content\/uploads\/2021\/12\/Soutien-de-VP-a-MHA-vante-par-MHA-233x300.jpg 233w, https:\/\/contrib.city\/wp-content\/uploads\/2021\/12\/Soutien-de-VP-a-MHA-vante-par-MHA-795x1024.jpg 795w, https:\/\/contrib.city\/wp-content\/uploads\/2021\/12\/Soutien-de-VP-a-MHA-vante-par-MHA-768x990.jpg 768w\" sizes=\"auto, (max-width: 890px) 100vw, 890px\" \/><figcaption id=\"caption-attachment-8212\" class=\"wp-caption-text\">Sur le r\u00e9seau social Facebook, Val\u00e9rie P\u00e9cresse \u00e9crit : &#8220;Marie-H\u00e9l\u00e8ne Aubert [&#8230;] [a] mon soutien plein et entier pour l&#8217;\u00e9lection d\u00e9partementale de juin 2021.&#8221; Les deux dames partagent un point commun : des probl\u00e8mes de d\u00e9claration \u00e0 la HATVP. L&#8217;\u00e9lue francilienne n&#8217;en a pas fait pendant des ann\u00e9es. L&#8217;\u00e9lue yvelinoise, quant \u00e0 elle, a largement sous-estim\u00e9 ses int\u00e9r\u00eats \u00e0 la Haute autorit\u00e9 pendant des ann\u00e9es \u00e9galement.<\/figcaption><\/figure>\n<figure id=\"attachment_8251\" aria-describedby=\"caption-attachment-8251\" style=\"width: 912px\" class=\"wp-caption aligncenter\"><img loading=\"lazy\" decoding=\"async\" class=\"wp-image-8251 size-full\" src=\"https:\/\/contrib.city\/wp-content\/uploads\/2021\/12\/Courriel-BdF-a-VP-du-2021-06-14-1.jpg\" alt=\"\" width=\"912\" height=\"546\" srcset=\"https:\/\/contrib.city\/wp-content\/uploads\/2021\/12\/Courriel-BdF-a-VP-du-2021-06-14-1.jpg 912w, https:\/\/contrib.city\/wp-content\/uploads\/2021\/12\/Courriel-BdF-a-VP-du-2021-06-14-1-300x180.jpg 300w, https:\/\/contrib.city\/wp-content\/uploads\/2021\/12\/Courriel-BdF-a-VP-du-2021-06-14-1-768x460.jpg 768w\" sizes=\"auto, (max-width: 912px) 100vw, 912px\" \/><figcaption id=\"caption-attachment-8251\" class=\"wp-caption-text\">Courriel envoy\u00e9 par CC le 14 juin 2021 \u00e0 Val\u00e9rie P\u00e9cresse. Le message a \u00e9t\u00e9 lu dans l&#8217;apr\u00e8s-midi mais CC n&#8217;a re\u00e7u aucune r\u00e9ponse.<\/figcaption><\/figure>\n<p><figure id=\"attachment_8254\" aria-describedby=\"caption-attachment-8254\" style=\"width: 1435px\" class=\"wp-caption aligncenter\"><img loading=\"lazy\" decoding=\"async\" class=\"wp-image-8254 size-full\" src=\"https:\/\/contrib.city\/wp-content\/uploads\/2021\/12\/Courriel-BdF-a-Julia-Truquin-du-2021-06-17-3.jpg\" alt=\"\" width=\"1435\" height=\"767\" srcset=\"https:\/\/contrib.city\/wp-content\/uploads\/2021\/12\/Courriel-BdF-a-Julia-Truquin-du-2021-06-17-3.jpg 1435w, https:\/\/contrib.city\/wp-content\/uploads\/2021\/12\/Courriel-BdF-a-Julia-Truquin-du-2021-06-17-3-300x160.jpg 300w, https:\/\/contrib.city\/wp-content\/uploads\/2021\/12\/Courriel-BdF-a-Julia-Truquin-du-2021-06-17-3-1024x547.jpg 1024w, https:\/\/contrib.city\/wp-content\/uploads\/2021\/12\/Courriel-BdF-a-Julia-Truquin-du-2021-06-17-3-768x410.jpg 768w\" sizes=\"auto, (max-width: 1435px) 100vw, 1435px\" \/><figcaption id=\"caption-attachment-8254\" class=\"wp-caption-text\">CC a envoy\u00e9 ce courriel le 17 juin 2021 \u00e0 Julia Truquin, cheffe de cabinet de Val\u00e9rie P\u00e9cresse, afin de v\u00e9rifier si <em>Mme P\u00e9cresse [confirmait] son \u201csoutien plein et entier\u201d \u00e0 Mme Aubert ou bien [si] celui-ci [devait] \u00eatre plus nuanc\u00e9.<\/em> Comme CC n&#8217;avait pas non plus re\u00e7u de r\u00e9ponses, le site a appel\u00e9 deux collaboratrices de V. P\u00e9cresse : Charlotte Odent puis Julia Truquin elle-m\u00eame. Les deux ont confirm\u00e9 le soutien de la Pr\u00e9sidente de l&#8217;Ile-de-France pour Marie-H\u00e9l\u00e8ne Aubert. En bas du message, on peut apercevoir les liens de trois articles (cf : ci-dessous).<\/figcaption><\/figure><a href=\"https:\/\/contrib.city\/index.php\/2020\/08\/27\/m-h-aubert-declarait-seulement-484-e-de-remunerations-en-2015-a-la-hatvp\/?highlight=484\" target=\"_blank\" rel=\"noopener noreferrer\">https:\/\/contrib.city\/index.php\/2020\/08\/27\/m-h-aubert-declarait-seulement-484-e-de-remunerations-en-2015-a-la-hatvp\/?highlight=484<\/a><\/p>\n<p><a href=\"https:\/\/contrib.city\/index.php\/2021\/04\/22\/le-mystere-aubert-lelue-beneficiait-de-largesses-de-la-part-du-premier-adjoint-de-jouy-en-josas\/?highlight=largesse\" target=\"_blank\" rel=\"noopener noreferrer\">https:\/\/contrib.city\/index.php\/2021\/04\/22\/le-mystere-aubert-lelue-beneficiait-de-largesses-de-la-part-du-premier-adjoint-de-jouy-en-josas\/?highlight=largesse<\/a><\/p>\n<blockquote class=\"wp-embedded-content\" data-secret=\"sOM1RAIunp\"><p><a href=\"https:\/\/contrib.city\/index.php\/2020\/10\/15\/m-h-aubert-je-vais-porter-plainte-contre-foucault-pour-lui-mettre-du-plomb-dans-la-tete\/\">M.H. Aubert : \u00ab Je vais porter plainte contre Foucault, pour lui mettre un peu de plomb dans la t\u00eate \u00bb<\/a><\/p><\/blockquote>\n<p><iframe loading=\"lazy\" class=\"wp-embedded-content\" sandbox=\"allow-scripts\" security=\"restricted\" style=\"position: absolute; clip: rect(1px, 1px, 1px, 1px);\" title=\"\u00ab\u00a0M.H. Aubert : \u00ab Je vais porter plainte contre Foucault, pour lui mettre un peu de plomb dans la t\u00eate \u00bb\u00a0\u00bb &#8212; ContribCity\" src=\"https:\/\/contrib.city\/index.php\/2020\/10\/15\/m-h-aubert-je-vais-porter-plainte-contre-foucault-pour-lui-mettre-du-plomb-dans-la-tete\/embed\/#?secret=UTWZLBA4W8#?secret=sOM1RAIunp\" data-secret=\"sOM1RAIunp\" width=\"600\" height=\"338\" frameborder=\"0\" marginwidth=\"0\" marginheight=\"0\" scrolling=\"no\"><\/iframe><\/p>\n<p>&nbsp;<\/p>\n<p><em>(Photo de couverture : Prospectus de Val\u00e9rie P\u00e9cresse. Juin 2021)<\/em><\/p>\n<div class=\"speaker-mute footnotes_reference_container\"> <div class=\"footnote_container_prepare\"><p><span role=\"button\" tabindex=\"0\" class=\"footnote_reference_container_label pointer\" onclick=\"footnote_expand_collapse_reference_container_8210_1();\">R\u00e9f\u00e9rences<\/span><span role=\"button\" tabindex=\"0\" class=\"footnote_reference_container_collapse_button\" style=\"\" onclick=\"footnote_expand_collapse_reference_container_8210_1();\">[<a id=\"footnote_reference_container_collapse_button_8210_1\">+<\/a>]<\/span><\/p><\/div> <div id=\"footnote_references_container_8210_1\" style=\"display: none;\"><table class=\"footnotes_table footnote-reference-container\"><caption class=\"accessibility\">R\u00e9f\u00e9rences<\/caption> <tbody> \r\n\r\n<tr class=\"footnotes_plugin_reference_row\"> <th scope=\"row\" class=\"footnote_plugin_index_combi pointer\"  onclick=\"footnote_moveToAnchor_8210_1('footnote_plugin_tooltip_8210_1_1');\"><a id=\"footnote_plugin_reference_8210_1_1\" class=\"footnote_backlink\"><span class=\"footnote_index_arrow\">&#8593;<\/span>1<\/a><\/th> <td class=\"footnote_plugin_text\">Jacques Chirac avait \u00e9t\u00e9 condamn\u00e9, en 2011, \u00e0 deux ans d\u2019emprisonnement avec sursis pour \u00ab d\u00e9tournement de fonds publics \u00bb, \u00ab abus de confiance \u00bb, \u00ab prise ill\u00e9gale d&#8217;int\u00e9r\u00eats \u00bb et \u00ab d\u00e9lit d&#8217;ing\u00e9rence \u00bb. Sources : wikipedia<\/td><\/tr>\r\n\r\n<tr class=\"footnotes_plugin_reference_row\"> <th scope=\"row\" class=\"footnote_plugin_index_combi pointer\"  onclick=\"footnote_moveToAnchor_8210_1('footnote_plugin_tooltip_8210_1_2');\"><a id=\"footnote_plugin_reference_8210_1_2\" class=\"footnote_backlink\"><span class=\"footnote_index_arrow\">&#8593;<\/span>2<\/a><\/th> <td class=\"footnote_plugin_text\">C&#8217;est-\u00e0-dire du groupe politique des Centristes.<\/td><\/tr>\r\n\r\n<tr class=\"footnotes_plugin_reference_row\"> <th scope=\"row\" class=\"footnote_plugin_index_combi pointer\"  onclick=\"footnote_moveToAnchor_8210_1('footnote_plugin_tooltip_8210_1_3');\"><a id=\"footnote_plugin_reference_8210_1_3\" class=\"footnote_backlink\"><span class=\"footnote_index_arrow\">&#8593;<\/span>3<\/a><\/th> <td class=\"footnote_plugin_text\">Pour les \u00e9lus \u00e9lus locaux, uniquement la d\u00e9claration d&#8217;int\u00e9r\u00eats est publi\u00e9e sur le site de la HATVP. <em>[Les] d\u00e9clarations de situation patrimoniale sont, aux seules fins de consultation, tenues \u00e0 la disposition des \u00e9lecteurs [&#8230;] dans les Pr\u00e9fectures de la circonscription d&#8217;\u00e9lection de la personne concern\u00e9e <\/em>(Loi du 11 octobre 2013).<\/td><\/tr>\r\n\r\n <\/tbody> <\/table> <\/div><\/div><script type=\"text\/javascript\"> function footnote_expand_reference_container_8210_1() { jQuery('#footnote_references_container_8210_1').show(); jQuery('#footnote_reference_container_collapse_button_8210_1').text('\u2212'); } function footnote_collapse_reference_container_8210_1() { jQuery('#footnote_references_container_8210_1').hide(); jQuery('#footnote_reference_container_collapse_button_8210_1').text('+'); } function footnote_expand_collapse_reference_container_8210_1() { if (jQuery('#footnote_references_container_8210_1').is(':hidden')) { footnote_expand_reference_container_8210_1(); } else { footnote_collapse_reference_container_8210_1(); } } function footnote_moveToReference_8210_1(p_str_TargetID) { footnote_expand_reference_container_8210_1(); var l_obj_Target = jQuery('#' + p_str_TargetID); if (l_obj_Target.length) { jQuery( 'html, body' ).delay( 0 ); jQuery('html, body').animate({ scrollTop: l_obj_Target.offset().top - window.innerHeight * 0.2 }, 380); } } function footnote_moveToAnchor_8210_1(p_str_TargetID) { footnote_expand_reference_container_8210_1(); var l_obj_Target = jQuery('#' + p_str_TargetID); if (l_obj_Target.length) { jQuery( 'html, body' ).delay( 0 ); jQuery('html, body').animate({ scrollTop: l_obj_Target.offset().top - window.innerHeight * 0.2 }, 380); } }<\/script>","protected":false},"excerpt":{"rendered":"<p>Dans la foul\u00e9e de l&#8217;article publi\u00e9 hier, contrib.city se penche sur le dossier de la brillante Val\u00e9rie P\u00e9cresse : deux<\/p>\n","protected":false},"author":1,"featured_media":8221,"comment_status":"open","ping_status":"open","sticky":false,"template":"","format":"standard","meta":{"_acf_changed":false,"inline_featured_image":false,"_exactmetrics_skip_tracking":false,"_exactmetrics_sitenote_active":false,"_exactmetrics_sitenote_note":"","_exactmetrics_sitenote_category":0,"ngg_post_thumbnail":0,"_jetpack_memberships_contains_paid_content":false,"footnotes":""},"categories":[2],"tags":[],"class_list":["post-8210","post","type-post","status-publish","format-standard","has-post-thumbnail","hentry","category-commerce-fr"],"acf":[],"yoast_head":"<!-- This site is optimized with the Yoast SEO plugin v27.2 - https:\/\/yoast.com\/product\/yoast-seo-wordpress\/ -->\n<title>HATVP, Val\u00e9rie P\u00e9cresse et les Pr\u00e9sidentielles - ContribCity<\/title>\n<meta name=\"robots\" content=\"index, follow, max-snippet:-1, max-image-preview:large, max-video-preview:-1\" \/>\n<link rel=\"canonical\" href=\"https:\/\/contrib.city\/index.php\/2021\/12\/10\/hatvp-valerie-pecresse-et-les-presidentielles\/\" \/>\n<meta property=\"og:locale\" content=\"fr_FR\" \/>\n<meta property=\"og:type\" content=\"article\" \/>\n<meta property=\"og:title\" content=\"HATVP, Val\u00e9rie P\u00e9cresse et les Pr\u00e9sidentielles - ContribCity\" \/>\n<meta property=\"og:description\" content=\"Dans la foul\u00e9e de l&#8217;article publi\u00e9 hier, contrib.city se penche sur le dossier de la brillante Val\u00e9rie P\u00e9cresse : deux\" \/>\n<meta property=\"og:url\" content=\"https:\/\/contrib.city\/index.php\/2021\/12\/10\/hatvp-valerie-pecresse-et-les-presidentielles\/\" \/>\n<meta property=\"og:site_name\" content=\"ContribCity\" \/>\n<meta property=\"article:published_time\" content=\"2021-12-10T15:51:39+00:00\" \/>\n<meta property=\"article:modified_time\" content=\"2022-01-17T13:41:29+00:00\" \/>\n<meta property=\"og:image\" content=\"https:\/\/contrib.city\/wp-content\/uploads\/2021\/12\/Photo-de-couverture-CC-2.jpg\" \/>\n\t<meta property=\"og:image:width\" content=\"2368\" \/>\n\t<meta property=\"og:image:height\" content=\"2264\" \/>\n\t<meta property=\"og:image:type\" content=\"image\/jpeg\" \/>\n<meta name=\"author\" content=\"Bertrand de Foucauld\" \/>\n<meta name=\"twitter:card\" content=\"summary_large_image\" \/>\n<meta name=\"twitter:label1\" content=\"\u00c9crit par\" \/>\n\t<meta name=\"twitter:data1\" content=\"Bertrand de Foucauld\" \/>\n\t<meta name=\"twitter:label2\" content=\"Dur\u00e9e de lecture estim\u00e9e\" \/>\n\t<meta name=\"twitter:data2\" content=\"6 minutes\" \/>\n<script type=\"application\/ld+json\" class=\"yoast-schema-graph\">{\"@context\":\"https:\/\/schema.org\",\"@graph\":[{\"@type\":\"Article\",\"@id\":\"https:\/\/contrib.city\/index.php\/2021\/12\/10\/hatvp-valerie-pecresse-et-les-presidentielles\/#article\",\"isPartOf\":{\"@id\":\"https:\/\/contrib.city\/index.php\/2021\/12\/10\/hatvp-valerie-pecresse-et-les-presidentielles\/\"},\"author\":{\"name\":\"Bertrand de Foucauld\",\"@id\":\"https:\/\/contrib.city\/#\/schema\/person\/ec389c5a78a37ccaee4e8ce098099db5\"},\"headline\":\"HATVP, Val\u00e9rie P\u00e9cresse et les Pr\u00e9sidentielles\",\"datePublished\":\"2021-12-10T15:51:39+00:00\",\"dateModified\":\"2022-01-17T13:41:29+00:00\",\"mainEntityOfPage\":{\"@id\":\"https:\/\/contrib.city\/index.php\/2021\/12\/10\/hatvp-valerie-pecresse-et-les-presidentielles\/\"},\"wordCount\":1228,\"commentCount\":4,\"publisher\":{\"@id\":\"https:\/\/contrib.city\/#organization\"},\"image\":{\"@id\":\"https:\/\/contrib.city\/index.php\/2021\/12\/10\/hatvp-valerie-pecresse-et-les-presidentielles\/#primaryimage\"},\"thumbnailUrl\":\"https:\/\/contrib.city\/wp-content\/uploads\/2021\/12\/Photo-de-couverture-CC-2.jpg\",\"articleSection\":[\"Vie quotidienne\"],\"inLanguage\":\"fr-FR\",\"potentialAction\":[{\"@type\":\"CommentAction\",\"name\":\"Comment\",\"target\":[\"https:\/\/contrib.city\/index.php\/2021\/12\/10\/hatvp-valerie-pecresse-et-les-presidentielles\/#respond\"]}]},{\"@type\":\"WebPage\",\"@id\":\"https:\/\/contrib.city\/index.php\/2021\/12\/10\/hatvp-valerie-pecresse-et-les-presidentielles\/\",\"url\":\"https:\/\/contrib.city\/index.php\/2021\/12\/10\/hatvp-valerie-pecresse-et-les-presidentielles\/\",\"name\":\"HATVP, Val\u00e9rie P\u00e9cresse et les Pr\u00e9sidentielles - ContribCity\",\"isPartOf\":{\"@id\":\"https:\/\/contrib.city\/#website\"},\"primaryImageOfPage\":{\"@id\":\"https:\/\/contrib.city\/index.php\/2021\/12\/10\/hatvp-valerie-pecresse-et-les-presidentielles\/#primaryimage\"},\"image\":{\"@id\":\"https:\/\/contrib.city\/index.php\/2021\/12\/10\/hatvp-valerie-pecresse-et-les-presidentielles\/#primaryimage\"},\"thumbnailUrl\":\"https:\/\/contrib.city\/wp-content\/uploads\/2021\/12\/Photo-de-couverture-CC-2.jpg\",\"datePublished\":\"2021-12-10T15:51:39+00:00\",\"dateModified\":\"2022-01-17T13:41:29+00:00\",\"breadcrumb\":{\"@id\":\"https:\/\/contrib.city\/index.php\/2021\/12\/10\/hatvp-valerie-pecresse-et-les-presidentielles\/#breadcrumb\"},\"inLanguage\":\"fr-FR\",\"potentialAction\":[{\"@type\":\"ReadAction\",\"target\":[\"https:\/\/contrib.city\/index.php\/2021\/12\/10\/hatvp-valerie-pecresse-et-les-presidentielles\/\"]}]},{\"@type\":\"ImageObject\",\"inLanguage\":\"fr-FR\",\"@id\":\"https:\/\/contrib.city\/index.php\/2021\/12\/10\/hatvp-valerie-pecresse-et-les-presidentielles\/#primaryimage\",\"url\":\"https:\/\/contrib.city\/wp-content\/uploads\/2021\/12\/Photo-de-couverture-CC-2.jpg\",\"contentUrl\":\"https:\/\/contrib.city\/wp-content\/uploads\/2021\/12\/Photo-de-couverture-CC-2.jpg\",\"width\":2368,\"height\":2264},{\"@type\":\"BreadcrumbList\",\"@id\":\"https:\/\/contrib.city\/index.php\/2021\/12\/10\/hatvp-valerie-pecresse-et-les-presidentielles\/#breadcrumb\",\"itemListElement\":[{\"@type\":\"ListItem\",\"position\":1,\"name\":\"Home\",\"item\":\"https:\/\/contrib.city\/\"},{\"@type\":\"ListItem\",\"position\":2,\"name\":\"HATVP, Val\u00e9rie P\u00e9cresse et les Pr\u00e9sidentielles\"}]},{\"@type\":\"WebSite\",\"@id\":\"https:\/\/contrib.city\/#website\",\"url\":\"https:\/\/contrib.city\/\",\"name\":\"ContribCity\",\"description\":\"Parlons de nos lieux de vie\",\"publisher\":{\"@id\":\"https:\/\/contrib.city\/#organization\"},\"potentialAction\":[{\"@type\":\"SearchAction\",\"target\":{\"@type\":\"EntryPoint\",\"urlTemplate\":\"https:\/\/contrib.city\/?s={search_term_string}\"},\"query-input\":{\"@type\":\"PropertyValueSpecification\",\"valueRequired\":true,\"valueName\":\"search_term_string\"}}],\"inLanguage\":\"fr-FR\"},{\"@type\":\"Organization\",\"@id\":\"https:\/\/contrib.city\/#organization\",\"name\":\"ContribCity\",\"url\":\"https:\/\/contrib.city\/\",\"logo\":{\"@type\":\"ImageObject\",\"inLanguage\":\"fr-FR\",\"@id\":\"https:\/\/contrib.city\/#\/schema\/logo\/image\/\",\"url\":\"https:\/\/contrib.city\/wp-content\/uploads\/2020\/01\/cropped-Parlons-de-nos-lieux-de-vie-2.jpg\",\"contentUrl\":\"https:\/\/contrib.city\/wp-content\/uploads\/2020\/01\/cropped-Parlons-de-nos-lieux-de-vie-2.jpg\",\"width\":1133,\"height\":218,\"caption\":\"ContribCity\"},\"image\":{\"@id\":\"https:\/\/contrib.city\/#\/schema\/logo\/image\/\"}},{\"@type\":\"Person\",\"@id\":\"https:\/\/contrib.city\/#\/schema\/person\/ec389c5a78a37ccaee4e8ce098099db5\",\"name\":\"Bertrand de Foucauld\",\"image\":{\"@type\":\"ImageObject\",\"inLanguage\":\"fr-FR\",\"@id\":\"https:\/\/secure.gravatar.com\/avatar\/c49e25550e4609092f7a00fb677a980813788778df987b36cad9b0fc85a8bf73?s=96&d=mm&r=g\",\"url\":\"https:\/\/secure.gravatar.com\/avatar\/c49e25550e4609092f7a00fb677a980813788778df987b36cad9b0fc85a8bf73?s=96&d=mm&r=g\",\"contentUrl\":\"https:\/\/secure.gravatar.com\/avatar\/c49e25550e4609092f7a00fb677a980813788778df987b36cad9b0fc85a8bf73?s=96&d=mm&r=g\",\"caption\":\"Bertrand de Foucauld\"},\"url\":\"https:\/\/contrib.city\/index.php\/author\/bertrand\/\"}]}<\/script>\n<!-- \/ Yoast SEO plugin. -->","yoast_head_json":{"title":"HATVP, Val\u00e9rie P\u00e9cresse et les Pr\u00e9sidentielles - ContribCity","robots":{"index":"index","follow":"follow","max-snippet":"max-snippet:-1","max-image-preview":"max-image-preview:large","max-video-preview":"max-video-preview:-1"},"canonical":"https:\/\/contrib.city\/index.php\/2021\/12\/10\/hatvp-valerie-pecresse-et-les-presidentielles\/","og_locale":"fr_FR","og_type":"article","og_title":"HATVP, Val\u00e9rie P\u00e9cresse et les Pr\u00e9sidentielles - ContribCity","og_description":"Dans la foul\u00e9e de l&#8217;article publi\u00e9 hier, contrib.city se penche sur le dossier de la brillante Val\u00e9rie P\u00e9cresse : deux","og_url":"https:\/\/contrib.city\/index.php\/2021\/12\/10\/hatvp-valerie-pecresse-et-les-presidentielles\/","og_site_name":"ContribCity","article_published_time":"2021-12-10T15:51:39+00:00","article_modified_time":"2022-01-17T13:41:29+00:00","og_image":[{"width":2368,"height":2264,"url":"https:\/\/contrib.city\/wp-content\/uploads\/2021\/12\/Photo-de-couverture-CC-2.jpg","type":"image\/jpeg"}],"author":"Bertrand de Foucauld","twitter_card":"summary_large_image","twitter_misc":{"\u00c9crit par":"Bertrand de Foucauld","Dur\u00e9e de lecture estim\u00e9e":"6 minutes"},"schema":{"@context":"https:\/\/schema.org","@graph":[{"@type":"Article","@id":"https:\/\/contrib.city\/index.php\/2021\/12\/10\/hatvp-valerie-pecresse-et-les-presidentielles\/#article","isPartOf":{"@id":"https:\/\/contrib.city\/index.php\/2021\/12\/10\/hatvp-valerie-pecresse-et-les-presidentielles\/"},"author":{"name":"Bertrand de Foucauld","@id":"https:\/\/contrib.city\/#\/schema\/person\/ec389c5a78a37ccaee4e8ce098099db5"},"headline":"HATVP, Val\u00e9rie P\u00e9cresse et les Pr\u00e9sidentielles","datePublished":"2021-12-10T15:51:39+00:00","dateModified":"2022-01-17T13:41:29+00:00","mainEntityOfPage":{"@id":"https:\/\/contrib.city\/index.php\/2021\/12\/10\/hatvp-valerie-pecresse-et-les-presidentielles\/"},"wordCount":1228,"commentCount":4,"publisher":{"@id":"https:\/\/contrib.city\/#organization"},"image":{"@id":"https:\/\/contrib.city\/index.php\/2021\/12\/10\/hatvp-valerie-pecresse-et-les-presidentielles\/#primaryimage"},"thumbnailUrl":"https:\/\/contrib.city\/wp-content\/uploads\/2021\/12\/Photo-de-couverture-CC-2.jpg","articleSection":["Vie quotidienne"],"inLanguage":"fr-FR","potentialAction":[{"@type":"CommentAction","name":"Comment","target":["https:\/\/contrib.city\/index.php\/2021\/12\/10\/hatvp-valerie-pecresse-et-les-presidentielles\/#respond"]}]},{"@type":"WebPage","@id":"https:\/\/contrib.city\/index.php\/2021\/12\/10\/hatvp-valerie-pecresse-et-les-presidentielles\/","url":"https:\/\/contrib.city\/index.php\/2021\/12\/10\/hatvp-valerie-pecresse-et-les-presidentielles\/","name":"HATVP, Val\u00e9rie P\u00e9cresse et les Pr\u00e9sidentielles - ContribCity","isPartOf":{"@id":"https:\/\/contrib.city\/#website"},"primaryImageOfPage":{"@id":"https:\/\/contrib.city\/index.php\/2021\/12\/10\/hatvp-valerie-pecresse-et-les-presidentielles\/#primaryimage"},"image":{"@id":"https:\/\/contrib.city\/index.php\/2021\/12\/10\/hatvp-valerie-pecresse-et-les-presidentielles\/#primaryimage"},"thumbnailUrl":"https:\/\/contrib.city\/wp-content\/uploads\/2021\/12\/Photo-de-couverture-CC-2.jpg","datePublished":"2021-12-10T15:51:39+00:00","dateModified":"2022-01-17T13:41:29+00:00","breadcrumb":{"@id":"https:\/\/contrib.city\/index.php\/2021\/12\/10\/hatvp-valerie-pecresse-et-les-presidentielles\/#breadcrumb"},"inLanguage":"fr-FR","potentialAction":[{"@type":"ReadAction","target":["https:\/\/contrib.city\/index.php\/2021\/12\/10\/hatvp-valerie-pecresse-et-les-presidentielles\/"]}]},{"@type":"ImageObject","inLanguage":"fr-FR","@id":"https:\/\/contrib.city\/index.php\/2021\/12\/10\/hatvp-valerie-pecresse-et-les-presidentielles\/#primaryimage","url":"https:\/\/contrib.city\/wp-content\/uploads\/2021\/12\/Photo-de-couverture-CC-2.jpg","contentUrl":"https:\/\/contrib.city\/wp-content\/uploads\/2021\/12\/Photo-de-couverture-CC-2.jpg","width":2368,"height":2264},{"@type":"BreadcrumbList","@id":"https:\/\/contrib.city\/index.php\/2021\/12\/10\/hatvp-valerie-pecresse-et-les-presidentielles\/#breadcrumb","itemListElement":[{"@type":"ListItem","position":1,"name":"Home","item":"https:\/\/contrib.city\/"},{"@type":"ListItem","position":2,"name":"HATVP, Val\u00e9rie P\u00e9cresse et les Pr\u00e9sidentielles"}]},{"@type":"WebSite","@id":"https:\/\/contrib.city\/#website","url":"https:\/\/contrib.city\/","name":"ContribCity","description":"Parlons de nos lieux de vie","publisher":{"@id":"https:\/\/contrib.city\/#organization"},"potentialAction":[{"@type":"SearchAction","target":{"@type":"EntryPoint","urlTemplate":"https:\/\/contrib.city\/?s={search_term_string}"},"query-input":{"@type":"PropertyValueSpecification","valueRequired":true,"valueName":"search_term_string"}}],"inLanguage":"fr-FR"},{"@type":"Organization","@id":"https:\/\/contrib.city\/#organization","name":"ContribCity","url":"https:\/\/contrib.city\/","logo":{"@type":"ImageObject","inLanguage":"fr-FR","@id":"https:\/\/contrib.city\/#\/schema\/logo\/image\/","url":"https:\/\/contrib.city\/wp-content\/uploads\/2020\/01\/cropped-Parlons-de-nos-lieux-de-vie-2.jpg","contentUrl":"https:\/\/contrib.city\/wp-content\/uploads\/2020\/01\/cropped-Parlons-de-nos-lieux-de-vie-2.jpg","width":1133,"height":218,"caption":"ContribCity"},"image":{"@id":"https:\/\/contrib.city\/#\/schema\/logo\/image\/"}},{"@type":"Person","@id":"https:\/\/contrib.city\/#\/schema\/person\/ec389c5a78a37ccaee4e8ce098099db5","name":"Bertrand de Foucauld","image":{"@type":"ImageObject","inLanguage":"fr-FR","@id":"https:\/\/secure.gravatar.com\/avatar\/c49e25550e4609092f7a00fb677a980813788778df987b36cad9b0fc85a8bf73?s=96&d=mm&r=g","url":"https:\/\/secure.gravatar.com\/avatar\/c49e25550e4609092f7a00fb677a980813788778df987b36cad9b0fc85a8bf73?s=96&d=mm&r=g","contentUrl":"https:\/\/secure.gravatar.com\/avatar\/c49e25550e4609092f7a00fb677a980813788778df987b36cad9b0fc85a8bf73?s=96&d=mm&r=g","caption":"Bertrand de Foucauld"},"url":"https:\/\/contrib.city\/index.php\/author\/bertrand\/"}]}},"jetpack_featured_media_url":"https:\/\/contrib.city\/wp-content\/uploads\/2021\/12\/Photo-de-couverture-CC-2.jpg","jetpack_sharing_enabled":true,"post_mailing_queue_ids":[],"_links":{"self":[{"href":"https:\/\/contrib.city\/index.php\/wp-json\/wp\/v2\/posts\/8210","targetHints":{"allow":["GET"]}}],"collection":[{"href":"https:\/\/contrib.city\/index.php\/wp-json\/wp\/v2\/posts"}],"about":[{"href":"https:\/\/contrib.city\/index.php\/wp-json\/wp\/v2\/types\/post"}],"author":[{"embeddable":true,"href":"https:\/\/contrib.city\/index.php\/wp-json\/wp\/v2\/users\/1"}],"replies":[{"embeddable":true,"href":"https:\/\/contrib.city\/index.php\/wp-json\/wp\/v2\/comments?post=8210"}],"version-history":[{"count":29,"href":"https:\/\/contrib.city\/index.php\/wp-json\/wp\/v2\/posts\/8210\/revisions"}],"predecessor-version":[{"id":8445,"href":"https:\/\/contrib.city\/index.php\/wp-json\/wp\/v2\/posts\/8210\/revisions\/8445"}],"wp:featuredmedia":[{"embeddable":true,"href":"https:\/\/contrib.city\/index.php\/wp-json\/wp\/v2\/media\/8221"}],"wp:attachment":[{"href":"https:\/\/contrib.city\/index.php\/wp-json\/wp\/v2\/media?parent=8210"}],"wp:term":[{"taxonomy":"category","embeddable":true,"href":"https:\/\/contrib.city\/index.php\/wp-json\/wp\/v2\/categories?post=8210"},{"taxonomy":"post_tag","embeddable":true,"href":"https:\/\/contrib.city\/index.php\/wp-json\/wp\/v2\/tags?post=8210"}],"curies":[{"name":"wp","href":"https:\/\/api.w.org\/{rel}","templated":true}]}}