{"id":8261,"date":"2021-12-14T11:47:48","date_gmt":"2021-12-14T10:47:48","guid":{"rendered":"https:\/\/contrib.city\/?p=8261"},"modified":"2021-12-14T11:50:33","modified_gmt":"2021-12-14T10:50:33","slug":"deficit-debt-and-damocles-the-abysmal-silence-of-the-candidates-2-2","status":"publish","type":"post","link":"https:\/\/contrib.city\/index.php\/en\/2021\/12\/14\/deficit-debt-and-damocles-the-abysmal-silence-of-the-candidates-2-2\/","title":{"rendered":"Deficit, Debt and Damocl\u00e8s : The abysmal silence of the candidates (2\/2)"},"content":{"rendered":"<p style=\"text-align: justify;\" align=\"justify\">Three days ago, I had written, with regards to debt settlement, that the loop must come full circle in any way, even if painfully. Why?<\/p>\n<p style=\"text-align: justify;\" align=\"justify\">This regulation will hurt because if the candidates &#8211; whether suicide bombers (kamikaze) or brave? &#8211; now began to explain to people that we must pay our debts off while the people today are not only accustomed to borrowing at a very low rate of interest but also to carrying the loan forward, since even longer, to their children and then grandchildren (certain adolescents of 1981 are grandparents today), the message could go wrong. How are the trade unions going to cry (less than 5% of the employees), but it is not for the popular classes to pay, it is for the capitalists! Well&#8230;the middle class then! How, but we are already paying maximum taxes while not being able to benefit from the public aid because our income is just above the ceiling. This is right! The so-called superior classes, then!? Ah no! You have already drained us enough like this! If you increase the taxes, we will reduce the investments and we will fire staff!<\/p>\n<p style=\"text-align: justify;\" align=\"justify\">Everyone wants to continue to ride in first class but none wants to go down to the second, let alone third. But what about the day when financial markets stop the music? It is to be feared that the TGV passengers of the French debt do not become victims of their own crash programme.<\/p>\n<p style=\"text-align: justify;\" align=\"justify\">It is good and absolutely necessary that the hyper-centralised and the omnipresent state of our country returns to its fundamentals: that it takes care of the regalian affairs (Army, Internal security, Justice) but that it does not anymore try to control the domains which are not within its purview. It is equally important that our elected nationals remind us that the question is not whether the debt must be paid off but rather who is going to pay it back.<\/p>\n<p style=\"text-align: justify;\" align=\"justify\">This indebtedness must encourage us to monitor that the political (of public actors) and economic (of private actors) decisions are consistent to the short as well as to the medium and long term needs of the taxpaying voters and of the consumer, that is to say, we ourselves. For example, the need to build a peaceful future for all the citizens, including those who cannot yet vote but whom we are once again casting away \/ stranding.<\/p>\n<p style=\"text-align: justify;\" align=\"justify\">The chance of the History and of the mythology provides an answer to this sword of Damocl\u00e8s which is the debt. Damocl\u00e8s was an Athenian politician (4th century BC) who advocated for children. This name also represents a myth in which the sword of the goldsmith Damocl\u00e8s, supported by a single small thread, hung permanently above the head of a king, despite the power of the latter. This king is us, the French, because it is us, the people, who have the power. So either we use our financial, economic and geographical means, considerable for a small nation of 67 million inhabitants and with a land mass of 672,000 km\u00b2 (and even 1.1 million km\u00b2, if we take into account the disputed Antarctic territory of the Adelie Land), to reform ourselves structurally and free us from this sword, or we continue our flight into the abyss: this option of flight will result in the death of France, in any case as we know it today. The latter might become a simple economic zone of an entity of continental size where the French language, and the culture linked to it, would belong to the past.<\/p>\n<p style=\"text-align: justify;\" align=\"justify\">It is to us today to let our candidates for the presidential elections of 2022 know, what future we aspire for ourselves and our children: the economic and social development of a potentially very rich zone &#8211; for example, with around 11 million km\u00b2, we possess the second largest maritime territory in the world, just after the USA of North America &#8211; or else the descent into Hell. Hopefully, collectively, we will choose the first option, within the European Union framework, which despite its bureaucracy provides both peace (in a military sense of the term) and a complimentary continental dimension to France.<\/p>\n<p align=\"justify\"><em>Translation: Vidhi Taparia.<\/em><\/p>\n","protected":false},"excerpt":{"rendered":"<p>Three days ago, I had written, with regards to debt settlement, that the loop must come full circle in any<\/p>\n","protected":false},"author":1,"featured_media":5827,"comment_status":"open","ping_status":"open","sticky":false,"template":"","format":"standard","meta":{"_acf_changed":false,"inline_featured_image":false,"_exactmetrics_skip_tracking":false,"_exactmetrics_sitenote_active":false,"_exactmetrics_sitenote_note":"","_exactmetrics_sitenote_category":0,"ngg_post_thumbnail":0,"_jetpack_memberships_contains_paid_content":false,"footnotes":""},"categories":[53],"tags":[],"class_list":["post-8261","post","type-post","status-publish","format-standard","has-post-thumbnail","hentry","category-economics-social"],"acf":[],"yoast_head":"<!-- This site is optimized with the Yoast SEO plugin v27.2 - https:\/\/yoast.com\/product\/yoast-seo-wordpress\/ -->\n<title>Deficit, Debt and Damocl\u00e8s : The abysmal silence of the candidates (2\/2) - ContribCity<\/title>\n<meta name=\"robots\" content=\"index, follow, max-snippet:-1, max-image-preview:large, max-video-preview:-1\" \/>\n<link rel=\"canonical\" href=\"https:\/\/contrib.city\/index.php\/en\/2021\/12\/14\/deficit-debt-and-damocles-the-abysmal-silence-of-the-candidates-2-2\/\" \/>\n<meta property=\"og:locale\" content=\"fr_FR\" \/>\n<meta property=\"og:type\" content=\"article\" \/>\n<meta property=\"og:title\" content=\"Deficit, Debt and Damocl\u00e8s : The abysmal silence of the candidates (2\/2) - ContribCity\" \/>\n<meta property=\"og:description\" content=\"Three days ago, I had written, with regards to debt settlement, that the loop must come full circle in any\" \/>\n<meta property=\"og:url\" content=\"https:\/\/contrib.city\/index.php\/en\/2021\/12\/14\/deficit-debt-and-damocles-the-abysmal-silence-of-the-candidates-2-2\/\" \/>\n<meta property=\"og:site_name\" content=\"ContribCity\" \/>\n<meta property=\"article:published_time\" content=\"2021-12-14T10:47:48+00:00\" \/>\n<meta property=\"article:modified_time\" content=\"2021-12-14T10:50:33+00:00\" \/>\n<meta property=\"og:image\" content=\"https:\/\/contrib.city\/wp-content\/uploads\/2020\/08\/Logo-CC-E-article.jpg\" \/>\n\t<meta property=\"og:image:width\" content=\"1921\" \/>\n\t<meta property=\"og:image:height\" content=\"1043\" \/>\n\t<meta property=\"og:image:type\" content=\"image\/jpeg\" \/>\n<meta name=\"author\" content=\"Bertrand de Foucauld\" \/>\n<meta name=\"twitter:card\" content=\"summary_large_image\" \/>\n<meta name=\"twitter:label1\" content=\"\u00c9crit par\" \/>\n\t<meta name=\"twitter:data1\" content=\"Bertrand de Foucauld\" \/>\n\t<meta name=\"twitter:label2\" content=\"Dur\u00e9e de lecture estim\u00e9e\" \/>\n\t<meta name=\"twitter:data2\" content=\"4 minutes\" \/>\n<script type=\"application\/ld+json\" class=\"yoast-schema-graph\">{\"@context\":\"https:\/\/schema.org\",\"@graph\":[{\"@type\":\"Article\",\"@id\":\"https:\/\/contrib.city\/index.php\/en\/2021\/12\/14\/deficit-debt-and-damocles-the-abysmal-silence-of-the-candidates-2-2\/#article\",\"isPartOf\":{\"@id\":\"https:\/\/contrib.city\/index.php\/en\/2021\/12\/14\/deficit-debt-and-damocles-the-abysmal-silence-of-the-candidates-2-2\/\"},\"author\":{\"name\":\"Bertrand de Foucauld\",\"@id\":\"https:\/\/contrib.city\/#\/schema\/person\/ec389c5a78a37ccaee4e8ce098099db5\"},\"headline\":\"Deficit, Debt and Damocl\u00e8s : The abysmal silence of the candidates (2\/2)\",\"datePublished\":\"2021-12-14T10:47:48+00:00\",\"dateModified\":\"2021-12-14T10:50:33+00:00\",\"mainEntityOfPage\":{\"@id\":\"https:\/\/contrib.city\/index.php\/en\/2021\/12\/14\/deficit-debt-and-damocles-the-abysmal-silence-of-the-candidates-2-2\/\"},\"wordCount\":708,\"commentCount\":0,\"publisher\":{\"@id\":\"https:\/\/contrib.city\/#organization\"},\"image\":{\"@id\":\"https:\/\/contrib.city\/index.php\/en\/2021\/12\/14\/deficit-debt-and-damocles-the-abysmal-silence-of-the-candidates-2-2\/#primaryimage\"},\"thumbnailUrl\":\"https:\/\/contrib.city\/wp-content\/uploads\/2020\/08\/Logo-CC-E-article.jpg\",\"articleSection\":[\"Economics\/Social\"],\"inLanguage\":\"fr-FR\",\"potentialAction\":[{\"@type\":\"CommentAction\",\"name\":\"Comment\",\"target\":[\"https:\/\/contrib.city\/index.php\/en\/2021\/12\/14\/deficit-debt-and-damocles-the-abysmal-silence-of-the-candidates-2-2\/#respond\"]}]},{\"@type\":\"WebPage\",\"@id\":\"https:\/\/contrib.city\/index.php\/en\/2021\/12\/14\/deficit-debt-and-damocles-the-abysmal-silence-of-the-candidates-2-2\/\",\"url\":\"https:\/\/contrib.city\/index.php\/en\/2021\/12\/14\/deficit-debt-and-damocles-the-abysmal-silence-of-the-candidates-2-2\/\",\"name\":\"Deficit, Debt and Damocl\u00e8s : The abysmal silence of the candidates (2\/2) - ContribCity\",\"isPartOf\":{\"@id\":\"https:\/\/contrib.city\/#website\"},\"primaryImageOfPage\":{\"@id\":\"https:\/\/contrib.city\/index.php\/en\/2021\/12\/14\/deficit-debt-and-damocles-the-abysmal-silence-of-the-candidates-2-2\/#primaryimage\"},\"image\":{\"@id\":\"https:\/\/contrib.city\/index.php\/en\/2021\/12\/14\/deficit-debt-and-damocles-the-abysmal-silence-of-the-candidates-2-2\/#primaryimage\"},\"thumbnailUrl\":\"https:\/\/contrib.city\/wp-content\/uploads\/2020\/08\/Logo-CC-E-article.jpg\",\"datePublished\":\"2021-12-14T10:47:48+00:00\",\"dateModified\":\"2021-12-14T10:50:33+00:00\",\"breadcrumb\":{\"@id\":\"https:\/\/contrib.city\/index.php\/en\/2021\/12\/14\/deficit-debt-and-damocles-the-abysmal-silence-of-the-candidates-2-2\/#breadcrumb\"},\"inLanguage\":\"fr-FR\",\"potentialAction\":[{\"@type\":\"ReadAction\",\"target\":[\"https:\/\/contrib.city\/index.php\/en\/2021\/12\/14\/deficit-debt-and-damocles-the-abysmal-silence-of-the-candidates-2-2\/\"]}]},{\"@type\":\"ImageObject\",\"inLanguage\":\"fr-FR\",\"@id\":\"https:\/\/contrib.city\/index.php\/en\/2021\/12\/14\/deficit-debt-and-damocles-the-abysmal-silence-of-the-candidates-2-2\/#primaryimage\",\"url\":\"https:\/\/contrib.city\/wp-content\/uploads\/2020\/08\/Logo-CC-E-article.jpg\",\"contentUrl\":\"https:\/\/contrib.city\/wp-content\/uploads\/2020\/08\/Logo-CC-E-article.jpg\",\"width\":1921,\"height\":1043},{\"@type\":\"BreadcrumbList\",\"@id\":\"https:\/\/contrib.city\/index.php\/en\/2021\/12\/14\/deficit-debt-and-damocles-the-abysmal-silence-of-the-candidates-2-2\/#breadcrumb\",\"itemListElement\":[{\"@type\":\"ListItem\",\"position\":1,\"name\":\"Home\",\"item\":\"https:\/\/contrib.city\/\"},{\"@type\":\"ListItem\",\"position\":2,\"name\":\"Deficit, Debt and Damocl\u00e8s : The abysmal silence of the candidates (2\/2)\"}]},{\"@type\":\"WebSite\",\"@id\":\"https:\/\/contrib.city\/#website\",\"url\":\"https:\/\/contrib.city\/\",\"name\":\"ContribCity\",\"description\":\"Parlons de nos lieux de vie\",\"publisher\":{\"@id\":\"https:\/\/contrib.city\/#organization\"},\"potentialAction\":[{\"@type\":\"SearchAction\",\"target\":{\"@type\":\"EntryPoint\",\"urlTemplate\":\"https:\/\/contrib.city\/?s={search_term_string}\"},\"query-input\":{\"@type\":\"PropertyValueSpecification\",\"valueRequired\":true,\"valueName\":\"search_term_string\"}}],\"inLanguage\":\"fr-FR\"},{\"@type\":\"Organization\",\"@id\":\"https:\/\/contrib.city\/#organization\",\"name\":\"ContribCity\",\"url\":\"https:\/\/contrib.city\/\",\"logo\":{\"@type\":\"ImageObject\",\"inLanguage\":\"fr-FR\",\"@id\":\"https:\/\/contrib.city\/#\/schema\/logo\/image\/\",\"url\":\"https:\/\/contrib.city\/wp-content\/uploads\/2020\/01\/cropped-Parlons-de-nos-lieux-de-vie-2.jpg\",\"contentUrl\":\"https:\/\/contrib.city\/wp-content\/uploads\/2020\/01\/cropped-Parlons-de-nos-lieux-de-vie-2.jpg\",\"width\":1133,\"height\":218,\"caption\":\"ContribCity\"},\"image\":{\"@id\":\"https:\/\/contrib.city\/#\/schema\/logo\/image\/\"}},{\"@type\":\"Person\",\"@id\":\"https:\/\/contrib.city\/#\/schema\/person\/ec389c5a78a37ccaee4e8ce098099db5\",\"name\":\"Bertrand de Foucauld\",\"image\":{\"@type\":\"ImageObject\",\"inLanguage\":\"fr-FR\",\"@id\":\"https:\/\/secure.gravatar.com\/avatar\/c49e25550e4609092f7a00fb677a980813788778df987b36cad9b0fc85a8bf73?s=96&d=mm&r=g\",\"url\":\"https:\/\/secure.gravatar.com\/avatar\/c49e25550e4609092f7a00fb677a980813788778df987b36cad9b0fc85a8bf73?s=96&d=mm&r=g\",\"contentUrl\":\"https:\/\/secure.gravatar.com\/avatar\/c49e25550e4609092f7a00fb677a980813788778df987b36cad9b0fc85a8bf73?s=96&d=mm&r=g\",\"caption\":\"Bertrand de Foucauld\"},\"url\":\"https:\/\/contrib.city\/index.php\/author\/bertrand\/\"}]}<\/script>\n<!-- \/ Yoast SEO plugin. -->","yoast_head_json":{"title":"Deficit, Debt and Damocl\u00e8s : The abysmal silence of the candidates (2\/2) - ContribCity","robots":{"index":"index","follow":"follow","max-snippet":"max-snippet:-1","max-image-preview":"max-image-preview:large","max-video-preview":"max-video-preview:-1"},"canonical":"https:\/\/contrib.city\/index.php\/en\/2021\/12\/14\/deficit-debt-and-damocles-the-abysmal-silence-of-the-candidates-2-2\/","og_locale":"fr_FR","og_type":"article","og_title":"Deficit, Debt and Damocl\u00e8s : The abysmal silence of the candidates (2\/2) - ContribCity","og_description":"Three days ago, I had written, with regards to debt settlement, that the loop must come full circle in any","og_url":"https:\/\/contrib.city\/index.php\/en\/2021\/12\/14\/deficit-debt-and-damocles-the-abysmal-silence-of-the-candidates-2-2\/","og_site_name":"ContribCity","article_published_time":"2021-12-14T10:47:48+00:00","article_modified_time":"2021-12-14T10:50:33+00:00","og_image":[{"width":1921,"height":1043,"url":"https:\/\/contrib.city\/wp-content\/uploads\/2020\/08\/Logo-CC-E-article.jpg","type":"image\/jpeg"}],"author":"Bertrand de Foucauld","twitter_card":"summary_large_image","twitter_misc":{"\u00c9crit par":"Bertrand de Foucauld","Dur\u00e9e de lecture estim\u00e9e":"4 minutes"},"schema":{"@context":"https:\/\/schema.org","@graph":[{"@type":"Article","@id":"https:\/\/contrib.city\/index.php\/en\/2021\/12\/14\/deficit-debt-and-damocles-the-abysmal-silence-of-the-candidates-2-2\/#article","isPartOf":{"@id":"https:\/\/contrib.city\/index.php\/en\/2021\/12\/14\/deficit-debt-and-damocles-the-abysmal-silence-of-the-candidates-2-2\/"},"author":{"name":"Bertrand de Foucauld","@id":"https:\/\/contrib.city\/#\/schema\/person\/ec389c5a78a37ccaee4e8ce098099db5"},"headline":"Deficit, Debt and Damocl\u00e8s : The abysmal silence of the candidates (2\/2)","datePublished":"2021-12-14T10:47:48+00:00","dateModified":"2021-12-14T10:50:33+00:00","mainEntityOfPage":{"@id":"https:\/\/contrib.city\/index.php\/en\/2021\/12\/14\/deficit-debt-and-damocles-the-abysmal-silence-of-the-candidates-2-2\/"},"wordCount":708,"commentCount":0,"publisher":{"@id":"https:\/\/contrib.city\/#organization"},"image":{"@id":"https:\/\/contrib.city\/index.php\/en\/2021\/12\/14\/deficit-debt-and-damocles-the-abysmal-silence-of-the-candidates-2-2\/#primaryimage"},"thumbnailUrl":"https:\/\/contrib.city\/wp-content\/uploads\/2020\/08\/Logo-CC-E-article.jpg","articleSection":["Economics\/Social"],"inLanguage":"fr-FR","potentialAction":[{"@type":"CommentAction","name":"Comment","target":["https:\/\/contrib.city\/index.php\/en\/2021\/12\/14\/deficit-debt-and-damocles-the-abysmal-silence-of-the-candidates-2-2\/#respond"]}]},{"@type":"WebPage","@id":"https:\/\/contrib.city\/index.php\/en\/2021\/12\/14\/deficit-debt-and-damocles-the-abysmal-silence-of-the-candidates-2-2\/","url":"https:\/\/contrib.city\/index.php\/en\/2021\/12\/14\/deficit-debt-and-damocles-the-abysmal-silence-of-the-candidates-2-2\/","name":"Deficit, Debt and Damocl\u00e8s : The abysmal silence of the candidates (2\/2) - ContribCity","isPartOf":{"@id":"https:\/\/contrib.city\/#website"},"primaryImageOfPage":{"@id":"https:\/\/contrib.city\/index.php\/en\/2021\/12\/14\/deficit-debt-and-damocles-the-abysmal-silence-of-the-candidates-2-2\/#primaryimage"},"image":{"@id":"https:\/\/contrib.city\/index.php\/en\/2021\/12\/14\/deficit-debt-and-damocles-the-abysmal-silence-of-the-candidates-2-2\/#primaryimage"},"thumbnailUrl":"https:\/\/contrib.city\/wp-content\/uploads\/2020\/08\/Logo-CC-E-article.jpg","datePublished":"2021-12-14T10:47:48+00:00","dateModified":"2021-12-14T10:50:33+00:00","breadcrumb":{"@id":"https:\/\/contrib.city\/index.php\/en\/2021\/12\/14\/deficit-debt-and-damocles-the-abysmal-silence-of-the-candidates-2-2\/#breadcrumb"},"inLanguage":"fr-FR","potentialAction":[{"@type":"ReadAction","target":["https:\/\/contrib.city\/index.php\/en\/2021\/12\/14\/deficit-debt-and-damocles-the-abysmal-silence-of-the-candidates-2-2\/"]}]},{"@type":"ImageObject","inLanguage":"fr-FR","@id":"https:\/\/contrib.city\/index.php\/en\/2021\/12\/14\/deficit-debt-and-damocles-the-abysmal-silence-of-the-candidates-2-2\/#primaryimage","url":"https:\/\/contrib.city\/wp-content\/uploads\/2020\/08\/Logo-CC-E-article.jpg","contentUrl":"https:\/\/contrib.city\/wp-content\/uploads\/2020\/08\/Logo-CC-E-article.jpg","width":1921,"height":1043},{"@type":"BreadcrumbList","@id":"https:\/\/contrib.city\/index.php\/en\/2021\/12\/14\/deficit-debt-and-damocles-the-abysmal-silence-of-the-candidates-2-2\/#breadcrumb","itemListElement":[{"@type":"ListItem","position":1,"name":"Home","item":"https:\/\/contrib.city\/"},{"@type":"ListItem","position":2,"name":"Deficit, Debt and Damocl\u00e8s : The abysmal silence of the candidates (2\/2)"}]},{"@type":"WebSite","@id":"https:\/\/contrib.city\/#website","url":"https:\/\/contrib.city\/","name":"ContribCity","description":"Parlons de nos lieux de vie","publisher":{"@id":"https:\/\/contrib.city\/#organization"},"potentialAction":[{"@type":"SearchAction","target":{"@type":"EntryPoint","urlTemplate":"https:\/\/contrib.city\/?s={search_term_string}"},"query-input":{"@type":"PropertyValueSpecification","valueRequired":true,"valueName":"search_term_string"}}],"inLanguage":"fr-FR"},{"@type":"Organization","@id":"https:\/\/contrib.city\/#organization","name":"ContribCity","url":"https:\/\/contrib.city\/","logo":{"@type":"ImageObject","inLanguage":"fr-FR","@id":"https:\/\/contrib.city\/#\/schema\/logo\/image\/","url":"https:\/\/contrib.city\/wp-content\/uploads\/2020\/01\/cropped-Parlons-de-nos-lieux-de-vie-2.jpg","contentUrl":"https:\/\/contrib.city\/wp-content\/uploads\/2020\/01\/cropped-Parlons-de-nos-lieux-de-vie-2.jpg","width":1133,"height":218,"caption":"ContribCity"},"image":{"@id":"https:\/\/contrib.city\/#\/schema\/logo\/image\/"}},{"@type":"Person","@id":"https:\/\/contrib.city\/#\/schema\/person\/ec389c5a78a37ccaee4e8ce098099db5","name":"Bertrand de Foucauld","image":{"@type":"ImageObject","inLanguage":"fr-FR","@id":"https:\/\/secure.gravatar.com\/avatar\/c49e25550e4609092f7a00fb677a980813788778df987b36cad9b0fc85a8bf73?s=96&d=mm&r=g","url":"https:\/\/secure.gravatar.com\/avatar\/c49e25550e4609092f7a00fb677a980813788778df987b36cad9b0fc85a8bf73?s=96&d=mm&r=g","contentUrl":"https:\/\/secure.gravatar.com\/avatar\/c49e25550e4609092f7a00fb677a980813788778df987b36cad9b0fc85a8bf73?s=96&d=mm&r=g","caption":"Bertrand de Foucauld"},"url":"https:\/\/contrib.city\/index.php\/author\/bertrand\/"}]}},"jetpack_featured_media_url":"https:\/\/contrib.city\/wp-content\/uploads\/2020\/08\/Logo-CC-E-article.jpg","jetpack_sharing_enabled":true,"post_mailing_queue_ids":[],"_links":{"self":[{"href":"https:\/\/contrib.city\/index.php\/wp-json\/wp\/v2\/posts\/8261","targetHints":{"allow":["GET"]}}],"collection":[{"href":"https:\/\/contrib.city\/index.php\/wp-json\/wp\/v2\/posts"}],"about":[{"href":"https:\/\/contrib.city\/index.php\/wp-json\/wp\/v2\/types\/post"}],"author":[{"embeddable":true,"href":"https:\/\/contrib.city\/index.php\/wp-json\/wp\/v2\/users\/1"}],"replies":[{"embeddable":true,"href":"https:\/\/contrib.city\/index.php\/wp-json\/wp\/v2\/comments?post=8261"}],"version-history":[{"count":3,"href":"https:\/\/contrib.city\/index.php\/wp-json\/wp\/v2\/posts\/8261\/revisions"}],"predecessor-version":[{"id":8264,"href":"https:\/\/contrib.city\/index.php\/wp-json\/wp\/v2\/posts\/8261\/revisions\/8264"}],"wp:featuredmedia":[{"embeddable":true,"href":"https:\/\/contrib.city\/index.php\/wp-json\/wp\/v2\/media\/5827"}],"wp:attachment":[{"href":"https:\/\/contrib.city\/index.php\/wp-json\/wp\/v2\/media?parent=8261"}],"wp:term":[{"taxonomy":"category","embeddable":true,"href":"https:\/\/contrib.city\/index.php\/wp-json\/wp\/v2\/categories?post=8261"},{"taxonomy":"post_tag","embeddable":true,"href":"https:\/\/contrib.city\/index.php\/wp-json\/wp\/v2\/tags?post=8261"}],"curies":[{"name":"wp","href":"https:\/\/api.w.org\/{rel}","templated":true}]}}