{"id":8537,"date":"2022-02-06T18:38:36","date_gmt":"2022-02-06T17:38:36","guid":{"rendered":"https:\/\/contrib.city\/?p=8537"},"modified":"2022-02-06T19:33:35","modified_gmt":"2022-02-06T18:33:35","slug":"valerie-pecresse-the-arlesian-declarations-that-never-materialize","status":"publish","type":"post","link":"https:\/\/contrib.city\/index.php\/en\/2022\/02\/06\/valerie-pecresse-the-arlesian-declarations-that-never-materialize\/","title":{"rendered":"Val\u00e9rie P\u00e9cresse: the Arlesian declarations (that never materialize)"},"content":{"rendered":"<p style=\"text-align: justify;\" align=\"justify\">On the 26th January 2022, an article from the Lib\u00e9ration French daily, titled \u2013 About the loose ends of the Interest Declarations of Val\u00e9rie P\u00e9cresse &#8211; and signed by the senior reporter Laurent L\u00e9ger, caught our attention. The journalist particularly tells us that the President of Ile-de-France had made her declarations to the HATVP (High Authority for Transparency in Public Life) in January 2014, February 2016 and finally on 3rd September 2017.<\/p>\n<p style=\"text-align: justify;\">Just as beautiful and enigmatic as Alphonse Daudet&#8217;s <em>The Girl From Arles<\/em> (Daudet&#8217;s novel from his collection Letters from the Windmill), these declarations surely appeared one day but, today, we find no trace of them on the site of the High Authority. Mystery\u2026Laurent L\u00e9ger, just like what contrib\u2019city began to do on the 26th January, used an example about a conflict of interests the Francilienne representative had faced in the past: while the president of Ile-De-France headed a public body, Ile-de-France Mobilit\u00e9s<span class=\"footnote_referrer\"><a role=\"button\" tabindex=\"0\" onclick=\"footnote_moveToReference_8537_1('footnote_plugin_reference_8537_1_1');\" onkeypress=\"footnote_moveToReference_8537_1('footnote_plugin_reference_8537_1_1');\" ><sup id=\"footnote_plugin_tooltip_8537_1_1\" class=\"footnote_plugin_tooltip_text\">[1]<\/sup><\/a><span id=\"footnote_plugin_tooltip_text_8537_1_1\" class=\"footnote_tooltip\">the public organisation responsible for Transports in the Ile-de-France Region<\/span><\/span><script type=\"text\/javascript\"> jQuery('#footnote_plugin_tooltip_8537_1_1').tooltip({ tip: '#footnote_plugin_tooltip_text_8537_1_1', tipClass: 'footnote_tooltip', effect: 'fade', predelay: 0, fadeInSpeed: 200, delay: 400, fadeOutSpeed: 200, position: 'top right', relative: true, offset: [10, 10], });<\/script>, she had bought, for huge amounts of money according to L\u00e9ger, trains from a subsidiary of the Alstom group (Alstom Renewable Power).<\/p>\n<p style=\"text-align: justify;\">Well, so far, nothing extraordinary: out-of-control public expenditures frighten our leaders no more, since a long time! What is, however, more shocking is the fact (which is a certain one) that it was J\u00e9r\u00f4me P\u00e9cresse who managed the provider company. Even more: according to Lib\u00e9ration French daily, the couple held shares in the subsidiary of the Alstom group.<\/p>\n<p style=\"text-align: justify;\">Today, nothing appeared on the site of the HATVP. Merely a laconic declaration was filed &#8211; Upcoming Publication. Question: with these Arlesian declarations, is the trust of the electors expected to return in the month of April? Today, Contrib&#8217;City asks how Madam Val\u00e9rie P\u00e9cresse positions herself: does she remain in her Daud\u00e9tien mystery, minus the magic and romanticism. Is she a businesswoman briskly carrying out, with her husband, the industrial and commercial activities dedicated to renewable energies (moreover a very interesting domain)? Is she a seasoned politician, knowing how to utilize all the tools and arcades of French politics and more particularly the ones of the Yvelines? We remember that she is also a municipal councilor of V\u00e9lizy-Villacoublay (but lives in Versailles as indicated in the previous article of CC) and is a community councilor of Versailles-Grand-Parc, in addition to her position of the Head of the Capital Region, a territory within which is concentrated just one third of the French Gross Domestic Product, a GDP whose value is roughly equivalent to that of the Netherlands.<\/p>\n<p style=\"text-align: justify;\">In summary, she is a true politician who managed to combine all of her functions and her contradictions. It is necessary to recognize, in her defense, that she does not lack the ability to think and to organize. To a certain extent.<\/p>\n<p style=\"text-align: justify;\">Today, the President of the Ile-de-France region must confront the absent declarations, at least about her past but serious conflict of interests (her husband is still the CEO of the same enterprise that has since become a subsidiary of General Electric), about the wealth which she will have to publicly declare if she someday became the President, no longer of the &#8216;small Ile-de-France&#8217; but, of (entire) France. Namely (with the current level of knowledge of Contrib&#8217;City, at the time of the publication of this article): a private mansion in Versailles, some apartments and a house in the <a href=\"https:\/\/en.wikipedia.org\/wiki\/La_Baule-Escoublac\" target=\"_blank\" rel=\"noopener\">Baule seaside resort<\/a> (South Britanny) and some shares. According to Laurent L\u00e9ger, the couple held, at the end of 2015, more than half a million euros as shares in the Imirys group (J\u00e9r\u00f4me was a general director there) and in February 2021, the family possessed shares worth more than 700,000 euros in the GE Renewable Energy, run by the madam&#8217;s mister.<\/p>\n<p style=\"text-align: justify;\">In contrast, Jean-Didier Berger, one of the lieutenants of madam Pecresse, has his declarations published on the HATVP site: the last one is dated 14th January 2021. The elected official has not yet declared his new position as the Vice-President of the Ile-de-France region, but, in view of the current situation, we no longer worry about a delay of a few, do we? (The 11th October 2013 French Act about Public Transparency grants a period of two months for every elected representative concerned to make her\/his declaration.)<\/p>\n<p style=\"text-align: justify;\">Anyways<!-- I have doubts about this paragraph given it has been difficult for me to keep a tab on the commas and hyphens that may have changed the meanings altogether. --> these enterprises of transport and energy run the P\u00e9cresse household. However, due to always wanting to go higher, one risks forgetting the ever lower: the (former?) &#8216;Gilets Jaunes'<span class=\"footnote_referrer\"><a role=\"button\" tabindex=\"0\" onclick=\"footnote_moveToReference_8537_1('footnote_plugin_reference_8537_1_2');\" onkeypress=\"footnote_moveToReference_8537_1('footnote_plugin_reference_8537_1_2');\" ><sup id=\"footnote_plugin_tooltip_8537_1_2\" class=\"footnote_plugin_tooltip_text\">[2]<\/sup><\/a><span id=\"footnote_plugin_tooltip_text_8537_1_2\" class=\"footnote_tooltip\">The French Yellow Vests protesters who demonstrated against taxes in 2020. Some of the demonstrations lead to urban riots, probably because of other demonstrators.<\/span><\/span><script type=\"text\/javascript\"> jQuery('#footnote_plugin_tooltip_8537_1_2').tooltip({ tip: '#footnote_plugin_tooltip_text_8537_1_2', tipClass: 'footnote_tooltip', effect: 'fade', predelay: 0, fadeInSpeed: 200, delay: 400, fadeOutSpeed: 200, position: 'top right', relative: true, offset: [10, 10], });<\/script>, the youth, the minimum wage earners (the &#8216;smicards&#8217;) &#8211; among them some are researchers, Madam Minister of Higher Education (2007-2011) &#8211; the isolated women, the \u2018classic\u2019 households of the middle classes, the unemployed, the social workers dealing with the ever-increasing tensions, the famous &#8216;independents&#8217; who have to fight for their survival every day, in other words all those French who see the price, particularly that of the real estate, mount sharply, and at the same time the public debt deepens our abyss each second a little more and more.<\/p>\n<p style=\"text-align: justify;\">Contrib\u2019City had proposed a solution to address simply the many problems mentioned above. This solution has a name: decentralization. We are speaking of a true decentralization, not the one that just consists of moving &#8211; shocking! &#8211; the ENA (former French elite National School of Administration) to Strasbourg. Moreover Madam Pecresse herself had opposed the school\u2019s decentralization. Is it normal today, just as in the 17th century, for a large part of French wealth &#8211; but also the territorial tensions &#8211; to be concentrated on just 3,000 km2 (the size of the urban area of Ile-de-France commonly known as Paris Region)? If we go just a little higher, we find that our country benefits from a territory of more than 640,000 km\u00b2 (overseas departments and regions included) and even more than a million km\u00b2 if we account for the Ad\u00e9lie land in the Antarctic (432,000 km\u00b2).<\/p>\n<p style=\"text-align: justify;\">If the world undergoes cosmetic changes, the fundamental problems remain the same. Just as Louis XIV, in face of the humiliation of the Fronde (French Civil Wars during 1600s), had fast tracked the centralizing dynamism of his father, likewise Val\u00e9rie P\u00e9cresse, in her willingness to prove the excellence, forgets the simple things: distributing the territorial tensions across the whole country, even if it means losing some regional power and simply declaring, above all in democracy, her revenues and her wealth to the electors and, incidentally, to the taxpayers.<\/p>\n<p style=\"text-align: justify;\">To run for the President without respecting the rules of transparency, that seems to us a lack of both poise and finesse. Too bad for a person so brilliant.<\/p>\n<p style=\"text-align: justify;\">Whenever Contrib&#8217;City will find the Arlesian declarations of Madam P\u00e9cresse, it will inform its readers of the same.<\/p>\n<p style=\"text-align: justify;\">Ah, we forgot: the median monthly salary of the French is around \u20ac1900 net (INSEE &#8211; French National Institute of Statistics and Economic Studies).<\/p>\n<p><em>Translation: Vidhi Taparia, BdF.<\/em><\/p>\n<div class=\"speaker-mute footnotes_reference_container\"> <div class=\"footnote_container_prepare\"><p><span role=\"button\" tabindex=\"0\" class=\"footnote_reference_container_label pointer\" onclick=\"footnote_expand_collapse_reference_container_8537_1();\">R\u00e9f\u00e9rences<\/span><span role=\"button\" tabindex=\"0\" class=\"footnote_reference_container_collapse_button\" style=\"\" onclick=\"footnote_expand_collapse_reference_container_8537_1();\">[<a id=\"footnote_reference_container_collapse_button_8537_1\">+<\/a>]<\/span><\/p><\/div> <div id=\"footnote_references_container_8537_1\" style=\"display: none;\"><table class=\"footnotes_table footnote-reference-container\"><caption class=\"accessibility\">R\u00e9f\u00e9rences<\/caption> <tbody> \r\n\r\n<tr class=\"footnotes_plugin_reference_row\"> <th scope=\"row\" class=\"footnote_plugin_index_combi pointer\"  onclick=\"footnote_moveToAnchor_8537_1('footnote_plugin_tooltip_8537_1_1');\"><a id=\"footnote_plugin_reference_8537_1_1\" class=\"footnote_backlink\"><span class=\"footnote_index_arrow\">&#8593;<\/span>1<\/a><\/th> <td class=\"footnote_plugin_text\">the public organisation responsible for Transports in the Ile-de-France Region<\/td><\/tr>\r\n\r\n<tr class=\"footnotes_plugin_reference_row\"> <th scope=\"row\" class=\"footnote_plugin_index_combi pointer\"  onclick=\"footnote_moveToAnchor_8537_1('footnote_plugin_tooltip_8537_1_2');\"><a id=\"footnote_plugin_reference_8537_1_2\" class=\"footnote_backlink\"><span class=\"footnote_index_arrow\">&#8593;<\/span>2<\/a><\/th> <td class=\"footnote_plugin_text\">The French Yellow Vests protesters who demonstrated against taxes in 2020. Some of the demonstrations lead to urban riots, probably because of other demonstrators.<\/td><\/tr>\r\n\r\n <\/tbody> <\/table> <\/div><\/div><script type=\"text\/javascript\"> function footnote_expand_reference_container_8537_1() { jQuery('#footnote_references_container_8537_1').show(); jQuery('#footnote_reference_container_collapse_button_8537_1').text('\u2212'); } function footnote_collapse_reference_container_8537_1() { jQuery('#footnote_references_container_8537_1').hide(); jQuery('#footnote_reference_container_collapse_button_8537_1').text('+'); } function footnote_expand_collapse_reference_container_8537_1() { if (jQuery('#footnote_references_container_8537_1').is(':hidden')) { footnote_expand_reference_container_8537_1(); } else { footnote_collapse_reference_container_8537_1(); } } function footnote_moveToReference_8537_1(p_str_TargetID) { footnote_expand_reference_container_8537_1(); var l_obj_Target = jQuery('#' + p_str_TargetID); if (l_obj_Target.length) { jQuery( 'html, body' ).delay( 0 ); jQuery('html, body').animate({ scrollTop: l_obj_Target.offset().top - window.innerHeight * 0.2 }, 380); } } function footnote_moveToAnchor_8537_1(p_str_TargetID) { footnote_expand_reference_container_8537_1(); var l_obj_Target = jQuery('#' + p_str_TargetID); if (l_obj_Target.length) { jQuery( 'html, body' ).delay( 0 ); jQuery('html, body').animate({ scrollTop: l_obj_Target.offset().top - window.innerHeight * 0.2 }, 380); } }<\/script>","protected":false},"excerpt":{"rendered":"<p>On the 26th January 2022, an article from the Lib\u00e9ration French daily, titled \u2013 About the loose ends of the<\/p>\n","protected":false},"author":1,"featured_media":8518,"comment_status":"open","ping_status":"open","sticky":false,"template":"","format":"standard","meta":{"_acf_changed":false,"inline_featured_image":false,"_exactmetrics_skip_tracking":false,"_exactmetrics_sitenote_active":false,"_exactmetrics_sitenote_note":"","_exactmetrics_sitenote_category":0,"ngg_post_thumbnail":0,"_jetpack_memberships_contains_paid_content":false,"footnotes":""},"categories":[32],"tags":[],"class_list":["post-8537","post","type-post","status-publish","format-standard","has-post-thumbnail","hentry","category-commerce-en"],"acf":[],"yoast_head":"<!-- This site is optimized with the Yoast SEO plugin v27.2 - https:\/\/yoast.com\/product\/yoast-seo-wordpress\/ -->\n<title>Val\u00e9rie P\u00e9cresse: the Arlesian declarations (that never materialize) - ContribCity<\/title>\n<meta name=\"robots\" content=\"index, follow, max-snippet:-1, max-image-preview:large, max-video-preview:-1\" \/>\n<link rel=\"canonical\" href=\"https:\/\/contrib.city\/index.php\/en\/2022\/02\/06\/valerie-pecresse-the-arlesian-declarations-that-never-materialize\/\" \/>\n<meta property=\"og:locale\" content=\"fr_FR\" \/>\n<meta property=\"og:type\" content=\"article\" \/>\n<meta property=\"og:title\" content=\"Val\u00e9rie P\u00e9cresse: the Arlesian declarations (that never materialize) - ContribCity\" \/>\n<meta property=\"og:description\" content=\"On the 26th January 2022, an article from the Lib\u00e9ration French daily, titled \u2013 About the loose ends of the\" \/>\n<meta property=\"og:url\" content=\"https:\/\/contrib.city\/index.php\/en\/2022\/02\/06\/valerie-pecresse-the-arlesian-declarations-that-never-materialize\/\" \/>\n<meta property=\"og:site_name\" content=\"ContribCity\" \/>\n<meta property=\"article:published_time\" content=\"2022-02-06T17:38:36+00:00\" \/>\n<meta property=\"article:modified_time\" content=\"2022-02-06T18:33:35+00:00\" \/>\n<meta property=\"og:image\" content=\"https:\/\/contrib.city\/wp-content\/uploads\/2022\/01\/Page-couverture-programme-Valerie-Pecresse-3-scaled.jpg\" \/>\n\t<meta property=\"og:image:width\" content=\"2560\" \/>\n\t<meta property=\"og:image:height\" content=\"1424\" \/>\n\t<meta property=\"og:image:type\" content=\"image\/jpeg\" \/>\n<meta name=\"author\" content=\"Bertrand de Foucauld\" \/>\n<meta name=\"twitter:card\" content=\"summary_large_image\" \/>\n<meta name=\"twitter:label1\" content=\"\u00c9crit par\" \/>\n\t<meta name=\"twitter:data1\" content=\"Bertrand de Foucauld\" \/>\n\t<meta name=\"twitter:label2\" content=\"Dur\u00e9e de lecture estim\u00e9e\" \/>\n\t<meta name=\"twitter:data2\" content=\"6 minutes\" \/>\n<script type=\"application\/ld+json\" class=\"yoast-schema-graph\">{\"@context\":\"https:\/\/schema.org\",\"@graph\":[{\"@type\":\"Article\",\"@id\":\"https:\/\/contrib.city\/index.php\/en\/2022\/02\/06\/valerie-pecresse-the-arlesian-declarations-that-never-materialize\/#article\",\"isPartOf\":{\"@id\":\"https:\/\/contrib.city\/index.php\/en\/2022\/02\/06\/valerie-pecresse-the-arlesian-declarations-that-never-materialize\/\"},\"author\":{\"name\":\"Bertrand de Foucauld\",\"@id\":\"https:\/\/contrib.city\/#\/schema\/person\/ec389c5a78a37ccaee4e8ce098099db5\"},\"headline\":\"Val\u00e9rie P\u00e9cresse: the Arlesian declarations (that never materialize)\",\"datePublished\":\"2022-02-06T17:38:36+00:00\",\"dateModified\":\"2022-02-06T18:33:35+00:00\",\"mainEntityOfPage\":{\"@id\":\"https:\/\/contrib.city\/index.php\/en\/2022\/02\/06\/valerie-pecresse-the-arlesian-declarations-that-never-materialize\/\"},\"wordCount\":1187,\"commentCount\":0,\"publisher\":{\"@id\":\"https:\/\/contrib.city\/#organization\"},\"image\":{\"@id\":\"https:\/\/contrib.city\/index.php\/en\/2022\/02\/06\/valerie-pecresse-the-arlesian-declarations-that-never-materialize\/#primaryimage\"},\"thumbnailUrl\":\"https:\/\/contrib.city\/wp-content\/uploads\/2022\/01\/Page-couverture-programme-Valerie-Pecresse-3-scaled.jpg\",\"articleSection\":[\"Daily Life\"],\"inLanguage\":\"fr-FR\",\"potentialAction\":[{\"@type\":\"CommentAction\",\"name\":\"Comment\",\"target\":[\"https:\/\/contrib.city\/index.php\/en\/2022\/02\/06\/valerie-pecresse-the-arlesian-declarations-that-never-materialize\/#respond\"]}]},{\"@type\":\"WebPage\",\"@id\":\"https:\/\/contrib.city\/index.php\/en\/2022\/02\/06\/valerie-pecresse-the-arlesian-declarations-that-never-materialize\/\",\"url\":\"https:\/\/contrib.city\/index.php\/en\/2022\/02\/06\/valerie-pecresse-the-arlesian-declarations-that-never-materialize\/\",\"name\":\"Val\u00e9rie P\u00e9cresse: the Arlesian declarations (that never materialize) - ContribCity\",\"isPartOf\":{\"@id\":\"https:\/\/contrib.city\/#website\"},\"primaryImageOfPage\":{\"@id\":\"https:\/\/contrib.city\/index.php\/en\/2022\/02\/06\/valerie-pecresse-the-arlesian-declarations-that-never-materialize\/#primaryimage\"},\"image\":{\"@id\":\"https:\/\/contrib.city\/index.php\/en\/2022\/02\/06\/valerie-pecresse-the-arlesian-declarations-that-never-materialize\/#primaryimage\"},\"thumbnailUrl\":\"https:\/\/contrib.city\/wp-content\/uploads\/2022\/01\/Page-couverture-programme-Valerie-Pecresse-3-scaled.jpg\",\"datePublished\":\"2022-02-06T17:38:36+00:00\",\"dateModified\":\"2022-02-06T18:33:35+00:00\",\"breadcrumb\":{\"@id\":\"https:\/\/contrib.city\/index.php\/en\/2022\/02\/06\/valerie-pecresse-the-arlesian-declarations-that-never-materialize\/#breadcrumb\"},\"inLanguage\":\"fr-FR\",\"potentialAction\":[{\"@type\":\"ReadAction\",\"target\":[\"https:\/\/contrib.city\/index.php\/en\/2022\/02\/06\/valerie-pecresse-the-arlesian-declarations-that-never-materialize\/\"]}]},{\"@type\":\"ImageObject\",\"inLanguage\":\"fr-FR\",\"@id\":\"https:\/\/contrib.city\/index.php\/en\/2022\/02\/06\/valerie-pecresse-the-arlesian-declarations-that-never-materialize\/#primaryimage\",\"url\":\"https:\/\/contrib.city\/wp-content\/uploads\/2022\/01\/Page-couverture-programme-Valerie-Pecresse-3-scaled.jpg\",\"contentUrl\":\"https:\/\/contrib.city\/wp-content\/uploads\/2022\/01\/Page-couverture-programme-Valerie-Pecresse-3-scaled.jpg\",\"width\":2560,\"height\":1424},{\"@type\":\"BreadcrumbList\",\"@id\":\"https:\/\/contrib.city\/index.php\/en\/2022\/02\/06\/valerie-pecresse-the-arlesian-declarations-that-never-materialize\/#breadcrumb\",\"itemListElement\":[{\"@type\":\"ListItem\",\"position\":1,\"name\":\"Home\",\"item\":\"https:\/\/contrib.city\/\"},{\"@type\":\"ListItem\",\"position\":2,\"name\":\"Val\u00e9rie P\u00e9cresse: the Arlesian declarations (that never materialize)\"}]},{\"@type\":\"WebSite\",\"@id\":\"https:\/\/contrib.city\/#website\",\"url\":\"https:\/\/contrib.city\/\",\"name\":\"ContribCity\",\"description\":\"Parlons de nos lieux de vie\",\"publisher\":{\"@id\":\"https:\/\/contrib.city\/#organization\"},\"potentialAction\":[{\"@type\":\"SearchAction\",\"target\":{\"@type\":\"EntryPoint\",\"urlTemplate\":\"https:\/\/contrib.city\/?s={search_term_string}\"},\"query-input\":{\"@type\":\"PropertyValueSpecification\",\"valueRequired\":true,\"valueName\":\"search_term_string\"}}],\"inLanguage\":\"fr-FR\"},{\"@type\":\"Organization\",\"@id\":\"https:\/\/contrib.city\/#organization\",\"name\":\"ContribCity\",\"url\":\"https:\/\/contrib.city\/\",\"logo\":{\"@type\":\"ImageObject\",\"inLanguage\":\"fr-FR\",\"@id\":\"https:\/\/contrib.city\/#\/schema\/logo\/image\/\",\"url\":\"https:\/\/contrib.city\/wp-content\/uploads\/2020\/01\/cropped-Parlons-de-nos-lieux-de-vie-2.jpg\",\"contentUrl\":\"https:\/\/contrib.city\/wp-content\/uploads\/2020\/01\/cropped-Parlons-de-nos-lieux-de-vie-2.jpg\",\"width\":1133,\"height\":218,\"caption\":\"ContribCity\"},\"image\":{\"@id\":\"https:\/\/contrib.city\/#\/schema\/logo\/image\/\"}},{\"@type\":\"Person\",\"@id\":\"https:\/\/contrib.city\/#\/schema\/person\/ec389c5a78a37ccaee4e8ce098099db5\",\"name\":\"Bertrand de Foucauld\",\"image\":{\"@type\":\"ImageObject\",\"inLanguage\":\"fr-FR\",\"@id\":\"https:\/\/secure.gravatar.com\/avatar\/c49e25550e4609092f7a00fb677a980813788778df987b36cad9b0fc85a8bf73?s=96&d=mm&r=g\",\"url\":\"https:\/\/secure.gravatar.com\/avatar\/c49e25550e4609092f7a00fb677a980813788778df987b36cad9b0fc85a8bf73?s=96&d=mm&r=g\",\"contentUrl\":\"https:\/\/secure.gravatar.com\/avatar\/c49e25550e4609092f7a00fb677a980813788778df987b36cad9b0fc85a8bf73?s=96&d=mm&r=g\",\"caption\":\"Bertrand de Foucauld\"},\"url\":\"https:\/\/contrib.city\/index.php\/author\/bertrand\/\"}]}<\/script>\n<!-- \/ Yoast SEO plugin. -->","yoast_head_json":{"title":"Val\u00e9rie P\u00e9cresse: the Arlesian declarations (that never materialize) - ContribCity","robots":{"index":"index","follow":"follow","max-snippet":"max-snippet:-1","max-image-preview":"max-image-preview:large","max-video-preview":"max-video-preview:-1"},"canonical":"https:\/\/contrib.city\/index.php\/en\/2022\/02\/06\/valerie-pecresse-the-arlesian-declarations-that-never-materialize\/","og_locale":"fr_FR","og_type":"article","og_title":"Val\u00e9rie P\u00e9cresse: the Arlesian declarations (that never materialize) - ContribCity","og_description":"On the 26th January 2022, an article from the Lib\u00e9ration French daily, titled \u2013 About the loose ends of the","og_url":"https:\/\/contrib.city\/index.php\/en\/2022\/02\/06\/valerie-pecresse-the-arlesian-declarations-that-never-materialize\/","og_site_name":"ContribCity","article_published_time":"2022-02-06T17:38:36+00:00","article_modified_time":"2022-02-06T18:33:35+00:00","og_image":[{"width":2560,"height":1424,"url":"https:\/\/contrib.city\/wp-content\/uploads\/2022\/01\/Page-couverture-programme-Valerie-Pecresse-3-scaled.jpg","type":"image\/jpeg"}],"author":"Bertrand de Foucauld","twitter_card":"summary_large_image","twitter_misc":{"\u00c9crit par":"Bertrand de Foucauld","Dur\u00e9e de lecture estim\u00e9e":"6 minutes"},"schema":{"@context":"https:\/\/schema.org","@graph":[{"@type":"Article","@id":"https:\/\/contrib.city\/index.php\/en\/2022\/02\/06\/valerie-pecresse-the-arlesian-declarations-that-never-materialize\/#article","isPartOf":{"@id":"https:\/\/contrib.city\/index.php\/en\/2022\/02\/06\/valerie-pecresse-the-arlesian-declarations-that-never-materialize\/"},"author":{"name":"Bertrand de Foucauld","@id":"https:\/\/contrib.city\/#\/schema\/person\/ec389c5a78a37ccaee4e8ce098099db5"},"headline":"Val\u00e9rie P\u00e9cresse: the Arlesian declarations (that never materialize)","datePublished":"2022-02-06T17:38:36+00:00","dateModified":"2022-02-06T18:33:35+00:00","mainEntityOfPage":{"@id":"https:\/\/contrib.city\/index.php\/en\/2022\/02\/06\/valerie-pecresse-the-arlesian-declarations-that-never-materialize\/"},"wordCount":1187,"commentCount":0,"publisher":{"@id":"https:\/\/contrib.city\/#organization"},"image":{"@id":"https:\/\/contrib.city\/index.php\/en\/2022\/02\/06\/valerie-pecresse-the-arlesian-declarations-that-never-materialize\/#primaryimage"},"thumbnailUrl":"https:\/\/contrib.city\/wp-content\/uploads\/2022\/01\/Page-couverture-programme-Valerie-Pecresse-3-scaled.jpg","articleSection":["Daily Life"],"inLanguage":"fr-FR","potentialAction":[{"@type":"CommentAction","name":"Comment","target":["https:\/\/contrib.city\/index.php\/en\/2022\/02\/06\/valerie-pecresse-the-arlesian-declarations-that-never-materialize\/#respond"]}]},{"@type":"WebPage","@id":"https:\/\/contrib.city\/index.php\/en\/2022\/02\/06\/valerie-pecresse-the-arlesian-declarations-that-never-materialize\/","url":"https:\/\/contrib.city\/index.php\/en\/2022\/02\/06\/valerie-pecresse-the-arlesian-declarations-that-never-materialize\/","name":"Val\u00e9rie P\u00e9cresse: the Arlesian declarations (that never materialize) - ContribCity","isPartOf":{"@id":"https:\/\/contrib.city\/#website"},"primaryImageOfPage":{"@id":"https:\/\/contrib.city\/index.php\/en\/2022\/02\/06\/valerie-pecresse-the-arlesian-declarations-that-never-materialize\/#primaryimage"},"image":{"@id":"https:\/\/contrib.city\/index.php\/en\/2022\/02\/06\/valerie-pecresse-the-arlesian-declarations-that-never-materialize\/#primaryimage"},"thumbnailUrl":"https:\/\/contrib.city\/wp-content\/uploads\/2022\/01\/Page-couverture-programme-Valerie-Pecresse-3-scaled.jpg","datePublished":"2022-02-06T17:38:36+00:00","dateModified":"2022-02-06T18:33:35+00:00","breadcrumb":{"@id":"https:\/\/contrib.city\/index.php\/en\/2022\/02\/06\/valerie-pecresse-the-arlesian-declarations-that-never-materialize\/#breadcrumb"},"inLanguage":"fr-FR","potentialAction":[{"@type":"ReadAction","target":["https:\/\/contrib.city\/index.php\/en\/2022\/02\/06\/valerie-pecresse-the-arlesian-declarations-that-never-materialize\/"]}]},{"@type":"ImageObject","inLanguage":"fr-FR","@id":"https:\/\/contrib.city\/index.php\/en\/2022\/02\/06\/valerie-pecresse-the-arlesian-declarations-that-never-materialize\/#primaryimage","url":"https:\/\/contrib.city\/wp-content\/uploads\/2022\/01\/Page-couverture-programme-Valerie-Pecresse-3-scaled.jpg","contentUrl":"https:\/\/contrib.city\/wp-content\/uploads\/2022\/01\/Page-couverture-programme-Valerie-Pecresse-3-scaled.jpg","width":2560,"height":1424},{"@type":"BreadcrumbList","@id":"https:\/\/contrib.city\/index.php\/en\/2022\/02\/06\/valerie-pecresse-the-arlesian-declarations-that-never-materialize\/#breadcrumb","itemListElement":[{"@type":"ListItem","position":1,"name":"Home","item":"https:\/\/contrib.city\/"},{"@type":"ListItem","position":2,"name":"Val\u00e9rie P\u00e9cresse: the Arlesian declarations (that never materialize)"}]},{"@type":"WebSite","@id":"https:\/\/contrib.city\/#website","url":"https:\/\/contrib.city\/","name":"ContribCity","description":"Parlons de nos lieux de vie","publisher":{"@id":"https:\/\/contrib.city\/#organization"},"potentialAction":[{"@type":"SearchAction","target":{"@type":"EntryPoint","urlTemplate":"https:\/\/contrib.city\/?s={search_term_string}"},"query-input":{"@type":"PropertyValueSpecification","valueRequired":true,"valueName":"search_term_string"}}],"inLanguage":"fr-FR"},{"@type":"Organization","@id":"https:\/\/contrib.city\/#organization","name":"ContribCity","url":"https:\/\/contrib.city\/","logo":{"@type":"ImageObject","inLanguage":"fr-FR","@id":"https:\/\/contrib.city\/#\/schema\/logo\/image\/","url":"https:\/\/contrib.city\/wp-content\/uploads\/2020\/01\/cropped-Parlons-de-nos-lieux-de-vie-2.jpg","contentUrl":"https:\/\/contrib.city\/wp-content\/uploads\/2020\/01\/cropped-Parlons-de-nos-lieux-de-vie-2.jpg","width":1133,"height":218,"caption":"ContribCity"},"image":{"@id":"https:\/\/contrib.city\/#\/schema\/logo\/image\/"}},{"@type":"Person","@id":"https:\/\/contrib.city\/#\/schema\/person\/ec389c5a78a37ccaee4e8ce098099db5","name":"Bertrand de Foucauld","image":{"@type":"ImageObject","inLanguage":"fr-FR","@id":"https:\/\/secure.gravatar.com\/avatar\/c49e25550e4609092f7a00fb677a980813788778df987b36cad9b0fc85a8bf73?s=96&d=mm&r=g","url":"https:\/\/secure.gravatar.com\/avatar\/c49e25550e4609092f7a00fb677a980813788778df987b36cad9b0fc85a8bf73?s=96&d=mm&r=g","contentUrl":"https:\/\/secure.gravatar.com\/avatar\/c49e25550e4609092f7a00fb677a980813788778df987b36cad9b0fc85a8bf73?s=96&d=mm&r=g","caption":"Bertrand de Foucauld"},"url":"https:\/\/contrib.city\/index.php\/author\/bertrand\/"}]}},"jetpack_featured_media_url":"https:\/\/contrib.city\/wp-content\/uploads\/2022\/01\/Page-couverture-programme-Valerie-Pecresse-3-scaled.jpg","jetpack_sharing_enabled":true,"post_mailing_queue_ids":[],"_links":{"self":[{"href":"https:\/\/contrib.city\/index.php\/wp-json\/wp\/v2\/posts\/8537","targetHints":{"allow":["GET"]}}],"collection":[{"href":"https:\/\/contrib.city\/index.php\/wp-json\/wp\/v2\/posts"}],"about":[{"href":"https:\/\/contrib.city\/index.php\/wp-json\/wp\/v2\/types\/post"}],"author":[{"embeddable":true,"href":"https:\/\/contrib.city\/index.php\/wp-json\/wp\/v2\/users\/1"}],"replies":[{"embeddable":true,"href":"https:\/\/contrib.city\/index.php\/wp-json\/wp\/v2\/comments?post=8537"}],"version-history":[{"count":7,"href":"https:\/\/contrib.city\/index.php\/wp-json\/wp\/v2\/posts\/8537\/revisions"}],"predecessor-version":[{"id":8544,"href":"https:\/\/contrib.city\/index.php\/wp-json\/wp\/v2\/posts\/8537\/revisions\/8544"}],"wp:featuredmedia":[{"embeddable":true,"href":"https:\/\/contrib.city\/index.php\/wp-json\/wp\/v2\/media\/8518"}],"wp:attachment":[{"href":"https:\/\/contrib.city\/index.php\/wp-json\/wp\/v2\/media?parent=8537"}],"wp:term":[{"taxonomy":"category","embeddable":true,"href":"https:\/\/contrib.city\/index.php\/wp-json\/wp\/v2\/categories?post=8537"},{"taxonomy":"post_tag","embeddable":true,"href":"https:\/\/contrib.city\/index.php\/wp-json\/wp\/v2\/tags?post=8537"}],"curies":[{"name":"wp","href":"https:\/\/api.w.org\/{rel}","templated":true}]}}