{"id":8629,"date":"2022-03-30T18:33:08","date_gmt":"2022-03-30T16:33:08","guid":{"rendered":"https:\/\/contrib.city\/?p=8629"},"modified":"2023-03-22T09:09:43","modified_gmt":"2023-03-22T08:09:43","slug":"hatvp-le-n1-de-letat-francais-mis-en-cause","status":"publish","type":"post","link":"https:\/\/contrib.city\/index.php\/2022\/03\/30\/hatvp-le-n1-de-letat-francais-mis-en-cause\/","title":{"rendered":"HATVP : le n\u00b01 de l&#8217;Etat fran\u00e7ais mis en cause?"},"content":{"rendered":"<p style=\"text-align: justify;\">On se souvient de l&#8217;article <a href=\"https:\/\/contrib.city\/index.php\/2021\/03\/17\/de-hautes-autorites-francaises-aiment-peu-la-haute-autorite\/\" target=\"_blank\" rel=\"noopener\">du 17 mars 2021<\/a> dans lequel Contrib&#8217;City d\u00e9montrait que les n\u00b0 2 et 3 de l&#8217;Etat n&#8217;avaient fait soit aucune d\u00e9claration d&#8217;int\u00e9r\u00eats \u00e0 la Haute autorit\u00e9 pour la transparence de la vie publique, soit une d\u00e9claration incompl\u00e8te. Le site de la HATVP indiquait, au 19 mars 2021, que G\u00e9rard Larcher, Pr\u00e9sident du S\u00e9nat, avait d\u00e9clar\u00e9, dans la rubrique <em>fonctions et mandats \u00e9lectifs exerc\u00e9s \u00e0 la date de l\u2019\u00e9lection ou de la nomination<\/em> : <em>N\u00e9ant<\/em>. Au 16 mars 2021, toujours selon la m\u00eame structure, Richard Ferrand, Pr\u00e9sident de l\u2019Assembl\u00e9e Nationale depuis le 12 septembre 2018, et troisi\u00e8me personnage de l\u2019Etat fran\u00e7ais, avait oubli\u00e9 d\u2019informer les Fran\u00e7ais que ses revenus, apr\u00e8s avoir \u00e9t\u00e9 \u00e9lu Pr\u00e9sident des d\u00e9put\u00e9s, \u00e9taient pass\u00e9s de 7239 \u20ac \u00e0 14.536 \u20ac bruts par mois.<\/p>\n<p style=\"text-align: justify;\">Contrib&#8217;City esp\u00e9rait que cela s&#8217;arr\u00eaterait l\u00e0 et que le chef de l&#8217;Etat montrait l&#8217;exemple.<\/p>\n<p style=\"text-align: justify;\">Pourtant, les journalistes Jean-Baptiste Rivoire et Gauthier Mesnier, dans <a href=\"https:\/\/www.off-investigation.fr\/ep-08-patrimoine-de-macron-ou-sont-passes-les-millions\/\" target=\"_blank\" rel=\"noopener\">leur article publi\u00e9 hier<\/a> sur le site off-investigation.fr, remettent en cause cette exemplarit\u00e9 : le chef de l&#8217;Etat fran\u00e7ais n&#8217;aurait d\u00e9clar\u00e9, en 2014, &#8220;que&#8221; 156.000 \u20ac<span class=\"footnote_referrer\"><a role=\"button\" tabindex=\"0\" onclick=\"footnote_moveToReference_8629_1('footnote_plugin_reference_8629_1_1');\" onkeypress=\"footnote_moveToReference_8629_1('footnote_plugin_reference_8629_1_1');\" ><sup id=\"footnote_plugin_tooltip_8629_1_1\" class=\"footnote_plugin_tooltip_text\">[1]<\/sup><\/a><span id=\"footnote_plugin_tooltip_text_8629_1_1\" class=\"footnote_tooltip\">beaucoup de Fran\u00e7ais aimeraient avoir cette somme sur leur compte en banque<\/span><\/span><script type=\"text\/javascript\"> jQuery('#footnote_plugin_tooltip_8629_1_1').tooltip({ tip: '#footnote_plugin_tooltip_text_8629_1_1', tipClass: 'footnote_tooltip', effect: 'fade', predelay: 0, fadeInSpeed: 200, delay: 400, fadeOutSpeed: 200, position: 'top right', relative: true, offset: [10, 10], });<\/script> de patrimoine \u00e0 la HATVP. Mais selon <a href=\"https:\/\/www.humanite.fr\/politique\/emmanuel-macron\/lenquete-qui-jette-le-soupcon-sur-le-patrimoine-demmanuel-macron-743752\" target=\"_blank\" rel=\"noopener\">G. Rivoire dans l&#8217;Humanit\u00e9<\/a>, le Chef de l&#8217;Etat fran\u00e7ais<em> aurait tr\u00e8s probablement touch\u00e9<\/em> e<em>ntre 5 et 10 millions de \u00ab\u2009b\u00e9n\u00e9fices industriels et commerciaux\u2009\u00bb<\/em> via la banque Rothschild, dans le cadre de la vente, en 2012, de la branche nutrition infantile de l&#8217;Am\u00e9ricain pharmaceutique mondial Pfizer au G\u00e9ant agro-alimentaire helv\u00e9tique Nestl\u00e9.<\/p>\n<p style=\"text-align: justify;\">A l&#8217;heure de la publication de cet article, le service Presse de Matignon, contact\u00e9 par t\u00e9l\u00e9phone et par courriel au sujet des informations relatives \u00e0 la d\u00e9claration du Chef de l&#8217;Ex\u00e9cutif \u00e0 la HATVP, n&#8217;a pas encore comment\u00e9 : ni infirmation, ni mod\u00e9ration, ni confirmation. Rappelons que le Premier Ministre assume la responsabilit\u00e9 de la Haute autorit\u00e9.<\/p>\n<p style=\"text-align: justify;\">Deux questions juridiques et une question \u00e9conomique se posent. La premi\u00e8re : les omissions pr\u00e9sum\u00e9es du Chef de l&#8217;Etat seraient-elles un d\u00e9lit fiscal? D&#8217;apr\u00e8s JB Rivoire, si le compte, situ\u00e9 \u00e0 l&#8217;Etranger, est sous un nom diff\u00e9rent du chef de l&#8217;Ex\u00e9cutif fran\u00e7ais, alors il n&#8217;y aurait pas de fraude au sens juridique du terme. Par contre, du point de vue politique, le champ de r\u00e9flexion s&#8217;ouvre beaucoup plus. L&#8217;autre question juridique qu&#8217;am\u00e8nent les r\u00e9v\u00e9lations d&#8217;Off Investigation est la responsabilit\u00e9 du Chef de l&#8217;Etat vis-\u00e0-vis de la Haute autorit\u00e9 pour la transparence de la vie publique, et ainsi, vis-\u00e0-vis des <a href=\"https:\/\/www.insee.fr\/fr\/statistiques\/5395043\" target=\"_blank\" rel=\"noopener\">47 millions d&#8217;\u00e9lecteurs fran\u00e7ais<\/a>. A titre de rappel, la loi du 11 octobre 2013 oblige les ministres et le Pr\u00e9sident de la R\u00e9publique \u00e0 d\u00e9clarer leurs int\u00e9r\u00eats et patrimoine.<\/p>\n<p style=\"text-align: justify;\">La troisi\u00e8me question est d&#8217;ordre \u00e9conomique : comment se fait-il que de nombreux \u00e9lus locaux, r\u00e9gionaux ou nationaux ne d\u00e9claraient pas ou partiellement leurs int\u00e9r\u00eats \u00e0 la HATVP? CC avait en effet d\u00e9montr\u00e9, dans ses articles des <a href=\"https:\/\/contrib.city\/index.php\/2021\/02\/25\/peu-de-hautes-autorites-yvelinoises-aiment-la-haute-autorite-pour-la-transparence-de-la-vie-publique\/\" target=\"_blank\" rel=\"noopener\">25 f\u00e9vrier 2021<\/a> et <a href=\"https:\/\/contrib.city\/index.php\/2022\/01\/27\/valerie-pecresse-les-declarations-arlesiennes\/?highlight=P%C3%A9cresse\" target=\"_blank\" rel=\"noopener\">27 janvier 2021<\/a>, que peu de hautes autorit\u00e9s yvelinoises se pliaient \u00e0 la Haute Autorit\u00e9 pour la transparence de la vie publique.<\/p>\n<p style=\"text-align: justify;\">Il s&#8217;est r\u00e9v\u00e9l\u00e9 que plusieurs des \u00e9lus mentionn\u00e9s ci-dessus jouissaient d&#8217;un patrimoine \u00e9gal ou sup\u00e9rieur \u00e0 un million d&#8217;euros. Si un \u00e9lu a fait de bonnes affaires avant d&#8217;entrer en politique, quel est le probl\u00e8me? Si ce politicien a la chance de faire partie d&#8217;une famille ais\u00e9e, o\u00f9 se trouve le souci (\u00e0 part le fait qu&#8217;il sera plus difficile pour lui de &#8220;jouer \u00e0 M\u00e8re Teresa&#8221;)? Si le chef de l&#8217;Etat a bien men\u00e9 des affaires quand il travaillait chez Rothschild, tant mieux! Il b\u00e9n\u00e9ficiera de plus de comp\u00e9tences pour affronter les dossiers de la R\u00e9publique.<\/p>\n<p style=\"text-align: justify;\">Mais, en fait, il existe un risque : le conflit d&#8217;int\u00e9r\u00eats. C&#8217;est pour cela que la Loi insiste sur la d\u00e9claration de ces derniers, afin que les \u00e9lecteurs puissent voter en toute connaissance de cause. C&#8217;est probablement pour cela aussi que les obligations de d\u00e9clarations \u00e0 la HATVP sont d&#8217;ordre p\u00e9nal.<\/p>\n<p style=\"text-align: justify;\">Les d\u00e9clarations fausses ou absentes soul\u00e8vent un d\u00e9bat : les imp\u00f4ts. Notre pays&nbsp; est confront\u00e9 \u00e0 l&#8217;un des plus forts taux de pr\u00e9l\u00e8vement fiscal en Europe (par exemple, les imp\u00f4ts locaux vont augmenter dans les Yvelines). Du coup, certains \u00e9lus sont tent\u00e9s de r\u00e9diger des d\u00e9clarations erron\u00e9es \u00e0 la HATVP. Peux-\u00eatre pouvons-nous utiliser cette question pour revoir de A \u00e0 Z l&#8217;ensemble de notre organisation publique? Puisque nous avons soulev\u00e9 le probl\u00e8me des imp\u00f4ts locaux, peut-\u00eatre pourrions-nous, au lieu d&#8217;augmenter les taxes locales, changer notre mille-feuilles territorial? Notre empilement de pr\u00e9l\u00e8vements fiscaux, et de strates en mati\u00e8re d&#8217;am\u00e9nagement du territoire, entra\u00eene de gros co\u00fbts de fonctionnement, dans un Etat d\u00e9j\u00e0 endett\u00e9 \u00e0 plus de deux fois son PIB et \u00e0 plus de quatre fois ses revenus annuels<span class=\"footnote_referrer\"><a role=\"button\" tabindex=\"0\" onclick=\"footnote_moveToReference_8629_1('footnote_plugin_reference_8629_1_2');\" onkeypress=\"footnote_moveToReference_8629_1('footnote_plugin_reference_8629_1_2');\" ><sup id=\"footnote_plugin_tooltip_8629_1_2\" class=\"footnote_plugin_tooltip_text\">[2]<\/sup><\/a><span id=\"footnote_plugin_tooltip_text_8629_1_2\" class=\"footnote_tooltip\">L&#8217;Etat fran\u00e7ais contr\u00f4le 56% du PIB<\/span><\/span><script type=\"text\/javascript\"> jQuery('#footnote_plugin_tooltip_8629_1_2').tooltip({ tip: '#footnote_plugin_tooltip_text_8629_1_2', tipClass: 'footnote_tooltip', effect: 'fade', predelay: 0, fadeInSpeed: 200, delay: 400, fadeOutSpeed: 200, position: 'top right', relative: true, offset: [10, 10], });<\/script>.<\/p>\n<p style=\"text-align: justify;\">Des solutions? Coupler davantage de transparence de la vie politique avec une diminution des d\u00e9penses publiques, gr\u00e2ce \u00e0 une meilleure gestion de nos territoires locaux et en laissant plus de libert\u00e9 aux cr\u00e9ateurs d&#8217;entreprises. Encourageons la cr\u00e9ation : elle repr\u00e9sente les emplois priv\u00e9s de demain!<\/p>\n<p>&nbsp;<\/p>\n<p>&nbsp;<\/p>\n<div class=\"speaker-mute footnotes_reference_container\"> <div class=\"footnote_container_prepare\"><p><span role=\"button\" tabindex=\"0\" class=\"footnote_reference_container_label pointer\" onclick=\"footnote_expand_collapse_reference_container_8629_1();\">R\u00e9f\u00e9rences<\/span><span role=\"button\" tabindex=\"0\" class=\"footnote_reference_container_collapse_button\" style=\"\" onclick=\"footnote_expand_collapse_reference_container_8629_1();\">[<a id=\"footnote_reference_container_collapse_button_8629_1\">+<\/a>]<\/span><\/p><\/div> <div id=\"footnote_references_container_8629_1\" style=\"display: none;\"><table class=\"footnotes_table footnote-reference-container\"><caption class=\"accessibility\">R\u00e9f\u00e9rences<\/caption> <tbody> \r\n\r\n<tr class=\"footnotes_plugin_reference_row\"> <th scope=\"row\" class=\"footnote_plugin_index_combi pointer\"  onclick=\"footnote_moveToAnchor_8629_1('footnote_plugin_tooltip_8629_1_1');\"><a id=\"footnote_plugin_reference_8629_1_1\" class=\"footnote_backlink\"><span class=\"footnote_index_arrow\">&#8593;<\/span>1<\/a><\/th> <td class=\"footnote_plugin_text\">beaucoup de Fran\u00e7ais aimeraient avoir cette somme sur leur compte en banque<\/td><\/tr>\r\n\r\n<tr class=\"footnotes_plugin_reference_row\"> <th scope=\"row\" class=\"footnote_plugin_index_combi pointer\"  onclick=\"footnote_moveToAnchor_8629_1('footnote_plugin_tooltip_8629_1_2');\"><a id=\"footnote_plugin_reference_8629_1_2\" class=\"footnote_backlink\"><span class=\"footnote_index_arrow\">&#8593;<\/span>2<\/a><\/th> <td class=\"footnote_plugin_text\">L&#8217;Etat fran\u00e7ais contr\u00f4le 56% du PIB<\/td><\/tr>\r\n\r\n <\/tbody> <\/table> <\/div><\/div><script type=\"text\/javascript\"> function footnote_expand_reference_container_8629_1() { jQuery('#footnote_references_container_8629_1').show(); jQuery('#footnote_reference_container_collapse_button_8629_1').text('\u2212'); } function footnote_collapse_reference_container_8629_1() { jQuery('#footnote_references_container_8629_1').hide(); jQuery('#footnote_reference_container_collapse_button_8629_1').text('+'); } function footnote_expand_collapse_reference_container_8629_1() { if (jQuery('#footnote_references_container_8629_1').is(':hidden')) { footnote_expand_reference_container_8629_1(); } else { footnote_collapse_reference_container_8629_1(); } } function footnote_moveToReference_8629_1(p_str_TargetID) { footnote_expand_reference_container_8629_1(); var l_obj_Target = jQuery('#' + p_str_TargetID); if (l_obj_Target.length) { jQuery( 'html, body' ).delay( 0 ); jQuery('html, body').animate({ scrollTop: l_obj_Target.offset().top - window.innerHeight * 0.2 }, 380); } } function footnote_moveToAnchor_8629_1(p_str_TargetID) { footnote_expand_reference_container_8629_1(); var l_obj_Target = jQuery('#' + p_str_TargetID); if (l_obj_Target.length) { jQuery( 'html, body' ).delay( 0 ); jQuery('html, body').animate({ scrollTop: l_obj_Target.offset().top - window.innerHeight * 0.2 }, 380); } }<\/script>","protected":false},"excerpt":{"rendered":"<p>On se souvient de l&#8217;article du 17 mars 2021 dans lequel Contrib&#8217;City d\u00e9montrait que les n\u00b0 2 et 3 de<\/p>\n","protected":false},"author":1,"featured_media":8637,"comment_status":"open","ping_status":"open","sticky":false,"template":"","format":"standard","meta":{"_acf_changed":false,"inline_featured_image":false,"_exactmetrics_skip_tracking":false,"_exactmetrics_sitenote_active":false,"_exactmetrics_sitenote_note":"","_exactmetrics_sitenote_category":0,"ngg_post_thumbnail":0,"_jetpack_memberships_contains_paid_content":false,"footnotes":""},"categories":[2],"tags":[],"class_list":["post-8629","post","type-post","status-publish","format-standard","has-post-thumbnail","hentry","category-commerce-fr"],"acf":[],"yoast_head":"<!-- This site is optimized with the Yoast SEO plugin v27.2 - https:\/\/yoast.com\/product\/yoast-seo-wordpress\/ -->\n<title>HATVP : le n\u00b01 de l&#039;Etat fran\u00e7ais mis en cause? - ContribCity<\/title>\n<meta name=\"robots\" content=\"index, follow, max-snippet:-1, max-image-preview:large, max-video-preview:-1\" \/>\n<link rel=\"canonical\" href=\"https:\/\/contrib.city\/index.php\/2022\/03\/30\/hatvp-le-n1-de-letat-francais-mis-en-cause\/\" \/>\n<meta property=\"og:locale\" content=\"fr_FR\" \/>\n<meta property=\"og:type\" content=\"article\" \/>\n<meta property=\"og:title\" content=\"HATVP : le n\u00b01 de l&#039;Etat fran\u00e7ais mis en cause? - ContribCity\" \/>\n<meta property=\"og:description\" content=\"On se souvient de l&#8217;article du 17 mars 2021 dans lequel Contrib&#8217;City d\u00e9montrait que les n\u00b0 2 et 3 de\" \/>\n<meta property=\"og:url\" content=\"https:\/\/contrib.city\/index.php\/2022\/03\/30\/hatvp-le-n1-de-letat-francais-mis-en-cause\/\" \/>\n<meta property=\"og:site_name\" content=\"ContribCity\" \/>\n<meta property=\"article:published_time\" content=\"2022-03-30T16:33:08+00:00\" \/>\n<meta property=\"article:modified_time\" content=\"2023-03-22T08:09:43+00:00\" \/>\n<meta property=\"og:image\" content=\"https:\/\/contrib.city\/wp-content\/uploads\/2022\/03\/Photo-2-Chef-de-lEtat.jpg\" \/>\n\t<meta property=\"og:image:width\" content=\"612\" \/>\n\t<meta property=\"og:image:height\" content=\"388\" \/>\n\t<meta property=\"og:image:type\" content=\"image\/jpeg\" \/>\n<meta name=\"author\" content=\"Bertrand de Foucauld\" \/>\n<meta name=\"twitter:card\" content=\"summary_large_image\" \/>\n<meta name=\"twitter:label1\" content=\"\u00c9crit par\" \/>\n\t<meta name=\"twitter:data1\" content=\"Bertrand de Foucauld\" \/>\n\t<meta name=\"twitter:label2\" content=\"Dur\u00e9e de lecture estim\u00e9e\" \/>\n\t<meta name=\"twitter:data2\" content=\"5 minutes\" \/>\n<script type=\"application\/ld+json\" class=\"yoast-schema-graph\">{\"@context\":\"https:\/\/schema.org\",\"@graph\":[{\"@type\":\"Article\",\"@id\":\"https:\/\/contrib.city\/index.php\/2022\/03\/30\/hatvp-le-n1-de-letat-francais-mis-en-cause\/#article\",\"isPartOf\":{\"@id\":\"https:\/\/contrib.city\/index.php\/2022\/03\/30\/hatvp-le-n1-de-letat-francais-mis-en-cause\/\"},\"author\":{\"name\":\"Bertrand de Foucauld\",\"@id\":\"https:\/\/contrib.city\/#\/schema\/person\/ec389c5a78a37ccaee4e8ce098099db5\"},\"headline\":\"HATVP : le n\u00b01 de l&#8217;Etat fran\u00e7ais mis en cause?\",\"datePublished\":\"2022-03-30T16:33:08+00:00\",\"dateModified\":\"2023-03-22T08:09:43+00:00\",\"mainEntityOfPage\":{\"@id\":\"https:\/\/contrib.city\/index.php\/2022\/03\/30\/hatvp-le-n1-de-letat-francais-mis-en-cause\/\"},\"wordCount\":946,\"commentCount\":4,\"publisher\":{\"@id\":\"https:\/\/contrib.city\/#organization\"},\"image\":{\"@id\":\"https:\/\/contrib.city\/index.php\/2022\/03\/30\/hatvp-le-n1-de-letat-francais-mis-en-cause\/#primaryimage\"},\"thumbnailUrl\":\"https:\/\/contrib.city\/wp-content\/uploads\/2022\/03\/Photo-2-Chef-de-lEtat.jpg\",\"articleSection\":[\"Vie quotidienne\"],\"inLanguage\":\"fr-FR\",\"potentialAction\":[{\"@type\":\"CommentAction\",\"name\":\"Comment\",\"target\":[\"https:\/\/contrib.city\/index.php\/2022\/03\/30\/hatvp-le-n1-de-letat-francais-mis-en-cause\/#respond\"]}]},{\"@type\":\"WebPage\",\"@id\":\"https:\/\/contrib.city\/index.php\/2022\/03\/30\/hatvp-le-n1-de-letat-francais-mis-en-cause\/\",\"url\":\"https:\/\/contrib.city\/index.php\/2022\/03\/30\/hatvp-le-n1-de-letat-francais-mis-en-cause\/\",\"name\":\"HATVP : le n\u00b01 de l'Etat fran\u00e7ais mis en cause? - ContribCity\",\"isPartOf\":{\"@id\":\"https:\/\/contrib.city\/#website\"},\"primaryImageOfPage\":{\"@id\":\"https:\/\/contrib.city\/index.php\/2022\/03\/30\/hatvp-le-n1-de-letat-francais-mis-en-cause\/#primaryimage\"},\"image\":{\"@id\":\"https:\/\/contrib.city\/index.php\/2022\/03\/30\/hatvp-le-n1-de-letat-francais-mis-en-cause\/#primaryimage\"},\"thumbnailUrl\":\"https:\/\/contrib.city\/wp-content\/uploads\/2022\/03\/Photo-2-Chef-de-lEtat.jpg\",\"datePublished\":\"2022-03-30T16:33:08+00:00\",\"dateModified\":\"2023-03-22T08:09:43+00:00\",\"breadcrumb\":{\"@id\":\"https:\/\/contrib.city\/index.php\/2022\/03\/30\/hatvp-le-n1-de-letat-francais-mis-en-cause\/#breadcrumb\"},\"inLanguage\":\"fr-FR\",\"potentialAction\":[{\"@type\":\"ReadAction\",\"target\":[\"https:\/\/contrib.city\/index.php\/2022\/03\/30\/hatvp-le-n1-de-letat-francais-mis-en-cause\/\"]}]},{\"@type\":\"ImageObject\",\"inLanguage\":\"fr-FR\",\"@id\":\"https:\/\/contrib.city\/index.php\/2022\/03\/30\/hatvp-le-n1-de-letat-francais-mis-en-cause\/#primaryimage\",\"url\":\"https:\/\/contrib.city\/wp-content\/uploads\/2022\/03\/Photo-2-Chef-de-lEtat.jpg\",\"contentUrl\":\"https:\/\/contrib.city\/wp-content\/uploads\/2022\/03\/Photo-2-Chef-de-lEtat.jpg\",\"width\":612,\"height\":388,\"caption\":\"vector illustration of France flag\"},{\"@type\":\"BreadcrumbList\",\"@id\":\"https:\/\/contrib.city\/index.php\/2022\/03\/30\/hatvp-le-n1-de-letat-francais-mis-en-cause\/#breadcrumb\",\"itemListElement\":[{\"@type\":\"ListItem\",\"position\":1,\"name\":\"Home\",\"item\":\"https:\/\/contrib.city\/\"},{\"@type\":\"ListItem\",\"position\":2,\"name\":\"HATVP : le n\u00b01 de l&#8217;Etat fran\u00e7ais mis en cause?\"}]},{\"@type\":\"WebSite\",\"@id\":\"https:\/\/contrib.city\/#website\",\"url\":\"https:\/\/contrib.city\/\",\"name\":\"ContribCity\",\"description\":\"Parlons de nos lieux de vie\",\"publisher\":{\"@id\":\"https:\/\/contrib.city\/#organization\"},\"potentialAction\":[{\"@type\":\"SearchAction\",\"target\":{\"@type\":\"EntryPoint\",\"urlTemplate\":\"https:\/\/contrib.city\/?s={search_term_string}\"},\"query-input\":{\"@type\":\"PropertyValueSpecification\",\"valueRequired\":true,\"valueName\":\"search_term_string\"}}],\"inLanguage\":\"fr-FR\"},{\"@type\":\"Organization\",\"@id\":\"https:\/\/contrib.city\/#organization\",\"name\":\"ContribCity\",\"url\":\"https:\/\/contrib.city\/\",\"logo\":{\"@type\":\"ImageObject\",\"inLanguage\":\"fr-FR\",\"@id\":\"https:\/\/contrib.city\/#\/schema\/logo\/image\/\",\"url\":\"https:\/\/contrib.city\/wp-content\/uploads\/2020\/01\/cropped-Parlons-de-nos-lieux-de-vie-2.jpg\",\"contentUrl\":\"https:\/\/contrib.city\/wp-content\/uploads\/2020\/01\/cropped-Parlons-de-nos-lieux-de-vie-2.jpg\",\"width\":1133,\"height\":218,\"caption\":\"ContribCity\"},\"image\":{\"@id\":\"https:\/\/contrib.city\/#\/schema\/logo\/image\/\"}},{\"@type\":\"Person\",\"@id\":\"https:\/\/contrib.city\/#\/schema\/person\/ec389c5a78a37ccaee4e8ce098099db5\",\"name\":\"Bertrand de Foucauld\",\"image\":{\"@type\":\"ImageObject\",\"inLanguage\":\"fr-FR\",\"@id\":\"https:\/\/secure.gravatar.com\/avatar\/c49e25550e4609092f7a00fb677a980813788778df987b36cad9b0fc85a8bf73?s=96&d=mm&r=g\",\"url\":\"https:\/\/secure.gravatar.com\/avatar\/c49e25550e4609092f7a00fb677a980813788778df987b36cad9b0fc85a8bf73?s=96&d=mm&r=g\",\"contentUrl\":\"https:\/\/secure.gravatar.com\/avatar\/c49e25550e4609092f7a00fb677a980813788778df987b36cad9b0fc85a8bf73?s=96&d=mm&r=g\",\"caption\":\"Bertrand de Foucauld\"},\"url\":\"https:\/\/contrib.city\/index.php\/author\/bertrand\/\"}]}<\/script>\n<!-- \/ Yoast SEO plugin. -->","yoast_head_json":{"title":"HATVP : le n\u00b01 de l'Etat fran\u00e7ais mis en cause? - ContribCity","robots":{"index":"index","follow":"follow","max-snippet":"max-snippet:-1","max-image-preview":"max-image-preview:large","max-video-preview":"max-video-preview:-1"},"canonical":"https:\/\/contrib.city\/index.php\/2022\/03\/30\/hatvp-le-n1-de-letat-francais-mis-en-cause\/","og_locale":"fr_FR","og_type":"article","og_title":"HATVP : le n\u00b01 de l'Etat fran\u00e7ais mis en cause? - ContribCity","og_description":"On se souvient de l&#8217;article du 17 mars 2021 dans lequel Contrib&#8217;City d\u00e9montrait que les n\u00b0 2 et 3 de","og_url":"https:\/\/contrib.city\/index.php\/2022\/03\/30\/hatvp-le-n1-de-letat-francais-mis-en-cause\/","og_site_name":"ContribCity","article_published_time":"2022-03-30T16:33:08+00:00","article_modified_time":"2023-03-22T08:09:43+00:00","og_image":[{"width":612,"height":388,"url":"https:\/\/contrib.city\/wp-content\/uploads\/2022\/03\/Photo-2-Chef-de-lEtat.jpg","type":"image\/jpeg"}],"author":"Bertrand de Foucauld","twitter_card":"summary_large_image","twitter_misc":{"\u00c9crit par":"Bertrand de Foucauld","Dur\u00e9e de lecture estim\u00e9e":"5 minutes"},"schema":{"@context":"https:\/\/schema.org","@graph":[{"@type":"Article","@id":"https:\/\/contrib.city\/index.php\/2022\/03\/30\/hatvp-le-n1-de-letat-francais-mis-en-cause\/#article","isPartOf":{"@id":"https:\/\/contrib.city\/index.php\/2022\/03\/30\/hatvp-le-n1-de-letat-francais-mis-en-cause\/"},"author":{"name":"Bertrand de Foucauld","@id":"https:\/\/contrib.city\/#\/schema\/person\/ec389c5a78a37ccaee4e8ce098099db5"},"headline":"HATVP : le n\u00b01 de l&#8217;Etat fran\u00e7ais mis en cause?","datePublished":"2022-03-30T16:33:08+00:00","dateModified":"2023-03-22T08:09:43+00:00","mainEntityOfPage":{"@id":"https:\/\/contrib.city\/index.php\/2022\/03\/30\/hatvp-le-n1-de-letat-francais-mis-en-cause\/"},"wordCount":946,"commentCount":4,"publisher":{"@id":"https:\/\/contrib.city\/#organization"},"image":{"@id":"https:\/\/contrib.city\/index.php\/2022\/03\/30\/hatvp-le-n1-de-letat-francais-mis-en-cause\/#primaryimage"},"thumbnailUrl":"https:\/\/contrib.city\/wp-content\/uploads\/2022\/03\/Photo-2-Chef-de-lEtat.jpg","articleSection":["Vie quotidienne"],"inLanguage":"fr-FR","potentialAction":[{"@type":"CommentAction","name":"Comment","target":["https:\/\/contrib.city\/index.php\/2022\/03\/30\/hatvp-le-n1-de-letat-francais-mis-en-cause\/#respond"]}]},{"@type":"WebPage","@id":"https:\/\/contrib.city\/index.php\/2022\/03\/30\/hatvp-le-n1-de-letat-francais-mis-en-cause\/","url":"https:\/\/contrib.city\/index.php\/2022\/03\/30\/hatvp-le-n1-de-letat-francais-mis-en-cause\/","name":"HATVP : le n\u00b01 de l'Etat fran\u00e7ais mis en cause? - ContribCity","isPartOf":{"@id":"https:\/\/contrib.city\/#website"},"primaryImageOfPage":{"@id":"https:\/\/contrib.city\/index.php\/2022\/03\/30\/hatvp-le-n1-de-letat-francais-mis-en-cause\/#primaryimage"},"image":{"@id":"https:\/\/contrib.city\/index.php\/2022\/03\/30\/hatvp-le-n1-de-letat-francais-mis-en-cause\/#primaryimage"},"thumbnailUrl":"https:\/\/contrib.city\/wp-content\/uploads\/2022\/03\/Photo-2-Chef-de-lEtat.jpg","datePublished":"2022-03-30T16:33:08+00:00","dateModified":"2023-03-22T08:09:43+00:00","breadcrumb":{"@id":"https:\/\/contrib.city\/index.php\/2022\/03\/30\/hatvp-le-n1-de-letat-francais-mis-en-cause\/#breadcrumb"},"inLanguage":"fr-FR","potentialAction":[{"@type":"ReadAction","target":["https:\/\/contrib.city\/index.php\/2022\/03\/30\/hatvp-le-n1-de-letat-francais-mis-en-cause\/"]}]},{"@type":"ImageObject","inLanguage":"fr-FR","@id":"https:\/\/contrib.city\/index.php\/2022\/03\/30\/hatvp-le-n1-de-letat-francais-mis-en-cause\/#primaryimage","url":"https:\/\/contrib.city\/wp-content\/uploads\/2022\/03\/Photo-2-Chef-de-lEtat.jpg","contentUrl":"https:\/\/contrib.city\/wp-content\/uploads\/2022\/03\/Photo-2-Chef-de-lEtat.jpg","width":612,"height":388,"caption":"vector illustration of France flag"},{"@type":"BreadcrumbList","@id":"https:\/\/contrib.city\/index.php\/2022\/03\/30\/hatvp-le-n1-de-letat-francais-mis-en-cause\/#breadcrumb","itemListElement":[{"@type":"ListItem","position":1,"name":"Home","item":"https:\/\/contrib.city\/"},{"@type":"ListItem","position":2,"name":"HATVP : le n\u00b01 de l&#8217;Etat fran\u00e7ais mis en cause?"}]},{"@type":"WebSite","@id":"https:\/\/contrib.city\/#website","url":"https:\/\/contrib.city\/","name":"ContribCity","description":"Parlons de nos lieux de vie","publisher":{"@id":"https:\/\/contrib.city\/#organization"},"potentialAction":[{"@type":"SearchAction","target":{"@type":"EntryPoint","urlTemplate":"https:\/\/contrib.city\/?s={search_term_string}"},"query-input":{"@type":"PropertyValueSpecification","valueRequired":true,"valueName":"search_term_string"}}],"inLanguage":"fr-FR"},{"@type":"Organization","@id":"https:\/\/contrib.city\/#organization","name":"ContribCity","url":"https:\/\/contrib.city\/","logo":{"@type":"ImageObject","inLanguage":"fr-FR","@id":"https:\/\/contrib.city\/#\/schema\/logo\/image\/","url":"https:\/\/contrib.city\/wp-content\/uploads\/2020\/01\/cropped-Parlons-de-nos-lieux-de-vie-2.jpg","contentUrl":"https:\/\/contrib.city\/wp-content\/uploads\/2020\/01\/cropped-Parlons-de-nos-lieux-de-vie-2.jpg","width":1133,"height":218,"caption":"ContribCity"},"image":{"@id":"https:\/\/contrib.city\/#\/schema\/logo\/image\/"}},{"@type":"Person","@id":"https:\/\/contrib.city\/#\/schema\/person\/ec389c5a78a37ccaee4e8ce098099db5","name":"Bertrand de Foucauld","image":{"@type":"ImageObject","inLanguage":"fr-FR","@id":"https:\/\/secure.gravatar.com\/avatar\/c49e25550e4609092f7a00fb677a980813788778df987b36cad9b0fc85a8bf73?s=96&d=mm&r=g","url":"https:\/\/secure.gravatar.com\/avatar\/c49e25550e4609092f7a00fb677a980813788778df987b36cad9b0fc85a8bf73?s=96&d=mm&r=g","contentUrl":"https:\/\/secure.gravatar.com\/avatar\/c49e25550e4609092f7a00fb677a980813788778df987b36cad9b0fc85a8bf73?s=96&d=mm&r=g","caption":"Bertrand de Foucauld"},"url":"https:\/\/contrib.city\/index.php\/author\/bertrand\/"}]}},"jetpack_featured_media_url":"https:\/\/contrib.city\/wp-content\/uploads\/2022\/03\/Photo-2-Chef-de-lEtat.jpg","jetpack_sharing_enabled":true,"post_mailing_queue_ids":[],"_links":{"self":[{"href":"https:\/\/contrib.city\/index.php\/wp-json\/wp\/v2\/posts\/8629","targetHints":{"allow":["GET"]}}],"collection":[{"href":"https:\/\/contrib.city\/index.php\/wp-json\/wp\/v2\/posts"}],"about":[{"href":"https:\/\/contrib.city\/index.php\/wp-json\/wp\/v2\/types\/post"}],"author":[{"embeddable":true,"href":"https:\/\/contrib.city\/index.php\/wp-json\/wp\/v2\/users\/1"}],"replies":[{"embeddable":true,"href":"https:\/\/contrib.city\/index.php\/wp-json\/wp\/v2\/comments?post=8629"}],"version-history":[{"count":11,"href":"https:\/\/contrib.city\/index.php\/wp-json\/wp\/v2\/posts\/8629\/revisions"}],"predecessor-version":[{"id":8633,"href":"https:\/\/contrib.city\/index.php\/wp-json\/wp\/v2\/posts\/8629\/revisions\/8633"}],"wp:featuredmedia":[{"embeddable":true,"href":"https:\/\/contrib.city\/index.php\/wp-json\/wp\/v2\/media\/8637"}],"wp:attachment":[{"href":"https:\/\/contrib.city\/index.php\/wp-json\/wp\/v2\/media?parent=8629"}],"wp:term":[{"taxonomy":"category","embeddable":true,"href":"https:\/\/contrib.city\/index.php\/wp-json\/wp\/v2\/categories?post=8629"},{"taxonomy":"post_tag","embeddable":true,"href":"https:\/\/contrib.city\/index.php\/wp-json\/wp\/v2\/tags?post=8629"}],"curies":[{"name":"wp","href":"https:\/\/api.w.org\/{rel}","templated":true}]}}