{"id":8647,"date":"2022-04-02T16:58:20","date_gmt":"2022-04-02T14:58:20","guid":{"rendered":"https:\/\/contrib.city\/?p=8647"},"modified":"2022-04-02T17:30:29","modified_gmt":"2022-04-02T15:30:29","slug":"hatvp-the-number-one-of-the-french-state-to-question","status":"publish","type":"post","link":"https:\/\/contrib.city\/index.php\/en\/2022\/04\/02\/hatvp-the-number-one-of-the-french-state-to-question\/","title":{"rendered":"HATVP: Is the Number One of the French State Implicated?"},"content":{"rendered":"<p style=\"text-align: justify;\"><span style=\"color: #222222;\">Recall the article, of 17 March 2021, in which Contrib\u2019city showed that the Number Two and the Number Three of the State had either made no or incomplete declaration of interests to the High Authority for Transparency in Public Life. The HATVP site indicates, on 19 March 2021, that G\u00e9rard Larcher, President of the Senate, had declared, in the section of \u2018Elected Functions and Positions held at the time of the election or of the nomination for the election\u2019: Nothing. On 16 March 2021, always according to the same structure \/ in the same way, Richard Ferrant, President of the National Assembly since 12 september 2018, and Number Three of the French State, had forgotten to inform the French that his revenues, after having been elected as the President of the Deputies, had increased from 7,239 to 14,536 gross euros per month.<\/span><\/p>\n<p style=\"text-align: justify;\"><span style=\"color: #222222;\">Contrib\u2019City hoped that this would stop there and that the Head of the State would be an example.<\/span><\/p>\n<p style=\"text-align: justify;\"><span style=\"color: #222222;\">However, journalists Jean-Baptiste Rivoire and Gauthier Mesnier, in their article published yesterday on the site <\/span><span style=\"color: #1155cc;\"><u><a href=\"http:\/\/off-investigation.fr\/\">off-investigation.fr<\/a><\/u><\/span><span style=\"color: #222222;\">, called this exemplarity into question: the Chief of the French State had <\/span><span style=\"color: #222222;\">declared, in 2014, \u2019only\u2019 156,000 euros (many French people would like to have this amount in their bank account) of wealth to the HATVP. But according to G. Rivoire in the <a href=\"https:\/\/www.humanite.fr\/politique\/emmanuel-macron\/l-enquete-qui-jette-le-soupcon-sur-le-patrimoine-d-emmanuel-macron-743752\" target=\"_blank\" rel=\"noopener\"><em>l&#8217;Humanit\u00e9<\/em> French daily<\/a>, the French Head had most probably made between 5 and 10 millions of \u2018industrial and commercial profits\u2019 via the bank Rothschild, in the context of the sale, in 2012, of the infant nutrition branch of the global American pharmaceutical, Pfizer, to the Swiss agro-food giant Nestl\u00e9.<\/span><\/p>\n<p style=\"text-align: justify;\"><span style=\"color: #222222;\">At the time of the publication of this article, <\/span>the official press service of the French government<span style=\"color: #222222;\">, contacted by telephone and by email on the issue of the declaration of the Executive\u2019s Head to the HATVP, had not yet commented: neither any information, nor any moderation, nor any confirmation. Remember that the Prime Minister assumes the responsibility of the High Authority.<\/span><\/p>\n<p style=\"text-align: justify;\"><span style=\"color: #222222;\">Two juridical questions and an economic question arise. The first: would the alleged omissions by the Head of the State be <\/span><span style=\"color: #222222;\">considered<\/span><span style=\"color: #222222;\"> a tax offense? According to JB Rivoire, if the account, located abroad, is under a different name from that of the Head of the French Executive, then no fraud has been committed in the juridical sense. By contrast, from a political point of view, the scope of discussion expands even more. The other legal question, brought about by the revelations of the Off Investigation website, is the responsibility of the Head of the State, vis-a-vis the High Authority for transparency in public life, and thus, vis-a-vis the 47 million French electors. A point to keep in mind, the Law of 11th October 2013 necessitates for the ministers and the President of the Republic to declare their assets and wealth.<\/span><\/p>\n<p style=\"text-align: justify;\"><span style=\"color: #222222;\">The third question is from the economic front: how come numerous local, regional and national representatives do not declare at all (or partially) their assets to the HATVP? CC had, in fact, demonstrated, in its article of 25 february 2021 and of 27 january 2021, that only a few Yvelinoise high authorities <\/span><span style=\"color: #222222;\">complied with<\/span><span style=\"color: #222222;\"> the High Authority for transparency in public life.<\/span><\/p>\n<p style=\"text-align: justify;\"><span style=\"color: #222222;\">It revealed that several aforementioned elected officials benefit<\/span><span style=\"color: #222222;\">ed<\/span><span style=\"color: #222222;\"> from a wealth equivalent to or more than a value of a million euros. If an elected official got a good deal before entering politics, what is the problem? If this politician had the luck to be a part of an affluent family, <\/span><span style=\"color: #222222;\">what is it to worry about <\/span><span style=\"color: #222222;\">(aside from the fact that it is going to be more difficult for him to \u2018play Mother Teresa\u2019)? If the head of the State had conducted the business well when he <\/span><span style=\"color: #222222;\">was <\/span><span style=\"color: #222222;\">work<\/span><span style=\"color: #222222;\">ing<\/span> <span style=\"color: #222222;\">for<\/span> <span style=\"color: #222222;\">the <\/span><span style=\"color: #222222;\">Rothschild <\/span><span style=\"color: #222222;\">bank<\/span><span style=\"color: #222222;\">, all the better! He will benefit from<\/span><span style=\"color: #222222;\"> greater skills in addressing the problems of the Republic. <\/span><\/p>\n<p style=\"text-align: justify;\">But in fact, there remains a risk: the conflict of interests. The Law, because of that, insists on the declarations of the latter, so that the electors could vote with full knowledge of facts. This is probably why obligations of declarations to the HATVP are of penal nature.<\/p>\n<p style=\"text-align: justify;\"><span style=\"color: #222222;\">The false or absent declarations raise a debate: the taxes. Our country is confronted by one of the highest tax rates in Europe (for example, the local tax rates are going to increase in Yvelines). Consequently, certain elected representatives are tempted to <\/span><span style=\"color: #222222;\">write<\/span><span style=\"color: #222222;\"> erroneous declarations to the HATVP. Perhaps, can we utilize this question to review the A-Z of our entire public organization? Because we have raised the issue of local taxation, perhaps should we, in place of increasing local taxes, change our <\/span><span style=\"color: #222222;\">territorial organizational intricacies?<\/span><span style=\"color: #222222;\"> Our piling up of tax<\/span><span style=\"color: #222222;\">es<\/span><span style=\"color: #222222;\"> and of land use planning strata, lead to high operation costs, in a state which is already indebted with an amount more than twice <\/span><span style=\"color: #222222;\">its<\/span><span style=\"color: #222222;\"> GDP and more than four times <\/span><span style=\"color: #222222;\">its<\/span><span style=\"color: #222222;\"> annual revenues (The French State control<\/span><span style=\"color: #222222;\">ed<\/span><span style=\"color: #222222;\"> 5<\/span><span style=\"color: #222222;\">9,<\/span><span style=\"color: #222222;\">2<\/span><span style=\"color: #222222;\">% of the GDP <\/span><span style=\"color: #222222;\">in 2021<span class=\"footnote_referrer\"><a role=\"button\" tabindex=\"0\" onclick=\"footnote_moveToReference_8647_1('footnote_plugin_reference_8647_1_1');\" onkeypress=\"footnote_moveToReference_8647_1('footnote_plugin_reference_8647_1_1');\" ><sup id=\"footnote_plugin_tooltip_8647_1_1\" class=\"footnote_plugin_tooltip_text\">[1]<\/sup><\/a><span id=\"footnote_plugin_tooltip_text_8647_1_1\" class=\"footnote_tooltip\">(against 61,4% in 2020 and 55,4 in 2019. Source : Figaro Economie.<\/span><\/span><script type=\"text\/javascript\"> jQuery('#footnote_plugin_tooltip_8647_1_1').tooltip({ tip: '#footnote_plugin_tooltip_text_8647_1_1', tipClass: 'footnote_tooltip', effect: 'fade', predelay: 0, fadeInSpeed: 200, delay: 400, fadeOutSpeed: 200, position: 'top right', relative: true, offset: [10, 10], });<\/script><\/span><span style=\"color: #222222;\">).<\/span><\/p>\n<p style=\"text-align: justify;\"><span style=\"color: #222222;\">Solution? Coupling the advantage of transparency in political life with a reduction in public expenditures, thanks to a better management of our local territories while leaving more liberty to the business start-ups and entrepreneurs. Foster the establishment: it provides the private jobs of tomorrow!<\/span><\/p>\n<p style=\"text-align: justify;\"><em>(Cover image: the French Flag with, over it, the HATVP letters, meaning<\/em> Haute Autorit\u00e9 pour la transparence de la vie publique <em>or<\/em> <a href=\"https:\/\/www.hatvp.fr\/en\" target=\"_blank\" rel=\"noopener\">High Authority for Transparency in Public Life<\/a><em>.)<\/em><\/p>\n<p style=\"text-align: justify;\">Translation: Vidhi Taparia, B. de Foucauld.<\/p>\n<div class=\"speaker-mute footnotes_reference_container\"> <div class=\"footnote_container_prepare\"><p><span role=\"button\" tabindex=\"0\" class=\"footnote_reference_container_label pointer\" onclick=\"footnote_expand_collapse_reference_container_8647_1();\">R\u00e9f\u00e9rences<\/span><span role=\"button\" tabindex=\"0\" class=\"footnote_reference_container_collapse_button\" style=\"\" onclick=\"footnote_expand_collapse_reference_container_8647_1();\">[<a id=\"footnote_reference_container_collapse_button_8647_1\">+<\/a>]<\/span><\/p><\/div> <div id=\"footnote_references_container_8647_1\" style=\"display: none;\"><table class=\"footnotes_table footnote-reference-container\"><caption class=\"accessibility\">R\u00e9f\u00e9rences<\/caption> <tbody> \r\n\r\n<tr class=\"footnotes_plugin_reference_row\"> <th scope=\"row\" class=\"footnote_plugin_index_combi pointer\"  onclick=\"footnote_moveToAnchor_8647_1('footnote_plugin_tooltip_8647_1_1');\"><a id=\"footnote_plugin_reference_8647_1_1\" class=\"footnote_backlink\"><span class=\"footnote_index_arrow\">&#8593;<\/span>1<\/a><\/th> <td class=\"footnote_plugin_text\">(against 61,4% in 2020 and 55,4 in 2019. Source : Figaro Economie.<\/td><\/tr>\r\n\r\n <\/tbody> <\/table> <\/div><\/div><script type=\"text\/javascript\"> function footnote_expand_reference_container_8647_1() { jQuery('#footnote_references_container_8647_1').show(); jQuery('#footnote_reference_container_collapse_button_8647_1').text('\u2212'); } function footnote_collapse_reference_container_8647_1() { jQuery('#footnote_references_container_8647_1').hide(); jQuery('#footnote_reference_container_collapse_button_8647_1').text('+'); } function footnote_expand_collapse_reference_container_8647_1() { if (jQuery('#footnote_references_container_8647_1').is(':hidden')) { footnote_expand_reference_container_8647_1(); } else { footnote_collapse_reference_container_8647_1(); } } function footnote_moveToReference_8647_1(p_str_TargetID) { footnote_expand_reference_container_8647_1(); var l_obj_Target = jQuery('#' + p_str_TargetID); if (l_obj_Target.length) { jQuery( 'html, body' ).delay( 0 ); jQuery('html, body').animate({ scrollTop: l_obj_Target.offset().top - window.innerHeight * 0.2 }, 380); } } function footnote_moveToAnchor_8647_1(p_str_TargetID) { footnote_expand_reference_container_8647_1(); var l_obj_Target = jQuery('#' + p_str_TargetID); if (l_obj_Target.length) { jQuery( 'html, body' ).delay( 0 ); jQuery('html, body').animate({ scrollTop: l_obj_Target.offset().top - window.innerHeight * 0.2 }, 380); } }<\/script>","protected":false},"excerpt":{"rendered":"<p>Recall the article, of 17 March 2021, in which Contrib\u2019city showed that the Number Two and the Number Three of<\/p>\n","protected":false},"author":1,"featured_media":8637,"comment_status":"open","ping_status":"open","sticky":false,"template":"","format":"standard","meta":{"_acf_changed":false,"inline_featured_image":false,"_exactmetrics_skip_tracking":false,"_exactmetrics_sitenote_active":false,"_exactmetrics_sitenote_note":"","_exactmetrics_sitenote_category":0,"ngg_post_thumbnail":0,"_jetpack_memberships_contains_paid_content":false,"footnotes":""},"categories":[32],"tags":[],"class_list":["post-8647","post","type-post","status-publish","format-standard","has-post-thumbnail","hentry","category-commerce-en"],"acf":[],"yoast_head":"<!-- This site is optimized with the Yoast SEO plugin v27.2 - https:\/\/yoast.com\/product\/yoast-seo-wordpress\/ -->\n<title>HATVP: Is the Number One of the French State Implicated? - ContribCity<\/title>\n<meta name=\"robots\" content=\"index, follow, max-snippet:-1, max-image-preview:large, max-video-preview:-1\" \/>\n<link rel=\"canonical\" href=\"https:\/\/contrib.city\/index.php\/en\/2022\/04\/02\/hatvp-the-number-one-of-the-french-state-to-question\/\" \/>\n<meta property=\"og:locale\" content=\"fr_FR\" \/>\n<meta property=\"og:type\" content=\"article\" \/>\n<meta property=\"og:title\" content=\"HATVP: Is the Number One of the French State Implicated? - ContribCity\" \/>\n<meta property=\"og:description\" content=\"Recall the article, of 17 March 2021, in which Contrib\u2019city showed that the Number Two and the Number Three of\" \/>\n<meta property=\"og:url\" content=\"https:\/\/contrib.city\/index.php\/en\/2022\/04\/02\/hatvp-the-number-one-of-the-french-state-to-question\/\" \/>\n<meta property=\"og:site_name\" content=\"ContribCity\" \/>\n<meta property=\"article:published_time\" content=\"2022-04-02T14:58:20+00:00\" \/>\n<meta property=\"article:modified_time\" content=\"2022-04-02T15:30:29+00:00\" \/>\n<meta property=\"og:image\" content=\"https:\/\/contrib.city\/wp-content\/uploads\/2022\/03\/Photo-2-Chef-de-lEtat.jpg\" \/>\n\t<meta property=\"og:image:width\" content=\"612\" \/>\n\t<meta property=\"og:image:height\" content=\"388\" \/>\n\t<meta property=\"og:image:type\" content=\"image\/jpeg\" \/>\n<meta name=\"author\" content=\"Bertrand de Foucauld\" \/>\n<meta name=\"twitter:card\" content=\"summary_large_image\" \/>\n<meta name=\"twitter:label1\" content=\"\u00c9crit par\" \/>\n\t<meta name=\"twitter:data1\" content=\"Bertrand de Foucauld\" \/>\n\t<meta name=\"twitter:label2\" content=\"Dur\u00e9e de lecture estim\u00e9e\" \/>\n\t<meta name=\"twitter:data2\" content=\"5 minutes\" \/>\n<script type=\"application\/ld+json\" class=\"yoast-schema-graph\">{\"@context\":\"https:\/\/schema.org\",\"@graph\":[{\"@type\":\"Article\",\"@id\":\"https:\/\/contrib.city\/index.php\/en\/2022\/04\/02\/hatvp-the-number-one-of-the-french-state-to-question\/#article\",\"isPartOf\":{\"@id\":\"https:\/\/contrib.city\/index.php\/en\/2022\/04\/02\/hatvp-the-number-one-of-the-french-state-to-question\/\"},\"author\":{\"name\":\"Bertrand de Foucauld\",\"@id\":\"https:\/\/contrib.city\/#\/schema\/person\/ec389c5a78a37ccaee4e8ce098099db5\"},\"headline\":\"HATVP: Is the Number One of the French State Implicated?\",\"datePublished\":\"2022-04-02T14:58:20+00:00\",\"dateModified\":\"2022-04-02T15:30:29+00:00\",\"mainEntityOfPage\":{\"@id\":\"https:\/\/contrib.city\/index.php\/en\/2022\/04\/02\/hatvp-the-number-one-of-the-french-state-to-question\/\"},\"wordCount\":907,\"commentCount\":0,\"publisher\":{\"@id\":\"https:\/\/contrib.city\/#organization\"},\"image\":{\"@id\":\"https:\/\/contrib.city\/index.php\/en\/2022\/04\/02\/hatvp-the-number-one-of-the-french-state-to-question\/#primaryimage\"},\"thumbnailUrl\":\"https:\/\/contrib.city\/wp-content\/uploads\/2022\/03\/Photo-2-Chef-de-lEtat.jpg\",\"articleSection\":[\"Daily Life\"],\"inLanguage\":\"fr-FR\",\"potentialAction\":[{\"@type\":\"CommentAction\",\"name\":\"Comment\",\"target\":[\"https:\/\/contrib.city\/index.php\/en\/2022\/04\/02\/hatvp-the-number-one-of-the-french-state-to-question\/#respond\"]}]},{\"@type\":\"WebPage\",\"@id\":\"https:\/\/contrib.city\/index.php\/en\/2022\/04\/02\/hatvp-the-number-one-of-the-french-state-to-question\/\",\"url\":\"https:\/\/contrib.city\/index.php\/en\/2022\/04\/02\/hatvp-the-number-one-of-the-french-state-to-question\/\",\"name\":\"HATVP: Is the Number One of the French State Implicated? - ContribCity\",\"isPartOf\":{\"@id\":\"https:\/\/contrib.city\/#website\"},\"primaryImageOfPage\":{\"@id\":\"https:\/\/contrib.city\/index.php\/en\/2022\/04\/02\/hatvp-the-number-one-of-the-french-state-to-question\/#primaryimage\"},\"image\":{\"@id\":\"https:\/\/contrib.city\/index.php\/en\/2022\/04\/02\/hatvp-the-number-one-of-the-french-state-to-question\/#primaryimage\"},\"thumbnailUrl\":\"https:\/\/contrib.city\/wp-content\/uploads\/2022\/03\/Photo-2-Chef-de-lEtat.jpg\",\"datePublished\":\"2022-04-02T14:58:20+00:00\",\"dateModified\":\"2022-04-02T15:30:29+00:00\",\"breadcrumb\":{\"@id\":\"https:\/\/contrib.city\/index.php\/en\/2022\/04\/02\/hatvp-the-number-one-of-the-french-state-to-question\/#breadcrumb\"},\"inLanguage\":\"fr-FR\",\"potentialAction\":[{\"@type\":\"ReadAction\",\"target\":[\"https:\/\/contrib.city\/index.php\/en\/2022\/04\/02\/hatvp-the-number-one-of-the-french-state-to-question\/\"]}]},{\"@type\":\"ImageObject\",\"inLanguage\":\"fr-FR\",\"@id\":\"https:\/\/contrib.city\/index.php\/en\/2022\/04\/02\/hatvp-the-number-one-of-the-french-state-to-question\/#primaryimage\",\"url\":\"https:\/\/contrib.city\/wp-content\/uploads\/2022\/03\/Photo-2-Chef-de-lEtat.jpg\",\"contentUrl\":\"https:\/\/contrib.city\/wp-content\/uploads\/2022\/03\/Photo-2-Chef-de-lEtat.jpg\",\"width\":612,\"height\":388,\"caption\":\"vector illustration of France flag\"},{\"@type\":\"BreadcrumbList\",\"@id\":\"https:\/\/contrib.city\/index.php\/en\/2022\/04\/02\/hatvp-the-number-one-of-the-french-state-to-question\/#breadcrumb\",\"itemListElement\":[{\"@type\":\"ListItem\",\"position\":1,\"name\":\"Home\",\"item\":\"https:\/\/contrib.city\/\"},{\"@type\":\"ListItem\",\"position\":2,\"name\":\"HATVP: Is the Number One of the French State Implicated?\"}]},{\"@type\":\"WebSite\",\"@id\":\"https:\/\/contrib.city\/#website\",\"url\":\"https:\/\/contrib.city\/\",\"name\":\"ContribCity\",\"description\":\"Parlons de nos lieux de vie\",\"publisher\":{\"@id\":\"https:\/\/contrib.city\/#organization\"},\"potentialAction\":[{\"@type\":\"SearchAction\",\"target\":{\"@type\":\"EntryPoint\",\"urlTemplate\":\"https:\/\/contrib.city\/?s={search_term_string}\"},\"query-input\":{\"@type\":\"PropertyValueSpecification\",\"valueRequired\":true,\"valueName\":\"search_term_string\"}}],\"inLanguage\":\"fr-FR\"},{\"@type\":\"Organization\",\"@id\":\"https:\/\/contrib.city\/#organization\",\"name\":\"ContribCity\",\"url\":\"https:\/\/contrib.city\/\",\"logo\":{\"@type\":\"ImageObject\",\"inLanguage\":\"fr-FR\",\"@id\":\"https:\/\/contrib.city\/#\/schema\/logo\/image\/\",\"url\":\"https:\/\/contrib.city\/wp-content\/uploads\/2020\/01\/cropped-Parlons-de-nos-lieux-de-vie-2.jpg\",\"contentUrl\":\"https:\/\/contrib.city\/wp-content\/uploads\/2020\/01\/cropped-Parlons-de-nos-lieux-de-vie-2.jpg\",\"width\":1133,\"height\":218,\"caption\":\"ContribCity\"},\"image\":{\"@id\":\"https:\/\/contrib.city\/#\/schema\/logo\/image\/\"}},{\"@type\":\"Person\",\"@id\":\"https:\/\/contrib.city\/#\/schema\/person\/ec389c5a78a37ccaee4e8ce098099db5\",\"name\":\"Bertrand de Foucauld\",\"image\":{\"@type\":\"ImageObject\",\"inLanguage\":\"fr-FR\",\"@id\":\"https:\/\/secure.gravatar.com\/avatar\/c49e25550e4609092f7a00fb677a980813788778df987b36cad9b0fc85a8bf73?s=96&d=mm&r=g\",\"url\":\"https:\/\/secure.gravatar.com\/avatar\/c49e25550e4609092f7a00fb677a980813788778df987b36cad9b0fc85a8bf73?s=96&d=mm&r=g\",\"contentUrl\":\"https:\/\/secure.gravatar.com\/avatar\/c49e25550e4609092f7a00fb677a980813788778df987b36cad9b0fc85a8bf73?s=96&d=mm&r=g\",\"caption\":\"Bertrand de Foucauld\"},\"url\":\"https:\/\/contrib.city\/index.php\/author\/bertrand\/\"}]}<\/script>\n<!-- \/ Yoast SEO plugin. -->","yoast_head_json":{"title":"HATVP: Is the Number One of the French State Implicated? - ContribCity","robots":{"index":"index","follow":"follow","max-snippet":"max-snippet:-1","max-image-preview":"max-image-preview:large","max-video-preview":"max-video-preview:-1"},"canonical":"https:\/\/contrib.city\/index.php\/en\/2022\/04\/02\/hatvp-the-number-one-of-the-french-state-to-question\/","og_locale":"fr_FR","og_type":"article","og_title":"HATVP: Is the Number One of the French State Implicated? - ContribCity","og_description":"Recall the article, of 17 March 2021, in which Contrib\u2019city showed that the Number Two and the Number Three of","og_url":"https:\/\/contrib.city\/index.php\/en\/2022\/04\/02\/hatvp-the-number-one-of-the-french-state-to-question\/","og_site_name":"ContribCity","article_published_time":"2022-04-02T14:58:20+00:00","article_modified_time":"2022-04-02T15:30:29+00:00","og_image":[{"width":612,"height":388,"url":"https:\/\/contrib.city\/wp-content\/uploads\/2022\/03\/Photo-2-Chef-de-lEtat.jpg","type":"image\/jpeg"}],"author":"Bertrand de Foucauld","twitter_card":"summary_large_image","twitter_misc":{"\u00c9crit par":"Bertrand de Foucauld","Dur\u00e9e de lecture estim\u00e9e":"5 minutes"},"schema":{"@context":"https:\/\/schema.org","@graph":[{"@type":"Article","@id":"https:\/\/contrib.city\/index.php\/en\/2022\/04\/02\/hatvp-the-number-one-of-the-french-state-to-question\/#article","isPartOf":{"@id":"https:\/\/contrib.city\/index.php\/en\/2022\/04\/02\/hatvp-the-number-one-of-the-french-state-to-question\/"},"author":{"name":"Bertrand de Foucauld","@id":"https:\/\/contrib.city\/#\/schema\/person\/ec389c5a78a37ccaee4e8ce098099db5"},"headline":"HATVP: Is the Number One of the French State Implicated?","datePublished":"2022-04-02T14:58:20+00:00","dateModified":"2022-04-02T15:30:29+00:00","mainEntityOfPage":{"@id":"https:\/\/contrib.city\/index.php\/en\/2022\/04\/02\/hatvp-the-number-one-of-the-french-state-to-question\/"},"wordCount":907,"commentCount":0,"publisher":{"@id":"https:\/\/contrib.city\/#organization"},"image":{"@id":"https:\/\/contrib.city\/index.php\/en\/2022\/04\/02\/hatvp-the-number-one-of-the-french-state-to-question\/#primaryimage"},"thumbnailUrl":"https:\/\/contrib.city\/wp-content\/uploads\/2022\/03\/Photo-2-Chef-de-lEtat.jpg","articleSection":["Daily Life"],"inLanguage":"fr-FR","potentialAction":[{"@type":"CommentAction","name":"Comment","target":["https:\/\/contrib.city\/index.php\/en\/2022\/04\/02\/hatvp-the-number-one-of-the-french-state-to-question\/#respond"]}]},{"@type":"WebPage","@id":"https:\/\/contrib.city\/index.php\/en\/2022\/04\/02\/hatvp-the-number-one-of-the-french-state-to-question\/","url":"https:\/\/contrib.city\/index.php\/en\/2022\/04\/02\/hatvp-the-number-one-of-the-french-state-to-question\/","name":"HATVP: Is the Number One of the French State Implicated? - ContribCity","isPartOf":{"@id":"https:\/\/contrib.city\/#website"},"primaryImageOfPage":{"@id":"https:\/\/contrib.city\/index.php\/en\/2022\/04\/02\/hatvp-the-number-one-of-the-french-state-to-question\/#primaryimage"},"image":{"@id":"https:\/\/contrib.city\/index.php\/en\/2022\/04\/02\/hatvp-the-number-one-of-the-french-state-to-question\/#primaryimage"},"thumbnailUrl":"https:\/\/contrib.city\/wp-content\/uploads\/2022\/03\/Photo-2-Chef-de-lEtat.jpg","datePublished":"2022-04-02T14:58:20+00:00","dateModified":"2022-04-02T15:30:29+00:00","breadcrumb":{"@id":"https:\/\/contrib.city\/index.php\/en\/2022\/04\/02\/hatvp-the-number-one-of-the-french-state-to-question\/#breadcrumb"},"inLanguage":"fr-FR","potentialAction":[{"@type":"ReadAction","target":["https:\/\/contrib.city\/index.php\/en\/2022\/04\/02\/hatvp-the-number-one-of-the-french-state-to-question\/"]}]},{"@type":"ImageObject","inLanguage":"fr-FR","@id":"https:\/\/contrib.city\/index.php\/en\/2022\/04\/02\/hatvp-the-number-one-of-the-french-state-to-question\/#primaryimage","url":"https:\/\/contrib.city\/wp-content\/uploads\/2022\/03\/Photo-2-Chef-de-lEtat.jpg","contentUrl":"https:\/\/contrib.city\/wp-content\/uploads\/2022\/03\/Photo-2-Chef-de-lEtat.jpg","width":612,"height":388,"caption":"vector illustration of France flag"},{"@type":"BreadcrumbList","@id":"https:\/\/contrib.city\/index.php\/en\/2022\/04\/02\/hatvp-the-number-one-of-the-french-state-to-question\/#breadcrumb","itemListElement":[{"@type":"ListItem","position":1,"name":"Home","item":"https:\/\/contrib.city\/"},{"@type":"ListItem","position":2,"name":"HATVP: Is the Number One of the French State Implicated?"}]},{"@type":"WebSite","@id":"https:\/\/contrib.city\/#website","url":"https:\/\/contrib.city\/","name":"ContribCity","description":"Parlons de nos lieux de vie","publisher":{"@id":"https:\/\/contrib.city\/#organization"},"potentialAction":[{"@type":"SearchAction","target":{"@type":"EntryPoint","urlTemplate":"https:\/\/contrib.city\/?s={search_term_string}"},"query-input":{"@type":"PropertyValueSpecification","valueRequired":true,"valueName":"search_term_string"}}],"inLanguage":"fr-FR"},{"@type":"Organization","@id":"https:\/\/contrib.city\/#organization","name":"ContribCity","url":"https:\/\/contrib.city\/","logo":{"@type":"ImageObject","inLanguage":"fr-FR","@id":"https:\/\/contrib.city\/#\/schema\/logo\/image\/","url":"https:\/\/contrib.city\/wp-content\/uploads\/2020\/01\/cropped-Parlons-de-nos-lieux-de-vie-2.jpg","contentUrl":"https:\/\/contrib.city\/wp-content\/uploads\/2020\/01\/cropped-Parlons-de-nos-lieux-de-vie-2.jpg","width":1133,"height":218,"caption":"ContribCity"},"image":{"@id":"https:\/\/contrib.city\/#\/schema\/logo\/image\/"}},{"@type":"Person","@id":"https:\/\/contrib.city\/#\/schema\/person\/ec389c5a78a37ccaee4e8ce098099db5","name":"Bertrand de Foucauld","image":{"@type":"ImageObject","inLanguage":"fr-FR","@id":"https:\/\/secure.gravatar.com\/avatar\/c49e25550e4609092f7a00fb677a980813788778df987b36cad9b0fc85a8bf73?s=96&d=mm&r=g","url":"https:\/\/secure.gravatar.com\/avatar\/c49e25550e4609092f7a00fb677a980813788778df987b36cad9b0fc85a8bf73?s=96&d=mm&r=g","contentUrl":"https:\/\/secure.gravatar.com\/avatar\/c49e25550e4609092f7a00fb677a980813788778df987b36cad9b0fc85a8bf73?s=96&d=mm&r=g","caption":"Bertrand de Foucauld"},"url":"https:\/\/contrib.city\/index.php\/author\/bertrand\/"}]}},"jetpack_featured_media_url":"https:\/\/contrib.city\/wp-content\/uploads\/2022\/03\/Photo-2-Chef-de-lEtat.jpg","jetpack_sharing_enabled":true,"post_mailing_queue_ids":[],"_links":{"self":[{"href":"https:\/\/contrib.city\/index.php\/wp-json\/wp\/v2\/posts\/8647","targetHints":{"allow":["GET"]}}],"collection":[{"href":"https:\/\/contrib.city\/index.php\/wp-json\/wp\/v2\/posts"}],"about":[{"href":"https:\/\/contrib.city\/index.php\/wp-json\/wp\/v2\/types\/post"}],"author":[{"embeddable":true,"href":"https:\/\/contrib.city\/index.php\/wp-json\/wp\/v2\/users\/1"}],"replies":[{"embeddable":true,"href":"https:\/\/contrib.city\/index.php\/wp-json\/wp\/v2\/comments?post=8647"}],"version-history":[{"count":7,"href":"https:\/\/contrib.city\/index.php\/wp-json\/wp\/v2\/posts\/8647\/revisions"}],"predecessor-version":[{"id":8655,"href":"https:\/\/contrib.city\/index.php\/wp-json\/wp\/v2\/posts\/8647\/revisions\/8655"}],"wp:featuredmedia":[{"embeddable":true,"href":"https:\/\/contrib.city\/index.php\/wp-json\/wp\/v2\/media\/8637"}],"wp:attachment":[{"href":"https:\/\/contrib.city\/index.php\/wp-json\/wp\/v2\/media?parent=8647"}],"wp:term":[{"taxonomy":"category","embeddable":true,"href":"https:\/\/contrib.city\/index.php\/wp-json\/wp\/v2\/categories?post=8647"},{"taxonomy":"post_tag","embeddable":true,"href":"https:\/\/contrib.city\/index.php\/wp-json\/wp\/v2\/tags?post=8647"}],"curies":[{"name":"wp","href":"https:\/\/api.w.org\/{rel}","templated":true}]}}