{"id":8822,"date":"2022-06-17T23:05:40","date_gmt":"2022-06-17T21:05:40","guid":{"rendered":"https:\/\/contrib.city\/?p=8822"},"modified":"2022-06-18T14:50:51","modified_gmt":"2022-06-18T12:50:51","slug":"transparence-financiere-et-liberte","status":"publish","type":"post","link":"https:\/\/contrib.city\/index.php\/2022\/06\/17\/transparence-financiere-et-liberte\/","title":{"rendered":"Transparence financi\u00e8re et libert\u00e9"},"content":{"rendered":"<p style=\"text-align: justify;\">Cette semaine, un panneau d&#8217;affichage a particuli\u00e8rement retenu mon attention. Au premier regard, pourtant, rien de tr\u00e8s original : deux affiches \u00e9lectorales vantant les m\u00e9rites de ceux qui les ont fait imprimer, le tout sur un support municipal tout ce qu&#8217;il y a de plus banal. Mais en regardant \u00e0 deux fois, de nombreuses questions \u00e9mergent de cet ensemble publicitaire.<\/p>\n<p style=\"text-align: justify;\">Regardons d&#8217;abord le support puis jetons un coup d\u2019\u0153il sur les deux affiches politiques.<\/p>\n<p style=\"text-align: justify;\">Tout d&#8217;abord, le panneau : le mot <em>libre<\/em> domine les images et les textes situ\u00e9es en-dessous. Il donne sens \u00e0 l&#8217;ensemble. L&#8217;objectif de ces affiches ne consiste-t-il pas, justement, \u00e0 permettre le d\u00e9roulement des \u00e9lections et donc le bon fonctionnement de la d\u00e9mocratie?<\/p>\n<p style=\"text-align: justify;\">Regardons plus bas maintenant. Les deux affiches se superposent, dans une sorte de rage pour la conqu\u00eate de l&#8217;espace publicitaire. En arri\u00e8re-plan, comme une sorte de support, la propagande du d\u00e9put\u00e9 sortant, Jean-No\u00ebl Barrot<span class=\"footnote_referrer\"><a role=\"button\" tabindex=\"0\" onclick=\"footnote_moveToReference_8822_1('footnote_plugin_reference_8822_1_1');\" onkeypress=\"footnote_moveToReference_8822_1('footnote_plugin_reference_8822_1_1');\" ><sup id=\"footnote_plugin_tooltip_8822_1_1\" class=\"footnote_plugin_tooltip_text\">[1]<\/sup><\/a><span id=\"footnote_plugin_tooltip_text_8822_1_1\" class=\"footnote_tooltip\">avec sa suppl\u00e9ante Anne Grignon<\/span><\/span><script type=\"text\/javascript\"> jQuery('#footnote_plugin_tooltip_8822_1_1').tooltip({ tip: '#footnote_plugin_tooltip_text_8822_1_1', tipClass: 'footnote_tooltip', effect: 'fade', predelay: 0, fadeInSpeed: 200, delay: 400, fadeOutSpeed: 200, position: 'top right', relative: true, offset: [10, 10], });<\/script>, plac\u00e9 dans le centre de l&#8217;\u00e9chiquier politique, et soutenu par le chef de l&#8217;Etat fran\u00e7ais, Emmanuel Macron.<\/p>\n<p style=\"text-align: justify;\">Coll\u00e9e sur la premi\u00e8re affiche, vient la profession de foi de l&#8217;UNEP<span class=\"footnote_referrer\"><a role=\"button\" tabindex=\"0\" onclick=\"footnote_moveToReference_8822_1('footnote_plugin_reference_8822_1_2');\" onkeypress=\"footnote_moveToReference_8822_1('footnote_plugin_reference_8822_1_2');\" ><sup id=\"footnote_plugin_tooltip_8822_1_2\" class=\"footnote_plugin_tooltip_text\">[2]<\/sup><\/a><span id=\"footnote_plugin_tooltip_text_8822_1_2\" class=\"footnote_tooltip\">Nouvelle union populaire, \u00e9cologique et sociale.<\/span><\/span><script type=\"text\/javascript\"> jQuery('#footnote_plugin_tooltip_8822_1_2').tooltip({ tip: '#footnote_plugin_tooltip_text_8822_1_2', tipClass: 'footnote_tooltip', effect: 'fade', predelay: 0, fadeInSpeed: 200, delay: 400, fadeOutSpeed: 200, position: 'top right', relative: true, offset: [10, 10], });<\/script> plac\u00e9e sous la houlette, \u00e0 l&#8217;\u00e9chelon national, du d\u00e9put\u00e9 Jean-Luc M\u00e9lanchon, consid\u00e9r\u00e9 comme un candidat d&#8217;extr\u00e8me-gauche par le politologue <a href=\"https:\/\/www.rtl.fr\/actu\/politique\/alain-duhamel-evidemment-que-jean-luc-melenchon-est-d-extreme-gauche-7788178914\" target=\"_blank\" rel=\"noopener\">Alain Duhamel<\/a>. On peut \u00e9ventuellement se demander si cette extr\u00e8me-gauche ne sert pas au centre et vice-versa, dans une sorte de jeu de pouvoir o\u00f9 extr\u00eames et mod\u00e9r\u00e9s trouvent mutuellement leurs int\u00e9r\u00eats.&nbsp;<\/p>\n<p style=\"text-align: justify;\">Entrons un peu plus dans les d\u00e9tails et commen\u00e7ons par le centre repr\u00e9sent\u00e9, \u00e0 l&#8217;\u00e9chelle locale, par Jean-No\u00ebl Barrot, Professeur d&#8217;\u00e9conomie \u00e0 HEC, \u00e9lu d\u00e9put\u00e9 en 2017, et vice-pr\u00e9sident de la commission des Finances de l&#8217;Assembl\u00e9e nationale. Donc quelqu&#8217;un de brillant et hautement comp\u00e9tent. Pourtant, quand on regarde les r\u00e9sultats des budgets de l&#8217;Etat &#8211; qui sont vot\u00e9s par le Parlement &#8211; les chiffres \u00e9voquent plut\u00f4t un constat amer, pour ne pas dire d&#8217;\u00e9chec. En 2018, malgr\u00e9 une embellie \u00e9conomique, la Cour des comptes indique que <em><span dir=\"ltr\" role=\"presentation\">pour la premi\u00e8re fois depuis 2014, et apr\u00e8s trois ans de quasi-stabilit\u00e9, <\/span><span dir=\"ltr\" role=\"presentation\">le <a href=\"https:\/\/www.ccomptes.fr\/system\/files\/2019-05\/20190515-synthese-Budget-Etat-2018.pdf\" target=\"_blank\" rel=\"noopener\">d\u00e9ficit budg\u00e9taire de l\u2019\u00c9tat s\u2019est accru<\/a> en 2018, passant de 67,7 Md\u20ac en 2017 \u00e0 <\/span><\/em><span dir=\"ltr\" role=\"presentation\"><em>76,0 Md\u20ac<\/em>. En 2019, la m\u00eame Cour pr\u00e9cise que ce budget <em><span id=\"page18R_mcid126\" class=\"markedContent\">s\u2019ach\u00e8ve sur un d\u00e9ficit <\/span><\/em><span id=\"page18R_mcid127\" class=\"markedContent\"><em>en forte augmentation par rapport \u00e0 2018<\/em>, soit un d\u00e9ficit de plus de <a href=\"https:\/\/www.ccomptes.fr\/system\/files\/2020-04\/20200428-synthese-Budget-Etat-2019.pdf\" target=\"_blank\" rel=\"noopener\">92 milliards d&#8217;euros<\/a>. Bien s\u00fbr, on r\u00e9torquera que l&#8217;instauration du pr\u00e9l\u00e8vement \u00e0 la source en 2019 a d\u00e9plac\u00e9 les revenus publics de d\u00e9cembre 2019 \u00e0 janvier 2020. Ce qui veut dire, \u00e9galement, que le budget 2020 sera compl\u00e9t\u00e9 par les ressources de ce mois de d\u00e9cembre 2019. Mais, patatras, l&#8217;arriv\u00e9e du Covid 19, en 2020, a g\u00e9n\u00e9r\u00e9, h\u00e9las, d&#8217;abord des drames sanitaires et sociaux, et ensuite un ralentissement \u00e9conomique. Les budgets de 2020 et 2021 ont ainsi \u00e9t\u00e9 \u00e9galement d\u00e9ficitaires : <a href=\"https:\/\/www.ccomptes.fr\/sites\/default\/files\/2021-04\/20210413-synthese-Budget-Etat-2020.pdf\" target=\"_blank\" rel=\"noopener\">&#8211; 92 Mds \u20ac pour 2020<\/a> et un <a href=\"https:\/\/www.ccomptes.fr\/sites\/default\/files\/2021-03\/20210318-RPA-2021-synthese.pdf\" target=\"_blank\" rel=\"noopener\">record de -220 milliards<\/a> d&#8217;euros pour 2021. <\/span><\/span><\/p>\n<p style=\"text-align: justify;\">Ce d\u00e9ficit n&#8217;est pas l&#8217;affaire d&#8217;une mauvaise p\u00e9riode : il est structurel. Depuis plus de quarante ans, jamais notre pays n&#8217;a pu r\u00e9aliser un budget \u00e9quilibr\u00e9. Le montant de la Dette publique monte, contin\u00fbment, en p\u00e9riode de crise comme en p\u00e9riode de croissance \u00e9conomique (2011-2019). Autrement, dit, nous roulons depuis longtemps dans un wagon de 1\u00e8re classe avec un billet de seconde. Attention, toutefois, \u00e0 l&#8217;arriv\u00e9e du contr\u00f4leur!<\/p>\n<p style=\"text-align: justify;\">Le probl\u00e8me r\u00e9side dans le fait que Jean-No\u00ebl Barrot ne nous dit pas, sur sa propagande, comment il compte \u00e9quilibrer nos budgets et comment nous rembourserons notre dette publique. Il serait peut-\u00eatre bon qu&#8217;un peu plus de transparence soit faite sur ce sujet. Contrib&#8217;City avait demand\u00e9 au d\u00e9put\u00e9 quelles mesures il pr\u00e9voyait vis-\u00e0-vis de notre d\u00e9ficit. L&#8217;\u00e9lu n&#8217;a pas daign\u00e9 r\u00e9pondre.<\/p>\n<p style=\"text-align: justify;\">Mais, tant qu&#8217;\u00e0 parler de transparence, Contrib&#8217;City avait \u00e9galement pos\u00e9 une autre question au d\u00e9put\u00e9, \u00e0 savoir \u00e0 quel poste allait-il donner la priorit\u00e9 : enseignant \u00e0 HEC, secr\u00e9taire g\u00e9n\u00e9ral du MODEM, conseiller pour la R\u00e9gion Ile-de-France ou d\u00e9put\u00e9 au Parlement? En&nbsp; effet, quand JN Barrot \u00e9tait compl\u00e8tement d\u00e9di\u00e9 \u00e0 ses fonctions de d\u00e9put\u00e9, il avait montr\u00e9 qu&#8217;il courrait de RV en meetings, et de meetings en sessions de l&#8217;Assembl\u00e9e, six jour sur sept, y compris la nuit parfois. Donc un hommes tr\u00e8s occup\u00e9, ce qui semble normal pour ce type de responsabilit\u00e9. Puis, M. le D\u00e9put\u00e9 avait postul\u00e9, et avait \u00e9t\u00e9 \u00e9lu, pour un mandat dans l&#8217;ex\u00e9cutif francilien, le tout en gardant une fonction dans l&#8217;enseignement! Les journ\u00e9es n&#8217;ayant que 24 heures, votre site pr\u00e9f\u00e9r\u00e9 avait demand\u00e9 \u00e0 Jean-No\u00ebl Barrot quel poste aurait sa priorit\u00e9. Mais l\u00e0 non plus, le d\u00e9put\u00e9 n&#8217;a pas r\u00e9pondu.<\/p>\n<p style=\"text-align: justify;\">Enfin, il reste une derni\u00e8re question que Contrib&#8217;City souhaite poser \u00e0 l&#8217;\u00e9lu. CC avait mis en exergue le fait qu&#8217;au tout d\u00e9but de son mandat, le d\u00e9put\u00e9, qui avait gagn\u00e9 les \u00e9lections l\u00e9gislatives du 21 juin 2017, avait bien indiqu\u00e9 ses revenus \u00e0 la Haute autorit\u00e9 pour la transparence de la vie publique. On pouvait m\u00eame y voir ses salaires de chercheur au <a href=\"https:\/\/fr.wikipedia.org\/wiki\/Massachusetts_Institute_of_Technology\" target=\"_blank\" rel=\"noopener\">MIT<\/a> (et comprendre, du coup, pourquoi de nombreux chercheurs quittent la France pour aller vers d&#8217;autres pays, dont les Etat-Unis). Mais, depuis, la situation de cette d\u00e9claration est moins claire : sur le site de la HATVP, pour l&#8217;ann\u00e9e 2021, l&#8217;\u00e9lu indique uniquement 2723 \u20ac de revenus (bruts ou nets?) pour son poste de conseiller r\u00e9gional de l&#8217;Ile-de-France. A cela il faut rajouter ses r\u00e9mun\u00e9rations en tant qu&#8217;enseignant-chercheur \u00e0 HEC : 2462 \u20ac bruts par mois d\u00e9clar\u00e9s pour l&#8217;ann\u00e9e 2020. Gagnait-il le m\u00eame salaire durant l&#8217;ann\u00e9e 2021? Cela n&#8217;est pas indiqu\u00e9 : dans sa derni\u00e8re d\u00e9claration dat\u00e9e du 29 novembre 2021, il est juste mentionn\u00e9 : <em>activit\u00e9 conserv\u00e9e<\/em>. De plus, bizarrement, rien sur son poste de vice-pr\u00e9sident de la Commission des finances de l&#8217;Assembl\u00e9e nationale, alors m\u00eame que nous sommes \u00e0 la veille de choisir notre prochain d\u00e9put\u00e9 pour la deuxi\u00e8me circonscription des Yvelines, dont fait partie Jouy-en-Josas. D&#8217;o\u00f9 la question : combien gagne Jean-No\u00ebl Barrot pour son mandat de parlementaire? A titre de rappel, <a href=\"https:\/\/www.legifrance.gouv.fr\/loda\/id\/JORFTEXT000028056315\/\" target=\"_blank\" rel=\"noopener\">la loi sur la transparence de la vie publique<\/a> oblige les \u00e9lus \u00e0 faire leur d\u00e9claration d&#8217;int\u00e9r\u00eats <em>dans les deux mois qui suivent [leur] nomination<\/em>.&nbsp;<\/p>\n<p style=\"text-align: justify;\">Pour finir, la candidate li\u00e9e \u00e0 Jean-Luc M\u00e9lenchon, <a href=\"https:\/\/www.lesecologistes2022.fr\/candidature\/maite-carrive-bedouani\/\" target=\"_blank\" rel=\"noopener\">Ma\u00eft\u00e9 Carrive-B\u00e9douani<\/a>, docteure en math\u00e9matiques, donc bien \u00e0 l&#8217;aise avec la rigueur des chiffres, oublie compl\u00e8tement de nous informer comment elle compte financer son programme : beaucoup de promesses, dont certaines tr\u00e8s sympathiques, mais peu d&#8217;indications sur le financement de ces derni\u00e8res, surtout dans le cadre d&#8217;un Etat endett\u00e9 \u00e0 six fois ses revenus (en prenant en compte ses engagements, comme la retraite des fonctionnaires). Le Dr Carrive-B\u00e9douani parle d&#8217;investissements, mais ne pr\u00e9cise pas <em>qui<\/em> avancera les fonds : des <em>business angels<\/em>, des multinationales, l&#8217;Etat fran\u00e7ais? Mais si c&#8217;est ce dernier, qui avancera les capitaux n\u00e9cessaires au financement de la dette publique : les banques internationales priv\u00e9es ou les contribuables de France \u00e0 travers leurs plans d&#8217;\u00e9pargne? Qui? Cela n&#8217;est pas pr\u00e9cis\u00e9 dans le programme.<\/p>\n<p style=\"text-align: justify;\">Pr\u00e9cisons \u00e9galement que Jean-Luc M\u00e9lanchon, \u00e0 l&#8217;instar de son coll\u00e8gue Jean-No\u00ebl Barrot, n&#8217;a pas non plus d\u00e9clar\u00e9 ses revenus de d\u00e9put\u00e9 \u00e0 la HATVP.<\/p>\n<p style=\"text-align: justify;\">Si nous voulons continuer \u00e0 vivre \u00e0 peu pr\u00e8s librement, nous devrions faire attention \u00e0 notre dette. Sinon, comme dit dans le pr\u00e9c\u00e9dent article, ce sont les cr\u00e9anciers qui vont nous demander des comptes. Peu s\u00fbr que nous soyons vraiment libres, ensuite, de leur faire faux bond sans devoir en assumer les cons\u00e9quences qui pourraient s&#8217;av\u00e9rer f\u00e2cheuses.<\/p>\n<p style=\"text-align: justify;\">Pour conclure, j&#8217;exprimerai une derni\u00e8re interrogation : est-ce qu&#8217;un peu plus de transparence sur la r\u00e9alit\u00e9 de notre situation \u00e9conomique et sur les revenus de nos \u00e9lus aiderait \u00e0 lutter contre l&#8217;abstention lors des \u00e9lections? Le d\u00e9bat est ouvert.<\/p>\n<p class=\"added-to-list1\" data-pf_style_display=\"block\" data-pf_style_visibility=\"visible\"><strong data-pf_style_display=\"inline\" data-pf_style_visibility=\"visible\"><span class=\"text-node\">D\u00e9ficit public fran\u00e7ais en valeurs relatives (en % du PIB fran\u00e7ais) et absolues (en milliards d&#8217;euros)<br \/>\n<\/span><\/strong><\/p>\n<table data-pf_style_display=\"table\" data-pf_style_visibility=\"visible\" width=\"100%\" cellspacing=\"0\" cellpadding=\"2\" border=\"0\">\n<thead data-pf_style_display=\"table-header-group\" data-pf_style_visibility=\"visible\">\n<tr data-pf_style_display=\"table-row\" data-pf_style_visibility=\"visible\">\n<th class=\"\" scope=\"col\" data-pf_style_display=\"table-cell\" data-pf_style_visibility=\"visible\" nowrap=\"nowrap\">&nbsp;<\/th>\n<th class=\"\" scope=\"col\" data-pf_style_display=\"table-cell\" data-pf_style_visibility=\"visible\" nowrap=\"nowrap\">\n<p class=\"added-to-list1\" data-pf_style_display=\"block\" data-pf_style_visibility=\"visible\"><strong data-pf_style_display=\"inline\" data-pf_style_visibility=\"visible\"><span class=\"text-node\">2019<\/span><\/strong><\/p>\n<\/th>\n<th scope=\"col\" data-pf_style_display=\"table-cell\" data-pf_style_visibility=\"visible\" nowrap=\"nowrap\">\n<p class=\"added-to-list1\" data-pf_style_display=\"block\" data-pf_style_visibility=\"visible\"><strong data-pf_style_display=\"inline\" data-pf_style_visibility=\"visible\"><span class=\"text-node\">2020<\/span><\/strong><\/p>\n<\/th>\n<th scope=\"col\" data-pf_style_display=\"table-cell\" data-pf_style_visibility=\"visible\" nowrap=\"nowrap\">\n<p class=\"added-to-list1\" data-pf_style_display=\"block\" data-pf_style_visibility=\"visible\"><strong data-pf_style_display=\"inline\" data-pf_style_visibility=\"visible\"><span class=\"text-node\">2021<\/span><\/strong><\/p>\n<\/th>\n<th scope=\"col\" data-pf_style_display=\"table-cell\" data-pf_style_visibility=\"visible\">\n<p class=\"added-to-list1\" data-pf_style_display=\"block\" data-pf_style_visibility=\"visible\"><strong data-pf_style_display=\"inline\" data-pf_style_visibility=\"visible\"><span class=\"text-node\">var 2020-2021<\/span><\/strong><\/p>\n<\/th>\n<th scope=\"col\" data-pf_style_display=\"table-cell\" data-pf_style_visibility=\"visible\">\n<p class=\"added-to-list1\" data-pf_style_display=\"block\" data-pf_style_visibility=\"visible\"><strong data-pf_style_display=\"inline\" data-pf_style_visibility=\"visible\"><span class=\"text-node\">var 2019-2021<\/span><\/strong><\/p>\n<\/th>\n<\/tr>\n<\/thead>\n<tbody data-pf_style_display=\"table-row-group\" data-pf_style_visibility=\"visible\">\n<tr data-pf_style_display=\"table-row\" data-pf_style_visibility=\"visible\">\n<td class=\"added-to-list1\" data-pf_style_display=\"table-cell\" data-pf_style_visibility=\"visible\" nowrap=\"nowrap\">\n<p class=\"added-to-list1\" data-pf_style_display=\"block\" data-pf_style_visibility=\"visible\"><span class=\"text-node\">D\u00e9ficit public en % du PIB<\/span><\/p>\n<\/td>\n<td class=\"added-to-list1\" data-pf_style_display=\"table-cell\" data-pf_style_visibility=\"visible\" nowrap=\"nowrap\">\n<p class=\"added-to-list1\" data-pf_style_display=\"block\" data-pf_style_visibility=\"visible\"><span class=\"text-node\">-3,1<\/span><\/p>\n<\/td>\n<td class=\"added-to-list1\" data-pf_style_display=\"table-cell\" data-pf_style_visibility=\"visible\" nowrap=\"nowrap\">\n<p class=\"added-to-list1\" data-pf_style_display=\"block\" data-pf_style_visibility=\"visible\"><span class=\"text-node\">-9,2<\/span><\/p>\n<\/td>\n<td class=\"added-to-list1\" data-pf_style_display=\"table-cell\" data-pf_style_visibility=\"visible\" nowrap=\"nowrap\">\n<p class=\"added-to-list1\" data-pf_style_display=\"block\" data-pf_style_visibility=\"visible\"><span class=\"text-node\">-9,4<\/span><\/p>\n<\/td>\n<td class=\"added-to-list1\" data-pf_style_display=\"table-cell\" data-pf_style_visibility=\"visible\" nowrap=\"nowrap\">\n<p class=\"added-to-list1\" data-pf_style_display=\"block\" data-pf_style_visibility=\"visible\"><span class=\"text-node\">-0,2<\/span><\/p>\n<\/td>\n<td class=\"added-to-list1\" data-pf_style_display=\"table-cell\" data-pf_style_visibility=\"visible\" nowrap=\"nowrap\">\n<p class=\"added-to-list1\" data-pf_style_display=\"block\" data-pf_style_visibility=\"visible\"><span class=\"text-node\">-6,3<\/span><\/p>\n<\/td>\n<\/tr>\n<tr data-pf_style_display=\"table-row\" data-pf_style_visibility=\"visible\">\n<td class=\"added-to-list1\" data-pf_style_display=\"table-cell\" data-pf_style_visibility=\"visible\" nowrap=\"nowrap\">\n<p class=\"added-to-list1\" data-pf_style_display=\"block\" data-pf_style_visibility=\"visible\"><span class=\"text-node\">D\u00e9ficit public en valeur<\/span><\/p>\n<\/td>\n<td class=\"added-to-list1\" data-pf_style_display=\"table-cell\" data-pf_style_visibility=\"visible\" nowrap=\"nowrap\">\n<p class=\"added-to-list1\" data-pf_style_display=\"block\" data-pf_style_visibility=\"visible\"><span class=\"text-node\">-74,7<\/span><\/p>\n<\/td>\n<td class=\"added-to-list1\" data-pf_style_display=\"table-cell\" data-pf_style_visibility=\"visible\" nowrap=\"nowrap\">\n<p class=\"added-to-list1\" data-pf_style_display=\"block\" data-pf_style_visibility=\"visible\"><span class=\"text-node\">-212<\/span><\/p>\n<\/td>\n<td class=\"added-to-list1\" data-pf_style_display=\"table-cell\" data-pf_style_visibility=\"visible\" nowrap=\"nowrap\">\n<p class=\"added-to-list1\" data-pf_style_display=\"block\" data-pf_style_visibility=\"visible\"><span class=\"text-node\">-228<\/span><\/p>\n<\/td>\n<td class=\"added-to-list1\" data-pf_style_display=\"table-cell\" data-pf_style_visibility=\"visible\" nowrap=\"nowrap\">\n<p class=\"added-to-list1\" data-pf_style_display=\"block\" data-pf_style_visibility=\"visible\"><span class=\"text-node\">-16<\/span><\/p>\n<\/td>\n<td class=\"added-to-list1\" data-pf_style_display=\"table-cell\" data-pf_style_visibility=\"visible\" nowrap=\"nowrap\">\n<p class=\"added-to-list1\" data-pf_style_display=\"block\" data-pf_style_visibility=\"visible\"><span class=\"text-node\">-153,3<\/span><\/p>\n<\/td>\n<\/tr>\n<\/tbody>\n<\/table>\n<p>Sources : <a href=\"https:\/\/www.ifrap.org\/budget-et-fiscalite\/2021-lannee-du-deficit-public-record-228-milliards\" target=\"_blank\" rel=\"noopener\">IFRAP, INSEE<\/a>.<\/p>\n<figure id=\"attachment_8829\" aria-describedby=\"caption-attachment-8829\" style=\"width: 1616px\" class=\"wp-caption aligncenter\"><img loading=\"lazy\" decoding=\"async\" class=\"wp-image-8829 size-full\" src=\"https:\/\/contrib.city\/wp-content\/uploads\/2022\/06\/2022-06-17-HATVP-JN-Barrot.jpg\" alt=\"\" width=\"1616\" height=\"1024\" srcset=\"https:\/\/contrib.city\/wp-content\/uploads\/2022\/06\/2022-06-17-HATVP-JN-Barrot.jpg 1616w, https:\/\/contrib.city\/wp-content\/uploads\/2022\/06\/2022-06-17-HATVP-JN-Barrot-300x190.jpg 300w, https:\/\/contrib.city\/wp-content\/uploads\/2022\/06\/2022-06-17-HATVP-JN-Barrot-1024x649.jpg 1024w, https:\/\/contrib.city\/wp-content\/uploads\/2022\/06\/2022-06-17-HATVP-JN-Barrot-768x487.jpg 768w, https:\/\/contrib.city\/wp-content\/uploads\/2022\/06\/2022-06-17-HATVP-JN-Barrot-1536x973.jpg 1536w\" sizes=\"auto, (max-width: 1616px) 100vw, 1616px\" \/><figcaption id=\"caption-attachment-8829\" class=\"wp-caption-text\">D\u00e9claration de Jean-No\u00ebl Barrot \u00e0 la HATVP. L&#8217;actuel vice-pr\u00e9sident de la commission des Finances de l&#8217;Assembl\u00e9e nationale, \u00e9lu comme d\u00e9put\u00e9 en 2017, n&#8217;a toujours pas d\u00e9clar\u00e9 ses r\u00e9mun\u00e9rations parlementaires alors que <a href=\"https:\/\/www.legifrance.gouv.fr\/loda\/id\/JORFTEXT000028056315\/\" target=\"_blank\" rel=\"noopener\">le d\u00e9lai l\u00e9gal<\/a> pour le faire est de deux mois.<\/figcaption><\/figure>\n<figure id=\"attachment_8830\" aria-describedby=\"caption-attachment-8830\" style=\"width: 1622px\" class=\"wp-caption aligncenter\"><img loading=\"lazy\" decoding=\"async\" class=\"wp-image-8830 size-full\" src=\"https:\/\/contrib.city\/wp-content\/uploads\/2022\/06\/2022-06-17-HATVP-JL-Melenchon.jpg\" alt=\"\" width=\"1622\" height=\"1020\" srcset=\"https:\/\/contrib.city\/wp-content\/uploads\/2022\/06\/2022-06-17-HATVP-JL-Melenchon.jpg 1622w, https:\/\/contrib.city\/wp-content\/uploads\/2022\/06\/2022-06-17-HATVP-JL-Melenchon-300x189.jpg 300w, https:\/\/contrib.city\/wp-content\/uploads\/2022\/06\/2022-06-17-HATVP-JL-Melenchon-1024x644.jpg 1024w, https:\/\/contrib.city\/wp-content\/uploads\/2022\/06\/2022-06-17-HATVP-JL-Melenchon-768x483.jpg 768w, https:\/\/contrib.city\/wp-content\/uploads\/2022\/06\/2022-06-17-HATVP-JL-Melenchon-1536x966.jpg 1536w\" sizes=\"auto, (max-width: 1622px) 100vw, 1622px\" \/><figcaption id=\"caption-attachment-8830\" class=\"wp-caption-text\">D\u00e9claration de Jean-Luc M\u00e9lenchon \u00e0 la HATVP. L&#8217;actuel pr\u00e9sident du groupe &#8220;La France Insoumise&#8221; (LFI), \u00e9lu comme d\u00e9put\u00e9 \u00e0 l&#8217;Assembl\u00e9e nationale en 2017, n&#8217;a toujours pas d\u00e9clar\u00e9 ses r\u00e9mun\u00e9rations parlementaires fran\u00e7aises.<\/figcaption><\/figure>\n<p>&nbsp;<\/p>\n<p>&nbsp;<\/p>\n<div class=\"speaker-mute footnotes_reference_container\"> <div class=\"footnote_container_prepare\"><p><span role=\"button\" tabindex=\"0\" class=\"footnote_reference_container_label pointer\" onclick=\"footnote_expand_collapse_reference_container_8822_1();\">R\u00e9f\u00e9rences<\/span><span role=\"button\" tabindex=\"0\" class=\"footnote_reference_container_collapse_button\" style=\"\" onclick=\"footnote_expand_collapse_reference_container_8822_1();\">[<a id=\"footnote_reference_container_collapse_button_8822_1\">+<\/a>]<\/span><\/p><\/div> <div id=\"footnote_references_container_8822_1\" style=\"display: none;\"><table class=\"footnotes_table footnote-reference-container\"><caption class=\"accessibility\">R\u00e9f\u00e9rences<\/caption> <tbody> \r\n\r\n<tr class=\"footnotes_plugin_reference_row\"> <th scope=\"row\" class=\"footnote_plugin_index_combi pointer\"  onclick=\"footnote_moveToAnchor_8822_1('footnote_plugin_tooltip_8822_1_1');\"><a id=\"footnote_plugin_reference_8822_1_1\" class=\"footnote_backlink\"><span class=\"footnote_index_arrow\">&#8593;<\/span>1<\/a><\/th> <td class=\"footnote_plugin_text\">avec sa suppl\u00e9ante Anne Grignon<\/td><\/tr>\r\n\r\n<tr class=\"footnotes_plugin_reference_row\"> <th scope=\"row\" class=\"footnote_plugin_index_combi pointer\"  onclick=\"footnote_moveToAnchor_8822_1('footnote_plugin_tooltip_8822_1_2');\"><a id=\"footnote_plugin_reference_8822_1_2\" class=\"footnote_backlink\"><span class=\"footnote_index_arrow\">&#8593;<\/span>2<\/a><\/th> <td class=\"footnote_plugin_text\">Nouvelle union populaire, \u00e9cologique et sociale.<\/td><\/tr>\r\n\r\n <\/tbody> <\/table> <\/div><\/div><script type=\"text\/javascript\"> function footnote_expand_reference_container_8822_1() { jQuery('#footnote_references_container_8822_1').show(); jQuery('#footnote_reference_container_collapse_button_8822_1').text('\u2212'); } function footnote_collapse_reference_container_8822_1() { jQuery('#footnote_references_container_8822_1').hide(); jQuery('#footnote_reference_container_collapse_button_8822_1').text('+'); } function footnote_expand_collapse_reference_container_8822_1() { if (jQuery('#footnote_references_container_8822_1').is(':hidden')) { footnote_expand_reference_container_8822_1(); } else { footnote_collapse_reference_container_8822_1(); } } function footnote_moveToReference_8822_1(p_str_TargetID) { footnote_expand_reference_container_8822_1(); var l_obj_Target = jQuery('#' + p_str_TargetID); if (l_obj_Target.length) { jQuery( 'html, body' ).delay( 0 ); jQuery('html, body').animate({ scrollTop: l_obj_Target.offset().top - window.innerHeight * 0.2 }, 380); } } function footnote_moveToAnchor_8822_1(p_str_TargetID) { footnote_expand_reference_container_8822_1(); var l_obj_Target = jQuery('#' + p_str_TargetID); if (l_obj_Target.length) { jQuery( 'html, body' ).delay( 0 ); jQuery('html, body').animate({ scrollTop: l_obj_Target.offset().top - window.innerHeight * 0.2 }, 380); } }<\/script>","protected":false},"excerpt":{"rendered":"<p>Cette semaine, un panneau d&#8217;affichage a particuli\u00e8rement retenu mon attention. Au premier regard, pourtant, rien de tr\u00e8s original : deux<\/p>\n","protected":false},"author":1,"featured_media":8848,"comment_status":"open","ping_status":"open","sticky":false,"template":"","format":"standard","meta":{"_acf_changed":false,"inline_featured_image":false,"_exactmetrics_skip_tracking":false,"_exactmetrics_sitenote_active":false,"_exactmetrics_sitenote_note":"","_exactmetrics_sitenote_category":0,"ngg_post_thumbnail":0,"_jetpack_memberships_contains_paid_content":false,"footnotes":""},"categories":[1,2],"tags":[],"class_list":["post-8822","post","type-post","status-publish","format-standard","has-post-thumbnail","hentry","category-non-classe","category-commerce-fr"],"acf":[],"yoast_head":"<!-- This site is optimized with the Yoast SEO plugin v27.2 - https:\/\/yoast.com\/product\/yoast-seo-wordpress\/ -->\n<title>Transparence financi\u00e8re et libert\u00e9 - ContribCity<\/title>\n<meta name=\"robots\" content=\"index, follow, max-snippet:-1, max-image-preview:large, max-video-preview:-1\" \/>\n<link rel=\"canonical\" href=\"https:\/\/contrib.city\/index.php\/2022\/06\/17\/transparence-financiere-et-liberte\/\" \/>\n<meta property=\"og:locale\" content=\"fr_FR\" \/>\n<meta property=\"og:type\" content=\"article\" \/>\n<meta property=\"og:title\" content=\"Transparence financi\u00e8re et libert\u00e9 - ContribCity\" \/>\n<meta property=\"og:description\" content=\"Cette semaine, un panneau d&#8217;affichage a particuli\u00e8rement retenu mon attention. Au premier regard, pourtant, rien de tr\u00e8s original : deux\" \/>\n<meta property=\"og:url\" content=\"https:\/\/contrib.city\/index.php\/2022\/06\/17\/transparence-financiere-et-liberte\/\" \/>\n<meta property=\"og:site_name\" content=\"ContribCity\" \/>\n<meta property=\"article:published_time\" content=\"2022-06-17T21:05:40+00:00\" \/>\n<meta property=\"article:modified_time\" content=\"2022-06-18T12:50:51+00:00\" \/>\n<meta property=\"og:image\" content=\"https:\/\/contrib.city\/wp-content\/uploads\/2022\/06\/Affichage-electoral-libre-2-scaled.jpg\" \/>\n\t<meta property=\"og:image:width\" content=\"2560\" \/>\n\t<meta property=\"og:image:height\" content=\"1555\" \/>\n\t<meta property=\"og:image:type\" content=\"image\/jpeg\" \/>\n<meta name=\"author\" content=\"Bertrand de Foucauld\" \/>\n<meta name=\"twitter:card\" content=\"summary_large_image\" \/>\n<meta name=\"twitter:label1\" content=\"\u00c9crit par\" \/>\n\t<meta name=\"twitter:data1\" content=\"Bertrand de Foucauld\" \/>\n\t<meta name=\"twitter:label2\" content=\"Dur\u00e9e de lecture estim\u00e9e\" \/>\n\t<meta name=\"twitter:data2\" content=\"8 minutes\" \/>\n<script type=\"application\/ld+json\" class=\"yoast-schema-graph\">{\"@context\":\"https:\/\/schema.org\",\"@graph\":[{\"@type\":\"Article\",\"@id\":\"https:\/\/contrib.city\/index.php\/2022\/06\/17\/transparence-financiere-et-liberte\/#article\",\"isPartOf\":{\"@id\":\"https:\/\/contrib.city\/index.php\/2022\/06\/17\/transparence-financiere-et-liberte\/\"},\"author\":{\"name\":\"Bertrand de Foucauld\",\"@id\":\"https:\/\/contrib.city\/#\/schema\/person\/ec389c5a78a37ccaee4e8ce098099db5\"},\"headline\":\"Transparence financi\u00e8re et libert\u00e9\",\"datePublished\":\"2022-06-17T21:05:40+00:00\",\"dateModified\":\"2022-06-18T12:50:51+00:00\",\"mainEntityOfPage\":{\"@id\":\"https:\/\/contrib.city\/index.php\/2022\/06\/17\/transparence-financiere-et-liberte\/\"},\"wordCount\":1568,\"commentCount\":3,\"publisher\":{\"@id\":\"https:\/\/contrib.city\/#organization\"},\"image\":{\"@id\":\"https:\/\/contrib.city\/index.php\/2022\/06\/17\/transparence-financiere-et-liberte\/#primaryimage\"},\"thumbnailUrl\":\"https:\/\/contrib.city\/wp-content\/uploads\/2022\/06\/Affichage-electoral-libre-2-scaled.jpg\",\"articleSection\":{\"1\":\"Vie quotidienne\"},\"inLanguage\":\"fr-FR\",\"potentialAction\":[{\"@type\":\"CommentAction\",\"name\":\"Comment\",\"target\":[\"https:\/\/contrib.city\/index.php\/2022\/06\/17\/transparence-financiere-et-liberte\/#respond\"]}]},{\"@type\":\"WebPage\",\"@id\":\"https:\/\/contrib.city\/index.php\/2022\/06\/17\/transparence-financiere-et-liberte\/\",\"url\":\"https:\/\/contrib.city\/index.php\/2022\/06\/17\/transparence-financiere-et-liberte\/\",\"name\":\"Transparence financi\u00e8re et libert\u00e9 - ContribCity\",\"isPartOf\":{\"@id\":\"https:\/\/contrib.city\/#website\"},\"primaryImageOfPage\":{\"@id\":\"https:\/\/contrib.city\/index.php\/2022\/06\/17\/transparence-financiere-et-liberte\/#primaryimage\"},\"image\":{\"@id\":\"https:\/\/contrib.city\/index.php\/2022\/06\/17\/transparence-financiere-et-liberte\/#primaryimage\"},\"thumbnailUrl\":\"https:\/\/contrib.city\/wp-content\/uploads\/2022\/06\/Affichage-electoral-libre-2-scaled.jpg\",\"datePublished\":\"2022-06-17T21:05:40+00:00\",\"dateModified\":\"2022-06-18T12:50:51+00:00\",\"breadcrumb\":{\"@id\":\"https:\/\/contrib.city\/index.php\/2022\/06\/17\/transparence-financiere-et-liberte\/#breadcrumb\"},\"inLanguage\":\"fr-FR\",\"potentialAction\":[{\"@type\":\"ReadAction\",\"target\":[\"https:\/\/contrib.city\/index.php\/2022\/06\/17\/transparence-financiere-et-liberte\/\"]}]},{\"@type\":\"ImageObject\",\"inLanguage\":\"fr-FR\",\"@id\":\"https:\/\/contrib.city\/index.php\/2022\/06\/17\/transparence-financiere-et-liberte\/#primaryimage\",\"url\":\"https:\/\/contrib.city\/wp-content\/uploads\/2022\/06\/Affichage-electoral-libre-2-scaled.jpg\",\"contentUrl\":\"https:\/\/contrib.city\/wp-content\/uploads\/2022\/06\/Affichage-electoral-libre-2-scaled.jpg\",\"width\":2560,\"height\":1555},{\"@type\":\"BreadcrumbList\",\"@id\":\"https:\/\/contrib.city\/index.php\/2022\/06\/17\/transparence-financiere-et-liberte\/#breadcrumb\",\"itemListElement\":[{\"@type\":\"ListItem\",\"position\":1,\"name\":\"Home\",\"item\":\"https:\/\/contrib.city\/\"},{\"@type\":\"ListItem\",\"position\":2,\"name\":\"Transparence financi\u00e8re et libert\u00e9\"}]},{\"@type\":\"WebSite\",\"@id\":\"https:\/\/contrib.city\/#website\",\"url\":\"https:\/\/contrib.city\/\",\"name\":\"ContribCity\",\"description\":\"Parlons de nos lieux de vie\",\"publisher\":{\"@id\":\"https:\/\/contrib.city\/#organization\"},\"potentialAction\":[{\"@type\":\"SearchAction\",\"target\":{\"@type\":\"EntryPoint\",\"urlTemplate\":\"https:\/\/contrib.city\/?s={search_term_string}\"},\"query-input\":{\"@type\":\"PropertyValueSpecification\",\"valueRequired\":true,\"valueName\":\"search_term_string\"}}],\"inLanguage\":\"fr-FR\"},{\"@type\":\"Organization\",\"@id\":\"https:\/\/contrib.city\/#organization\",\"name\":\"ContribCity\",\"url\":\"https:\/\/contrib.city\/\",\"logo\":{\"@type\":\"ImageObject\",\"inLanguage\":\"fr-FR\",\"@id\":\"https:\/\/contrib.city\/#\/schema\/logo\/image\/\",\"url\":\"https:\/\/contrib.city\/wp-content\/uploads\/2020\/01\/cropped-Parlons-de-nos-lieux-de-vie-2.jpg\",\"contentUrl\":\"https:\/\/contrib.city\/wp-content\/uploads\/2020\/01\/cropped-Parlons-de-nos-lieux-de-vie-2.jpg\",\"width\":1133,\"height\":218,\"caption\":\"ContribCity\"},\"image\":{\"@id\":\"https:\/\/contrib.city\/#\/schema\/logo\/image\/\"}},{\"@type\":\"Person\",\"@id\":\"https:\/\/contrib.city\/#\/schema\/person\/ec389c5a78a37ccaee4e8ce098099db5\",\"name\":\"Bertrand de Foucauld\",\"image\":{\"@type\":\"ImageObject\",\"inLanguage\":\"fr-FR\",\"@id\":\"https:\/\/secure.gravatar.com\/avatar\/c49e25550e4609092f7a00fb677a980813788778df987b36cad9b0fc85a8bf73?s=96&d=mm&r=g\",\"url\":\"https:\/\/secure.gravatar.com\/avatar\/c49e25550e4609092f7a00fb677a980813788778df987b36cad9b0fc85a8bf73?s=96&d=mm&r=g\",\"contentUrl\":\"https:\/\/secure.gravatar.com\/avatar\/c49e25550e4609092f7a00fb677a980813788778df987b36cad9b0fc85a8bf73?s=96&d=mm&r=g\",\"caption\":\"Bertrand de Foucauld\"},\"url\":\"https:\/\/contrib.city\/index.php\/author\/bertrand\/\"}]}<\/script>\n<!-- \/ Yoast SEO plugin. -->","yoast_head_json":{"title":"Transparence financi\u00e8re et libert\u00e9 - ContribCity","robots":{"index":"index","follow":"follow","max-snippet":"max-snippet:-1","max-image-preview":"max-image-preview:large","max-video-preview":"max-video-preview:-1"},"canonical":"https:\/\/contrib.city\/index.php\/2022\/06\/17\/transparence-financiere-et-liberte\/","og_locale":"fr_FR","og_type":"article","og_title":"Transparence financi\u00e8re et libert\u00e9 - ContribCity","og_description":"Cette semaine, un panneau d&#8217;affichage a particuli\u00e8rement retenu mon attention. Au premier regard, pourtant, rien de tr\u00e8s original : deux","og_url":"https:\/\/contrib.city\/index.php\/2022\/06\/17\/transparence-financiere-et-liberte\/","og_site_name":"ContribCity","article_published_time":"2022-06-17T21:05:40+00:00","article_modified_time":"2022-06-18T12:50:51+00:00","og_image":[{"width":2560,"height":1555,"url":"https:\/\/contrib.city\/wp-content\/uploads\/2022\/06\/Affichage-electoral-libre-2-scaled.jpg","type":"image\/jpeg"}],"author":"Bertrand de Foucauld","twitter_card":"summary_large_image","twitter_misc":{"\u00c9crit par":"Bertrand de Foucauld","Dur\u00e9e de lecture estim\u00e9e":"8 minutes"},"schema":{"@context":"https:\/\/schema.org","@graph":[{"@type":"Article","@id":"https:\/\/contrib.city\/index.php\/2022\/06\/17\/transparence-financiere-et-liberte\/#article","isPartOf":{"@id":"https:\/\/contrib.city\/index.php\/2022\/06\/17\/transparence-financiere-et-liberte\/"},"author":{"name":"Bertrand de Foucauld","@id":"https:\/\/contrib.city\/#\/schema\/person\/ec389c5a78a37ccaee4e8ce098099db5"},"headline":"Transparence financi\u00e8re et libert\u00e9","datePublished":"2022-06-17T21:05:40+00:00","dateModified":"2022-06-18T12:50:51+00:00","mainEntityOfPage":{"@id":"https:\/\/contrib.city\/index.php\/2022\/06\/17\/transparence-financiere-et-liberte\/"},"wordCount":1568,"commentCount":3,"publisher":{"@id":"https:\/\/contrib.city\/#organization"},"image":{"@id":"https:\/\/contrib.city\/index.php\/2022\/06\/17\/transparence-financiere-et-liberte\/#primaryimage"},"thumbnailUrl":"https:\/\/contrib.city\/wp-content\/uploads\/2022\/06\/Affichage-electoral-libre-2-scaled.jpg","articleSection":{"1":"Vie quotidienne"},"inLanguage":"fr-FR","potentialAction":[{"@type":"CommentAction","name":"Comment","target":["https:\/\/contrib.city\/index.php\/2022\/06\/17\/transparence-financiere-et-liberte\/#respond"]}]},{"@type":"WebPage","@id":"https:\/\/contrib.city\/index.php\/2022\/06\/17\/transparence-financiere-et-liberte\/","url":"https:\/\/contrib.city\/index.php\/2022\/06\/17\/transparence-financiere-et-liberte\/","name":"Transparence financi\u00e8re et libert\u00e9 - ContribCity","isPartOf":{"@id":"https:\/\/contrib.city\/#website"},"primaryImageOfPage":{"@id":"https:\/\/contrib.city\/index.php\/2022\/06\/17\/transparence-financiere-et-liberte\/#primaryimage"},"image":{"@id":"https:\/\/contrib.city\/index.php\/2022\/06\/17\/transparence-financiere-et-liberte\/#primaryimage"},"thumbnailUrl":"https:\/\/contrib.city\/wp-content\/uploads\/2022\/06\/Affichage-electoral-libre-2-scaled.jpg","datePublished":"2022-06-17T21:05:40+00:00","dateModified":"2022-06-18T12:50:51+00:00","breadcrumb":{"@id":"https:\/\/contrib.city\/index.php\/2022\/06\/17\/transparence-financiere-et-liberte\/#breadcrumb"},"inLanguage":"fr-FR","potentialAction":[{"@type":"ReadAction","target":["https:\/\/contrib.city\/index.php\/2022\/06\/17\/transparence-financiere-et-liberte\/"]}]},{"@type":"ImageObject","inLanguage":"fr-FR","@id":"https:\/\/contrib.city\/index.php\/2022\/06\/17\/transparence-financiere-et-liberte\/#primaryimage","url":"https:\/\/contrib.city\/wp-content\/uploads\/2022\/06\/Affichage-electoral-libre-2-scaled.jpg","contentUrl":"https:\/\/contrib.city\/wp-content\/uploads\/2022\/06\/Affichage-electoral-libre-2-scaled.jpg","width":2560,"height":1555},{"@type":"BreadcrumbList","@id":"https:\/\/contrib.city\/index.php\/2022\/06\/17\/transparence-financiere-et-liberte\/#breadcrumb","itemListElement":[{"@type":"ListItem","position":1,"name":"Home","item":"https:\/\/contrib.city\/"},{"@type":"ListItem","position":2,"name":"Transparence financi\u00e8re et libert\u00e9"}]},{"@type":"WebSite","@id":"https:\/\/contrib.city\/#website","url":"https:\/\/contrib.city\/","name":"ContribCity","description":"Parlons de nos lieux de vie","publisher":{"@id":"https:\/\/contrib.city\/#organization"},"potentialAction":[{"@type":"SearchAction","target":{"@type":"EntryPoint","urlTemplate":"https:\/\/contrib.city\/?s={search_term_string}"},"query-input":{"@type":"PropertyValueSpecification","valueRequired":true,"valueName":"search_term_string"}}],"inLanguage":"fr-FR"},{"@type":"Organization","@id":"https:\/\/contrib.city\/#organization","name":"ContribCity","url":"https:\/\/contrib.city\/","logo":{"@type":"ImageObject","inLanguage":"fr-FR","@id":"https:\/\/contrib.city\/#\/schema\/logo\/image\/","url":"https:\/\/contrib.city\/wp-content\/uploads\/2020\/01\/cropped-Parlons-de-nos-lieux-de-vie-2.jpg","contentUrl":"https:\/\/contrib.city\/wp-content\/uploads\/2020\/01\/cropped-Parlons-de-nos-lieux-de-vie-2.jpg","width":1133,"height":218,"caption":"ContribCity"},"image":{"@id":"https:\/\/contrib.city\/#\/schema\/logo\/image\/"}},{"@type":"Person","@id":"https:\/\/contrib.city\/#\/schema\/person\/ec389c5a78a37ccaee4e8ce098099db5","name":"Bertrand de Foucauld","image":{"@type":"ImageObject","inLanguage":"fr-FR","@id":"https:\/\/secure.gravatar.com\/avatar\/c49e25550e4609092f7a00fb677a980813788778df987b36cad9b0fc85a8bf73?s=96&d=mm&r=g","url":"https:\/\/secure.gravatar.com\/avatar\/c49e25550e4609092f7a00fb677a980813788778df987b36cad9b0fc85a8bf73?s=96&d=mm&r=g","contentUrl":"https:\/\/secure.gravatar.com\/avatar\/c49e25550e4609092f7a00fb677a980813788778df987b36cad9b0fc85a8bf73?s=96&d=mm&r=g","caption":"Bertrand de Foucauld"},"url":"https:\/\/contrib.city\/index.php\/author\/bertrand\/"}]}},"jetpack_featured_media_url":"https:\/\/contrib.city\/wp-content\/uploads\/2022\/06\/Affichage-electoral-libre-2-scaled.jpg","jetpack_sharing_enabled":true,"post_mailing_queue_ids":[],"_links":{"self":[{"href":"https:\/\/contrib.city\/index.php\/wp-json\/wp\/v2\/posts\/8822","targetHints":{"allow":["GET"]}}],"collection":[{"href":"https:\/\/contrib.city\/index.php\/wp-json\/wp\/v2\/posts"}],"about":[{"href":"https:\/\/contrib.city\/index.php\/wp-json\/wp\/v2\/types\/post"}],"author":[{"embeddable":true,"href":"https:\/\/contrib.city\/index.php\/wp-json\/wp\/v2\/users\/1"}],"replies":[{"embeddable":true,"href":"https:\/\/contrib.city\/index.php\/wp-json\/wp\/v2\/comments?post=8822"}],"version-history":[{"count":30,"href":"https:\/\/contrib.city\/index.php\/wp-json\/wp\/v2\/posts\/8822\/revisions"}],"predecessor-version":[{"id":8832,"href":"https:\/\/contrib.city\/index.php\/wp-json\/wp\/v2\/posts\/8822\/revisions\/8832"}],"wp:featuredmedia":[{"embeddable":true,"href":"https:\/\/contrib.city\/index.php\/wp-json\/wp\/v2\/media\/8848"}],"wp:attachment":[{"href":"https:\/\/contrib.city\/index.php\/wp-json\/wp\/v2\/media?parent=8822"}],"wp:term":[{"taxonomy":"category","embeddable":true,"href":"https:\/\/contrib.city\/index.php\/wp-json\/wp\/v2\/categories?post=8822"},{"taxonomy":"post_tag","embeddable":true,"href":"https:\/\/contrib.city\/index.php\/wp-json\/wp\/v2\/tags?post=8822"}],"curies":[{"name":"wp","href":"https:\/\/api.w.org\/{rel}","templated":true}]}}