{"id":9233,"date":"2025-01-14T21:22:45","date_gmt":"2025-01-14T20:22:45","guid":{"rendered":"https:\/\/contrib.city\/?p=9233"},"modified":"2026-01-23T11:06:59","modified_gmt":"2026-01-23T10:06:59","slug":"le-mystere-aubert-les-ambiguites-des-voeux-de-ledile","status":"publish","type":"post","link":"https:\/\/contrib.city\/index.php\/2025\/01\/14\/le-mystere-aubert-les-ambiguites-des-voeux-de-ledile\/","title":{"rendered":"Le myst\u00e8re Aubert &#8211; Les ambigu\u00eft\u00e9s des v\u0153ux de l&#8217;\u00e9dile"},"content":{"rendered":"<p style=\"text-align: justify;\">Samedi dernier, le maire de Jouy-en-Josas, a pr\u00e9sent\u00e9 <a href=\"https:\/\/www.facebook.com\/watch\/live\/?ref=watch_permalink&amp;v=9446721252027924\" target=\"_blank\" rel=\"noopener\">ses v\u0153ux aux Jovaciens<\/a>, par l&#8217;interm\u00e9diaire de son premier-adjoint, du fait d&#8217;un arr\u00eat m\u00e9dical.<\/p>\n<p style=\"text-align: justify;\">Souhaitons tout d&#8217;abord un prompt r\u00e9tablissement \u00e0 notre cher \u00e9dile et remercions-le pour sa prose. Pour r\u00e9sumer, le discours de Mme Aubert portait sur quatre points : le budget, le social, l&#8217;environnement et enfin l&#8217;attractivit\u00e9 territoriale. A ces quatre points fort int\u00e9ressants auxquels je porterai des remarques, je rajouterai un autre aspect de ce discours : un th\u00e8me qui n&#8217;a \u00e9t\u00e9 \u00e9voqu\u00e9 ni par l&#8217;\u00e9dile ni par son adjoint mais qui sous-tend l&#8217;int\u00e9gralit\u00e9 de la vie publique \u00e0 Jouy-en-Josas (et au-del\u00e0). &nbsp;<\/p>\n<p style=\"text-align: justify;\">Gilles Curti a donn\u00e9 beaucoup de d\u00e9tails concrets au sujet des d\u00e9penses de la commune : nouveaux logements, nouvelles d\u00e9penses sociales vis-\u00e0-vis des publics fragiles, comme par exemple, les personnes \u00e2g\u00e9es, mais \u00e9galement vis-\u00e0-vis de populations plus \u00e9loign\u00e9es, comme les habitants \u00e0 Mayotte ou encore au Cambodge. Un moment, je me suis m\u00eame demand\u00e9 si le discours avait lieu au Quai d&#8217;Orsay ou \u00e0 Jouy-en-Josas. A ce propos d&#8217;ailleurs, notre ancien d\u00e9put\u00e9 et actuel chef de notre diplomatie, Jean-No\u00ebl Barrot, pr\u00e9sent lui aussi, a rappel\u00e9 qu&#8217;il <em>[rendait] hommage \u00e0 la libert\u00e9 d&#8217;expression, \u00e0 la libert\u00e9 d&#8217;opinion qui sont des tr\u00e9sors [qu&#8217;il] d\u00e9fendra toujours avec beaucoup d&#8217;ardeur<\/em><span class=\"footnote_referrer\"><a role=\"button\" tabindex=\"0\" onclick=\"footnote_moveToReference_9233_1('footnote_plugin_reference_9233_1_1');\" onkeypress=\"footnote_moveToReference_9233_1('footnote_plugin_reference_9233_1_1');\" ><sup id=\"footnote_plugin_tooltip_9233_1_1\" class=\"footnote_plugin_tooltip_text\">[1]<\/sup><\/a><span id=\"footnote_plugin_tooltip_text_9233_1_1\" class=\"footnote_tooltip\">64e minute apr\u00e8s le d\u00e9but de la c\u00e9r\u00e9monie.<\/span><\/span><script type=\"text\/javascript\"> jQuery('#footnote_plugin_tooltip_9233_1_1').tooltip({ tip: '#footnote_plugin_tooltip_text_9233_1_1', tipClass: 'footnote_tooltip', effect: 'fade', predelay: 0, fadeInSpeed: 200, delay: 400, fadeOutSpeed: 200, position: 'top right', relative: true, offset: [10, 10], });<\/script>. A la bonne heure! Esp\u00e9rons qu&#8217;aucun Jovacien ne se fasse plus menacer, par l&#8217;\u00e9dile actuel, de <a href=\"https:\/\/contrib.city\/index.php\/2020\/10\/15\/m-h-aubert-je-vais-porter-plainte-contre-foucault-pour-lui-mettre-du-plomb-dans-la-tete\/?highlight=plomb%20dans%20la%20t%C3%AAte\" target=\"_blank\" rel=\"noopener\">plomb dans la t\u00eate<\/a>, pour avoir simplement d\u00e9nonc\u00e9 les mensonges r\u00e9p\u00e9t\u00e9s de la part de l&#8217;\u00e9lue. Ces exemples de solidarit\u00e9 tropicale paraissent quand m\u00eame tr\u00e8s \u00e9loign\u00e9s de l&#8217;\u00e9chelle locale de Jouy. Mais ils mettent en exergue un point crucial du budget : beaucoup de d\u00e9penses sociales mais quid des recettes? Nous reviendrons un peu plus tard sur cette question.<\/p>\n<p style=\"text-align: justify;\">En ce qui concerne l&#8217;environnement, c&#8217;est-\u00e0-dire, concr\u00e8tement, la pr\u00e9vention des inondations, le pire a \u00e9t\u00e9 \u00e9vit\u00e9 malgr\u00e9 deux pluies importantes en mai et octobre 2024. M. Curti a rappel\u00e9 l&#8217;importance de la naturalisation de la Bi\u00e8vre : cela consiste \u00e0 rendre les m\u00e9andres originels au cours d&#8217;eau afin que le lit majeur puisse s&#8217;\u00e9tendre sur des prairies pr\u00e9vues \u00e0 cet effet et diminue ainsi la pression fluviale en aval. C&#8217;est ce que l&#8217;on appelle une politique pr\u00e9ventive et donc sage : <em>il vaut mieux \u00e9taler l&#8217;eau que la contenir<\/em><span class=\"footnote_referrer\"><a role=\"button\" tabindex=\"0\" onclick=\"footnote_moveToReference_9233_1('footnote_plugin_reference_9233_1_2');\" onkeypress=\"footnote_moveToReference_9233_1('footnote_plugin_reference_9233_1_2');\" ><sup id=\"footnote_plugin_tooltip_9233_1_2\" class=\"footnote_plugin_tooltip_text\">[2]<\/sup><\/a><span id=\"footnote_plugin_tooltip_text_9233_1_2\" class=\"footnote_tooltip\">SALOMON Jean-No\u00ebl, <a href=\"https:\/\/www.eyrolles.com\/Sciences\/Livre\/l-homme-face-aux-crues-et-aux-inondations-9782867811999\/\" aria-label=\"L'homme face aux crues et aux inondations\">L&#8217;homme face aux crues et aux inondations <\/a>, Presses universitaires de Bordeaux, 1997<\/span><\/span><script type=\"text\/javascript\"> jQuery('#footnote_plugin_tooltip_9233_1_2').tooltip({ tip: '#footnote_plugin_tooltip_text_9233_1_2', tipClass: 'footnote_tooltip', effect: 'fade', predelay: 0, fadeInSpeed: 200, delay: 400, fadeOutSpeed: 200, position: 'top right', relative: true, offset: [10, 10], });<\/script>. Mais du coup, une grande question se pose : pourquoi diantre notre maire tient absolument a b\u00e9tonner le terrain &#8220;RFF&#8221; qui, justement, est inondable et donc fait partie du lit majeur de la rivi\u00e8re? A quoi cela sert-il de r\u00e9tablir, \u00e0 grand frais, les douces courbes de la Bi\u00e8vre si c&#8217;est pour casser cette dynamique, quelques centaines de m\u00e8tres plus loin, en construisant des immeubles et la voirie qui va avec?&nbsp;<\/p>\n<p style=\"text-align: justify;\">Au sujet de l&#8217;attractivit\u00e9 de Jouy-en-Josas, le projet de l&#8217;h\u00f4tel \u00e0 Montcel est sans conteste une r\u00e9ussite. La participation du chef de l&#8217;opposition municipale, Jean-Paul Rigal, pr\u00e9sident de l&#8217;\u00e9cole h\u00f4teli\u00e8re Ferrandi et d\u00e9cor\u00e9 par le propre patron de M. Barrot, pourrait apporter un soutien politique \u00e0 cet \u00e9tablissement exploit\u00e9 par le groupe \u00e9tats-unien <a href=\"https:\/\/www.wyndhamhotels.com\/fr-ca\/hotels\/jouy-en-josas-france?brand_id=ALL&amp;checkInDate=1\/21\/2025&amp;checkOutDate=1\/24\/2025&amp;useWRPoints=false&amp;children=0&amp;adults=2&amp;rooms=1&amp;loc=ChIJ902T5Ll-5kcRhpknzGblp-E&amp;sessionId=1737021095\" target=\"_blank\" rel=\"noopener\">Wyndham<\/a><span class=\"footnote_referrer\"><a role=\"button\" tabindex=\"0\" onclick=\"footnote_moveToReference_9233_1('footnote_plugin_reference_9233_1_3');\" onkeypress=\"footnote_moveToReference_9233_1('footnote_plugin_reference_9233_1_3');\" ><sup id=\"footnote_plugin_tooltip_9233_1_3\" class=\"footnote_plugin_tooltip_text\">[3]<\/sup><\/a><span id=\"footnote_plugin_tooltip_text_9233_1_3\" class=\"footnote_tooltip\">Rectificatif apport\u00e9 le 16 janvier : les propri\u00e9taires des murs et du fond s&#8217;appellent <a href=\"https:\/\/www.acapace.eu\/autres-activites\/\" target=\"_blank\" rel=\"noopener\">Acapace<\/a> et <a href=\"https:\/\/www.groupe-sofival.com\/activites\" target=\"_blank\" rel=\"noopener\">Sofival<\/a>.<\/span><\/span><script type=\"text\/javascript\"> jQuery('#footnote_plugin_tooltip_9233_1_3').tooltip({ tip: '#footnote_plugin_tooltip_text_9233_1_3', tipClass: 'footnote_tooltip', effect: 'fade', predelay: 0, fadeInSpeed: 200, delay: 400, fadeOutSpeed: 200, position: 'top right', relative: true, offset: [10, 10], });<\/script>. Par contre, le premier-adjoint a pass\u00e9 sous silence le projet de centre de donn\u00e9es<span class=\"footnote_referrer\"><a role=\"button\" tabindex=\"0\" onclick=\"footnote_moveToReference_9233_1('footnote_plugin_reference_9233_1_4');\" onkeypress=\"footnote_moveToReference_9233_1('footnote_plugin_reference_9233_1_4');\" ><sup id=\"footnote_plugin_tooltip_9233_1_4\" class=\"footnote_plugin_tooltip_text\">[4]<\/sup><\/a><span id=\"footnote_plugin_tooltip_text_9233_1_4\" class=\"footnote_tooltip\"><em>data center<\/em> en anglais<\/span><\/span><script type=\"text\/javascript\"> jQuery('#footnote_plugin_tooltip_9233_1_4').tooltip({ tip: '#footnote_plugin_tooltip_text_9233_1_4', tipClass: 'footnote_tooltip', effect: 'fade', predelay: 0, fadeInSpeed: 200, delay: 400, fadeOutSpeed: 200, position: 'top right', relative: true, offset: [10, 10], });<\/script> qui annon\u00e7ait pourtant un formidable investissement dans les technologies actuelles, notamment \u00e0 l&#8217;heure de la m\u00e9diatisation de l&#8217;intelligence artificielle<span class=\"footnote_referrer\"><a role=\"button\" tabindex=\"0\" onclick=\"footnote_moveToReference_9233_1('footnote_plugin_reference_9233_1_5');\" onkeypress=\"footnote_moveToReference_9233_1('footnote_plugin_reference_9233_1_5');\" ><sup id=\"footnote_plugin_tooltip_9233_1_5\" class=\"footnote_plugin_tooltip_text\">[5]<\/sup><\/a><span id=\"footnote_plugin_tooltip_text_9233_1_5\" class=\"footnote_tooltip\">Le processus d&#8217;intelligence artificielle, c&#8217;est-\u00e0-dire de gestion \u00e9volutive des donn\u00e9es existe depuis plusieurs d\u00e9cennies mais cela s&#8217;appelait la <em>mod\u00e9lisation num\u00e9rique<\/em>.<\/span><\/span><script type=\"text\/javascript\"> jQuery('#footnote_plugin_tooltip_9233_1_5').tooltip({ tip: '#footnote_plugin_tooltip_text_9233_1_5', tipClass: 'footnote_tooltip', effect: 'fade', predelay: 0, fadeInSpeed: 200, delay: 400, fadeOutSpeed: 200, position: 'top right', relative: true, offset: [10, 10], });<\/script>. Ce projet, qui consistait notamment \u00e0 refroidir les ordinateurs par immersion, a coul\u00e9 corps et biens : le propri\u00e9taire envisagerait de cr\u00e9er un espace de travail partag\u00e9<span class=\"footnote_referrer\"><a role=\"button\" tabindex=\"0\" onclick=\"footnote_moveToReference_9233_1('footnote_plugin_reference_9233_1_6');\" onkeypress=\"footnote_moveToReference_9233_1('footnote_plugin_reference_9233_1_6');\" ><sup id=\"footnote_plugin_tooltip_9233_1_6\" class=\"footnote_plugin_tooltip_text\">[6]<\/sup><\/a><span id=\"footnote_plugin_tooltip_text_9233_1_6\" class=\"footnote_tooltip\"><em>co-working<\/em><\/span><\/span><script type=\"text\/javascript\"> jQuery('#footnote_plugin_tooltip_9233_1_6').tooltip({ tip: '#footnote_plugin_tooltip_text_9233_1_6', tipClass: 'footnote_tooltip', effect: 'fade', predelay: 0, fadeInSpeed: 200, delay: 400, fadeOutSpeed: 200, position: 'top right', relative: true, offset: [10, 10], });<\/script>.<\/p>\n<p style=\"text-align: justify;\">Je passe rapidement sur le projet tinctorial<span class=\"footnote_referrer\"><a role=\"button\" tabindex=\"0\" onclick=\"footnote_moveToReference_9233_1('footnote_plugin_reference_9233_1_7');\" onkeypress=\"footnote_moveToReference_9233_1('footnote_plugin_reference_9233_1_7');\" ><sup id=\"footnote_plugin_tooltip_9233_1_7\" class=\"footnote_plugin_tooltip_text\">[7]<\/sup><\/a><span id=\"footnote_plugin_tooltip_text_9233_1_7\" class=\"footnote_tooltip\">mot savant qui veut dire <em>relatif aux teintes<\/em><\/span><\/span><script type=\"text\/javascript\"> jQuery('#footnote_plugin_tooltip_9233_1_7').tooltip({ tip: '#footnote_plugin_tooltip_text_9233_1_7', tipClass: 'footnote_tooltip', effect: 'fade', predelay: 0, fadeInSpeed: 200, delay: 400, fadeOutSpeed: 200, position: 'top right', relative: true, offset: [10, 10], });<\/script> sur l&#8217;ancienne propri\u00e9t\u00e9 <em>Claveau<\/em> rachet\u00e9e \u00e0 prix d&#8217;or par la commune : on a vraiment l&#8217;impression de marcher sur la t\u00eate! Je me souviens d&#8217;un documentaire sur la production d&#8217;essences de parfum \u00e0 partir de fleurs : ces derni\u00e8res poussaient dans des zones rurales. La logique territoriale tend \u00e0 mettre en p\u00e9riph\u00e9rie les productions \u00e0 faible valeur ajout\u00e9e, mais forte demandeuses en espaces (les champs floraux), et \u00e0 installer en centre-ville les activit\u00e9s \u00e0 forte plus-value mais moins demandeuses en espace (les boutiques de luxe). Ce projet de teintes co\u00fbterait une fortune (le prix du foncier urbain, co\u00fbt de la main d\u2019\u0153uvre) avec un rendement faible. Mais est-ce que l&#8217;am\u00e9nagement de cet espace vert, financ\u00e9 avec de l&#8217;argent public, pourrait servir les int\u00e9r\u00eats de quelques uns? En 2021 d\u00e9j\u00e0, <a href=\"https:\/\/contrib.city\/index.php\/2021\/11\/26\/jouy-en-josas-laffaire-des-serres\/?highlight=serres\" target=\"_blank\" rel=\"noopener\">Contrib&#8217;City s&#8217;\u00e9tait pench\u00e9 sur la question<\/a>.&nbsp;<\/p>\n<p style=\"text-align: justify;\">Enfin, <em>last but not least<\/em>, une question me taraude : celle de la confiance. Comment cela, <em>la confiance<\/em>, me direz-vous? Oui, la confiance! En effet, comment faire confiance \u00e0 un <a href=\"https:\/\/contrib.city\/index.php\/2021\/04\/22\/le-mystere-aubert-lelue-beneficiait-de-largesses-de-la-part-du-premier-adjoint-de-jouy-en-josas\/?highlight=largesses\" target=\"_blank\" rel=\"noopener\">premier-adjoint qui a h\u00e9berg\u00e9 son \u00e9dile<\/a>, pendant des ann\u00e9es, \u00e0 un tarif inf\u00e9rieur \u00e0 50% du march\u00e9, dans une villa luxueuse? Comment faire confiance \u00e0 un bin\u00f4me lorsque l&#8217;on peut se demander : est-ce que Marie-H\u00e9l\u00e8ne Aubert a promu Gilles Curti Premier-adjoint parce que ce dernier l&#8217;avait h\u00e9berg\u00e9e \u00e0 un tarif d\u00e9fiant toute concurrence ou bien du fait de ses comp\u00e9tences dans un domaine particulier?&nbsp;<\/p>\n<p style=\"text-align: justify;\">L&#8217;ironie supr\u00eame du discours du maire, et relay\u00e9 par Gilles Curti, se situe dans cet extrait : <em>L&#8217;honneur d&#8217;une soci\u00e9t\u00e9 [se mesure] \u00e0 la fa\u00e7on dont elle prend soin des plus fragiles<\/em>. Lorsque l&#8217;on sait que, d&#8217;apr\u00e8s le <a href=\"https:\/\/contrib.city\/index.php\/2021\/10\/14\/le-mystere-aubert-lenigme-de-la-demi-lune\/?highlight=demi-lune\" target=\"_blank\" rel=\"noopener\">propri\u00e9taire de la parcelle concern\u00e9e<\/a>, c&#8217;est la mairie de Jouy-en-Josas qui s&#8217;\u00e9tait occup\u00e9e du goudronnage de l&#8217;entr\u00e9e de la magnifique propri\u00e9t\u00e9 priv\u00e9e du Premier-adjoint, quand on sait que notre ch\u00e8re \u00e9dile, millionnaire, pour un voyage \u00e0 vocation humanitaire en Afrique, n&#8217;a pas h\u00e9sit\u00e9, avec l&#8217;argent du contribuable bien s\u00fbr, \u00e0 voyager en classe <em>Premium<\/em>, lorsque l&#8217;on sait que la loi p\u00e9nale sur la transparence de la vie publique est tr\u00e8s claire sur les obligations des \u00e9lus locaux mais que cela n&#8217;emp\u00eache pas Marie-H\u00e9l\u00e8ne Aubert de signer, sur <em>l&#8217;honneur<\/em>, et ce depuis bient\u00f4t dix ans, de <a href=\"https:\/\/contrib.city\/index.php\/2020\/08\/27\/m-h-aubert-declarait-seulement-484-e-de-remunerations-en-2015-a-la-hatvp\/?highlight=484\" target=\"_blank\" rel=\"noopener\">fausses d\u00e9clarations \u00e0 la HATVP<\/a>, l&#8217;utilisation du mot <em>honneur<\/em> dans leur bouche a comme un dr\u00f4le de relent. Peut-\u00eatre devraient-il moins l&#8217;utiliser et le pratiquer davantage, ne serait-ce que pour la sauvegarde de notre d\u00e9mocratie locale?<\/p>\n<p>&nbsp;<\/p>\n<p style=\"text-align: justify;\"><em>Au vu des diff\u00e9rents \u00e9v\u00e8nements locaux, j&#8217;ai voulu me renseigner sur la d\u00e9finition du mot <\/em>honneur<em>. J&#8217;ai trouv\u00e9 plusieurs significations mais j&#8217;en retiens une : un <\/em>homme d&#8217;honneur<em> est une personne digne de confiance, estimable. Mais que se passe-t-il quand cette confiance est trahie par le mensonge?<\/em><\/p>\n<p style=\"text-align: justify;\"><em>(Photo de couverture : Gilles Curti, Premier-adjoint au maire de Jouy-en-Josas, lisant les v\u0153ux de Marie-H\u00e9l\u00e8ne Aubert aux Jovaciens. Sources : Facebook, le 11 janvier 2025).<\/em><\/p>\n<p>&nbsp;<\/p>\n<p>&nbsp;<\/p>\n<p>&nbsp;<\/p>\n<p>&nbsp;<\/p>\n<div class=\"speaker-mute footnotes_reference_container\"> <div class=\"footnote_container_prepare\"><p><span role=\"button\" tabindex=\"0\" class=\"footnote_reference_container_label pointer\" onclick=\"footnote_expand_collapse_reference_container_9233_1();\">R\u00e9f\u00e9rences<\/span><span role=\"button\" tabindex=\"0\" class=\"footnote_reference_container_collapse_button\" style=\"\" onclick=\"footnote_expand_collapse_reference_container_9233_1();\">[<a id=\"footnote_reference_container_collapse_button_9233_1\">+<\/a>]<\/span><\/p><\/div> <div id=\"footnote_references_container_9233_1\" style=\"display: none;\"><table class=\"footnotes_table footnote-reference-container\"><caption class=\"accessibility\">R\u00e9f\u00e9rences<\/caption> <tbody> \r\n\r\n<tr class=\"footnotes_plugin_reference_row\"> <th scope=\"row\" class=\"footnote_plugin_index_combi pointer\"  onclick=\"footnote_moveToAnchor_9233_1('footnote_plugin_tooltip_9233_1_1');\"><a id=\"footnote_plugin_reference_9233_1_1\" class=\"footnote_backlink\"><span class=\"footnote_index_arrow\">&#8593;<\/span>1<\/a><\/th> <td class=\"footnote_plugin_text\">64e minute apr\u00e8s le d\u00e9but de la c\u00e9r\u00e9monie.<\/td><\/tr>\r\n\r\n<tr class=\"footnotes_plugin_reference_row\"> <th scope=\"row\" class=\"footnote_plugin_index_combi pointer\"  onclick=\"footnote_moveToAnchor_9233_1('footnote_plugin_tooltip_9233_1_2');\"><a id=\"footnote_plugin_reference_9233_1_2\" class=\"footnote_backlink\"><span class=\"footnote_index_arrow\">&#8593;<\/span>2<\/a><\/th> <td class=\"footnote_plugin_text\">SALOMON Jean-No\u00ebl, <a href=\"https:\/\/www.eyrolles.com\/Sciences\/Livre\/l-homme-face-aux-crues-et-aux-inondations-9782867811999\/\" aria-label=\"L'homme face aux crues et aux inondations\">L&#8217;homme face aux crues et aux inondations <\/a>, Presses universitaires de Bordeaux, 1997<\/td><\/tr>\r\n\r\n<tr class=\"footnotes_plugin_reference_row\"> <th scope=\"row\" class=\"footnote_plugin_index_combi pointer\"  onclick=\"footnote_moveToAnchor_9233_1('footnote_plugin_tooltip_9233_1_3');\"><a id=\"footnote_plugin_reference_9233_1_3\" class=\"footnote_backlink\"><span class=\"footnote_index_arrow\">&#8593;<\/span>3<\/a><\/th> <td class=\"footnote_plugin_text\">Rectificatif apport\u00e9 le 16 janvier : les propri\u00e9taires des murs et du fond s&#8217;appellent <a href=\"https:\/\/www.acapace.eu\/autres-activites\/\" target=\"_blank\" rel=\"noopener\">Acapace<\/a> et <a href=\"https:\/\/www.groupe-sofival.com\/activites\" target=\"_blank\" rel=\"noopener\">Sofival<\/a>.<\/td><\/tr>\r\n\r\n<tr class=\"footnotes_plugin_reference_row\"> <th scope=\"row\" class=\"footnote_plugin_index_combi pointer\"  onclick=\"footnote_moveToAnchor_9233_1('footnote_plugin_tooltip_9233_1_4');\"><a id=\"footnote_plugin_reference_9233_1_4\" class=\"footnote_backlink\"><span class=\"footnote_index_arrow\">&#8593;<\/span>4<\/a><\/th> <td class=\"footnote_plugin_text\"><em>data center<\/em> en anglais<\/td><\/tr>\r\n\r\n<tr class=\"footnotes_plugin_reference_row\"> <th scope=\"row\" class=\"footnote_plugin_index_combi pointer\"  onclick=\"footnote_moveToAnchor_9233_1('footnote_plugin_tooltip_9233_1_5');\"><a id=\"footnote_plugin_reference_9233_1_5\" class=\"footnote_backlink\"><span class=\"footnote_index_arrow\">&#8593;<\/span>5<\/a><\/th> <td class=\"footnote_plugin_text\">Le processus d&#8217;intelligence artificielle, c&#8217;est-\u00e0-dire de gestion \u00e9volutive des donn\u00e9es existe depuis plusieurs d\u00e9cennies mais cela s&#8217;appelait la <em>mod\u00e9lisation num\u00e9rique<\/em>.<\/td><\/tr>\r\n\r\n<tr class=\"footnotes_plugin_reference_row\"> <th scope=\"row\" class=\"footnote_plugin_index_combi pointer\"  onclick=\"footnote_moveToAnchor_9233_1('footnote_plugin_tooltip_9233_1_6');\"><a id=\"footnote_plugin_reference_9233_1_6\" class=\"footnote_backlink\"><span class=\"footnote_index_arrow\">&#8593;<\/span>6<\/a><\/th> <td class=\"footnote_plugin_text\"><em>co-working<\/em><\/td><\/tr>\r\n\r\n<tr class=\"footnotes_plugin_reference_row\"> <th scope=\"row\" class=\"footnote_plugin_index_combi pointer\"  onclick=\"footnote_moveToAnchor_9233_1('footnote_plugin_tooltip_9233_1_7');\"><a id=\"footnote_plugin_reference_9233_1_7\" class=\"footnote_backlink\"><span class=\"footnote_index_arrow\">&#8593;<\/span>7<\/a><\/th> <td class=\"footnote_plugin_text\">mot savant qui veut dire <em>relatif aux teintes<\/em><\/td><\/tr>\r\n\r\n <\/tbody> <\/table> <\/div><\/div><script type=\"text\/javascript\"> function footnote_expand_reference_container_9233_1() { jQuery('#footnote_references_container_9233_1').show(); jQuery('#footnote_reference_container_collapse_button_9233_1').text('\u2212'); } function footnote_collapse_reference_container_9233_1() { jQuery('#footnote_references_container_9233_1').hide(); jQuery('#footnote_reference_container_collapse_button_9233_1').text('+'); } function footnote_expand_collapse_reference_container_9233_1() { if (jQuery('#footnote_references_container_9233_1').is(':hidden')) { footnote_expand_reference_container_9233_1(); } else { footnote_collapse_reference_container_9233_1(); } } function footnote_moveToReference_9233_1(p_str_TargetID) { footnote_expand_reference_container_9233_1(); var l_obj_Target = jQuery('#' + p_str_TargetID); if (l_obj_Target.length) { jQuery( 'html, body' ).delay( 0 ); jQuery('html, body').animate({ scrollTop: l_obj_Target.offset().top - window.innerHeight * 0.2 }, 380); } } function footnote_moveToAnchor_9233_1(p_str_TargetID) { footnote_expand_reference_container_9233_1(); var l_obj_Target = jQuery('#' + p_str_TargetID); if (l_obj_Target.length) { jQuery( 'html, body' ).delay( 0 ); jQuery('html, body').animate({ scrollTop: l_obj_Target.offset().top - window.innerHeight * 0.2 }, 380); } }<\/script>","protected":false},"excerpt":{"rendered":"<p>Samedi dernier, le maire de Jouy-en-Josas, a pr\u00e9sent\u00e9 ses v\u0153ux aux Jovaciens, par l&#8217;interm\u00e9diaire de son premier-adjoint, du fait d&#8217;un<\/p>\n","protected":false},"author":1,"featured_media":9236,"comment_status":"open","ping_status":"open","sticky":false,"template":"","format":"standard","meta":{"_acf_changed":false,"inline_featured_image":false,"_exactmetrics_skip_tracking":false,"_exactmetrics_sitenote_active":false,"_exactmetrics_sitenote_note":"","_exactmetrics_sitenote_category":0,"ngg_post_thumbnail":0,"_jetpack_memberships_contains_paid_content":false,"footnotes":""},"categories":[2],"tags":[],"class_list":["post-9233","post","type-post","status-publish","format-standard","has-post-thumbnail","hentry","category-commerce-fr"],"acf":[],"yoast_head":"<!-- This site is optimized with the Yoast SEO plugin v27.2 - https:\/\/yoast.com\/product\/yoast-seo-wordpress\/ -->\n<title>Le myst\u00e8re Aubert - Les ambigu\u00eft\u00e9s des v\u0153ux de l&#039;\u00e9dile - ContribCity<\/title>\n<meta name=\"robots\" content=\"index, follow, max-snippet:-1, max-image-preview:large, max-video-preview:-1\" \/>\n<link rel=\"canonical\" href=\"https:\/\/contrib.city\/index.php\/2025\/01\/14\/le-mystere-aubert-les-ambiguites-des-voeux-de-ledile\/\" \/>\n<meta property=\"og:locale\" content=\"fr_FR\" \/>\n<meta property=\"og:type\" content=\"article\" \/>\n<meta property=\"og:title\" content=\"Le myst\u00e8re Aubert - Les ambigu\u00eft\u00e9s des v\u0153ux de l&#039;\u00e9dile - ContribCity\" \/>\n<meta property=\"og:description\" content=\"Samedi dernier, le maire de Jouy-en-Josas, a pr\u00e9sent\u00e9 ses v\u0153ux aux Jovaciens, par l&#8217;interm\u00e9diaire de son premier-adjoint, du fait d&#8217;un\" \/>\n<meta property=\"og:url\" content=\"https:\/\/contrib.city\/index.php\/2025\/01\/14\/le-mystere-aubert-les-ambiguites-des-voeux-de-ledile\/\" \/>\n<meta property=\"og:site_name\" content=\"ContribCity\" \/>\n<meta property=\"article:published_time\" content=\"2025-01-14T20:22:45+00:00\" \/>\n<meta property=\"article:modified_time\" content=\"2026-01-23T10:06:59+00:00\" \/>\n<meta property=\"og:image\" content=\"https:\/\/contrib.city\/wp-content\/uploads\/2025\/01\/Curti-voeux-4.jpg\" \/>\n\t<meta property=\"og:image:width\" content=\"503\" \/>\n\t<meta property=\"og:image:height\" content=\"430\" \/>\n\t<meta property=\"og:image:type\" content=\"image\/jpeg\" \/>\n<meta name=\"author\" content=\"Bertrand de Foucauld\" \/>\n<meta name=\"twitter:card\" content=\"summary_large_image\" \/>\n<meta name=\"twitter:label1\" content=\"\u00c9crit par\" \/>\n\t<meta name=\"twitter:data1\" content=\"Bertrand de Foucauld\" \/>\n\t<meta name=\"twitter:label2\" content=\"Dur\u00e9e de lecture estim\u00e9e\" \/>\n\t<meta name=\"twitter:data2\" content=\"6 minutes\" \/>\n<script type=\"application\/ld+json\" class=\"yoast-schema-graph\">{\"@context\":\"https:\/\/schema.org\",\"@graph\":[{\"@type\":\"Article\",\"@id\":\"https:\/\/contrib.city\/index.php\/2025\/01\/14\/le-mystere-aubert-les-ambiguites-des-voeux-de-ledile\/#article\",\"isPartOf\":{\"@id\":\"https:\/\/contrib.city\/index.php\/2025\/01\/14\/le-mystere-aubert-les-ambiguites-des-voeux-de-ledile\/\"},\"author\":{\"name\":\"Bertrand de Foucauld\",\"@id\":\"https:\/\/contrib.city\/#\/schema\/person\/ec389c5a78a37ccaee4e8ce098099db5\"},\"headline\":\"Le myst\u00e8re Aubert &#8211; Les ambigu\u00eft\u00e9s des v\u0153ux de l&#8217;\u00e9dile\",\"datePublished\":\"2025-01-14T20:22:45+00:00\",\"dateModified\":\"2026-01-23T10:06:59+00:00\",\"mainEntityOfPage\":{\"@id\":\"https:\/\/contrib.city\/index.php\/2025\/01\/14\/le-mystere-aubert-les-ambiguites-des-voeux-de-ledile\/\"},\"wordCount\":1271,\"commentCount\":2,\"publisher\":{\"@id\":\"https:\/\/contrib.city\/#organization\"},\"image\":{\"@id\":\"https:\/\/contrib.city\/index.php\/2025\/01\/14\/le-mystere-aubert-les-ambiguites-des-voeux-de-ledile\/#primaryimage\"},\"thumbnailUrl\":\"https:\/\/contrib.city\/wp-content\/uploads\/2025\/01\/Curti-voeux-4.jpg\",\"articleSection\":[\"Vie quotidienne\"],\"inLanguage\":\"fr-FR\",\"potentialAction\":[{\"@type\":\"CommentAction\",\"name\":\"Comment\",\"target\":[\"https:\/\/contrib.city\/index.php\/2025\/01\/14\/le-mystere-aubert-les-ambiguites-des-voeux-de-ledile\/#respond\"]}]},{\"@type\":\"WebPage\",\"@id\":\"https:\/\/contrib.city\/index.php\/2025\/01\/14\/le-mystere-aubert-les-ambiguites-des-voeux-de-ledile\/\",\"url\":\"https:\/\/contrib.city\/index.php\/2025\/01\/14\/le-mystere-aubert-les-ambiguites-des-voeux-de-ledile\/\",\"name\":\"Le myst\u00e8re Aubert - Les ambigu\u00eft\u00e9s des v\u0153ux de l'\u00e9dile - ContribCity\",\"isPartOf\":{\"@id\":\"https:\/\/contrib.city\/#website\"},\"primaryImageOfPage\":{\"@id\":\"https:\/\/contrib.city\/index.php\/2025\/01\/14\/le-mystere-aubert-les-ambiguites-des-voeux-de-ledile\/#primaryimage\"},\"image\":{\"@id\":\"https:\/\/contrib.city\/index.php\/2025\/01\/14\/le-mystere-aubert-les-ambiguites-des-voeux-de-ledile\/#primaryimage\"},\"thumbnailUrl\":\"https:\/\/contrib.city\/wp-content\/uploads\/2025\/01\/Curti-voeux-4.jpg\",\"datePublished\":\"2025-01-14T20:22:45+00:00\",\"dateModified\":\"2026-01-23T10:06:59+00:00\",\"breadcrumb\":{\"@id\":\"https:\/\/contrib.city\/index.php\/2025\/01\/14\/le-mystere-aubert-les-ambiguites-des-voeux-de-ledile\/#breadcrumb\"},\"inLanguage\":\"fr-FR\",\"potentialAction\":[{\"@type\":\"ReadAction\",\"target\":[\"https:\/\/contrib.city\/index.php\/2025\/01\/14\/le-mystere-aubert-les-ambiguites-des-voeux-de-ledile\/\"]}]},{\"@type\":\"ImageObject\",\"inLanguage\":\"fr-FR\",\"@id\":\"https:\/\/contrib.city\/index.php\/2025\/01\/14\/le-mystere-aubert-les-ambiguites-des-voeux-de-ledile\/#primaryimage\",\"url\":\"https:\/\/contrib.city\/wp-content\/uploads\/2025\/01\/Curti-voeux-4.jpg\",\"contentUrl\":\"https:\/\/contrib.city\/wp-content\/uploads\/2025\/01\/Curti-voeux-4.jpg\",\"width\":503,\"height\":430},{\"@type\":\"BreadcrumbList\",\"@id\":\"https:\/\/contrib.city\/index.php\/2025\/01\/14\/le-mystere-aubert-les-ambiguites-des-voeux-de-ledile\/#breadcrumb\",\"itemListElement\":[{\"@type\":\"ListItem\",\"position\":1,\"name\":\"Home\",\"item\":\"https:\/\/contrib.city\/\"},{\"@type\":\"ListItem\",\"position\":2,\"name\":\"Le myst\u00e8re Aubert &#8211; Les ambigu\u00eft\u00e9s des v\u0153ux de l&#8217;\u00e9dile\"}]},{\"@type\":\"WebSite\",\"@id\":\"https:\/\/contrib.city\/#website\",\"url\":\"https:\/\/contrib.city\/\",\"name\":\"ContribCity\",\"description\":\"Parlons de nos lieux de vie\",\"publisher\":{\"@id\":\"https:\/\/contrib.city\/#organization\"},\"potentialAction\":[{\"@type\":\"SearchAction\",\"target\":{\"@type\":\"EntryPoint\",\"urlTemplate\":\"https:\/\/contrib.city\/?s={search_term_string}\"},\"query-input\":{\"@type\":\"PropertyValueSpecification\",\"valueRequired\":true,\"valueName\":\"search_term_string\"}}],\"inLanguage\":\"fr-FR\"},{\"@type\":\"Organization\",\"@id\":\"https:\/\/contrib.city\/#organization\",\"name\":\"ContribCity\",\"url\":\"https:\/\/contrib.city\/\",\"logo\":{\"@type\":\"ImageObject\",\"inLanguage\":\"fr-FR\",\"@id\":\"https:\/\/contrib.city\/#\/schema\/logo\/image\/\",\"url\":\"https:\/\/contrib.city\/wp-content\/uploads\/2020\/01\/cropped-Parlons-de-nos-lieux-de-vie-2.jpg\",\"contentUrl\":\"https:\/\/contrib.city\/wp-content\/uploads\/2020\/01\/cropped-Parlons-de-nos-lieux-de-vie-2.jpg\",\"width\":1133,\"height\":218,\"caption\":\"ContribCity\"},\"image\":{\"@id\":\"https:\/\/contrib.city\/#\/schema\/logo\/image\/\"}},{\"@type\":\"Person\",\"@id\":\"https:\/\/contrib.city\/#\/schema\/person\/ec389c5a78a37ccaee4e8ce098099db5\",\"name\":\"Bertrand de Foucauld\",\"image\":{\"@type\":\"ImageObject\",\"inLanguage\":\"fr-FR\",\"@id\":\"https:\/\/secure.gravatar.com\/avatar\/c49e25550e4609092f7a00fb677a980813788778df987b36cad9b0fc85a8bf73?s=96&d=mm&r=g\",\"url\":\"https:\/\/secure.gravatar.com\/avatar\/c49e25550e4609092f7a00fb677a980813788778df987b36cad9b0fc85a8bf73?s=96&d=mm&r=g\",\"contentUrl\":\"https:\/\/secure.gravatar.com\/avatar\/c49e25550e4609092f7a00fb677a980813788778df987b36cad9b0fc85a8bf73?s=96&d=mm&r=g\",\"caption\":\"Bertrand de Foucauld\"},\"url\":\"https:\/\/contrib.city\/index.php\/author\/bertrand\/\"}]}<\/script>\n<!-- \/ Yoast SEO plugin. -->","yoast_head_json":{"title":"Le myst\u00e8re Aubert - Les ambigu\u00eft\u00e9s des v\u0153ux de l'\u00e9dile - ContribCity","robots":{"index":"index","follow":"follow","max-snippet":"max-snippet:-1","max-image-preview":"max-image-preview:large","max-video-preview":"max-video-preview:-1"},"canonical":"https:\/\/contrib.city\/index.php\/2025\/01\/14\/le-mystere-aubert-les-ambiguites-des-voeux-de-ledile\/","og_locale":"fr_FR","og_type":"article","og_title":"Le myst\u00e8re Aubert - Les ambigu\u00eft\u00e9s des v\u0153ux de l'\u00e9dile - ContribCity","og_description":"Samedi dernier, le maire de Jouy-en-Josas, a pr\u00e9sent\u00e9 ses v\u0153ux aux Jovaciens, par l&#8217;interm\u00e9diaire de son premier-adjoint, du fait d&#8217;un","og_url":"https:\/\/contrib.city\/index.php\/2025\/01\/14\/le-mystere-aubert-les-ambiguites-des-voeux-de-ledile\/","og_site_name":"ContribCity","article_published_time":"2025-01-14T20:22:45+00:00","article_modified_time":"2026-01-23T10:06:59+00:00","og_image":[{"width":503,"height":430,"url":"https:\/\/contrib.city\/wp-content\/uploads\/2025\/01\/Curti-voeux-4.jpg","type":"image\/jpeg"}],"author":"Bertrand de Foucauld","twitter_card":"summary_large_image","twitter_misc":{"\u00c9crit par":"Bertrand de Foucauld","Dur\u00e9e de lecture estim\u00e9e":"6 minutes"},"schema":{"@context":"https:\/\/schema.org","@graph":[{"@type":"Article","@id":"https:\/\/contrib.city\/index.php\/2025\/01\/14\/le-mystere-aubert-les-ambiguites-des-voeux-de-ledile\/#article","isPartOf":{"@id":"https:\/\/contrib.city\/index.php\/2025\/01\/14\/le-mystere-aubert-les-ambiguites-des-voeux-de-ledile\/"},"author":{"name":"Bertrand de Foucauld","@id":"https:\/\/contrib.city\/#\/schema\/person\/ec389c5a78a37ccaee4e8ce098099db5"},"headline":"Le myst\u00e8re Aubert &#8211; Les ambigu\u00eft\u00e9s des v\u0153ux de l&#8217;\u00e9dile","datePublished":"2025-01-14T20:22:45+00:00","dateModified":"2026-01-23T10:06:59+00:00","mainEntityOfPage":{"@id":"https:\/\/contrib.city\/index.php\/2025\/01\/14\/le-mystere-aubert-les-ambiguites-des-voeux-de-ledile\/"},"wordCount":1271,"commentCount":2,"publisher":{"@id":"https:\/\/contrib.city\/#organization"},"image":{"@id":"https:\/\/contrib.city\/index.php\/2025\/01\/14\/le-mystere-aubert-les-ambiguites-des-voeux-de-ledile\/#primaryimage"},"thumbnailUrl":"https:\/\/contrib.city\/wp-content\/uploads\/2025\/01\/Curti-voeux-4.jpg","articleSection":["Vie quotidienne"],"inLanguage":"fr-FR","potentialAction":[{"@type":"CommentAction","name":"Comment","target":["https:\/\/contrib.city\/index.php\/2025\/01\/14\/le-mystere-aubert-les-ambiguites-des-voeux-de-ledile\/#respond"]}]},{"@type":"WebPage","@id":"https:\/\/contrib.city\/index.php\/2025\/01\/14\/le-mystere-aubert-les-ambiguites-des-voeux-de-ledile\/","url":"https:\/\/contrib.city\/index.php\/2025\/01\/14\/le-mystere-aubert-les-ambiguites-des-voeux-de-ledile\/","name":"Le myst\u00e8re Aubert - Les ambigu\u00eft\u00e9s des v\u0153ux de l'\u00e9dile - ContribCity","isPartOf":{"@id":"https:\/\/contrib.city\/#website"},"primaryImageOfPage":{"@id":"https:\/\/contrib.city\/index.php\/2025\/01\/14\/le-mystere-aubert-les-ambiguites-des-voeux-de-ledile\/#primaryimage"},"image":{"@id":"https:\/\/contrib.city\/index.php\/2025\/01\/14\/le-mystere-aubert-les-ambiguites-des-voeux-de-ledile\/#primaryimage"},"thumbnailUrl":"https:\/\/contrib.city\/wp-content\/uploads\/2025\/01\/Curti-voeux-4.jpg","datePublished":"2025-01-14T20:22:45+00:00","dateModified":"2026-01-23T10:06:59+00:00","breadcrumb":{"@id":"https:\/\/contrib.city\/index.php\/2025\/01\/14\/le-mystere-aubert-les-ambiguites-des-voeux-de-ledile\/#breadcrumb"},"inLanguage":"fr-FR","potentialAction":[{"@type":"ReadAction","target":["https:\/\/contrib.city\/index.php\/2025\/01\/14\/le-mystere-aubert-les-ambiguites-des-voeux-de-ledile\/"]}]},{"@type":"ImageObject","inLanguage":"fr-FR","@id":"https:\/\/contrib.city\/index.php\/2025\/01\/14\/le-mystere-aubert-les-ambiguites-des-voeux-de-ledile\/#primaryimage","url":"https:\/\/contrib.city\/wp-content\/uploads\/2025\/01\/Curti-voeux-4.jpg","contentUrl":"https:\/\/contrib.city\/wp-content\/uploads\/2025\/01\/Curti-voeux-4.jpg","width":503,"height":430},{"@type":"BreadcrumbList","@id":"https:\/\/contrib.city\/index.php\/2025\/01\/14\/le-mystere-aubert-les-ambiguites-des-voeux-de-ledile\/#breadcrumb","itemListElement":[{"@type":"ListItem","position":1,"name":"Home","item":"https:\/\/contrib.city\/"},{"@type":"ListItem","position":2,"name":"Le myst\u00e8re Aubert &#8211; Les ambigu\u00eft\u00e9s des v\u0153ux de l&#8217;\u00e9dile"}]},{"@type":"WebSite","@id":"https:\/\/contrib.city\/#website","url":"https:\/\/contrib.city\/","name":"ContribCity","description":"Parlons de nos lieux de vie","publisher":{"@id":"https:\/\/contrib.city\/#organization"},"potentialAction":[{"@type":"SearchAction","target":{"@type":"EntryPoint","urlTemplate":"https:\/\/contrib.city\/?s={search_term_string}"},"query-input":{"@type":"PropertyValueSpecification","valueRequired":true,"valueName":"search_term_string"}}],"inLanguage":"fr-FR"},{"@type":"Organization","@id":"https:\/\/contrib.city\/#organization","name":"ContribCity","url":"https:\/\/contrib.city\/","logo":{"@type":"ImageObject","inLanguage":"fr-FR","@id":"https:\/\/contrib.city\/#\/schema\/logo\/image\/","url":"https:\/\/contrib.city\/wp-content\/uploads\/2020\/01\/cropped-Parlons-de-nos-lieux-de-vie-2.jpg","contentUrl":"https:\/\/contrib.city\/wp-content\/uploads\/2020\/01\/cropped-Parlons-de-nos-lieux-de-vie-2.jpg","width":1133,"height":218,"caption":"ContribCity"},"image":{"@id":"https:\/\/contrib.city\/#\/schema\/logo\/image\/"}},{"@type":"Person","@id":"https:\/\/contrib.city\/#\/schema\/person\/ec389c5a78a37ccaee4e8ce098099db5","name":"Bertrand de Foucauld","image":{"@type":"ImageObject","inLanguage":"fr-FR","@id":"https:\/\/secure.gravatar.com\/avatar\/c49e25550e4609092f7a00fb677a980813788778df987b36cad9b0fc85a8bf73?s=96&d=mm&r=g","url":"https:\/\/secure.gravatar.com\/avatar\/c49e25550e4609092f7a00fb677a980813788778df987b36cad9b0fc85a8bf73?s=96&d=mm&r=g","contentUrl":"https:\/\/secure.gravatar.com\/avatar\/c49e25550e4609092f7a00fb677a980813788778df987b36cad9b0fc85a8bf73?s=96&d=mm&r=g","caption":"Bertrand de Foucauld"},"url":"https:\/\/contrib.city\/index.php\/author\/bertrand\/"}]}},"jetpack_featured_media_url":"https:\/\/contrib.city\/wp-content\/uploads\/2025\/01\/Curti-voeux-4.jpg","jetpack_sharing_enabled":true,"post_mailing_queue_ids":[],"_links":{"self":[{"href":"https:\/\/contrib.city\/index.php\/wp-json\/wp\/v2\/posts\/9233","targetHints":{"allow":["GET"]}}],"collection":[{"href":"https:\/\/contrib.city\/index.php\/wp-json\/wp\/v2\/posts"}],"about":[{"href":"https:\/\/contrib.city\/index.php\/wp-json\/wp\/v2\/types\/post"}],"author":[{"embeddable":true,"href":"https:\/\/contrib.city\/index.php\/wp-json\/wp\/v2\/users\/1"}],"replies":[{"embeddable":true,"href":"https:\/\/contrib.city\/index.php\/wp-json\/wp\/v2\/comments?post=9233"}],"version-history":[{"count":15,"href":"https:\/\/contrib.city\/index.php\/wp-json\/wp\/v2\/posts\/9233\/revisions"}],"predecessor-version":[{"id":9305,"href":"https:\/\/contrib.city\/index.php\/wp-json\/wp\/v2\/posts\/9233\/revisions\/9305"}],"wp:featuredmedia":[{"embeddable":true,"href":"https:\/\/contrib.city\/index.php\/wp-json\/wp\/v2\/media\/9236"}],"wp:attachment":[{"href":"https:\/\/contrib.city\/index.php\/wp-json\/wp\/v2\/media?parent=9233"}],"wp:term":[{"taxonomy":"category","embeddable":true,"href":"https:\/\/contrib.city\/index.php\/wp-json\/wp\/v2\/categories?post=9233"},{"taxonomy":"post_tag","embeddable":true,"href":"https:\/\/contrib.city\/index.php\/wp-json\/wp\/v2\/tags?post=9233"}],"curies":[{"name":"wp","href":"https:\/\/api.w.org\/{rel}","templated":true}]}}