{"id":9306,"date":"2026-01-30T18:28:23","date_gmt":"2026-01-30T17:28:23","guid":{"rendered":"https:\/\/contrib.city\/?p=9306"},"modified":"2026-01-31T15:17:08","modified_gmt":"2026-01-31T14:17:08","slug":"la-crise-de-la-dette-et-la-loi-sapin-ii","status":"publish","type":"post","link":"https:\/\/contrib.city\/index.php\/2026\/01\/30\/la-crise-de-la-dette-et-la-loi-sapin-ii\/","title":{"rendered":"La crise de la Dette et la loi Sapin II"},"content":{"rendered":"<p class=\"western\" align=\"justify\"><span style=\"font-size: medium;\">Chaque jour, nous entendons parler de la Dette publique fran\u00e7aise avec le risque de crise que cette derni\u00e8re entra\u00eene. Mais qu\u2019est-ce que la crise de la Dette&nbsp;? <\/span><\/p>\n<p class=\"western\" align=\"justify\"><span style=\"font-size: medium;\">La crise de la dette&nbsp;est le moment o\u00f9 le service de la dette que doit payer un Etat est tellement \u00e9lev\u00e9 qu\u2019il entra\u00eene le pays dans une spirale destructrice. Cet Etat doit emprunter non plus uniquement pour rembourser le principal (l\u2019emprunt) mais \u00e9galement pour payer une partie des int\u00e9r\u00eats qu\u2019il doit \u00e0 ses d\u00e9biteurs. Le paiement des int\u00e9r\u00eats ne va donc plus, par cons\u00e9quence, dans le financement des fonctions r\u00e9galiennes comme l\u2019arm\u00e9e, la police, la justice, la monnaie et la diplomatie. Le pays entre dans ce qui est commun\u00e9ment appel\u00e9 une <\/span><span style=\"font-size: medium;\"><i>trappe \u00e0 dette<\/i><\/span><span style=\"font-size: medium;\">. <\/span><\/p>\n<p class=\"western\" align=\"justify\"><span style=\"font-size: medium;\">Regardons le contexte&nbsp;actuel de la France : l\u2019Etat, les administrations et les collectivit\u00e9s locales ont une dette de 7500 milliards d\u2019euros, si l\u2019on incluse <\/span><span style=\"font-size: medium;\"><i>le hors-bilan<\/i><\/span><span style=\"font-size: medium;\">, c\u2019est-\u00e0-dire les engagements de l\u2019\u00c9tat comme par exemple, la retraite des fonctionnaires et la S\u00e9curit\u00e9 Sociale. Cela repr\u00e9sente, au 1<\/span><sup><span style=\"font-size: medium;\">er<\/span><\/sup><span style=\"font-size: medium;\"> janvier 2026 et en France, un emprunt de pr\u00e8s de 110.000 \u20ac par habitant, depuis le b\u00e9b\u00e9 jusqu\u2019au vieillard. Avec un PIB 2025 estim\u00e9 \u00e0 3310 milliards d\u2019euros<span class=\"footnote_referrer\"><a role=\"button\" tabindex=\"0\" onclick=\"footnote_moveToReference_9306_1('footnote_plugin_reference_9306_1_1');\" onkeypress=\"footnote_moveToReference_9306_1('footnote_plugin_reference_9306_1_1');\" ><sup id=\"footnote_plugin_tooltip_9306_1_1\" class=\"footnote_plugin_tooltip_text\">[1]<\/sup><\/a><span id=\"footnote_plugin_tooltip_text_9306_1_1\" class=\"footnote_tooltip\">Worldometer, PIB par pays (2025) \u2013 FMI, le 29\/01\/2025, <span class=\"footnote_url_wrap\">https:\/\/www.worldometers.info\/fr\/pib\/pib-par-pays\/<\/span><\/span><\/span><script type=\"text\/javascript\"> jQuery('#footnote_plugin_tooltip_9306_1_1').tooltip({ tip: '#footnote_plugin_tooltip_text_9306_1_1', tipClass: 'footnote_tooltip', effect: 'fade', predelay: 0, fadeInSpeed: 200, delay: 400, fadeOutSpeed: 200, position: 'top right', relative: true, offset: [10, 10], });<\/script>, la Dette fran\u00e7aise repr\u00e9sente 227 % de l\u2019ensemble des richesses (priv\u00e9es et publiques) produites en France en 2025. Depuis 1974, aucun budget n\u2019a \u00e9t\u00e9 positif et la dette totale augmente d\u2019une fa\u00e7on exponentielle. Elle n\u2019est pas soutenable. Le service de la dette est pr\u00e9vu pour atteindre 100 milliards d\u2019euros d\u2019ici 2030 (Banque de France).<\/span><\/p>\n<p class=\"western\" align=\"justify\"><span style=\"font-size: medium;\">Le financier \u00e9tats-unien Jim Richard explique que lorsqu\u2019une dette publique d\u00e9passe les 90&nbsp;% du Produit int\u00e9rieur brut (PIB), cette derni\u00e8re ne peut plus engendrer des revenus sup\u00e9rieurs \u00e0 l\u2019emprunt. En-dessous de ce seuil, et \u00e0 condition qu\u2019il soit orient\u00e9 vers un investissement productif (et non pas une aide \u00e0 la consommation), un dollar de dette peut d\u00e9gager une plus-value 0,10 point (1 $ \u2192 1,1 $). Mais, \u00e0 l\u2019inverse, \u00e0 100&nbsp;% du PIB, chaque dollar emprunt\u00e9 ne pourra g\u00e9n\u00e9rer, au mieux, que 0,9 $. Au-del\u00e0 du seuil de 90&nbsp;%, chaque emprunt, m\u00eame orient\u00e9 vers la production, ne pourra qu\u2019augmenter le d\u00e9ficit public. <\/span><\/p>\n<p class=\"western\" align=\"justify\"><span style=\"font-size: medium;\">Mais pour revenir en France, dans sa situation actuelle, quels sont les risques concrets pour les habitants&nbsp;? Tout en r\u00e9pondant \u00e0 cette question, il faut garder \u00e0 l\u2019esprit que dans cet article, je ne parle que de l\u2019impact de la dette publique. Dans la r\u00e9alit\u00e9, bien s\u00fbr, cette derni\u00e8re se cumule aux emprunts priv\u00e9s. <\/span><\/p>\n<p class=\"western\" align=\"justify\"><span style=\"font-size: medium;\">Le 9 d\u00e9cembre 2016, la Loi Sapin II est vot\u00e9e. M\u00eame si le but officiel \u00e9tait de lutter contre la corruption et de moderniser la vie \u00e9conomique \u2013 les deux objectifs ont \u00e9t\u00e9 magistralement manqu\u00e9s \u2013 elle a surtout \u00e9t\u00e9 retenue par le public par le fait qu\u2019elle autorisait le gouvernement fran\u00e7ais, en cas de crise financi\u00e8re, \u00e0 bloquer les montants pr\u00e9sents dans les comptes bancaires, au-del\u00e0 de 100.000 \u20ac. A titre de rappel, tout argent dans un compte de d\u00e9pot est un contrat dans lequel le client pr\u00eate de l\u2019argent \u00e0 l\u2019\u00e9tablissement bancaire dont il devient le cr\u00e9diteur. Seuls la d\u00e9tention d\u2019actions, c\u2019est-\u00e0-dire un titre de propri\u00e9t\u00e9, peut \u00e9viter ce genre d\u2019expropriation. La d\u00e9tention de m\u00e9taux pr\u00e9cieux \u00e0 l\u2019Etranger peut \u00eatre une parade, sous certaines conditions. <\/span><\/p>\n<p class=\"western\" align=\"justify\"><span style=\"font-size: medium;\">Les assurances-vies fran\u00e7aises se doivent d\u2019avoir des obligation d\u2019\u00c9tat. Alors que beaucoup de Fran\u00e7ais pensent que ces obligations sont des placements s\u00fbrs, elles reposent, de fait, sur le sur-endettement de la France. <\/span><\/p>\n<p class=\"western\" align=\"justify\"><span style=\"font-size: medium;\">Dans le cas d\u2019une crise, l\u2019Elys\u00e9e peut \u00e9galement tr\u00e8s bien ordonner, ou provoquer, la fermeture de toutes les agences bancaires et de leurs distributeurs automatiques de billets. Nous avons vu ce type de r\u00e9action en Gr\u00e8ce.<\/span><\/p>\n<p class=\"western\" align=\"justify\"><span style=\"font-size: medium;\">Dans l\u2019histoire, ce genre de sc\u00e9narios s\u2019est plusieurs fois produit. <\/span><\/p>\n<p class=\"western\" align=\"justify\"><span style=\"font-size: medium;\">La crise de Law en 1720 durant laquelle des billets de banque perdirent leur valeur mon\u00e9taire et la banque du financier britannique fut plusieurs fois ferm\u00e9e.<\/span><\/p>\n<p class=\"western\" align=\"justify\"><span style=\"font-size: medium;\">En 1923, l\u2019Allemagne, d\u00e9j\u00e0 tr\u00e8s endett\u00e9e par la premi\u00e8re guerre mondiale, se retrouve soumise au <\/span><span style=\"font-size: medium;\"><i>diktat<\/i><\/span><span style=\"font-size: medium;\"> des alli\u00e9s. Pour r\u00e9pondre \u00e0 ces pressions, la R\u00e9publique de Weimar d\u00e9clenche <\/span><span style=\"font-size: medium;\"><i>la planche \u00e0 billets<\/i><\/span><span style=\"font-size: medium;\"> \u00e0 un rythme effr\u00e9n\u00e9&nbsp;: nous avons tous en m\u00e9moire les images historiques d\u2019Allemands allant faire leurs courses avec une brouette remplie de coupures. <\/span><\/p>\n<p class=\"western\" align=\"justify\"><span style=\"font-size: medium;\">La crise \u00e9tats-unienne de 1929 est notamment d\u00e9clench\u00e9e par <\/span><span style=\"font-size: medium;\"><i>une explosion de<\/i> <em>l\u2019endettement<\/em><span class=\"footnote_referrer\"><a role=\"button\" tabindex=\"0\" onclick=\"footnote_moveToReference_9306_1('footnote_plugin_reference_9306_1_2');\" onkeypress=\"footnote_moveToReference_9306_1('footnote_plugin_reference_9306_1_2');\" ><sup id=\"footnote_plugin_tooltip_9306_1_2\" class=\"footnote_plugin_tooltip_text\">[2]<\/sup><\/a><span id=\"footnote_plugin_tooltip_text_9306_1_2\" class=\"footnote_tooltip\">C. Chavagneux,<i> Une br\u00e8ve histoire des crises financi\u00e8res, <\/i>2011, Poche<\/span><\/span><script type=\"text\/javascript\"> jQuery('#footnote_plugin_tooltip_9306_1_2').tooltip({ tip: '#footnote_plugin_tooltip_text_9306_1_2', tipClass: 'footnote_tooltip', effect: 'fade', predelay: 0, fadeInSpeed: 200, delay: 400, fadeOutSpeed: 200, position: 'top right', relative: true, offset: [10, 10], });<\/script><\/span><span style=\"font-size: medium;\">. Elle<\/span><span style=\"font-size: medium;\"> s\u2019est ensuite propag\u00e9e en Europe et au Japon, provoquant les mont\u00e9es des totalitarismes qui engendreront la seconde guerre mondiale. A la fin de la guerre, ruin\u00e9es, les anciennes puissances europ\u00e9ennes et nippone perdront leur statut g\u00e9o-politique et financier. <\/span><\/p>\n<p class=\"western\" align=\"justify\"><span style=\"font-size: medium;\">En 1971, la fin des Accords de Bretton Woods, c\u2019est-\u00e0-dire de la parit\u00e9 du dollar avec l\u2019or, amorce la p\u00e9riode actuelle ou les monnaies fiduciaires sont rong\u00e9es chaque ann\u00e9e par l\u2019inflation, c\u2019est-\u00e0-dire que le montant de billets et de pi\u00e8ces (sous forme papier et num\u00e9rique) est largement sup\u00e9rieur \u00e0 celui des richesses cr\u00e9\u00e9es. En France, avec la crise dite <\/span><span style=\"font-size: medium;\"><i>p\u00e9troli\u00e8re<\/i><\/span><span style=\"font-size: medium;\">, l\u2019inflation a atteint pr\u00e8s de 14&nbsp;% en 1974. <\/span><\/p>\n<p class=\"western\" align=\"justify\"><span style=\"font-size: medium;\">Entre 1981 et 1983, Mitterrand lance une grande relance par la demande, pour la plus grande joie&#8230; des industriels nippons de l\u2019\u00e9poque. La balance commerciale et celle des finances publiques atteignant des profondeurs inqui\u00e9tantes, le Pr\u00e9sident de la R\u00e9publique fait machine arri\u00e8re : des d\u00e9ficits trop importants devant \u00eatre compens\u00e9s par une d\u00e9valuation du franc fran\u00e7ais, c\u2019est-\u00e0-dire une baisse du pouvoir d\u2019achat des m\u00e9nages, cette politique se r\u00e9v\u00e8le intenable. <\/span><\/p>\n<p class=\"western\" align=\"justify\"><span style=\"font-size: medium;\">Pendant ce temps-l\u00e0, en Argentine o\u00f9 les d\u00e9penses publiques cr\u00e8vent le plafond, l\u2019inflation fait de m\u00eame (650&nbsp;% en 1985) et des sc\u00e8nes de pillage de magasin sont film\u00e9es par les cha\u00eenes de t\u00e9l\u00e9vision. <\/span><\/p>\n<p class=\"western\" align=\"justify\"><span style=\"font-size: medium;\">En 2000, avec l\u2019arriv\u00e9e de l\u2019euro, une d\u00e9corr\u00e9lation directe se cr\u00e9\u00e9 entre les Fran\u00e7ais, leurs gouvernants et la monnaie utilis\u00e9e : les gouvernants peuvent emprunter, les consommateurs peuvent acheter et l\u2019addition est prise en charge par la Banque Centrale Europ\u00e9enne qui jouit d\u2019une bonne cr\u00e9dibilit\u00e9 gr\u00e2ce \u00e0 la Banque centrale allemande (Bundesbank). <\/span><\/p>\n<p class=\"western\" align=\"justify\"><span style=\"font-size: medium;\">Avec la crise des emprunts pourris (<\/span><span style=\"font-size: medium;\"><i>sub-primes<\/i><\/span><span style=\"font-size: medium;\">) \u00e9tats-uniens en 2008, puis celle de 2021 avec le Covid, la France, \u00e0 chaque fois, a choisi de d\u00e9penser (beaucoup) plus que ce qu\u2019elle produisait et a creus\u00e9 sa dette, y compris pendant les p\u00e9riodes de prosp\u00e9rit\u00e9 (exemple&nbsp;: entre 2012 et 2020). Mais ce n\u2019est pas grave&nbsp;: ce sont les Allemands qui payent gr\u00e2ce \u00e0 leur politique interne d\u2019aust\u00e9rit\u00e9&nbsp;!<\/span><\/p>\n<p class=\"western\" align=\"justify\"><a name=\"article-subtitle\"><\/a> <span style=\"font-size: medium;\">Cette na\u00efvet\u00e9 fran\u00e7aise ne doit pas nous faire oublier les fermetures des banques grecques, en 2015, par le <\/span>Premier ministre grec Alexis Tsipras, pendant une semaine, et l\u2019ensemble des mesures d\u2019aust\u00e9rit\u00e9 hell\u00e9niques qui sont toujours actuelles. Le PIB grec de 2024<span class=\"footnote_referrer\"><a role=\"button\" tabindex=\"0\" onclick=\"footnote_moveToReference_9306_1('footnote_plugin_reference_9306_1_3');\" onkeypress=\"footnote_moveToReference_9306_1('footnote_plugin_reference_9306_1_3');\" ><sup id=\"footnote_plugin_tooltip_9306_1_3\" class=\"footnote_plugin_tooltip_text\">[3]<\/sup><\/a><span id=\"footnote_plugin_tooltip_text_9306_1_3\" class=\"footnote_tooltip\">PIB grec de 2008 : 265,02 milliards de $ constants de 2015. BIP grec de 2024 : 223,66 milliards de $. Sources : Banque Mondiale et OCDE.<\/span><\/span><script type=\"text\/javascript\"> jQuery('#footnote_plugin_tooltip_9306_1_3').tooltip({ tip: '#footnote_plugin_tooltip_text_9306_1_3', tipClass: 'footnote_tooltip', effect: 'fade', predelay: 0, fadeInSpeed: 200, delay: 400, fadeOutSpeed: 200, position: 'top right', relative: true, offset: [10, 10], });<\/script> \u00e9tait encore en-dessous de pr\u00e8s de 16 % \u00e0 celui de 2008 ! Toujours en Europe du sud, en 2013, le gouvernement chypriote d\u00e9cida de ponctionner <i>les comptes de 100.000 euros et plus domicili\u00e9s \u00e0 la Bank of Cyprus [&#8230;]<\/i> [de] plus de 60% de leur \u00e9pargne<span class=\"footnote_referrer\"><a role=\"button\" tabindex=\"0\" onclick=\"footnote_moveToReference_9306_1('footnote_plugin_reference_9306_1_4');\" onkeypress=\"footnote_moveToReference_9306_1('footnote_plugin_reference_9306_1_4');\" ><sup id=\"footnote_plugin_tooltip_9306_1_4\" class=\"footnote_plugin_tooltip_text\">[4]<\/sup><\/a><span id=\"footnote_plugin_tooltip_text_9306_1_4\" class=\"footnote_tooltip\">La Tribune, Ponction massive \u00e0 Chypre sur les comptes de plus de 100.000 euros, 30\/03\/13, <span class=\"footnote_url_wrap\">https:\/\/www.latribune.fr\/actualites\/economie\/union-europeenne\/20130330trib000756871\/ponction-massive-a-chypre-sur-les-comptes-de-plus-de-100.000-euros.html<\/span><\/span><\/span><script type=\"text\/javascript\"> jQuery('#footnote_plugin_tooltip_9306_1_4').tooltip({ tip: '#footnote_plugin_tooltip_text_9306_1_4', tipClass: 'footnote_tooltip', effect: 'fade', predelay: 0, fadeInSpeed: 200, delay: 400, fadeOutSpeed: 200, position: 'top right', relative: true, offset: [10, 10], });<\/script>.<\/p>\n<p class=\"western\" align=\"justify\">Aujourd\u2019hui, la France confirme son enfermement dans une trappe \u00e0 dette : il suffit de regarder la difficult\u00e9 qu\u2019\u00e9prouve le Parlement pour voter le budget de 2026 qui s\u2019annonce \u2013 comme c\u2019est \u00e9tonnant&nbsp;! &#8211; une nouvelle fois d\u00e9ficitaire. Cette situation est dramatique&nbsp;: Marc Touati n\u2019h\u00e9site pas \u00e0 mettre en parall\u00e8le la crise hell\u00e9nique des ann\u00e9es 2010 et celle de la France aujourd\u2019hui. Avec une petite diff\u00e9rence toutefois&nbsp;: l\u2019impact d\u2019une crise fran\u00e7aise serait \u00e0 m\u00eame, de mon point de vue, de faire tomber la zone euro qui, de toute fa\u00e7on est structurellement faible car elle impose une m\u00eame monnaie pour des \u00e9conomies nationales trop contrast\u00e9es&nbsp;: la pr\u00e9sence conjointe des Pays-Bas et de l\u2019Allemagne avec l\u2019Espagne, le Portugal et la Gr\u00e8ce emp\u00eache l\u2019adaptation des taux d\u2019int\u00e9r\u00eat et devises \u00e0 la situation \u00e9conomique de chaque pays. Les N\u00e9erlandais et les Allemands se retrouvent avec une monnaie trop basse&nbsp;; les Espagnols, les Portugais et les Grecs avec une devise trop haute. Les Fran\u00e7ais, quant \u00e0 eux, ont v\u00e9cu avec une monnaie qui ne les a pas encourag\u00e9s \u00e0 faire les r\u00e9formes n\u00e9cessaires au d\u00e9but des ann\u00e9es 2000. Ils ont profit\u00e9 du banquet pendant plusieurs d\u00e9cennies mais le patron du restaurant est en train d\u2019arriver avec l\u2019addition&nbsp;!<\/p>\n<p class=\"western\" align=\"justify\">La facture que vont devoir payer les fran\u00e7ais pourrait bien se concr\u00e9tiser sous la forme de ponctions pures et simples sur leur \u00e9pargne bancaire et d\u2019imp\u00f4ts suppl\u00e9mentaires sur leurs investissements. Quitte \u00e0 fragiliser l\u2019ensemble du tissu des PME fran\u00e7aises. En 2025, 68500 entreprises ont mis la cl\u00e9 sous la porte &#8211; un record ! &#8211; avec l\u2019ensemble des cons\u00e9quences sociales et financi\u00e8res que cela entra\u00eene : ch\u00f4mage, traumatismes familiaux et scolaires, addictions, maladies, baisses des revenus fiscaux et augmentations des charges.<\/p>\n<p class=\"western\" align=\"justify\">Les solutions sont pourtant connues&nbsp;: Margaret Thatcher, celle qui avaient \u00e9t\u00e9 surnomm\u00e9e <i>la Dame de fer<\/i> (<i>the Iron Lady<\/i>), avait su transformer un pays en faillite[Le Fond Mon\u00e9taire International avait d\u00fb intervenir en Grande-Bretagne en 1976.] en une des toutes premi\u00e8res places financi\u00e8res mondiales. La m\u00e9tamorphose fut dure \u2013 la gr\u00e8ve des mineurs de charbon fut un des exemples terribles de cette p\u00e9riode \u2013 mais elle se fit. Une <i>Dame de fer<\/i>, me direz-vous&nbsp;? Peux-\u00eatre. Mais elle fut \u00e9lue quatre fois \u00e0 la t\u00eate de son pays. De l\u2019autre c\u00f4t\u00e9 de la Manche, depuis de Gaulle, aucun Pr\u00e9sident n\u2019a \u00e9t\u00e9 r\u00e9\u00e9lu tout en \u00e9tant soutenu par une majorit\u00e9 parlementaire.<\/p>\n<p class=\"western\" align=\"justify\">Plus au sud, le Portugal, autrefois moqu\u00e9 comme faisant partie des PIGS<span class=\"footnote_referrer\"><a role=\"button\" tabindex=\"0\" onclick=\"footnote_moveToReference_9306_1('footnote_plugin_reference_9306_1_5');\" onkeypress=\"footnote_moveToReference_9306_1('footnote_plugin_reference_9306_1_5');\" ><sup id=\"footnote_plugin_tooltip_9306_1_5\" class=\"footnote_plugin_tooltip_text\">[5]<\/sup><\/a><span id=\"footnote_plugin_tooltip_text_9306_1_5\" class=\"footnote_tooltip\">PIGS : Les acronymes de \u00ab Portugal, Irland, Greece, Spain \u00bb signifie \u00e9galement \u00ab cochons \u00bb en anglais.<\/span><\/span><script type=\"text\/javascript\"> jQuery('#footnote_plugin_tooltip_9306_1_5').tooltip({ tip: '#footnote_plugin_tooltip_text_9306_1_5', tipClass: 'footnote_tooltip', effect: 'fade', predelay: 0, fadeInSpeed: 200, delay: 400, fadeOutSpeed: 200, position: 'top right', relative: true, offset: [10, 10], });<\/script>, a entam\u00e9 voici plusieurs ann\u00e9es des r\u00e9formes structurelles. Ce pays b\u00e9n\u00e9ficie aujourd\u2019hui d\u2019un taux d\u2019emprunt inf\u00e9rieur \u00e0 celui de la France, ce qui veut dire que les investisseurs font plus confiance, en 2026, au march\u00e9 lusitanien qu\u2019\u00e0 celui de l\u2019hexagone. De l\u2019autre c\u00f4t\u00e9 de l\u2019Atlantique, l\u2019Argentine, vue au d\u00e9but du XXe si\u00e8cle, comme une terre de promesses \u00e9conomiques, a vu ses espoirs diminuer jusqu\u2019\u00e0 tomber dans une crise inflationniste d\u00e9lirante. Cependant, Javier Mile\u00ef, arriv\u00e9 au pouvoir le 10 d\u00e9cembre 2023, a pu supprimer de nombreuses d\u00e9penses publiques, ramener l\u2019inflation[Avec une pr\u00e9vision \u00e0 10,1 % pour 2026.] \u00e0 31,5 % <span style=\"font-size: medium;\">(<\/span>contre un nombre \u00e0 trois chiffres auparavant), d\u00e9gager un exc\u00e9dent budg\u00e9taire deux fois de suite[En 2024 <i>et<\/i> 2025.] et diminuer le taux de pauvret\u00e9, malgr\u00e9 les cris d\u2019orfraies de certains \u00e9conomistes tel le Fran\u00e7ais Picketty<span class=\"footnote_referrer\"><a role=\"button\" tabindex=\"0\" onclick=\"footnote_moveToReference_9306_1('footnote_plugin_reference_9306_1_6');\" onkeypress=\"footnote_moveToReference_9306_1('footnote_plugin_reference_9306_1_6');\" ><sup id=\"footnote_plugin_tooltip_9306_1_6\" class=\"footnote_plugin_tooltip_text\">[6]<\/sup><\/a><span id=\"footnote_plugin_tooltip_text_9306_1_6\" class=\"footnote_tooltip\">En 2023, avec une centaine d\u2019autres \u00e9conomistes, Picketti avait \u00e9crit : <i>Ces propositions [\u2026] sont lourdes de risques qui les rendent potentiellement tr\u00e8s n\u00e9fastes pour l\u2019\u00e9conomie argentine et le peuple argentin<\/i>.<\/span><\/span><script type=\"text\/javascript\"> jQuery('#footnote_plugin_tooltip_9306_1_6').tooltip({ tip: '#footnote_plugin_tooltip_text_9306_1_6', tipClass: 'footnote_tooltip', effect: 'fade', predelay: 0, fadeInSpeed: 200, delay: 400, fadeOutSpeed: 200, position: 'top right', relative: true, offset: [10, 10], });<\/script>.<\/p>\n<p class=\"western\" align=\"justify\"><span style=\"font-size: medium;\">Dans la situation tr\u00e8s inqui\u00e9tante o\u00f9 se trouve leur pays, des Fran\u00e7ais, afin de se prot\u00e9ger d\u2019une ponction partielle ou totale de leurs \u00e9conomies, d\u00e9cident d\u2019ouvrir un compte bancaire en dehors de l\u2019Union Europ\u00e9enne. D\u2019autres choisissent de faire le grand saut et quittent la France, afin de se lib\u00e9rer d\u2019un Etat qui ne respecte plus la propi\u00e9t\u00e9 priv\u00e9e et donc la libert\u00e9 individuelle ; un Etat qui malgr\u00e9 son record du monde de d\u00e9penses publiques (57 % du PIB) ne peut plus assumer ses fonctions r\u00e9galiennes. Ce sont souvent des personnes avec un haut niveau d\u2019\u00e9tudes et\/ou avec une forte volont\u00e9 d\u2019entreprendre dans une r\u00e9gion o\u00f9 la libert\u00e9 individuelle, du moins \u00e9conomique, est davantage respect\u00e9e. <\/span><\/p>\n<p class=\"western\" align=\"justify\"><span style=\"font-size: medium;\">Ces choix, s\u2019ils sont tr\u00e8s classiques, demandent toutefois un effort d\u2019adaptation tant intellectuel (on change de paradigme) que g\u00e9ographique et relationnel. Pour ceux qui ne peuvent \u2013 ou ne veulent pas partir \u2013 l\u2019\u00e9conomiste Charles Gaves conseille de travailler dans le secteur priv\u00e9 : ce dernier sera moins sensible aux coupures budg\u00e9taires qui seront d\u2019autant plus brutales qu\u2019elles seront d\u00e9cid\u00e9es tardivement. <\/span><\/p>\n<p class=\"western\" align=\"justify\"><span style=\"font-size: medium;\">Ces d\u00e9marches de sortie financi\u00e8re ou totale du territoire fran\u00e7ais n\u2019emp\u00eachent toutefois pas de voter en faveur de candidats assez courageux et honn\u00eates pour lutter contre la corruption[<i>Sous Macron, la corruption bat des records<\/i> <span class=\"footnote_referrer\"><a role=\"button\" tabindex=\"0\" onclick=\"footnote_moveToReference_9306_1('footnote_plugin_reference_9306_1_7');\" onkeypress=\"footnote_moveToReference_9306_1('footnote_plugin_reference_9306_1_7');\" ><sup id=\"footnote_plugin_tooltip_9306_1_7\" class=\"footnote_plugin_tooltip_text\">[7]<\/sup><\/a><span id=\"footnote_plugin_tooltip_text_9306_1_7\" class=\"footnote_tooltip\">Le Canard Encha\u00een\u00e9 du 7 janvier 2026<\/span><\/span><script type=\"text\/javascript\"> jQuery('#footnote_plugin_tooltip_9306_1_7').tooltip({ tip: '#footnote_plugin_tooltip_text_9306_1_7', tipClass: 'footnote_tooltip', effect: 'fade', predelay: 0, fadeInSpeed: 200, delay: 400, fadeOutSpeed: 200, position: 'top right', relative: true, offset: [10, 10], });<\/script>. A l\u2019\u00e9chelle plus locale, j\u2019avais moi-m\u00eame d\u00e9nonc\u00e9 des conflits d\u2019int\u00e9r\u00eats et des <i>largesses<\/i> (plusieurs centaines de milliers d\u2019euros) accord\u00e9es entre \u00e9lus, dans les Yvelines&nbsp;: <i>L\u2019\u00e9lue b\u00e9n\u00e9ficiait de largesses de la part du premier-adjoint de Jouy-en-Josas<\/i>, Contrib\u2019City, 22 avril 2021.)<\/span><span style=\"font-size: medium;\"> ou les conflits<\/span> d\u2019int\u00e9r\u00eats<span class=\"footnote_referrer\"><a role=\"button\" tabindex=\"0\" onclick=\"footnote_moveToReference_9306_1('footnote_plugin_reference_9306_1_8');\" onkeypress=\"footnote_moveToReference_9306_1('footnote_plugin_reference_9306_1_8');\" ><sup id=\"footnote_plugin_tooltip_9306_1_8\" class=\"footnote_plugin_tooltip_text\">[8]<\/sup><\/a><span id=\"footnote_plugin_tooltip_text_9306_1_8\" class=\"footnote_tooltip\">Dans son livre <i>La v\u00e9rit\u00e9 vous rendra libre <\/i>(p133), Charles Gave \u00e9voque l\u2019achat d\u2019une mine nig\u00e9rienne d\u2019uranium pour 1,8 milliard d\u2019euros par la soci\u00e9t\u00e9 Areva dirig\u00e9e par Anne Lauvergeon (Mines, ancienne conseill\u00e8re de Mitterrand). Dans cette mine, on a d\u00e9couvert par la suite qu\u2019<i>il n\u2019y avait pas la moindre trace d\u2019uranium<\/i>. La personne qui lui avait conseill\u00e9 cet achat n\u2019\u00e9tait qu\u2019autre M. Fric, mari de Mme Lauvergeon, qui avait des int\u00e9r\u00eats priv\u00e9s dans le secteur du nucl\u00e9aire. L\u2019affaire, qui s\u2019est d\u00e9roul\u00e9e voici plus de dix ans, n\u2019est toujours pas jug\u00e9e.<\/span><\/span><script type=\"text\/javascript\"> jQuery('#footnote_plugin_tooltip_9306_1_8').tooltip({ tip: '#footnote_plugin_tooltip_text_9306_1_8', tipClass: 'footnote_tooltip', effect: 'fade', predelay: 0, fadeInSpeed: 200, delay: 400, fadeOutSpeed: 200, position: 'top right', relative: true, offset: [10, 10], });<\/script>,<span style=\"font-size: medium;\"> \u00e0 l\u2019\u00e9chelle locale ou nationale, et pour r\u00e9former en profondeur la France. A cela, <\/span><span style=\"font-size: medium;\">certains citoyens<\/span> <span style=\"font-size: medium;\">re<\/span><span style=\"font-size: medium;\">joi<\/span><span style=\"font-size: medium;\">gnent<\/span> <span style=\"font-size: medium;\">des structures qui<\/span><span style=\"font-size: medium;\"> sensibilise<\/span><span style=\"font-size: medium;\">nt<\/span><span style=\"font-size: medium;\"> aux dangers d\u2019une d\u00e9pense publique hors de contr\u00f4le. Car, \u00e0 la fin, ce sont souvent les plus faibles qui payent le prix fort de politiques dites <\/span><span style=\"font-size: medium;\"><i>sociales<\/i><\/span><span style=\"font-size: medium;\"> mais compl\u00e8tement d\u00e9connect\u00e9es de la richesse r\u00e9elle produite dans un pays. <\/span><\/p>\n<p style=\"text-align: center;\" align=\"justify\">&#8212;&#8212;&#8212;&#8212;&#8212;&#8212;&#8212;&#8212;&#8212;&#8212;&#8212;&#8212;&#8212;&#8212;<\/p>\n<p class=\"western\" align=\"center\"><span style=\"font-size: medium;\"><b>Bibliographie<\/b><\/span><\/p>\n<p class=\"western\" align=\"justify\"><span style=\"font-size: medium;\">C. Chavagneux,<\/span><span style=\"font-size: medium;\"><i> Une br\u00e8ve histoire des crises financi\u00e8res, <\/i><\/span><span style=\"font-size: medium;\">2011, Poche (262p)<\/span><\/p>\n<p class=\"western\" align=\"justify\">Mouna Chidiac, Paris, 200, <i>Les origines de la crise \u00e9conomique de l\u2019Argentine en 2001<\/i>, https:\/\/www.irenees.net\/bdf_fiche-analyse-94_fr.html<\/p>\n<p class=\"western\" align=\"justify\"><span style=\"font-size: medium;\">Plain Finance Reborn,<\/span><span style=\"font-size: medium;\"><i> Jim Rickards Shared Terrifying Prediction, 21 janvier 2026, https:\/\/www.youtube.com\/watch?v=IvFcwnEb45Y<\/i><\/span><\/p>\n<p class=\"western\" align=\"justify\">Sylvain ZUBER<i>, Le Japon des ann\u00e9es 1930-1940 : Fascisme ou traditionalisme ?, https:\/\/les-yeux-du-monde.fr\/actualites-analysees\/asie-oceanie\/8299-le-japon-des-annees-1930-1940<\/i><\/p>\n<p class=\"western\" align=\"justify\"><span style=\"font-size: medium;\">Alain Grandjean, Laurent Hutinet, <\/span><span style=\"font-size: medium;\"><i>L\u2019hyperinflation de Weimar&nbsp;: quelques le\u00e7ons \u00e0 retenir<\/i><\/span><span style=\"font-size: medium;\">, 2022, https:\/\/theothereconomy.com\/fr\/fiches\/lhyperinflation-de-weimar-quelques-lecons-a-retenir\/<\/span><\/p>\n<p class=\"western\" align=\"justify\"><span style=\"font-size: medium;\">R\u00e9publique Fran\u00e7aise, <\/span><span style=\"font-size: medium;\"><i>Qu&#8217;appelle-t-on le syst\u00e8me de Bretton Woods&nbsp;?<\/i><\/span><span style=\"font-size: medium;\">, 2024, https:\/\/www.vie-publique.fr\/fiches\/38285-quappelle-t-le-systeme-de-bretton-woods<\/span><\/p>\n<p class=\"western\" align=\"justify\"><span style=\"font-size: medium;\">JDD, <\/span><span style=\"font-size: medium;\"><i>La Gr\u00e8ce ferme ses banques<\/i><\/span><span style=\"font-size: medium;\">, le 29\/06\/2015, https:\/\/www.lejdd.fr\/International\/La-Grece-ferme-ses-banques-les-marches-s-inquietent-740016-3167459<\/span><\/p>\n<p class=\"western\" align=\"justify\"><span style=\"font-size: medium;\">AFP-Le Monde, <\/span><span style=\"font-size: medium;\"><i>Les principales mesures du plan d&#8217;aust\u00e9rit\u00e9 grec<\/i><\/span><span style=\"font-size: medium;\">, 02 mai 2010, https:\/\/www.lemonde.fr\/europe\/article\/2010\/05\/02\/les-principales-mesures-du-plan-d-austerite-grec_1345619_3214.html<\/span><a name=\"article-title\"><\/a><\/p>\n<p class=\"western\" align=\"justify\">La Tribune, <em>Ponction massive \u00e0 Chypre sur les comptes de plus de 100.000 euros<\/em>, 30\/03\/13, https:\/\/www.latribune.fr\/actualites\/economie\/union-europeenne\/20130330trib000756871\/ponction-massive-a-chypre-sur-les-comptes-de-plus-de-100.000-euros.html<\/p>\n<p class=\"western\" align=\"justify\"><span style=\"font-size: medium;\">Marc Touati &#8211; Capital, <\/span><span style=\"font-size: medium;\"><i>La France de 2024 \u00abressemble de plus en plus \u00e0 la Gr\u00e8ce de 2009\u00bb, voici pourquoi<\/i><\/span><span style=\"font-size: medium;\">, 19 octobre 2024, https:\/\/www.capital.fr\/economie-politique\/la-france-de-2024-ressemble-de-plus-en-plus-a-la-grece-de-2009-voici-pourquoi-1504167<\/span><\/p>\n<p class=\"western\" align=\"justify\"><span style=\"font-size: medium;\">Louise Darbon &#8211; Le Figaro, <\/span><span style=\"font-size: medium;\"><i>Les faillites d\u2019entreprises ont atteint un niveau record en 2025<\/i><\/span><span style=\"font-size: medium;\">, 6 janvier 2026, https:\/\/www.lefigaro.fr\/flash-eco\/les-faillites-d-entreprises-ont-atteint-un-niveau-record-en-2025-20260106<\/span><\/p>\n<p class=\"western\" align=\"justify\"><span style=\"font-size: medium;\">Tejvan Pettinger \u2013 Economic Help, <em>UK \u2013 IMF Crisis of 1976<\/em>, 6 October 2025, https:\/\/www.economicshelp.org\/blog\/132993\/economics\/uk-imf-crisis-of-1976\/<\/span><\/p>\n<p class=\"western\" align=\"justify\"><span style=\"font-size: medium;\">L\u00e9gifrance, <\/span><span style=\"font-size: medium;\"><i>Loi n\u00b0 2016-1691 du 9 d\u00e9cembre 2016 relative \u00e0 la transparence, \u00e0 la lutte contre la corruption et \u00e0 la modernisation de la vie \u00e9conomique<\/i><\/span><span style=\"font-size: medium;\">, JORF n\u00b00287 du 10 d\u00e9cembre 2016, https:\/\/www.legifrance.gouv.fr\/loda\/id\/JORFTEXT000033558528 <\/span><\/p>\n<p class=\"western\" align=\"justify\"><span style=\"font-size: medium;\"><i>Histoire de l&#8217;inflation en France depuis 1900<\/i><\/span><span style=\"font-size: medium;\">, https:\/\/france-inflation.com\/inflation-depuis-1901.php<\/span><a name=\"snippet-text\"><\/a><\/p>\n<p class=\"western\" align=\"justify\"><span style=\"font-size: medium;\">Finary Talk #50, <\/span><span style=\"font-size: medium;\"><i>Effondrement de la France, Danger europ\u00e9en : le monde de demain selon Marc Touati<\/i><\/span><span style=\"font-size: medium;\">, https:\/\/finary.com\/en\/videos\/finary-talk-50<\/span><\/p>\n<p class=\"western\" align=\"justify\"><span style=\"font-size: medium;\">Banque Mondiale, OCDE, <\/span><span style=\"font-size: medium;\"><i>PIB ($&nbsp;US constants de 2015) \u2013 Greece<\/i><\/span><span style=\"font-size: medium;\">, <\/span><span style=\"color: #000080;\"><span lang=\"zxx\"><span style=\"color: #000000;\"><span style=\"font-size: medium;\">https:\/\/donnees.banquemondiale.org\/indicateur\/NY.GDP.MKTP.KD<\/span><\/span><\/span><\/span><\/p>\n<p class=\"western\" align=\"justify\"><span style=\"font-size: medium;\">Martha Wolf, Eliahu Toker, Matilde Gini Barnatan, Abraham Plakin, Iaacov Rubel, Leonardo Sekman, <\/span><span style=\"font-size: medium;\"><i>Pioneros de la Argentina, Los Inmigrantes judios<\/i><\/span><span style=\"font-size: medium;\">, Manrique Zago ediciones, 1982 (216p).<\/span><\/p>\n<p class=\"western\" align=\"justify\"><span style=\"font-size: medium;\">Nicolas Lecaussin, Contrepoints, <\/span><span style=\"font-size: medium;\"><i>Quand Thomas Piketty \u00e9crivait que l\u2019\u00e9lection de Javier Milei allait cr\u00e9er le chaos \u00e9conomique<\/i><\/span><span style=\"font-size: medium;\">, mercredi 21 janvier 2026, https:\/\/contrepoints.org\/election-javier-milei-chaos-economique\/<\/span><\/p>\n<p class=\"sdfootnote-western\" align=\"justify\"><span style=\"font-size: medium;\">Bertrand de Foucauld, Contrib\u2019City, <\/span><span style=\"font-size: medium;\"><i>L\u2019\u00e9lue b\u00e9n\u00e9ficiait de largesses de la part du premier-adjoint de Jouy-en-Josas<\/i><\/span><span style=\"font-size: medium;\">, le 22 avril 2021, https:\/\/contrib.city\/index.php\/2021\/04\/22\/le-mystere-aubert-lelue-beneficiait-de-largesses-de-la-part-du-premier-adjoint-de-jouy-en-josas\/<\/span><\/p>\n<p class=\"western\" align=\"justify\"><span style=\"font-size: medium;\">Didier Hassoux, Le Canard Encha\u00een\u00e9, <\/span><span style=\"font-size: medium;\"><i>Sous Macron, la corruption bat des records,<\/i><\/span><span style=\"font-size: medium;\"> le 7 janvier 2026.<\/span><\/p>\n<p class=\"sdfootnote-western\" align=\"justify\"><span style=\"font-size: medium;\">Charles Gave, <\/span><span style=\"font-size: medium;\"><i>La v\u00e9rit\u00e9 vous rendra libre<\/i><\/span><span style=\"font-size: medium;\">, 2023, Pierre de Taillac (230p).<\/span><\/p>\n<div id=\"sdfootnote1\">\n<p class=\"sdfootnote-western\">&nbsp;<\/p>\n<\/div>\n<div id=\"sdfootnote2\">\n<p class=\"western\" align=\"justify\">&nbsp;<\/p>\n<\/div>\n<div id=\"sdfootnote3\">\n<p class=\"western\">&nbsp;<\/p>\n<\/div>\n<div id=\"sdfootnote4\">\n<p class=\"sdfootnote-western\">&nbsp;<\/p>\n<\/div>\n<div id=\"sdfootnote5\">\n<p class=\"western\" align=\"justify\">&nbsp;<\/p>\n<\/div>\n<div class=\"speaker-mute footnotes_reference_container\"> <div class=\"footnote_container_prepare\"><p><span role=\"button\" tabindex=\"0\" class=\"footnote_reference_container_label pointer\" onclick=\"footnote_expand_collapse_reference_container_9306_1();\">R\u00e9f\u00e9rences<\/span><span role=\"button\" tabindex=\"0\" class=\"footnote_reference_container_collapse_button\" style=\"\" onclick=\"footnote_expand_collapse_reference_container_9306_1();\">[<a id=\"footnote_reference_container_collapse_button_9306_1\">+<\/a>]<\/span><\/p><\/div> <div id=\"footnote_references_container_9306_1\" style=\"display: none;\"><table class=\"footnotes_table footnote-reference-container\"><caption class=\"accessibility\">R\u00e9f\u00e9rences<\/caption> <tbody> \r\n\r\n<tr class=\"footnotes_plugin_reference_row\"> <th scope=\"row\" class=\"footnote_plugin_index_combi pointer\"  onclick=\"footnote_moveToAnchor_9306_1('footnote_plugin_tooltip_9306_1_1');\"><a id=\"footnote_plugin_reference_9306_1_1\" class=\"footnote_backlink\"><span class=\"footnote_index_arrow\">&#8593;<\/span>1<\/a><\/th> <td class=\"footnote_plugin_text\">Worldometer, PIB par pays (2025) \u2013 FMI, le 29\/01\/2025, <span class=\"footnote_url_wrap\">https:\/\/www.worldometers.info\/fr\/pib\/pib-par-pays\/<\/span><\/td><\/tr>\r\n\r\n<tr class=\"footnotes_plugin_reference_row\"> <th scope=\"row\" class=\"footnote_plugin_index_combi pointer\"  onclick=\"footnote_moveToAnchor_9306_1('footnote_plugin_tooltip_9306_1_2');\"><a id=\"footnote_plugin_reference_9306_1_2\" class=\"footnote_backlink\"><span class=\"footnote_index_arrow\">&#8593;<\/span>2<\/a><\/th> <td class=\"footnote_plugin_text\">C. Chavagneux,<i> Une br\u00e8ve histoire des crises financi\u00e8res, <\/i>2011, Poche<\/td><\/tr>\r\n\r\n<tr class=\"footnotes_plugin_reference_row\"> <th scope=\"row\" class=\"footnote_plugin_index_combi pointer\"  onclick=\"footnote_moveToAnchor_9306_1('footnote_plugin_tooltip_9306_1_3');\"><a id=\"footnote_plugin_reference_9306_1_3\" class=\"footnote_backlink\"><span class=\"footnote_index_arrow\">&#8593;<\/span>3<\/a><\/th> <td class=\"footnote_plugin_text\">PIB grec de 2008 : 265,02 milliards de $ constants de 2015. BIP grec de 2024 : 223,66 milliards de $. Sources : Banque Mondiale et OCDE.<\/td><\/tr>\r\n\r\n<tr class=\"footnotes_plugin_reference_row\"> <th scope=\"row\" class=\"footnote_plugin_index_combi pointer\"  onclick=\"footnote_moveToAnchor_9306_1('footnote_plugin_tooltip_9306_1_4');\"><a id=\"footnote_plugin_reference_9306_1_4\" class=\"footnote_backlink\"><span class=\"footnote_index_arrow\">&#8593;<\/span>4<\/a><\/th> <td class=\"footnote_plugin_text\">La Tribune, Ponction massive \u00e0 Chypre sur les comptes de plus de 100.000 euros, 30\/03\/13, <span class=\"footnote_url_wrap\">https:\/\/www.latribune.fr\/actualites\/economie\/union-europeenne\/20130330trib000756871\/ponction-massive-a-chypre-sur-les-comptes-de-plus-de-100.000-euros.html<\/span><\/td><\/tr>\r\n\r\n<tr class=\"footnotes_plugin_reference_row\"> <th scope=\"row\" class=\"footnote_plugin_index_combi pointer\"  onclick=\"footnote_moveToAnchor_9306_1('footnote_plugin_tooltip_9306_1_5');\"><a id=\"footnote_plugin_reference_9306_1_5\" class=\"footnote_backlink\"><span class=\"footnote_index_arrow\">&#8593;<\/span>5<\/a><\/th> <td class=\"footnote_plugin_text\">PIGS : Les acronymes de \u00ab Portugal, Irland, Greece, Spain \u00bb signifie \u00e9galement \u00ab cochons \u00bb en anglais.<\/td><\/tr>\r\n\r\n<tr class=\"footnotes_plugin_reference_row\"> <th scope=\"row\" class=\"footnote_plugin_index_combi pointer\"  onclick=\"footnote_moveToAnchor_9306_1('footnote_plugin_tooltip_9306_1_6');\"><a id=\"footnote_plugin_reference_9306_1_6\" class=\"footnote_backlink\"><span class=\"footnote_index_arrow\">&#8593;<\/span>6<\/a><\/th> <td class=\"footnote_plugin_text\">En 2023, avec une centaine d\u2019autres \u00e9conomistes, Picketti avait \u00e9crit : <i>Ces propositions [\u2026] sont lourdes de risques qui les rendent potentiellement tr\u00e8s n\u00e9fastes pour l\u2019\u00e9conomie argentine et le peuple argentin<\/i>.<\/td><\/tr>\r\n\r\n<tr class=\"footnotes_plugin_reference_row\"> <th scope=\"row\" class=\"footnote_plugin_index_combi pointer\"  onclick=\"footnote_moveToAnchor_9306_1('footnote_plugin_tooltip_9306_1_7');\"><a id=\"footnote_plugin_reference_9306_1_7\" class=\"footnote_backlink\"><span class=\"footnote_index_arrow\">&#8593;<\/span>7<\/a><\/th> <td class=\"footnote_plugin_text\">Le Canard Encha\u00een\u00e9 du 7 janvier 2026<\/td><\/tr>\r\n\r\n<tr class=\"footnotes_plugin_reference_row\"> <th scope=\"row\" class=\"footnote_plugin_index_combi pointer\"  onclick=\"footnote_moveToAnchor_9306_1('footnote_plugin_tooltip_9306_1_8');\"><a id=\"footnote_plugin_reference_9306_1_8\" class=\"footnote_backlink\"><span class=\"footnote_index_arrow\">&#8593;<\/span>8<\/a><\/th> <td class=\"footnote_plugin_text\">Dans son livre <i>La v\u00e9rit\u00e9 vous rendra libre <\/i>(p133), Charles Gave \u00e9voque l\u2019achat d\u2019une mine nig\u00e9rienne d\u2019uranium pour 1,8 milliard d\u2019euros par la soci\u00e9t\u00e9 Areva dirig\u00e9e par Anne Lauvergeon (Mines, ancienne conseill\u00e8re de Mitterrand). Dans cette mine, on a d\u00e9couvert par la suite qu\u2019<i>il n\u2019y avait pas la moindre trace d\u2019uranium<\/i>. La personne qui lui avait conseill\u00e9 cet achat n\u2019\u00e9tait qu\u2019autre M. Fric, mari de Mme Lauvergeon, qui avait des int\u00e9r\u00eats priv\u00e9s dans le secteur du nucl\u00e9aire. L\u2019affaire, qui s\u2019est d\u00e9roul\u00e9e voici plus de dix ans, n\u2019est toujours pas jug\u00e9e.<\/td><\/tr>\r\n\r\n <\/tbody> <\/table> <\/div><\/div><script type=\"text\/javascript\"> function footnote_expand_reference_container_9306_1() { jQuery('#footnote_references_container_9306_1').show(); jQuery('#footnote_reference_container_collapse_button_9306_1').text('\u2212'); } function footnote_collapse_reference_container_9306_1() { jQuery('#footnote_references_container_9306_1').hide(); jQuery('#footnote_reference_container_collapse_button_9306_1').text('+'); } function footnote_expand_collapse_reference_container_9306_1() { if (jQuery('#footnote_references_container_9306_1').is(':hidden')) { footnote_expand_reference_container_9306_1(); } else { footnote_collapse_reference_container_9306_1(); } } function footnote_moveToReference_9306_1(p_str_TargetID) { footnote_expand_reference_container_9306_1(); var l_obj_Target = jQuery('#' + p_str_TargetID); if (l_obj_Target.length) { jQuery( 'html, body' ).delay( 0 ); jQuery('html, body').animate({ scrollTop: l_obj_Target.offset().top - window.innerHeight * 0.2 }, 380); } } function footnote_moveToAnchor_9306_1(p_str_TargetID) { footnote_expand_reference_container_9306_1(); var l_obj_Target = jQuery('#' + p_str_TargetID); if (l_obj_Target.length) { jQuery( 'html, body' ).delay( 0 ); jQuery('html, body').animate({ scrollTop: l_obj_Target.offset().top - window.innerHeight * 0.2 }, 380); } }<\/script>","protected":false},"excerpt":{"rendered":"<p>Chaque jour, nous entendons parler de la Dette publique fran\u00e7aise avec le risque de crise que cette derni\u00e8re entra\u00eene. Mais<\/p>\n","protected":false},"author":1,"featured_media":7248,"comment_status":"open","ping_status":"open","sticky":false,"template":"","format":"standard","meta":{"_acf_changed":false,"inline_featured_image":false,"_exactmetrics_skip_tracking":false,"_exactmetrics_sitenote_active":false,"_exactmetrics_sitenote_note":"","_exactmetrics_sitenote_category":0,"ngg_post_thumbnail":0,"_jetpack_memberships_contains_paid_content":false,"footnotes":""},"categories":[51],"tags":[],"class_list":["post-9306","post","type-post","status-publish","format-standard","has-post-thumbnail","hentry","category-economie-social"],"acf":[],"yoast_head":"<!-- This site is optimized with the Yoast SEO plugin v27.2 - https:\/\/yoast.com\/product\/yoast-seo-wordpress\/ -->\n<title>La crise de la Dette et la loi Sapin II - ContribCity<\/title>\n<meta name=\"robots\" content=\"index, follow, max-snippet:-1, max-image-preview:large, max-video-preview:-1\" \/>\n<link rel=\"canonical\" href=\"https:\/\/contrib.city\/index.php\/2026\/01\/30\/la-crise-de-la-dette-et-la-loi-sapin-ii\/\" \/>\n<meta property=\"og:locale\" content=\"fr_FR\" \/>\n<meta property=\"og:type\" content=\"article\" \/>\n<meta property=\"og:title\" content=\"La crise de la Dette et la loi Sapin II - ContribCity\" \/>\n<meta property=\"og:description\" content=\"Chaque jour, nous entendons parler de la Dette publique fran\u00e7aise avec le risque de crise que cette derni\u00e8re entra\u00eene. Mais\" \/>\n<meta property=\"og:url\" content=\"https:\/\/contrib.city\/index.php\/2026\/01\/30\/la-crise-de-la-dette-et-la-loi-sapin-ii\/\" \/>\n<meta property=\"og:site_name\" content=\"ContribCity\" \/>\n<meta property=\"article:published_time\" content=\"2026-01-30T17:28:23+00:00\" \/>\n<meta property=\"article:modified_time\" content=\"2026-01-31T14:17:08+00:00\" \/>\n<meta property=\"og:image\" content=\"https:\/\/contrib.city\/wp-content\/uploads\/2021\/03\/CC-avec-loupe-2.jpg\" \/>\n\t<meta property=\"og:image:width\" content=\"1133\" \/>\n\t<meta property=\"og:image:height\" content=\"777\" \/>\n\t<meta property=\"og:image:type\" content=\"image\/jpeg\" \/>\n<meta name=\"author\" content=\"Bertrand de Foucauld\" \/>\n<meta name=\"twitter:card\" content=\"summary_large_image\" \/>\n<meta name=\"twitter:label1\" content=\"\u00c9crit par\" \/>\n\t<meta name=\"twitter:data1\" content=\"Bertrand de Foucauld\" \/>\n\t<meta name=\"twitter:label2\" content=\"Dur\u00e9e de lecture estim\u00e9e\" \/>\n\t<meta name=\"twitter:data2\" content=\"13 minutes\" \/>\n<script type=\"application\/ld+json\" class=\"yoast-schema-graph\">{\"@context\":\"https:\/\/schema.org\",\"@graph\":[{\"@type\":\"Article\",\"@id\":\"https:\/\/contrib.city\/index.php\/2026\/01\/30\/la-crise-de-la-dette-et-la-loi-sapin-ii\/#article\",\"isPartOf\":{\"@id\":\"https:\/\/contrib.city\/index.php\/2026\/01\/30\/la-crise-de-la-dette-et-la-loi-sapin-ii\/\"},\"author\":{\"name\":\"Bertrand de Foucauld\",\"@id\":\"https:\/\/contrib.city\/#\/schema\/person\/ec389c5a78a37ccaee4e8ce098099db5\"},\"headline\":\"La crise de la Dette et la loi Sapin II\",\"datePublished\":\"2026-01-30T17:28:23+00:00\",\"dateModified\":\"2026-01-31T14:17:08+00:00\",\"mainEntityOfPage\":{\"@id\":\"https:\/\/contrib.city\/index.php\/2026\/01\/30\/la-crise-de-la-dette-et-la-loi-sapin-ii\/\"},\"wordCount\":2889,\"commentCount\":0,\"publisher\":{\"@id\":\"https:\/\/contrib.city\/#organization\"},\"image\":{\"@id\":\"https:\/\/contrib.city\/index.php\/2026\/01\/30\/la-crise-de-la-dette-et-la-loi-sapin-ii\/#primaryimage\"},\"thumbnailUrl\":\"https:\/\/contrib.city\/wp-content\/uploads\/2021\/03\/CC-avec-loupe-2.jpg\",\"articleSection\":[\"Economie\/Social\"],\"inLanguage\":\"fr-FR\",\"potentialAction\":[{\"@type\":\"CommentAction\",\"name\":\"Comment\",\"target\":[\"https:\/\/contrib.city\/index.php\/2026\/01\/30\/la-crise-de-la-dette-et-la-loi-sapin-ii\/#respond\"]}]},{\"@type\":\"WebPage\",\"@id\":\"https:\/\/contrib.city\/index.php\/2026\/01\/30\/la-crise-de-la-dette-et-la-loi-sapin-ii\/\",\"url\":\"https:\/\/contrib.city\/index.php\/2026\/01\/30\/la-crise-de-la-dette-et-la-loi-sapin-ii\/\",\"name\":\"La crise de la Dette et la loi Sapin II - ContribCity\",\"isPartOf\":{\"@id\":\"https:\/\/contrib.city\/#website\"},\"primaryImageOfPage\":{\"@id\":\"https:\/\/contrib.city\/index.php\/2026\/01\/30\/la-crise-de-la-dette-et-la-loi-sapin-ii\/#primaryimage\"},\"image\":{\"@id\":\"https:\/\/contrib.city\/index.php\/2026\/01\/30\/la-crise-de-la-dette-et-la-loi-sapin-ii\/#primaryimage\"},\"thumbnailUrl\":\"https:\/\/contrib.city\/wp-content\/uploads\/2021\/03\/CC-avec-loupe-2.jpg\",\"datePublished\":\"2026-01-30T17:28:23+00:00\",\"dateModified\":\"2026-01-31T14:17:08+00:00\",\"breadcrumb\":{\"@id\":\"https:\/\/contrib.city\/index.php\/2026\/01\/30\/la-crise-de-la-dette-et-la-loi-sapin-ii\/#breadcrumb\"},\"inLanguage\":\"fr-FR\",\"potentialAction\":[{\"@type\":\"ReadAction\",\"target\":[\"https:\/\/contrib.city\/index.php\/2026\/01\/30\/la-crise-de-la-dette-et-la-loi-sapin-ii\/\"]}]},{\"@type\":\"ImageObject\",\"inLanguage\":\"fr-FR\",\"@id\":\"https:\/\/contrib.city\/index.php\/2026\/01\/30\/la-crise-de-la-dette-et-la-loi-sapin-ii\/#primaryimage\",\"url\":\"https:\/\/contrib.city\/wp-content\/uploads\/2021\/03\/CC-avec-loupe-2.jpg\",\"contentUrl\":\"https:\/\/contrib.city\/wp-content\/uploads\/2021\/03\/CC-avec-loupe-2.jpg\",\"width\":1133,\"height\":777},{\"@type\":\"BreadcrumbList\",\"@id\":\"https:\/\/contrib.city\/index.php\/2026\/01\/30\/la-crise-de-la-dette-et-la-loi-sapin-ii\/#breadcrumb\",\"itemListElement\":[{\"@type\":\"ListItem\",\"position\":1,\"name\":\"Home\",\"item\":\"https:\/\/contrib.city\/\"},{\"@type\":\"ListItem\",\"position\":2,\"name\":\"La crise de la Dette et la loi Sapin II\"}]},{\"@type\":\"WebSite\",\"@id\":\"https:\/\/contrib.city\/#website\",\"url\":\"https:\/\/contrib.city\/\",\"name\":\"ContribCity\",\"description\":\"Parlons de nos lieux de vie\",\"publisher\":{\"@id\":\"https:\/\/contrib.city\/#organization\"},\"potentialAction\":[{\"@type\":\"SearchAction\",\"target\":{\"@type\":\"EntryPoint\",\"urlTemplate\":\"https:\/\/contrib.city\/?s={search_term_string}\"},\"query-input\":{\"@type\":\"PropertyValueSpecification\",\"valueRequired\":true,\"valueName\":\"search_term_string\"}}],\"inLanguage\":\"fr-FR\"},{\"@type\":\"Organization\",\"@id\":\"https:\/\/contrib.city\/#organization\",\"name\":\"ContribCity\",\"url\":\"https:\/\/contrib.city\/\",\"logo\":{\"@type\":\"ImageObject\",\"inLanguage\":\"fr-FR\",\"@id\":\"https:\/\/contrib.city\/#\/schema\/logo\/image\/\",\"url\":\"https:\/\/contrib.city\/wp-content\/uploads\/2020\/01\/cropped-Parlons-de-nos-lieux-de-vie-2.jpg\",\"contentUrl\":\"https:\/\/contrib.city\/wp-content\/uploads\/2020\/01\/cropped-Parlons-de-nos-lieux-de-vie-2.jpg\",\"width\":1133,\"height\":218,\"caption\":\"ContribCity\"},\"image\":{\"@id\":\"https:\/\/contrib.city\/#\/schema\/logo\/image\/\"}},{\"@type\":\"Person\",\"@id\":\"https:\/\/contrib.city\/#\/schema\/person\/ec389c5a78a37ccaee4e8ce098099db5\",\"name\":\"Bertrand de Foucauld\",\"image\":{\"@type\":\"ImageObject\",\"inLanguage\":\"fr-FR\",\"@id\":\"https:\/\/secure.gravatar.com\/avatar\/c49e25550e4609092f7a00fb677a980813788778df987b36cad9b0fc85a8bf73?s=96&d=mm&r=g\",\"url\":\"https:\/\/secure.gravatar.com\/avatar\/c49e25550e4609092f7a00fb677a980813788778df987b36cad9b0fc85a8bf73?s=96&d=mm&r=g\",\"contentUrl\":\"https:\/\/secure.gravatar.com\/avatar\/c49e25550e4609092f7a00fb677a980813788778df987b36cad9b0fc85a8bf73?s=96&d=mm&r=g\",\"caption\":\"Bertrand de Foucauld\"},\"url\":\"https:\/\/contrib.city\/index.php\/author\/bertrand\/\"}]}<\/script>\n<!-- \/ Yoast SEO plugin. -->","yoast_head_json":{"title":"La crise de la Dette et la loi Sapin II - ContribCity","robots":{"index":"index","follow":"follow","max-snippet":"max-snippet:-1","max-image-preview":"max-image-preview:large","max-video-preview":"max-video-preview:-1"},"canonical":"https:\/\/contrib.city\/index.php\/2026\/01\/30\/la-crise-de-la-dette-et-la-loi-sapin-ii\/","og_locale":"fr_FR","og_type":"article","og_title":"La crise de la Dette et la loi Sapin II - ContribCity","og_description":"Chaque jour, nous entendons parler de la Dette publique fran\u00e7aise avec le risque de crise que cette derni\u00e8re entra\u00eene. Mais","og_url":"https:\/\/contrib.city\/index.php\/2026\/01\/30\/la-crise-de-la-dette-et-la-loi-sapin-ii\/","og_site_name":"ContribCity","article_published_time":"2026-01-30T17:28:23+00:00","article_modified_time":"2026-01-31T14:17:08+00:00","og_image":[{"width":1133,"height":777,"url":"https:\/\/contrib.city\/wp-content\/uploads\/2021\/03\/CC-avec-loupe-2.jpg","type":"image\/jpeg"}],"author":"Bertrand de Foucauld","twitter_card":"summary_large_image","twitter_misc":{"\u00c9crit par":"Bertrand de Foucauld","Dur\u00e9e de lecture estim\u00e9e":"13 minutes"},"schema":{"@context":"https:\/\/schema.org","@graph":[{"@type":"Article","@id":"https:\/\/contrib.city\/index.php\/2026\/01\/30\/la-crise-de-la-dette-et-la-loi-sapin-ii\/#article","isPartOf":{"@id":"https:\/\/contrib.city\/index.php\/2026\/01\/30\/la-crise-de-la-dette-et-la-loi-sapin-ii\/"},"author":{"name":"Bertrand de Foucauld","@id":"https:\/\/contrib.city\/#\/schema\/person\/ec389c5a78a37ccaee4e8ce098099db5"},"headline":"La crise de la Dette et la loi Sapin II","datePublished":"2026-01-30T17:28:23+00:00","dateModified":"2026-01-31T14:17:08+00:00","mainEntityOfPage":{"@id":"https:\/\/contrib.city\/index.php\/2026\/01\/30\/la-crise-de-la-dette-et-la-loi-sapin-ii\/"},"wordCount":2889,"commentCount":0,"publisher":{"@id":"https:\/\/contrib.city\/#organization"},"image":{"@id":"https:\/\/contrib.city\/index.php\/2026\/01\/30\/la-crise-de-la-dette-et-la-loi-sapin-ii\/#primaryimage"},"thumbnailUrl":"https:\/\/contrib.city\/wp-content\/uploads\/2021\/03\/CC-avec-loupe-2.jpg","articleSection":["Economie\/Social"],"inLanguage":"fr-FR","potentialAction":[{"@type":"CommentAction","name":"Comment","target":["https:\/\/contrib.city\/index.php\/2026\/01\/30\/la-crise-de-la-dette-et-la-loi-sapin-ii\/#respond"]}]},{"@type":"WebPage","@id":"https:\/\/contrib.city\/index.php\/2026\/01\/30\/la-crise-de-la-dette-et-la-loi-sapin-ii\/","url":"https:\/\/contrib.city\/index.php\/2026\/01\/30\/la-crise-de-la-dette-et-la-loi-sapin-ii\/","name":"La crise de la Dette et la loi Sapin II - ContribCity","isPartOf":{"@id":"https:\/\/contrib.city\/#website"},"primaryImageOfPage":{"@id":"https:\/\/contrib.city\/index.php\/2026\/01\/30\/la-crise-de-la-dette-et-la-loi-sapin-ii\/#primaryimage"},"image":{"@id":"https:\/\/contrib.city\/index.php\/2026\/01\/30\/la-crise-de-la-dette-et-la-loi-sapin-ii\/#primaryimage"},"thumbnailUrl":"https:\/\/contrib.city\/wp-content\/uploads\/2021\/03\/CC-avec-loupe-2.jpg","datePublished":"2026-01-30T17:28:23+00:00","dateModified":"2026-01-31T14:17:08+00:00","breadcrumb":{"@id":"https:\/\/contrib.city\/index.php\/2026\/01\/30\/la-crise-de-la-dette-et-la-loi-sapin-ii\/#breadcrumb"},"inLanguage":"fr-FR","potentialAction":[{"@type":"ReadAction","target":["https:\/\/contrib.city\/index.php\/2026\/01\/30\/la-crise-de-la-dette-et-la-loi-sapin-ii\/"]}]},{"@type":"ImageObject","inLanguage":"fr-FR","@id":"https:\/\/contrib.city\/index.php\/2026\/01\/30\/la-crise-de-la-dette-et-la-loi-sapin-ii\/#primaryimage","url":"https:\/\/contrib.city\/wp-content\/uploads\/2021\/03\/CC-avec-loupe-2.jpg","contentUrl":"https:\/\/contrib.city\/wp-content\/uploads\/2021\/03\/CC-avec-loupe-2.jpg","width":1133,"height":777},{"@type":"BreadcrumbList","@id":"https:\/\/contrib.city\/index.php\/2026\/01\/30\/la-crise-de-la-dette-et-la-loi-sapin-ii\/#breadcrumb","itemListElement":[{"@type":"ListItem","position":1,"name":"Home","item":"https:\/\/contrib.city\/"},{"@type":"ListItem","position":2,"name":"La crise de la Dette et la loi Sapin II"}]},{"@type":"WebSite","@id":"https:\/\/contrib.city\/#website","url":"https:\/\/contrib.city\/","name":"ContribCity","description":"Parlons de nos lieux de vie","publisher":{"@id":"https:\/\/contrib.city\/#organization"},"potentialAction":[{"@type":"SearchAction","target":{"@type":"EntryPoint","urlTemplate":"https:\/\/contrib.city\/?s={search_term_string}"},"query-input":{"@type":"PropertyValueSpecification","valueRequired":true,"valueName":"search_term_string"}}],"inLanguage":"fr-FR"},{"@type":"Organization","@id":"https:\/\/contrib.city\/#organization","name":"ContribCity","url":"https:\/\/contrib.city\/","logo":{"@type":"ImageObject","inLanguage":"fr-FR","@id":"https:\/\/contrib.city\/#\/schema\/logo\/image\/","url":"https:\/\/contrib.city\/wp-content\/uploads\/2020\/01\/cropped-Parlons-de-nos-lieux-de-vie-2.jpg","contentUrl":"https:\/\/contrib.city\/wp-content\/uploads\/2020\/01\/cropped-Parlons-de-nos-lieux-de-vie-2.jpg","width":1133,"height":218,"caption":"ContribCity"},"image":{"@id":"https:\/\/contrib.city\/#\/schema\/logo\/image\/"}},{"@type":"Person","@id":"https:\/\/contrib.city\/#\/schema\/person\/ec389c5a78a37ccaee4e8ce098099db5","name":"Bertrand de Foucauld","image":{"@type":"ImageObject","inLanguage":"fr-FR","@id":"https:\/\/secure.gravatar.com\/avatar\/c49e25550e4609092f7a00fb677a980813788778df987b36cad9b0fc85a8bf73?s=96&d=mm&r=g","url":"https:\/\/secure.gravatar.com\/avatar\/c49e25550e4609092f7a00fb677a980813788778df987b36cad9b0fc85a8bf73?s=96&d=mm&r=g","contentUrl":"https:\/\/secure.gravatar.com\/avatar\/c49e25550e4609092f7a00fb677a980813788778df987b36cad9b0fc85a8bf73?s=96&d=mm&r=g","caption":"Bertrand de Foucauld"},"url":"https:\/\/contrib.city\/index.php\/author\/bertrand\/"}]}},"jetpack_featured_media_url":"https:\/\/contrib.city\/wp-content\/uploads\/2021\/03\/CC-avec-loupe-2.jpg","jetpack_sharing_enabled":true,"post_mailing_queue_ids":[],"_links":{"self":[{"href":"https:\/\/contrib.city\/index.php\/wp-json\/wp\/v2\/posts\/9306","targetHints":{"allow":["GET"]}}],"collection":[{"href":"https:\/\/contrib.city\/index.php\/wp-json\/wp\/v2\/posts"}],"about":[{"href":"https:\/\/contrib.city\/index.php\/wp-json\/wp\/v2\/types\/post"}],"author":[{"embeddable":true,"href":"https:\/\/contrib.city\/index.php\/wp-json\/wp\/v2\/users\/1"}],"replies":[{"embeddable":true,"href":"https:\/\/contrib.city\/index.php\/wp-json\/wp\/v2\/comments?post=9306"}],"version-history":[{"count":8,"href":"https:\/\/contrib.city\/index.php\/wp-json\/wp\/v2\/posts\/9306\/revisions"}],"predecessor-version":[{"id":9314,"href":"https:\/\/contrib.city\/index.php\/wp-json\/wp\/v2\/posts\/9306\/revisions\/9314"}],"wp:featuredmedia":[{"embeddable":true,"href":"https:\/\/contrib.city\/index.php\/wp-json\/wp\/v2\/media\/7248"}],"wp:attachment":[{"href":"https:\/\/contrib.city\/index.php\/wp-json\/wp\/v2\/media?parent=9306"}],"wp:term":[{"taxonomy":"category","embeddable":true,"href":"https:\/\/contrib.city\/index.php\/wp-json\/wp\/v2\/categories?post=9306"},{"taxonomy":"post_tag","embeddable":true,"href":"https:\/\/contrib.city\/index.php\/wp-json\/wp\/v2\/tags?post=9306"}],"curies":[{"name":"wp","href":"https:\/\/api.w.org\/{rel}","templated":true}]}}